{"id":215777,"date":"2026-04-26T19:18:56","date_gmt":"2026-04-26T23:18:56","guid":{"rendered":"https:\/\/potenciaradiofonicadominicana.com\/portal\/?p=215777"},"modified":"2026-04-26T19:18:56","modified_gmt":"2026-04-26T23:18:56","slug":"alexa-grasso-llegara-este-miercoles-a-la-republica-dominicana","status":"publish","type":"post","link":"https:\/\/potenciaradiofonicadominicana.com\/portal\/alexa-grasso-llegara-este-miercoles-a-la-republica-dominicana\/","title":{"rendered":"Alexa Grasso llegar\u00e1 este mi\u00e9rcoles a la Rep\u00fablica Dominicana"},"content":{"rendered":"<p><a href=\"https:\/\/potenciaradiofonicadominicana.com\/portal\/wp-content\/uploads\/2026\/04\/3c83cdf23c0b10cb7c538e69a68d7cda.jpg\"><img loading=\"lazy\" decoding=\"async\" class=\"alignnone size-full wp-image-215778\" src=\"https:\/\/potenciaradiofonicadominicana.com\/portal\/wp-content\/uploads\/2026\/04\/3c83cdf23c0b10cb7c538e69a68d7cda.jpg\" alt=\"\" width=\"1200\" height=\"800\" srcset=\"https:\/\/potenciaradiofonicadominicana.com\/portal\/wp-content\/uploads\/2026\/04\/3c83cdf23c0b10cb7c538e69a68d7cda.jpg 1200w, https:\/\/potenciaradiofonicadominicana.com\/portal\/wp-content\/uploads\/2026\/04\/3c83cdf23c0b10cb7c538e69a68d7cda-300x200.jpg 300w, https:\/\/potenciaradiofonicadominicana.com\/portal\/wp-content\/uploads\/2026\/04\/3c83cdf23c0b10cb7c538e69a68d7cda-1024x683.jpg 1024w, https:\/\/potenciaradiofonicadominicana.com\/portal\/wp-content\/uploads\/2026\/04\/3c83cdf23c0b10cb7c538e69a68d7cda-768x512.jpg 768w\" sizes=\"auto, (max-width: 1200px) 100vw, 1200px\" \/><\/a><\/p>\n<p>La reconocida campeona de artes marciales mixtas, Alexa Grasso, llegar\u00e1 a la Rep\u00fablica Dominicana, en una agenda que promete captar la atenci\u00f3n p\u00fablica.<\/p>\n<p>\u200bLa destacada atleta mexicana, figura estelar de la Ultimate Fighting Championship (UFC), arribar\u00e1 al pa\u00eds por invitaci\u00f3n del abogado Julio Cury, quien ha impulsado este encuentro como una oportunidad para fomentar el intercambio deportivo y cultural.<\/p>\n<p>\u200bLa presencia de Grasso en suelo dominicano no solo constituye un acontecimiento relevante para los aficionados a los deportes de combate, sino que tambi\u00e9n funge como una plataforma para fortalecer la proyecci\u00f3n internacional de la Rep\u00fablica Dominicana como destino predilecto para personalidades de \u00e9lite.<\/p>\n<p>\u200bDurante su estad\u00eda, la campeona participar\u00e1 en diversos meet &amp; greet con sus seguidores y ofrecer\u00e1 una cl\u00ednica t\u00e9cnica de artes marciales junto a Jordan Valdinocci en el Centro Ol\u00edmpico. Asimismo, compartir\u00e1 su trayectoria y visi\u00f3n de vida a trav\u00e9s de una charla motivacional en el Liceo Salom\u00e9 Ure\u00f1a de Capotillo, reafirmando su compromiso con el impacto social positivo a trav\u00e9s del deporte.<\/p>\n<p>Por igual, se reunir\u00e1 con autoridades de la naci\u00f3n. \u200bEste importante evento, que cuenta con el auspicio del Ministerio de Turismo (MITUR), posiciona una vez m\u00e1s al pa\u00eds en el radar de las grandes personalidades del deporte mundial, reafirmando su atractivo como escenario de eventos de alto perfil.<\/p>\n<p>&nbsp;<\/p>\n","protected":false},"excerpt":{"rendered":"<p>La reconocida campeona de artes marciales mixtas, Alexa Grasso, llegar\u00e1 a la Rep\u00fablica Dominicana, en una agenda que promete captar &#8230;<\/p>\n","protected":false},"author":2,"featured_media":215778,"comment_status":"closed","ping_status":"closed","sticky":false,"template":"","format":"standard","meta":{"footnotes":""},"categories":[28],"tags":[],"class_list":["post-215777","post","type-post","status-publish","format-standard","has-post-thumbnail","hentry","category-deportes"],"yoast_head":"<!-- This site is optimized with the Yoast SEO plugin v24.8.1 - https:\/\/yoast.com\/wordpress\/plugins\/seo\/ -->\n<title>Alexa Grasso llegar\u00e1 este mi\u00e9rcoles a la Rep\u00fablica Dominicana - PotenciaRadiofonicaDominicana.com<\/title>\n<meta name=\"robots\" content=\"index, follow, max-snippet:-1, max-image-preview:large, max-video-preview:-1\" \/>\n<link rel=\"canonical\" href=\"https:\/\/potenciaradiofonicadominicana.com\/portal\/alexa-grasso-llegara-este-miercoles-a-la-republica-dominicana\/\" \/>\n<meta property=\"og:locale\" content=\"es_ES\" \/>\n<meta property=\"og:type\" content=\"article\" \/>\n<meta property=\"og:title\" content=\"Alexa Grasso llegar\u00e1 este mi\u00e9rcoles a la Rep\u00fablica Dominicana - PotenciaRadiofonicaDominicana.com\" \/>\n<meta property=\"og:description\" content=\"La reconocida campeona de artes marciales mixtas, Alexa Grasso, llegar\u00e1 a la Rep\u00fablica Dominicana, en una agenda que promete captar ...\" \/>\n<meta property=\"og:url\" content=\"https:\/\/potenciaradiofonicadominicana.com\/portal\/alexa-grasso-llegara-este-miercoles-a-la-republica-dominicana\/\" \/>\n<meta property=\"og:site_name\" content=\"PotenciaRadiofonicaDominicana.com\" \/>\n<meta property=\"article:publisher\" content=\"https:\/\/web.facebook.com\/PotenciaRadiofonicaD\" \/>\n<meta property=\"article:published_time\" content=\"2026-04-26T23:18:56+00:00\" \/>\n<meta property=\"og:image\" content=\"https:\/\/potenciaradiofonicadominicana.com\/portal\/wp-content\/uploads\/2026\/04\/3c83cdf23c0b10cb7c538e69a68d7cda.jpg\" \/>\n\t<meta property=\"og:image:width\" content=\"1200\" \/>\n\t<meta property=\"og:image:height\" content=\"800\" \/>\n\t<meta property=\"og:image:type\" content=\"image\/jpeg\" \/>\n<meta name=\"author\" content=\"Potencia Radiof\u00f3nica Dominicana\" \/>\n<meta name=\"twitter:card\" content=\"summary_large_image\" \/>\n<meta name=\"twitter:label1\" content=\"Escrito por\" \/>\n\t<meta name=\"twitter:data1\" content=\"Potencia Radiof\u00f3nica Dominicana\" \/>\n\t<meta name=\"twitter:label2\" content=\"Tiempo de lectura\" \/>\n\t<meta name=\"twitter:data2\" content=\"2 minutos\" \/>\n<script type=\"application\/ld+json\" class=\"yoast-schema-graph\">{\"@context\":\"https:\/\/schema.org\",\"@graph\":[{\"@type\":\"Article\",\"@id\":\"https:\/\/potenciaradiofonicadominicana.com\/portal\/alexa-grasso-llegara-este-miercoles-a-la-republica-dominicana\/#article\",\"isPartOf\":{\"@id\":\"https:\/\/potenciaradiofonicadominicana.com\/portal\/alexa-grasso-llegara-este-miercoles-a-la-republica-dominicana\/\"},\"author\":{\"name\":\"Potencia Radiof\u00f3nica Dominicana\",\"@id\":\"https:\/\/potenciaradiofonicadominicana.com\/portal\/#\/schema\/person\/a5cf1fea13877803ee0573ac18b03490\"},\"headline\":\"Alexa Grasso llegar\u00e1 este mi\u00e9rcoles a la Rep\u00fablica Dominicana\",\"datePublished\":\"2026-04-26T23:18:56+00:00\",\"mainEntityOfPage\":{\"@id\":\"https:\/\/potenciaradiofonicadominicana.com\/portal\/alexa-grasso-llegara-este-miercoles-a-la-republica-dominicana\/\"},\"wordCount\":245,\"publisher\":{\"@id\":\"https:\/\/potenciaradiofonicadominicana.com\/portal\/#organization\"},\"image\":{\"@id\":\"https:\/\/potenciaradiofonicadominicana.com\/portal\/alexa-grasso-llegara-este-miercoles-a-la-republica-dominicana\/#primaryimage\"},\"thumbnailUrl\":\"https:\/\/potenciaradiofonicadominicana.com\/portal\/wp-content\/uploads\/2026\/04\/3c83cdf23c0b10cb7c538e69a68d7cda.jpg\",\"articleSection\":[\"Deportes\"],\"inLanguage\":\"es\"},{\"@type\":\"WebPage\",\"@id\":\"https:\/\/potenciaradiofonicadominicana.com\/portal\/alexa-grasso-llegara-este-miercoles-a-la-republica-dominicana\/\",\"url\":\"https:\/\/potenciaradiofonicadominicana.com\/portal\/alexa-grasso-llegara-este-miercoles-a-la-republica-dominicana\/\",\"name\":\"Alexa Grasso llegar\u00e1 este mi\u00e9rcoles a la Rep\u00fablica Dominicana - PotenciaRadiofonicaDominicana.com\",\"isPartOf\":{\"@id\":\"https:\/\/potenciaradiofonicadominicana.com\/portal\/#website\"},\"primaryImageOfPage\":{\"@id\":\"https:\/\/potenciaradiofonicadominicana.com\/portal\/alexa-grasso-llegara-este-miercoles-a-la-republica-dominicana\/#primaryimage\"},\"image\":{\"@id\":\"https:\/\/potenciaradiofonicadominicana.com\/portal\/alexa-grasso-llegara-este-miercoles-a-la-republica-dominicana\/#primaryimage\"},\"thumbnailUrl\":\"https:\/\/potenciaradiofonicadominicana.com\/portal\/wp-content\/uploads\/2026\/04\/3c83cdf23c0b10cb7c538e69a68d7cda.jpg\",\"datePublished\":\"2026-04-26T23:18:56+00:00\",\"breadcrumb\":{\"@id\":\"https:\/\/potenciaradiofonicadominicana.com\/portal\/alexa-grasso-llegara-este-miercoles-a-la-republica-dominicana\/#breadcrumb\"},\"inLanguage\":\"es\",\"potentialAction\":[{\"@type\":\"ReadAction\",\"target\":[\"https:\/\/potenciaradiofonicadominicana.com\/portal\/alexa-grasso-llegara-este-miercoles-a-la-republica-dominicana\/\"]}]},{\"@type\":\"ImageObject\",\"inLanguage\":\"es\",\"@id\":\"https:\/\/potenciaradiofonicadominicana.com\/portal\/alexa-grasso-llegara-este-miercoles-a-la-republica-dominicana\/#primaryimage\",\"url\":\"https:\/\/potenciaradiofonicadominicana.com\/portal\/wp-content\/uploads\/2026\/04\/3c83cdf23c0b10cb7c538e69a68d7cda.jpg\",\"contentUrl\":\"https:\/\/potenciaradiofonicadominicana.com\/portal\/wp-content\/uploads\/2026\/04\/3c83cdf23c0b10cb7c538e69a68d7cda.jpg\",\"width\":1200,\"height\":800},{\"@type\":\"BreadcrumbList\",\"@id\":\"https:\/\/potenciaradiofonicadominicana.com\/portal\/alexa-grasso-llegara-este-miercoles-a-la-republica-dominicana\/#breadcrumb\",\"itemListElement\":[{\"@type\":\"ListItem\",\"position\":1,\"name\":\"Portada\",\"item\":\"https:\/\/potenciaradiofonicadominicana.com\/portal\/\"},{\"@type\":\"ListItem\",\"position\":2,\"name\":\"Alexa Grasso llegar\u00e1 este mi\u00e9rcoles a la Rep\u00fablica Dominicana\"}]},{\"@type\":\"WebSite\",\"@id\":\"https:\/\/potenciaradiofonicadominicana.com\/portal\/#website\",\"url\":\"https:\/\/potenciaradiofonicadominicana.com\/portal\/\",\"name\":\"PotenciaRadiofonicaDominicana.com\",\"description\":\"Peri\u00f3dico Digital\",\"publisher\":{\"@id\":\"https:\/\/potenciaradiofonicadominicana.com\/portal\/#organization\"},\"potentialAction\":[{\"@type\":\"SearchAction\",\"target\":{\"@type\":\"EntryPoint\",\"urlTemplate\":\"https:\/\/potenciaradiofonicadominicana.com\/portal\/?s={search_term_string}\"},\"query-input\":{\"@type\":\"PropertyValueSpecification\",\"valueRequired\":true,\"valueName\":\"search_term_string\"}}],\"inLanguage\":\"es\"},{\"@type\":\"Organization\",\"@id\":\"https:\/\/potenciaradiofonicadominicana.com\/portal\/#organization\",\"name\":\"PotenciaRadiofonicaDominicana.com\",\"url\":\"https:\/\/potenciaradiofonicadominicana.com\/portal\/\",\"logo\":{\"@type\":\"ImageObject\",\"inLanguage\":\"es\",\"@id\":\"https:\/\/potenciaradiofonicadominicana.com\/portal\/#\/schema\/logo\/image\/\",\"url\":\"https:\/\/potenciaradiofonicadominicana.com\/portal\/wp-content\/uploads\/2022\/01\/descarga.png\",\"contentUrl\":\"https:\/\/potenciaradiofonicadominicana.com\/portal\/wp-content\/uploads\/2022\/01\/descarga.png\",\"width\":300,\"height\":100,\"caption\":\"PotenciaRadiofonicaDominicana.com\"},\"image\":{\"@id\":\"https:\/\/potenciaradiofonicadominicana.com\/portal\/#\/schema\/logo\/image\/\"},\"sameAs\":[\"https:\/\/web.facebook.com\/PotenciaRadiofonicaD\"]},{\"@type\":\"Person\",\"@id\":\"https:\/\/potenciaradiofonicadominicana.com\/portal\/#\/schema\/person\/a5cf1fea13877803ee0573ac18b03490\",\"name\":\"Potencia Radiof\u00f3nica Dominicana\",\"image\":{\"@type\":\"ImageObject\",\"inLanguage\":\"es\",\"@id\":\"https:\/\/potenciaradiofonicadominicana.com\/portal\/#\/schema\/person\/image\/\",\"url\":\"https:\/\/secure.gravatar.com\/avatar\/42a55ab9e8ccc656ba34cd791990602a?s=96&d=mm&r=g\",\"contentUrl\":\"https:\/\/secure.gravatar.com\/avatar\/42a55ab9e8ccc656ba34cd791990602a?s=96&d=mm&r=g\",\"caption\":\"Potencia Radiof\u00f3nica Dominicana\"},\"url\":\"https:\/\/potenciaradiofonicadominicana.com\/portal\/author\/johannyalmanzar\/\"}]}<\/script>\n<!-- \/ Yoast SEO plugin. -->","yoast_head_json":{"title":"Alexa Grasso llegar\u00e1 este mi\u00e9rcoles a la Rep\u00fablica Dominicana - PotenciaRadiofonicaDominicana.com","robots":{"index":"index","follow":"follow","max-snippet":"max-snippet:-1","max-image-preview":"max-image-preview:large","max-video-preview":"max-video-preview:-1"},"canonical":"https:\/\/potenciaradiofonicadominicana.com\/portal\/alexa-grasso-llegara-este-miercoles-a-la-republica-dominicana\/","og_locale":"es_ES","og_type":"article","og_title":"Alexa Grasso llegar\u00e1 este mi\u00e9rcoles a la Rep\u00fablica Dominicana - PotenciaRadiofonicaDominicana.com","og_description":"La reconocida campeona de artes marciales mixtas, Alexa Grasso, llegar\u00e1 a la Rep\u00fablica Dominicana, en una agenda que promete captar ...","og_url":"https:\/\/potenciaradiofonicadominicana.com\/portal\/alexa-grasso-llegara-este-miercoles-a-la-republica-dominicana\/","og_site_name":"PotenciaRadiofonicaDominicana.com","article_publisher":"https:\/\/web.facebook.com\/PotenciaRadiofonicaD","article_published_time":"2026-04-26T23:18:56+00:00","og_image":[{"width":1200,"height":800,"url":"https:\/\/potenciaradiofonicadominicana.com\/portal\/wp-content\/uploads\/2026\/04\/3c83cdf23c0b10cb7c538e69a68d7cda.jpg","type":"image\/jpeg"}],"author":"Potencia Radiof\u00f3nica Dominicana","twitter_card":"summary_large_image","twitter_misc":{"Escrito por":"Potencia Radiof\u00f3nica Dominicana","Tiempo de lectura":"2 minutos"},"schema":{"@context":"https:\/\/schema.org","@graph":[{"@type":"Article","@id":"https:\/\/potenciaradiofonicadominicana.com\/portal\/alexa-grasso-llegara-este-miercoles-a-la-republica-dominicana\/#article","isPartOf":{"@id":"https:\/\/potenciaradiofonicadominicana.com\/portal\/alexa-grasso-llegara-este-miercoles-a-la-republica-dominicana\/"},"author":{"name":"Potencia Radiof\u00f3nica Dominicana","@id":"https:\/\/potenciaradiofonicadominicana.com\/portal\/#\/schema\/person\/a5cf1fea13877803ee0573ac18b03490"},"headline":"Alexa Grasso llegar\u00e1 este mi\u00e9rcoles a la Rep\u00fablica Dominicana","datePublished":"2026-04-26T23:18:56+00:00","mainEntityOfPage":{"@id":"https:\/\/potenciaradiofonicadominicana.com\/portal\/alexa-grasso-llegara-este-miercoles-a-la-republica-dominicana\/"},"wordCount":245,"publisher":{"@id":"https:\/\/potenciaradiofonicadominicana.com\/portal\/#organization"},"image":{"@id":"https:\/\/potenciaradiofonicadominicana.com\/portal\/alexa-grasso-llegara-este-miercoles-a-la-republica-dominicana\/#primaryimage"},"thumbnailUrl":"https:\/\/potenciaradiofonicadominicana.com\/portal\/wp-content\/uploads\/2026\/04\/3c83cdf23c0b10cb7c538e69a68d7cda.jpg","articleSection":["Deportes"],"inLanguage":"es"},{"@type":"WebPage","@id":"https:\/\/potenciaradiofonicadominicana.com\/portal\/alexa-grasso-llegara-este-miercoles-a-la-republica-dominicana\/","url":"https:\/\/potenciaradiofonicadominicana.com\/portal\/alexa-grasso-llegara-este-miercoles-a-la-republica-dominicana\/","name":"Alexa Grasso llegar\u00e1 este mi\u00e9rcoles a la Rep\u00fablica Dominicana - PotenciaRadiofonicaDominicana.com","isPartOf":{"@id":"https:\/\/potenciaradiofonicadominicana.com\/portal\/#website"},"primaryImageOfPage":{"@id":"https:\/\/potenciaradiofonicadominicana.com\/portal\/alexa-grasso-llegara-este-miercoles-a-la-republica-dominicana\/#primaryimage"},"image":{"@id":"https:\/\/potenciaradiofonicadominicana.com\/portal\/alexa-grasso-llegara-este-miercoles-a-la-republica-dominicana\/#primaryimage"},"thumbnailUrl":"https:\/\/potenciaradiofonicadominicana.com\/portal\/wp-content\/uploads\/2026\/04\/3c83cdf23c0b10cb7c538e69a68d7cda.jpg","datePublished":"2026-04-26T23:18:56+00:00","breadcrumb":{"@id":"https:\/\/potenciaradiofonicadominicana.com\/portal\/alexa-grasso-llegara-este-miercoles-a-la-republica-dominicana\/#breadcrumb"},"inLanguage":"es","potentialAction":[{"@type":"ReadAction","target":["https:\/\/potenciaradiofonicadominicana.com\/portal\/alexa-grasso-llegara-este-miercoles-a-la-republica-dominicana\/"]}]},{"@type":"ImageObject","inLanguage":"es","@id":"https:\/\/potenciaradiofonicadominicana.com\/portal\/alexa-grasso-llegara-este-miercoles-a-la-republica-dominicana\/#primaryimage","url":"https:\/\/potenciaradiofonicadominicana.com\/portal\/wp-content\/uploads\/2026\/04\/3c83cdf23c0b10cb7c538e69a68d7cda.jpg","contentUrl":"https:\/\/potenciaradiofonicadominicana.com\/portal\/wp-content\/uploads\/2026\/04\/3c83cdf23c0b10cb7c538e69a68d7cda.jpg","width":1200,"height":800},{"@type":"BreadcrumbList","@id":"https:\/\/potenciaradiofonicadominicana.com\/portal\/alexa-grasso-llegara-este-miercoles-a-la-republica-dominicana\/#breadcrumb","itemListElement":[{"@type":"ListItem","position":1,"name":"Portada","item":"https:\/\/potenciaradiofonicadominicana.com\/portal\/"},{"@type":"ListItem","position":2,"name":"Alexa Grasso llegar\u00e1 este mi\u00e9rcoles a la Rep\u00fablica Dominicana"}]},{"@type":"WebSite","@id":"https:\/\/potenciaradiofonicadominicana.com\/portal\/#website","url":"https:\/\/potenciaradiofonicadominicana.com\/portal\/","name":"PotenciaRadiofonicaDominicana.com","description":"Peri\u00f3dico Digital","publisher":{"@id":"https:\/\/potenciaradiofonicadominicana.com\/portal\/#organization"},"potentialAction":[{"@type":"SearchAction","target":{"@type":"EntryPoint","urlTemplate":"https:\/\/potenciaradiofonicadominicana.com\/portal\/?s={search_term_string}"},"query-input":{"@type":"PropertyValueSpecification","valueRequired":true,"valueName":"search_term_string"}}],"inLanguage":"es"},{"@type":"Organization","@id":"https:\/\/potenciaradiofonicadominicana.com\/portal\/#organization","name":"PotenciaRadiofonicaDominicana.com","url":"https:\/\/potenciaradiofonicadominicana.com\/portal\/","logo":{"@type":"ImageObject","inLanguage":"es","@id":"https:\/\/potenciaradiofonicadominicana.com\/portal\/#\/schema\/logo\/image\/","url":"https:\/\/potenciaradiofonicadominicana.com\/portal\/wp-content\/uploads\/2022\/01\/descarga.png","contentUrl":"https:\/\/potenciaradiofonicadominicana.com\/portal\/wp-content\/uploads\/2022\/01\/descarga.png","width":300,"height":100,"caption":"PotenciaRadiofonicaDominicana.com"},"image":{"@id":"https:\/\/potenciaradiofonicadominicana.com\/portal\/#\/schema\/logo\/image\/"},"sameAs":["https:\/\/web.facebook.com\/PotenciaRadiofonicaD"]},{"@type":"Person","@id":"https:\/\/potenciaradiofonicadominicana.com\/portal\/#\/schema\/person\/a5cf1fea13877803ee0573ac18b03490","name":"Potencia Radiof\u00f3nica Dominicana","image":{"@type":"ImageObject","inLanguage":"es","@id":"https:\/\/potenciaradiofonicadominicana.com\/portal\/#\/schema\/person\/image\/","url":"https:\/\/secure.gravatar.com\/avatar\/42a55ab9e8ccc656ba34cd791990602a?s=96&d=mm&r=g","contentUrl":"https:\/\/secure.gravatar.com\/avatar\/42a55ab9e8ccc656ba34cd791990602a?s=96&d=mm&r=g","caption":"Potencia Radiof\u00f3nica Dominicana"},"url":"https:\/\/potenciaradiofonicadominicana.com\/portal\/author\/johannyalmanzar\/"}]}},"_links":{"self":[{"href":"https:\/\/potenciaradiofonicadominicana.com\/portal\/wp-json\/wp\/v2\/posts\/215777","targetHints":{"allow":["GET"]}}],"collection":[{"href":"https:\/\/potenciaradiofonicadominicana.com\/portal\/wp-json\/wp\/v2\/posts"}],"about":[{"href":"https:\/\/potenciaradiofonicadominicana.com\/portal\/wp-json\/wp\/v2\/types\/post"}],"author":[{"embeddable":true,"href":"https:\/\/potenciaradiofonicadominicana.com\/portal\/wp-json\/wp\/v2\/users\/2"}],"replies":[{"embeddable":true,"href":"https:\/\/potenciaradiofonicadominicana.com\/portal\/wp-json\/wp\/v2\/comments?post=215777"}],"version-history":[{"count":1,"href":"https:\/\/potenciaradiofonicadominicana.com\/portal\/wp-json\/wp\/v2\/posts\/215777\/revisions"}],"predecessor-version":[{"id":215779,"href":"https:\/\/potenciaradiofonicadominicana.com\/portal\/wp-json\/wp\/v2\/posts\/215777\/revisions\/215779"}],"wp:featuredmedia":[{"embeddable":true,"href":"https:\/\/potenciaradiofonicadominicana.com\/portal\/wp-json\/wp\/v2\/media\/215778"}],"wp:attachment":[{"href":"https:\/\/potenciaradiofonicadominicana.com\/portal\/wp-json\/wp\/v2\/media?parent=215777"}],"wp:term":[{"taxonomy":"category","embeddable":true,"href":"https:\/\/potenciaradiofonicadominicana.com\/portal\/wp-json\/wp\/v2\/categories?post=215777"},{"taxonomy":"post_tag","embeddable":true,"href":"https:\/\/potenciaradiofonicadominicana.com\/portal\/wp-json\/wp\/v2\/tags?post=215777"}],"curies":[{"name":"wp","href":"https:\/\/api.w.org\/{rel}","templated":true}]}}