{"id":215774,"date":"2026-04-26T19:17:19","date_gmt":"2026-04-26T23:17:19","guid":{"rendered":"https:\/\/potenciaradiofonicadominicana.com\/portal\/?p=215774"},"modified":"2026-04-26T19:17:19","modified_gmt":"2026-04-26T23:17:19","slug":"carlos-alcaraz-no-ira-a-roland-garros-por-sus-molestias-en-la-muneca-derecha","status":"publish","type":"post","link":"https:\/\/potenciaradiofonicadominicana.com\/portal\/carlos-alcaraz-no-ira-a-roland-garros-por-sus-molestias-en-la-muneca-derecha\/","title":{"rendered":"Carlos Alcaraz no ir\u00e1 a Roland Garros por sus molestias en la mu\u00f1eca derecha"},"content":{"rendered":"<p><a href=\"https:\/\/potenciaradiofonicadominicana.com\/portal\/wp-content\/uploads\/2026\/04\/image-b5640ef5-7bb1-45a6-8b6f-9f6ca8d10920-85-2560-1440.jpeg\"><img loading=\"lazy\" decoding=\"async\" class=\"alignnone size-full wp-image-215775\" src=\"https:\/\/potenciaradiofonicadominicana.com\/portal\/wp-content\/uploads\/2026\/04\/image-b5640ef5-7bb1-45a6-8b6f-9f6ca8d10920-85-2560-1440.jpeg\" alt=\"\" width=\"2400\" height=\"1260\" srcset=\"https:\/\/potenciaradiofonicadominicana.com\/portal\/wp-content\/uploads\/2026\/04\/image-b5640ef5-7bb1-45a6-8b6f-9f6ca8d10920-85-2560-1440.jpeg 2400w, https:\/\/potenciaradiofonicadominicana.com\/portal\/wp-content\/uploads\/2026\/04\/image-b5640ef5-7bb1-45a6-8b6f-9f6ca8d10920-85-2560-1440-300x158.jpeg 300w, https:\/\/potenciaradiofonicadominicana.com\/portal\/wp-content\/uploads\/2026\/04\/image-b5640ef5-7bb1-45a6-8b6f-9f6ca8d10920-85-2560-1440-1024x538.jpeg 1024w, https:\/\/potenciaradiofonicadominicana.com\/portal\/wp-content\/uploads\/2026\/04\/image-b5640ef5-7bb1-45a6-8b6f-9f6ca8d10920-85-2560-1440-768x403.jpeg 768w, https:\/\/potenciaradiofonicadominicana.com\/portal\/wp-content\/uploads\/2026\/04\/image-b5640ef5-7bb1-45a6-8b6f-9f6ca8d10920-85-2560-1440-1536x806.jpeg 1536w, https:\/\/potenciaradiofonicadominicana.com\/portal\/wp-content\/uploads\/2026\/04\/image-b5640ef5-7bb1-45a6-8b6f-9f6ca8d10920-85-2560-1440-2048x1075.jpeg 2048w\" sizes=\"auto, (max-width: 2400px) 100vw, 2400px\" \/><\/a><\/p>\n<p class=\"paragraph\">El tenista espa\u00f1ol\u00a0<b>Carlos Alcaraz<\/b>\u00a0anunci\u00f3 que no disputar\u00e1 los torneos de\u00a0<b>Roma y Roland Garros<\/b>, en los que defend\u00eda el t\u00edtulo, a causa de las molestias que arrastra en la mu\u00f1eca derecha desde su participaci\u00f3n en el torneo Conde de God\u00f3 de Barcelona.<\/p>\n<p class=\"paragraph\">\u00abDespu\u00e9s de los resultados de las pruebas realizadas hoy, hemos decidido que lo m\u00e1s prudente es ser cautos y no participar en Roma y Roland Garros, a la espera de valorar la evoluci\u00f3n para decidir cu\u00e1ndo volveremos a la pista\u00bb, public\u00f3 en sus redes sociales.<\/p>\n<p class=\"paragraph\">El murciano ya hab\u00eda dejado en el aire su participaci\u00f3n en el Grand Slam parisino durante su aparici\u00f3n en Madrid en los\u00a0<b>Premios Laureus<\/b>\u00a0este lunes, en la que anunci\u00f3 que las siguientes pruebas ser\u00edan \u00abcruciales\u00bb para valorar el alcance de su lesi\u00f3n.<\/p>\n<p class=\"paragraph\">El tenista espa\u00f1ol sinti\u00f3 molestias en la mu\u00f1eca derecha durante su debut en el torneo de Barcelona contra<b>\u00a0Otto Virtanen<\/b>\u00a0el pasado 14 de abril. Aunque gan\u00f3 el encuentro, se retir\u00f3 antes de disputar la siguiente ronda, los octavos de final.<\/p>\n<p class=\"paragraph\"><b>Alcaraz: Madrid es casa, por eso me duele no poder jugar aqu\u00ed<\/b><\/p>\n<p class=\"paragraph\">Su presencia estaba anunciada en el torneo de Madrid, pero finalmente ya debi\u00f3 comunicar que no pod\u00eda participar. \u00abHay noticias que cuesta much\u00edsimo dar. Madrid es casa, uno de los lugares m\u00e1s especiales del calendario para m\u00ed, y por eso me duele tanto no poder jugar aqu\u00ed por segundo a\u00f1o consecutivo. Me duele especialmente no poder estar delante de mi gente\u00bb, escribi\u00f3 entonces.<\/p>\n<p class=\"paragraph\">Alcaraz perder\u00e1 los 2.000 puntos ATP que defend\u00eda por ser el vigente campe\u00f3n de Roland Garros y despeja el camino para el italiano\u00a0<b>Jannik Sinner<\/b>, actual n\u00famero uno del mundo. Tambi\u00e9n defend\u00eda los 1.000 puntos correspondientes al Masters de Roma, el que se impuso en la final de 2025, de igual modo contra Sinner.<\/p>\n","protected":false},"excerpt":{"rendered":"<p>El tenista espa\u00f1ol\u00a0Carlos Alcaraz\u00a0anunci\u00f3 que no disputar\u00e1 los torneos de\u00a0Roma y Roland Garros, en los que defend\u00eda el t\u00edtulo, a &#8230;<\/p>\n","protected":false},"author":2,"featured_media":215775,"comment_status":"closed","ping_status":"closed","sticky":false,"template":"","format":"standard","meta":{"footnotes":""},"categories":[28],"tags":[],"class_list":["post-215774","post","type-post","status-publish","format-standard","has-post-thumbnail","hentry","category-deportes"],"yoast_head":"<!-- This site is optimized with the Yoast SEO plugin v24.8.1 - https:\/\/yoast.com\/wordpress\/plugins\/seo\/ -->\n<title>Carlos Alcaraz no ir\u00e1 a Roland Garros por sus molestias en la mu\u00f1eca derecha - PotenciaRadiofonicaDominicana.com<\/title>\n<meta name=\"robots\" content=\"index, follow, max-snippet:-1, max-image-preview:large, max-video-preview:-1\" \/>\n<link rel=\"canonical\" href=\"https:\/\/potenciaradiofonicadominicana.com\/portal\/carlos-alcaraz-no-ira-a-roland-garros-por-sus-molestias-en-la-muneca-derecha\/\" \/>\n<meta property=\"og:locale\" content=\"es_ES\" \/>\n<meta property=\"og:type\" content=\"article\" \/>\n<meta property=\"og:title\" content=\"Carlos Alcaraz no ir\u00e1 a Roland Garros por sus molestias en la mu\u00f1eca derecha - PotenciaRadiofonicaDominicana.com\" \/>\n<meta property=\"og:description\" content=\"El tenista espa\u00f1ol\u00a0Carlos Alcaraz\u00a0anunci\u00f3 que no disputar\u00e1 los torneos de\u00a0Roma y Roland Garros, en los que defend\u00eda el t\u00edtulo, a ...\" \/>\n<meta property=\"og:url\" content=\"https:\/\/potenciaradiofonicadominicana.com\/portal\/carlos-alcaraz-no-ira-a-roland-garros-por-sus-molestias-en-la-muneca-derecha\/\" \/>\n<meta property=\"og:site_name\" content=\"PotenciaRadiofonicaDominicana.com\" \/>\n<meta property=\"article:publisher\" content=\"https:\/\/web.facebook.com\/PotenciaRadiofonicaD\" \/>\n<meta property=\"article:published_time\" content=\"2026-04-26T23:17:19+00:00\" \/>\n<meta property=\"og:image\" content=\"https:\/\/potenciaradiofonicadominicana.com\/portal\/wp-content\/uploads\/2026\/04\/image-b5640ef5-7bb1-45a6-8b6f-9f6ca8d10920-85-2560-1440.jpeg\" \/>\n\t<meta property=\"og:image:width\" content=\"2400\" \/>\n\t<meta property=\"og:image:height\" content=\"1260\" \/>\n\t<meta property=\"og:image:type\" content=\"image\/jpeg\" \/>\n<meta name=\"author\" content=\"Potencia Radiof\u00f3nica Dominicana\" \/>\n<meta name=\"twitter:card\" content=\"summary_large_image\" \/>\n<meta name=\"twitter:label1\" content=\"Escrito por\" \/>\n\t<meta name=\"twitter:data1\" content=\"Potencia Radiof\u00f3nica Dominicana\" \/>\n\t<meta name=\"twitter:label2\" content=\"Tiempo de lectura\" \/>\n\t<meta name=\"twitter:data2\" content=\"2 minutos\" \/>\n<script type=\"application\/ld+json\" class=\"yoast-schema-graph\">{\"@context\":\"https:\/\/schema.org\",\"@graph\":[{\"@type\":\"Article\",\"@id\":\"https:\/\/potenciaradiofonicadominicana.com\/portal\/carlos-alcaraz-no-ira-a-roland-garros-por-sus-molestias-en-la-muneca-derecha\/#article\",\"isPartOf\":{\"@id\":\"https:\/\/potenciaradiofonicadominicana.com\/portal\/carlos-alcaraz-no-ira-a-roland-garros-por-sus-molestias-en-la-muneca-derecha\/\"},\"author\":{\"name\":\"Potencia Radiof\u00f3nica Dominicana\",\"@id\":\"https:\/\/potenciaradiofonicadominicana.com\/portal\/#\/schema\/person\/a5cf1fea13877803ee0573ac18b03490\"},\"headline\":\"Carlos Alcaraz no ir\u00e1 a Roland Garros por sus molestias en la mu\u00f1eca derecha\",\"datePublished\":\"2026-04-26T23:17:19+00:00\",\"mainEntityOfPage\":{\"@id\":\"https:\/\/potenciaradiofonicadominicana.com\/portal\/carlos-alcaraz-no-ira-a-roland-garros-por-sus-molestias-en-la-muneca-derecha\/\"},\"wordCount\":338,\"publisher\":{\"@id\":\"https:\/\/potenciaradiofonicadominicana.com\/portal\/#organization\"},\"image\":{\"@id\":\"https:\/\/potenciaradiofonicadominicana.com\/portal\/carlos-alcaraz-no-ira-a-roland-garros-por-sus-molestias-en-la-muneca-derecha\/#primaryimage\"},\"thumbnailUrl\":\"https:\/\/potenciaradiofonicadominicana.com\/portal\/wp-content\/uploads\/2026\/04\/image-b5640ef5-7bb1-45a6-8b6f-9f6ca8d10920-85-2560-1440.jpeg\",\"articleSection\":[\"Deportes\"],\"inLanguage\":\"es\"},{\"@type\":\"WebPage\",\"@id\":\"https:\/\/potenciaradiofonicadominicana.com\/portal\/carlos-alcaraz-no-ira-a-roland-garros-por-sus-molestias-en-la-muneca-derecha\/\",\"url\":\"https:\/\/potenciaradiofonicadominicana.com\/portal\/carlos-alcaraz-no-ira-a-roland-garros-por-sus-molestias-en-la-muneca-derecha\/\",\"name\":\"Carlos Alcaraz no ir\u00e1 a Roland Garros por sus molestias en la mu\u00f1eca derecha - PotenciaRadiofonicaDominicana.com\",\"isPartOf\":{\"@id\":\"https:\/\/potenciaradiofonicadominicana.com\/portal\/#website\"},\"primaryImageOfPage\":{\"@id\":\"https:\/\/potenciaradiofonicadominicana.com\/portal\/carlos-alcaraz-no-ira-a-roland-garros-por-sus-molestias-en-la-muneca-derecha\/#primaryimage\"},\"image\":{\"@id\":\"https:\/\/potenciaradiofonicadominicana.com\/portal\/carlos-alcaraz-no-ira-a-roland-garros-por-sus-molestias-en-la-muneca-derecha\/#primaryimage\"},\"thumbnailUrl\":\"https:\/\/potenciaradiofonicadominicana.com\/portal\/wp-content\/uploads\/2026\/04\/image-b5640ef5-7bb1-45a6-8b6f-9f6ca8d10920-85-2560-1440.jpeg\",\"datePublished\":\"2026-04-26T23:17:19+00:00\",\"breadcrumb\":{\"@id\":\"https:\/\/potenciaradiofonicadominicana.com\/portal\/carlos-alcaraz-no-ira-a-roland-garros-por-sus-molestias-en-la-muneca-derecha\/#breadcrumb\"},\"inLanguage\":\"es\",\"potentialAction\":[{\"@type\":\"ReadAction\",\"target\":[\"https:\/\/potenciaradiofonicadominicana.com\/portal\/carlos-alcaraz-no-ira-a-roland-garros-por-sus-molestias-en-la-muneca-derecha\/\"]}]},{\"@type\":\"ImageObject\",\"inLanguage\":\"es\",\"@id\":\"https:\/\/potenciaradiofonicadominicana.com\/portal\/carlos-alcaraz-no-ira-a-roland-garros-por-sus-molestias-en-la-muneca-derecha\/#primaryimage\",\"url\":\"https:\/\/potenciaradiofonicadominicana.com\/portal\/wp-content\/uploads\/2026\/04\/image-b5640ef5-7bb1-45a6-8b6f-9f6ca8d10920-85-2560-1440.jpeg\",\"contentUrl\":\"https:\/\/potenciaradiofonicadominicana.com\/portal\/wp-content\/uploads\/2026\/04\/image-b5640ef5-7bb1-45a6-8b6f-9f6ca8d10920-85-2560-1440.jpeg\",\"width\":2400,\"height\":1260},{\"@type\":\"BreadcrumbList\",\"@id\":\"https:\/\/potenciaradiofonicadominicana.com\/portal\/carlos-alcaraz-no-ira-a-roland-garros-por-sus-molestias-en-la-muneca-derecha\/#breadcrumb\",\"itemListElement\":[{\"@type\":\"ListItem\",\"position\":1,\"name\":\"Portada\",\"item\":\"https:\/\/potenciaradiofonicadominicana.com\/portal\/\"},{\"@type\":\"ListItem\",\"position\":2,\"name\":\"Carlos Alcaraz no ir\u00e1 a Roland Garros por sus molestias en la mu\u00f1eca derecha\"}]},{\"@type\":\"WebSite\",\"@id\":\"https:\/\/potenciaradiofonicadominicana.com\/portal\/#website\",\"url\":\"https:\/\/potenciaradiofonicadominicana.com\/portal\/\",\"name\":\"PotenciaRadiofonicaDominicana.com\",\"description\":\"Peri\u00f3dico Digital\",\"publisher\":{\"@id\":\"https:\/\/potenciaradiofonicadominicana.com\/portal\/#organization\"},\"potentialAction\":[{\"@type\":\"SearchAction\",\"target\":{\"@type\":\"EntryPoint\",\"urlTemplate\":\"https:\/\/potenciaradiofonicadominicana.com\/portal\/?s={search_term_string}\"},\"query-input\":{\"@type\":\"PropertyValueSpecification\",\"valueRequired\":true,\"valueName\":\"search_term_string\"}}],\"inLanguage\":\"es\"},{\"@type\":\"Organization\",\"@id\":\"https:\/\/potenciaradiofonicadominicana.com\/portal\/#organization\",\"name\":\"PotenciaRadiofonicaDominicana.com\",\"url\":\"https:\/\/potenciaradiofonicadominicana.com\/portal\/\",\"logo\":{\"@type\":\"ImageObject\",\"inLanguage\":\"es\",\"@id\":\"https:\/\/potenciaradiofonicadominicana.com\/portal\/#\/schema\/logo\/image\/\",\"url\":\"https:\/\/potenciaradiofonicadominicana.com\/portal\/wp-content\/uploads\/2022\/01\/descarga.png\",\"contentUrl\":\"https:\/\/potenciaradiofonicadominicana.com\/portal\/wp-content\/uploads\/2022\/01\/descarga.png\",\"width\":300,\"height\":100,\"caption\":\"PotenciaRadiofonicaDominicana.com\"},\"image\":{\"@id\":\"https:\/\/potenciaradiofonicadominicana.com\/portal\/#\/schema\/logo\/image\/\"},\"sameAs\":[\"https:\/\/web.facebook.com\/PotenciaRadiofonicaD\"]},{\"@type\":\"Person\",\"@id\":\"https:\/\/potenciaradiofonicadominicana.com\/portal\/#\/schema\/person\/a5cf1fea13877803ee0573ac18b03490\",\"name\":\"Potencia Radiof\u00f3nica Dominicana\",\"image\":{\"@type\":\"ImageObject\",\"inLanguage\":\"es\",\"@id\":\"https:\/\/potenciaradiofonicadominicana.com\/portal\/#\/schema\/person\/image\/\",\"url\":\"https:\/\/secure.gravatar.com\/avatar\/42a55ab9e8ccc656ba34cd791990602a?s=96&d=mm&r=g\",\"contentUrl\":\"https:\/\/secure.gravatar.com\/avatar\/42a55ab9e8ccc656ba34cd791990602a?s=96&d=mm&r=g\",\"caption\":\"Potencia Radiof\u00f3nica Dominicana\"},\"url\":\"https:\/\/potenciaradiofonicadominicana.com\/portal\/author\/johannyalmanzar\/\"}]}<\/script>\n<!-- \/ Yoast SEO plugin. -->","yoast_head_json":{"title":"Carlos Alcaraz no ir\u00e1 a Roland Garros por sus molestias en la mu\u00f1eca derecha - PotenciaRadiofonicaDominicana.com","robots":{"index":"index","follow":"follow","max-snippet":"max-snippet:-1","max-image-preview":"max-image-preview:large","max-video-preview":"max-video-preview:-1"},"canonical":"https:\/\/potenciaradiofonicadominicana.com\/portal\/carlos-alcaraz-no-ira-a-roland-garros-por-sus-molestias-en-la-muneca-derecha\/","og_locale":"es_ES","og_type":"article","og_title":"Carlos Alcaraz no ir\u00e1 a Roland Garros por sus molestias en la mu\u00f1eca derecha - PotenciaRadiofonicaDominicana.com","og_description":"El tenista espa\u00f1ol\u00a0Carlos Alcaraz\u00a0anunci\u00f3 que no disputar\u00e1 los torneos de\u00a0Roma y Roland Garros, en los que defend\u00eda el t\u00edtulo, a ...","og_url":"https:\/\/potenciaradiofonicadominicana.com\/portal\/carlos-alcaraz-no-ira-a-roland-garros-por-sus-molestias-en-la-muneca-derecha\/","og_site_name":"PotenciaRadiofonicaDominicana.com","article_publisher":"https:\/\/web.facebook.com\/PotenciaRadiofonicaD","article_published_time":"2026-04-26T23:17:19+00:00","og_image":[{"width":2400,"height":1260,"url":"https:\/\/potenciaradiofonicadominicana.com\/portal\/wp-content\/uploads\/2026\/04\/image-b5640ef5-7bb1-45a6-8b6f-9f6ca8d10920-85-2560-1440.jpeg","type":"image\/jpeg"}],"author":"Potencia Radiof\u00f3nica Dominicana","twitter_card":"summary_large_image","twitter_misc":{"Escrito por":"Potencia Radiof\u00f3nica Dominicana","Tiempo de lectura":"2 minutos"},"schema":{"@context":"https:\/\/schema.org","@graph":[{"@type":"Article","@id":"https:\/\/potenciaradiofonicadominicana.com\/portal\/carlos-alcaraz-no-ira-a-roland-garros-por-sus-molestias-en-la-muneca-derecha\/#article","isPartOf":{"@id":"https:\/\/potenciaradiofonicadominicana.com\/portal\/carlos-alcaraz-no-ira-a-roland-garros-por-sus-molestias-en-la-muneca-derecha\/"},"author":{"name":"Potencia Radiof\u00f3nica Dominicana","@id":"https:\/\/potenciaradiofonicadominicana.com\/portal\/#\/schema\/person\/a5cf1fea13877803ee0573ac18b03490"},"headline":"Carlos Alcaraz no ir\u00e1 a Roland Garros por sus molestias en la mu\u00f1eca derecha","datePublished":"2026-04-26T23:17:19+00:00","mainEntityOfPage":{"@id":"https:\/\/potenciaradiofonicadominicana.com\/portal\/carlos-alcaraz-no-ira-a-roland-garros-por-sus-molestias-en-la-muneca-derecha\/"},"wordCount":338,"publisher":{"@id":"https:\/\/potenciaradiofonicadominicana.com\/portal\/#organization"},"image":{"@id":"https:\/\/potenciaradiofonicadominicana.com\/portal\/carlos-alcaraz-no-ira-a-roland-garros-por-sus-molestias-en-la-muneca-derecha\/#primaryimage"},"thumbnailUrl":"https:\/\/potenciaradiofonicadominicana.com\/portal\/wp-content\/uploads\/2026\/04\/image-b5640ef5-7bb1-45a6-8b6f-9f6ca8d10920-85-2560-1440.jpeg","articleSection":["Deportes"],"inLanguage":"es"},{"@type":"WebPage","@id":"https:\/\/potenciaradiofonicadominicana.com\/portal\/carlos-alcaraz-no-ira-a-roland-garros-por-sus-molestias-en-la-muneca-derecha\/","url":"https:\/\/potenciaradiofonicadominicana.com\/portal\/carlos-alcaraz-no-ira-a-roland-garros-por-sus-molestias-en-la-muneca-derecha\/","name":"Carlos Alcaraz no ir\u00e1 a Roland Garros por sus molestias en la mu\u00f1eca derecha - PotenciaRadiofonicaDominicana.com","isPartOf":{"@id":"https:\/\/potenciaradiofonicadominicana.com\/portal\/#website"},"primaryImageOfPage":{"@id":"https:\/\/potenciaradiofonicadominicana.com\/portal\/carlos-alcaraz-no-ira-a-roland-garros-por-sus-molestias-en-la-muneca-derecha\/#primaryimage"},"image":{"@id":"https:\/\/potenciaradiofonicadominicana.com\/portal\/carlos-alcaraz-no-ira-a-roland-garros-por-sus-molestias-en-la-muneca-derecha\/#primaryimage"},"thumbnailUrl":"https:\/\/potenciaradiofonicadominicana.com\/portal\/wp-content\/uploads\/2026\/04\/image-b5640ef5-7bb1-45a6-8b6f-9f6ca8d10920-85-2560-1440.jpeg","datePublished":"2026-04-26T23:17:19+00:00","breadcrumb":{"@id":"https:\/\/potenciaradiofonicadominicana.com\/portal\/carlos-alcaraz-no-ira-a-roland-garros-por-sus-molestias-en-la-muneca-derecha\/#breadcrumb"},"inLanguage":"es","potentialAction":[{"@type":"ReadAction","target":["https:\/\/potenciaradiofonicadominicana.com\/portal\/carlos-alcaraz-no-ira-a-roland-garros-por-sus-molestias-en-la-muneca-derecha\/"]}]},{"@type":"ImageObject","inLanguage":"es","@id":"https:\/\/potenciaradiofonicadominicana.com\/portal\/carlos-alcaraz-no-ira-a-roland-garros-por-sus-molestias-en-la-muneca-derecha\/#primaryimage","url":"https:\/\/potenciaradiofonicadominicana.com\/portal\/wp-content\/uploads\/2026\/04\/image-b5640ef5-7bb1-45a6-8b6f-9f6ca8d10920-85-2560-1440.jpeg","contentUrl":"https:\/\/potenciaradiofonicadominicana.com\/portal\/wp-content\/uploads\/2026\/04\/image-b5640ef5-7bb1-45a6-8b6f-9f6ca8d10920-85-2560-1440.jpeg","width":2400,"height":1260},{"@type":"BreadcrumbList","@id":"https:\/\/potenciaradiofonicadominicana.com\/portal\/carlos-alcaraz-no-ira-a-roland-garros-por-sus-molestias-en-la-muneca-derecha\/#breadcrumb","itemListElement":[{"@type":"ListItem","position":1,"name":"Portada","item":"https:\/\/potenciaradiofonicadominicana.com\/portal\/"},{"@type":"ListItem","position":2,"name":"Carlos Alcaraz no ir\u00e1 a Roland Garros por sus molestias en la mu\u00f1eca derecha"}]},{"@type":"WebSite","@id":"https:\/\/potenciaradiofonicadominicana.com\/portal\/#website","url":"https:\/\/potenciaradiofonicadominicana.com\/portal\/","name":"PotenciaRadiofonicaDominicana.com","description":"Peri\u00f3dico Digital","publisher":{"@id":"https:\/\/potenciaradiofonicadominicana.com\/portal\/#organization"},"potentialAction":[{"@type":"SearchAction","target":{"@type":"EntryPoint","urlTemplate":"https:\/\/potenciaradiofonicadominicana.com\/portal\/?s={search_term_string}"},"query-input":{"@type":"PropertyValueSpecification","valueRequired":true,"valueName":"search_term_string"}}],"inLanguage":"es"},{"@type":"Organization","@id":"https:\/\/potenciaradiofonicadominicana.com\/portal\/#organization","name":"PotenciaRadiofonicaDominicana.com","url":"https:\/\/potenciaradiofonicadominicana.com\/portal\/","logo":{"@type":"ImageObject","inLanguage":"es","@id":"https:\/\/potenciaradiofonicadominicana.com\/portal\/#\/schema\/logo\/image\/","url":"https:\/\/potenciaradiofonicadominicana.com\/portal\/wp-content\/uploads\/2022\/01\/descarga.png","contentUrl":"https:\/\/potenciaradiofonicadominicana.com\/portal\/wp-content\/uploads\/2022\/01\/descarga.png","width":300,"height":100,"caption":"PotenciaRadiofonicaDominicana.com"},"image":{"@id":"https:\/\/potenciaradiofonicadominicana.com\/portal\/#\/schema\/logo\/image\/"},"sameAs":["https:\/\/web.facebook.com\/PotenciaRadiofonicaD"]},{"@type":"Person","@id":"https:\/\/potenciaradiofonicadominicana.com\/portal\/#\/schema\/person\/a5cf1fea13877803ee0573ac18b03490","name":"Potencia Radiof\u00f3nica Dominicana","image":{"@type":"ImageObject","inLanguage":"es","@id":"https:\/\/potenciaradiofonicadominicana.com\/portal\/#\/schema\/person\/image\/","url":"https:\/\/secure.gravatar.com\/avatar\/42a55ab9e8ccc656ba34cd791990602a?s=96&d=mm&r=g","contentUrl":"https:\/\/secure.gravatar.com\/avatar\/42a55ab9e8ccc656ba34cd791990602a?s=96&d=mm&r=g","caption":"Potencia Radiof\u00f3nica Dominicana"},"url":"https:\/\/potenciaradiofonicadominicana.com\/portal\/author\/johannyalmanzar\/"}]}},"_links":{"self":[{"href":"https:\/\/potenciaradiofonicadominicana.com\/portal\/wp-json\/wp\/v2\/posts\/215774","targetHints":{"allow":["GET"]}}],"collection":[{"href":"https:\/\/potenciaradiofonicadominicana.com\/portal\/wp-json\/wp\/v2\/posts"}],"about":[{"href":"https:\/\/potenciaradiofonicadominicana.com\/portal\/wp-json\/wp\/v2\/types\/post"}],"author":[{"embeddable":true,"href":"https:\/\/potenciaradiofonicadominicana.com\/portal\/wp-json\/wp\/v2\/users\/2"}],"replies":[{"embeddable":true,"href":"https:\/\/potenciaradiofonicadominicana.com\/portal\/wp-json\/wp\/v2\/comments?post=215774"}],"version-history":[{"count":1,"href":"https:\/\/potenciaradiofonicadominicana.com\/portal\/wp-json\/wp\/v2\/posts\/215774\/revisions"}],"predecessor-version":[{"id":215776,"href":"https:\/\/potenciaradiofonicadominicana.com\/portal\/wp-json\/wp\/v2\/posts\/215774\/revisions\/215776"}],"wp:featuredmedia":[{"embeddable":true,"href":"https:\/\/potenciaradiofonicadominicana.com\/portal\/wp-json\/wp\/v2\/media\/215775"}],"wp:attachment":[{"href":"https:\/\/potenciaradiofonicadominicana.com\/portal\/wp-json\/wp\/v2\/media?parent=215774"}],"wp:term":[{"taxonomy":"category","embeddable":true,"href":"https:\/\/potenciaradiofonicadominicana.com\/portal\/wp-json\/wp\/v2\/categories?post=215774"},{"taxonomy":"post_tag","embeddable":true,"href":"https:\/\/potenciaradiofonicadominicana.com\/portal\/wp-json\/wp\/v2\/tags?post=215774"}],"curies":[{"name":"wp","href":"https:\/\/api.w.org\/{rel}","templated":true}]}}