{"id":215762,"date":"2026-04-26T19:08:28","date_gmt":"2026-04-26T23:08:28","guid":{"rendered":"https:\/\/potenciaradiofonicadominicana.com\/portal\/?p=215762"},"modified":"2026-04-26T19:08:28","modified_gmt":"2026-04-26T23:08:28","slug":"como-el-renting-de-coches-esta-cambiando-la-forma-de-acceder-a-un-vehiculo","status":"publish","type":"post","link":"https:\/\/potenciaradiofonicadominicana.com\/portal\/como-el-renting-de-coches-esta-cambiando-la-forma-de-acceder-a-un-vehiculo\/","title":{"rendered":"C\u00f3mo el renting de coches est\u00e1 cambiando la forma de acceder a un veh\u00edculo"},"content":{"rendered":"<p><a href=\"https:\/\/potenciaradiofonicadominicana.com\/portal\/wp-content\/uploads\/2026\/04\/875_pexels-photo-6044744.jpeg\"><img loading=\"lazy\" decoding=\"async\" class=\"alignnone size-full wp-image-215763\" src=\"https:\/\/potenciaradiofonicadominicana.com\/portal\/wp-content\/uploads\/2026\/04\/875_pexels-photo-6044744.jpeg\" alt=\"\" width=\"670\" height=\"444\" srcset=\"https:\/\/potenciaradiofonicadominicana.com\/portal\/wp-content\/uploads\/2026\/04\/875_pexels-photo-6044744.jpeg 670w, https:\/\/potenciaradiofonicadominicana.com\/portal\/wp-content\/uploads\/2026\/04\/875_pexels-photo-6044744-300x199.jpeg 300w, https:\/\/potenciaradiofonicadominicana.com\/portal\/wp-content\/uploads\/2026\/04\/875_pexels-photo-6044744-269x177.jpeg 269w\" sizes=\"auto, (max-width: 670px) 100vw, 670px\" \/><\/a><\/p>\n<p>Durante a\u00f1os, tener un coche en propiedad ha sido la opci\u00f3n predominante en Espa\u00f1a. Sin embargo, en un contexto marcado por la incertidumbre econ\u00f3mica, la evoluci\u00f3n de la movilidad y el aumento de los costes asociados, cada vez m\u00e1s usuarios est\u00e1n reconsiderando esta decisi\u00f3n. El modelo de uso est\u00e1 ganando protagonismo frente al de propiedad.<\/p>\n<p>En este escenario, el\u00a0renting de coches\u00a0se posiciona como una alternativa que responde a nuevas necesidades.\u00a0<strong>La posibilidad de acceder a un veh\u00edculo sin asumir una compra directa est\u00e1 redefiniendo el concepto de movilidad personal y profesional<\/strong>.<\/p>\n<h2>De la propiedad al uso una tendencia en crecimiento<\/h2>\n<p>El cambio de mentalidad es progresivo pero constante. Cada vez m\u00e1s conductores valoran la flexibilidad y la previsi\u00f3n de costes frente a la adquisici\u00f3n de un veh\u00edculo en propiedad.<\/p>\n<p>&nbsp;<\/p>\n<p>El\u00a0<em>renting<\/em> permite disponer de un coche mediante una cuota mensual que incluye servicios como mantenimiento, seguro o asistencia. Esto elimina la incertidumbre sobre gastos imprevistos.<\/p>\n<p><strong>El usuario deja de preocuparse por la gesti\u00f3n del veh\u00edculo y se centra en su uso<\/strong>, lo que simplifica la experiencia de movilidad.<\/p>\n<p>Este modelo resulta especialmente atractivo en entornos urbanos, donde las necesidades de desplazamiento son m\u00e1s din\u00e1micas y cambiantes.<\/p>\n<h2>Control de costes y planificaci\u00f3n financiera<\/h2>\n<p>Uno de los factores que m\u00e1s influyen en la elecci\u00f3n del\u00a0<em>renting<\/em>\u00a0es la previsibilidad econ\u00f3mica. Frente a la compra, donde los gastos pueden variar con el tiempo, el\u00a0<em>renting<\/em>\u00a0ofrece una cuota fija.<\/p>\n<p>Entre los principales aspectos que cubre se encuentran:<\/p>\n<p><strong>La estabilidad en los costes facilita la planificaci\u00f3n financiera<\/strong>, tanto para particulares como para empresas. Adem\u00e1s, evita desembolsos iniciales elevados, lo que permite destinar recursos a otras necesidades.<\/p>\n<h2>Una soluci\u00f3n adaptada a distintos perfiles<\/h2>\n<p>El\u00a0<em>renting<\/em>\u00a0no se limita a un \u00fanico tipo de usuario. Su crecimiento responde a su capacidad de adaptaci\u00f3n a diferentes perfiles. En particulares, se valora la comodidad y la ausencia de preocupaciones. En empresas, el\u00a0<em>renting<\/em>\u00a0se convierte en una herramienta de gesti\u00f3n de flotas, permitiendo optimizar recursos y reducir cargas administrativas.<\/p>\n<p>&nbsp;<\/p>\n<p><strong>La flexibilidad del modelo permite ajustar condiciones seg\u00fan el uso y las necesidades<\/strong>, lo que lo hace especialmente vers\u00e1til.<\/p>\n<div class=\"google-auto-placed ap_container\"><ins class=\"adsbygoogle adsbygoogle-noablate\" data-ad-format=\"auto\" data-ad-client=\"ca-pub-5663005764905852\" data-adsbygoogle-status=\"done\" data-ad-status=\"unfill-optimized\"><\/p>\n<div id=\"aswift_3_host\">\n<div class=\"google-aiuf\" data-google-ad-efd=\"true\">\n<div class=\"goog-rentries\">\n<div><\/div>\n<\/div>\n<\/div>\n<\/div>\n<p><\/ins><\/div>\n<p>Tambi\u00e9n resulta \u00fatil para quienes buscan cambiar de veh\u00edculo con frecuencia, sin asumir los procesos de compra y venta.<\/p>\n<p>&nbsp;<\/p>\n<h2>Impacto en la movilidad y sostenibilidad<\/h2>\n<p>&nbsp;<\/p>\n<p>El\u00a0<em>renting<\/em>\u00a0tambi\u00e9n influye en la transici\u00f3n hacia modelos de movilidad m\u00e1s sostenibles. La posibilidad de acceder a veh\u00edculos m\u00e1s eficientes o el\u00e9ctricos sin realizar una compra directa facilita la adopci\u00f3n de nuevas tecnolog\u00edas.<\/p>\n<p>&nbsp;<\/p>\n<p><strong>El acceso a modelos actualizados contribuye a reducir el impacto ambiental<\/strong>, al fomentar el uso de veh\u00edculos con menores emisiones.<\/p>\n<p>&nbsp;<\/p>\n<p>Adem\u00e1s, las empresas pueden renovar sus flotas con mayor frecuencia, adapt\u00e1ndose a normativas y objetivos medioambientales.<\/p>\n<p>&nbsp;<\/p>\n<p>Este aspecto cobra relevancia en un contexto donde la sostenibilidad forma parte de las estrategias empresariales.<\/p>\n<p>&nbsp;<\/p>\n<h2>Factores a tener en cuenta antes de elegir<\/h2>\n<p>&nbsp;<\/p>\n<p>Aunque el\u00a0<em>renting<\/em>\u00a0ofrece ventajas claras, es importante analizar ciertos aspectos antes de optar por este modelo:<\/p>\n<p>&nbsp;<\/p>\n<p><strong>Elegir adecuadamente el contrato permite aprovechar al m\u00e1ximo las ventajas del\u00a0<em>renting<\/em><\/strong><em>,<\/em>\u00a0evitando costes adicionales. Tambi\u00e9n es recomendable comparar distintas opciones para encontrar la que mejor se adapte a las necesidades del usuario.<\/p>\n<p>&nbsp;<\/p>\n<h2>Un modelo en consolidaci\u00f3n dentro del sector<\/h2>\n<p>&nbsp;<\/p>\n<p>El\u00a0<em>renting<\/em>\u00a0de coches refleja un cambio m\u00e1s amplio en la forma de consumir bienes. La prioridad ya no es poseer, sino acceder a un servicio que cubra una necesidad concreta.<\/p>\n<p>&nbsp;<\/p>\n<p><strong>La movilidad se orienta hacia modelos m\u00e1s flexibles, eficientes y adaptados al usuario<\/strong>, en l\u00ednea con las tendencias actuales.<\/p>\n<div class=\"google-auto-placed ap_container\"><ins class=\"adsbygoogle adsbygoogle-noablate\" data-ad-format=\"auto\" data-ad-client=\"ca-pub-5663005764905852\" data-adsbygoogle-status=\"done\" data-ad-status=\"unfill-optimized\"><\/p>\n<div id=\"aswift_4_host\">\n<div class=\"google-aiuf\" data-google-ad-efd=\"true\">\n<div class=\"goog-rentries\">\n<div><\/div>\n<\/div>\n<\/div>\n<\/div>\n<p><\/ins><\/div>\n<p>Este enfoque contin\u00faa ganando relevancia en Espa\u00f1a, impulsado por la evoluci\u00f3n del mercado y por una mayor demanda de soluciones que simplifiquen la gesti\u00f3n del veh\u00edculo en el d\u00eda a d\u00eda.<\/p>\n","protected":false},"excerpt":{"rendered":"<p>Durante a\u00f1os, tener un coche en propiedad ha sido la opci\u00f3n predominante en Espa\u00f1a. Sin embargo, en un contexto marcado &#8230;<\/p>\n","protected":false},"author":2,"featured_media":215763,"comment_status":"closed","ping_status":"closed","sticky":false,"template":"","format":"standard","meta":{"footnotes":""},"categories":[14],"tags":[],"class_list":["post-215762","post","type-post","status-publish","format-standard","has-post-thumbnail","hentry","category-ciencia-y-tecnologia"],"yoast_head":"<!-- This site is optimized with the Yoast SEO plugin v24.8.1 - https:\/\/yoast.com\/wordpress\/plugins\/seo\/ -->\n<title>C\u00f3mo el renting de coches est\u00e1 cambiando la forma de acceder a un veh\u00edculo - PotenciaRadiofonicaDominicana.com<\/title>\n<meta name=\"robots\" content=\"index, follow, max-snippet:-1, max-image-preview:large, max-video-preview:-1\" \/>\n<link rel=\"canonical\" href=\"https:\/\/potenciaradiofonicadominicana.com\/portal\/como-el-renting-de-coches-esta-cambiando-la-forma-de-acceder-a-un-vehiculo\/\" \/>\n<meta property=\"og:locale\" content=\"es_ES\" \/>\n<meta property=\"og:type\" content=\"article\" \/>\n<meta property=\"og:title\" content=\"C\u00f3mo el renting de coches est\u00e1 cambiando la forma de acceder a un veh\u00edculo - PotenciaRadiofonicaDominicana.com\" \/>\n<meta property=\"og:description\" content=\"Durante a\u00f1os, tener un coche en propiedad ha sido la opci\u00f3n predominante en Espa\u00f1a. Sin embargo, en un contexto marcado ...\" \/>\n<meta property=\"og:url\" content=\"https:\/\/potenciaradiofonicadominicana.com\/portal\/como-el-renting-de-coches-esta-cambiando-la-forma-de-acceder-a-un-vehiculo\/\" \/>\n<meta property=\"og:site_name\" content=\"PotenciaRadiofonicaDominicana.com\" \/>\n<meta property=\"article:publisher\" content=\"https:\/\/web.facebook.com\/PotenciaRadiofonicaD\" \/>\n<meta property=\"article:published_time\" content=\"2026-04-26T23:08:28+00:00\" \/>\n<meta property=\"og:image\" content=\"https:\/\/potenciaradiofonicadominicana.com\/portal\/wp-content\/uploads\/2026\/04\/875_pexels-photo-6044744.jpeg\" \/>\n\t<meta property=\"og:image:width\" content=\"670\" \/>\n\t<meta property=\"og:image:height\" content=\"444\" \/>\n\t<meta property=\"og:image:type\" content=\"image\/jpeg\" \/>\n<meta name=\"author\" content=\"Potencia Radiof\u00f3nica Dominicana\" \/>\n<meta name=\"twitter:card\" content=\"summary_large_image\" \/>\n<meta name=\"twitter:label1\" content=\"Escrito por\" \/>\n\t<meta name=\"twitter:data1\" content=\"Potencia Radiof\u00f3nica Dominicana\" \/>\n\t<meta name=\"twitter:label2\" content=\"Tiempo de lectura\" \/>\n\t<meta name=\"twitter:data2\" content=\"4 minutos\" \/>\n<script type=\"application\/ld+json\" class=\"yoast-schema-graph\">{\"@context\":\"https:\/\/schema.org\",\"@graph\":[{\"@type\":\"Article\",\"@id\":\"https:\/\/potenciaradiofonicadominicana.com\/portal\/como-el-renting-de-coches-esta-cambiando-la-forma-de-acceder-a-un-vehiculo\/#article\",\"isPartOf\":{\"@id\":\"https:\/\/potenciaradiofonicadominicana.com\/portal\/como-el-renting-de-coches-esta-cambiando-la-forma-de-acceder-a-un-vehiculo\/\"},\"author\":{\"name\":\"Potencia Radiof\u00f3nica Dominicana\",\"@id\":\"https:\/\/potenciaradiofonicadominicana.com\/portal\/#\/schema\/person\/a5cf1fea13877803ee0573ac18b03490\"},\"headline\":\"C\u00f3mo el renting de coches est\u00e1 cambiando la forma de acceder a un veh\u00edculo\",\"datePublished\":\"2026-04-26T23:08:28+00:00\",\"mainEntityOfPage\":{\"@id\":\"https:\/\/potenciaradiofonicadominicana.com\/portal\/como-el-renting-de-coches-esta-cambiando-la-forma-de-acceder-a-un-vehiculo\/\"},\"wordCount\":692,\"publisher\":{\"@id\":\"https:\/\/potenciaradiofonicadominicana.com\/portal\/#organization\"},\"image\":{\"@id\":\"https:\/\/potenciaradiofonicadominicana.com\/portal\/como-el-renting-de-coches-esta-cambiando-la-forma-de-acceder-a-un-vehiculo\/#primaryimage\"},\"thumbnailUrl\":\"https:\/\/potenciaradiofonicadominicana.com\/portal\/wp-content\/uploads\/2026\/04\/875_pexels-photo-6044744.jpeg\",\"articleSection\":[\"Ciencia y Tecnolog\u00eda\"],\"inLanguage\":\"es\"},{\"@type\":\"WebPage\",\"@id\":\"https:\/\/potenciaradiofonicadominicana.com\/portal\/como-el-renting-de-coches-esta-cambiando-la-forma-de-acceder-a-un-vehiculo\/\",\"url\":\"https:\/\/potenciaradiofonicadominicana.com\/portal\/como-el-renting-de-coches-esta-cambiando-la-forma-de-acceder-a-un-vehiculo\/\",\"name\":\"C\u00f3mo el renting de coches est\u00e1 cambiando la forma de acceder a un veh\u00edculo - PotenciaRadiofonicaDominicana.com\",\"isPartOf\":{\"@id\":\"https:\/\/potenciaradiofonicadominicana.com\/portal\/#website\"},\"primaryImageOfPage\":{\"@id\":\"https:\/\/potenciaradiofonicadominicana.com\/portal\/como-el-renting-de-coches-esta-cambiando-la-forma-de-acceder-a-un-vehiculo\/#primaryimage\"},\"image\":{\"@id\":\"https:\/\/potenciaradiofonicadominicana.com\/portal\/como-el-renting-de-coches-esta-cambiando-la-forma-de-acceder-a-un-vehiculo\/#primaryimage\"},\"thumbnailUrl\":\"https:\/\/potenciaradiofonicadominicana.com\/portal\/wp-content\/uploads\/2026\/04\/875_pexels-photo-6044744.jpeg\",\"datePublished\":\"2026-04-26T23:08:28+00:00\",\"breadcrumb\":{\"@id\":\"https:\/\/potenciaradiofonicadominicana.com\/portal\/como-el-renting-de-coches-esta-cambiando-la-forma-de-acceder-a-un-vehiculo\/#breadcrumb\"},\"inLanguage\":\"es\",\"potentialAction\":[{\"@type\":\"ReadAction\",\"target\":[\"https:\/\/potenciaradiofonicadominicana.com\/portal\/como-el-renting-de-coches-esta-cambiando-la-forma-de-acceder-a-un-vehiculo\/\"]}]},{\"@type\":\"ImageObject\",\"inLanguage\":\"es\",\"@id\":\"https:\/\/potenciaradiofonicadominicana.com\/portal\/como-el-renting-de-coches-esta-cambiando-la-forma-de-acceder-a-un-vehiculo\/#primaryimage\",\"url\":\"https:\/\/potenciaradiofonicadominicana.com\/portal\/wp-content\/uploads\/2026\/04\/875_pexels-photo-6044744.jpeg\",\"contentUrl\":\"https:\/\/potenciaradiofonicadominicana.com\/portal\/wp-content\/uploads\/2026\/04\/875_pexels-photo-6044744.jpeg\",\"width\":670,\"height\":444},{\"@type\":\"BreadcrumbList\",\"@id\":\"https:\/\/potenciaradiofonicadominicana.com\/portal\/como-el-renting-de-coches-esta-cambiando-la-forma-de-acceder-a-un-vehiculo\/#breadcrumb\",\"itemListElement\":[{\"@type\":\"ListItem\",\"position\":1,\"name\":\"Portada\",\"item\":\"https:\/\/potenciaradiofonicadominicana.com\/portal\/\"},{\"@type\":\"ListItem\",\"position\":2,\"name\":\"C\u00f3mo el renting de coches est\u00e1 cambiando la forma de acceder a un veh\u00edculo\"}]},{\"@type\":\"WebSite\",\"@id\":\"https:\/\/potenciaradiofonicadominicana.com\/portal\/#website\",\"url\":\"https:\/\/potenciaradiofonicadominicana.com\/portal\/\",\"name\":\"PotenciaRadiofonicaDominicana.com\",\"description\":\"Peri\u00f3dico Digital\",\"publisher\":{\"@id\":\"https:\/\/potenciaradiofonicadominicana.com\/portal\/#organization\"},\"potentialAction\":[{\"@type\":\"SearchAction\",\"target\":{\"@type\":\"EntryPoint\",\"urlTemplate\":\"https:\/\/potenciaradiofonicadominicana.com\/portal\/?s={search_term_string}\"},\"query-input\":{\"@type\":\"PropertyValueSpecification\",\"valueRequired\":true,\"valueName\":\"search_term_string\"}}],\"inLanguage\":\"es\"},{\"@type\":\"Organization\",\"@id\":\"https:\/\/potenciaradiofonicadominicana.com\/portal\/#organization\",\"name\":\"PotenciaRadiofonicaDominicana.com\",\"url\":\"https:\/\/potenciaradiofonicadominicana.com\/portal\/\",\"logo\":{\"@type\":\"ImageObject\",\"inLanguage\":\"es\",\"@id\":\"https:\/\/potenciaradiofonicadominicana.com\/portal\/#\/schema\/logo\/image\/\",\"url\":\"https:\/\/potenciaradiofonicadominicana.com\/portal\/wp-content\/uploads\/2022\/01\/descarga.png\",\"contentUrl\":\"https:\/\/potenciaradiofonicadominicana.com\/portal\/wp-content\/uploads\/2022\/01\/descarga.png\",\"width\":300,\"height\":100,\"caption\":\"PotenciaRadiofonicaDominicana.com\"},\"image\":{\"@id\":\"https:\/\/potenciaradiofonicadominicana.com\/portal\/#\/schema\/logo\/image\/\"},\"sameAs\":[\"https:\/\/web.facebook.com\/PotenciaRadiofonicaD\"]},{\"@type\":\"Person\",\"@id\":\"https:\/\/potenciaradiofonicadominicana.com\/portal\/#\/schema\/person\/a5cf1fea13877803ee0573ac18b03490\",\"name\":\"Potencia Radiof\u00f3nica Dominicana\",\"image\":{\"@type\":\"ImageObject\",\"inLanguage\":\"es\",\"@id\":\"https:\/\/potenciaradiofonicadominicana.com\/portal\/#\/schema\/person\/image\/\",\"url\":\"https:\/\/secure.gravatar.com\/avatar\/42a55ab9e8ccc656ba34cd791990602a?s=96&d=mm&r=g\",\"contentUrl\":\"https:\/\/secure.gravatar.com\/avatar\/42a55ab9e8ccc656ba34cd791990602a?s=96&d=mm&r=g\",\"caption\":\"Potencia Radiof\u00f3nica Dominicana\"},\"url\":\"https:\/\/potenciaradiofonicadominicana.com\/portal\/author\/johannyalmanzar\/\"}]}<\/script>\n<!-- \/ Yoast SEO plugin. -->","yoast_head_json":{"title":"C\u00f3mo el renting de coches est\u00e1 cambiando la forma de acceder a un veh\u00edculo - PotenciaRadiofonicaDominicana.com","robots":{"index":"index","follow":"follow","max-snippet":"max-snippet:-1","max-image-preview":"max-image-preview:large","max-video-preview":"max-video-preview:-1"},"canonical":"https:\/\/potenciaradiofonicadominicana.com\/portal\/como-el-renting-de-coches-esta-cambiando-la-forma-de-acceder-a-un-vehiculo\/","og_locale":"es_ES","og_type":"article","og_title":"C\u00f3mo el renting de coches est\u00e1 cambiando la forma de acceder a un veh\u00edculo - PotenciaRadiofonicaDominicana.com","og_description":"Durante a\u00f1os, tener un coche en propiedad ha sido la opci\u00f3n predominante en Espa\u00f1a. Sin embargo, en un contexto marcado ...","og_url":"https:\/\/potenciaradiofonicadominicana.com\/portal\/como-el-renting-de-coches-esta-cambiando-la-forma-de-acceder-a-un-vehiculo\/","og_site_name":"PotenciaRadiofonicaDominicana.com","article_publisher":"https:\/\/web.facebook.com\/PotenciaRadiofonicaD","article_published_time":"2026-04-26T23:08:28+00:00","og_image":[{"width":670,"height":444,"url":"https:\/\/potenciaradiofonicadominicana.com\/portal\/wp-content\/uploads\/2026\/04\/875_pexels-photo-6044744.jpeg","type":"image\/jpeg"}],"author":"Potencia Radiof\u00f3nica Dominicana","twitter_card":"summary_large_image","twitter_misc":{"Escrito por":"Potencia Radiof\u00f3nica Dominicana","Tiempo de lectura":"4 minutos"},"schema":{"@context":"https:\/\/schema.org","@graph":[{"@type":"Article","@id":"https:\/\/potenciaradiofonicadominicana.com\/portal\/como-el-renting-de-coches-esta-cambiando-la-forma-de-acceder-a-un-vehiculo\/#article","isPartOf":{"@id":"https:\/\/potenciaradiofonicadominicana.com\/portal\/como-el-renting-de-coches-esta-cambiando-la-forma-de-acceder-a-un-vehiculo\/"},"author":{"name":"Potencia Radiof\u00f3nica Dominicana","@id":"https:\/\/potenciaradiofonicadominicana.com\/portal\/#\/schema\/person\/a5cf1fea13877803ee0573ac18b03490"},"headline":"C\u00f3mo el renting de coches est\u00e1 cambiando la forma de acceder a un veh\u00edculo","datePublished":"2026-04-26T23:08:28+00:00","mainEntityOfPage":{"@id":"https:\/\/potenciaradiofonicadominicana.com\/portal\/como-el-renting-de-coches-esta-cambiando-la-forma-de-acceder-a-un-vehiculo\/"},"wordCount":692,"publisher":{"@id":"https:\/\/potenciaradiofonicadominicana.com\/portal\/#organization"},"image":{"@id":"https:\/\/potenciaradiofonicadominicana.com\/portal\/como-el-renting-de-coches-esta-cambiando-la-forma-de-acceder-a-un-vehiculo\/#primaryimage"},"thumbnailUrl":"https:\/\/potenciaradiofonicadominicana.com\/portal\/wp-content\/uploads\/2026\/04\/875_pexels-photo-6044744.jpeg","articleSection":["Ciencia y Tecnolog\u00eda"],"inLanguage":"es"},{"@type":"WebPage","@id":"https:\/\/potenciaradiofonicadominicana.com\/portal\/como-el-renting-de-coches-esta-cambiando-la-forma-de-acceder-a-un-vehiculo\/","url":"https:\/\/potenciaradiofonicadominicana.com\/portal\/como-el-renting-de-coches-esta-cambiando-la-forma-de-acceder-a-un-vehiculo\/","name":"C\u00f3mo el renting de coches est\u00e1 cambiando la forma de acceder a un veh\u00edculo - PotenciaRadiofonicaDominicana.com","isPartOf":{"@id":"https:\/\/potenciaradiofonicadominicana.com\/portal\/#website"},"primaryImageOfPage":{"@id":"https:\/\/potenciaradiofonicadominicana.com\/portal\/como-el-renting-de-coches-esta-cambiando-la-forma-de-acceder-a-un-vehiculo\/#primaryimage"},"image":{"@id":"https:\/\/potenciaradiofonicadominicana.com\/portal\/como-el-renting-de-coches-esta-cambiando-la-forma-de-acceder-a-un-vehiculo\/#primaryimage"},"thumbnailUrl":"https:\/\/potenciaradiofonicadominicana.com\/portal\/wp-content\/uploads\/2026\/04\/875_pexels-photo-6044744.jpeg","datePublished":"2026-04-26T23:08:28+00:00","breadcrumb":{"@id":"https:\/\/potenciaradiofonicadominicana.com\/portal\/como-el-renting-de-coches-esta-cambiando-la-forma-de-acceder-a-un-vehiculo\/#breadcrumb"},"inLanguage":"es","potentialAction":[{"@type":"ReadAction","target":["https:\/\/potenciaradiofonicadominicana.com\/portal\/como-el-renting-de-coches-esta-cambiando-la-forma-de-acceder-a-un-vehiculo\/"]}]},{"@type":"ImageObject","inLanguage":"es","@id":"https:\/\/potenciaradiofonicadominicana.com\/portal\/como-el-renting-de-coches-esta-cambiando-la-forma-de-acceder-a-un-vehiculo\/#primaryimage","url":"https:\/\/potenciaradiofonicadominicana.com\/portal\/wp-content\/uploads\/2026\/04\/875_pexels-photo-6044744.jpeg","contentUrl":"https:\/\/potenciaradiofonicadominicana.com\/portal\/wp-content\/uploads\/2026\/04\/875_pexels-photo-6044744.jpeg","width":670,"height":444},{"@type":"BreadcrumbList","@id":"https:\/\/potenciaradiofonicadominicana.com\/portal\/como-el-renting-de-coches-esta-cambiando-la-forma-de-acceder-a-un-vehiculo\/#breadcrumb","itemListElement":[{"@type":"ListItem","position":1,"name":"Portada","item":"https:\/\/potenciaradiofonicadominicana.com\/portal\/"},{"@type":"ListItem","position":2,"name":"C\u00f3mo el renting de coches est\u00e1 cambiando la forma de acceder a un veh\u00edculo"}]},{"@type":"WebSite","@id":"https:\/\/potenciaradiofonicadominicana.com\/portal\/#website","url":"https:\/\/potenciaradiofonicadominicana.com\/portal\/","name":"PotenciaRadiofonicaDominicana.com","description":"Peri\u00f3dico Digital","publisher":{"@id":"https:\/\/potenciaradiofonicadominicana.com\/portal\/#organization"},"potentialAction":[{"@type":"SearchAction","target":{"@type":"EntryPoint","urlTemplate":"https:\/\/potenciaradiofonicadominicana.com\/portal\/?s={search_term_string}"},"query-input":{"@type":"PropertyValueSpecification","valueRequired":true,"valueName":"search_term_string"}}],"inLanguage":"es"},{"@type":"Organization","@id":"https:\/\/potenciaradiofonicadominicana.com\/portal\/#organization","name":"PotenciaRadiofonicaDominicana.com","url":"https:\/\/potenciaradiofonicadominicana.com\/portal\/","logo":{"@type":"ImageObject","inLanguage":"es","@id":"https:\/\/potenciaradiofonicadominicana.com\/portal\/#\/schema\/logo\/image\/","url":"https:\/\/potenciaradiofonicadominicana.com\/portal\/wp-content\/uploads\/2022\/01\/descarga.png","contentUrl":"https:\/\/potenciaradiofonicadominicana.com\/portal\/wp-content\/uploads\/2022\/01\/descarga.png","width":300,"height":100,"caption":"PotenciaRadiofonicaDominicana.com"},"image":{"@id":"https:\/\/potenciaradiofonicadominicana.com\/portal\/#\/schema\/logo\/image\/"},"sameAs":["https:\/\/web.facebook.com\/PotenciaRadiofonicaD"]},{"@type":"Person","@id":"https:\/\/potenciaradiofonicadominicana.com\/portal\/#\/schema\/person\/a5cf1fea13877803ee0573ac18b03490","name":"Potencia Radiof\u00f3nica Dominicana","image":{"@type":"ImageObject","inLanguage":"es","@id":"https:\/\/potenciaradiofonicadominicana.com\/portal\/#\/schema\/person\/image\/","url":"https:\/\/secure.gravatar.com\/avatar\/42a55ab9e8ccc656ba34cd791990602a?s=96&d=mm&r=g","contentUrl":"https:\/\/secure.gravatar.com\/avatar\/42a55ab9e8ccc656ba34cd791990602a?s=96&d=mm&r=g","caption":"Potencia Radiof\u00f3nica Dominicana"},"url":"https:\/\/potenciaradiofonicadominicana.com\/portal\/author\/johannyalmanzar\/"}]}},"_links":{"self":[{"href":"https:\/\/potenciaradiofonicadominicana.com\/portal\/wp-json\/wp\/v2\/posts\/215762","targetHints":{"allow":["GET"]}}],"collection":[{"href":"https:\/\/potenciaradiofonicadominicana.com\/portal\/wp-json\/wp\/v2\/posts"}],"about":[{"href":"https:\/\/potenciaradiofonicadominicana.com\/portal\/wp-json\/wp\/v2\/types\/post"}],"author":[{"embeddable":true,"href":"https:\/\/potenciaradiofonicadominicana.com\/portal\/wp-json\/wp\/v2\/users\/2"}],"replies":[{"embeddable":true,"href":"https:\/\/potenciaradiofonicadominicana.com\/portal\/wp-json\/wp\/v2\/comments?post=215762"}],"version-history":[{"count":1,"href":"https:\/\/potenciaradiofonicadominicana.com\/portal\/wp-json\/wp\/v2\/posts\/215762\/revisions"}],"predecessor-version":[{"id":215764,"href":"https:\/\/potenciaradiofonicadominicana.com\/portal\/wp-json\/wp\/v2\/posts\/215762\/revisions\/215764"}],"wp:featuredmedia":[{"embeddable":true,"href":"https:\/\/potenciaradiofonicadominicana.com\/portal\/wp-json\/wp\/v2\/media\/215763"}],"wp:attachment":[{"href":"https:\/\/potenciaradiofonicadominicana.com\/portal\/wp-json\/wp\/v2\/media?parent=215762"}],"wp:term":[{"taxonomy":"category","embeddable":true,"href":"https:\/\/potenciaradiofonicadominicana.com\/portal\/wp-json\/wp\/v2\/categories?post=215762"},{"taxonomy":"post_tag","embeddable":true,"href":"https:\/\/potenciaradiofonicadominicana.com\/portal\/wp-json\/wp\/v2\/tags?post=215762"}],"curies":[{"name":"wp","href":"https:\/\/api.w.org\/{rel}","templated":true}]}}