{"id":215753,"date":"2026-04-26T19:01:17","date_gmt":"2026-04-26T23:01:17","guid":{"rendered":"https:\/\/potenciaradiofonicadominicana.com\/portal\/?p=215753"},"modified":"2026-04-26T19:01:17","modified_gmt":"2026-04-26T23:01:17","slug":"el-superalimento-definitivo","status":"publish","type":"post","link":"https:\/\/potenciaradiofonicadominicana.com\/portal\/el-superalimento-definitivo\/","title":{"rendered":"El superalimento definitivo"},"content":{"rendered":"<p><a href=\"https:\/\/potenciaradiofonicadominicana.com\/portal\/wp-content\/uploads\/2026\/04\/1931_mrgajowy3-food-7116174.jpg\"><img loading=\"lazy\" decoding=\"async\" class=\"alignnone size-full wp-image-215754\" src=\"https:\/\/potenciaradiofonicadominicana.com\/portal\/wp-content\/uploads\/2026\/04\/1931_mrgajowy3-food-7116174.jpg\" alt=\"\" width=\"670\" height=\"389\" srcset=\"https:\/\/potenciaradiofonicadominicana.com\/portal\/wp-content\/uploads\/2026\/04\/1931_mrgajowy3-food-7116174.jpg 670w, https:\/\/potenciaradiofonicadominicana.com\/portal\/wp-content\/uploads\/2026\/04\/1931_mrgajowy3-food-7116174-300x174.jpg 300w\" sizes=\"auto, (max-width: 670px) 100vw, 670px\" \/><\/a><\/p>\n<p>En la era de las dietas y el marketing de los suplementos, la pregunta parece sencilla pero esconde una complejidad biol\u00f3gica fascinante:\u00a0<strong>\u00bfExiste realmente un alimento que destaque por encima de todos los dem\u00e1s en densidad nutricional?<\/strong><\/p>\n<p>&nbsp;<\/p>\n<p>Como es habitual, solemos desconfiar de las etiquetas milagrosas. Sin embargo, cuando cruzamos los datos de la\u00a0<strong>densidad de nutrientes<\/strong>\u00a0(la proporci\u00f3n de vitaminas, minerales y fitoqu\u00edmicos por calor\u00eda), la respuesta de la ciencia es contundente y, para muchos, sorprendente.<\/p>\n<p>&nbsp;<\/p>\n<h2>El Ranking de la Densidad Nutricional<\/h2>\n<p>&nbsp;<\/p>\n<p>Para determinar qu\u00e9 alimento es el \u00abrey\u00bb, los investigadores suelen utilizar el concepto de\u00a0<strong>Puntuaci\u00f3n de Alimentos Agregados (ANDI)<\/strong>\u00a0o estudios de relevancia como el publicado por la CDC (<em>Centers for Disease Control and Prevention<\/em>), que clasifica las frutas y verduras \u00abpotenciales\u00bb seg\u00fan su contenido de 17 nutrientes esenciales.<\/p>\n<p>&nbsp;<\/p>\n<h3>1. El Ganador Indiscutible: El Berro (<em>Nasturtium officinale<\/em>)<\/h3>\n<p>&nbsp;<\/p>\n<p>Aunque el kale (col rizada) se lleva toda la fama en Instagram, el\u00a0<strong>berro<\/strong>\u00a0es el \u00fanico alimento que ha obtenido una\u00a0<strong>puntuaci\u00f3n perfecta de 100\/100<\/strong>\u00a0en los estudios de densidad nutricional.<\/p>\n<p>&nbsp;<\/p>\n<p><strong>-\u00bfPor qu\u00e9 es el n\u00famero 1?<\/strong>\u00a0Contiene niveles masivos de vitamina K, vitamina C y vitamina A, adem\u00e1s de glucosinolatos, compuestos que la investigaci\u00f3n vincula con la inhibici\u00f3n del crecimiento de c\u00e9lulas cancer\u00edgenas.<\/p>\n<p><strong>-Perfil de impacto:<\/strong>\u00a0Una sola taza de berros cubre m\u00e1s del 100% de la ingesta diaria recomendada de vitamina K.<\/p>\n<h3><\/h3>\n<p><span class=\"RichTextAlignCenter citewrapper\"><img decoding=\"async\" class=\"RichTextAlignCenter\" src=\"https:\/\/noticiasdelaciencia.com\/upload\/images\/04_2026\/1931_mrgajowy3-food-7116174.jpg\" alt=\"[Img #78535]\" \/><\/span><\/p>\n<div class=\"imagefooterprint\"><\/div>\n<p>&nbsp;<\/p>\n<h3>2. La Potencia del Mar: El H\u00edgado de Bacalao y las Algas<\/h3>\n<p>&nbsp;<\/p>\n<p>Si salimos del reino vegetal, la competencia se vuelve feroz. El\u00a0<strong>h\u00edgado (especialmente de res o bacalao)<\/strong>\u00a0es considerado el \u00abmultivitam\u00ednico de la naturaleza\u00bb. Es la fuente m\u00e1s concentrada de vitamina B12, vitamina A preformada y cobre.<\/p>\n<p>&nbsp;<\/p>\n<p>Por otro lado, las\u00a0<strong>algas marinas<\/strong>\u00a0(como la espirulina o el nori) ofrecen un perfil de minerales traza y yodo que es casi imposible de encontrar en alimentos terrestres en tales concentraciones.<\/p>\n<p>&nbsp;<\/p>\n<h2>\u00bfQu\u00e9 hace que un alimento sea \u00abEl M\u00e1s Nutritivo\u00bb?<\/h2>\n<p>&nbsp;<\/p>\n<p>Para que un alimento sea considerado una potencia nutricional, la ciencia eval\u00faa los siguientes factores:<\/p>\n<h2><\/h2>\n<h2>Menciones de Honor: El \u00abTop 5\u00bb de la Ciencia<\/h2>\n<p>&nbsp;<\/p>\n<p>Si tuvi\u00e9ramos que llenar una cesta de la compra con la m\u00e1xima eficiencia biol\u00f3gica, no podr\u00edan faltar:<\/p>\n<p>&nbsp;<\/p>\n<p><strong>-Berros:<\/strong>\u00a0Puntuaci\u00f3n perfecta en densidad.<\/p>\n<p><strong>-Col China (Bok Choy):<\/strong>\u00a0Extremadamente alta en calcio biodisponible y vitamina C.<\/p>\n<p><strong>-Hojas de Acelga:<\/strong> Una fuente masiva de magnesio y potasio.<\/p>\n<div class=\"google-auto-placed ap_container\"><ins class=\"adsbygoogle adsbygoogle-noablate\" data-ad-format=\"auto\" data-ad-client=\"ca-pub-5663005764905852\" data-adsbygoogle-status=\"done\" data-ad-status=\"unfill-optimized\"><\/p>\n<div id=\"aswift_3_host\">\n<div class=\"google-aiuf\" data-google-ad-efd=\"true\">\n<div class=\"goog-rentries\">\n<div><\/div>\n<\/div>\n<\/div>\n<\/div>\n<p><\/ins><\/div>\n<p><strong>-Huevo:<\/strong>\u00a0La prote\u00edna de referencia con la colina necesaria para la salud cerebral.<\/p>\n<p><strong>-Semillas de Ch\u00eda:<\/strong>\u00a0El equilibrio perfecto entre fibra y \u00e1cidos grasos Omega-3.<\/p>\n<h2><\/h2>\n<h2>La Verdad Inc\u00f3moda: La Diversidad supera al \u00abS\u00faper Alimento\u00bb<\/h2>\n<p>&nbsp;<\/p>\n<p>Pero debemos ser honestos:\u00a0<strong>ning\u00fan alimento por s\u00ed solo puede proporcionar todos los nutrientes necesarios para la salud humana<\/strong>.<\/p>\n<p>&nbsp;<\/p>\n<p>Aunque el berro sea el m\u00e1s denso en micronutrientes, carece de las grasas esenciales que encontrar\u00e1s en un salm\u00f3n o de la fibra compleja de las legumbres. La \u00absupernutrici\u00f3n\u00bb no se encuentra en un ingrediente, sino en la\u00a0<strong>sinergia<\/strong>\u00a0de una dieta variada.<\/p>\n<p>&nbsp;<\/p>\n<p>De hecho, el consumo excesivo de un solo \u00absuperalimento\u00bb (como el h\u00edgado por su exceso de vitamina A o las espinacas por sus oxalatos) puede ser contraproducente. La clave es la rotaci\u00f3n.<\/p>\n","protected":false},"excerpt":{"rendered":"<p>En la era de las dietas y el marketing de los suplementos, la pregunta parece sencilla pero esconde una complejidad &#8230;<\/p>\n","protected":false},"author":2,"featured_media":215754,"comment_status":"closed","ping_status":"closed","sticky":false,"template":"","format":"standard","meta":{"footnotes":""},"categories":[14],"tags":[],"class_list":["post-215753","post","type-post","status-publish","format-standard","has-post-thumbnail","hentry","category-ciencia-y-tecnologia"],"yoast_head":"<!-- This site is optimized with the Yoast SEO plugin v24.8.1 - https:\/\/yoast.com\/wordpress\/plugins\/seo\/ -->\n<title>El superalimento definitivo - PotenciaRadiofonicaDominicana.com<\/title>\n<meta name=\"robots\" content=\"index, follow, max-snippet:-1, max-image-preview:large, max-video-preview:-1\" \/>\n<link rel=\"canonical\" href=\"https:\/\/potenciaradiofonicadominicana.com\/portal\/el-superalimento-definitivo\/\" \/>\n<meta property=\"og:locale\" content=\"es_ES\" \/>\n<meta property=\"og:type\" content=\"article\" \/>\n<meta property=\"og:title\" content=\"El superalimento definitivo - PotenciaRadiofonicaDominicana.com\" \/>\n<meta property=\"og:description\" content=\"En la era de las dietas y el marketing de los suplementos, la pregunta parece sencilla pero esconde una complejidad ...\" \/>\n<meta property=\"og:url\" content=\"https:\/\/potenciaradiofonicadominicana.com\/portal\/el-superalimento-definitivo\/\" \/>\n<meta property=\"og:site_name\" content=\"PotenciaRadiofonicaDominicana.com\" \/>\n<meta property=\"article:publisher\" content=\"https:\/\/web.facebook.com\/PotenciaRadiofonicaD\" \/>\n<meta property=\"article:published_time\" content=\"2026-04-26T23:01:17+00:00\" \/>\n<meta property=\"og:image\" content=\"https:\/\/potenciaradiofonicadominicana.com\/portal\/wp-content\/uploads\/2026\/04\/1931_mrgajowy3-food-7116174.jpg\" \/>\n\t<meta property=\"og:image:width\" content=\"670\" \/>\n\t<meta property=\"og:image:height\" content=\"389\" \/>\n\t<meta property=\"og:image:type\" content=\"image\/jpeg\" \/>\n<meta name=\"author\" content=\"Potencia Radiof\u00f3nica Dominicana\" \/>\n<meta name=\"twitter:card\" content=\"summary_large_image\" \/>\n<meta name=\"twitter:label1\" content=\"Escrito por\" \/>\n\t<meta name=\"twitter:data1\" content=\"Potencia Radiof\u00f3nica Dominicana\" \/>\n\t<meta name=\"twitter:label2\" content=\"Tiempo de lectura\" \/>\n\t<meta name=\"twitter:data2\" content=\"3 minutos\" \/>\n<script type=\"application\/ld+json\" class=\"yoast-schema-graph\">{\"@context\":\"https:\/\/schema.org\",\"@graph\":[{\"@type\":\"Article\",\"@id\":\"https:\/\/potenciaradiofonicadominicana.com\/portal\/el-superalimento-definitivo\/#article\",\"isPartOf\":{\"@id\":\"https:\/\/potenciaradiofonicadominicana.com\/portal\/el-superalimento-definitivo\/\"},\"author\":{\"name\":\"Potencia Radiof\u00f3nica Dominicana\",\"@id\":\"https:\/\/potenciaradiofonicadominicana.com\/portal\/#\/schema\/person\/a5cf1fea13877803ee0573ac18b03490\"},\"headline\":\"El superalimento definitivo\",\"datePublished\":\"2026-04-26T23:01:17+00:00\",\"mainEntityOfPage\":{\"@id\":\"https:\/\/potenciaradiofonicadominicana.com\/portal\/el-superalimento-definitivo\/\"},\"wordCount\":561,\"publisher\":{\"@id\":\"https:\/\/potenciaradiofonicadominicana.com\/portal\/#organization\"},\"image\":{\"@id\":\"https:\/\/potenciaradiofonicadominicana.com\/portal\/el-superalimento-definitivo\/#primaryimage\"},\"thumbnailUrl\":\"https:\/\/potenciaradiofonicadominicana.com\/portal\/wp-content\/uploads\/2026\/04\/1931_mrgajowy3-food-7116174.jpg\",\"articleSection\":[\"Ciencia y Tecnolog\u00eda\"],\"inLanguage\":\"es\"},{\"@type\":\"WebPage\",\"@id\":\"https:\/\/potenciaradiofonicadominicana.com\/portal\/el-superalimento-definitivo\/\",\"url\":\"https:\/\/potenciaradiofonicadominicana.com\/portal\/el-superalimento-definitivo\/\",\"name\":\"El superalimento definitivo - PotenciaRadiofonicaDominicana.com\",\"isPartOf\":{\"@id\":\"https:\/\/potenciaradiofonicadominicana.com\/portal\/#website\"},\"primaryImageOfPage\":{\"@id\":\"https:\/\/potenciaradiofonicadominicana.com\/portal\/el-superalimento-definitivo\/#primaryimage\"},\"image\":{\"@id\":\"https:\/\/potenciaradiofonicadominicana.com\/portal\/el-superalimento-definitivo\/#primaryimage\"},\"thumbnailUrl\":\"https:\/\/potenciaradiofonicadominicana.com\/portal\/wp-content\/uploads\/2026\/04\/1931_mrgajowy3-food-7116174.jpg\",\"datePublished\":\"2026-04-26T23:01:17+00:00\",\"breadcrumb\":{\"@id\":\"https:\/\/potenciaradiofonicadominicana.com\/portal\/el-superalimento-definitivo\/#breadcrumb\"},\"inLanguage\":\"es\",\"potentialAction\":[{\"@type\":\"ReadAction\",\"target\":[\"https:\/\/potenciaradiofonicadominicana.com\/portal\/el-superalimento-definitivo\/\"]}]},{\"@type\":\"ImageObject\",\"inLanguage\":\"es\",\"@id\":\"https:\/\/potenciaradiofonicadominicana.com\/portal\/el-superalimento-definitivo\/#primaryimage\",\"url\":\"https:\/\/potenciaradiofonicadominicana.com\/portal\/wp-content\/uploads\/2026\/04\/1931_mrgajowy3-food-7116174.jpg\",\"contentUrl\":\"https:\/\/potenciaradiofonicadominicana.com\/portal\/wp-content\/uploads\/2026\/04\/1931_mrgajowy3-food-7116174.jpg\",\"width\":670,\"height\":389},{\"@type\":\"BreadcrumbList\",\"@id\":\"https:\/\/potenciaradiofonicadominicana.com\/portal\/el-superalimento-definitivo\/#breadcrumb\",\"itemListElement\":[{\"@type\":\"ListItem\",\"position\":1,\"name\":\"Portada\",\"item\":\"https:\/\/potenciaradiofonicadominicana.com\/portal\/\"},{\"@type\":\"ListItem\",\"position\":2,\"name\":\"El superalimento definitivo\"}]},{\"@type\":\"WebSite\",\"@id\":\"https:\/\/potenciaradiofonicadominicana.com\/portal\/#website\",\"url\":\"https:\/\/potenciaradiofonicadominicana.com\/portal\/\",\"name\":\"PotenciaRadiofonicaDominicana.com\",\"description\":\"Peri\u00f3dico Digital\",\"publisher\":{\"@id\":\"https:\/\/potenciaradiofonicadominicana.com\/portal\/#organization\"},\"potentialAction\":[{\"@type\":\"SearchAction\",\"target\":{\"@type\":\"EntryPoint\",\"urlTemplate\":\"https:\/\/potenciaradiofonicadominicana.com\/portal\/?s={search_term_string}\"},\"query-input\":{\"@type\":\"PropertyValueSpecification\",\"valueRequired\":true,\"valueName\":\"search_term_string\"}}],\"inLanguage\":\"es\"},{\"@type\":\"Organization\",\"@id\":\"https:\/\/potenciaradiofonicadominicana.com\/portal\/#organization\",\"name\":\"PotenciaRadiofonicaDominicana.com\",\"url\":\"https:\/\/potenciaradiofonicadominicana.com\/portal\/\",\"logo\":{\"@type\":\"ImageObject\",\"inLanguage\":\"es\",\"@id\":\"https:\/\/potenciaradiofonicadominicana.com\/portal\/#\/schema\/logo\/image\/\",\"url\":\"https:\/\/potenciaradiofonicadominicana.com\/portal\/wp-content\/uploads\/2022\/01\/descarga.png\",\"contentUrl\":\"https:\/\/potenciaradiofonicadominicana.com\/portal\/wp-content\/uploads\/2022\/01\/descarga.png\",\"width\":300,\"height\":100,\"caption\":\"PotenciaRadiofonicaDominicana.com\"},\"image\":{\"@id\":\"https:\/\/potenciaradiofonicadominicana.com\/portal\/#\/schema\/logo\/image\/\"},\"sameAs\":[\"https:\/\/web.facebook.com\/PotenciaRadiofonicaD\"]},{\"@type\":\"Person\",\"@id\":\"https:\/\/potenciaradiofonicadominicana.com\/portal\/#\/schema\/person\/a5cf1fea13877803ee0573ac18b03490\",\"name\":\"Potencia Radiof\u00f3nica Dominicana\",\"image\":{\"@type\":\"ImageObject\",\"inLanguage\":\"es\",\"@id\":\"https:\/\/potenciaradiofonicadominicana.com\/portal\/#\/schema\/person\/image\/\",\"url\":\"https:\/\/secure.gravatar.com\/avatar\/42a55ab9e8ccc656ba34cd791990602a?s=96&d=mm&r=g\",\"contentUrl\":\"https:\/\/secure.gravatar.com\/avatar\/42a55ab9e8ccc656ba34cd791990602a?s=96&d=mm&r=g\",\"caption\":\"Potencia Radiof\u00f3nica Dominicana\"},\"url\":\"https:\/\/potenciaradiofonicadominicana.com\/portal\/author\/johannyalmanzar\/\"}]}<\/script>\n<!-- \/ Yoast SEO plugin. -->","yoast_head_json":{"title":"El superalimento definitivo - PotenciaRadiofonicaDominicana.com","robots":{"index":"index","follow":"follow","max-snippet":"max-snippet:-1","max-image-preview":"max-image-preview:large","max-video-preview":"max-video-preview:-1"},"canonical":"https:\/\/potenciaradiofonicadominicana.com\/portal\/el-superalimento-definitivo\/","og_locale":"es_ES","og_type":"article","og_title":"El superalimento definitivo - PotenciaRadiofonicaDominicana.com","og_description":"En la era de las dietas y el marketing de los suplementos, la pregunta parece sencilla pero esconde una complejidad ...","og_url":"https:\/\/potenciaradiofonicadominicana.com\/portal\/el-superalimento-definitivo\/","og_site_name":"PotenciaRadiofonicaDominicana.com","article_publisher":"https:\/\/web.facebook.com\/PotenciaRadiofonicaD","article_published_time":"2026-04-26T23:01:17+00:00","og_image":[{"width":670,"height":389,"url":"https:\/\/potenciaradiofonicadominicana.com\/portal\/wp-content\/uploads\/2026\/04\/1931_mrgajowy3-food-7116174.jpg","type":"image\/jpeg"}],"author":"Potencia Radiof\u00f3nica Dominicana","twitter_card":"summary_large_image","twitter_misc":{"Escrito por":"Potencia Radiof\u00f3nica Dominicana","Tiempo de lectura":"3 minutos"},"schema":{"@context":"https:\/\/schema.org","@graph":[{"@type":"Article","@id":"https:\/\/potenciaradiofonicadominicana.com\/portal\/el-superalimento-definitivo\/#article","isPartOf":{"@id":"https:\/\/potenciaradiofonicadominicana.com\/portal\/el-superalimento-definitivo\/"},"author":{"name":"Potencia Radiof\u00f3nica Dominicana","@id":"https:\/\/potenciaradiofonicadominicana.com\/portal\/#\/schema\/person\/a5cf1fea13877803ee0573ac18b03490"},"headline":"El superalimento definitivo","datePublished":"2026-04-26T23:01:17+00:00","mainEntityOfPage":{"@id":"https:\/\/potenciaradiofonicadominicana.com\/portal\/el-superalimento-definitivo\/"},"wordCount":561,"publisher":{"@id":"https:\/\/potenciaradiofonicadominicana.com\/portal\/#organization"},"image":{"@id":"https:\/\/potenciaradiofonicadominicana.com\/portal\/el-superalimento-definitivo\/#primaryimage"},"thumbnailUrl":"https:\/\/potenciaradiofonicadominicana.com\/portal\/wp-content\/uploads\/2026\/04\/1931_mrgajowy3-food-7116174.jpg","articleSection":["Ciencia y Tecnolog\u00eda"],"inLanguage":"es"},{"@type":"WebPage","@id":"https:\/\/potenciaradiofonicadominicana.com\/portal\/el-superalimento-definitivo\/","url":"https:\/\/potenciaradiofonicadominicana.com\/portal\/el-superalimento-definitivo\/","name":"El superalimento definitivo - PotenciaRadiofonicaDominicana.com","isPartOf":{"@id":"https:\/\/potenciaradiofonicadominicana.com\/portal\/#website"},"primaryImageOfPage":{"@id":"https:\/\/potenciaradiofonicadominicana.com\/portal\/el-superalimento-definitivo\/#primaryimage"},"image":{"@id":"https:\/\/potenciaradiofonicadominicana.com\/portal\/el-superalimento-definitivo\/#primaryimage"},"thumbnailUrl":"https:\/\/potenciaradiofonicadominicana.com\/portal\/wp-content\/uploads\/2026\/04\/1931_mrgajowy3-food-7116174.jpg","datePublished":"2026-04-26T23:01:17+00:00","breadcrumb":{"@id":"https:\/\/potenciaradiofonicadominicana.com\/portal\/el-superalimento-definitivo\/#breadcrumb"},"inLanguage":"es","potentialAction":[{"@type":"ReadAction","target":["https:\/\/potenciaradiofonicadominicana.com\/portal\/el-superalimento-definitivo\/"]}]},{"@type":"ImageObject","inLanguage":"es","@id":"https:\/\/potenciaradiofonicadominicana.com\/portal\/el-superalimento-definitivo\/#primaryimage","url":"https:\/\/potenciaradiofonicadominicana.com\/portal\/wp-content\/uploads\/2026\/04\/1931_mrgajowy3-food-7116174.jpg","contentUrl":"https:\/\/potenciaradiofonicadominicana.com\/portal\/wp-content\/uploads\/2026\/04\/1931_mrgajowy3-food-7116174.jpg","width":670,"height":389},{"@type":"BreadcrumbList","@id":"https:\/\/potenciaradiofonicadominicana.com\/portal\/el-superalimento-definitivo\/#breadcrumb","itemListElement":[{"@type":"ListItem","position":1,"name":"Portada","item":"https:\/\/potenciaradiofonicadominicana.com\/portal\/"},{"@type":"ListItem","position":2,"name":"El superalimento definitivo"}]},{"@type":"WebSite","@id":"https:\/\/potenciaradiofonicadominicana.com\/portal\/#website","url":"https:\/\/potenciaradiofonicadominicana.com\/portal\/","name":"PotenciaRadiofonicaDominicana.com","description":"Peri\u00f3dico Digital","publisher":{"@id":"https:\/\/potenciaradiofonicadominicana.com\/portal\/#organization"},"potentialAction":[{"@type":"SearchAction","target":{"@type":"EntryPoint","urlTemplate":"https:\/\/potenciaradiofonicadominicana.com\/portal\/?s={search_term_string}"},"query-input":{"@type":"PropertyValueSpecification","valueRequired":true,"valueName":"search_term_string"}}],"inLanguage":"es"},{"@type":"Organization","@id":"https:\/\/potenciaradiofonicadominicana.com\/portal\/#organization","name":"PotenciaRadiofonicaDominicana.com","url":"https:\/\/potenciaradiofonicadominicana.com\/portal\/","logo":{"@type":"ImageObject","inLanguage":"es","@id":"https:\/\/potenciaradiofonicadominicana.com\/portal\/#\/schema\/logo\/image\/","url":"https:\/\/potenciaradiofonicadominicana.com\/portal\/wp-content\/uploads\/2022\/01\/descarga.png","contentUrl":"https:\/\/potenciaradiofonicadominicana.com\/portal\/wp-content\/uploads\/2022\/01\/descarga.png","width":300,"height":100,"caption":"PotenciaRadiofonicaDominicana.com"},"image":{"@id":"https:\/\/potenciaradiofonicadominicana.com\/portal\/#\/schema\/logo\/image\/"},"sameAs":["https:\/\/web.facebook.com\/PotenciaRadiofonicaD"]},{"@type":"Person","@id":"https:\/\/potenciaradiofonicadominicana.com\/portal\/#\/schema\/person\/a5cf1fea13877803ee0573ac18b03490","name":"Potencia Radiof\u00f3nica Dominicana","image":{"@type":"ImageObject","inLanguage":"es","@id":"https:\/\/potenciaradiofonicadominicana.com\/portal\/#\/schema\/person\/image\/","url":"https:\/\/secure.gravatar.com\/avatar\/42a55ab9e8ccc656ba34cd791990602a?s=96&d=mm&r=g","contentUrl":"https:\/\/secure.gravatar.com\/avatar\/42a55ab9e8ccc656ba34cd791990602a?s=96&d=mm&r=g","caption":"Potencia Radiof\u00f3nica Dominicana"},"url":"https:\/\/potenciaradiofonicadominicana.com\/portal\/author\/johannyalmanzar\/"}]}},"_links":{"self":[{"href":"https:\/\/potenciaradiofonicadominicana.com\/portal\/wp-json\/wp\/v2\/posts\/215753","targetHints":{"allow":["GET"]}}],"collection":[{"href":"https:\/\/potenciaradiofonicadominicana.com\/portal\/wp-json\/wp\/v2\/posts"}],"about":[{"href":"https:\/\/potenciaradiofonicadominicana.com\/portal\/wp-json\/wp\/v2\/types\/post"}],"author":[{"embeddable":true,"href":"https:\/\/potenciaradiofonicadominicana.com\/portal\/wp-json\/wp\/v2\/users\/2"}],"replies":[{"embeddable":true,"href":"https:\/\/potenciaradiofonicadominicana.com\/portal\/wp-json\/wp\/v2\/comments?post=215753"}],"version-history":[{"count":1,"href":"https:\/\/potenciaradiofonicadominicana.com\/portal\/wp-json\/wp\/v2\/posts\/215753\/revisions"}],"predecessor-version":[{"id":215755,"href":"https:\/\/potenciaradiofonicadominicana.com\/portal\/wp-json\/wp\/v2\/posts\/215753\/revisions\/215755"}],"wp:featuredmedia":[{"embeddable":true,"href":"https:\/\/potenciaradiofonicadominicana.com\/portal\/wp-json\/wp\/v2\/media\/215754"}],"wp:attachment":[{"href":"https:\/\/potenciaradiofonicadominicana.com\/portal\/wp-json\/wp\/v2\/media?parent=215753"}],"wp:term":[{"taxonomy":"category","embeddable":true,"href":"https:\/\/potenciaradiofonicadominicana.com\/portal\/wp-json\/wp\/v2\/categories?post=215753"},{"taxonomy":"post_tag","embeddable":true,"href":"https:\/\/potenciaradiofonicadominicana.com\/portal\/wp-json\/wp\/v2\/tags?post=215753"}],"curies":[{"name":"wp","href":"https:\/\/api.w.org\/{rel}","templated":true}]}}