{"id":215744,"date":"2026-04-26T18:56:11","date_gmt":"2026-04-26T22:56:11","guid":{"rendered":"https:\/\/potenciaradiofonicadominicana.com\/portal\/?p=215744"},"modified":"2026-04-26T18:56:11","modified_gmt":"2026-04-26T22:56:11","slug":"la-nave-mas-alejada-de-la-tierra-supera-otra-amenaza","status":"publish","type":"post","link":"https:\/\/potenciaradiofonicadominicana.com\/portal\/la-nave-mas-alejada-de-la-tierra-supera-otra-amenaza\/","title":{"rendered":"La nave m\u00e1s alejada de la Tierra supera otra amenaza"},"content":{"rendered":"<p><a href=\"https:\/\/potenciaradiofonicadominicana.com\/portal\/wp-content\/uploads\/2026\/04\/5387_la-nave-mas-alejada-de-la-tierra-supera.jpg\"><img loading=\"lazy\" decoding=\"async\" class=\"alignnone size-full wp-image-215745\" src=\"https:\/\/potenciaradiofonicadominicana.com\/portal\/wp-content\/uploads\/2026\/04\/5387_la-nave-mas-alejada-de-la-tierra-supera.jpg\" alt=\"\" width=\"670\" height=\"377\" srcset=\"https:\/\/potenciaradiofonicadominicana.com\/portal\/wp-content\/uploads\/2026\/04\/5387_la-nave-mas-alejada-de-la-tierra-supera.jpg 670w, https:\/\/potenciaradiofonicadominicana.com\/portal\/wp-content\/uploads\/2026\/04\/5387_la-nave-mas-alejada-de-la-tierra-supera-300x169.jpg 300w\" sizes=\"auto, (max-width: 670px) 100vw, 670px\" \/><\/a><\/p>\n<p>La nave espacial Voyager 1 de la NASA es el objeto de fabricaci\u00f3n humana m\u00e1s alejado de nuestro mundo. Se halla ya a un d\u00eda-luz de la Tierra, en el espacio interestelar. La nave parti\u00f3 de nuestro planeta en 1977 y desde entonces ella y su gemela la Voyager 2 han resistido las vicisitudes de su largo viaje sin retorno.<\/p>\n<p>&nbsp;<\/p>\n<p>Cada Voyager obtiene la energ\u00eda para sus sistemas de a bordo gracias a un generador termoel\u00e9ctrico de radiois\u00f3topos que contiene plutonio, el cual emite calor que es convertido en electricidad. A medida que la carga de plutonio se va desintegrando, la producci\u00f3n de calor disminuye y las Voyager obtienen menos electricidad.<\/p>\n<p>&nbsp;<\/p>\n<p>Esta disminuci\u00f3n paulatina de potencia de su fuente de energ\u00eda el\u00e9ctrica y de calor, est\u00e1 obligando a los ingenieros de la misi\u00f3n a tomar decisiones dr\u00e1sticas para afrontar las situaciones de peligro que van present\u00e1ndose.<\/p>\n<div class=\"google-auto-placed ap_container\"><ins class=\"adsbygoogle adsbygoogle-noablate\" data-ad-format=\"auto\" data-ad-client=\"ca-pub-5663005764905852\" data-adsbygoogle-status=\"done\" data-ad-status=\"unfill-optimized\"><\/p>\n<div id=\"aswift_2_host\">\n<div class=\"google-aiuf\" data-google-ad-efd=\"true\">\n<div class=\"goog-rentries\">\n<div><\/div>\n<\/div>\n<\/div>\n<\/div>\n<p><\/ins><\/div>\n<p>Una de tales situaciones arriesgadas se produjo cuando, durante una maniobra de rutinaria y planificada el pasado 27 de febrero, los niveles de potencia de la Voyager 1 cayeron inesperadamente. Los ingenieros de la misi\u00f3n sab\u00edan que cualquier ca\u00edda adicional de potencia podr\u00eda activar un sistema de protecci\u00f3n que, por su cuenta, apagar\u00eda componentes para salvaguardar la sonda, lo que requerir\u00eda que el personal de la misi\u00f3n llevase a cabo un proceso de reactivaci\u00f3n que es muy largo y que conlleva sus propios riesgos.<\/p>\n<p>&nbsp;<\/p>\n<p>El equipo de ingenieros de la misi\u00f3n Voyager ten\u00eda que actuar, desconectando un instrumento cient\u00edfico de la nave, antes de que ese sistema de protecci\u00f3n se activase.<\/p>\n<div class=\"imagefooterprint\"><\/div>\n<p>Recreaci\u00f3n art\u00edstica de la sonda espacial Voyager 1 surcando el espacio interestelar. (Imagen: NASA JPL \/ Caltech)<\/p>\n<p>&nbsp;<\/p>\n<p>La elecci\u00f3n de qu\u00e9 instrumento apagar no se tom\u00f3 de manera precipitada. A\u00f1os atr\u00e1s, los equipos de ciencia e ingenier\u00eda de la misi\u00f3n Voyager se reunieron y acordaron el orden en que apagar\u00edan partes de la nave espacial, asegurando al mismo tiempo que la misi\u00f3n pudiera continuar, aunque fuese de un modo m\u00e1s modesto que anta\u00f1o.<\/p>\n<div class=\"google-auto-placed ap_container\"><ins class=\"adsbygoogle adsbygoogle-noablate\" data-ad-format=\"auto\" data-ad-client=\"ca-pub-5663005764905852\" data-adsbygoogle-status=\"done\" data-ad-status=\"unfill-optimized\"><\/p>\n<div id=\"aswift_3_host\">\n<div class=\"google-aiuf\" data-google-ad-efd=\"true\">\n<div class=\"goog-rentries\">\n<div class=\"google-anno-skip goog-rentry\" tabindex=\"0\" role=\"link\" aria-label=\"la Ciencia\" data-google-vignette=\"false\" data-google-interstitial=\"false\"><\/div>\n<div><\/div>\n<\/div>\n<\/div>\n<\/div>\n<p><\/ins><\/div>\n<p>Como la Voyager 1 est\u00e1 a un d\u00eda-luz de la Tierra, la secuencia de comandos inform\u00e1ticos para apagar el instrumento tard\u00f3 ese tiempo en llegar a la nave. A dicho lapso hay que a\u00f1adirles las 3 horas y cuarto que tarda en llevarse a cabo el proceso.<\/p>\n<p>&nbsp;<\/p>\n<p>Los ingenieros de la misi\u00f3n conf\u00edan en que, con la nueva desconexi\u00f3n en el instrumental cient\u00edfico de la Voyager 1, la nave no estar\u00e1 en riesgo durante al menos un a\u00f1o. Despu\u00e9s, ya se ver\u00e1.<\/p>\n<p>&nbsp;<\/p>\n<p>Tarde o temprano, llegar\u00e1 un d\u00eda en que a la Voyager 1 y a su hermana la 2 se les agotar\u00e1 la energ\u00eda de a bordo y entonces ya no podr\u00e1n comunicarse nunca m\u00e1s con la Tierra. Sus sistemas electr\u00f3nicos dejar\u00e1n de funcionar y ambas naves quedar\u00e1n inertes. A\u00fan as\u00ed, su aventura proseguir\u00e1 y podr\u00eda incluso entrar en una etapa mucho m\u00e1s fascinante que cualquiera de las otras que han vivido: un contacto con seres extraterrestres\u2026<\/p>\n<p>&nbsp;<\/p>\n<p>Ambas naves seguir\u00e1n recorriendo la galaxia y pasar\u00e1n relativamente cerca de algunas estrellas. Si alguna civilizaci\u00f3n extraterrestre detectase a alguna de las Voyager y la recogiera, cada nave est\u00e1 preparada para servir de embajadora de la humanidad. Ambas naves llevan a bordo un dep\u00f3sito con mensajes e informaci\u00f3n sobre la civilizaci\u00f3n humana destinado a cualquier alien\u00edgena inteligente que las encuentre. Para superar la barrera del idioma, los dise\u00f1adores de esta especie de mensaje en una botella c\u00f3smica recurrieron a las matem\u00e1ticas, que son iguales en todos los rincones del universo. Los s\u00edmbolos representados en la parte exterior deber\u00edan ser entendibles por cualquier ser lo bastante inteligente, ayud\u00e1ndole a acceder al resto de la informaci\u00f3n. (Fuente:\u00a0<a href=\"https:\/\/noticiasdelaciencia.com\/\">NCYT de Amazings<\/a>)<\/p>\n","protected":false},"excerpt":{"rendered":"<p>La nave espacial Voyager 1 de la NASA es el objeto de fabricaci\u00f3n humana m\u00e1s alejado de nuestro mundo. Se &#8230;<\/p>\n","protected":false},"author":2,"featured_media":215745,"comment_status":"closed","ping_status":"closed","sticky":false,"template":"","format":"standard","meta":{"footnotes":""},"categories":[14],"tags":[],"class_list":["post-215744","post","type-post","status-publish","format-standard","has-post-thumbnail","hentry","category-ciencia-y-tecnologia"],"yoast_head":"<!-- This site is optimized with the Yoast SEO plugin v24.8.1 - https:\/\/yoast.com\/wordpress\/plugins\/seo\/ -->\n<title>La nave m\u00e1s alejada de la Tierra supera otra amenaza - PotenciaRadiofonicaDominicana.com<\/title>\n<meta name=\"robots\" content=\"index, follow, max-snippet:-1, max-image-preview:large, max-video-preview:-1\" \/>\n<link rel=\"canonical\" href=\"https:\/\/potenciaradiofonicadominicana.com\/portal\/la-nave-mas-alejada-de-la-tierra-supera-otra-amenaza\/\" \/>\n<meta property=\"og:locale\" content=\"es_ES\" \/>\n<meta property=\"og:type\" content=\"article\" \/>\n<meta property=\"og:title\" content=\"La nave m\u00e1s alejada de la Tierra supera otra amenaza - PotenciaRadiofonicaDominicana.com\" \/>\n<meta property=\"og:description\" content=\"La nave espacial Voyager 1 de la NASA es el objeto de fabricaci\u00f3n humana m\u00e1s alejado de nuestro mundo. Se ...\" \/>\n<meta property=\"og:url\" content=\"https:\/\/potenciaradiofonicadominicana.com\/portal\/la-nave-mas-alejada-de-la-tierra-supera-otra-amenaza\/\" \/>\n<meta property=\"og:site_name\" content=\"PotenciaRadiofonicaDominicana.com\" \/>\n<meta property=\"article:publisher\" content=\"https:\/\/web.facebook.com\/PotenciaRadiofonicaD\" \/>\n<meta property=\"article:published_time\" content=\"2026-04-26T22:56:11+00:00\" \/>\n<meta property=\"og:image\" content=\"https:\/\/potenciaradiofonicadominicana.com\/portal\/wp-content\/uploads\/2026\/04\/5387_la-nave-mas-alejada-de-la-tierra-supera.jpg\" \/>\n\t<meta property=\"og:image:width\" content=\"670\" \/>\n\t<meta property=\"og:image:height\" content=\"377\" \/>\n\t<meta property=\"og:image:type\" content=\"image\/jpeg\" \/>\n<meta name=\"author\" content=\"Potencia Radiof\u00f3nica Dominicana\" \/>\n<meta name=\"twitter:card\" content=\"summary_large_image\" \/>\n<meta name=\"twitter:label1\" content=\"Escrito por\" \/>\n\t<meta name=\"twitter:data1\" content=\"Potencia Radiof\u00f3nica Dominicana\" \/>\n\t<meta name=\"twitter:label2\" content=\"Tiempo de lectura\" \/>\n\t<meta name=\"twitter:data2\" content=\"4 minutos\" \/>\n<script type=\"application\/ld+json\" class=\"yoast-schema-graph\">{\"@context\":\"https:\/\/schema.org\",\"@graph\":[{\"@type\":\"Article\",\"@id\":\"https:\/\/potenciaradiofonicadominicana.com\/portal\/la-nave-mas-alejada-de-la-tierra-supera-otra-amenaza\/#article\",\"isPartOf\":{\"@id\":\"https:\/\/potenciaradiofonicadominicana.com\/portal\/la-nave-mas-alejada-de-la-tierra-supera-otra-amenaza\/\"},\"author\":{\"name\":\"Potencia Radiof\u00f3nica Dominicana\",\"@id\":\"https:\/\/potenciaradiofonicadominicana.com\/portal\/#\/schema\/person\/a5cf1fea13877803ee0573ac18b03490\"},\"headline\":\"La nave m\u00e1s alejada de la Tierra supera otra amenaza\",\"datePublished\":\"2026-04-26T22:56:11+00:00\",\"mainEntityOfPage\":{\"@id\":\"https:\/\/potenciaradiofonicadominicana.com\/portal\/la-nave-mas-alejada-de-la-tierra-supera-otra-amenaza\/\"},\"wordCount\":682,\"publisher\":{\"@id\":\"https:\/\/potenciaradiofonicadominicana.com\/portal\/#organization\"},\"image\":{\"@id\":\"https:\/\/potenciaradiofonicadominicana.com\/portal\/la-nave-mas-alejada-de-la-tierra-supera-otra-amenaza\/#primaryimage\"},\"thumbnailUrl\":\"https:\/\/potenciaradiofonicadominicana.com\/portal\/wp-content\/uploads\/2026\/04\/5387_la-nave-mas-alejada-de-la-tierra-supera.jpg\",\"articleSection\":[\"Ciencia y Tecnolog\u00eda\"],\"inLanguage\":\"es\"},{\"@type\":\"WebPage\",\"@id\":\"https:\/\/potenciaradiofonicadominicana.com\/portal\/la-nave-mas-alejada-de-la-tierra-supera-otra-amenaza\/\",\"url\":\"https:\/\/potenciaradiofonicadominicana.com\/portal\/la-nave-mas-alejada-de-la-tierra-supera-otra-amenaza\/\",\"name\":\"La nave m\u00e1s alejada de la Tierra supera otra amenaza - PotenciaRadiofonicaDominicana.com\",\"isPartOf\":{\"@id\":\"https:\/\/potenciaradiofonicadominicana.com\/portal\/#website\"},\"primaryImageOfPage\":{\"@id\":\"https:\/\/potenciaradiofonicadominicana.com\/portal\/la-nave-mas-alejada-de-la-tierra-supera-otra-amenaza\/#primaryimage\"},\"image\":{\"@id\":\"https:\/\/potenciaradiofonicadominicana.com\/portal\/la-nave-mas-alejada-de-la-tierra-supera-otra-amenaza\/#primaryimage\"},\"thumbnailUrl\":\"https:\/\/potenciaradiofonicadominicana.com\/portal\/wp-content\/uploads\/2026\/04\/5387_la-nave-mas-alejada-de-la-tierra-supera.jpg\",\"datePublished\":\"2026-04-26T22:56:11+00:00\",\"breadcrumb\":{\"@id\":\"https:\/\/potenciaradiofonicadominicana.com\/portal\/la-nave-mas-alejada-de-la-tierra-supera-otra-amenaza\/#breadcrumb\"},\"inLanguage\":\"es\",\"potentialAction\":[{\"@type\":\"ReadAction\",\"target\":[\"https:\/\/potenciaradiofonicadominicana.com\/portal\/la-nave-mas-alejada-de-la-tierra-supera-otra-amenaza\/\"]}]},{\"@type\":\"ImageObject\",\"inLanguage\":\"es\",\"@id\":\"https:\/\/potenciaradiofonicadominicana.com\/portal\/la-nave-mas-alejada-de-la-tierra-supera-otra-amenaza\/#primaryimage\",\"url\":\"https:\/\/potenciaradiofonicadominicana.com\/portal\/wp-content\/uploads\/2026\/04\/5387_la-nave-mas-alejada-de-la-tierra-supera.jpg\",\"contentUrl\":\"https:\/\/potenciaradiofonicadominicana.com\/portal\/wp-content\/uploads\/2026\/04\/5387_la-nave-mas-alejada-de-la-tierra-supera.jpg\",\"width\":670,\"height\":377},{\"@type\":\"BreadcrumbList\",\"@id\":\"https:\/\/potenciaradiofonicadominicana.com\/portal\/la-nave-mas-alejada-de-la-tierra-supera-otra-amenaza\/#breadcrumb\",\"itemListElement\":[{\"@type\":\"ListItem\",\"position\":1,\"name\":\"Portada\",\"item\":\"https:\/\/potenciaradiofonicadominicana.com\/portal\/\"},{\"@type\":\"ListItem\",\"position\":2,\"name\":\"La nave m\u00e1s alejada de la Tierra supera otra amenaza\"}]},{\"@type\":\"WebSite\",\"@id\":\"https:\/\/potenciaradiofonicadominicana.com\/portal\/#website\",\"url\":\"https:\/\/potenciaradiofonicadominicana.com\/portal\/\",\"name\":\"PotenciaRadiofonicaDominicana.com\",\"description\":\"Peri\u00f3dico Digital\",\"publisher\":{\"@id\":\"https:\/\/potenciaradiofonicadominicana.com\/portal\/#organization\"},\"potentialAction\":[{\"@type\":\"SearchAction\",\"target\":{\"@type\":\"EntryPoint\",\"urlTemplate\":\"https:\/\/potenciaradiofonicadominicana.com\/portal\/?s={search_term_string}\"},\"query-input\":{\"@type\":\"PropertyValueSpecification\",\"valueRequired\":true,\"valueName\":\"search_term_string\"}}],\"inLanguage\":\"es\"},{\"@type\":\"Organization\",\"@id\":\"https:\/\/potenciaradiofonicadominicana.com\/portal\/#organization\",\"name\":\"PotenciaRadiofonicaDominicana.com\",\"url\":\"https:\/\/potenciaradiofonicadominicana.com\/portal\/\",\"logo\":{\"@type\":\"ImageObject\",\"inLanguage\":\"es\",\"@id\":\"https:\/\/potenciaradiofonicadominicana.com\/portal\/#\/schema\/logo\/image\/\",\"url\":\"https:\/\/potenciaradiofonicadominicana.com\/portal\/wp-content\/uploads\/2022\/01\/descarga.png\",\"contentUrl\":\"https:\/\/potenciaradiofonicadominicana.com\/portal\/wp-content\/uploads\/2022\/01\/descarga.png\",\"width\":300,\"height\":100,\"caption\":\"PotenciaRadiofonicaDominicana.com\"},\"image\":{\"@id\":\"https:\/\/potenciaradiofonicadominicana.com\/portal\/#\/schema\/logo\/image\/\"},\"sameAs\":[\"https:\/\/web.facebook.com\/PotenciaRadiofonicaD\"]},{\"@type\":\"Person\",\"@id\":\"https:\/\/potenciaradiofonicadominicana.com\/portal\/#\/schema\/person\/a5cf1fea13877803ee0573ac18b03490\",\"name\":\"Potencia Radiof\u00f3nica Dominicana\",\"image\":{\"@type\":\"ImageObject\",\"inLanguage\":\"es\",\"@id\":\"https:\/\/potenciaradiofonicadominicana.com\/portal\/#\/schema\/person\/image\/\",\"url\":\"https:\/\/secure.gravatar.com\/avatar\/42a55ab9e8ccc656ba34cd791990602a?s=96&d=mm&r=g\",\"contentUrl\":\"https:\/\/secure.gravatar.com\/avatar\/42a55ab9e8ccc656ba34cd791990602a?s=96&d=mm&r=g\",\"caption\":\"Potencia Radiof\u00f3nica Dominicana\"},\"url\":\"https:\/\/potenciaradiofonicadominicana.com\/portal\/author\/johannyalmanzar\/\"}]}<\/script>\n<!-- \/ Yoast SEO plugin. -->","yoast_head_json":{"title":"La nave m\u00e1s alejada de la Tierra supera otra amenaza - PotenciaRadiofonicaDominicana.com","robots":{"index":"index","follow":"follow","max-snippet":"max-snippet:-1","max-image-preview":"max-image-preview:large","max-video-preview":"max-video-preview:-1"},"canonical":"https:\/\/potenciaradiofonicadominicana.com\/portal\/la-nave-mas-alejada-de-la-tierra-supera-otra-amenaza\/","og_locale":"es_ES","og_type":"article","og_title":"La nave m\u00e1s alejada de la Tierra supera otra amenaza - PotenciaRadiofonicaDominicana.com","og_description":"La nave espacial Voyager 1 de la NASA es el objeto de fabricaci\u00f3n humana m\u00e1s alejado de nuestro mundo. Se ...","og_url":"https:\/\/potenciaradiofonicadominicana.com\/portal\/la-nave-mas-alejada-de-la-tierra-supera-otra-amenaza\/","og_site_name":"PotenciaRadiofonicaDominicana.com","article_publisher":"https:\/\/web.facebook.com\/PotenciaRadiofonicaD","article_published_time":"2026-04-26T22:56:11+00:00","og_image":[{"width":670,"height":377,"url":"https:\/\/potenciaradiofonicadominicana.com\/portal\/wp-content\/uploads\/2026\/04\/5387_la-nave-mas-alejada-de-la-tierra-supera.jpg","type":"image\/jpeg"}],"author":"Potencia Radiof\u00f3nica Dominicana","twitter_card":"summary_large_image","twitter_misc":{"Escrito por":"Potencia Radiof\u00f3nica Dominicana","Tiempo de lectura":"4 minutos"},"schema":{"@context":"https:\/\/schema.org","@graph":[{"@type":"Article","@id":"https:\/\/potenciaradiofonicadominicana.com\/portal\/la-nave-mas-alejada-de-la-tierra-supera-otra-amenaza\/#article","isPartOf":{"@id":"https:\/\/potenciaradiofonicadominicana.com\/portal\/la-nave-mas-alejada-de-la-tierra-supera-otra-amenaza\/"},"author":{"name":"Potencia Radiof\u00f3nica Dominicana","@id":"https:\/\/potenciaradiofonicadominicana.com\/portal\/#\/schema\/person\/a5cf1fea13877803ee0573ac18b03490"},"headline":"La nave m\u00e1s alejada de la Tierra supera otra amenaza","datePublished":"2026-04-26T22:56:11+00:00","mainEntityOfPage":{"@id":"https:\/\/potenciaradiofonicadominicana.com\/portal\/la-nave-mas-alejada-de-la-tierra-supera-otra-amenaza\/"},"wordCount":682,"publisher":{"@id":"https:\/\/potenciaradiofonicadominicana.com\/portal\/#organization"},"image":{"@id":"https:\/\/potenciaradiofonicadominicana.com\/portal\/la-nave-mas-alejada-de-la-tierra-supera-otra-amenaza\/#primaryimage"},"thumbnailUrl":"https:\/\/potenciaradiofonicadominicana.com\/portal\/wp-content\/uploads\/2026\/04\/5387_la-nave-mas-alejada-de-la-tierra-supera.jpg","articleSection":["Ciencia y Tecnolog\u00eda"],"inLanguage":"es"},{"@type":"WebPage","@id":"https:\/\/potenciaradiofonicadominicana.com\/portal\/la-nave-mas-alejada-de-la-tierra-supera-otra-amenaza\/","url":"https:\/\/potenciaradiofonicadominicana.com\/portal\/la-nave-mas-alejada-de-la-tierra-supera-otra-amenaza\/","name":"La nave m\u00e1s alejada de la Tierra supera otra amenaza - PotenciaRadiofonicaDominicana.com","isPartOf":{"@id":"https:\/\/potenciaradiofonicadominicana.com\/portal\/#website"},"primaryImageOfPage":{"@id":"https:\/\/potenciaradiofonicadominicana.com\/portal\/la-nave-mas-alejada-de-la-tierra-supera-otra-amenaza\/#primaryimage"},"image":{"@id":"https:\/\/potenciaradiofonicadominicana.com\/portal\/la-nave-mas-alejada-de-la-tierra-supera-otra-amenaza\/#primaryimage"},"thumbnailUrl":"https:\/\/potenciaradiofonicadominicana.com\/portal\/wp-content\/uploads\/2026\/04\/5387_la-nave-mas-alejada-de-la-tierra-supera.jpg","datePublished":"2026-04-26T22:56:11+00:00","breadcrumb":{"@id":"https:\/\/potenciaradiofonicadominicana.com\/portal\/la-nave-mas-alejada-de-la-tierra-supera-otra-amenaza\/#breadcrumb"},"inLanguage":"es","potentialAction":[{"@type":"ReadAction","target":["https:\/\/potenciaradiofonicadominicana.com\/portal\/la-nave-mas-alejada-de-la-tierra-supera-otra-amenaza\/"]}]},{"@type":"ImageObject","inLanguage":"es","@id":"https:\/\/potenciaradiofonicadominicana.com\/portal\/la-nave-mas-alejada-de-la-tierra-supera-otra-amenaza\/#primaryimage","url":"https:\/\/potenciaradiofonicadominicana.com\/portal\/wp-content\/uploads\/2026\/04\/5387_la-nave-mas-alejada-de-la-tierra-supera.jpg","contentUrl":"https:\/\/potenciaradiofonicadominicana.com\/portal\/wp-content\/uploads\/2026\/04\/5387_la-nave-mas-alejada-de-la-tierra-supera.jpg","width":670,"height":377},{"@type":"BreadcrumbList","@id":"https:\/\/potenciaradiofonicadominicana.com\/portal\/la-nave-mas-alejada-de-la-tierra-supera-otra-amenaza\/#breadcrumb","itemListElement":[{"@type":"ListItem","position":1,"name":"Portada","item":"https:\/\/potenciaradiofonicadominicana.com\/portal\/"},{"@type":"ListItem","position":2,"name":"La nave m\u00e1s alejada de la Tierra supera otra amenaza"}]},{"@type":"WebSite","@id":"https:\/\/potenciaradiofonicadominicana.com\/portal\/#website","url":"https:\/\/potenciaradiofonicadominicana.com\/portal\/","name":"PotenciaRadiofonicaDominicana.com","description":"Peri\u00f3dico Digital","publisher":{"@id":"https:\/\/potenciaradiofonicadominicana.com\/portal\/#organization"},"potentialAction":[{"@type":"SearchAction","target":{"@type":"EntryPoint","urlTemplate":"https:\/\/potenciaradiofonicadominicana.com\/portal\/?s={search_term_string}"},"query-input":{"@type":"PropertyValueSpecification","valueRequired":true,"valueName":"search_term_string"}}],"inLanguage":"es"},{"@type":"Organization","@id":"https:\/\/potenciaradiofonicadominicana.com\/portal\/#organization","name":"PotenciaRadiofonicaDominicana.com","url":"https:\/\/potenciaradiofonicadominicana.com\/portal\/","logo":{"@type":"ImageObject","inLanguage":"es","@id":"https:\/\/potenciaradiofonicadominicana.com\/portal\/#\/schema\/logo\/image\/","url":"https:\/\/potenciaradiofonicadominicana.com\/portal\/wp-content\/uploads\/2022\/01\/descarga.png","contentUrl":"https:\/\/potenciaradiofonicadominicana.com\/portal\/wp-content\/uploads\/2022\/01\/descarga.png","width":300,"height":100,"caption":"PotenciaRadiofonicaDominicana.com"},"image":{"@id":"https:\/\/potenciaradiofonicadominicana.com\/portal\/#\/schema\/logo\/image\/"},"sameAs":["https:\/\/web.facebook.com\/PotenciaRadiofonicaD"]},{"@type":"Person","@id":"https:\/\/potenciaradiofonicadominicana.com\/portal\/#\/schema\/person\/a5cf1fea13877803ee0573ac18b03490","name":"Potencia Radiof\u00f3nica Dominicana","image":{"@type":"ImageObject","inLanguage":"es","@id":"https:\/\/potenciaradiofonicadominicana.com\/portal\/#\/schema\/person\/image\/","url":"https:\/\/secure.gravatar.com\/avatar\/42a55ab9e8ccc656ba34cd791990602a?s=96&d=mm&r=g","contentUrl":"https:\/\/secure.gravatar.com\/avatar\/42a55ab9e8ccc656ba34cd791990602a?s=96&d=mm&r=g","caption":"Potencia Radiof\u00f3nica Dominicana"},"url":"https:\/\/potenciaradiofonicadominicana.com\/portal\/author\/johannyalmanzar\/"}]}},"_links":{"self":[{"href":"https:\/\/potenciaradiofonicadominicana.com\/portal\/wp-json\/wp\/v2\/posts\/215744","targetHints":{"allow":["GET"]}}],"collection":[{"href":"https:\/\/potenciaradiofonicadominicana.com\/portal\/wp-json\/wp\/v2\/posts"}],"about":[{"href":"https:\/\/potenciaradiofonicadominicana.com\/portal\/wp-json\/wp\/v2\/types\/post"}],"author":[{"embeddable":true,"href":"https:\/\/potenciaradiofonicadominicana.com\/portal\/wp-json\/wp\/v2\/users\/2"}],"replies":[{"embeddable":true,"href":"https:\/\/potenciaradiofonicadominicana.com\/portal\/wp-json\/wp\/v2\/comments?post=215744"}],"version-history":[{"count":1,"href":"https:\/\/potenciaradiofonicadominicana.com\/portal\/wp-json\/wp\/v2\/posts\/215744\/revisions"}],"predecessor-version":[{"id":215746,"href":"https:\/\/potenciaradiofonicadominicana.com\/portal\/wp-json\/wp\/v2\/posts\/215744\/revisions\/215746"}],"wp:featuredmedia":[{"embeddable":true,"href":"https:\/\/potenciaradiofonicadominicana.com\/portal\/wp-json\/wp\/v2\/media\/215745"}],"wp:attachment":[{"href":"https:\/\/potenciaradiofonicadominicana.com\/portal\/wp-json\/wp\/v2\/media?parent=215744"}],"wp:term":[{"taxonomy":"category","embeddable":true,"href":"https:\/\/potenciaradiofonicadominicana.com\/portal\/wp-json\/wp\/v2\/categories?post=215744"},{"taxonomy":"post_tag","embeddable":true,"href":"https:\/\/potenciaradiofonicadominicana.com\/portal\/wp-json\/wp\/v2\/tags?post=215744"}],"curies":[{"name":"wp","href":"https:\/\/api.w.org\/{rel}","templated":true}]}}