{"id":215734,"date":"2026-04-26T18:50:52","date_gmt":"2026-04-26T22:50:52","guid":{"rendered":"https:\/\/potenciaradiofonicadominicana.com\/portal\/?p=215734"},"modified":"2026-04-26T18:50:52","modified_gmt":"2026-04-26T22:50:52","slug":"observan-por-vez-primera-el-entrelazamiento-cuantico-entre-particulas-virtuales-y-reales","status":"publish","type":"post","link":"https:\/\/potenciaradiofonicadominicana.com\/portal\/observan-por-vez-primera-el-entrelazamiento-cuantico-entre-particulas-virtuales-y-reales\/","title":{"rendered":"Observan por vez primera el entrelazamiento cu\u00e1ntico entre part\u00edculas \u201cvirtuales\u201d y \u201creales\u201d"},"content":{"rendered":"<p><a href=\"https:\/\/potenciaradiofonicadominicana.com\/portal\/wp-content\/uploads\/2026\/04\/267_observan-por-vez-primera-el-entrelazamiento.jpg\"><img loading=\"lazy\" decoding=\"async\" class=\"alignnone size-full wp-image-215735\" src=\"https:\/\/potenciaradiofonicadominicana.com\/portal\/wp-content\/uploads\/2026\/04\/267_observan-por-vez-primera-el-entrelazamiento.jpg\" alt=\"\" width=\"670\" height=\"436\" srcset=\"https:\/\/potenciaradiofonicadominicana.com\/portal\/wp-content\/uploads\/2026\/04\/267_observan-por-vez-primera-el-entrelazamiento.jpg 670w, https:\/\/potenciaradiofonicadominicana.com\/portal\/wp-content\/uploads\/2026\/04\/267_observan-por-vez-primera-el-entrelazamiento-300x195.jpg 300w\" sizes=\"auto, (max-width: 670px) 100vw, 670px\" \/><\/a><\/p>\n<p>Unos cient\u00edficos han observado por vez primera un ex\u00f3tico fen\u00f3meno que puede describirse como un entrelazamiento cu\u00e1ntico entre part\u00edculas reales y otras que solo son virtuales aunque su influencia es del todo real.<\/p>\n<p>&nbsp;<\/p>\n<p>El estudio es obra de un extenso equipo internacional de cient\u00edficos que incluye a expertos del Consejo Superior de Investigaciones Cient\u00edficas (CSIC), en Espa\u00f1a, las universidades de Yale y Michigan, en Estados Unidos, y la Universidad de Oxford, en el Reino Unido.<\/p>\n<p>&nbsp;<\/p>\n<p>Las observaciones se efectuaron mediante el detector ATLAS y el Gran Colisionador de Hadrones (LHC), del CERN (Laboratorio Europeo de F\u00edsica de Part\u00edculas) para estudiar el entrelazamiento cu\u00e1ntico de dos bosones Z producidos en el proceso de desintegraci\u00f3n de un bos\u00f3n de Higgs.<\/p>\n<p>\u00abLas part\u00edculas virtuales son part\u00edculas que no cumplen la relaci\u00f3n relativista entre masa, energ\u00eda y momento. Y, por eso, nunca existen de forma real y medible, aunque sus efectos s\u00ed que son reales y medibles\u00bb, explica Juan Antonio Aguilar Saavedra, investigador del CSIC en el Instituto de F\u00edsica Te\u00f3rica (IFT) y participante en el estudio. Bosones W virtuales son, por ejemplo, responsables de las desintegraciones nucleares, que podemos observar aunque nunca podamos medir los bosones virtuales directamente.<\/p>\n<p>&nbsp;<\/p>\n<p>Esta medici\u00f3n del ATLAS tambi\u00e9n presenta otra novedad \u00fanica: es la primera vez que se obtiene evidencia del entrelazamiento entre qutrits elementales. Un qutrit es una unidad b\u00e1sica de informaci\u00f3n cu\u00e1ntica que posee tres estados posibles. Esto permite mayor capacidad de procesamiento y almacenamiento por unidad de lo que posibilita un qubit (bit cu\u00e1ntico) con solo dos estados.<\/p>\n<p>&nbsp;<\/p>\n<p>\u201cEl CSIC, a trav\u00e9s del IFT, ha contribuido activamente a que estos resultados hoy sean posibles\u201d, destaca Aguilar. El investigador, junto a Jos\u00e9 Alberto Casas y Jes\u00fas Mar\u00eda Moreno, tambi\u00e9n del IFT, han publicado desde 2023 diversos estudios que apuntaban a la posibilidad de alcanzar esta medida, un objetivo que hace unos a\u00f1os ni siquiera se contemplaba.<\/p>\n<p>&nbsp;<\/p>\n<p>[Img #78578]<\/p>\n<p>Calor\u00edmetro de ATLAS en el CERN. (Foto: CERN)<\/p>\n<p>&nbsp;<\/p>\n<p>Part\u00edculas virtuales entrelazadas<\/p>\n<p>&nbsp;<\/p>\n<p>La colaboraci\u00f3n ATLAS ha presentado por primera vez evidencia del entrelazamiento cu\u00e1ntico entre part\u00edculas reales y virtuales usando datos obtenidos en el LHC. Concretamente, se ha estudiado el entrelazamiento de esp\u00edn entre dos bosones Z (mediadores de la interacci\u00f3n electrod\u00e9bil) producidos en la desintegraci\u00f3n de un bos\u00f3n de Higgs. La interacci\u00f3n electrod\u00e9bil unifica el electromagnetismo y la fuerza nuclear d\u00e9bil, y es responsable por ejemplo de las desintegraciones nucleares.<\/p>\n<p>&nbsp;<\/p>\n<p>\u201cLa teor\u00eda de la relatividad proh\u00edbe que en una desintegraci\u00f3n las part\u00edculas finales sumen mayor masa que la part\u00edcula inicial. En la desintegraci\u00f3n del bos\u00f3n de Higgs a dos bosones Z, uno de ellos debe por tanto tener una `masa\u2019 menor que la que le corresponde, y es por tanto virtual.\u201d, expone Aguilar.<\/p>\n<p>Los bosones Z, junto con los bosones W, son las \u00fanicas part\u00edculas elementales con tres posibles estados de polarizaci\u00f3n (qutrits). Este estudio, el primero con qutrits, es un paso adelante clave en la investigaci\u00f3n de la mec\u00e1nica cu\u00e1ntica en la frontera de la energ\u00eda.<\/p>\n<p>&nbsp;<\/p>\n<p>\u00bfC\u00f3mo ver lo invisible?<\/p>\n<p>&nbsp;<\/p>\n<p>La desintegraci\u00f3n del bos\u00f3n de Higgs (esp\u00edn cero) produce dos bosones Z con espines altamente entrelazados. Pero uno de los bosones no es real, y el otro tiene un tiempo de vida media de unos 10-25 segundos. \u00bfC\u00f3mo es posible entonces obtener evidencia de este entrelazamiento de esp\u00edn?<\/p>\n<p>&nbsp;<\/p>\n<p>\u201cLa respuesta es estudiar la huella del entrelazamiento cu\u00e1ntico en los productos finales de desintegraci\u00f3n. Ambos bosones se desintegran casi de inmediato dando lugar a parejas de leptones o quarks, que son detectables en el experimento. Concretamente, la colaboraci\u00f3n ATLAS ha estudiado las desintegraciones a 4 leptones cargados, electrones o muones. Mediante el an\u00e1lisis de la distribuci\u00f3n espacial de estas part\u00edculas, es posible inferir las propiedades de los bosones Z que las produjeron, incluido el bos\u00f3n Z virtual que nunca se podr\u00eda observar directamente\u201d, se\u00f1ala Aguilar. (Fuente: CSIC)<\/p>\n","protected":false},"excerpt":{"rendered":"<p>Unos cient\u00edficos han observado por vez primera un ex\u00f3tico fen\u00f3meno que puede describirse como un entrelazamiento cu\u00e1ntico entre part\u00edculas reales &#8230;<\/p>\n","protected":false},"author":2,"featured_media":215735,"comment_status":"closed","ping_status":"closed","sticky":false,"template":"","format":"standard","meta":{"footnotes":""},"categories":[14],"tags":[],"class_list":["post-215734","post","type-post","status-publish","format-standard","has-post-thumbnail","hentry","category-ciencia-y-tecnologia"],"yoast_head":"<!-- This site is optimized with the Yoast SEO plugin v24.8.1 - https:\/\/yoast.com\/wordpress\/plugins\/seo\/ -->\n<title>Observan por vez primera el entrelazamiento cu\u00e1ntico entre part\u00edculas \u201cvirtuales\u201d y \u201creales\u201d - PotenciaRadiofonicaDominicana.com<\/title>\n<meta name=\"robots\" content=\"index, follow, max-snippet:-1, max-image-preview:large, max-video-preview:-1\" \/>\n<link rel=\"canonical\" href=\"https:\/\/potenciaradiofonicadominicana.com\/portal\/observan-por-vez-primera-el-entrelazamiento-cuantico-entre-particulas-virtuales-y-reales\/\" \/>\n<meta property=\"og:locale\" content=\"es_ES\" \/>\n<meta property=\"og:type\" content=\"article\" \/>\n<meta property=\"og:title\" content=\"Observan por vez primera el entrelazamiento cu\u00e1ntico entre part\u00edculas \u201cvirtuales\u201d y \u201creales\u201d - PotenciaRadiofonicaDominicana.com\" \/>\n<meta property=\"og:description\" content=\"Unos cient\u00edficos han observado por vez primera un ex\u00f3tico fen\u00f3meno que puede describirse como un entrelazamiento cu\u00e1ntico entre part\u00edculas reales ...\" \/>\n<meta property=\"og:url\" content=\"https:\/\/potenciaradiofonicadominicana.com\/portal\/observan-por-vez-primera-el-entrelazamiento-cuantico-entre-particulas-virtuales-y-reales\/\" \/>\n<meta property=\"og:site_name\" content=\"PotenciaRadiofonicaDominicana.com\" \/>\n<meta property=\"article:publisher\" content=\"https:\/\/web.facebook.com\/PotenciaRadiofonicaD\" \/>\n<meta property=\"article:published_time\" content=\"2026-04-26T22:50:52+00:00\" \/>\n<meta property=\"og:image\" content=\"https:\/\/potenciaradiofonicadominicana.com\/portal\/wp-content\/uploads\/2026\/04\/267_observan-por-vez-primera-el-entrelazamiento.jpg\" \/>\n\t<meta property=\"og:image:width\" content=\"670\" \/>\n\t<meta property=\"og:image:height\" content=\"436\" \/>\n\t<meta property=\"og:image:type\" content=\"image\/jpeg\" \/>\n<meta name=\"author\" content=\"Potencia Radiof\u00f3nica Dominicana\" \/>\n<meta name=\"twitter:card\" content=\"summary_large_image\" \/>\n<meta name=\"twitter:label1\" content=\"Escrito por\" \/>\n\t<meta name=\"twitter:data1\" content=\"Potencia Radiof\u00f3nica Dominicana\" \/>\n\t<meta name=\"twitter:label2\" content=\"Tiempo de lectura\" \/>\n\t<meta name=\"twitter:data2\" content=\"4 minutos\" \/>\n<script type=\"application\/ld+json\" class=\"yoast-schema-graph\">{\"@context\":\"https:\/\/schema.org\",\"@graph\":[{\"@type\":\"Article\",\"@id\":\"https:\/\/potenciaradiofonicadominicana.com\/portal\/observan-por-vez-primera-el-entrelazamiento-cuantico-entre-particulas-virtuales-y-reales\/#article\",\"isPartOf\":{\"@id\":\"https:\/\/potenciaradiofonicadominicana.com\/portal\/observan-por-vez-primera-el-entrelazamiento-cuantico-entre-particulas-virtuales-y-reales\/\"},\"author\":{\"name\":\"Potencia Radiof\u00f3nica Dominicana\",\"@id\":\"https:\/\/potenciaradiofonicadominicana.com\/portal\/#\/schema\/person\/a5cf1fea13877803ee0573ac18b03490\"},\"headline\":\"Observan por vez primera el entrelazamiento cu\u00e1ntico entre part\u00edculas \u201cvirtuales\u201d y \u201creales\u201d\",\"datePublished\":\"2026-04-26T22:50:52+00:00\",\"mainEntityOfPage\":{\"@id\":\"https:\/\/potenciaradiofonicadominicana.com\/portal\/observan-por-vez-primera-el-entrelazamiento-cuantico-entre-particulas-virtuales-y-reales\/\"},\"wordCount\":722,\"publisher\":{\"@id\":\"https:\/\/potenciaradiofonicadominicana.com\/portal\/#organization\"},\"image\":{\"@id\":\"https:\/\/potenciaradiofonicadominicana.com\/portal\/observan-por-vez-primera-el-entrelazamiento-cuantico-entre-particulas-virtuales-y-reales\/#primaryimage\"},\"thumbnailUrl\":\"https:\/\/potenciaradiofonicadominicana.com\/portal\/wp-content\/uploads\/2026\/04\/267_observan-por-vez-primera-el-entrelazamiento.jpg\",\"articleSection\":[\"Ciencia y Tecnolog\u00eda\"],\"inLanguage\":\"es\"},{\"@type\":\"WebPage\",\"@id\":\"https:\/\/potenciaradiofonicadominicana.com\/portal\/observan-por-vez-primera-el-entrelazamiento-cuantico-entre-particulas-virtuales-y-reales\/\",\"url\":\"https:\/\/potenciaradiofonicadominicana.com\/portal\/observan-por-vez-primera-el-entrelazamiento-cuantico-entre-particulas-virtuales-y-reales\/\",\"name\":\"Observan por vez primera el entrelazamiento cu\u00e1ntico entre part\u00edculas \u201cvirtuales\u201d y \u201creales\u201d - PotenciaRadiofonicaDominicana.com\",\"isPartOf\":{\"@id\":\"https:\/\/potenciaradiofonicadominicana.com\/portal\/#website\"},\"primaryImageOfPage\":{\"@id\":\"https:\/\/potenciaradiofonicadominicana.com\/portal\/observan-por-vez-primera-el-entrelazamiento-cuantico-entre-particulas-virtuales-y-reales\/#primaryimage\"},\"image\":{\"@id\":\"https:\/\/potenciaradiofonicadominicana.com\/portal\/observan-por-vez-primera-el-entrelazamiento-cuantico-entre-particulas-virtuales-y-reales\/#primaryimage\"},\"thumbnailUrl\":\"https:\/\/potenciaradiofonicadominicana.com\/portal\/wp-content\/uploads\/2026\/04\/267_observan-por-vez-primera-el-entrelazamiento.jpg\",\"datePublished\":\"2026-04-26T22:50:52+00:00\",\"breadcrumb\":{\"@id\":\"https:\/\/potenciaradiofonicadominicana.com\/portal\/observan-por-vez-primera-el-entrelazamiento-cuantico-entre-particulas-virtuales-y-reales\/#breadcrumb\"},\"inLanguage\":\"es\",\"potentialAction\":[{\"@type\":\"ReadAction\",\"target\":[\"https:\/\/potenciaradiofonicadominicana.com\/portal\/observan-por-vez-primera-el-entrelazamiento-cuantico-entre-particulas-virtuales-y-reales\/\"]}]},{\"@type\":\"ImageObject\",\"inLanguage\":\"es\",\"@id\":\"https:\/\/potenciaradiofonicadominicana.com\/portal\/observan-por-vez-primera-el-entrelazamiento-cuantico-entre-particulas-virtuales-y-reales\/#primaryimage\",\"url\":\"https:\/\/potenciaradiofonicadominicana.com\/portal\/wp-content\/uploads\/2026\/04\/267_observan-por-vez-primera-el-entrelazamiento.jpg\",\"contentUrl\":\"https:\/\/potenciaradiofonicadominicana.com\/portal\/wp-content\/uploads\/2026\/04\/267_observan-por-vez-primera-el-entrelazamiento.jpg\",\"width\":670,\"height\":436},{\"@type\":\"BreadcrumbList\",\"@id\":\"https:\/\/potenciaradiofonicadominicana.com\/portal\/observan-por-vez-primera-el-entrelazamiento-cuantico-entre-particulas-virtuales-y-reales\/#breadcrumb\",\"itemListElement\":[{\"@type\":\"ListItem\",\"position\":1,\"name\":\"Portada\",\"item\":\"https:\/\/potenciaradiofonicadominicana.com\/portal\/\"},{\"@type\":\"ListItem\",\"position\":2,\"name\":\"Observan por vez primera el entrelazamiento cu\u00e1ntico entre part\u00edculas \u201cvirtuales\u201d y \u201creales\u201d\"}]},{\"@type\":\"WebSite\",\"@id\":\"https:\/\/potenciaradiofonicadominicana.com\/portal\/#website\",\"url\":\"https:\/\/potenciaradiofonicadominicana.com\/portal\/\",\"name\":\"PotenciaRadiofonicaDominicana.com\",\"description\":\"Peri\u00f3dico Digital\",\"publisher\":{\"@id\":\"https:\/\/potenciaradiofonicadominicana.com\/portal\/#organization\"},\"potentialAction\":[{\"@type\":\"SearchAction\",\"target\":{\"@type\":\"EntryPoint\",\"urlTemplate\":\"https:\/\/potenciaradiofonicadominicana.com\/portal\/?s={search_term_string}\"},\"query-input\":{\"@type\":\"PropertyValueSpecification\",\"valueRequired\":true,\"valueName\":\"search_term_string\"}}],\"inLanguage\":\"es\"},{\"@type\":\"Organization\",\"@id\":\"https:\/\/potenciaradiofonicadominicana.com\/portal\/#organization\",\"name\":\"PotenciaRadiofonicaDominicana.com\",\"url\":\"https:\/\/potenciaradiofonicadominicana.com\/portal\/\",\"logo\":{\"@type\":\"ImageObject\",\"inLanguage\":\"es\",\"@id\":\"https:\/\/potenciaradiofonicadominicana.com\/portal\/#\/schema\/logo\/image\/\",\"url\":\"https:\/\/potenciaradiofonicadominicana.com\/portal\/wp-content\/uploads\/2022\/01\/descarga.png\",\"contentUrl\":\"https:\/\/potenciaradiofonicadominicana.com\/portal\/wp-content\/uploads\/2022\/01\/descarga.png\",\"width\":300,\"height\":100,\"caption\":\"PotenciaRadiofonicaDominicana.com\"},\"image\":{\"@id\":\"https:\/\/potenciaradiofonicadominicana.com\/portal\/#\/schema\/logo\/image\/\"},\"sameAs\":[\"https:\/\/web.facebook.com\/PotenciaRadiofonicaD\"]},{\"@type\":\"Person\",\"@id\":\"https:\/\/potenciaradiofonicadominicana.com\/portal\/#\/schema\/person\/a5cf1fea13877803ee0573ac18b03490\",\"name\":\"Potencia Radiof\u00f3nica Dominicana\",\"image\":{\"@type\":\"ImageObject\",\"inLanguage\":\"es\",\"@id\":\"https:\/\/potenciaradiofonicadominicana.com\/portal\/#\/schema\/person\/image\/\",\"url\":\"https:\/\/secure.gravatar.com\/avatar\/42a55ab9e8ccc656ba34cd791990602a?s=96&d=mm&r=g\",\"contentUrl\":\"https:\/\/secure.gravatar.com\/avatar\/42a55ab9e8ccc656ba34cd791990602a?s=96&d=mm&r=g\",\"caption\":\"Potencia Radiof\u00f3nica Dominicana\"},\"url\":\"https:\/\/potenciaradiofonicadominicana.com\/portal\/author\/johannyalmanzar\/\"}]}<\/script>\n<!-- \/ Yoast SEO plugin. -->","yoast_head_json":{"title":"Observan por vez primera el entrelazamiento cu\u00e1ntico entre part\u00edculas \u201cvirtuales\u201d y \u201creales\u201d - PotenciaRadiofonicaDominicana.com","robots":{"index":"index","follow":"follow","max-snippet":"max-snippet:-1","max-image-preview":"max-image-preview:large","max-video-preview":"max-video-preview:-1"},"canonical":"https:\/\/potenciaradiofonicadominicana.com\/portal\/observan-por-vez-primera-el-entrelazamiento-cuantico-entre-particulas-virtuales-y-reales\/","og_locale":"es_ES","og_type":"article","og_title":"Observan por vez primera el entrelazamiento cu\u00e1ntico entre part\u00edculas \u201cvirtuales\u201d y \u201creales\u201d - PotenciaRadiofonicaDominicana.com","og_description":"Unos cient\u00edficos han observado por vez primera un ex\u00f3tico fen\u00f3meno que puede describirse como un entrelazamiento cu\u00e1ntico entre part\u00edculas reales ...","og_url":"https:\/\/potenciaradiofonicadominicana.com\/portal\/observan-por-vez-primera-el-entrelazamiento-cuantico-entre-particulas-virtuales-y-reales\/","og_site_name":"PotenciaRadiofonicaDominicana.com","article_publisher":"https:\/\/web.facebook.com\/PotenciaRadiofonicaD","article_published_time":"2026-04-26T22:50:52+00:00","og_image":[{"width":670,"height":436,"url":"https:\/\/potenciaradiofonicadominicana.com\/portal\/wp-content\/uploads\/2026\/04\/267_observan-por-vez-primera-el-entrelazamiento.jpg","type":"image\/jpeg"}],"author":"Potencia Radiof\u00f3nica Dominicana","twitter_card":"summary_large_image","twitter_misc":{"Escrito por":"Potencia Radiof\u00f3nica Dominicana","Tiempo de lectura":"4 minutos"},"schema":{"@context":"https:\/\/schema.org","@graph":[{"@type":"Article","@id":"https:\/\/potenciaradiofonicadominicana.com\/portal\/observan-por-vez-primera-el-entrelazamiento-cuantico-entre-particulas-virtuales-y-reales\/#article","isPartOf":{"@id":"https:\/\/potenciaradiofonicadominicana.com\/portal\/observan-por-vez-primera-el-entrelazamiento-cuantico-entre-particulas-virtuales-y-reales\/"},"author":{"name":"Potencia Radiof\u00f3nica Dominicana","@id":"https:\/\/potenciaradiofonicadominicana.com\/portal\/#\/schema\/person\/a5cf1fea13877803ee0573ac18b03490"},"headline":"Observan por vez primera el entrelazamiento cu\u00e1ntico entre part\u00edculas \u201cvirtuales\u201d y \u201creales\u201d","datePublished":"2026-04-26T22:50:52+00:00","mainEntityOfPage":{"@id":"https:\/\/potenciaradiofonicadominicana.com\/portal\/observan-por-vez-primera-el-entrelazamiento-cuantico-entre-particulas-virtuales-y-reales\/"},"wordCount":722,"publisher":{"@id":"https:\/\/potenciaradiofonicadominicana.com\/portal\/#organization"},"image":{"@id":"https:\/\/potenciaradiofonicadominicana.com\/portal\/observan-por-vez-primera-el-entrelazamiento-cuantico-entre-particulas-virtuales-y-reales\/#primaryimage"},"thumbnailUrl":"https:\/\/potenciaradiofonicadominicana.com\/portal\/wp-content\/uploads\/2026\/04\/267_observan-por-vez-primera-el-entrelazamiento.jpg","articleSection":["Ciencia y Tecnolog\u00eda"],"inLanguage":"es"},{"@type":"WebPage","@id":"https:\/\/potenciaradiofonicadominicana.com\/portal\/observan-por-vez-primera-el-entrelazamiento-cuantico-entre-particulas-virtuales-y-reales\/","url":"https:\/\/potenciaradiofonicadominicana.com\/portal\/observan-por-vez-primera-el-entrelazamiento-cuantico-entre-particulas-virtuales-y-reales\/","name":"Observan por vez primera el entrelazamiento cu\u00e1ntico entre part\u00edculas \u201cvirtuales\u201d y \u201creales\u201d - PotenciaRadiofonicaDominicana.com","isPartOf":{"@id":"https:\/\/potenciaradiofonicadominicana.com\/portal\/#website"},"primaryImageOfPage":{"@id":"https:\/\/potenciaradiofonicadominicana.com\/portal\/observan-por-vez-primera-el-entrelazamiento-cuantico-entre-particulas-virtuales-y-reales\/#primaryimage"},"image":{"@id":"https:\/\/potenciaradiofonicadominicana.com\/portal\/observan-por-vez-primera-el-entrelazamiento-cuantico-entre-particulas-virtuales-y-reales\/#primaryimage"},"thumbnailUrl":"https:\/\/potenciaradiofonicadominicana.com\/portal\/wp-content\/uploads\/2026\/04\/267_observan-por-vez-primera-el-entrelazamiento.jpg","datePublished":"2026-04-26T22:50:52+00:00","breadcrumb":{"@id":"https:\/\/potenciaradiofonicadominicana.com\/portal\/observan-por-vez-primera-el-entrelazamiento-cuantico-entre-particulas-virtuales-y-reales\/#breadcrumb"},"inLanguage":"es","potentialAction":[{"@type":"ReadAction","target":["https:\/\/potenciaradiofonicadominicana.com\/portal\/observan-por-vez-primera-el-entrelazamiento-cuantico-entre-particulas-virtuales-y-reales\/"]}]},{"@type":"ImageObject","inLanguage":"es","@id":"https:\/\/potenciaradiofonicadominicana.com\/portal\/observan-por-vez-primera-el-entrelazamiento-cuantico-entre-particulas-virtuales-y-reales\/#primaryimage","url":"https:\/\/potenciaradiofonicadominicana.com\/portal\/wp-content\/uploads\/2026\/04\/267_observan-por-vez-primera-el-entrelazamiento.jpg","contentUrl":"https:\/\/potenciaradiofonicadominicana.com\/portal\/wp-content\/uploads\/2026\/04\/267_observan-por-vez-primera-el-entrelazamiento.jpg","width":670,"height":436},{"@type":"BreadcrumbList","@id":"https:\/\/potenciaradiofonicadominicana.com\/portal\/observan-por-vez-primera-el-entrelazamiento-cuantico-entre-particulas-virtuales-y-reales\/#breadcrumb","itemListElement":[{"@type":"ListItem","position":1,"name":"Portada","item":"https:\/\/potenciaradiofonicadominicana.com\/portal\/"},{"@type":"ListItem","position":2,"name":"Observan por vez primera el entrelazamiento cu\u00e1ntico entre part\u00edculas \u201cvirtuales\u201d y \u201creales\u201d"}]},{"@type":"WebSite","@id":"https:\/\/potenciaradiofonicadominicana.com\/portal\/#website","url":"https:\/\/potenciaradiofonicadominicana.com\/portal\/","name":"PotenciaRadiofonicaDominicana.com","description":"Peri\u00f3dico Digital","publisher":{"@id":"https:\/\/potenciaradiofonicadominicana.com\/portal\/#organization"},"potentialAction":[{"@type":"SearchAction","target":{"@type":"EntryPoint","urlTemplate":"https:\/\/potenciaradiofonicadominicana.com\/portal\/?s={search_term_string}"},"query-input":{"@type":"PropertyValueSpecification","valueRequired":true,"valueName":"search_term_string"}}],"inLanguage":"es"},{"@type":"Organization","@id":"https:\/\/potenciaradiofonicadominicana.com\/portal\/#organization","name":"PotenciaRadiofonicaDominicana.com","url":"https:\/\/potenciaradiofonicadominicana.com\/portal\/","logo":{"@type":"ImageObject","inLanguage":"es","@id":"https:\/\/potenciaradiofonicadominicana.com\/portal\/#\/schema\/logo\/image\/","url":"https:\/\/potenciaradiofonicadominicana.com\/portal\/wp-content\/uploads\/2022\/01\/descarga.png","contentUrl":"https:\/\/potenciaradiofonicadominicana.com\/portal\/wp-content\/uploads\/2022\/01\/descarga.png","width":300,"height":100,"caption":"PotenciaRadiofonicaDominicana.com"},"image":{"@id":"https:\/\/potenciaradiofonicadominicana.com\/portal\/#\/schema\/logo\/image\/"},"sameAs":["https:\/\/web.facebook.com\/PotenciaRadiofonicaD"]},{"@type":"Person","@id":"https:\/\/potenciaradiofonicadominicana.com\/portal\/#\/schema\/person\/a5cf1fea13877803ee0573ac18b03490","name":"Potencia Radiof\u00f3nica Dominicana","image":{"@type":"ImageObject","inLanguage":"es","@id":"https:\/\/potenciaradiofonicadominicana.com\/portal\/#\/schema\/person\/image\/","url":"https:\/\/secure.gravatar.com\/avatar\/42a55ab9e8ccc656ba34cd791990602a?s=96&d=mm&r=g","contentUrl":"https:\/\/secure.gravatar.com\/avatar\/42a55ab9e8ccc656ba34cd791990602a?s=96&d=mm&r=g","caption":"Potencia Radiof\u00f3nica Dominicana"},"url":"https:\/\/potenciaradiofonicadominicana.com\/portal\/author\/johannyalmanzar\/"}]}},"_links":{"self":[{"href":"https:\/\/potenciaradiofonicadominicana.com\/portal\/wp-json\/wp\/v2\/posts\/215734","targetHints":{"allow":["GET"]}}],"collection":[{"href":"https:\/\/potenciaradiofonicadominicana.com\/portal\/wp-json\/wp\/v2\/posts"}],"about":[{"href":"https:\/\/potenciaradiofonicadominicana.com\/portal\/wp-json\/wp\/v2\/types\/post"}],"author":[{"embeddable":true,"href":"https:\/\/potenciaradiofonicadominicana.com\/portal\/wp-json\/wp\/v2\/users\/2"}],"replies":[{"embeddable":true,"href":"https:\/\/potenciaradiofonicadominicana.com\/portal\/wp-json\/wp\/v2\/comments?post=215734"}],"version-history":[{"count":1,"href":"https:\/\/potenciaradiofonicadominicana.com\/portal\/wp-json\/wp\/v2\/posts\/215734\/revisions"}],"predecessor-version":[{"id":215736,"href":"https:\/\/potenciaradiofonicadominicana.com\/portal\/wp-json\/wp\/v2\/posts\/215734\/revisions\/215736"}],"wp:featuredmedia":[{"embeddable":true,"href":"https:\/\/potenciaradiofonicadominicana.com\/portal\/wp-json\/wp\/v2\/media\/215735"}],"wp:attachment":[{"href":"https:\/\/potenciaradiofonicadominicana.com\/portal\/wp-json\/wp\/v2\/media?parent=215734"}],"wp:term":[{"taxonomy":"category","embeddable":true,"href":"https:\/\/potenciaradiofonicadominicana.com\/portal\/wp-json\/wp\/v2\/categories?post=215734"},{"taxonomy":"post_tag","embeddable":true,"href":"https:\/\/potenciaradiofonicadominicana.com\/portal\/wp-json\/wp\/v2\/tags?post=215734"}],"curies":[{"name":"wp","href":"https:\/\/api.w.org\/{rel}","templated":true}]}}