{"id":215044,"date":"2026-04-13T22:48:35","date_gmt":"2026-04-14T02:48:35","guid":{"rendered":"https:\/\/potenciaradiofonicadominicana.com\/portal\/?p=215044"},"modified":"2026-04-13T22:48:35","modified_gmt":"2026-04-14T02:48:35","slug":"gloria-trevi-y-lola-indigo-se-suman-al-tributo-de-billboard-mujeres-latinas-en-la-musica","status":"publish","type":"post","link":"https:\/\/potenciaradiofonicadominicana.com\/portal\/gloria-trevi-y-lola-indigo-se-suman-al-tributo-de-billboard-mujeres-latinas-en-la-musica\/","title":{"rendered":"Gloria Trevi y Lola \u00cdndigo se suman al tributo de Billboard Mujeres Latinas en la M\u00fasica"},"content":{"rendered":"<p><a href=\"https:\/\/potenciaradiofonicadominicana.com\/portal\/wp-content\/uploads\/2026\/04\/gloria-trevi-y-lola-indigo-en-billboard-mujeres-latinas-en-la-musica-9bb067fc-focus-0.04-0.3-896-504.jpg\"><img loading=\"lazy\" decoding=\"async\" class=\"alignnone size-full wp-image-215047\" src=\"https:\/\/potenciaradiofonicadominicana.com\/portal\/wp-content\/uploads\/2026\/04\/gloria-trevi-y-lola-indigo-en-billboard-mujeres-latinas-en-la-musica-9bb067fc-focus-0.04-0.3-896-504.jpg\" alt=\"\" width=\"895\" height=\"504\" srcset=\"https:\/\/potenciaradiofonicadominicana.com\/portal\/wp-content\/uploads\/2026\/04\/gloria-trevi-y-lola-indigo-en-billboard-mujeres-latinas-en-la-musica-9bb067fc-focus-0.04-0.3-896-504.jpg 895w, https:\/\/potenciaradiofonicadominicana.com\/portal\/wp-content\/uploads\/2026\/04\/gloria-trevi-y-lola-indigo-en-billboard-mujeres-latinas-en-la-musica-9bb067fc-focus-0.04-0.3-896-504-300x169.jpg 300w, https:\/\/potenciaradiofonicadominicana.com\/portal\/wp-content\/uploads\/2026\/04\/gloria-trevi-y-lola-indigo-en-billboard-mujeres-latinas-en-la-musica-9bb067fc-focus-0.04-0.3-896-504-768x432.jpg 768w\" sizes=\"auto, (max-width: 895px) 100vw, 895px\" \/><\/a><\/p>\n<p>La mexicana\u00a0Gloria Trevi\u00a0y la espa\u00f1ola\u00a0Lola \u00cdndigo\u00a0se suman a la lista de homenajeadas de la edici\u00f3n del especial\u00a0Billboard Mujeres Latinas\u00a0en la M\u00fasica, que se celebrar\u00e1 en Miami el 23 de abril, seg\u00fan anunciaron este lunes Telemundo y Billboard.<\/p>\n<p>Ambas cadenas ya hab\u00edan informado que el homenaje incluye tambi\u00e9n a\u00a0Becky G,\u00a0Ivy Queen, Joy,\u00a0Julieta Venegas\u00a0y Young Miko.<\/p>\n<p>El evento\u00a0reconoce\u00a0a las\u00a0mujeres\u00a0que lideran y transforman la\u00a0m\u00fasica latina, reuniendo a artistas de distintas generaciones en una noche de presentaciones y reconocimientos.<\/p>\n<p>Trevi\u00a0recibir\u00e1 el premio<em>\u00a0Trayectoria art\u00edstica<\/em>, en reconocimiento a una\u00a0carrera de d\u00e9cadas\u00a0marcada por \u00e9xitos internacionales, giras mundiales y una influencia sostenida en la\u00a0m\u00fasica latina.<\/p>\n<p>Lola \u00cdndigo\u00a0ser\u00e1 distinguida con el\u00a0<em>Premio evoluci\u00f3n<\/em>, que\u00a0reconoce\u00a0a artistas en constante crecimiento y reinvenci\u00f3n creativa. Tras su paso por el programa\u00a0<em>Operaci\u00f3n triunfo<\/em>, se ha posicionado como una de las figuras m\u00e1s relevantes del pop espa\u00f1ol.<\/p>\n<p>Conductora<\/p>\n<p>Entre tanto, la cantante y empresaria\u00a0Chiquis, ganadora de tres premios\u00a0Latin Grammy\u00a0y figura de la m\u00fasica regional mexicana, ser\u00e1 la\u00a0conductora\u00a0del especial.<\/p>\n","protected":false},"excerpt":{"rendered":"<p>La mexicana\u00a0Gloria Trevi\u00a0y la espa\u00f1ola\u00a0Lola \u00cdndigo\u00a0se suman a la lista de homenajeadas de la edici\u00f3n del especial\u00a0Billboard Mujeres Latinas\u00a0en la &#8230;<\/p>\n","protected":false},"author":2,"featured_media":215047,"comment_status":"closed","ping_status":"closed","sticky":false,"template":"","format":"standard","meta":{"footnotes":""},"categories":[31],"tags":[],"class_list":["post-215044","post","type-post","status-publish","format-standard","has-post-thumbnail","hentry","category-arte-y-espectaculo"],"yoast_head":"<!-- This site is optimized with the Yoast SEO plugin v24.8.1 - https:\/\/yoast.com\/wordpress\/plugins\/seo\/ -->\n<title>Gloria Trevi y Lola \u00cdndigo se suman al tributo de Billboard Mujeres Latinas en la M\u00fasica - PotenciaRadiofonicaDominicana.com<\/title>\n<meta name=\"robots\" content=\"index, follow, max-snippet:-1, max-image-preview:large, max-video-preview:-1\" \/>\n<link rel=\"canonical\" href=\"https:\/\/potenciaradiofonicadominicana.com\/portal\/gloria-trevi-y-lola-indigo-se-suman-al-tributo-de-billboard-mujeres-latinas-en-la-musica\/\" \/>\n<meta property=\"og:locale\" content=\"es_ES\" \/>\n<meta property=\"og:type\" content=\"article\" \/>\n<meta property=\"og:title\" content=\"Gloria Trevi y Lola \u00cdndigo se suman al tributo de Billboard Mujeres Latinas en la M\u00fasica - PotenciaRadiofonicaDominicana.com\" \/>\n<meta property=\"og:description\" content=\"La mexicana\u00a0Gloria Trevi\u00a0y la espa\u00f1ola\u00a0Lola \u00cdndigo\u00a0se suman a la lista de homenajeadas de la edici\u00f3n del especial\u00a0Billboard Mujeres Latinas\u00a0en la ...\" \/>\n<meta property=\"og:url\" content=\"https:\/\/potenciaradiofonicadominicana.com\/portal\/gloria-trevi-y-lola-indigo-se-suman-al-tributo-de-billboard-mujeres-latinas-en-la-musica\/\" \/>\n<meta property=\"og:site_name\" content=\"PotenciaRadiofonicaDominicana.com\" \/>\n<meta property=\"article:publisher\" content=\"https:\/\/web.facebook.com\/PotenciaRadiofonicaD\" \/>\n<meta property=\"article:published_time\" content=\"2026-04-14T02:48:35+00:00\" \/>\n<meta property=\"og:image\" content=\"https:\/\/potenciaradiofonicadominicana.com\/portal\/wp-content\/uploads\/2026\/04\/gloria-trevi-y-lola-indigo-en-billboard-mujeres-latinas-en-la-musica-9bb067fc-focus-0.04-0.3-896-504.jpg\" \/>\n\t<meta property=\"og:image:width\" content=\"895\" \/>\n\t<meta property=\"og:image:height\" content=\"504\" \/>\n\t<meta property=\"og:image:type\" content=\"image\/jpeg\" \/>\n<meta name=\"author\" content=\"Potencia Radiof\u00f3nica Dominicana\" \/>\n<meta name=\"twitter:card\" content=\"summary_large_image\" \/>\n<meta name=\"twitter:label1\" content=\"Escrito por\" \/>\n\t<meta name=\"twitter:data1\" content=\"Potencia Radiof\u00f3nica Dominicana\" \/>\n\t<meta name=\"twitter:label2\" content=\"Tiempo de lectura\" \/>\n\t<meta name=\"twitter:data2\" content=\"2 minutos\" \/>\n<script type=\"application\/ld+json\" class=\"yoast-schema-graph\">{\"@context\":\"https:\/\/schema.org\",\"@graph\":[{\"@type\":\"Article\",\"@id\":\"https:\/\/potenciaradiofonicadominicana.com\/portal\/gloria-trevi-y-lola-indigo-se-suman-al-tributo-de-billboard-mujeres-latinas-en-la-musica\/#article\",\"isPartOf\":{\"@id\":\"https:\/\/potenciaradiofonicadominicana.com\/portal\/gloria-trevi-y-lola-indigo-se-suman-al-tributo-de-billboard-mujeres-latinas-en-la-musica\/\"},\"author\":{\"name\":\"Potencia Radiof\u00f3nica Dominicana\",\"@id\":\"https:\/\/potenciaradiofonicadominicana.com\/portal\/#\/schema\/person\/a5cf1fea13877803ee0573ac18b03490\"},\"headline\":\"Gloria Trevi y Lola \u00cdndigo se suman al tributo de Billboard Mujeres Latinas en la M\u00fasica\",\"datePublished\":\"2026-04-14T02:48:35+00:00\",\"mainEntityOfPage\":{\"@id\":\"https:\/\/potenciaradiofonicadominicana.com\/portal\/gloria-trevi-y-lola-indigo-se-suman-al-tributo-de-billboard-mujeres-latinas-en-la-musica\/\"},\"wordCount\":214,\"publisher\":{\"@id\":\"https:\/\/potenciaradiofonicadominicana.com\/portal\/#organization\"},\"image\":{\"@id\":\"https:\/\/potenciaradiofonicadominicana.com\/portal\/gloria-trevi-y-lola-indigo-se-suman-al-tributo-de-billboard-mujeres-latinas-en-la-musica\/#primaryimage\"},\"thumbnailUrl\":\"https:\/\/potenciaradiofonicadominicana.com\/portal\/wp-content\/uploads\/2026\/04\/gloria-trevi-y-lola-indigo-en-billboard-mujeres-latinas-en-la-musica-9bb067fc-focus-0.04-0.3-896-504.jpg\",\"articleSection\":[\"Arte y Espectaculo\"],\"inLanguage\":\"es\"},{\"@type\":\"WebPage\",\"@id\":\"https:\/\/potenciaradiofonicadominicana.com\/portal\/gloria-trevi-y-lola-indigo-se-suman-al-tributo-de-billboard-mujeres-latinas-en-la-musica\/\",\"url\":\"https:\/\/potenciaradiofonicadominicana.com\/portal\/gloria-trevi-y-lola-indigo-se-suman-al-tributo-de-billboard-mujeres-latinas-en-la-musica\/\",\"name\":\"Gloria Trevi y Lola \u00cdndigo se suman al tributo de Billboard Mujeres Latinas en la M\u00fasica - PotenciaRadiofonicaDominicana.com\",\"isPartOf\":{\"@id\":\"https:\/\/potenciaradiofonicadominicana.com\/portal\/#website\"},\"primaryImageOfPage\":{\"@id\":\"https:\/\/potenciaradiofonicadominicana.com\/portal\/gloria-trevi-y-lola-indigo-se-suman-al-tributo-de-billboard-mujeres-latinas-en-la-musica\/#primaryimage\"},\"image\":{\"@id\":\"https:\/\/potenciaradiofonicadominicana.com\/portal\/gloria-trevi-y-lola-indigo-se-suman-al-tributo-de-billboard-mujeres-latinas-en-la-musica\/#primaryimage\"},\"thumbnailUrl\":\"https:\/\/potenciaradiofonicadominicana.com\/portal\/wp-content\/uploads\/2026\/04\/gloria-trevi-y-lola-indigo-en-billboard-mujeres-latinas-en-la-musica-9bb067fc-focus-0.04-0.3-896-504.jpg\",\"datePublished\":\"2026-04-14T02:48:35+00:00\",\"breadcrumb\":{\"@id\":\"https:\/\/potenciaradiofonicadominicana.com\/portal\/gloria-trevi-y-lola-indigo-se-suman-al-tributo-de-billboard-mujeres-latinas-en-la-musica\/#breadcrumb\"},\"inLanguage\":\"es\",\"potentialAction\":[{\"@type\":\"ReadAction\",\"target\":[\"https:\/\/potenciaradiofonicadominicana.com\/portal\/gloria-trevi-y-lola-indigo-se-suman-al-tributo-de-billboard-mujeres-latinas-en-la-musica\/\"]}]},{\"@type\":\"ImageObject\",\"inLanguage\":\"es\",\"@id\":\"https:\/\/potenciaradiofonicadominicana.com\/portal\/gloria-trevi-y-lola-indigo-se-suman-al-tributo-de-billboard-mujeres-latinas-en-la-musica\/#primaryimage\",\"url\":\"https:\/\/potenciaradiofonicadominicana.com\/portal\/wp-content\/uploads\/2026\/04\/gloria-trevi-y-lola-indigo-en-billboard-mujeres-latinas-en-la-musica-9bb067fc-focus-0.04-0.3-896-504.jpg\",\"contentUrl\":\"https:\/\/potenciaradiofonicadominicana.com\/portal\/wp-content\/uploads\/2026\/04\/gloria-trevi-y-lola-indigo-en-billboard-mujeres-latinas-en-la-musica-9bb067fc-focus-0.04-0.3-896-504.jpg\",\"width\":895,\"height\":504},{\"@type\":\"BreadcrumbList\",\"@id\":\"https:\/\/potenciaradiofonicadominicana.com\/portal\/gloria-trevi-y-lola-indigo-se-suman-al-tributo-de-billboard-mujeres-latinas-en-la-musica\/#breadcrumb\",\"itemListElement\":[{\"@type\":\"ListItem\",\"position\":1,\"name\":\"Portada\",\"item\":\"https:\/\/potenciaradiofonicadominicana.com\/portal\/\"},{\"@type\":\"ListItem\",\"position\":2,\"name\":\"Gloria Trevi y Lola \u00cdndigo se suman al tributo de Billboard Mujeres Latinas en la M\u00fasica\"}]},{\"@type\":\"WebSite\",\"@id\":\"https:\/\/potenciaradiofonicadominicana.com\/portal\/#website\",\"url\":\"https:\/\/potenciaradiofonicadominicana.com\/portal\/\",\"name\":\"PotenciaRadiofonicaDominicana.com\",\"description\":\"Peri\u00f3dico Digital\",\"publisher\":{\"@id\":\"https:\/\/potenciaradiofonicadominicana.com\/portal\/#organization\"},\"potentialAction\":[{\"@type\":\"SearchAction\",\"target\":{\"@type\":\"EntryPoint\",\"urlTemplate\":\"https:\/\/potenciaradiofonicadominicana.com\/portal\/?s={search_term_string}\"},\"query-input\":{\"@type\":\"PropertyValueSpecification\",\"valueRequired\":true,\"valueName\":\"search_term_string\"}}],\"inLanguage\":\"es\"},{\"@type\":\"Organization\",\"@id\":\"https:\/\/potenciaradiofonicadominicana.com\/portal\/#organization\",\"name\":\"PotenciaRadiofonicaDominicana.com\",\"url\":\"https:\/\/potenciaradiofonicadominicana.com\/portal\/\",\"logo\":{\"@type\":\"ImageObject\",\"inLanguage\":\"es\",\"@id\":\"https:\/\/potenciaradiofonicadominicana.com\/portal\/#\/schema\/logo\/image\/\",\"url\":\"https:\/\/potenciaradiofonicadominicana.com\/portal\/wp-content\/uploads\/2022\/01\/descarga.png\",\"contentUrl\":\"https:\/\/potenciaradiofonicadominicana.com\/portal\/wp-content\/uploads\/2022\/01\/descarga.png\",\"width\":300,\"height\":100,\"caption\":\"PotenciaRadiofonicaDominicana.com\"},\"image\":{\"@id\":\"https:\/\/potenciaradiofonicadominicana.com\/portal\/#\/schema\/logo\/image\/\"},\"sameAs\":[\"https:\/\/web.facebook.com\/PotenciaRadiofonicaD\"]},{\"@type\":\"Person\",\"@id\":\"https:\/\/potenciaradiofonicadominicana.com\/portal\/#\/schema\/person\/a5cf1fea13877803ee0573ac18b03490\",\"name\":\"Potencia Radiof\u00f3nica Dominicana\",\"image\":{\"@type\":\"ImageObject\",\"inLanguage\":\"es\",\"@id\":\"https:\/\/potenciaradiofonicadominicana.com\/portal\/#\/schema\/person\/image\/\",\"url\":\"https:\/\/secure.gravatar.com\/avatar\/42a55ab9e8ccc656ba34cd791990602a?s=96&d=mm&r=g\",\"contentUrl\":\"https:\/\/secure.gravatar.com\/avatar\/42a55ab9e8ccc656ba34cd791990602a?s=96&d=mm&r=g\",\"caption\":\"Potencia Radiof\u00f3nica Dominicana\"},\"url\":\"https:\/\/potenciaradiofonicadominicana.com\/portal\/author\/johannyalmanzar\/\"}]}<\/script>\n<!-- \/ Yoast SEO plugin. -->","yoast_head_json":{"title":"Gloria Trevi y Lola \u00cdndigo se suman al tributo de Billboard Mujeres Latinas en la M\u00fasica - PotenciaRadiofonicaDominicana.com","robots":{"index":"index","follow":"follow","max-snippet":"max-snippet:-1","max-image-preview":"max-image-preview:large","max-video-preview":"max-video-preview:-1"},"canonical":"https:\/\/potenciaradiofonicadominicana.com\/portal\/gloria-trevi-y-lola-indigo-se-suman-al-tributo-de-billboard-mujeres-latinas-en-la-musica\/","og_locale":"es_ES","og_type":"article","og_title":"Gloria Trevi y Lola \u00cdndigo se suman al tributo de Billboard Mujeres Latinas en la M\u00fasica - PotenciaRadiofonicaDominicana.com","og_description":"La mexicana\u00a0Gloria Trevi\u00a0y la espa\u00f1ola\u00a0Lola \u00cdndigo\u00a0se suman a la lista de homenajeadas de la edici\u00f3n del especial\u00a0Billboard Mujeres Latinas\u00a0en la ...","og_url":"https:\/\/potenciaradiofonicadominicana.com\/portal\/gloria-trevi-y-lola-indigo-se-suman-al-tributo-de-billboard-mujeres-latinas-en-la-musica\/","og_site_name":"PotenciaRadiofonicaDominicana.com","article_publisher":"https:\/\/web.facebook.com\/PotenciaRadiofonicaD","article_published_time":"2026-04-14T02:48:35+00:00","og_image":[{"width":895,"height":504,"url":"https:\/\/potenciaradiofonicadominicana.com\/portal\/wp-content\/uploads\/2026\/04\/gloria-trevi-y-lola-indigo-en-billboard-mujeres-latinas-en-la-musica-9bb067fc-focus-0.04-0.3-896-504.jpg","type":"image\/jpeg"}],"author":"Potencia Radiof\u00f3nica Dominicana","twitter_card":"summary_large_image","twitter_misc":{"Escrito por":"Potencia Radiof\u00f3nica Dominicana","Tiempo de lectura":"2 minutos"},"schema":{"@context":"https:\/\/schema.org","@graph":[{"@type":"Article","@id":"https:\/\/potenciaradiofonicadominicana.com\/portal\/gloria-trevi-y-lola-indigo-se-suman-al-tributo-de-billboard-mujeres-latinas-en-la-musica\/#article","isPartOf":{"@id":"https:\/\/potenciaradiofonicadominicana.com\/portal\/gloria-trevi-y-lola-indigo-se-suman-al-tributo-de-billboard-mujeres-latinas-en-la-musica\/"},"author":{"name":"Potencia Radiof\u00f3nica Dominicana","@id":"https:\/\/potenciaradiofonicadominicana.com\/portal\/#\/schema\/person\/a5cf1fea13877803ee0573ac18b03490"},"headline":"Gloria Trevi y Lola \u00cdndigo se suman al tributo de Billboard Mujeres Latinas en la M\u00fasica","datePublished":"2026-04-14T02:48:35+00:00","mainEntityOfPage":{"@id":"https:\/\/potenciaradiofonicadominicana.com\/portal\/gloria-trevi-y-lola-indigo-se-suman-al-tributo-de-billboard-mujeres-latinas-en-la-musica\/"},"wordCount":214,"publisher":{"@id":"https:\/\/potenciaradiofonicadominicana.com\/portal\/#organization"},"image":{"@id":"https:\/\/potenciaradiofonicadominicana.com\/portal\/gloria-trevi-y-lola-indigo-se-suman-al-tributo-de-billboard-mujeres-latinas-en-la-musica\/#primaryimage"},"thumbnailUrl":"https:\/\/potenciaradiofonicadominicana.com\/portal\/wp-content\/uploads\/2026\/04\/gloria-trevi-y-lola-indigo-en-billboard-mujeres-latinas-en-la-musica-9bb067fc-focus-0.04-0.3-896-504.jpg","articleSection":["Arte y Espectaculo"],"inLanguage":"es"},{"@type":"WebPage","@id":"https:\/\/potenciaradiofonicadominicana.com\/portal\/gloria-trevi-y-lola-indigo-se-suman-al-tributo-de-billboard-mujeres-latinas-en-la-musica\/","url":"https:\/\/potenciaradiofonicadominicana.com\/portal\/gloria-trevi-y-lola-indigo-se-suman-al-tributo-de-billboard-mujeres-latinas-en-la-musica\/","name":"Gloria Trevi y Lola \u00cdndigo se suman al tributo de Billboard Mujeres Latinas en la M\u00fasica - PotenciaRadiofonicaDominicana.com","isPartOf":{"@id":"https:\/\/potenciaradiofonicadominicana.com\/portal\/#website"},"primaryImageOfPage":{"@id":"https:\/\/potenciaradiofonicadominicana.com\/portal\/gloria-trevi-y-lola-indigo-se-suman-al-tributo-de-billboard-mujeres-latinas-en-la-musica\/#primaryimage"},"image":{"@id":"https:\/\/potenciaradiofonicadominicana.com\/portal\/gloria-trevi-y-lola-indigo-se-suman-al-tributo-de-billboard-mujeres-latinas-en-la-musica\/#primaryimage"},"thumbnailUrl":"https:\/\/potenciaradiofonicadominicana.com\/portal\/wp-content\/uploads\/2026\/04\/gloria-trevi-y-lola-indigo-en-billboard-mujeres-latinas-en-la-musica-9bb067fc-focus-0.04-0.3-896-504.jpg","datePublished":"2026-04-14T02:48:35+00:00","breadcrumb":{"@id":"https:\/\/potenciaradiofonicadominicana.com\/portal\/gloria-trevi-y-lola-indigo-se-suman-al-tributo-de-billboard-mujeres-latinas-en-la-musica\/#breadcrumb"},"inLanguage":"es","potentialAction":[{"@type":"ReadAction","target":["https:\/\/potenciaradiofonicadominicana.com\/portal\/gloria-trevi-y-lola-indigo-se-suman-al-tributo-de-billboard-mujeres-latinas-en-la-musica\/"]}]},{"@type":"ImageObject","inLanguage":"es","@id":"https:\/\/potenciaradiofonicadominicana.com\/portal\/gloria-trevi-y-lola-indigo-se-suman-al-tributo-de-billboard-mujeres-latinas-en-la-musica\/#primaryimage","url":"https:\/\/potenciaradiofonicadominicana.com\/portal\/wp-content\/uploads\/2026\/04\/gloria-trevi-y-lola-indigo-en-billboard-mujeres-latinas-en-la-musica-9bb067fc-focus-0.04-0.3-896-504.jpg","contentUrl":"https:\/\/potenciaradiofonicadominicana.com\/portal\/wp-content\/uploads\/2026\/04\/gloria-trevi-y-lola-indigo-en-billboard-mujeres-latinas-en-la-musica-9bb067fc-focus-0.04-0.3-896-504.jpg","width":895,"height":504},{"@type":"BreadcrumbList","@id":"https:\/\/potenciaradiofonicadominicana.com\/portal\/gloria-trevi-y-lola-indigo-se-suman-al-tributo-de-billboard-mujeres-latinas-en-la-musica\/#breadcrumb","itemListElement":[{"@type":"ListItem","position":1,"name":"Portada","item":"https:\/\/potenciaradiofonicadominicana.com\/portal\/"},{"@type":"ListItem","position":2,"name":"Gloria Trevi y Lola \u00cdndigo se suman al tributo de Billboard Mujeres Latinas en la M\u00fasica"}]},{"@type":"WebSite","@id":"https:\/\/potenciaradiofonicadominicana.com\/portal\/#website","url":"https:\/\/potenciaradiofonicadominicana.com\/portal\/","name":"PotenciaRadiofonicaDominicana.com","description":"Peri\u00f3dico Digital","publisher":{"@id":"https:\/\/potenciaradiofonicadominicana.com\/portal\/#organization"},"potentialAction":[{"@type":"SearchAction","target":{"@type":"EntryPoint","urlTemplate":"https:\/\/potenciaradiofonicadominicana.com\/portal\/?s={search_term_string}"},"query-input":{"@type":"PropertyValueSpecification","valueRequired":true,"valueName":"search_term_string"}}],"inLanguage":"es"},{"@type":"Organization","@id":"https:\/\/potenciaradiofonicadominicana.com\/portal\/#organization","name":"PotenciaRadiofonicaDominicana.com","url":"https:\/\/potenciaradiofonicadominicana.com\/portal\/","logo":{"@type":"ImageObject","inLanguage":"es","@id":"https:\/\/potenciaradiofonicadominicana.com\/portal\/#\/schema\/logo\/image\/","url":"https:\/\/potenciaradiofonicadominicana.com\/portal\/wp-content\/uploads\/2022\/01\/descarga.png","contentUrl":"https:\/\/potenciaradiofonicadominicana.com\/portal\/wp-content\/uploads\/2022\/01\/descarga.png","width":300,"height":100,"caption":"PotenciaRadiofonicaDominicana.com"},"image":{"@id":"https:\/\/potenciaradiofonicadominicana.com\/portal\/#\/schema\/logo\/image\/"},"sameAs":["https:\/\/web.facebook.com\/PotenciaRadiofonicaD"]},{"@type":"Person","@id":"https:\/\/potenciaradiofonicadominicana.com\/portal\/#\/schema\/person\/a5cf1fea13877803ee0573ac18b03490","name":"Potencia Radiof\u00f3nica Dominicana","image":{"@type":"ImageObject","inLanguage":"es","@id":"https:\/\/potenciaradiofonicadominicana.com\/portal\/#\/schema\/person\/image\/","url":"https:\/\/secure.gravatar.com\/avatar\/42a55ab9e8ccc656ba34cd791990602a?s=96&d=mm&r=g","contentUrl":"https:\/\/secure.gravatar.com\/avatar\/42a55ab9e8ccc656ba34cd791990602a?s=96&d=mm&r=g","caption":"Potencia Radiof\u00f3nica Dominicana"},"url":"https:\/\/potenciaradiofonicadominicana.com\/portal\/author\/johannyalmanzar\/"}]}},"_links":{"self":[{"href":"https:\/\/potenciaradiofonicadominicana.com\/portal\/wp-json\/wp\/v2\/posts\/215044","targetHints":{"allow":["GET"]}}],"collection":[{"href":"https:\/\/potenciaradiofonicadominicana.com\/portal\/wp-json\/wp\/v2\/posts"}],"about":[{"href":"https:\/\/potenciaradiofonicadominicana.com\/portal\/wp-json\/wp\/v2\/types\/post"}],"author":[{"embeddable":true,"href":"https:\/\/potenciaradiofonicadominicana.com\/portal\/wp-json\/wp\/v2\/users\/2"}],"replies":[{"embeddable":true,"href":"https:\/\/potenciaradiofonicadominicana.com\/portal\/wp-json\/wp\/v2\/comments?post=215044"}],"version-history":[{"count":1,"href":"https:\/\/potenciaradiofonicadominicana.com\/portal\/wp-json\/wp\/v2\/posts\/215044\/revisions"}],"predecessor-version":[{"id":215050,"href":"https:\/\/potenciaradiofonicadominicana.com\/portal\/wp-json\/wp\/v2\/posts\/215044\/revisions\/215050"}],"wp:featuredmedia":[{"embeddable":true,"href":"https:\/\/potenciaradiofonicadominicana.com\/portal\/wp-json\/wp\/v2\/media\/215047"}],"wp:attachment":[{"href":"https:\/\/potenciaradiofonicadominicana.com\/portal\/wp-json\/wp\/v2\/media?parent=215044"}],"wp:term":[{"taxonomy":"category","embeddable":true,"href":"https:\/\/potenciaradiofonicadominicana.com\/portal\/wp-json\/wp\/v2\/categories?post=215044"},{"taxonomy":"post_tag","embeddable":true,"href":"https:\/\/potenciaradiofonicadominicana.com\/portal\/wp-json\/wp\/v2\/tags?post=215044"}],"curies":[{"name":"wp","href":"https:\/\/api.w.org\/{rel}","templated":true}]}}