{"id":215039,"date":"2026-04-13T22:47:18","date_gmt":"2026-04-14T02:47:18","guid":{"rendered":"https:\/\/potenciaradiofonicadominicana.com\/portal\/?p=215039"},"modified":"2026-04-13T22:47:18","modified_gmt":"2026-04-14T02:47:18","slug":"adopae-lamenta-fallecimiento-de-carlos-batista-matos","status":"publish","type":"post","link":"https:\/\/potenciaradiofonicadominicana.com\/portal\/adopae-lamenta-fallecimiento-de-carlos-batista-matos\/","title":{"rendered":"Adopae lamenta fallecimiento de Carlos Batista Matos"},"content":{"rendered":"<p><a href=\"https:\/\/potenciaradiofonicadominicana.com\/portal\/wp-content\/uploads\/2026\/04\/adopae-lamenta-la-muerte-de-carlos-batista-matos-y-su-contribucion-al-6f23447a-focus-min0.06-0.23-896-504.jpg\"><img loading=\"lazy\" decoding=\"async\" class=\"alignnone size-full wp-image-215041\" src=\"https:\/\/potenciaradiofonicadominicana.com\/portal\/wp-content\/uploads\/2026\/04\/adopae-lamenta-la-muerte-de-carlos-batista-matos-y-su-contribucion-al-6f23447a-focus-min0.06-0.23-896-504.jpg\" alt=\"\" width=\"896\" height=\"504\" srcset=\"https:\/\/potenciaradiofonicadominicana.com\/portal\/wp-content\/uploads\/2026\/04\/adopae-lamenta-la-muerte-de-carlos-batista-matos-y-su-contribucion-al-6f23447a-focus-min0.06-0.23-896-504.jpg 896w, https:\/\/potenciaradiofonicadominicana.com\/portal\/wp-content\/uploads\/2026\/04\/adopae-lamenta-la-muerte-de-carlos-batista-matos-y-su-contribucion-al-6f23447a-focus-min0.06-0.23-896-504-300x169.jpg 300w, https:\/\/potenciaradiofonicadominicana.com\/portal\/wp-content\/uploads\/2026\/04\/adopae-lamenta-la-muerte-de-carlos-batista-matos-y-su-contribucion-al-6f23447a-focus-min0.06-0.23-896-504-768x432.jpg 768w\" sizes=\"auto, (max-width: 896px) 100vw, 896px\" \/><\/a><\/p>\n<p>La\u00a0<strong>Academia Dominicana de Periodistas de Arte y Espect\u00e1culos<\/strong>\u00a0(<strong>Adopae<\/strong>) lamenta profundamente el\u00a0<strong>fallecimiento<\/strong>\u00a0del veterano periodista, escritor y comunicador\u00a0<strong>Carlos Batista Matos<\/strong>, ocurrido este lunes en Santo Domingo.<\/p>\n<p>De acuerdo con las informaciones ofrecidas por sus\u00a0<strong>familiares<\/strong>,\u00a0<strong>Batista Matos<\/strong>\u00a0fue\u00a0<strong>encontrado sin vida<\/strong>\u00a0en su apartamento del sector\u00a0<strong>El Vergel<\/strong>, en el\u00a0<strong>Distrito Nacional<\/strong>, donde resid\u00eda. La noticia fue confirmada por su hija menor.<\/p>\n<p><strong>Nacido<\/strong>\u00a0el 30 de diciembre de 1952 en\u00a0<strong>Vicente Noble<\/strong>, provincia\u00a0<strong>Barahona<\/strong>,\u00a0<strong>Carlos Batista Matos<\/strong>\u00a0desarroll\u00f3 una\u00a0<strong>trayectoria ejemplar<\/strong>, marcada por su firme compromiso con la\u00a0<strong>difusi\u00f3n del arte popular<\/strong>\u00a0y el fortalecimiento de la\u00a0<strong>identidad cultural dominicana<\/strong>.<\/p>\n<p>A lo largo de su vida profesional, transit\u00f3 por importantes espacios de la comunicaci\u00f3n, consolid\u00e1ndose como una de las voces m\u00e1s respetadas en el \u00e1mbito del espect\u00e1culo. Al momento de su\u00a0<strong>fallecimiento<\/strong>, produc\u00eda y conduc\u00eda el programa \u00ab<strong>Con los Famosos<\/strong>\u00ab, transmitido por\u00a0<strong>Color Visi\u00f3n<\/strong>, canal 9.<\/p>\n<p>Fue\u00a0<strong>editor<\/strong>\u00a0de la revista\u00a0<strong>La Tarde Alegre<\/strong>\u00a0y de la secci\u00f3n de espect\u00e1culos del desaparecido vespertino\u00a0<strong>\u00daltima Hora<\/strong>, desde donde impuls\u00f3 el an\u00e1lisis cr\u00edtico y la promoci\u00f3n de figuras del entretenimiento.<\/p>\n","protected":false},"excerpt":{"rendered":"<p>La\u00a0Academia Dominicana de Periodistas de Arte y Espect\u00e1culos\u00a0(Adopae) lamenta profundamente el\u00a0fallecimiento\u00a0del veterano periodista, escritor y comunicador\u00a0Carlos Batista Matos, ocurrido este &#8230;<\/p>\n","protected":false},"author":2,"featured_media":215041,"comment_status":"closed","ping_status":"closed","sticky":false,"template":"","format":"standard","meta":{"footnotes":""},"categories":[31],"tags":[],"class_list":["post-215039","post","type-post","status-publish","format-standard","has-post-thumbnail","hentry","category-arte-y-espectaculo"],"yoast_head":"<!-- This site is optimized with the Yoast SEO plugin v24.8.1 - https:\/\/yoast.com\/wordpress\/plugins\/seo\/ -->\n<title>Adopae lamenta fallecimiento de Carlos Batista Matos - PotenciaRadiofonicaDominicana.com<\/title>\n<meta name=\"robots\" content=\"index, follow, max-snippet:-1, max-image-preview:large, max-video-preview:-1\" \/>\n<link rel=\"canonical\" href=\"https:\/\/potenciaradiofonicadominicana.com\/portal\/adopae-lamenta-fallecimiento-de-carlos-batista-matos\/\" \/>\n<meta property=\"og:locale\" content=\"es_ES\" \/>\n<meta property=\"og:type\" content=\"article\" \/>\n<meta property=\"og:title\" content=\"Adopae lamenta fallecimiento de Carlos Batista Matos - PotenciaRadiofonicaDominicana.com\" \/>\n<meta property=\"og:description\" content=\"La\u00a0Academia Dominicana de Periodistas de Arte y Espect\u00e1culos\u00a0(Adopae) lamenta profundamente el\u00a0fallecimiento\u00a0del veterano periodista, escritor y comunicador\u00a0Carlos Batista Matos, ocurrido este ...\" \/>\n<meta property=\"og:url\" content=\"https:\/\/potenciaradiofonicadominicana.com\/portal\/adopae-lamenta-fallecimiento-de-carlos-batista-matos\/\" \/>\n<meta property=\"og:site_name\" content=\"PotenciaRadiofonicaDominicana.com\" \/>\n<meta property=\"article:publisher\" content=\"https:\/\/web.facebook.com\/PotenciaRadiofonicaD\" \/>\n<meta property=\"article:published_time\" content=\"2026-04-14T02:47:18+00:00\" \/>\n<meta property=\"og:image\" content=\"https:\/\/potenciaradiofonicadominicana.com\/portal\/wp-content\/uploads\/2026\/04\/adopae-lamenta-la-muerte-de-carlos-batista-matos-y-su-contribucion-al-6f23447a-focus-min0.06-0.23-896-504.jpg\" \/>\n\t<meta property=\"og:image:width\" content=\"896\" \/>\n\t<meta property=\"og:image:height\" content=\"504\" \/>\n\t<meta property=\"og:image:type\" content=\"image\/jpeg\" \/>\n<meta name=\"author\" content=\"Potencia Radiof\u00f3nica Dominicana\" \/>\n<meta name=\"twitter:card\" content=\"summary_large_image\" \/>\n<meta name=\"twitter:label1\" content=\"Escrito por\" \/>\n\t<meta name=\"twitter:data1\" content=\"Potencia Radiof\u00f3nica Dominicana\" \/>\n\t<meta name=\"twitter:label2\" content=\"Tiempo de lectura\" \/>\n\t<meta name=\"twitter:data2\" content=\"2 minutos\" \/>\n<script type=\"application\/ld+json\" class=\"yoast-schema-graph\">{\"@context\":\"https:\/\/schema.org\",\"@graph\":[{\"@type\":\"Article\",\"@id\":\"https:\/\/potenciaradiofonicadominicana.com\/portal\/adopae-lamenta-fallecimiento-de-carlos-batista-matos\/#article\",\"isPartOf\":{\"@id\":\"https:\/\/potenciaradiofonicadominicana.com\/portal\/adopae-lamenta-fallecimiento-de-carlos-batista-matos\/\"},\"author\":{\"name\":\"Potencia Radiof\u00f3nica Dominicana\",\"@id\":\"https:\/\/potenciaradiofonicadominicana.com\/portal\/#\/schema\/person\/a5cf1fea13877803ee0573ac18b03490\"},\"headline\":\"Adopae lamenta fallecimiento de Carlos Batista Matos\",\"datePublished\":\"2026-04-14T02:47:18+00:00\",\"mainEntityOfPage\":{\"@id\":\"https:\/\/potenciaradiofonicadominicana.com\/portal\/adopae-lamenta-fallecimiento-de-carlos-batista-matos\/\"},\"wordCount\":200,\"publisher\":{\"@id\":\"https:\/\/potenciaradiofonicadominicana.com\/portal\/#organization\"},\"image\":{\"@id\":\"https:\/\/potenciaradiofonicadominicana.com\/portal\/adopae-lamenta-fallecimiento-de-carlos-batista-matos\/#primaryimage\"},\"thumbnailUrl\":\"https:\/\/potenciaradiofonicadominicana.com\/portal\/wp-content\/uploads\/2026\/04\/adopae-lamenta-la-muerte-de-carlos-batista-matos-y-su-contribucion-al-6f23447a-focus-min0.06-0.23-896-504.jpg\",\"articleSection\":[\"Arte y Espectaculo\"],\"inLanguage\":\"es\"},{\"@type\":\"WebPage\",\"@id\":\"https:\/\/potenciaradiofonicadominicana.com\/portal\/adopae-lamenta-fallecimiento-de-carlos-batista-matos\/\",\"url\":\"https:\/\/potenciaradiofonicadominicana.com\/portal\/adopae-lamenta-fallecimiento-de-carlos-batista-matos\/\",\"name\":\"Adopae lamenta fallecimiento de Carlos Batista Matos - PotenciaRadiofonicaDominicana.com\",\"isPartOf\":{\"@id\":\"https:\/\/potenciaradiofonicadominicana.com\/portal\/#website\"},\"primaryImageOfPage\":{\"@id\":\"https:\/\/potenciaradiofonicadominicana.com\/portal\/adopae-lamenta-fallecimiento-de-carlos-batista-matos\/#primaryimage\"},\"image\":{\"@id\":\"https:\/\/potenciaradiofonicadominicana.com\/portal\/adopae-lamenta-fallecimiento-de-carlos-batista-matos\/#primaryimage\"},\"thumbnailUrl\":\"https:\/\/potenciaradiofonicadominicana.com\/portal\/wp-content\/uploads\/2026\/04\/adopae-lamenta-la-muerte-de-carlos-batista-matos-y-su-contribucion-al-6f23447a-focus-min0.06-0.23-896-504.jpg\",\"datePublished\":\"2026-04-14T02:47:18+00:00\",\"breadcrumb\":{\"@id\":\"https:\/\/potenciaradiofonicadominicana.com\/portal\/adopae-lamenta-fallecimiento-de-carlos-batista-matos\/#breadcrumb\"},\"inLanguage\":\"es\",\"potentialAction\":[{\"@type\":\"ReadAction\",\"target\":[\"https:\/\/potenciaradiofonicadominicana.com\/portal\/adopae-lamenta-fallecimiento-de-carlos-batista-matos\/\"]}]},{\"@type\":\"ImageObject\",\"inLanguage\":\"es\",\"@id\":\"https:\/\/potenciaradiofonicadominicana.com\/portal\/adopae-lamenta-fallecimiento-de-carlos-batista-matos\/#primaryimage\",\"url\":\"https:\/\/potenciaradiofonicadominicana.com\/portal\/wp-content\/uploads\/2026\/04\/adopae-lamenta-la-muerte-de-carlos-batista-matos-y-su-contribucion-al-6f23447a-focus-min0.06-0.23-896-504.jpg\",\"contentUrl\":\"https:\/\/potenciaradiofonicadominicana.com\/portal\/wp-content\/uploads\/2026\/04\/adopae-lamenta-la-muerte-de-carlos-batista-matos-y-su-contribucion-al-6f23447a-focus-min0.06-0.23-896-504.jpg\",\"width\":896,\"height\":504},{\"@type\":\"BreadcrumbList\",\"@id\":\"https:\/\/potenciaradiofonicadominicana.com\/portal\/adopae-lamenta-fallecimiento-de-carlos-batista-matos\/#breadcrumb\",\"itemListElement\":[{\"@type\":\"ListItem\",\"position\":1,\"name\":\"Portada\",\"item\":\"https:\/\/potenciaradiofonicadominicana.com\/portal\/\"},{\"@type\":\"ListItem\",\"position\":2,\"name\":\"Adopae lamenta fallecimiento de Carlos Batista Matos\"}]},{\"@type\":\"WebSite\",\"@id\":\"https:\/\/potenciaradiofonicadominicana.com\/portal\/#website\",\"url\":\"https:\/\/potenciaradiofonicadominicana.com\/portal\/\",\"name\":\"PotenciaRadiofonicaDominicana.com\",\"description\":\"Peri\u00f3dico Digital\",\"publisher\":{\"@id\":\"https:\/\/potenciaradiofonicadominicana.com\/portal\/#organization\"},\"potentialAction\":[{\"@type\":\"SearchAction\",\"target\":{\"@type\":\"EntryPoint\",\"urlTemplate\":\"https:\/\/potenciaradiofonicadominicana.com\/portal\/?s={search_term_string}\"},\"query-input\":{\"@type\":\"PropertyValueSpecification\",\"valueRequired\":true,\"valueName\":\"search_term_string\"}}],\"inLanguage\":\"es\"},{\"@type\":\"Organization\",\"@id\":\"https:\/\/potenciaradiofonicadominicana.com\/portal\/#organization\",\"name\":\"PotenciaRadiofonicaDominicana.com\",\"url\":\"https:\/\/potenciaradiofonicadominicana.com\/portal\/\",\"logo\":{\"@type\":\"ImageObject\",\"inLanguage\":\"es\",\"@id\":\"https:\/\/potenciaradiofonicadominicana.com\/portal\/#\/schema\/logo\/image\/\",\"url\":\"https:\/\/potenciaradiofonicadominicana.com\/portal\/wp-content\/uploads\/2022\/01\/descarga.png\",\"contentUrl\":\"https:\/\/potenciaradiofonicadominicana.com\/portal\/wp-content\/uploads\/2022\/01\/descarga.png\",\"width\":300,\"height\":100,\"caption\":\"PotenciaRadiofonicaDominicana.com\"},\"image\":{\"@id\":\"https:\/\/potenciaradiofonicadominicana.com\/portal\/#\/schema\/logo\/image\/\"},\"sameAs\":[\"https:\/\/web.facebook.com\/PotenciaRadiofonicaD\"]},{\"@type\":\"Person\",\"@id\":\"https:\/\/potenciaradiofonicadominicana.com\/portal\/#\/schema\/person\/a5cf1fea13877803ee0573ac18b03490\",\"name\":\"Potencia Radiof\u00f3nica Dominicana\",\"image\":{\"@type\":\"ImageObject\",\"inLanguage\":\"es\",\"@id\":\"https:\/\/potenciaradiofonicadominicana.com\/portal\/#\/schema\/person\/image\/\",\"url\":\"https:\/\/secure.gravatar.com\/avatar\/42a55ab9e8ccc656ba34cd791990602a?s=96&d=mm&r=g\",\"contentUrl\":\"https:\/\/secure.gravatar.com\/avatar\/42a55ab9e8ccc656ba34cd791990602a?s=96&d=mm&r=g\",\"caption\":\"Potencia Radiof\u00f3nica Dominicana\"},\"url\":\"https:\/\/potenciaradiofonicadominicana.com\/portal\/author\/johannyalmanzar\/\"}]}<\/script>\n<!-- \/ Yoast SEO plugin. -->","yoast_head_json":{"title":"Adopae lamenta fallecimiento de Carlos Batista Matos - PotenciaRadiofonicaDominicana.com","robots":{"index":"index","follow":"follow","max-snippet":"max-snippet:-1","max-image-preview":"max-image-preview:large","max-video-preview":"max-video-preview:-1"},"canonical":"https:\/\/potenciaradiofonicadominicana.com\/portal\/adopae-lamenta-fallecimiento-de-carlos-batista-matos\/","og_locale":"es_ES","og_type":"article","og_title":"Adopae lamenta fallecimiento de Carlos Batista Matos - PotenciaRadiofonicaDominicana.com","og_description":"La\u00a0Academia Dominicana de Periodistas de Arte y Espect\u00e1culos\u00a0(Adopae) lamenta profundamente el\u00a0fallecimiento\u00a0del veterano periodista, escritor y comunicador\u00a0Carlos Batista Matos, ocurrido este ...","og_url":"https:\/\/potenciaradiofonicadominicana.com\/portal\/adopae-lamenta-fallecimiento-de-carlos-batista-matos\/","og_site_name":"PotenciaRadiofonicaDominicana.com","article_publisher":"https:\/\/web.facebook.com\/PotenciaRadiofonicaD","article_published_time":"2026-04-14T02:47:18+00:00","og_image":[{"width":896,"height":504,"url":"https:\/\/potenciaradiofonicadominicana.com\/portal\/wp-content\/uploads\/2026\/04\/adopae-lamenta-la-muerte-de-carlos-batista-matos-y-su-contribucion-al-6f23447a-focus-min0.06-0.23-896-504.jpg","type":"image\/jpeg"}],"author":"Potencia Radiof\u00f3nica Dominicana","twitter_card":"summary_large_image","twitter_misc":{"Escrito por":"Potencia Radiof\u00f3nica Dominicana","Tiempo de lectura":"2 minutos"},"schema":{"@context":"https:\/\/schema.org","@graph":[{"@type":"Article","@id":"https:\/\/potenciaradiofonicadominicana.com\/portal\/adopae-lamenta-fallecimiento-de-carlos-batista-matos\/#article","isPartOf":{"@id":"https:\/\/potenciaradiofonicadominicana.com\/portal\/adopae-lamenta-fallecimiento-de-carlos-batista-matos\/"},"author":{"name":"Potencia Radiof\u00f3nica Dominicana","@id":"https:\/\/potenciaradiofonicadominicana.com\/portal\/#\/schema\/person\/a5cf1fea13877803ee0573ac18b03490"},"headline":"Adopae lamenta fallecimiento de Carlos Batista Matos","datePublished":"2026-04-14T02:47:18+00:00","mainEntityOfPage":{"@id":"https:\/\/potenciaradiofonicadominicana.com\/portal\/adopae-lamenta-fallecimiento-de-carlos-batista-matos\/"},"wordCount":200,"publisher":{"@id":"https:\/\/potenciaradiofonicadominicana.com\/portal\/#organization"},"image":{"@id":"https:\/\/potenciaradiofonicadominicana.com\/portal\/adopae-lamenta-fallecimiento-de-carlos-batista-matos\/#primaryimage"},"thumbnailUrl":"https:\/\/potenciaradiofonicadominicana.com\/portal\/wp-content\/uploads\/2026\/04\/adopae-lamenta-la-muerte-de-carlos-batista-matos-y-su-contribucion-al-6f23447a-focus-min0.06-0.23-896-504.jpg","articleSection":["Arte y Espectaculo"],"inLanguage":"es"},{"@type":"WebPage","@id":"https:\/\/potenciaradiofonicadominicana.com\/portal\/adopae-lamenta-fallecimiento-de-carlos-batista-matos\/","url":"https:\/\/potenciaradiofonicadominicana.com\/portal\/adopae-lamenta-fallecimiento-de-carlos-batista-matos\/","name":"Adopae lamenta fallecimiento de Carlos Batista Matos - PotenciaRadiofonicaDominicana.com","isPartOf":{"@id":"https:\/\/potenciaradiofonicadominicana.com\/portal\/#website"},"primaryImageOfPage":{"@id":"https:\/\/potenciaradiofonicadominicana.com\/portal\/adopae-lamenta-fallecimiento-de-carlos-batista-matos\/#primaryimage"},"image":{"@id":"https:\/\/potenciaradiofonicadominicana.com\/portal\/adopae-lamenta-fallecimiento-de-carlos-batista-matos\/#primaryimage"},"thumbnailUrl":"https:\/\/potenciaradiofonicadominicana.com\/portal\/wp-content\/uploads\/2026\/04\/adopae-lamenta-la-muerte-de-carlos-batista-matos-y-su-contribucion-al-6f23447a-focus-min0.06-0.23-896-504.jpg","datePublished":"2026-04-14T02:47:18+00:00","breadcrumb":{"@id":"https:\/\/potenciaradiofonicadominicana.com\/portal\/adopae-lamenta-fallecimiento-de-carlos-batista-matos\/#breadcrumb"},"inLanguage":"es","potentialAction":[{"@type":"ReadAction","target":["https:\/\/potenciaradiofonicadominicana.com\/portal\/adopae-lamenta-fallecimiento-de-carlos-batista-matos\/"]}]},{"@type":"ImageObject","inLanguage":"es","@id":"https:\/\/potenciaradiofonicadominicana.com\/portal\/adopae-lamenta-fallecimiento-de-carlos-batista-matos\/#primaryimage","url":"https:\/\/potenciaradiofonicadominicana.com\/portal\/wp-content\/uploads\/2026\/04\/adopae-lamenta-la-muerte-de-carlos-batista-matos-y-su-contribucion-al-6f23447a-focus-min0.06-0.23-896-504.jpg","contentUrl":"https:\/\/potenciaradiofonicadominicana.com\/portal\/wp-content\/uploads\/2026\/04\/adopae-lamenta-la-muerte-de-carlos-batista-matos-y-su-contribucion-al-6f23447a-focus-min0.06-0.23-896-504.jpg","width":896,"height":504},{"@type":"BreadcrumbList","@id":"https:\/\/potenciaradiofonicadominicana.com\/portal\/adopae-lamenta-fallecimiento-de-carlos-batista-matos\/#breadcrumb","itemListElement":[{"@type":"ListItem","position":1,"name":"Portada","item":"https:\/\/potenciaradiofonicadominicana.com\/portal\/"},{"@type":"ListItem","position":2,"name":"Adopae lamenta fallecimiento de Carlos Batista Matos"}]},{"@type":"WebSite","@id":"https:\/\/potenciaradiofonicadominicana.com\/portal\/#website","url":"https:\/\/potenciaradiofonicadominicana.com\/portal\/","name":"PotenciaRadiofonicaDominicana.com","description":"Peri\u00f3dico Digital","publisher":{"@id":"https:\/\/potenciaradiofonicadominicana.com\/portal\/#organization"},"potentialAction":[{"@type":"SearchAction","target":{"@type":"EntryPoint","urlTemplate":"https:\/\/potenciaradiofonicadominicana.com\/portal\/?s={search_term_string}"},"query-input":{"@type":"PropertyValueSpecification","valueRequired":true,"valueName":"search_term_string"}}],"inLanguage":"es"},{"@type":"Organization","@id":"https:\/\/potenciaradiofonicadominicana.com\/portal\/#organization","name":"PotenciaRadiofonicaDominicana.com","url":"https:\/\/potenciaradiofonicadominicana.com\/portal\/","logo":{"@type":"ImageObject","inLanguage":"es","@id":"https:\/\/potenciaradiofonicadominicana.com\/portal\/#\/schema\/logo\/image\/","url":"https:\/\/potenciaradiofonicadominicana.com\/portal\/wp-content\/uploads\/2022\/01\/descarga.png","contentUrl":"https:\/\/potenciaradiofonicadominicana.com\/portal\/wp-content\/uploads\/2022\/01\/descarga.png","width":300,"height":100,"caption":"PotenciaRadiofonicaDominicana.com"},"image":{"@id":"https:\/\/potenciaradiofonicadominicana.com\/portal\/#\/schema\/logo\/image\/"},"sameAs":["https:\/\/web.facebook.com\/PotenciaRadiofonicaD"]},{"@type":"Person","@id":"https:\/\/potenciaradiofonicadominicana.com\/portal\/#\/schema\/person\/a5cf1fea13877803ee0573ac18b03490","name":"Potencia Radiof\u00f3nica Dominicana","image":{"@type":"ImageObject","inLanguage":"es","@id":"https:\/\/potenciaradiofonicadominicana.com\/portal\/#\/schema\/person\/image\/","url":"https:\/\/secure.gravatar.com\/avatar\/42a55ab9e8ccc656ba34cd791990602a?s=96&d=mm&r=g","contentUrl":"https:\/\/secure.gravatar.com\/avatar\/42a55ab9e8ccc656ba34cd791990602a?s=96&d=mm&r=g","caption":"Potencia Radiof\u00f3nica Dominicana"},"url":"https:\/\/potenciaradiofonicadominicana.com\/portal\/author\/johannyalmanzar\/"}]}},"_links":{"self":[{"href":"https:\/\/potenciaradiofonicadominicana.com\/portal\/wp-json\/wp\/v2\/posts\/215039","targetHints":{"allow":["GET"]}}],"collection":[{"href":"https:\/\/potenciaradiofonicadominicana.com\/portal\/wp-json\/wp\/v2\/posts"}],"about":[{"href":"https:\/\/potenciaradiofonicadominicana.com\/portal\/wp-json\/wp\/v2\/types\/post"}],"author":[{"embeddable":true,"href":"https:\/\/potenciaradiofonicadominicana.com\/portal\/wp-json\/wp\/v2\/users\/2"}],"replies":[{"embeddable":true,"href":"https:\/\/potenciaradiofonicadominicana.com\/portal\/wp-json\/wp\/v2\/comments?post=215039"}],"version-history":[{"count":1,"href":"https:\/\/potenciaradiofonicadominicana.com\/portal\/wp-json\/wp\/v2\/posts\/215039\/revisions"}],"predecessor-version":[{"id":215043,"href":"https:\/\/potenciaradiofonicadominicana.com\/portal\/wp-json\/wp\/v2\/posts\/215039\/revisions\/215043"}],"wp:featuredmedia":[{"embeddable":true,"href":"https:\/\/potenciaradiofonicadominicana.com\/portal\/wp-json\/wp\/v2\/media\/215041"}],"wp:attachment":[{"href":"https:\/\/potenciaradiofonicadominicana.com\/portal\/wp-json\/wp\/v2\/media?parent=215039"}],"wp:term":[{"taxonomy":"category","embeddable":true,"href":"https:\/\/potenciaradiofonicadominicana.com\/portal\/wp-json\/wp\/v2\/categories?post=215039"},{"taxonomy":"post_tag","embeddable":true,"href":"https:\/\/potenciaradiofonicadominicana.com\/portal\/wp-json\/wp\/v2\/tags?post=215039"}],"curies":[{"name":"wp","href":"https:\/\/api.w.org\/{rel}","templated":true}]}}