{"id":215033,"date":"2026-04-13T22:46:12","date_gmt":"2026-04-14T02:46:12","guid":{"rendered":"https:\/\/potenciaradiofonicadominicana.com\/portal\/?p=215033"},"modified":"2026-04-13T22:46:12","modified_gmt":"2026-04-14T02:46:12","slug":"la-moda-dominicana-llega-al-teatro-nacional-con-chapter-ii-by-miguel-genao","status":"publish","type":"post","link":"https:\/\/potenciaradiofonicadominicana.com\/portal\/la-moda-dominicana-llega-al-teatro-nacional-con-chapter-ii-by-miguel-genao\/","title":{"rendered":"La moda dominicana llega al Teatro Nacional con \u00abChapter II by Miguel Genao\u00bb"},"content":{"rendered":"<p><a href=\"https:\/\/potenciaradiofonicadominicana.com\/portal\/wp-content\/uploads\/2026\/04\/miguel-genao-presentara-coleccion-chapter-ii-en-el-teatro-nacional-02f8f458-focus-0.09-0.15-896-504.jpg\"><img loading=\"lazy\" decoding=\"async\" class=\"alignnone size-full wp-image-215035\" src=\"https:\/\/potenciaradiofonicadominicana.com\/portal\/wp-content\/uploads\/2026\/04\/miguel-genao-presentara-coleccion-chapter-ii-en-el-teatro-nacional-02f8f458-focus-0.09-0.15-896-504.jpg\" alt=\"\" width=\"896\" height=\"504\" srcset=\"https:\/\/potenciaradiofonicadominicana.com\/portal\/wp-content\/uploads\/2026\/04\/miguel-genao-presentara-coleccion-chapter-ii-en-el-teatro-nacional-02f8f458-focus-0.09-0.15-896-504.jpg 896w, https:\/\/potenciaradiofonicadominicana.com\/portal\/wp-content\/uploads\/2026\/04\/miguel-genao-presentara-coleccion-chapter-ii-en-el-teatro-nacional-02f8f458-focus-0.09-0.15-896-504-300x169.jpg 300w, https:\/\/potenciaradiofonicadominicana.com\/portal\/wp-content\/uploads\/2026\/04\/miguel-genao-presentara-coleccion-chapter-ii-en-el-teatro-nacional-02f8f458-focus-0.09-0.15-896-504-768x432.jpg 768w\" sizes=\"auto, (max-width: 896px) 100vw, 896px\" \/><\/a><\/p>\n<p>Con una trayectoria que se extiende a lo largo de\u00a0<strong>18 a\u00f1os<\/strong>\u00a0redefiniendo la\u00a0<strong>elegancia contempor\u00e1nea<\/strong>, el dise\u00f1ador dominicano\u00a0<strong>Miguel Genao<\/strong>\u00a0anunci\u00f3 la presentaci\u00f3n de su m\u00e1s reciente propuesta,\u00a0<strong><em>Chapter II,\u00a0<\/em><\/strong>el pr\u00f3ximo martes 28 de abril.<\/p>\n<p>Este evento marcar\u00e1 un hito sin precedentes en la industria de moda local, al convertirse en la primera marca dominicana en realizar un\u00a0<strong>desfile individual<\/strong>\u00a0dentro de la\u00a0<strong>sala Carlos Piantini<\/strong>\u00a0del\u00a0<strong>Teatro Nacional Eduardo Brito<\/strong>.<\/p>\n<p>La elecci\u00f3n del\u00a0<strong>Teatro Nacional<\/strong>\u00a0no es casual. Para Genao y su equipo, este recinto representa el\u00a0<strong>epicentro del arte<\/strong>\u00a0en la\u00a0<strong>Rep\u00fablica Dominicana<\/strong>.<\/p>\n<p>\u00abSiempre so\u00f1amos con llevar la moda al escenario m\u00e1s importante del pa\u00eds\u00bb, explica Genao en una nota de prensa. \u00abEsto es un\u00a0<strong>sue\u00f1o hecho realidad<\/strong>, y representa el\u00a0<strong>show m\u00e1s importante<\/strong> en nuestras casi dos d\u00e9cadas de carrera profesional\u00bb, afirma.<\/p>\n<h2>\u00ab<strong>Dark Tropical<\/strong>\u00bb y la\u00a0<strong>experimentaci\u00f3n de materiales<\/strong><\/h2>\n<p><strong>Chapter II<\/strong>\u00a0se presenta como una evoluci\u00f3n conceptual que conecta el pasado, los inicios de la marca, la\u00a0<strong>est\u00e9tica<\/strong>\u00a0punk y la rebeld\u00eda con la que se posicion\u00f3 Genao, lo entrelaza con su presente y mira hacia el futuro de la firma.<\/p>\n<p>La colecci\u00f3n introduce una innovadora\u00a0<strong>est\u00e9tica<\/strong>\u00a0\u00ab<strong>Dark Tropical<\/strong>\u00ab, un giro audz al <strong>ADN caribe\u00f1o<\/strong>\u00a0de la firma que rescata influencias de sus inicios, pero con una visi\u00f3n renovada, m\u00e1s juvenil y arriesgada, con nuevas siluetas que impregnan en su identidad el toque atrevido de los creativos que hoy lideran la marca:\u00a0<strong>Miguel Genao<\/strong>\u00a0y Frank P\u00e9rez.<\/p>\n<p>La\u00a0<strong>innovaci\u00f3n t\u00e9cnica<\/strong>\u00a0es el eje central de este cap\u00edtulo, destac\u00e1ndose por el uso de\u00a0<strong>materiales poco convencionales<\/strong>\u00a0en el sector textil dominicano, reafirmando de esta manera el compromiso y la visi\u00f3n innovadora de\u00a0<strong>Miguel Genao<\/strong>\u00a0en la industria de la\u00a0<strong>moda dominicana<\/strong>.<\/p>\n<p>Este cap\u00edtulo es, tambi\u00e9n, una apuesta por lo\u00a0<strong>hecho a mano<\/strong>, integrando en la colecci\u00f3n el concepto \u00b4<strong>Artesan\u00eda pura<\/strong>\u00b4, una selecci\u00f3n de piezas creadas 100 % a mano integrando\u00a0<strong>madera, hilos y cristales<\/strong>.<\/p>\n<div id=\"dl_300x250_inread_3\" data-google-query-id=\"CMim-aWp7JMDFXu3ywEdUxMMwQ\">\n<p>Adem\u00e1s, combina texturas de manera disruptiva para crear una experiencia visual que lleva a la\u00a0<strong>alta costura<\/strong>\u00a0una combinaci\u00f3n de\u00a0<strong>fibras naturales<\/strong>, como el lino, que representa la\u00a0<strong>est\u00e9tica<\/strong>\u00a0actual de la firma, con elementos industriales como\u00a0<strong>cadenas de metal<\/strong>, que hacen alusi\u00f3n a los inicios de\u00a0<strong>Miguel Genao<\/strong>\u00a0como firma de moda.<\/p>\n<p>Y su identidad visual no pod\u00eda faltar.\u00a0<strong>Chapter II<\/strong>\u00a0trae la integraci\u00f3n de\u00a0<strong>estampados digitales<\/strong>\u00a0con elementos caracter\u00edsticos de nuestra\u00a0<strong>identidad caribe\u00f1a<\/strong>, un homenaje visual a nuestra cultura enmarcadas en piezas de\u00a0<strong>alta costura<\/strong>\u00a0que redefinen el significado del buen vestir.<\/p>\n<ul class=\"list-text\">\n<li>A lo largo de sus\u00a0<strong>18 a\u00f1os<\/strong>\u00a0de trayectoria,\u00a0<strong>Miguel Genao<\/strong>\u00a0se ha consolidado como un aliado en el rescate de t\u00e9cnicas artesanales que se han ido perdiendo en la escena local.<\/li>\n<\/ul>\n<p>La marca se dirige a un p\u00fablico \u2014tanto hombres como mujeres\u2014 que no teme\u00a0<strong>expresarse<\/strong>\u00a0a trav\u00e9s de la indumentaria y que\u00a0<strong>valora el arte<\/strong>\u00a0en cada costura.<\/p>\n<p>\u00abEste cap\u00edtulo representa\u00a0<strong>esperanza y orgullo<\/strong>\u00ab, afirma. \u00abEs una mirada a todas las\u00a0<strong>t\u00e9cnicas y est\u00e9ticas<\/strong>\u00a0por las que la marca ha atravesado, pero apostando por siluetas nuevas que mantienen nuestra esencia intacta\u00bb, explica Genao.<\/p>\n<\/div>\n","protected":false},"excerpt":{"rendered":"<p>Con una trayectoria que se extiende a lo largo de\u00a018 a\u00f1os\u00a0redefiniendo la\u00a0elegancia contempor\u00e1nea, el dise\u00f1ador dominicano\u00a0Miguel Genao\u00a0anunci\u00f3 la presentaci\u00f3n de &#8230;<\/p>\n","protected":false},"author":2,"featured_media":215035,"comment_status":"closed","ping_status":"closed","sticky":false,"template":"","format":"standard","meta":{"footnotes":""},"categories":[31],"tags":[],"class_list":["post-215033","post","type-post","status-publish","format-standard","has-post-thumbnail","hentry","category-arte-y-espectaculo"],"yoast_head":"<!-- This site is optimized with the Yoast SEO plugin v24.8.1 - https:\/\/yoast.com\/wordpress\/plugins\/seo\/ -->\n<title>La moda dominicana llega al Teatro Nacional con &quot;Chapter II by Miguel Genao&quot; - PotenciaRadiofonicaDominicana.com<\/title>\n<meta name=\"robots\" content=\"index, follow, max-snippet:-1, max-image-preview:large, max-video-preview:-1\" \/>\n<link rel=\"canonical\" href=\"https:\/\/potenciaradiofonicadominicana.com\/portal\/la-moda-dominicana-llega-al-teatro-nacional-con-chapter-ii-by-miguel-genao\/\" \/>\n<meta property=\"og:locale\" content=\"es_ES\" \/>\n<meta property=\"og:type\" content=\"article\" \/>\n<meta property=\"og:title\" content=\"La moda dominicana llega al Teatro Nacional con &quot;Chapter II by Miguel Genao&quot; - PotenciaRadiofonicaDominicana.com\" \/>\n<meta property=\"og:description\" content=\"Con una trayectoria que se extiende a lo largo de\u00a018 a\u00f1os\u00a0redefiniendo la\u00a0elegancia contempor\u00e1nea, el dise\u00f1ador dominicano\u00a0Miguel Genao\u00a0anunci\u00f3 la presentaci\u00f3n de ...\" \/>\n<meta property=\"og:url\" content=\"https:\/\/potenciaradiofonicadominicana.com\/portal\/la-moda-dominicana-llega-al-teatro-nacional-con-chapter-ii-by-miguel-genao\/\" \/>\n<meta property=\"og:site_name\" content=\"PotenciaRadiofonicaDominicana.com\" \/>\n<meta property=\"article:publisher\" content=\"https:\/\/web.facebook.com\/PotenciaRadiofonicaD\" \/>\n<meta property=\"article:published_time\" content=\"2026-04-14T02:46:12+00:00\" \/>\n<meta property=\"og:image\" content=\"https:\/\/potenciaradiofonicadominicana.com\/portal\/wp-content\/uploads\/2026\/04\/miguel-genao-presentara-coleccion-chapter-ii-en-el-teatro-nacional-02f8f458-focus-0.09-0.15-896-504.jpg\" \/>\n\t<meta property=\"og:image:width\" content=\"896\" \/>\n\t<meta property=\"og:image:height\" content=\"504\" \/>\n\t<meta property=\"og:image:type\" content=\"image\/jpeg\" \/>\n<meta name=\"author\" content=\"Potencia Radiof\u00f3nica Dominicana\" \/>\n<meta name=\"twitter:card\" content=\"summary_large_image\" \/>\n<meta name=\"twitter:label1\" content=\"Escrito por\" \/>\n\t<meta name=\"twitter:data1\" content=\"Potencia Radiof\u00f3nica Dominicana\" \/>\n\t<meta name=\"twitter:label2\" content=\"Tiempo de lectura\" \/>\n\t<meta name=\"twitter:data2\" content=\"3 minutos\" \/>\n<script type=\"application\/ld+json\" class=\"yoast-schema-graph\">{\"@context\":\"https:\/\/schema.org\",\"@graph\":[{\"@type\":\"Article\",\"@id\":\"https:\/\/potenciaradiofonicadominicana.com\/portal\/la-moda-dominicana-llega-al-teatro-nacional-con-chapter-ii-by-miguel-genao\/#article\",\"isPartOf\":{\"@id\":\"https:\/\/potenciaradiofonicadominicana.com\/portal\/la-moda-dominicana-llega-al-teatro-nacional-con-chapter-ii-by-miguel-genao\/\"},\"author\":{\"name\":\"Potencia Radiof\u00f3nica Dominicana\",\"@id\":\"https:\/\/potenciaradiofonicadominicana.com\/portal\/#\/schema\/person\/a5cf1fea13877803ee0573ac18b03490\"},\"headline\":\"La moda dominicana llega al Teatro Nacional con \u00abChapter II by Miguel Genao\u00bb\",\"datePublished\":\"2026-04-14T02:46:12+00:00\",\"mainEntityOfPage\":{\"@id\":\"https:\/\/potenciaradiofonicadominicana.com\/portal\/la-moda-dominicana-llega-al-teatro-nacional-con-chapter-ii-by-miguel-genao\/\"},\"wordCount\":564,\"publisher\":{\"@id\":\"https:\/\/potenciaradiofonicadominicana.com\/portal\/#organization\"},\"image\":{\"@id\":\"https:\/\/potenciaradiofonicadominicana.com\/portal\/la-moda-dominicana-llega-al-teatro-nacional-con-chapter-ii-by-miguel-genao\/#primaryimage\"},\"thumbnailUrl\":\"https:\/\/potenciaradiofonicadominicana.com\/portal\/wp-content\/uploads\/2026\/04\/miguel-genao-presentara-coleccion-chapter-ii-en-el-teatro-nacional-02f8f458-focus-0.09-0.15-896-504.jpg\",\"articleSection\":[\"Arte y Espectaculo\"],\"inLanguage\":\"es\"},{\"@type\":\"WebPage\",\"@id\":\"https:\/\/potenciaradiofonicadominicana.com\/portal\/la-moda-dominicana-llega-al-teatro-nacional-con-chapter-ii-by-miguel-genao\/\",\"url\":\"https:\/\/potenciaradiofonicadominicana.com\/portal\/la-moda-dominicana-llega-al-teatro-nacional-con-chapter-ii-by-miguel-genao\/\",\"name\":\"La moda dominicana llega al Teatro Nacional con \\\"Chapter II by Miguel Genao\\\" - PotenciaRadiofonicaDominicana.com\",\"isPartOf\":{\"@id\":\"https:\/\/potenciaradiofonicadominicana.com\/portal\/#website\"},\"primaryImageOfPage\":{\"@id\":\"https:\/\/potenciaradiofonicadominicana.com\/portal\/la-moda-dominicana-llega-al-teatro-nacional-con-chapter-ii-by-miguel-genao\/#primaryimage\"},\"image\":{\"@id\":\"https:\/\/potenciaradiofonicadominicana.com\/portal\/la-moda-dominicana-llega-al-teatro-nacional-con-chapter-ii-by-miguel-genao\/#primaryimage\"},\"thumbnailUrl\":\"https:\/\/potenciaradiofonicadominicana.com\/portal\/wp-content\/uploads\/2026\/04\/miguel-genao-presentara-coleccion-chapter-ii-en-el-teatro-nacional-02f8f458-focus-0.09-0.15-896-504.jpg\",\"datePublished\":\"2026-04-14T02:46:12+00:00\",\"breadcrumb\":{\"@id\":\"https:\/\/potenciaradiofonicadominicana.com\/portal\/la-moda-dominicana-llega-al-teatro-nacional-con-chapter-ii-by-miguel-genao\/#breadcrumb\"},\"inLanguage\":\"es\",\"potentialAction\":[{\"@type\":\"ReadAction\",\"target\":[\"https:\/\/potenciaradiofonicadominicana.com\/portal\/la-moda-dominicana-llega-al-teatro-nacional-con-chapter-ii-by-miguel-genao\/\"]}]},{\"@type\":\"ImageObject\",\"inLanguage\":\"es\",\"@id\":\"https:\/\/potenciaradiofonicadominicana.com\/portal\/la-moda-dominicana-llega-al-teatro-nacional-con-chapter-ii-by-miguel-genao\/#primaryimage\",\"url\":\"https:\/\/potenciaradiofonicadominicana.com\/portal\/wp-content\/uploads\/2026\/04\/miguel-genao-presentara-coleccion-chapter-ii-en-el-teatro-nacional-02f8f458-focus-0.09-0.15-896-504.jpg\",\"contentUrl\":\"https:\/\/potenciaradiofonicadominicana.com\/portal\/wp-content\/uploads\/2026\/04\/miguel-genao-presentara-coleccion-chapter-ii-en-el-teatro-nacional-02f8f458-focus-0.09-0.15-896-504.jpg\",\"width\":896,\"height\":504},{\"@type\":\"BreadcrumbList\",\"@id\":\"https:\/\/potenciaradiofonicadominicana.com\/portal\/la-moda-dominicana-llega-al-teatro-nacional-con-chapter-ii-by-miguel-genao\/#breadcrumb\",\"itemListElement\":[{\"@type\":\"ListItem\",\"position\":1,\"name\":\"Portada\",\"item\":\"https:\/\/potenciaradiofonicadominicana.com\/portal\/\"},{\"@type\":\"ListItem\",\"position\":2,\"name\":\"La moda dominicana llega al Teatro Nacional con \u00abChapter II by Miguel Genao\u00bb\"}]},{\"@type\":\"WebSite\",\"@id\":\"https:\/\/potenciaradiofonicadominicana.com\/portal\/#website\",\"url\":\"https:\/\/potenciaradiofonicadominicana.com\/portal\/\",\"name\":\"PotenciaRadiofonicaDominicana.com\",\"description\":\"Peri\u00f3dico Digital\",\"publisher\":{\"@id\":\"https:\/\/potenciaradiofonicadominicana.com\/portal\/#organization\"},\"potentialAction\":[{\"@type\":\"SearchAction\",\"target\":{\"@type\":\"EntryPoint\",\"urlTemplate\":\"https:\/\/potenciaradiofonicadominicana.com\/portal\/?s={search_term_string}\"},\"query-input\":{\"@type\":\"PropertyValueSpecification\",\"valueRequired\":true,\"valueName\":\"search_term_string\"}}],\"inLanguage\":\"es\"},{\"@type\":\"Organization\",\"@id\":\"https:\/\/potenciaradiofonicadominicana.com\/portal\/#organization\",\"name\":\"PotenciaRadiofonicaDominicana.com\",\"url\":\"https:\/\/potenciaradiofonicadominicana.com\/portal\/\",\"logo\":{\"@type\":\"ImageObject\",\"inLanguage\":\"es\",\"@id\":\"https:\/\/potenciaradiofonicadominicana.com\/portal\/#\/schema\/logo\/image\/\",\"url\":\"https:\/\/potenciaradiofonicadominicana.com\/portal\/wp-content\/uploads\/2022\/01\/descarga.png\",\"contentUrl\":\"https:\/\/potenciaradiofonicadominicana.com\/portal\/wp-content\/uploads\/2022\/01\/descarga.png\",\"width\":300,\"height\":100,\"caption\":\"PotenciaRadiofonicaDominicana.com\"},\"image\":{\"@id\":\"https:\/\/potenciaradiofonicadominicana.com\/portal\/#\/schema\/logo\/image\/\"},\"sameAs\":[\"https:\/\/web.facebook.com\/PotenciaRadiofonicaD\"]},{\"@type\":\"Person\",\"@id\":\"https:\/\/potenciaradiofonicadominicana.com\/portal\/#\/schema\/person\/a5cf1fea13877803ee0573ac18b03490\",\"name\":\"Potencia Radiof\u00f3nica Dominicana\",\"image\":{\"@type\":\"ImageObject\",\"inLanguage\":\"es\",\"@id\":\"https:\/\/potenciaradiofonicadominicana.com\/portal\/#\/schema\/person\/image\/\",\"url\":\"https:\/\/secure.gravatar.com\/avatar\/42a55ab9e8ccc656ba34cd791990602a?s=96&d=mm&r=g\",\"contentUrl\":\"https:\/\/secure.gravatar.com\/avatar\/42a55ab9e8ccc656ba34cd791990602a?s=96&d=mm&r=g\",\"caption\":\"Potencia Radiof\u00f3nica Dominicana\"},\"url\":\"https:\/\/potenciaradiofonicadominicana.com\/portal\/author\/johannyalmanzar\/\"}]}<\/script>\n<!-- \/ Yoast SEO plugin. -->","yoast_head_json":{"title":"La moda dominicana llega al Teatro Nacional con \"Chapter II by Miguel Genao\" - PotenciaRadiofonicaDominicana.com","robots":{"index":"index","follow":"follow","max-snippet":"max-snippet:-1","max-image-preview":"max-image-preview:large","max-video-preview":"max-video-preview:-1"},"canonical":"https:\/\/potenciaradiofonicadominicana.com\/portal\/la-moda-dominicana-llega-al-teatro-nacional-con-chapter-ii-by-miguel-genao\/","og_locale":"es_ES","og_type":"article","og_title":"La moda dominicana llega al Teatro Nacional con \"Chapter II by Miguel Genao\" - PotenciaRadiofonicaDominicana.com","og_description":"Con una trayectoria que se extiende a lo largo de\u00a018 a\u00f1os\u00a0redefiniendo la\u00a0elegancia contempor\u00e1nea, el dise\u00f1ador dominicano\u00a0Miguel Genao\u00a0anunci\u00f3 la presentaci\u00f3n de ...","og_url":"https:\/\/potenciaradiofonicadominicana.com\/portal\/la-moda-dominicana-llega-al-teatro-nacional-con-chapter-ii-by-miguel-genao\/","og_site_name":"PotenciaRadiofonicaDominicana.com","article_publisher":"https:\/\/web.facebook.com\/PotenciaRadiofonicaD","article_published_time":"2026-04-14T02:46:12+00:00","og_image":[{"width":896,"height":504,"url":"https:\/\/potenciaradiofonicadominicana.com\/portal\/wp-content\/uploads\/2026\/04\/miguel-genao-presentara-coleccion-chapter-ii-en-el-teatro-nacional-02f8f458-focus-0.09-0.15-896-504.jpg","type":"image\/jpeg"}],"author":"Potencia Radiof\u00f3nica Dominicana","twitter_card":"summary_large_image","twitter_misc":{"Escrito por":"Potencia Radiof\u00f3nica Dominicana","Tiempo de lectura":"3 minutos"},"schema":{"@context":"https:\/\/schema.org","@graph":[{"@type":"Article","@id":"https:\/\/potenciaradiofonicadominicana.com\/portal\/la-moda-dominicana-llega-al-teatro-nacional-con-chapter-ii-by-miguel-genao\/#article","isPartOf":{"@id":"https:\/\/potenciaradiofonicadominicana.com\/portal\/la-moda-dominicana-llega-al-teatro-nacional-con-chapter-ii-by-miguel-genao\/"},"author":{"name":"Potencia Radiof\u00f3nica Dominicana","@id":"https:\/\/potenciaradiofonicadominicana.com\/portal\/#\/schema\/person\/a5cf1fea13877803ee0573ac18b03490"},"headline":"La moda dominicana llega al Teatro Nacional con \u00abChapter II by Miguel Genao\u00bb","datePublished":"2026-04-14T02:46:12+00:00","mainEntityOfPage":{"@id":"https:\/\/potenciaradiofonicadominicana.com\/portal\/la-moda-dominicana-llega-al-teatro-nacional-con-chapter-ii-by-miguel-genao\/"},"wordCount":564,"publisher":{"@id":"https:\/\/potenciaradiofonicadominicana.com\/portal\/#organization"},"image":{"@id":"https:\/\/potenciaradiofonicadominicana.com\/portal\/la-moda-dominicana-llega-al-teatro-nacional-con-chapter-ii-by-miguel-genao\/#primaryimage"},"thumbnailUrl":"https:\/\/potenciaradiofonicadominicana.com\/portal\/wp-content\/uploads\/2026\/04\/miguel-genao-presentara-coleccion-chapter-ii-en-el-teatro-nacional-02f8f458-focus-0.09-0.15-896-504.jpg","articleSection":["Arte y Espectaculo"],"inLanguage":"es"},{"@type":"WebPage","@id":"https:\/\/potenciaradiofonicadominicana.com\/portal\/la-moda-dominicana-llega-al-teatro-nacional-con-chapter-ii-by-miguel-genao\/","url":"https:\/\/potenciaradiofonicadominicana.com\/portal\/la-moda-dominicana-llega-al-teatro-nacional-con-chapter-ii-by-miguel-genao\/","name":"La moda dominicana llega al Teatro Nacional con \"Chapter II by Miguel Genao\" - PotenciaRadiofonicaDominicana.com","isPartOf":{"@id":"https:\/\/potenciaradiofonicadominicana.com\/portal\/#website"},"primaryImageOfPage":{"@id":"https:\/\/potenciaradiofonicadominicana.com\/portal\/la-moda-dominicana-llega-al-teatro-nacional-con-chapter-ii-by-miguel-genao\/#primaryimage"},"image":{"@id":"https:\/\/potenciaradiofonicadominicana.com\/portal\/la-moda-dominicana-llega-al-teatro-nacional-con-chapter-ii-by-miguel-genao\/#primaryimage"},"thumbnailUrl":"https:\/\/potenciaradiofonicadominicana.com\/portal\/wp-content\/uploads\/2026\/04\/miguel-genao-presentara-coleccion-chapter-ii-en-el-teatro-nacional-02f8f458-focus-0.09-0.15-896-504.jpg","datePublished":"2026-04-14T02:46:12+00:00","breadcrumb":{"@id":"https:\/\/potenciaradiofonicadominicana.com\/portal\/la-moda-dominicana-llega-al-teatro-nacional-con-chapter-ii-by-miguel-genao\/#breadcrumb"},"inLanguage":"es","potentialAction":[{"@type":"ReadAction","target":["https:\/\/potenciaradiofonicadominicana.com\/portal\/la-moda-dominicana-llega-al-teatro-nacional-con-chapter-ii-by-miguel-genao\/"]}]},{"@type":"ImageObject","inLanguage":"es","@id":"https:\/\/potenciaradiofonicadominicana.com\/portal\/la-moda-dominicana-llega-al-teatro-nacional-con-chapter-ii-by-miguel-genao\/#primaryimage","url":"https:\/\/potenciaradiofonicadominicana.com\/portal\/wp-content\/uploads\/2026\/04\/miguel-genao-presentara-coleccion-chapter-ii-en-el-teatro-nacional-02f8f458-focus-0.09-0.15-896-504.jpg","contentUrl":"https:\/\/potenciaradiofonicadominicana.com\/portal\/wp-content\/uploads\/2026\/04\/miguel-genao-presentara-coleccion-chapter-ii-en-el-teatro-nacional-02f8f458-focus-0.09-0.15-896-504.jpg","width":896,"height":504},{"@type":"BreadcrumbList","@id":"https:\/\/potenciaradiofonicadominicana.com\/portal\/la-moda-dominicana-llega-al-teatro-nacional-con-chapter-ii-by-miguel-genao\/#breadcrumb","itemListElement":[{"@type":"ListItem","position":1,"name":"Portada","item":"https:\/\/potenciaradiofonicadominicana.com\/portal\/"},{"@type":"ListItem","position":2,"name":"La moda dominicana llega al Teatro Nacional con \u00abChapter II by Miguel Genao\u00bb"}]},{"@type":"WebSite","@id":"https:\/\/potenciaradiofonicadominicana.com\/portal\/#website","url":"https:\/\/potenciaradiofonicadominicana.com\/portal\/","name":"PotenciaRadiofonicaDominicana.com","description":"Peri\u00f3dico Digital","publisher":{"@id":"https:\/\/potenciaradiofonicadominicana.com\/portal\/#organization"},"potentialAction":[{"@type":"SearchAction","target":{"@type":"EntryPoint","urlTemplate":"https:\/\/potenciaradiofonicadominicana.com\/portal\/?s={search_term_string}"},"query-input":{"@type":"PropertyValueSpecification","valueRequired":true,"valueName":"search_term_string"}}],"inLanguage":"es"},{"@type":"Organization","@id":"https:\/\/potenciaradiofonicadominicana.com\/portal\/#organization","name":"PotenciaRadiofonicaDominicana.com","url":"https:\/\/potenciaradiofonicadominicana.com\/portal\/","logo":{"@type":"ImageObject","inLanguage":"es","@id":"https:\/\/potenciaradiofonicadominicana.com\/portal\/#\/schema\/logo\/image\/","url":"https:\/\/potenciaradiofonicadominicana.com\/portal\/wp-content\/uploads\/2022\/01\/descarga.png","contentUrl":"https:\/\/potenciaradiofonicadominicana.com\/portal\/wp-content\/uploads\/2022\/01\/descarga.png","width":300,"height":100,"caption":"PotenciaRadiofonicaDominicana.com"},"image":{"@id":"https:\/\/potenciaradiofonicadominicana.com\/portal\/#\/schema\/logo\/image\/"},"sameAs":["https:\/\/web.facebook.com\/PotenciaRadiofonicaD"]},{"@type":"Person","@id":"https:\/\/potenciaradiofonicadominicana.com\/portal\/#\/schema\/person\/a5cf1fea13877803ee0573ac18b03490","name":"Potencia Radiof\u00f3nica Dominicana","image":{"@type":"ImageObject","inLanguage":"es","@id":"https:\/\/potenciaradiofonicadominicana.com\/portal\/#\/schema\/person\/image\/","url":"https:\/\/secure.gravatar.com\/avatar\/42a55ab9e8ccc656ba34cd791990602a?s=96&d=mm&r=g","contentUrl":"https:\/\/secure.gravatar.com\/avatar\/42a55ab9e8ccc656ba34cd791990602a?s=96&d=mm&r=g","caption":"Potencia Radiof\u00f3nica Dominicana"},"url":"https:\/\/potenciaradiofonicadominicana.com\/portal\/author\/johannyalmanzar\/"}]}},"_links":{"self":[{"href":"https:\/\/potenciaradiofonicadominicana.com\/portal\/wp-json\/wp\/v2\/posts\/215033","targetHints":{"allow":["GET"]}}],"collection":[{"href":"https:\/\/potenciaradiofonicadominicana.com\/portal\/wp-json\/wp\/v2\/posts"}],"about":[{"href":"https:\/\/potenciaradiofonicadominicana.com\/portal\/wp-json\/wp\/v2\/types\/post"}],"author":[{"embeddable":true,"href":"https:\/\/potenciaradiofonicadominicana.com\/portal\/wp-json\/wp\/v2\/users\/2"}],"replies":[{"embeddable":true,"href":"https:\/\/potenciaradiofonicadominicana.com\/portal\/wp-json\/wp\/v2\/comments?post=215033"}],"version-history":[{"count":1,"href":"https:\/\/potenciaradiofonicadominicana.com\/portal\/wp-json\/wp\/v2\/posts\/215033\/revisions"}],"predecessor-version":[{"id":215038,"href":"https:\/\/potenciaradiofonicadominicana.com\/portal\/wp-json\/wp\/v2\/posts\/215033\/revisions\/215038"}],"wp:featuredmedia":[{"embeddable":true,"href":"https:\/\/potenciaradiofonicadominicana.com\/portal\/wp-json\/wp\/v2\/media\/215035"}],"wp:attachment":[{"href":"https:\/\/potenciaradiofonicadominicana.com\/portal\/wp-json\/wp\/v2\/media?parent=215033"}],"wp:term":[{"taxonomy":"category","embeddable":true,"href":"https:\/\/potenciaradiofonicadominicana.com\/portal\/wp-json\/wp\/v2\/categories?post=215033"},{"taxonomy":"post_tag","embeddable":true,"href":"https:\/\/potenciaradiofonicadominicana.com\/portal\/wp-json\/wp\/v2\/tags?post=215033"}],"curies":[{"name":"wp","href":"https:\/\/api.w.org\/{rel}","templated":true}]}}