{"id":214845,"date":"2026-04-12T21:46:44","date_gmt":"2026-04-13T01:46:44","guid":{"rendered":"https:\/\/potenciaradiofonicadominicana.com\/portal\/?p=214845"},"modified":"2026-04-12T21:46:44","modified_gmt":"2026-04-13T01:46:44","slug":"elizabeth-jimenez-y-antony-pineiro-brillan-en-el-xi-swim-open-de-rd-2026","status":"publish","type":"post","link":"https:\/\/potenciaradiofonicadominicana.com\/portal\/elizabeth-jimenez-y-antony-pineiro-brillan-en-el-xi-swim-open-de-rd-2026\/","title":{"rendered":"Elizabeth Jim\u00e9nez y Antony Pi\u00f1eiro brillan en el XI Swim Open de RD 2026"},"content":{"rendered":"<p><a href=\"https:\/\/potenciaradiofonicadominicana.com\/portal\/wp-content\/uploads\/2026\/04\/69daea9a9c1dd.r_d.792-800-7575.jpeg\"><img loading=\"lazy\" decoding=\"async\" class=\"alignnone size-full wp-image-214847\" src=\"https:\/\/potenciaradiofonicadominicana.com\/portal\/wp-content\/uploads\/2026\/04\/69daea9a9c1dd.r_d.792-800-7575.jpeg\" alt=\"\" width=\"1200\" height=\"675\" srcset=\"https:\/\/potenciaradiofonicadominicana.com\/portal\/wp-content\/uploads\/2026\/04\/69daea9a9c1dd.r_d.792-800-7575.jpeg 1200w, https:\/\/potenciaradiofonicadominicana.com\/portal\/wp-content\/uploads\/2026\/04\/69daea9a9c1dd.r_d.792-800-7575-300x169.jpeg 300w, https:\/\/potenciaradiofonicadominicana.com\/portal\/wp-content\/uploads\/2026\/04\/69daea9a9c1dd.r_d.792-800-7575-1024x576.jpeg 1024w, https:\/\/potenciaradiofonicadominicana.com\/portal\/wp-content\/uploads\/2026\/04\/69daea9a9c1dd.r_d.792-800-7575-768x432.jpeg 768w\" sizes=\"auto, (max-width: 1200px) 100vw, 1200px\" \/><\/a><\/p>\n<p>Los nadadores Elizabeth Jim\u00e9nez y Antony Pi\u00f1eiro volvieron a sobresalir en la tercera jornada este s\u00e1bado del XI Dominican Republic International Swim Open &amp; Campeonato Nacional, que se desarrolla con \u00e9xito en el pa\u00eds.<\/p>\n<p>La atleta ol\u00edmpica Jim\u00e9nez se adue\u00f1\u00f3 de la medalla de oro en los 100 metros espalda con un tiempo de 1:02.82, seguida de la norteamericana Stella Belmore, con 1:03.19, mientras que el tercer puesto le correspondi\u00f3 a la quisqueyana Jianna Amores (1:04.64), quien previamente se adjudic\u00f3 la presea dorada en los 50 metros libres con una marca de 27.12, en el evento que se celebra en el remozado Centro Acu\u00e1tico del Centro Ol\u00edmpico Juan Pablo Duarte.<\/p>\n<p>Por otro lado, el criollo Pi\u00f1eiro volvi\u00f3 a subir al podio del Swim Open tras dominar la prueba de los 100 metros espalda registrando un tiempo de 56.57, seguidos del colombiano Tomas Escobar (59.67) y el representante de Estados Unidos, Paolo De Fabrique (1:00.92).<\/p>\n<p>Javier N\u00fa\u00f1ez volvi\u00f3 a demostrar su talento y se impuso en la competencia de los 50 metros libres con marca de 22.91, dejando atr\u00e1s a Cristian Ramos (23.43) y H\u00e9ctor Tinoco, con 23.51, en la justa organizada por la Federaci\u00f3n Dominicana de Deportes Acu\u00e1ticos RD (Fedda).<\/p>\n<p>En tanto que el dominicano Andr\u00e9s Martineja se alz\u00f3 con el metal de oro en los 50 metros pecho con un tiempo de 28.79, el segundo y tercer pelda\u00f1o fue para sus compatriotas Josu\u00e9 Dom\u00ednguez (29.08) y Pablo Solano (29.09).<\/p>\n<p>La criolla Anabelle Aleene P\u00e9rez gan\u00f3 en los 50 metros pecho con tiempo de 33.79, seguida de Natalia D\u00edaz (34.26) y Montserrat Torres (35.37).<\/p>\n<p>Atletas de las delegaciones de M\u00e9xico, Per\u00fa, Costa Rica, Colombia, Panam\u00e1, Guatemala, Honduras, El Salvador, Estados Unidos y el anfitri\u00f3n Rep\u00fablica Dominicana forman parte en el evento que concluye este domingo.<\/p>\n<p>El Campeonato Nacional es patrocinado por el Comit\u00e9 Organizador de los Juegos Centroamericanos y del Caribe Santo Domingo 2026; el Ministerio de Deportes, Creso, Comit\u00e9 Ol\u00edmpico Dominicano, Baldom, Oscar A. Renta Negr\u00f3n con sus marcas Nutrabio, GNC, Lulu Pets y el Hotel Aloft Santo Domingo Piantini y Marriot Santo Domingo Piantini.<\/p>\n","protected":false},"excerpt":{"rendered":"<p>Los nadadores Elizabeth Jim\u00e9nez y Antony Pi\u00f1eiro volvieron a sobresalir en la tercera jornada este s\u00e1bado del XI Dominican Republic &#8230;<\/p>\n","protected":false},"author":2,"featured_media":214847,"comment_status":"closed","ping_status":"closed","sticky":false,"template":"","format":"standard","meta":{"footnotes":""},"categories":[28],"tags":[],"class_list":["post-214845","post","type-post","status-publish","format-standard","has-post-thumbnail","hentry","category-deportes"],"yoast_head":"<!-- This site is optimized with the Yoast SEO plugin v24.8.1 - https:\/\/yoast.com\/wordpress\/plugins\/seo\/ -->\n<title>Elizabeth Jim\u00e9nez y Antony Pi\u00f1eiro brillan en el XI Swim Open de RD 2026 - PotenciaRadiofonicaDominicana.com<\/title>\n<meta name=\"robots\" content=\"index, follow, max-snippet:-1, max-image-preview:large, max-video-preview:-1\" \/>\n<link rel=\"canonical\" href=\"https:\/\/potenciaradiofonicadominicana.com\/portal\/elizabeth-jimenez-y-antony-pineiro-brillan-en-el-xi-swim-open-de-rd-2026\/\" \/>\n<meta property=\"og:locale\" content=\"es_ES\" \/>\n<meta property=\"og:type\" content=\"article\" \/>\n<meta property=\"og:title\" content=\"Elizabeth Jim\u00e9nez y Antony Pi\u00f1eiro brillan en el XI Swim Open de RD 2026 - PotenciaRadiofonicaDominicana.com\" \/>\n<meta property=\"og:description\" content=\"Los nadadores Elizabeth Jim\u00e9nez y Antony Pi\u00f1eiro volvieron a sobresalir en la tercera jornada este s\u00e1bado del XI Dominican Republic ...\" \/>\n<meta property=\"og:url\" content=\"https:\/\/potenciaradiofonicadominicana.com\/portal\/elizabeth-jimenez-y-antony-pineiro-brillan-en-el-xi-swim-open-de-rd-2026\/\" \/>\n<meta property=\"og:site_name\" content=\"PotenciaRadiofonicaDominicana.com\" \/>\n<meta property=\"article:publisher\" content=\"https:\/\/web.facebook.com\/PotenciaRadiofonicaD\" \/>\n<meta property=\"article:published_time\" content=\"2026-04-13T01:46:44+00:00\" \/>\n<meta property=\"og:image\" content=\"https:\/\/potenciaradiofonicadominicana.com\/portal\/wp-content\/uploads\/2026\/04\/69daea9a9c1dd.r_d.792-800-7575.jpeg\" \/>\n\t<meta property=\"og:image:width\" content=\"1200\" \/>\n\t<meta property=\"og:image:height\" content=\"675\" \/>\n\t<meta property=\"og:image:type\" content=\"image\/jpeg\" \/>\n<meta name=\"author\" content=\"Potencia Radiof\u00f3nica Dominicana\" \/>\n<meta name=\"twitter:card\" content=\"summary_large_image\" \/>\n<meta name=\"twitter:label1\" content=\"Escrito por\" \/>\n\t<meta name=\"twitter:data1\" content=\"Potencia Radiof\u00f3nica Dominicana\" \/>\n\t<meta name=\"twitter:label2\" content=\"Tiempo de lectura\" \/>\n\t<meta name=\"twitter:data2\" content=\"2 minutos\" \/>\n<script type=\"application\/ld+json\" class=\"yoast-schema-graph\">{\"@context\":\"https:\/\/schema.org\",\"@graph\":[{\"@type\":\"Article\",\"@id\":\"https:\/\/potenciaradiofonicadominicana.com\/portal\/elizabeth-jimenez-y-antony-pineiro-brillan-en-el-xi-swim-open-de-rd-2026\/#article\",\"isPartOf\":{\"@id\":\"https:\/\/potenciaradiofonicadominicana.com\/portal\/elizabeth-jimenez-y-antony-pineiro-brillan-en-el-xi-swim-open-de-rd-2026\/\"},\"author\":{\"name\":\"Potencia Radiof\u00f3nica Dominicana\",\"@id\":\"https:\/\/potenciaradiofonicadominicana.com\/portal\/#\/schema\/person\/a5cf1fea13877803ee0573ac18b03490\"},\"headline\":\"Elizabeth Jim\u00e9nez y Antony Pi\u00f1eiro brillan en el XI Swim Open de RD 2026\",\"datePublished\":\"2026-04-13T01:46:44+00:00\",\"mainEntityOfPage\":{\"@id\":\"https:\/\/potenciaradiofonicadominicana.com\/portal\/elizabeth-jimenez-y-antony-pineiro-brillan-en-el-xi-swim-open-de-rd-2026\/\"},\"wordCount\":362,\"publisher\":{\"@id\":\"https:\/\/potenciaradiofonicadominicana.com\/portal\/#organization\"},\"image\":{\"@id\":\"https:\/\/potenciaradiofonicadominicana.com\/portal\/elizabeth-jimenez-y-antony-pineiro-brillan-en-el-xi-swim-open-de-rd-2026\/#primaryimage\"},\"thumbnailUrl\":\"https:\/\/potenciaradiofonicadominicana.com\/portal\/wp-content\/uploads\/2026\/04\/69daea9a9c1dd.r_d.792-800-7575.jpeg\",\"articleSection\":[\"Deportes\"],\"inLanguage\":\"es\"},{\"@type\":\"WebPage\",\"@id\":\"https:\/\/potenciaradiofonicadominicana.com\/portal\/elizabeth-jimenez-y-antony-pineiro-brillan-en-el-xi-swim-open-de-rd-2026\/\",\"url\":\"https:\/\/potenciaradiofonicadominicana.com\/portal\/elizabeth-jimenez-y-antony-pineiro-brillan-en-el-xi-swim-open-de-rd-2026\/\",\"name\":\"Elizabeth Jim\u00e9nez y Antony Pi\u00f1eiro brillan en el XI Swim Open de RD 2026 - PotenciaRadiofonicaDominicana.com\",\"isPartOf\":{\"@id\":\"https:\/\/potenciaradiofonicadominicana.com\/portal\/#website\"},\"primaryImageOfPage\":{\"@id\":\"https:\/\/potenciaradiofonicadominicana.com\/portal\/elizabeth-jimenez-y-antony-pineiro-brillan-en-el-xi-swim-open-de-rd-2026\/#primaryimage\"},\"image\":{\"@id\":\"https:\/\/potenciaradiofonicadominicana.com\/portal\/elizabeth-jimenez-y-antony-pineiro-brillan-en-el-xi-swim-open-de-rd-2026\/#primaryimage\"},\"thumbnailUrl\":\"https:\/\/potenciaradiofonicadominicana.com\/portal\/wp-content\/uploads\/2026\/04\/69daea9a9c1dd.r_d.792-800-7575.jpeg\",\"datePublished\":\"2026-04-13T01:46:44+00:00\",\"breadcrumb\":{\"@id\":\"https:\/\/potenciaradiofonicadominicana.com\/portal\/elizabeth-jimenez-y-antony-pineiro-brillan-en-el-xi-swim-open-de-rd-2026\/#breadcrumb\"},\"inLanguage\":\"es\",\"potentialAction\":[{\"@type\":\"ReadAction\",\"target\":[\"https:\/\/potenciaradiofonicadominicana.com\/portal\/elizabeth-jimenez-y-antony-pineiro-brillan-en-el-xi-swim-open-de-rd-2026\/\"]}]},{\"@type\":\"ImageObject\",\"inLanguage\":\"es\",\"@id\":\"https:\/\/potenciaradiofonicadominicana.com\/portal\/elizabeth-jimenez-y-antony-pineiro-brillan-en-el-xi-swim-open-de-rd-2026\/#primaryimage\",\"url\":\"https:\/\/potenciaradiofonicadominicana.com\/portal\/wp-content\/uploads\/2026\/04\/69daea9a9c1dd.r_d.792-800-7575.jpeg\",\"contentUrl\":\"https:\/\/potenciaradiofonicadominicana.com\/portal\/wp-content\/uploads\/2026\/04\/69daea9a9c1dd.r_d.792-800-7575.jpeg\",\"width\":1200,\"height\":675},{\"@type\":\"BreadcrumbList\",\"@id\":\"https:\/\/potenciaradiofonicadominicana.com\/portal\/elizabeth-jimenez-y-antony-pineiro-brillan-en-el-xi-swim-open-de-rd-2026\/#breadcrumb\",\"itemListElement\":[{\"@type\":\"ListItem\",\"position\":1,\"name\":\"Portada\",\"item\":\"https:\/\/potenciaradiofonicadominicana.com\/portal\/\"},{\"@type\":\"ListItem\",\"position\":2,\"name\":\"Elizabeth Jim\u00e9nez y Antony Pi\u00f1eiro brillan en el XI Swim Open de RD 2026\"}]},{\"@type\":\"WebSite\",\"@id\":\"https:\/\/potenciaradiofonicadominicana.com\/portal\/#website\",\"url\":\"https:\/\/potenciaradiofonicadominicana.com\/portal\/\",\"name\":\"PotenciaRadiofonicaDominicana.com\",\"description\":\"Peri\u00f3dico Digital\",\"publisher\":{\"@id\":\"https:\/\/potenciaradiofonicadominicana.com\/portal\/#organization\"},\"potentialAction\":[{\"@type\":\"SearchAction\",\"target\":{\"@type\":\"EntryPoint\",\"urlTemplate\":\"https:\/\/potenciaradiofonicadominicana.com\/portal\/?s={search_term_string}\"},\"query-input\":{\"@type\":\"PropertyValueSpecification\",\"valueRequired\":true,\"valueName\":\"search_term_string\"}}],\"inLanguage\":\"es\"},{\"@type\":\"Organization\",\"@id\":\"https:\/\/potenciaradiofonicadominicana.com\/portal\/#organization\",\"name\":\"PotenciaRadiofonicaDominicana.com\",\"url\":\"https:\/\/potenciaradiofonicadominicana.com\/portal\/\",\"logo\":{\"@type\":\"ImageObject\",\"inLanguage\":\"es\",\"@id\":\"https:\/\/potenciaradiofonicadominicana.com\/portal\/#\/schema\/logo\/image\/\",\"url\":\"https:\/\/potenciaradiofonicadominicana.com\/portal\/wp-content\/uploads\/2022\/01\/descarga.png\",\"contentUrl\":\"https:\/\/potenciaradiofonicadominicana.com\/portal\/wp-content\/uploads\/2022\/01\/descarga.png\",\"width\":300,\"height\":100,\"caption\":\"PotenciaRadiofonicaDominicana.com\"},\"image\":{\"@id\":\"https:\/\/potenciaradiofonicadominicana.com\/portal\/#\/schema\/logo\/image\/\"},\"sameAs\":[\"https:\/\/web.facebook.com\/PotenciaRadiofonicaD\"]},{\"@type\":\"Person\",\"@id\":\"https:\/\/potenciaradiofonicadominicana.com\/portal\/#\/schema\/person\/a5cf1fea13877803ee0573ac18b03490\",\"name\":\"Potencia Radiof\u00f3nica Dominicana\",\"image\":{\"@type\":\"ImageObject\",\"inLanguage\":\"es\",\"@id\":\"https:\/\/potenciaradiofonicadominicana.com\/portal\/#\/schema\/person\/image\/\",\"url\":\"https:\/\/secure.gravatar.com\/avatar\/42a55ab9e8ccc656ba34cd791990602a?s=96&d=mm&r=g\",\"contentUrl\":\"https:\/\/secure.gravatar.com\/avatar\/42a55ab9e8ccc656ba34cd791990602a?s=96&d=mm&r=g\",\"caption\":\"Potencia Radiof\u00f3nica Dominicana\"},\"url\":\"https:\/\/potenciaradiofonicadominicana.com\/portal\/author\/johannyalmanzar\/\"}]}<\/script>\n<!-- \/ Yoast SEO plugin. -->","yoast_head_json":{"title":"Elizabeth Jim\u00e9nez y Antony Pi\u00f1eiro brillan en el XI Swim Open de RD 2026 - PotenciaRadiofonicaDominicana.com","robots":{"index":"index","follow":"follow","max-snippet":"max-snippet:-1","max-image-preview":"max-image-preview:large","max-video-preview":"max-video-preview:-1"},"canonical":"https:\/\/potenciaradiofonicadominicana.com\/portal\/elizabeth-jimenez-y-antony-pineiro-brillan-en-el-xi-swim-open-de-rd-2026\/","og_locale":"es_ES","og_type":"article","og_title":"Elizabeth Jim\u00e9nez y Antony Pi\u00f1eiro brillan en el XI Swim Open de RD 2026 - PotenciaRadiofonicaDominicana.com","og_description":"Los nadadores Elizabeth Jim\u00e9nez y Antony Pi\u00f1eiro volvieron a sobresalir en la tercera jornada este s\u00e1bado del XI Dominican Republic ...","og_url":"https:\/\/potenciaradiofonicadominicana.com\/portal\/elizabeth-jimenez-y-antony-pineiro-brillan-en-el-xi-swim-open-de-rd-2026\/","og_site_name":"PotenciaRadiofonicaDominicana.com","article_publisher":"https:\/\/web.facebook.com\/PotenciaRadiofonicaD","article_published_time":"2026-04-13T01:46:44+00:00","og_image":[{"width":1200,"height":675,"url":"https:\/\/potenciaradiofonicadominicana.com\/portal\/wp-content\/uploads\/2026\/04\/69daea9a9c1dd.r_d.792-800-7575.jpeg","type":"image\/jpeg"}],"author":"Potencia Radiof\u00f3nica Dominicana","twitter_card":"summary_large_image","twitter_misc":{"Escrito por":"Potencia Radiof\u00f3nica Dominicana","Tiempo de lectura":"2 minutos"},"schema":{"@context":"https:\/\/schema.org","@graph":[{"@type":"Article","@id":"https:\/\/potenciaradiofonicadominicana.com\/portal\/elizabeth-jimenez-y-antony-pineiro-brillan-en-el-xi-swim-open-de-rd-2026\/#article","isPartOf":{"@id":"https:\/\/potenciaradiofonicadominicana.com\/portal\/elizabeth-jimenez-y-antony-pineiro-brillan-en-el-xi-swim-open-de-rd-2026\/"},"author":{"name":"Potencia Radiof\u00f3nica Dominicana","@id":"https:\/\/potenciaradiofonicadominicana.com\/portal\/#\/schema\/person\/a5cf1fea13877803ee0573ac18b03490"},"headline":"Elizabeth Jim\u00e9nez y Antony Pi\u00f1eiro brillan en el XI Swim Open de RD 2026","datePublished":"2026-04-13T01:46:44+00:00","mainEntityOfPage":{"@id":"https:\/\/potenciaradiofonicadominicana.com\/portal\/elizabeth-jimenez-y-antony-pineiro-brillan-en-el-xi-swim-open-de-rd-2026\/"},"wordCount":362,"publisher":{"@id":"https:\/\/potenciaradiofonicadominicana.com\/portal\/#organization"},"image":{"@id":"https:\/\/potenciaradiofonicadominicana.com\/portal\/elizabeth-jimenez-y-antony-pineiro-brillan-en-el-xi-swim-open-de-rd-2026\/#primaryimage"},"thumbnailUrl":"https:\/\/potenciaradiofonicadominicana.com\/portal\/wp-content\/uploads\/2026\/04\/69daea9a9c1dd.r_d.792-800-7575.jpeg","articleSection":["Deportes"],"inLanguage":"es"},{"@type":"WebPage","@id":"https:\/\/potenciaradiofonicadominicana.com\/portal\/elizabeth-jimenez-y-antony-pineiro-brillan-en-el-xi-swim-open-de-rd-2026\/","url":"https:\/\/potenciaradiofonicadominicana.com\/portal\/elizabeth-jimenez-y-antony-pineiro-brillan-en-el-xi-swim-open-de-rd-2026\/","name":"Elizabeth Jim\u00e9nez y Antony Pi\u00f1eiro brillan en el XI Swim Open de RD 2026 - PotenciaRadiofonicaDominicana.com","isPartOf":{"@id":"https:\/\/potenciaradiofonicadominicana.com\/portal\/#website"},"primaryImageOfPage":{"@id":"https:\/\/potenciaradiofonicadominicana.com\/portal\/elizabeth-jimenez-y-antony-pineiro-brillan-en-el-xi-swim-open-de-rd-2026\/#primaryimage"},"image":{"@id":"https:\/\/potenciaradiofonicadominicana.com\/portal\/elizabeth-jimenez-y-antony-pineiro-brillan-en-el-xi-swim-open-de-rd-2026\/#primaryimage"},"thumbnailUrl":"https:\/\/potenciaradiofonicadominicana.com\/portal\/wp-content\/uploads\/2026\/04\/69daea9a9c1dd.r_d.792-800-7575.jpeg","datePublished":"2026-04-13T01:46:44+00:00","breadcrumb":{"@id":"https:\/\/potenciaradiofonicadominicana.com\/portal\/elizabeth-jimenez-y-antony-pineiro-brillan-en-el-xi-swim-open-de-rd-2026\/#breadcrumb"},"inLanguage":"es","potentialAction":[{"@type":"ReadAction","target":["https:\/\/potenciaradiofonicadominicana.com\/portal\/elizabeth-jimenez-y-antony-pineiro-brillan-en-el-xi-swim-open-de-rd-2026\/"]}]},{"@type":"ImageObject","inLanguage":"es","@id":"https:\/\/potenciaradiofonicadominicana.com\/portal\/elizabeth-jimenez-y-antony-pineiro-brillan-en-el-xi-swim-open-de-rd-2026\/#primaryimage","url":"https:\/\/potenciaradiofonicadominicana.com\/portal\/wp-content\/uploads\/2026\/04\/69daea9a9c1dd.r_d.792-800-7575.jpeg","contentUrl":"https:\/\/potenciaradiofonicadominicana.com\/portal\/wp-content\/uploads\/2026\/04\/69daea9a9c1dd.r_d.792-800-7575.jpeg","width":1200,"height":675},{"@type":"BreadcrumbList","@id":"https:\/\/potenciaradiofonicadominicana.com\/portal\/elizabeth-jimenez-y-antony-pineiro-brillan-en-el-xi-swim-open-de-rd-2026\/#breadcrumb","itemListElement":[{"@type":"ListItem","position":1,"name":"Portada","item":"https:\/\/potenciaradiofonicadominicana.com\/portal\/"},{"@type":"ListItem","position":2,"name":"Elizabeth Jim\u00e9nez y Antony Pi\u00f1eiro brillan en el XI Swim Open de RD 2026"}]},{"@type":"WebSite","@id":"https:\/\/potenciaradiofonicadominicana.com\/portal\/#website","url":"https:\/\/potenciaradiofonicadominicana.com\/portal\/","name":"PotenciaRadiofonicaDominicana.com","description":"Peri\u00f3dico Digital","publisher":{"@id":"https:\/\/potenciaradiofonicadominicana.com\/portal\/#organization"},"potentialAction":[{"@type":"SearchAction","target":{"@type":"EntryPoint","urlTemplate":"https:\/\/potenciaradiofonicadominicana.com\/portal\/?s={search_term_string}"},"query-input":{"@type":"PropertyValueSpecification","valueRequired":true,"valueName":"search_term_string"}}],"inLanguage":"es"},{"@type":"Organization","@id":"https:\/\/potenciaradiofonicadominicana.com\/portal\/#organization","name":"PotenciaRadiofonicaDominicana.com","url":"https:\/\/potenciaradiofonicadominicana.com\/portal\/","logo":{"@type":"ImageObject","inLanguage":"es","@id":"https:\/\/potenciaradiofonicadominicana.com\/portal\/#\/schema\/logo\/image\/","url":"https:\/\/potenciaradiofonicadominicana.com\/portal\/wp-content\/uploads\/2022\/01\/descarga.png","contentUrl":"https:\/\/potenciaradiofonicadominicana.com\/portal\/wp-content\/uploads\/2022\/01\/descarga.png","width":300,"height":100,"caption":"PotenciaRadiofonicaDominicana.com"},"image":{"@id":"https:\/\/potenciaradiofonicadominicana.com\/portal\/#\/schema\/logo\/image\/"},"sameAs":["https:\/\/web.facebook.com\/PotenciaRadiofonicaD"]},{"@type":"Person","@id":"https:\/\/potenciaradiofonicadominicana.com\/portal\/#\/schema\/person\/a5cf1fea13877803ee0573ac18b03490","name":"Potencia Radiof\u00f3nica Dominicana","image":{"@type":"ImageObject","inLanguage":"es","@id":"https:\/\/potenciaradiofonicadominicana.com\/portal\/#\/schema\/person\/image\/","url":"https:\/\/secure.gravatar.com\/avatar\/42a55ab9e8ccc656ba34cd791990602a?s=96&d=mm&r=g","contentUrl":"https:\/\/secure.gravatar.com\/avatar\/42a55ab9e8ccc656ba34cd791990602a?s=96&d=mm&r=g","caption":"Potencia Radiof\u00f3nica Dominicana"},"url":"https:\/\/potenciaradiofonicadominicana.com\/portal\/author\/johannyalmanzar\/"}]}},"_links":{"self":[{"href":"https:\/\/potenciaradiofonicadominicana.com\/portal\/wp-json\/wp\/v2\/posts\/214845","targetHints":{"allow":["GET"]}}],"collection":[{"href":"https:\/\/potenciaradiofonicadominicana.com\/portal\/wp-json\/wp\/v2\/posts"}],"about":[{"href":"https:\/\/potenciaradiofonicadominicana.com\/portal\/wp-json\/wp\/v2\/types\/post"}],"author":[{"embeddable":true,"href":"https:\/\/potenciaradiofonicadominicana.com\/portal\/wp-json\/wp\/v2\/users\/2"}],"replies":[{"embeddable":true,"href":"https:\/\/potenciaradiofonicadominicana.com\/portal\/wp-json\/wp\/v2\/comments?post=214845"}],"version-history":[{"count":1,"href":"https:\/\/potenciaradiofonicadominicana.com\/portal\/wp-json\/wp\/v2\/posts\/214845\/revisions"}],"predecessor-version":[{"id":214849,"href":"https:\/\/potenciaradiofonicadominicana.com\/portal\/wp-json\/wp\/v2\/posts\/214845\/revisions\/214849"}],"wp:featuredmedia":[{"embeddable":true,"href":"https:\/\/potenciaradiofonicadominicana.com\/portal\/wp-json\/wp\/v2\/media\/214847"}],"wp:attachment":[{"href":"https:\/\/potenciaradiofonicadominicana.com\/portal\/wp-json\/wp\/v2\/media?parent=214845"}],"wp:term":[{"taxonomy":"category","embeddable":true,"href":"https:\/\/potenciaradiofonicadominicana.com\/portal\/wp-json\/wp\/v2\/categories?post=214845"},{"taxonomy":"post_tag","embeddable":true,"href":"https:\/\/potenciaradiofonicadominicana.com\/portal\/wp-json\/wp\/v2\/tags?post=214845"}],"curies":[{"name":"wp","href":"https:\/\/api.w.org\/{rel}","templated":true}]}}