{"id":214828,"date":"2026-04-12T21:41:59","date_gmt":"2026-04-13T01:41:59","guid":{"rendered":"https:\/\/potenciaradiofonicadominicana.com\/portal\/?p=214828"},"modified":"2026-04-12T21:41:59","modified_gmt":"2026-04-13T01:41:59","slug":"no-se-permite-airbnb-a-falta-de-regulacion-desarrolladores-establecen-normas","status":"publish","type":"post","link":"https:\/\/potenciaradiofonicadominicana.com\/portal\/no-se-permite-airbnb-a-falta-de-regulacion-desarrolladores-establecen-normas\/","title":{"rendered":"\u00abNo se permite Airbnb\u00bb: a falta de regulaci\u00f3n, desarrolladores establecen normas"},"content":{"rendered":"<p><a href=\"https:\/\/potenciaradiofonicadominicana.com\/portal\/wp-content\/uploads\/2026\/04\/imagen-no-se-permite-renta-por-airbnb-2b2a4547-focus-0.02-0.17-896-504.jpg\"><img loading=\"lazy\" decoding=\"async\" class=\"alignnone size-full wp-image-214830\" src=\"https:\/\/potenciaradiofonicadominicana.com\/portal\/wp-content\/uploads\/2026\/04\/imagen-no-se-permite-renta-por-airbnb-2b2a4547-focus-0.02-0.17-896-504.jpg\" alt=\"\" width=\"895\" height=\"504\" srcset=\"https:\/\/potenciaradiofonicadominicana.com\/portal\/wp-content\/uploads\/2026\/04\/imagen-no-se-permite-renta-por-airbnb-2b2a4547-focus-0.02-0.17-896-504.jpg 895w, https:\/\/potenciaradiofonicadominicana.com\/portal\/wp-content\/uploads\/2026\/04\/imagen-no-se-permite-renta-por-airbnb-2b2a4547-focus-0.02-0.17-896-504-300x169.jpg 300w, https:\/\/potenciaradiofonicadominicana.com\/portal\/wp-content\/uploads\/2026\/04\/imagen-no-se-permite-renta-por-airbnb-2b2a4547-focus-0.02-0.17-896-504-768x432.jpg 768w\" sizes=\"auto, (max-width: 895px) 100vw, 895px\" \/><\/a><\/p>\n<p>\u00abImportante: esto es una\u00a0<strong>torre familiar<\/strong>;\u00a0<strong>no se permite Airbnb<\/strong>\u00a0ni\u00a0<strong>alquileres<\/strong>\u00a0de corta estancia\u00bb, se lee en un anuncio de una propiedad de reciente construcci\u00f3n pr\u00f3ximo al\u00a0<strong>parque Mirador Sur<\/strong>. \u00abIdeal para quienes buscan tranquilidad, confort y un ambiente residencial estable\u00bb, agrega la publicaci\u00f3n, realizada en Marketplace, de Facebook.<\/p>\n<p>Este tipo de mensajes, que comenzaron como una advertencia a futuros inquilinos o compradores interesados en esta modalidad, se han tornado lo suficientemente frecuentes para que\u00a0<strong>constructoras e inmobiliarias<\/strong>\u00a0los resalten e incluso los promuevan como una cualidad m\u00e1s en la oferta de viviendas, a medida que los\u00a0<strong>alojamientos de renta corta<\/strong>\u00a0se expanden en la Rep\u00fablica Dominicana\u00a0<strong>sin regulaci\u00f3n clara<\/strong>.<\/p>\n<p>El pa\u00eds carece de protocolos de supervisi\u00f3n, seguridad y adecuada\u00a0<strong>fiscalizaci\u00f3n<\/strong>\u00a0a esta modalidad. Esto expone a los hu\u00e9spedes a potenciales\u00a0<strong>riesgos de seguridad<\/strong>, con casos que ya han llegado hasta la justicia.<\/p>\n<p>A inicios del a\u00f1o pasado, el\u00a0<strong>Tercer Tribunal Colegiado<\/strong>\u00a0del\u00a0<strong>Distrito Nacional<\/strong>\u00a0impuso a unanimidad 30 a\u00f1os de prisi\u00f3n contra el \u00edtalo-colombiano\u00a0<strong>Michael Saba<\/strong>\u00a0por el asesinato de la venezolana Yenny Carolina P\u00e9rez, en un hecho ocurrido en Piantini,\u00a0<strong>Distrito Nacional<\/strong>, el 20 diciembre del 2023.<\/p>\n<p>Una de las se\u00f1ales de premeditaci\u00f3n tomadas en cuenta por la alta corte fue el hecho de que el imputado alquil\u00f3 un\u00a0<strong>apartamento\u00a0<\/strong>en Piantini a trav\u00e9s de\u00a0<strong>Airbnb<\/strong>\u00a0para cometer el crimen.<\/p>\n<p>Reglamentos de condominios<\/p>\n<p>La ausencia de una\u00a0<strong>regulaci\u00f3n<\/strong>\u00a0espec\u00edfica ha llevado al\u00a0<strong>sector inmobiliario<\/strong>\u00a0a manejar el tema a trav\u00e9s de los\u00a0<strong>reglamentos de condominio<\/strong>\u00a0y de las caracter\u00edsticas propias de cada proyecto. \u00abMuchos desarrolladores definen desde el inicio el enfoque del residencial y lo establecen en sus documentos legales para evitar conflictos futuros\u00bb, precis\u00f3 el\u00a0<strong>presidente de la AEI<\/strong>.<\/p>\n<div id=\"detalle-parrafo\">\n<div class=\"mb-5 newsletter-article\">\n<div class=\"icon p-2 flex md:block\">\n<p>Seg\u00fan los \u00faltimos datos publicados por el\u00a0<strong>Ministerio de Turismo<\/strong>\u00a0(Mitur), el pa\u00eds contaba con\u00a0<strong>47,474 propiedades<\/strong>\u00a0de alojamientos de corta estancia a febrero del 2024, para un crecimiento del 18.76 % respecto al mismo per\u00edodo del 2023, con 117,049 habitaciones en oferta.<\/p>\n<p>\u00abCada vez m\u00e1s\u00a0<strong>compradores y residentes<\/strong>\u00a0valoran este aspecto, sobre todo en proyectos donde la intenci\u00f3n principal es\u00a0<strong>vivir de forma permanente<\/strong>\u00ab, observa el presidente de la Asociaci\u00f3n de Empresas\u00a0<strong>Inmobiliarias<\/strong>\u00a0(AEI),\u00a0<strong>Alberto Bogaert<\/strong>.<\/p>\n<p>La tendencia se observa en las\u00a0<strong>zonas urbanas<\/strong>\u00a0de alta densidad del\u00a0<strong>Distrito Nacional<\/strong>\u00a0y en algunos sectores del Gran Santo Domingo, donde conviven proyectos orientados tanto a residencia permanente como a inversi\u00f3n. \u00abEn aquellos sectores con alta demanda de\u00a0<strong>alquileres temporales<\/strong>\u00a0o con presencia tur\u00edstica y corporativa, el tema suele surgir con m\u00e1s intensidad dentro de las comunidades de propietarios y desarrolladores\u00bb, puntualiz\u00f3.<\/p>\n<p><span class=\"text-xl block my-3 component-title glosa\"><strong>Falta de regulaci\u00f3n y riesgos<\/strong><\/span><\/p>\n<div class=\"my-12 component web-insert relative border bg-component\">\n<p>La pr\u00e1ctica se est\u00e1 popularizando en sectores urbanos consolidados, caracterizados por su alta plusval\u00eda y actividad inmobiliaria. Dentro del Distrito Nacional, sectores como Piantini, Ensanche Naco, Para\u00edso y Evaristo Morales contienen propiedades que pueden generar ingresos tanto a trav\u00e9s de las rentas cortas como permanentes, pero la elecci\u00f3n depender\u00e1 de las necesidades y posibilidades econ\u00f3micas de quien invierte en estos inmuebles.<\/p>\n<p>\u00abEn estos contextos, algunos desarrollos incorporan restricciones como elemento de diferenciaci\u00f3n, y las amenidades son enfocadas al uso que tendr\u00e1 la edificaci\u00f3n\u00bb, se\u00f1ala Acoprovi.<\/p>\n<\/div>\n<\/div>\n<\/div>\n<\/div>\n","protected":false},"excerpt":{"rendered":"<p>\u00abImportante: esto es una\u00a0torre familiar;\u00a0no se permite Airbnb\u00a0ni\u00a0alquileres\u00a0de corta estancia\u00bb, se lee en un anuncio de una propiedad de reciente &#8230;<\/p>\n","protected":false},"author":2,"featured_media":214830,"comment_status":"closed","ping_status":"closed","sticky":false,"template":"","format":"standard","meta":{"footnotes":""},"categories":[26],"tags":[],"class_list":["post-214828","post","type-post","status-publish","format-standard","has-post-thumbnail","hentry","category-economia"],"yoast_head":"<!-- This site is optimized with the Yoast SEO plugin v24.8.1 - https:\/\/yoast.com\/wordpress\/plugins\/seo\/ -->\n<title>&quot;No se permite Airbnb&quot;: a falta de regulaci\u00f3n, desarrolladores establecen normas - PotenciaRadiofonicaDominicana.com<\/title>\n<meta name=\"robots\" content=\"index, follow, max-snippet:-1, max-image-preview:large, max-video-preview:-1\" \/>\n<link rel=\"canonical\" href=\"https:\/\/potenciaradiofonicadominicana.com\/portal\/no-se-permite-airbnb-a-falta-de-regulacion-desarrolladores-establecen-normas\/\" \/>\n<meta property=\"og:locale\" content=\"es_ES\" \/>\n<meta property=\"og:type\" content=\"article\" \/>\n<meta property=\"og:title\" content=\"&quot;No se permite Airbnb&quot;: a falta de regulaci\u00f3n, desarrolladores establecen normas - PotenciaRadiofonicaDominicana.com\" \/>\n<meta property=\"og:description\" content=\"\u00abImportante: esto es una\u00a0torre familiar;\u00a0no se permite Airbnb\u00a0ni\u00a0alquileres\u00a0de corta estancia\u00bb, se lee en un anuncio de una propiedad de reciente ...\" \/>\n<meta property=\"og:url\" content=\"https:\/\/potenciaradiofonicadominicana.com\/portal\/no-se-permite-airbnb-a-falta-de-regulacion-desarrolladores-establecen-normas\/\" \/>\n<meta property=\"og:site_name\" content=\"PotenciaRadiofonicaDominicana.com\" \/>\n<meta property=\"article:publisher\" content=\"https:\/\/web.facebook.com\/PotenciaRadiofonicaD\" \/>\n<meta property=\"article:published_time\" content=\"2026-04-13T01:41:59+00:00\" \/>\n<meta property=\"og:image\" content=\"https:\/\/potenciaradiofonicadominicana.com\/portal\/wp-content\/uploads\/2026\/04\/imagen-no-se-permite-renta-por-airbnb-2b2a4547-focus-0.02-0.17-896-504.jpg\" \/>\n\t<meta property=\"og:image:width\" content=\"895\" \/>\n\t<meta property=\"og:image:height\" content=\"504\" \/>\n\t<meta property=\"og:image:type\" content=\"image\/jpeg\" \/>\n<meta name=\"author\" content=\"Potencia Radiof\u00f3nica Dominicana\" \/>\n<meta name=\"twitter:card\" content=\"summary_large_image\" \/>\n<meta name=\"twitter:label1\" content=\"Escrito por\" \/>\n\t<meta name=\"twitter:data1\" content=\"Potencia Radiof\u00f3nica Dominicana\" \/>\n\t<meta name=\"twitter:label2\" content=\"Tiempo de lectura\" \/>\n\t<meta name=\"twitter:data2\" content=\"3 minutos\" \/>\n<script type=\"application\/ld+json\" class=\"yoast-schema-graph\">{\"@context\":\"https:\/\/schema.org\",\"@graph\":[{\"@type\":\"Article\",\"@id\":\"https:\/\/potenciaradiofonicadominicana.com\/portal\/no-se-permite-airbnb-a-falta-de-regulacion-desarrolladores-establecen-normas\/#article\",\"isPartOf\":{\"@id\":\"https:\/\/potenciaradiofonicadominicana.com\/portal\/no-se-permite-airbnb-a-falta-de-regulacion-desarrolladores-establecen-normas\/\"},\"author\":{\"name\":\"Potencia Radiof\u00f3nica Dominicana\",\"@id\":\"https:\/\/potenciaradiofonicadominicana.com\/portal\/#\/schema\/person\/a5cf1fea13877803ee0573ac18b03490\"},\"headline\":\"\u00abNo se permite Airbnb\u00bb: a falta de regulaci\u00f3n, desarrolladores establecen normas\",\"datePublished\":\"2026-04-13T01:41:59+00:00\",\"mainEntityOfPage\":{\"@id\":\"https:\/\/potenciaradiofonicadominicana.com\/portal\/no-se-permite-airbnb-a-falta-de-regulacion-desarrolladores-establecen-normas\/\"},\"wordCount\":557,\"publisher\":{\"@id\":\"https:\/\/potenciaradiofonicadominicana.com\/portal\/#organization\"},\"image\":{\"@id\":\"https:\/\/potenciaradiofonicadominicana.com\/portal\/no-se-permite-airbnb-a-falta-de-regulacion-desarrolladores-establecen-normas\/#primaryimage\"},\"thumbnailUrl\":\"https:\/\/potenciaradiofonicadominicana.com\/portal\/wp-content\/uploads\/2026\/04\/imagen-no-se-permite-renta-por-airbnb-2b2a4547-focus-0.02-0.17-896-504.jpg\",\"articleSection\":[\"Econom\u00eda\"],\"inLanguage\":\"es\"},{\"@type\":\"WebPage\",\"@id\":\"https:\/\/potenciaradiofonicadominicana.com\/portal\/no-se-permite-airbnb-a-falta-de-regulacion-desarrolladores-establecen-normas\/\",\"url\":\"https:\/\/potenciaradiofonicadominicana.com\/portal\/no-se-permite-airbnb-a-falta-de-regulacion-desarrolladores-establecen-normas\/\",\"name\":\"\\\"No se permite Airbnb\\\": a falta de regulaci\u00f3n, desarrolladores establecen normas - PotenciaRadiofonicaDominicana.com\",\"isPartOf\":{\"@id\":\"https:\/\/potenciaradiofonicadominicana.com\/portal\/#website\"},\"primaryImageOfPage\":{\"@id\":\"https:\/\/potenciaradiofonicadominicana.com\/portal\/no-se-permite-airbnb-a-falta-de-regulacion-desarrolladores-establecen-normas\/#primaryimage\"},\"image\":{\"@id\":\"https:\/\/potenciaradiofonicadominicana.com\/portal\/no-se-permite-airbnb-a-falta-de-regulacion-desarrolladores-establecen-normas\/#primaryimage\"},\"thumbnailUrl\":\"https:\/\/potenciaradiofonicadominicana.com\/portal\/wp-content\/uploads\/2026\/04\/imagen-no-se-permite-renta-por-airbnb-2b2a4547-focus-0.02-0.17-896-504.jpg\",\"datePublished\":\"2026-04-13T01:41:59+00:00\",\"breadcrumb\":{\"@id\":\"https:\/\/potenciaradiofonicadominicana.com\/portal\/no-se-permite-airbnb-a-falta-de-regulacion-desarrolladores-establecen-normas\/#breadcrumb\"},\"inLanguage\":\"es\",\"potentialAction\":[{\"@type\":\"ReadAction\",\"target\":[\"https:\/\/potenciaradiofonicadominicana.com\/portal\/no-se-permite-airbnb-a-falta-de-regulacion-desarrolladores-establecen-normas\/\"]}]},{\"@type\":\"ImageObject\",\"inLanguage\":\"es\",\"@id\":\"https:\/\/potenciaradiofonicadominicana.com\/portal\/no-se-permite-airbnb-a-falta-de-regulacion-desarrolladores-establecen-normas\/#primaryimage\",\"url\":\"https:\/\/potenciaradiofonicadominicana.com\/portal\/wp-content\/uploads\/2026\/04\/imagen-no-se-permite-renta-por-airbnb-2b2a4547-focus-0.02-0.17-896-504.jpg\",\"contentUrl\":\"https:\/\/potenciaradiofonicadominicana.com\/portal\/wp-content\/uploads\/2026\/04\/imagen-no-se-permite-renta-por-airbnb-2b2a4547-focus-0.02-0.17-896-504.jpg\",\"width\":895,\"height\":504},{\"@type\":\"BreadcrumbList\",\"@id\":\"https:\/\/potenciaradiofonicadominicana.com\/portal\/no-se-permite-airbnb-a-falta-de-regulacion-desarrolladores-establecen-normas\/#breadcrumb\",\"itemListElement\":[{\"@type\":\"ListItem\",\"position\":1,\"name\":\"Portada\",\"item\":\"https:\/\/potenciaradiofonicadominicana.com\/portal\/\"},{\"@type\":\"ListItem\",\"position\":2,\"name\":\"\u00abNo se permite Airbnb\u00bb: a falta de regulaci\u00f3n, desarrolladores establecen normas\"}]},{\"@type\":\"WebSite\",\"@id\":\"https:\/\/potenciaradiofonicadominicana.com\/portal\/#website\",\"url\":\"https:\/\/potenciaradiofonicadominicana.com\/portal\/\",\"name\":\"PotenciaRadiofonicaDominicana.com\",\"description\":\"Peri\u00f3dico Digital\",\"publisher\":{\"@id\":\"https:\/\/potenciaradiofonicadominicana.com\/portal\/#organization\"},\"potentialAction\":[{\"@type\":\"SearchAction\",\"target\":{\"@type\":\"EntryPoint\",\"urlTemplate\":\"https:\/\/potenciaradiofonicadominicana.com\/portal\/?s={search_term_string}\"},\"query-input\":{\"@type\":\"PropertyValueSpecification\",\"valueRequired\":true,\"valueName\":\"search_term_string\"}}],\"inLanguage\":\"es\"},{\"@type\":\"Organization\",\"@id\":\"https:\/\/potenciaradiofonicadominicana.com\/portal\/#organization\",\"name\":\"PotenciaRadiofonicaDominicana.com\",\"url\":\"https:\/\/potenciaradiofonicadominicana.com\/portal\/\",\"logo\":{\"@type\":\"ImageObject\",\"inLanguage\":\"es\",\"@id\":\"https:\/\/potenciaradiofonicadominicana.com\/portal\/#\/schema\/logo\/image\/\",\"url\":\"https:\/\/potenciaradiofonicadominicana.com\/portal\/wp-content\/uploads\/2022\/01\/descarga.png\",\"contentUrl\":\"https:\/\/potenciaradiofonicadominicana.com\/portal\/wp-content\/uploads\/2022\/01\/descarga.png\",\"width\":300,\"height\":100,\"caption\":\"PotenciaRadiofonicaDominicana.com\"},\"image\":{\"@id\":\"https:\/\/potenciaradiofonicadominicana.com\/portal\/#\/schema\/logo\/image\/\"},\"sameAs\":[\"https:\/\/web.facebook.com\/PotenciaRadiofonicaD\"]},{\"@type\":\"Person\",\"@id\":\"https:\/\/potenciaradiofonicadominicana.com\/portal\/#\/schema\/person\/a5cf1fea13877803ee0573ac18b03490\",\"name\":\"Potencia Radiof\u00f3nica Dominicana\",\"image\":{\"@type\":\"ImageObject\",\"inLanguage\":\"es\",\"@id\":\"https:\/\/potenciaradiofonicadominicana.com\/portal\/#\/schema\/person\/image\/\",\"url\":\"https:\/\/secure.gravatar.com\/avatar\/42a55ab9e8ccc656ba34cd791990602a?s=96&d=mm&r=g\",\"contentUrl\":\"https:\/\/secure.gravatar.com\/avatar\/42a55ab9e8ccc656ba34cd791990602a?s=96&d=mm&r=g\",\"caption\":\"Potencia Radiof\u00f3nica Dominicana\"},\"url\":\"https:\/\/potenciaradiofonicadominicana.com\/portal\/author\/johannyalmanzar\/\"}]}<\/script>\n<!-- \/ Yoast SEO plugin. -->","yoast_head_json":{"title":"\"No se permite Airbnb\": a falta de regulaci\u00f3n, desarrolladores establecen normas - PotenciaRadiofonicaDominicana.com","robots":{"index":"index","follow":"follow","max-snippet":"max-snippet:-1","max-image-preview":"max-image-preview:large","max-video-preview":"max-video-preview:-1"},"canonical":"https:\/\/potenciaradiofonicadominicana.com\/portal\/no-se-permite-airbnb-a-falta-de-regulacion-desarrolladores-establecen-normas\/","og_locale":"es_ES","og_type":"article","og_title":"\"No se permite Airbnb\": a falta de regulaci\u00f3n, desarrolladores establecen normas - PotenciaRadiofonicaDominicana.com","og_description":"\u00abImportante: esto es una\u00a0torre familiar;\u00a0no se permite Airbnb\u00a0ni\u00a0alquileres\u00a0de corta estancia\u00bb, se lee en un anuncio de una propiedad de reciente ...","og_url":"https:\/\/potenciaradiofonicadominicana.com\/portal\/no-se-permite-airbnb-a-falta-de-regulacion-desarrolladores-establecen-normas\/","og_site_name":"PotenciaRadiofonicaDominicana.com","article_publisher":"https:\/\/web.facebook.com\/PotenciaRadiofonicaD","article_published_time":"2026-04-13T01:41:59+00:00","og_image":[{"width":895,"height":504,"url":"https:\/\/potenciaradiofonicadominicana.com\/portal\/wp-content\/uploads\/2026\/04\/imagen-no-se-permite-renta-por-airbnb-2b2a4547-focus-0.02-0.17-896-504.jpg","type":"image\/jpeg"}],"author":"Potencia Radiof\u00f3nica Dominicana","twitter_card":"summary_large_image","twitter_misc":{"Escrito por":"Potencia Radiof\u00f3nica Dominicana","Tiempo de lectura":"3 minutos"},"schema":{"@context":"https:\/\/schema.org","@graph":[{"@type":"Article","@id":"https:\/\/potenciaradiofonicadominicana.com\/portal\/no-se-permite-airbnb-a-falta-de-regulacion-desarrolladores-establecen-normas\/#article","isPartOf":{"@id":"https:\/\/potenciaradiofonicadominicana.com\/portal\/no-se-permite-airbnb-a-falta-de-regulacion-desarrolladores-establecen-normas\/"},"author":{"name":"Potencia Radiof\u00f3nica Dominicana","@id":"https:\/\/potenciaradiofonicadominicana.com\/portal\/#\/schema\/person\/a5cf1fea13877803ee0573ac18b03490"},"headline":"\u00abNo se permite Airbnb\u00bb: a falta de regulaci\u00f3n, desarrolladores establecen normas","datePublished":"2026-04-13T01:41:59+00:00","mainEntityOfPage":{"@id":"https:\/\/potenciaradiofonicadominicana.com\/portal\/no-se-permite-airbnb-a-falta-de-regulacion-desarrolladores-establecen-normas\/"},"wordCount":557,"publisher":{"@id":"https:\/\/potenciaradiofonicadominicana.com\/portal\/#organization"},"image":{"@id":"https:\/\/potenciaradiofonicadominicana.com\/portal\/no-se-permite-airbnb-a-falta-de-regulacion-desarrolladores-establecen-normas\/#primaryimage"},"thumbnailUrl":"https:\/\/potenciaradiofonicadominicana.com\/portal\/wp-content\/uploads\/2026\/04\/imagen-no-se-permite-renta-por-airbnb-2b2a4547-focus-0.02-0.17-896-504.jpg","articleSection":["Econom\u00eda"],"inLanguage":"es"},{"@type":"WebPage","@id":"https:\/\/potenciaradiofonicadominicana.com\/portal\/no-se-permite-airbnb-a-falta-de-regulacion-desarrolladores-establecen-normas\/","url":"https:\/\/potenciaradiofonicadominicana.com\/portal\/no-se-permite-airbnb-a-falta-de-regulacion-desarrolladores-establecen-normas\/","name":"\"No se permite Airbnb\": a falta de regulaci\u00f3n, desarrolladores establecen normas - PotenciaRadiofonicaDominicana.com","isPartOf":{"@id":"https:\/\/potenciaradiofonicadominicana.com\/portal\/#website"},"primaryImageOfPage":{"@id":"https:\/\/potenciaradiofonicadominicana.com\/portal\/no-se-permite-airbnb-a-falta-de-regulacion-desarrolladores-establecen-normas\/#primaryimage"},"image":{"@id":"https:\/\/potenciaradiofonicadominicana.com\/portal\/no-se-permite-airbnb-a-falta-de-regulacion-desarrolladores-establecen-normas\/#primaryimage"},"thumbnailUrl":"https:\/\/potenciaradiofonicadominicana.com\/portal\/wp-content\/uploads\/2026\/04\/imagen-no-se-permite-renta-por-airbnb-2b2a4547-focus-0.02-0.17-896-504.jpg","datePublished":"2026-04-13T01:41:59+00:00","breadcrumb":{"@id":"https:\/\/potenciaradiofonicadominicana.com\/portal\/no-se-permite-airbnb-a-falta-de-regulacion-desarrolladores-establecen-normas\/#breadcrumb"},"inLanguage":"es","potentialAction":[{"@type":"ReadAction","target":["https:\/\/potenciaradiofonicadominicana.com\/portal\/no-se-permite-airbnb-a-falta-de-regulacion-desarrolladores-establecen-normas\/"]}]},{"@type":"ImageObject","inLanguage":"es","@id":"https:\/\/potenciaradiofonicadominicana.com\/portal\/no-se-permite-airbnb-a-falta-de-regulacion-desarrolladores-establecen-normas\/#primaryimage","url":"https:\/\/potenciaradiofonicadominicana.com\/portal\/wp-content\/uploads\/2026\/04\/imagen-no-se-permite-renta-por-airbnb-2b2a4547-focus-0.02-0.17-896-504.jpg","contentUrl":"https:\/\/potenciaradiofonicadominicana.com\/portal\/wp-content\/uploads\/2026\/04\/imagen-no-se-permite-renta-por-airbnb-2b2a4547-focus-0.02-0.17-896-504.jpg","width":895,"height":504},{"@type":"BreadcrumbList","@id":"https:\/\/potenciaradiofonicadominicana.com\/portal\/no-se-permite-airbnb-a-falta-de-regulacion-desarrolladores-establecen-normas\/#breadcrumb","itemListElement":[{"@type":"ListItem","position":1,"name":"Portada","item":"https:\/\/potenciaradiofonicadominicana.com\/portal\/"},{"@type":"ListItem","position":2,"name":"\u00abNo se permite Airbnb\u00bb: a falta de regulaci\u00f3n, desarrolladores establecen normas"}]},{"@type":"WebSite","@id":"https:\/\/potenciaradiofonicadominicana.com\/portal\/#website","url":"https:\/\/potenciaradiofonicadominicana.com\/portal\/","name":"PotenciaRadiofonicaDominicana.com","description":"Peri\u00f3dico Digital","publisher":{"@id":"https:\/\/potenciaradiofonicadominicana.com\/portal\/#organization"},"potentialAction":[{"@type":"SearchAction","target":{"@type":"EntryPoint","urlTemplate":"https:\/\/potenciaradiofonicadominicana.com\/portal\/?s={search_term_string}"},"query-input":{"@type":"PropertyValueSpecification","valueRequired":true,"valueName":"search_term_string"}}],"inLanguage":"es"},{"@type":"Organization","@id":"https:\/\/potenciaradiofonicadominicana.com\/portal\/#organization","name":"PotenciaRadiofonicaDominicana.com","url":"https:\/\/potenciaradiofonicadominicana.com\/portal\/","logo":{"@type":"ImageObject","inLanguage":"es","@id":"https:\/\/potenciaradiofonicadominicana.com\/portal\/#\/schema\/logo\/image\/","url":"https:\/\/potenciaradiofonicadominicana.com\/portal\/wp-content\/uploads\/2022\/01\/descarga.png","contentUrl":"https:\/\/potenciaradiofonicadominicana.com\/portal\/wp-content\/uploads\/2022\/01\/descarga.png","width":300,"height":100,"caption":"PotenciaRadiofonicaDominicana.com"},"image":{"@id":"https:\/\/potenciaradiofonicadominicana.com\/portal\/#\/schema\/logo\/image\/"},"sameAs":["https:\/\/web.facebook.com\/PotenciaRadiofonicaD"]},{"@type":"Person","@id":"https:\/\/potenciaradiofonicadominicana.com\/portal\/#\/schema\/person\/a5cf1fea13877803ee0573ac18b03490","name":"Potencia Radiof\u00f3nica Dominicana","image":{"@type":"ImageObject","inLanguage":"es","@id":"https:\/\/potenciaradiofonicadominicana.com\/portal\/#\/schema\/person\/image\/","url":"https:\/\/secure.gravatar.com\/avatar\/42a55ab9e8ccc656ba34cd791990602a?s=96&d=mm&r=g","contentUrl":"https:\/\/secure.gravatar.com\/avatar\/42a55ab9e8ccc656ba34cd791990602a?s=96&d=mm&r=g","caption":"Potencia Radiof\u00f3nica Dominicana"},"url":"https:\/\/potenciaradiofonicadominicana.com\/portal\/author\/johannyalmanzar\/"}]}},"_links":{"self":[{"href":"https:\/\/potenciaradiofonicadominicana.com\/portal\/wp-json\/wp\/v2\/posts\/214828","targetHints":{"allow":["GET"]}}],"collection":[{"href":"https:\/\/potenciaradiofonicadominicana.com\/portal\/wp-json\/wp\/v2\/posts"}],"about":[{"href":"https:\/\/potenciaradiofonicadominicana.com\/portal\/wp-json\/wp\/v2\/types\/post"}],"author":[{"embeddable":true,"href":"https:\/\/potenciaradiofonicadominicana.com\/portal\/wp-json\/wp\/v2\/users\/2"}],"replies":[{"embeddable":true,"href":"https:\/\/potenciaradiofonicadominicana.com\/portal\/wp-json\/wp\/v2\/comments?post=214828"}],"version-history":[{"count":1,"href":"https:\/\/potenciaradiofonicadominicana.com\/portal\/wp-json\/wp\/v2\/posts\/214828\/revisions"}],"predecessor-version":[{"id":214834,"href":"https:\/\/potenciaradiofonicadominicana.com\/portal\/wp-json\/wp\/v2\/posts\/214828\/revisions\/214834"}],"wp:featuredmedia":[{"embeddable":true,"href":"https:\/\/potenciaradiofonicadominicana.com\/portal\/wp-json\/wp\/v2\/media\/214830"}],"wp:attachment":[{"href":"https:\/\/potenciaradiofonicadominicana.com\/portal\/wp-json\/wp\/v2\/media?parent=214828"}],"wp:term":[{"taxonomy":"category","embeddable":true,"href":"https:\/\/potenciaradiofonicadominicana.com\/portal\/wp-json\/wp\/v2\/categories?post=214828"},{"taxonomy":"post_tag","embeddable":true,"href":"https:\/\/potenciaradiofonicadominicana.com\/portal\/wp-json\/wp\/v2\/tags?post=214828"}],"curies":[{"name":"wp","href":"https:\/\/api.w.org\/{rel}","templated":true}]}}