{"id":214820,"date":"2026-04-12T21:37:44","date_gmt":"2026-04-13T01:37:44","guid":{"rendered":"https:\/\/potenciaradiofonicadominicana.com\/portal\/?p=214820"},"modified":"2026-04-12T21:39:23","modified_gmt":"2026-04-13T01:39:23","slug":"arajet-anuncia-alianza-con-los-miami-marlins-para-impulsar-turismo-dominicano-en-ee-uu","status":"publish","type":"post","link":"https:\/\/potenciaradiofonicadominicana.com\/portal\/arajet-anuncia-alianza-con-los-miami-marlins-para-impulsar-turismo-dominicano-en-ee-uu\/","title":{"rendered":"Arajet anuncia alianza con los Miami Marlins para impulsar turismo dominicano en EE. UU."},"content":{"rendered":"<p><a href=\"https:\/\/potenciaradiofonicadominicana.com\/portal\/wp-content\/uploads\/2026\/04\/whatsapp-image-2026-04-10-at-72450-am-1024x682-1.jpeg\"><img loading=\"lazy\" decoding=\"async\" class=\"alignnone size-full wp-image-214826\" src=\"https:\/\/potenciaradiofonicadominicana.com\/portal\/wp-content\/uploads\/2026\/04\/whatsapp-image-2026-04-10-at-72450-am-1024x682-1.jpeg\" alt=\"\" width=\"1024\" height=\"682\" srcset=\"https:\/\/potenciaradiofonicadominicana.com\/portal\/wp-content\/uploads\/2026\/04\/whatsapp-image-2026-04-10-at-72450-am-1024x682-1.jpeg 1024w, https:\/\/potenciaradiofonicadominicana.com\/portal\/wp-content\/uploads\/2026\/04\/whatsapp-image-2026-04-10-at-72450-am-1024x682-1-300x200.jpeg 300w, https:\/\/potenciaradiofonicadominicana.com\/portal\/wp-content\/uploads\/2026\/04\/whatsapp-image-2026-04-10-at-72450-am-1024x682-1-768x512.jpeg 768w\" sizes=\"auto, (max-width: 1024px) 100vw, 1024px\" \/><\/a><\/p>\n<p data-start=\"199\" data-end=\"502\">La aerol\u00ednea dominicana\u00a0<span class=\"hover:entity-accent entity-underline inline cursor-pointer align-baseline\"><span class=\"whitespace-normal\">Arajet<\/span><\/span>\u00a0anunci\u00f3 una alianza estrat\u00e9gica con los\u00a0<span class=\"hover:entity-accent entity-underline inline cursor-pointer align-baseline\"><span class=\"whitespace-normal\">Miami Marlins<\/span><\/span>, con el objetivo de fortalecer la proyecci\u00f3n internacional de la Rep\u00fablica Dominicana como destino tur\u00edstico en el mercado de Estados Unidos.<\/p>\n<p data-start=\"504\" data-end=\"889\">A trav\u00e9s de esta iniciativa, Arajet se integra como socio oficial del equipo de las Grandes Ligas, con una destacada presencia de marca durante todos los juegos de la temporada regular en el\u00a0<span class=\"hover:entity-accent entity-underline inline cursor-pointer align-baseline\"><span class=\"whitespace-normal\">loanDepot Park<\/span><\/span>. Esta plataforma permitir\u00e1 conectar con miles de fan\u00e1ticos del b\u00e9isbol, promoviendo los atractivos del pa\u00eds como uno de los principales destinos del Caribe.<\/p>\n<p data-start=\"891\" data-end=\"1293\">\u201cNos enorgullece dar la bienvenida a Arajet como socio y continuar ampliando nuestro alcance internacional a trav\u00e9s del b\u00e9isbol, un deporte verdaderamente global\u201d, expres\u00f3\u00a0<span class=\"hover:entity-accent entity-underline inline cursor-pointer align-baseline\"><span class=\"whitespace-normal\">Robert Gelman<\/span><\/span>, vicepresidente de Desarrollo de Alianzas y Marketing de los Marlins. \u201cEsta colaboraci\u00f3n refleja la fortaleza de nuestra plataforma para conectar marcas con audiencias diversas y apasionadas\u201d.<\/p>\n<p data-start=\"1295\" data-end=\"1662\">De su lado,\u00a0<span class=\"hover:entity-accent entity-underline inline cursor-pointer align-baseline\"><span class=\"whitespace-normal\">V\u00edctor Pacheco M\u00e9ndez<\/span><\/span>, CEO y fundador de Arajet, destac\u00f3 la importancia estrat\u00e9gica del mercado de\u00a0<span class=\"hover:entity-accent entity-underline inline cursor-pointer align-baseline\"><span class=\"whitespace-normal\">Miami<\/span><\/span>\u00a0para la aerol\u00ednea. \u201cEsta alianza con los Marlins nos permitir\u00e1 crear experiencias \u00fanicas que fortalecer\u00e1n la conectividad a\u00e9rea y estimular\u00e1n el flujo de viajeros hacia la Rep\u00fablica Dominicana\u201d, afirm\u00f3.<\/p>\n<p data-start=\"1664\" data-end=\"1999\">Como parte del acuerdo, se desarrollar\u00e1 un calendario de activaciones durante toda la temporada, que incluir\u00e1 la participaci\u00f3n de agentes de viajes, tour operadores, influencers y medios de comunicaci\u00f3n. Los invitados podr\u00e1n disfrutar de los partidos desde espacios exclusivos dentro del estadio, incluyendo el \u201cFlight Deck\u201d de Arajet.<\/p>\n<p data-start=\"2001\" data-end=\"2238\">Asimismo, se implementar\u00e1n campa\u00f1as promocionales, experiencias de marca e iniciativas orientadas a incentivar los viajes hacia el pa\u00eds, aprovechando tanto la plataforma deportiva como los canales digitales y comerciales de la aerol\u00ednea.<\/p>\n<p data-start=\"2240\" data-end=\"2517\">Esta alianza reafirma la apuesta de Arajet por el turismo deportivo como una herramienta clave para la proyecci\u00f3n internacional, capitalizando la fuerte conexi\u00f3n cultural entre el b\u00e9isbol y la identidad dominicana, as\u00ed como la amplia presencia de la di\u00e1spora en Estados Unidos.<\/p>\n<div class=\"single-post-ads-footer hidden-xs\"><\/div>\n","protected":false},"excerpt":{"rendered":"<p>La aerol\u00ednea dominicana\u00a0Arajet\u00a0anunci\u00f3 una alianza estrat\u00e9gica con los\u00a0Miami Marlins, con el objetivo de fortalecer la proyecci\u00f3n internacional de la Rep\u00fablica &#8230;<\/p>\n","protected":false},"author":2,"featured_media":214826,"comment_status":"closed","ping_status":"closed","sticky":false,"template":"","format":"standard","meta":{"footnotes":""},"categories":[28],"tags":[],"class_list":["post-214820","post","type-post","status-publish","format-standard","has-post-thumbnail","hentry","category-deportes"],"yoast_head":"<!-- This site is optimized with the Yoast SEO plugin v24.8.1 - https:\/\/yoast.com\/wordpress\/plugins\/seo\/ -->\n<title>Arajet anuncia alianza con los Miami Marlins para impulsar turismo dominicano en EE. UU. - PotenciaRadiofonicaDominicana.com<\/title>\n<meta name=\"robots\" content=\"index, follow, max-snippet:-1, max-image-preview:large, max-video-preview:-1\" \/>\n<link rel=\"canonical\" href=\"https:\/\/potenciaradiofonicadominicana.com\/portal\/arajet-anuncia-alianza-con-los-miami-marlins-para-impulsar-turismo-dominicano-en-ee-uu\/\" \/>\n<meta property=\"og:locale\" content=\"es_ES\" \/>\n<meta property=\"og:type\" content=\"article\" \/>\n<meta property=\"og:title\" content=\"Arajet anuncia alianza con los Miami Marlins para impulsar turismo dominicano en EE. UU. - PotenciaRadiofonicaDominicana.com\" \/>\n<meta property=\"og:description\" content=\"La aerol\u00ednea dominicana\u00a0Arajet\u00a0anunci\u00f3 una alianza estrat\u00e9gica con los\u00a0Miami Marlins, con el objetivo de fortalecer la proyecci\u00f3n internacional de la Rep\u00fablica ...\" \/>\n<meta property=\"og:url\" content=\"https:\/\/potenciaradiofonicadominicana.com\/portal\/arajet-anuncia-alianza-con-los-miami-marlins-para-impulsar-turismo-dominicano-en-ee-uu\/\" \/>\n<meta property=\"og:site_name\" content=\"PotenciaRadiofonicaDominicana.com\" \/>\n<meta property=\"article:publisher\" content=\"https:\/\/web.facebook.com\/PotenciaRadiofonicaD\" \/>\n<meta property=\"article:published_time\" content=\"2026-04-13T01:37:44+00:00\" \/>\n<meta property=\"article:modified_time\" content=\"2026-04-13T01:39:23+00:00\" \/>\n<meta property=\"og:image\" content=\"https:\/\/potenciaradiofonicadominicana.com\/portal\/wp-content\/uploads\/2026\/04\/whatsapp-image-2026-04-10-at-72450-am-1024x682-1.jpeg\" \/>\n\t<meta property=\"og:image:width\" content=\"1024\" \/>\n\t<meta property=\"og:image:height\" content=\"682\" \/>\n\t<meta property=\"og:image:type\" content=\"image\/jpeg\" \/>\n<meta name=\"author\" content=\"Potencia Radiof\u00f3nica Dominicana\" \/>\n<meta name=\"twitter:card\" content=\"summary_large_image\" \/>\n<meta name=\"twitter:label1\" content=\"Escrito por\" \/>\n\t<meta name=\"twitter:data1\" content=\"Potencia Radiof\u00f3nica Dominicana\" \/>\n\t<meta name=\"twitter:label2\" content=\"Tiempo de lectura\" \/>\n\t<meta name=\"twitter:data2\" content=\"2 minutos\" \/>\n<script type=\"application\/ld+json\" class=\"yoast-schema-graph\">{\"@context\":\"https:\/\/schema.org\",\"@graph\":[{\"@type\":\"Article\",\"@id\":\"https:\/\/potenciaradiofonicadominicana.com\/portal\/arajet-anuncia-alianza-con-los-miami-marlins-para-impulsar-turismo-dominicano-en-ee-uu\/#article\",\"isPartOf\":{\"@id\":\"https:\/\/potenciaradiofonicadominicana.com\/portal\/arajet-anuncia-alianza-con-los-miami-marlins-para-impulsar-turismo-dominicano-en-ee-uu\/\"},\"author\":{\"name\":\"Potencia Radiof\u00f3nica Dominicana\",\"@id\":\"https:\/\/potenciaradiofonicadominicana.com\/portal\/#\/schema\/person\/a5cf1fea13877803ee0573ac18b03490\"},\"headline\":\"Arajet anuncia alianza con los Miami Marlins para impulsar turismo dominicano en EE. UU.\",\"datePublished\":\"2026-04-13T01:37:44+00:00\",\"dateModified\":\"2026-04-13T01:39:23+00:00\",\"mainEntityOfPage\":{\"@id\":\"https:\/\/potenciaradiofonicadominicana.com\/portal\/arajet-anuncia-alianza-con-los-miami-marlins-para-impulsar-turismo-dominicano-en-ee-uu\/\"},\"wordCount\":358,\"publisher\":{\"@id\":\"https:\/\/potenciaradiofonicadominicana.com\/portal\/#organization\"},\"image\":{\"@id\":\"https:\/\/potenciaradiofonicadominicana.com\/portal\/arajet-anuncia-alianza-con-los-miami-marlins-para-impulsar-turismo-dominicano-en-ee-uu\/#primaryimage\"},\"thumbnailUrl\":\"https:\/\/potenciaradiofonicadominicana.com\/portal\/wp-content\/uploads\/2026\/04\/whatsapp-image-2026-04-10-at-72450-am-1024x682-1.jpeg\",\"articleSection\":[\"Deportes\"],\"inLanguage\":\"es\"},{\"@type\":\"WebPage\",\"@id\":\"https:\/\/potenciaradiofonicadominicana.com\/portal\/arajet-anuncia-alianza-con-los-miami-marlins-para-impulsar-turismo-dominicano-en-ee-uu\/\",\"url\":\"https:\/\/potenciaradiofonicadominicana.com\/portal\/arajet-anuncia-alianza-con-los-miami-marlins-para-impulsar-turismo-dominicano-en-ee-uu\/\",\"name\":\"Arajet anuncia alianza con los Miami Marlins para impulsar turismo dominicano en EE. UU. - PotenciaRadiofonicaDominicana.com\",\"isPartOf\":{\"@id\":\"https:\/\/potenciaradiofonicadominicana.com\/portal\/#website\"},\"primaryImageOfPage\":{\"@id\":\"https:\/\/potenciaradiofonicadominicana.com\/portal\/arajet-anuncia-alianza-con-los-miami-marlins-para-impulsar-turismo-dominicano-en-ee-uu\/#primaryimage\"},\"image\":{\"@id\":\"https:\/\/potenciaradiofonicadominicana.com\/portal\/arajet-anuncia-alianza-con-los-miami-marlins-para-impulsar-turismo-dominicano-en-ee-uu\/#primaryimage\"},\"thumbnailUrl\":\"https:\/\/potenciaradiofonicadominicana.com\/portal\/wp-content\/uploads\/2026\/04\/whatsapp-image-2026-04-10-at-72450-am-1024x682-1.jpeg\",\"datePublished\":\"2026-04-13T01:37:44+00:00\",\"dateModified\":\"2026-04-13T01:39:23+00:00\",\"breadcrumb\":{\"@id\":\"https:\/\/potenciaradiofonicadominicana.com\/portal\/arajet-anuncia-alianza-con-los-miami-marlins-para-impulsar-turismo-dominicano-en-ee-uu\/#breadcrumb\"},\"inLanguage\":\"es\",\"potentialAction\":[{\"@type\":\"ReadAction\",\"target\":[\"https:\/\/potenciaradiofonicadominicana.com\/portal\/arajet-anuncia-alianza-con-los-miami-marlins-para-impulsar-turismo-dominicano-en-ee-uu\/\"]}]},{\"@type\":\"ImageObject\",\"inLanguage\":\"es\",\"@id\":\"https:\/\/potenciaradiofonicadominicana.com\/portal\/arajet-anuncia-alianza-con-los-miami-marlins-para-impulsar-turismo-dominicano-en-ee-uu\/#primaryimage\",\"url\":\"https:\/\/potenciaradiofonicadominicana.com\/portal\/wp-content\/uploads\/2026\/04\/whatsapp-image-2026-04-10-at-72450-am-1024x682-1.jpeg\",\"contentUrl\":\"https:\/\/potenciaradiofonicadominicana.com\/portal\/wp-content\/uploads\/2026\/04\/whatsapp-image-2026-04-10-at-72450-am-1024x682-1.jpeg\",\"width\":1024,\"height\":682},{\"@type\":\"BreadcrumbList\",\"@id\":\"https:\/\/potenciaradiofonicadominicana.com\/portal\/arajet-anuncia-alianza-con-los-miami-marlins-para-impulsar-turismo-dominicano-en-ee-uu\/#breadcrumb\",\"itemListElement\":[{\"@type\":\"ListItem\",\"position\":1,\"name\":\"Portada\",\"item\":\"https:\/\/potenciaradiofonicadominicana.com\/portal\/\"},{\"@type\":\"ListItem\",\"position\":2,\"name\":\"Arajet anuncia alianza con los Miami Marlins para impulsar turismo dominicano en EE. UU.\"}]},{\"@type\":\"WebSite\",\"@id\":\"https:\/\/potenciaradiofonicadominicana.com\/portal\/#website\",\"url\":\"https:\/\/potenciaradiofonicadominicana.com\/portal\/\",\"name\":\"PotenciaRadiofonicaDominicana.com\",\"description\":\"Peri\u00f3dico Digital\",\"publisher\":{\"@id\":\"https:\/\/potenciaradiofonicadominicana.com\/portal\/#organization\"},\"potentialAction\":[{\"@type\":\"SearchAction\",\"target\":{\"@type\":\"EntryPoint\",\"urlTemplate\":\"https:\/\/potenciaradiofonicadominicana.com\/portal\/?s={search_term_string}\"},\"query-input\":{\"@type\":\"PropertyValueSpecification\",\"valueRequired\":true,\"valueName\":\"search_term_string\"}}],\"inLanguage\":\"es\"},{\"@type\":\"Organization\",\"@id\":\"https:\/\/potenciaradiofonicadominicana.com\/portal\/#organization\",\"name\":\"PotenciaRadiofonicaDominicana.com\",\"url\":\"https:\/\/potenciaradiofonicadominicana.com\/portal\/\",\"logo\":{\"@type\":\"ImageObject\",\"inLanguage\":\"es\",\"@id\":\"https:\/\/potenciaradiofonicadominicana.com\/portal\/#\/schema\/logo\/image\/\",\"url\":\"https:\/\/potenciaradiofonicadominicana.com\/portal\/wp-content\/uploads\/2022\/01\/descarga.png\",\"contentUrl\":\"https:\/\/potenciaradiofonicadominicana.com\/portal\/wp-content\/uploads\/2022\/01\/descarga.png\",\"width\":300,\"height\":100,\"caption\":\"PotenciaRadiofonicaDominicana.com\"},\"image\":{\"@id\":\"https:\/\/potenciaradiofonicadominicana.com\/portal\/#\/schema\/logo\/image\/\"},\"sameAs\":[\"https:\/\/web.facebook.com\/PotenciaRadiofonicaD\"]},{\"@type\":\"Person\",\"@id\":\"https:\/\/potenciaradiofonicadominicana.com\/portal\/#\/schema\/person\/a5cf1fea13877803ee0573ac18b03490\",\"name\":\"Potencia Radiof\u00f3nica Dominicana\",\"image\":{\"@type\":\"ImageObject\",\"inLanguage\":\"es\",\"@id\":\"https:\/\/potenciaradiofonicadominicana.com\/portal\/#\/schema\/person\/image\/\",\"url\":\"https:\/\/secure.gravatar.com\/avatar\/42a55ab9e8ccc656ba34cd791990602a?s=96&d=mm&r=g\",\"contentUrl\":\"https:\/\/secure.gravatar.com\/avatar\/42a55ab9e8ccc656ba34cd791990602a?s=96&d=mm&r=g\",\"caption\":\"Potencia Radiof\u00f3nica Dominicana\"},\"url\":\"https:\/\/potenciaradiofonicadominicana.com\/portal\/author\/johannyalmanzar\/\"}]}<\/script>\n<!-- \/ Yoast SEO plugin. -->","yoast_head_json":{"title":"Arajet anuncia alianza con los Miami Marlins para impulsar turismo dominicano en EE. UU. - PotenciaRadiofonicaDominicana.com","robots":{"index":"index","follow":"follow","max-snippet":"max-snippet:-1","max-image-preview":"max-image-preview:large","max-video-preview":"max-video-preview:-1"},"canonical":"https:\/\/potenciaradiofonicadominicana.com\/portal\/arajet-anuncia-alianza-con-los-miami-marlins-para-impulsar-turismo-dominicano-en-ee-uu\/","og_locale":"es_ES","og_type":"article","og_title":"Arajet anuncia alianza con los Miami Marlins para impulsar turismo dominicano en EE. UU. - PotenciaRadiofonicaDominicana.com","og_description":"La aerol\u00ednea dominicana\u00a0Arajet\u00a0anunci\u00f3 una alianza estrat\u00e9gica con los\u00a0Miami Marlins, con el objetivo de fortalecer la proyecci\u00f3n internacional de la Rep\u00fablica ...","og_url":"https:\/\/potenciaradiofonicadominicana.com\/portal\/arajet-anuncia-alianza-con-los-miami-marlins-para-impulsar-turismo-dominicano-en-ee-uu\/","og_site_name":"PotenciaRadiofonicaDominicana.com","article_publisher":"https:\/\/web.facebook.com\/PotenciaRadiofonicaD","article_published_time":"2026-04-13T01:37:44+00:00","article_modified_time":"2026-04-13T01:39:23+00:00","og_image":[{"width":1024,"height":682,"url":"https:\/\/potenciaradiofonicadominicana.com\/portal\/wp-content\/uploads\/2026\/04\/whatsapp-image-2026-04-10-at-72450-am-1024x682-1.jpeg","type":"image\/jpeg"}],"author":"Potencia Radiof\u00f3nica Dominicana","twitter_card":"summary_large_image","twitter_misc":{"Escrito por":"Potencia Radiof\u00f3nica Dominicana","Tiempo de lectura":"2 minutos"},"schema":{"@context":"https:\/\/schema.org","@graph":[{"@type":"Article","@id":"https:\/\/potenciaradiofonicadominicana.com\/portal\/arajet-anuncia-alianza-con-los-miami-marlins-para-impulsar-turismo-dominicano-en-ee-uu\/#article","isPartOf":{"@id":"https:\/\/potenciaradiofonicadominicana.com\/portal\/arajet-anuncia-alianza-con-los-miami-marlins-para-impulsar-turismo-dominicano-en-ee-uu\/"},"author":{"name":"Potencia Radiof\u00f3nica Dominicana","@id":"https:\/\/potenciaradiofonicadominicana.com\/portal\/#\/schema\/person\/a5cf1fea13877803ee0573ac18b03490"},"headline":"Arajet anuncia alianza con los Miami Marlins para impulsar turismo dominicano en EE. UU.","datePublished":"2026-04-13T01:37:44+00:00","dateModified":"2026-04-13T01:39:23+00:00","mainEntityOfPage":{"@id":"https:\/\/potenciaradiofonicadominicana.com\/portal\/arajet-anuncia-alianza-con-los-miami-marlins-para-impulsar-turismo-dominicano-en-ee-uu\/"},"wordCount":358,"publisher":{"@id":"https:\/\/potenciaradiofonicadominicana.com\/portal\/#organization"},"image":{"@id":"https:\/\/potenciaradiofonicadominicana.com\/portal\/arajet-anuncia-alianza-con-los-miami-marlins-para-impulsar-turismo-dominicano-en-ee-uu\/#primaryimage"},"thumbnailUrl":"https:\/\/potenciaradiofonicadominicana.com\/portal\/wp-content\/uploads\/2026\/04\/whatsapp-image-2026-04-10-at-72450-am-1024x682-1.jpeg","articleSection":["Deportes"],"inLanguage":"es"},{"@type":"WebPage","@id":"https:\/\/potenciaradiofonicadominicana.com\/portal\/arajet-anuncia-alianza-con-los-miami-marlins-para-impulsar-turismo-dominicano-en-ee-uu\/","url":"https:\/\/potenciaradiofonicadominicana.com\/portal\/arajet-anuncia-alianza-con-los-miami-marlins-para-impulsar-turismo-dominicano-en-ee-uu\/","name":"Arajet anuncia alianza con los Miami Marlins para impulsar turismo dominicano en EE. UU. - PotenciaRadiofonicaDominicana.com","isPartOf":{"@id":"https:\/\/potenciaradiofonicadominicana.com\/portal\/#website"},"primaryImageOfPage":{"@id":"https:\/\/potenciaradiofonicadominicana.com\/portal\/arajet-anuncia-alianza-con-los-miami-marlins-para-impulsar-turismo-dominicano-en-ee-uu\/#primaryimage"},"image":{"@id":"https:\/\/potenciaradiofonicadominicana.com\/portal\/arajet-anuncia-alianza-con-los-miami-marlins-para-impulsar-turismo-dominicano-en-ee-uu\/#primaryimage"},"thumbnailUrl":"https:\/\/potenciaradiofonicadominicana.com\/portal\/wp-content\/uploads\/2026\/04\/whatsapp-image-2026-04-10-at-72450-am-1024x682-1.jpeg","datePublished":"2026-04-13T01:37:44+00:00","dateModified":"2026-04-13T01:39:23+00:00","breadcrumb":{"@id":"https:\/\/potenciaradiofonicadominicana.com\/portal\/arajet-anuncia-alianza-con-los-miami-marlins-para-impulsar-turismo-dominicano-en-ee-uu\/#breadcrumb"},"inLanguage":"es","potentialAction":[{"@type":"ReadAction","target":["https:\/\/potenciaradiofonicadominicana.com\/portal\/arajet-anuncia-alianza-con-los-miami-marlins-para-impulsar-turismo-dominicano-en-ee-uu\/"]}]},{"@type":"ImageObject","inLanguage":"es","@id":"https:\/\/potenciaradiofonicadominicana.com\/portal\/arajet-anuncia-alianza-con-los-miami-marlins-para-impulsar-turismo-dominicano-en-ee-uu\/#primaryimage","url":"https:\/\/potenciaradiofonicadominicana.com\/portal\/wp-content\/uploads\/2026\/04\/whatsapp-image-2026-04-10-at-72450-am-1024x682-1.jpeg","contentUrl":"https:\/\/potenciaradiofonicadominicana.com\/portal\/wp-content\/uploads\/2026\/04\/whatsapp-image-2026-04-10-at-72450-am-1024x682-1.jpeg","width":1024,"height":682},{"@type":"BreadcrumbList","@id":"https:\/\/potenciaradiofonicadominicana.com\/portal\/arajet-anuncia-alianza-con-los-miami-marlins-para-impulsar-turismo-dominicano-en-ee-uu\/#breadcrumb","itemListElement":[{"@type":"ListItem","position":1,"name":"Portada","item":"https:\/\/potenciaradiofonicadominicana.com\/portal\/"},{"@type":"ListItem","position":2,"name":"Arajet anuncia alianza con los Miami Marlins para impulsar turismo dominicano en EE. UU."}]},{"@type":"WebSite","@id":"https:\/\/potenciaradiofonicadominicana.com\/portal\/#website","url":"https:\/\/potenciaradiofonicadominicana.com\/portal\/","name":"PotenciaRadiofonicaDominicana.com","description":"Peri\u00f3dico Digital","publisher":{"@id":"https:\/\/potenciaradiofonicadominicana.com\/portal\/#organization"},"potentialAction":[{"@type":"SearchAction","target":{"@type":"EntryPoint","urlTemplate":"https:\/\/potenciaradiofonicadominicana.com\/portal\/?s={search_term_string}"},"query-input":{"@type":"PropertyValueSpecification","valueRequired":true,"valueName":"search_term_string"}}],"inLanguage":"es"},{"@type":"Organization","@id":"https:\/\/potenciaradiofonicadominicana.com\/portal\/#organization","name":"PotenciaRadiofonicaDominicana.com","url":"https:\/\/potenciaradiofonicadominicana.com\/portal\/","logo":{"@type":"ImageObject","inLanguage":"es","@id":"https:\/\/potenciaradiofonicadominicana.com\/portal\/#\/schema\/logo\/image\/","url":"https:\/\/potenciaradiofonicadominicana.com\/portal\/wp-content\/uploads\/2022\/01\/descarga.png","contentUrl":"https:\/\/potenciaradiofonicadominicana.com\/portal\/wp-content\/uploads\/2022\/01\/descarga.png","width":300,"height":100,"caption":"PotenciaRadiofonicaDominicana.com"},"image":{"@id":"https:\/\/potenciaradiofonicadominicana.com\/portal\/#\/schema\/logo\/image\/"},"sameAs":["https:\/\/web.facebook.com\/PotenciaRadiofonicaD"]},{"@type":"Person","@id":"https:\/\/potenciaradiofonicadominicana.com\/portal\/#\/schema\/person\/a5cf1fea13877803ee0573ac18b03490","name":"Potencia Radiof\u00f3nica Dominicana","image":{"@type":"ImageObject","inLanguage":"es","@id":"https:\/\/potenciaradiofonicadominicana.com\/portal\/#\/schema\/person\/image\/","url":"https:\/\/secure.gravatar.com\/avatar\/42a55ab9e8ccc656ba34cd791990602a?s=96&d=mm&r=g","contentUrl":"https:\/\/secure.gravatar.com\/avatar\/42a55ab9e8ccc656ba34cd791990602a?s=96&d=mm&r=g","caption":"Potencia Radiof\u00f3nica Dominicana"},"url":"https:\/\/potenciaradiofonicadominicana.com\/portal\/author\/johannyalmanzar\/"}]}},"_links":{"self":[{"href":"https:\/\/potenciaradiofonicadominicana.com\/portal\/wp-json\/wp\/v2\/posts\/214820","targetHints":{"allow":["GET"]}}],"collection":[{"href":"https:\/\/potenciaradiofonicadominicana.com\/portal\/wp-json\/wp\/v2\/posts"}],"about":[{"href":"https:\/\/potenciaradiofonicadominicana.com\/portal\/wp-json\/wp\/v2\/types\/post"}],"author":[{"embeddable":true,"href":"https:\/\/potenciaradiofonicadominicana.com\/portal\/wp-json\/wp\/v2\/users\/2"}],"replies":[{"embeddable":true,"href":"https:\/\/potenciaradiofonicadominicana.com\/portal\/wp-json\/wp\/v2\/comments?post=214820"}],"version-history":[{"count":2,"href":"https:\/\/potenciaradiofonicadominicana.com\/portal\/wp-json\/wp\/v2\/posts\/214820\/revisions"}],"predecessor-version":[{"id":214827,"href":"https:\/\/potenciaradiofonicadominicana.com\/portal\/wp-json\/wp\/v2\/posts\/214820\/revisions\/214827"}],"wp:featuredmedia":[{"embeddable":true,"href":"https:\/\/potenciaradiofonicadominicana.com\/portal\/wp-json\/wp\/v2\/media\/214826"}],"wp:attachment":[{"href":"https:\/\/potenciaradiofonicadominicana.com\/portal\/wp-json\/wp\/v2\/media?parent=214820"}],"wp:term":[{"taxonomy":"category","embeddable":true,"href":"https:\/\/potenciaradiofonicadominicana.com\/portal\/wp-json\/wp\/v2\/categories?post=214820"},{"taxonomy":"post_tag","embeddable":true,"href":"https:\/\/potenciaradiofonicadominicana.com\/portal\/wp-json\/wp\/v2\/tags?post=214820"}],"curies":[{"name":"wp","href":"https:\/\/api.w.org\/{rel}","templated":true}]}}