{"id":214811,"date":"2026-04-12T21:36:29","date_gmt":"2026-04-13T01:36:29","guid":{"rendered":"https:\/\/potenciaradiofonicadominicana.com\/portal\/?p=214811"},"modified":"2026-04-12T21:36:29","modified_gmt":"2026-04-13T01:36:29","slug":"transportistas-mantienen-precio-del-pasaje-pese-al-aumento-de-combustibles-y-convocan-asamblea","status":"publish","type":"post","link":"https:\/\/potenciaradiofonicadominicana.com\/portal\/transportistas-mantienen-precio-del-pasaje-pese-al-aumento-de-combustibles-y-convocan-asamblea\/","title":{"rendered":"Transportistas mantienen precio del pasaje pese al aumento de combustibles y convocan asamblea"},"content":{"rendered":"<p><a href=\"https:\/\/potenciaradiofonicadominicana.com\/portal\/wp-content\/uploads\/2026\/04\/crop-w1050-h700-santiago-conflictos-entre-choferes-por-nueva-ruta-de-concho-focus-0-0-896-504.jpg\"><img loading=\"lazy\" decoding=\"async\" class=\"alignnone size-full wp-image-214813\" src=\"https:\/\/potenciaradiofonicadominicana.com\/portal\/wp-content\/uploads\/2026\/04\/crop-w1050-h700-santiago-conflictos-entre-choferes-por-nueva-ruta-de-concho-focus-0-0-896-504.jpg\" alt=\"\" width=\"896\" height=\"504\" srcset=\"https:\/\/potenciaradiofonicadominicana.com\/portal\/wp-content\/uploads\/2026\/04\/crop-w1050-h700-santiago-conflictos-entre-choferes-por-nueva-ruta-de-concho-focus-0-0-896-504.jpg 896w, https:\/\/potenciaradiofonicadominicana.com\/portal\/wp-content\/uploads\/2026\/04\/crop-w1050-h700-santiago-conflictos-entre-choferes-por-nueva-ruta-de-concho-focus-0-0-896-504-300x169.jpg 300w, https:\/\/potenciaradiofonicadominicana.com\/portal\/wp-content\/uploads\/2026\/04\/crop-w1050-h700-santiago-conflictos-entre-choferes-por-nueva-ruta-de-concho-focus-0-0-896-504-768x432.jpg 768w\" sizes=\"auto, (max-width: 896px) 100vw, 896px\" \/><\/a><\/p>\n<p>La\u00a0Central Nacional de Transportistas Unificados\u00a0(CNTU) afirm\u00f3 que, aunque el alza de los precios de los combustibles ha estado provocando estragos en el sector transporte, esa organizaci\u00f3n a\u00fan no ha dispuesto el\u00a0aumento de pasajes.<\/p>\n<p>\u00abHemos dado una\u00a0respuesta contundente\u00a0de que no habr\u00e1 un\u00a0aumento de pasajes\u00a0en el pa\u00eds\u00bb destac\u00f3 el presidente de esa instituci\u00f3n,\u00a0Williams P\u00e9rez Figuereo. Sin embargo, asegur\u00f3 que, ante la situaci\u00f3n,\u00a0el CNTU\u00a0convocar\u00e1 una asamblea para evaluar el escenario y determinar si los\u00a0pasajes\u00a0subir\u00e1n o no.<\/p>\n<p>\u00abEl\u00a0presidente Abinader\u00a0se ha reunido con los comerciantes, pero nosotros esperamos que tambi\u00e9n convoque a los\u00a0transportistas para juntos buscar la soluci\u00f3n a esta problem\u00e1tica\u00bb.<\/p>\n<p>Por su parte,\u00a0Antonio Marte, presidente de la Confederaci\u00f3n Nacional de Organizaciones del Transporte (Conatra), tambi\u00e9n coincide con\u00a0P\u00e9rez Figuereo\u00a0en no aumentar el precio de los\u00a0pasajes\u00a0y dijo que pr\u00f3ximamente esa entidad se reunir\u00e1 con el ministro de Industria, Comercio y Mipymes (MICM), Yayo-Sanz-Lovat\u00f3n para tomar una decisi\u00f3n ante esta circunstancia.<\/p>\n<p>Cronolog\u00eda de los incrementos en los precios de combustibles<\/p>\n<p>Este panorama se produce en un contexto donde se\u00a0desarrolla la guerra del Golfo P\u00e9rsico\u00a0que trae consigo el encarecimiento del petr\u00f3leo y a la misma vez de los combustibles.<\/p>\n<p>En ese sentido, el\u00a0MICM\u00a0ha dispuesto, hasta el momento,\u00a0tres aumentos consecutivos\u00a0en los precios de los combustibles, presionando de forma progresiva los costos operativos del sector transporte.<\/p>\n<p>El primero entre el 14 y el 20 de marzo 2026 con\u00a0cinco pesos m\u00e1s\u00a0en el precio de los dos tipos de\u00a0gasoil y gasolina; el segundo con un alza de\u00a0<a title=\"10 pesos\" href=\"https:\/\/www.diariolibre.com\/economia\/energia\/2026\/03\/20\/principales-combustibles-suben-10-pesos\/3476482#google_vignette\">10 pesos<\/a>\u00a0desde el 21 al 27 de ese mes en los\u00a0hidrocarburos\u00a0ya mencionados.<\/p>\n<p>El m\u00e1s reciente con siete y nueve pesos m\u00e1s en los\u00a0precios\u00a0de esos combustibles del\u00a011 al 17 de abril.<\/p>\n<p>Marte y\u00a0P\u00e9rez Figuereo\u00a0consideran en que los subsidios a los combustibles no son suficientes para contener el impacto en el transporte p\u00fablico de la Rep\u00fablica Dominicana.<\/p>\n<p>Los\u00a0transportistas\u00a0advierten que la sostenibilidad\u00a0de sus operaciones depender\u00e1 de las medidas que adopte el Gobierno, y que, de no producirse soluciones concretas, no descartan revisar su posici\u00f3n, en medio de un escenario marcado por el incremento sostenido de los costos y la presi\u00f3n sobre la rentabilidad del servicio.<\/p>\n","protected":false},"excerpt":{"rendered":"<p>La\u00a0Central Nacional de Transportistas Unificados\u00a0(CNTU) afirm\u00f3 que, aunque el alza de los precios de los combustibles ha estado provocando estragos &#8230;<\/p>\n","protected":false},"author":2,"featured_media":214813,"comment_status":"closed","ping_status":"closed","sticky":false,"template":"","format":"standard","meta":{"footnotes":""},"categories":[26],"tags":[],"class_list":["post-214811","post","type-post","status-publish","format-standard","has-post-thumbnail","hentry","category-economia"],"yoast_head":"<!-- This site is optimized with the Yoast SEO plugin v24.8.1 - https:\/\/yoast.com\/wordpress\/plugins\/seo\/ -->\n<title>Transportistas mantienen precio del pasaje pese al aumento de combustibles y convocan asamblea - PotenciaRadiofonicaDominicana.com<\/title>\n<meta name=\"robots\" content=\"index, follow, max-snippet:-1, max-image-preview:large, max-video-preview:-1\" \/>\n<link rel=\"canonical\" href=\"https:\/\/potenciaradiofonicadominicana.com\/portal\/transportistas-mantienen-precio-del-pasaje-pese-al-aumento-de-combustibles-y-convocan-asamblea\/\" \/>\n<meta property=\"og:locale\" content=\"es_ES\" \/>\n<meta property=\"og:type\" content=\"article\" \/>\n<meta property=\"og:title\" content=\"Transportistas mantienen precio del pasaje pese al aumento de combustibles y convocan asamblea - PotenciaRadiofonicaDominicana.com\" \/>\n<meta property=\"og:description\" content=\"La\u00a0Central Nacional de Transportistas Unificados\u00a0(CNTU) afirm\u00f3 que, aunque el alza de los precios de los combustibles ha estado provocando estragos ...\" \/>\n<meta property=\"og:url\" content=\"https:\/\/potenciaradiofonicadominicana.com\/portal\/transportistas-mantienen-precio-del-pasaje-pese-al-aumento-de-combustibles-y-convocan-asamblea\/\" \/>\n<meta property=\"og:site_name\" content=\"PotenciaRadiofonicaDominicana.com\" \/>\n<meta property=\"article:publisher\" content=\"https:\/\/web.facebook.com\/PotenciaRadiofonicaD\" \/>\n<meta property=\"article:published_time\" content=\"2026-04-13T01:36:29+00:00\" \/>\n<meta property=\"og:image\" content=\"https:\/\/potenciaradiofonicadominicana.com\/portal\/wp-content\/uploads\/2026\/04\/crop-w1050-h700-santiago-conflictos-entre-choferes-por-nueva-ruta-de-concho-focus-0-0-896-504.jpg\" \/>\n\t<meta property=\"og:image:width\" content=\"896\" \/>\n\t<meta property=\"og:image:height\" content=\"504\" \/>\n\t<meta property=\"og:image:type\" content=\"image\/jpeg\" \/>\n<meta name=\"author\" content=\"Potencia Radiof\u00f3nica Dominicana\" \/>\n<meta name=\"twitter:card\" content=\"summary_large_image\" \/>\n<meta name=\"twitter:label1\" content=\"Escrito por\" \/>\n\t<meta name=\"twitter:data1\" content=\"Potencia Radiof\u00f3nica Dominicana\" \/>\n\t<meta name=\"twitter:label2\" content=\"Tiempo de lectura\" \/>\n\t<meta name=\"twitter:data2\" content=\"3 minutos\" \/>\n<script type=\"application\/ld+json\" class=\"yoast-schema-graph\">{\"@context\":\"https:\/\/schema.org\",\"@graph\":[{\"@type\":\"Article\",\"@id\":\"https:\/\/potenciaradiofonicadominicana.com\/portal\/transportistas-mantienen-precio-del-pasaje-pese-al-aumento-de-combustibles-y-convocan-asamblea\/#article\",\"isPartOf\":{\"@id\":\"https:\/\/potenciaradiofonicadominicana.com\/portal\/transportistas-mantienen-precio-del-pasaje-pese-al-aumento-de-combustibles-y-convocan-asamblea\/\"},\"author\":{\"name\":\"Potencia Radiof\u00f3nica Dominicana\",\"@id\":\"https:\/\/potenciaradiofonicadominicana.com\/portal\/#\/schema\/person\/a5cf1fea13877803ee0573ac18b03490\"},\"headline\":\"Transportistas mantienen precio del pasaje pese al aumento de combustibles y convocan asamblea\",\"datePublished\":\"2026-04-13T01:36:29+00:00\",\"mainEntityOfPage\":{\"@id\":\"https:\/\/potenciaradiofonicadominicana.com\/portal\/transportistas-mantienen-precio-del-pasaje-pese-al-aumento-de-combustibles-y-convocan-asamblea\/\"},\"wordCount\":409,\"publisher\":{\"@id\":\"https:\/\/potenciaradiofonicadominicana.com\/portal\/#organization\"},\"image\":{\"@id\":\"https:\/\/potenciaradiofonicadominicana.com\/portal\/transportistas-mantienen-precio-del-pasaje-pese-al-aumento-de-combustibles-y-convocan-asamblea\/#primaryimage\"},\"thumbnailUrl\":\"https:\/\/potenciaradiofonicadominicana.com\/portal\/wp-content\/uploads\/2026\/04\/crop-w1050-h700-santiago-conflictos-entre-choferes-por-nueva-ruta-de-concho-focus-0-0-896-504.jpg\",\"articleSection\":[\"Econom\u00eda\"],\"inLanguage\":\"es\"},{\"@type\":\"WebPage\",\"@id\":\"https:\/\/potenciaradiofonicadominicana.com\/portal\/transportistas-mantienen-precio-del-pasaje-pese-al-aumento-de-combustibles-y-convocan-asamblea\/\",\"url\":\"https:\/\/potenciaradiofonicadominicana.com\/portal\/transportistas-mantienen-precio-del-pasaje-pese-al-aumento-de-combustibles-y-convocan-asamblea\/\",\"name\":\"Transportistas mantienen precio del pasaje pese al aumento de combustibles y convocan asamblea - PotenciaRadiofonicaDominicana.com\",\"isPartOf\":{\"@id\":\"https:\/\/potenciaradiofonicadominicana.com\/portal\/#website\"},\"primaryImageOfPage\":{\"@id\":\"https:\/\/potenciaradiofonicadominicana.com\/portal\/transportistas-mantienen-precio-del-pasaje-pese-al-aumento-de-combustibles-y-convocan-asamblea\/#primaryimage\"},\"image\":{\"@id\":\"https:\/\/potenciaradiofonicadominicana.com\/portal\/transportistas-mantienen-precio-del-pasaje-pese-al-aumento-de-combustibles-y-convocan-asamblea\/#primaryimage\"},\"thumbnailUrl\":\"https:\/\/potenciaradiofonicadominicana.com\/portal\/wp-content\/uploads\/2026\/04\/crop-w1050-h700-santiago-conflictos-entre-choferes-por-nueva-ruta-de-concho-focus-0-0-896-504.jpg\",\"datePublished\":\"2026-04-13T01:36:29+00:00\",\"breadcrumb\":{\"@id\":\"https:\/\/potenciaradiofonicadominicana.com\/portal\/transportistas-mantienen-precio-del-pasaje-pese-al-aumento-de-combustibles-y-convocan-asamblea\/#breadcrumb\"},\"inLanguage\":\"es\",\"potentialAction\":[{\"@type\":\"ReadAction\",\"target\":[\"https:\/\/potenciaradiofonicadominicana.com\/portal\/transportistas-mantienen-precio-del-pasaje-pese-al-aumento-de-combustibles-y-convocan-asamblea\/\"]}]},{\"@type\":\"ImageObject\",\"inLanguage\":\"es\",\"@id\":\"https:\/\/potenciaradiofonicadominicana.com\/portal\/transportistas-mantienen-precio-del-pasaje-pese-al-aumento-de-combustibles-y-convocan-asamblea\/#primaryimage\",\"url\":\"https:\/\/potenciaradiofonicadominicana.com\/portal\/wp-content\/uploads\/2026\/04\/crop-w1050-h700-santiago-conflictos-entre-choferes-por-nueva-ruta-de-concho-focus-0-0-896-504.jpg\",\"contentUrl\":\"https:\/\/potenciaradiofonicadominicana.com\/portal\/wp-content\/uploads\/2026\/04\/crop-w1050-h700-santiago-conflictos-entre-choferes-por-nueva-ruta-de-concho-focus-0-0-896-504.jpg\",\"width\":896,\"height\":504},{\"@type\":\"BreadcrumbList\",\"@id\":\"https:\/\/potenciaradiofonicadominicana.com\/portal\/transportistas-mantienen-precio-del-pasaje-pese-al-aumento-de-combustibles-y-convocan-asamblea\/#breadcrumb\",\"itemListElement\":[{\"@type\":\"ListItem\",\"position\":1,\"name\":\"Portada\",\"item\":\"https:\/\/potenciaradiofonicadominicana.com\/portal\/\"},{\"@type\":\"ListItem\",\"position\":2,\"name\":\"Transportistas mantienen precio del pasaje pese al aumento de combustibles y convocan asamblea\"}]},{\"@type\":\"WebSite\",\"@id\":\"https:\/\/potenciaradiofonicadominicana.com\/portal\/#website\",\"url\":\"https:\/\/potenciaradiofonicadominicana.com\/portal\/\",\"name\":\"PotenciaRadiofonicaDominicana.com\",\"description\":\"Peri\u00f3dico Digital\",\"publisher\":{\"@id\":\"https:\/\/potenciaradiofonicadominicana.com\/portal\/#organization\"},\"potentialAction\":[{\"@type\":\"SearchAction\",\"target\":{\"@type\":\"EntryPoint\",\"urlTemplate\":\"https:\/\/potenciaradiofonicadominicana.com\/portal\/?s={search_term_string}\"},\"query-input\":{\"@type\":\"PropertyValueSpecification\",\"valueRequired\":true,\"valueName\":\"search_term_string\"}}],\"inLanguage\":\"es\"},{\"@type\":\"Organization\",\"@id\":\"https:\/\/potenciaradiofonicadominicana.com\/portal\/#organization\",\"name\":\"PotenciaRadiofonicaDominicana.com\",\"url\":\"https:\/\/potenciaradiofonicadominicana.com\/portal\/\",\"logo\":{\"@type\":\"ImageObject\",\"inLanguage\":\"es\",\"@id\":\"https:\/\/potenciaradiofonicadominicana.com\/portal\/#\/schema\/logo\/image\/\",\"url\":\"https:\/\/potenciaradiofonicadominicana.com\/portal\/wp-content\/uploads\/2022\/01\/descarga.png\",\"contentUrl\":\"https:\/\/potenciaradiofonicadominicana.com\/portal\/wp-content\/uploads\/2022\/01\/descarga.png\",\"width\":300,\"height\":100,\"caption\":\"PotenciaRadiofonicaDominicana.com\"},\"image\":{\"@id\":\"https:\/\/potenciaradiofonicadominicana.com\/portal\/#\/schema\/logo\/image\/\"},\"sameAs\":[\"https:\/\/web.facebook.com\/PotenciaRadiofonicaD\"]},{\"@type\":\"Person\",\"@id\":\"https:\/\/potenciaradiofonicadominicana.com\/portal\/#\/schema\/person\/a5cf1fea13877803ee0573ac18b03490\",\"name\":\"Potencia Radiof\u00f3nica Dominicana\",\"image\":{\"@type\":\"ImageObject\",\"inLanguage\":\"es\",\"@id\":\"https:\/\/potenciaradiofonicadominicana.com\/portal\/#\/schema\/person\/image\/\",\"url\":\"https:\/\/secure.gravatar.com\/avatar\/42a55ab9e8ccc656ba34cd791990602a?s=96&d=mm&r=g\",\"contentUrl\":\"https:\/\/secure.gravatar.com\/avatar\/42a55ab9e8ccc656ba34cd791990602a?s=96&d=mm&r=g\",\"caption\":\"Potencia Radiof\u00f3nica Dominicana\"},\"url\":\"https:\/\/potenciaradiofonicadominicana.com\/portal\/author\/johannyalmanzar\/\"}]}<\/script>\n<!-- \/ Yoast SEO plugin. -->","yoast_head_json":{"title":"Transportistas mantienen precio del pasaje pese al aumento de combustibles y convocan asamblea - PotenciaRadiofonicaDominicana.com","robots":{"index":"index","follow":"follow","max-snippet":"max-snippet:-1","max-image-preview":"max-image-preview:large","max-video-preview":"max-video-preview:-1"},"canonical":"https:\/\/potenciaradiofonicadominicana.com\/portal\/transportistas-mantienen-precio-del-pasaje-pese-al-aumento-de-combustibles-y-convocan-asamblea\/","og_locale":"es_ES","og_type":"article","og_title":"Transportistas mantienen precio del pasaje pese al aumento de combustibles y convocan asamblea - PotenciaRadiofonicaDominicana.com","og_description":"La\u00a0Central Nacional de Transportistas Unificados\u00a0(CNTU) afirm\u00f3 que, aunque el alza de los precios de los combustibles ha estado provocando estragos ...","og_url":"https:\/\/potenciaradiofonicadominicana.com\/portal\/transportistas-mantienen-precio-del-pasaje-pese-al-aumento-de-combustibles-y-convocan-asamblea\/","og_site_name":"PotenciaRadiofonicaDominicana.com","article_publisher":"https:\/\/web.facebook.com\/PotenciaRadiofonicaD","article_published_time":"2026-04-13T01:36:29+00:00","og_image":[{"width":896,"height":504,"url":"https:\/\/potenciaradiofonicadominicana.com\/portal\/wp-content\/uploads\/2026\/04\/crop-w1050-h700-santiago-conflictos-entre-choferes-por-nueva-ruta-de-concho-focus-0-0-896-504.jpg","type":"image\/jpeg"}],"author":"Potencia Radiof\u00f3nica Dominicana","twitter_card":"summary_large_image","twitter_misc":{"Escrito por":"Potencia Radiof\u00f3nica Dominicana","Tiempo de lectura":"3 minutos"},"schema":{"@context":"https:\/\/schema.org","@graph":[{"@type":"Article","@id":"https:\/\/potenciaradiofonicadominicana.com\/portal\/transportistas-mantienen-precio-del-pasaje-pese-al-aumento-de-combustibles-y-convocan-asamblea\/#article","isPartOf":{"@id":"https:\/\/potenciaradiofonicadominicana.com\/portal\/transportistas-mantienen-precio-del-pasaje-pese-al-aumento-de-combustibles-y-convocan-asamblea\/"},"author":{"name":"Potencia Radiof\u00f3nica Dominicana","@id":"https:\/\/potenciaradiofonicadominicana.com\/portal\/#\/schema\/person\/a5cf1fea13877803ee0573ac18b03490"},"headline":"Transportistas mantienen precio del pasaje pese al aumento de combustibles y convocan asamblea","datePublished":"2026-04-13T01:36:29+00:00","mainEntityOfPage":{"@id":"https:\/\/potenciaradiofonicadominicana.com\/portal\/transportistas-mantienen-precio-del-pasaje-pese-al-aumento-de-combustibles-y-convocan-asamblea\/"},"wordCount":409,"publisher":{"@id":"https:\/\/potenciaradiofonicadominicana.com\/portal\/#organization"},"image":{"@id":"https:\/\/potenciaradiofonicadominicana.com\/portal\/transportistas-mantienen-precio-del-pasaje-pese-al-aumento-de-combustibles-y-convocan-asamblea\/#primaryimage"},"thumbnailUrl":"https:\/\/potenciaradiofonicadominicana.com\/portal\/wp-content\/uploads\/2026\/04\/crop-w1050-h700-santiago-conflictos-entre-choferes-por-nueva-ruta-de-concho-focus-0-0-896-504.jpg","articleSection":["Econom\u00eda"],"inLanguage":"es"},{"@type":"WebPage","@id":"https:\/\/potenciaradiofonicadominicana.com\/portal\/transportistas-mantienen-precio-del-pasaje-pese-al-aumento-de-combustibles-y-convocan-asamblea\/","url":"https:\/\/potenciaradiofonicadominicana.com\/portal\/transportistas-mantienen-precio-del-pasaje-pese-al-aumento-de-combustibles-y-convocan-asamblea\/","name":"Transportistas mantienen precio del pasaje pese al aumento de combustibles y convocan asamblea - PotenciaRadiofonicaDominicana.com","isPartOf":{"@id":"https:\/\/potenciaradiofonicadominicana.com\/portal\/#website"},"primaryImageOfPage":{"@id":"https:\/\/potenciaradiofonicadominicana.com\/portal\/transportistas-mantienen-precio-del-pasaje-pese-al-aumento-de-combustibles-y-convocan-asamblea\/#primaryimage"},"image":{"@id":"https:\/\/potenciaradiofonicadominicana.com\/portal\/transportistas-mantienen-precio-del-pasaje-pese-al-aumento-de-combustibles-y-convocan-asamblea\/#primaryimage"},"thumbnailUrl":"https:\/\/potenciaradiofonicadominicana.com\/portal\/wp-content\/uploads\/2026\/04\/crop-w1050-h700-santiago-conflictos-entre-choferes-por-nueva-ruta-de-concho-focus-0-0-896-504.jpg","datePublished":"2026-04-13T01:36:29+00:00","breadcrumb":{"@id":"https:\/\/potenciaradiofonicadominicana.com\/portal\/transportistas-mantienen-precio-del-pasaje-pese-al-aumento-de-combustibles-y-convocan-asamblea\/#breadcrumb"},"inLanguage":"es","potentialAction":[{"@type":"ReadAction","target":["https:\/\/potenciaradiofonicadominicana.com\/portal\/transportistas-mantienen-precio-del-pasaje-pese-al-aumento-de-combustibles-y-convocan-asamblea\/"]}]},{"@type":"ImageObject","inLanguage":"es","@id":"https:\/\/potenciaradiofonicadominicana.com\/portal\/transportistas-mantienen-precio-del-pasaje-pese-al-aumento-de-combustibles-y-convocan-asamblea\/#primaryimage","url":"https:\/\/potenciaradiofonicadominicana.com\/portal\/wp-content\/uploads\/2026\/04\/crop-w1050-h700-santiago-conflictos-entre-choferes-por-nueva-ruta-de-concho-focus-0-0-896-504.jpg","contentUrl":"https:\/\/potenciaradiofonicadominicana.com\/portal\/wp-content\/uploads\/2026\/04\/crop-w1050-h700-santiago-conflictos-entre-choferes-por-nueva-ruta-de-concho-focus-0-0-896-504.jpg","width":896,"height":504},{"@type":"BreadcrumbList","@id":"https:\/\/potenciaradiofonicadominicana.com\/portal\/transportistas-mantienen-precio-del-pasaje-pese-al-aumento-de-combustibles-y-convocan-asamblea\/#breadcrumb","itemListElement":[{"@type":"ListItem","position":1,"name":"Portada","item":"https:\/\/potenciaradiofonicadominicana.com\/portal\/"},{"@type":"ListItem","position":2,"name":"Transportistas mantienen precio del pasaje pese al aumento de combustibles y convocan asamblea"}]},{"@type":"WebSite","@id":"https:\/\/potenciaradiofonicadominicana.com\/portal\/#website","url":"https:\/\/potenciaradiofonicadominicana.com\/portal\/","name":"PotenciaRadiofonicaDominicana.com","description":"Peri\u00f3dico Digital","publisher":{"@id":"https:\/\/potenciaradiofonicadominicana.com\/portal\/#organization"},"potentialAction":[{"@type":"SearchAction","target":{"@type":"EntryPoint","urlTemplate":"https:\/\/potenciaradiofonicadominicana.com\/portal\/?s={search_term_string}"},"query-input":{"@type":"PropertyValueSpecification","valueRequired":true,"valueName":"search_term_string"}}],"inLanguage":"es"},{"@type":"Organization","@id":"https:\/\/potenciaradiofonicadominicana.com\/portal\/#organization","name":"PotenciaRadiofonicaDominicana.com","url":"https:\/\/potenciaradiofonicadominicana.com\/portal\/","logo":{"@type":"ImageObject","inLanguage":"es","@id":"https:\/\/potenciaradiofonicadominicana.com\/portal\/#\/schema\/logo\/image\/","url":"https:\/\/potenciaradiofonicadominicana.com\/portal\/wp-content\/uploads\/2022\/01\/descarga.png","contentUrl":"https:\/\/potenciaradiofonicadominicana.com\/portal\/wp-content\/uploads\/2022\/01\/descarga.png","width":300,"height":100,"caption":"PotenciaRadiofonicaDominicana.com"},"image":{"@id":"https:\/\/potenciaradiofonicadominicana.com\/portal\/#\/schema\/logo\/image\/"},"sameAs":["https:\/\/web.facebook.com\/PotenciaRadiofonicaD"]},{"@type":"Person","@id":"https:\/\/potenciaradiofonicadominicana.com\/portal\/#\/schema\/person\/a5cf1fea13877803ee0573ac18b03490","name":"Potencia Radiof\u00f3nica Dominicana","image":{"@type":"ImageObject","inLanguage":"es","@id":"https:\/\/potenciaradiofonicadominicana.com\/portal\/#\/schema\/person\/image\/","url":"https:\/\/secure.gravatar.com\/avatar\/42a55ab9e8ccc656ba34cd791990602a?s=96&d=mm&r=g","contentUrl":"https:\/\/secure.gravatar.com\/avatar\/42a55ab9e8ccc656ba34cd791990602a?s=96&d=mm&r=g","caption":"Potencia Radiof\u00f3nica Dominicana"},"url":"https:\/\/potenciaradiofonicadominicana.com\/portal\/author\/johannyalmanzar\/"}]}},"_links":{"self":[{"href":"https:\/\/potenciaradiofonicadominicana.com\/portal\/wp-json\/wp\/v2\/posts\/214811","targetHints":{"allow":["GET"]}}],"collection":[{"href":"https:\/\/potenciaradiofonicadominicana.com\/portal\/wp-json\/wp\/v2\/posts"}],"about":[{"href":"https:\/\/potenciaradiofonicadominicana.com\/portal\/wp-json\/wp\/v2\/types\/post"}],"author":[{"embeddable":true,"href":"https:\/\/potenciaradiofonicadominicana.com\/portal\/wp-json\/wp\/v2\/users\/2"}],"replies":[{"embeddable":true,"href":"https:\/\/potenciaradiofonicadominicana.com\/portal\/wp-json\/wp\/v2\/comments?post=214811"}],"version-history":[{"count":1,"href":"https:\/\/potenciaradiofonicadominicana.com\/portal\/wp-json\/wp\/v2\/posts\/214811\/revisions"}],"predecessor-version":[{"id":214818,"href":"https:\/\/potenciaradiofonicadominicana.com\/portal\/wp-json\/wp\/v2\/posts\/214811\/revisions\/214818"}],"wp:featuredmedia":[{"embeddable":true,"href":"https:\/\/potenciaradiofonicadominicana.com\/portal\/wp-json\/wp\/v2\/media\/214813"}],"wp:attachment":[{"href":"https:\/\/potenciaradiofonicadominicana.com\/portal\/wp-json\/wp\/v2\/media?parent=214811"}],"wp:term":[{"taxonomy":"category","embeddable":true,"href":"https:\/\/potenciaradiofonicadominicana.com\/portal\/wp-json\/wp\/v2\/categories?post=214811"},{"taxonomy":"post_tag","embeddable":true,"href":"https:\/\/potenciaradiofonicadominicana.com\/portal\/wp-json\/wp\/v2\/tags?post=214811"}],"curies":[{"name":"wp","href":"https:\/\/api.w.org\/{rel}","templated":true}]}}