{"id":214809,"date":"2026-04-12T21:35:13","date_gmt":"2026-04-13T01:35:13","guid":{"rendered":"https:\/\/potenciaradiofonicadominicana.com\/portal\/?p=214809"},"modified":"2026-04-12T21:35:13","modified_gmt":"2026-04-13T01:35:13","slug":"rory-mcilroy-gana-el-masters-de-augusta-por-segundo-ano-consecutivo","status":"publish","type":"post","link":"https:\/\/potenciaradiofonicadominicana.com\/portal\/rory-mcilroy-gana-el-masters-de-augusta-por-segundo-ano-consecutivo\/","title":{"rendered":"Rory McIlroy gana el Masters de Augusta por segundo a\u00f1o consecutivo"},"content":{"rendered":"<p><a href=\"https:\/\/potenciaradiofonicadominicana.com\/portal\/wp-content\/uploads\/2026\/04\/Portada-5.webp\"><img loading=\"lazy\" decoding=\"async\" class=\"alignnone size-full wp-image-214812\" src=\"https:\/\/potenciaradiofonicadominicana.com\/portal\/wp-content\/uploads\/2026\/04\/Portada-5.webp\" alt=\"\" width=\"900\" height=\"600\" srcset=\"https:\/\/potenciaradiofonicadominicana.com\/portal\/wp-content\/uploads\/2026\/04\/Portada-5.webp 900w, https:\/\/potenciaradiofonicadominicana.com\/portal\/wp-content\/uploads\/2026\/04\/Portada-5-300x200.webp 300w, https:\/\/potenciaradiofonicadominicana.com\/portal\/wp-content\/uploads\/2026\/04\/Portada-5-768x512.webp 768w\" sizes=\"auto, (max-width: 900px) 100vw, 900px\" \/><\/a><\/p>\n<p>ESTADOS UNIDOS.- El golfista norirland\u00e9s Rory McIlroy conquist\u00f3 este domingo su segunda chaqueta verde consecutiva del Masters de Augusta con una ventaja de un solo golpe sobre el estadounidense Scottie Scheffler.<\/p>\n<p>McIlroy, que el a\u00f1o pasado alcanz\u00f3 en Augusta el \u00fanico t\u00edtulo de Grand Slam que le faltaba, se convirti\u00f3 en el cuarto campe\u00f3n en revalidar este emblem\u00e1tico trofeo de Grand Slam.<\/p>\n<p>Anteriormente \u00fanicamente lo lograron tres leyendas de este deporte: Jack Nicklaus (1965 y 1966), Nick Faldo (1989 y 1990) y Tiger Woods (2001 y 2002).<\/p>\n<p>McIlroy culmin\u00f3 la haza\u00f1a en una \u00faltima ronda en la que, tras comenzar en cabeza de la tabla, lleg\u00f3 a estar dos golpes por detr\u00e1s de dos distintos l\u00edderes provisionales, Cameron Young y Justin Rose.<\/p>\n<p>&nbsp;<\/p>\n<p>Este domingo, en un \u00faltimo recorrido convertido en monta\u00f1a rusa, la estrella europea prevaleci\u00f3 con una tarjeta de 71 golpes (1 bajo par) para un total de 276 golpes (-12).<\/p>\n<p>Por detr\u00e1s concluy\u00f3 Scheffer, que estuvo a punto de culminar una remontada hist\u00f3rica, y un grupo formado por los ingleses Justin Rose y Tyrrell Hatton y los estadounidenses Cameron Young y Russell Henley, todos ellos a tres golpes del ganador.<\/p>\n<p>A los 36 a\u00f1os, McIlroy sigue abri\u00e9ndose su propio espacio entre los grandes de la historia del golf, con un palmar\u00e9s que ahora luce seis t\u00edtulos de Grand Slam y 30 en total en su carrera.<\/p>\n","protected":false},"excerpt":{"rendered":"<p>ESTADOS UNIDOS.- El golfista norirland\u00e9s Rory McIlroy conquist\u00f3 este domingo su segunda chaqueta verde consecutiva del Masters de Augusta con &#8230;<\/p>\n","protected":false},"author":2,"featured_media":214812,"comment_status":"closed","ping_status":"closed","sticky":false,"template":"","format":"standard","meta":{"footnotes":""},"categories":[28],"tags":[],"class_list":["post-214809","post","type-post","status-publish","format-standard","has-post-thumbnail","hentry","category-deportes"],"yoast_head":"<!-- This site is optimized with the Yoast SEO plugin v24.8.1 - https:\/\/yoast.com\/wordpress\/plugins\/seo\/ -->\n<title>Rory McIlroy gana el Masters de Augusta por segundo a\u00f1o consecutivo - PotenciaRadiofonicaDominicana.com<\/title>\n<meta name=\"robots\" content=\"index, follow, max-snippet:-1, max-image-preview:large, max-video-preview:-1\" \/>\n<link rel=\"canonical\" href=\"https:\/\/potenciaradiofonicadominicana.com\/portal\/rory-mcilroy-gana-el-masters-de-augusta-por-segundo-ano-consecutivo\/\" \/>\n<meta property=\"og:locale\" content=\"es_ES\" \/>\n<meta property=\"og:type\" content=\"article\" \/>\n<meta property=\"og:title\" content=\"Rory McIlroy gana el Masters de Augusta por segundo a\u00f1o consecutivo - PotenciaRadiofonicaDominicana.com\" \/>\n<meta property=\"og:description\" content=\"ESTADOS UNIDOS.- El golfista norirland\u00e9s Rory McIlroy conquist\u00f3 este domingo su segunda chaqueta verde consecutiva del Masters de Augusta con ...\" \/>\n<meta property=\"og:url\" content=\"https:\/\/potenciaradiofonicadominicana.com\/portal\/rory-mcilroy-gana-el-masters-de-augusta-por-segundo-ano-consecutivo\/\" \/>\n<meta property=\"og:site_name\" content=\"PotenciaRadiofonicaDominicana.com\" \/>\n<meta property=\"article:publisher\" content=\"https:\/\/web.facebook.com\/PotenciaRadiofonicaD\" \/>\n<meta property=\"article:published_time\" content=\"2026-04-13T01:35:13+00:00\" \/>\n<meta property=\"og:image\" content=\"https:\/\/potenciaradiofonicadominicana.com\/portal\/wp-content\/uploads\/2026\/04\/Portada-5.webp\" \/>\n\t<meta property=\"og:image:width\" content=\"900\" \/>\n\t<meta property=\"og:image:height\" content=\"600\" \/>\n\t<meta property=\"og:image:type\" content=\"image\/webp\" \/>\n<meta name=\"author\" content=\"Potencia Radiof\u00f3nica Dominicana\" \/>\n<meta name=\"twitter:card\" content=\"summary_large_image\" \/>\n<meta name=\"twitter:label1\" content=\"Escrito por\" \/>\n\t<meta name=\"twitter:data1\" content=\"Potencia Radiof\u00f3nica Dominicana\" \/>\n\t<meta name=\"twitter:label2\" content=\"Tiempo de lectura\" \/>\n\t<meta name=\"twitter:data2\" content=\"2 minutos\" \/>\n<script type=\"application\/ld+json\" class=\"yoast-schema-graph\">{\"@context\":\"https:\/\/schema.org\",\"@graph\":[{\"@type\":\"Article\",\"@id\":\"https:\/\/potenciaradiofonicadominicana.com\/portal\/rory-mcilroy-gana-el-masters-de-augusta-por-segundo-ano-consecutivo\/#article\",\"isPartOf\":{\"@id\":\"https:\/\/potenciaradiofonicadominicana.com\/portal\/rory-mcilroy-gana-el-masters-de-augusta-por-segundo-ano-consecutivo\/\"},\"author\":{\"name\":\"Potencia Radiof\u00f3nica Dominicana\",\"@id\":\"https:\/\/potenciaradiofonicadominicana.com\/portal\/#\/schema\/person\/a5cf1fea13877803ee0573ac18b03490\"},\"headline\":\"Rory McIlroy gana el Masters de Augusta por segundo a\u00f1o consecutivo\",\"datePublished\":\"2026-04-13T01:35:13+00:00\",\"mainEntityOfPage\":{\"@id\":\"https:\/\/potenciaradiofonicadominicana.com\/portal\/rory-mcilroy-gana-el-masters-de-augusta-por-segundo-ano-consecutivo\/\"},\"wordCount\":246,\"publisher\":{\"@id\":\"https:\/\/potenciaradiofonicadominicana.com\/portal\/#organization\"},\"image\":{\"@id\":\"https:\/\/potenciaradiofonicadominicana.com\/portal\/rory-mcilroy-gana-el-masters-de-augusta-por-segundo-ano-consecutivo\/#primaryimage\"},\"thumbnailUrl\":\"https:\/\/potenciaradiofonicadominicana.com\/portal\/wp-content\/uploads\/2026\/04\/Portada-5.webp\",\"articleSection\":[\"Deportes\"],\"inLanguage\":\"es\"},{\"@type\":\"WebPage\",\"@id\":\"https:\/\/potenciaradiofonicadominicana.com\/portal\/rory-mcilroy-gana-el-masters-de-augusta-por-segundo-ano-consecutivo\/\",\"url\":\"https:\/\/potenciaradiofonicadominicana.com\/portal\/rory-mcilroy-gana-el-masters-de-augusta-por-segundo-ano-consecutivo\/\",\"name\":\"Rory McIlroy gana el Masters de Augusta por segundo a\u00f1o consecutivo - PotenciaRadiofonicaDominicana.com\",\"isPartOf\":{\"@id\":\"https:\/\/potenciaradiofonicadominicana.com\/portal\/#website\"},\"primaryImageOfPage\":{\"@id\":\"https:\/\/potenciaradiofonicadominicana.com\/portal\/rory-mcilroy-gana-el-masters-de-augusta-por-segundo-ano-consecutivo\/#primaryimage\"},\"image\":{\"@id\":\"https:\/\/potenciaradiofonicadominicana.com\/portal\/rory-mcilroy-gana-el-masters-de-augusta-por-segundo-ano-consecutivo\/#primaryimage\"},\"thumbnailUrl\":\"https:\/\/potenciaradiofonicadominicana.com\/portal\/wp-content\/uploads\/2026\/04\/Portada-5.webp\",\"datePublished\":\"2026-04-13T01:35:13+00:00\",\"breadcrumb\":{\"@id\":\"https:\/\/potenciaradiofonicadominicana.com\/portal\/rory-mcilroy-gana-el-masters-de-augusta-por-segundo-ano-consecutivo\/#breadcrumb\"},\"inLanguage\":\"es\",\"potentialAction\":[{\"@type\":\"ReadAction\",\"target\":[\"https:\/\/potenciaradiofonicadominicana.com\/portal\/rory-mcilroy-gana-el-masters-de-augusta-por-segundo-ano-consecutivo\/\"]}]},{\"@type\":\"ImageObject\",\"inLanguage\":\"es\",\"@id\":\"https:\/\/potenciaradiofonicadominicana.com\/portal\/rory-mcilroy-gana-el-masters-de-augusta-por-segundo-ano-consecutivo\/#primaryimage\",\"url\":\"https:\/\/potenciaradiofonicadominicana.com\/portal\/wp-content\/uploads\/2026\/04\/Portada-5.webp\",\"contentUrl\":\"https:\/\/potenciaradiofonicadominicana.com\/portal\/wp-content\/uploads\/2026\/04\/Portada-5.webp\",\"width\":900,\"height\":600},{\"@type\":\"BreadcrumbList\",\"@id\":\"https:\/\/potenciaradiofonicadominicana.com\/portal\/rory-mcilroy-gana-el-masters-de-augusta-por-segundo-ano-consecutivo\/#breadcrumb\",\"itemListElement\":[{\"@type\":\"ListItem\",\"position\":1,\"name\":\"Portada\",\"item\":\"https:\/\/potenciaradiofonicadominicana.com\/portal\/\"},{\"@type\":\"ListItem\",\"position\":2,\"name\":\"Rory McIlroy gana el Masters de Augusta por segundo a\u00f1o consecutivo\"}]},{\"@type\":\"WebSite\",\"@id\":\"https:\/\/potenciaradiofonicadominicana.com\/portal\/#website\",\"url\":\"https:\/\/potenciaradiofonicadominicana.com\/portal\/\",\"name\":\"PotenciaRadiofonicaDominicana.com\",\"description\":\"Peri\u00f3dico Digital\",\"publisher\":{\"@id\":\"https:\/\/potenciaradiofonicadominicana.com\/portal\/#organization\"},\"potentialAction\":[{\"@type\":\"SearchAction\",\"target\":{\"@type\":\"EntryPoint\",\"urlTemplate\":\"https:\/\/potenciaradiofonicadominicana.com\/portal\/?s={search_term_string}\"},\"query-input\":{\"@type\":\"PropertyValueSpecification\",\"valueRequired\":true,\"valueName\":\"search_term_string\"}}],\"inLanguage\":\"es\"},{\"@type\":\"Organization\",\"@id\":\"https:\/\/potenciaradiofonicadominicana.com\/portal\/#organization\",\"name\":\"PotenciaRadiofonicaDominicana.com\",\"url\":\"https:\/\/potenciaradiofonicadominicana.com\/portal\/\",\"logo\":{\"@type\":\"ImageObject\",\"inLanguage\":\"es\",\"@id\":\"https:\/\/potenciaradiofonicadominicana.com\/portal\/#\/schema\/logo\/image\/\",\"url\":\"https:\/\/potenciaradiofonicadominicana.com\/portal\/wp-content\/uploads\/2022\/01\/descarga.png\",\"contentUrl\":\"https:\/\/potenciaradiofonicadominicana.com\/portal\/wp-content\/uploads\/2022\/01\/descarga.png\",\"width\":300,\"height\":100,\"caption\":\"PotenciaRadiofonicaDominicana.com\"},\"image\":{\"@id\":\"https:\/\/potenciaradiofonicadominicana.com\/portal\/#\/schema\/logo\/image\/\"},\"sameAs\":[\"https:\/\/web.facebook.com\/PotenciaRadiofonicaD\"]},{\"@type\":\"Person\",\"@id\":\"https:\/\/potenciaradiofonicadominicana.com\/portal\/#\/schema\/person\/a5cf1fea13877803ee0573ac18b03490\",\"name\":\"Potencia Radiof\u00f3nica Dominicana\",\"image\":{\"@type\":\"ImageObject\",\"inLanguage\":\"es\",\"@id\":\"https:\/\/potenciaradiofonicadominicana.com\/portal\/#\/schema\/person\/image\/\",\"url\":\"https:\/\/secure.gravatar.com\/avatar\/42a55ab9e8ccc656ba34cd791990602a?s=96&d=mm&r=g\",\"contentUrl\":\"https:\/\/secure.gravatar.com\/avatar\/42a55ab9e8ccc656ba34cd791990602a?s=96&d=mm&r=g\",\"caption\":\"Potencia Radiof\u00f3nica Dominicana\"},\"url\":\"https:\/\/potenciaradiofonicadominicana.com\/portal\/author\/johannyalmanzar\/\"}]}<\/script>\n<!-- \/ Yoast SEO plugin. -->","yoast_head_json":{"title":"Rory McIlroy gana el Masters de Augusta por segundo a\u00f1o consecutivo - PotenciaRadiofonicaDominicana.com","robots":{"index":"index","follow":"follow","max-snippet":"max-snippet:-1","max-image-preview":"max-image-preview:large","max-video-preview":"max-video-preview:-1"},"canonical":"https:\/\/potenciaradiofonicadominicana.com\/portal\/rory-mcilroy-gana-el-masters-de-augusta-por-segundo-ano-consecutivo\/","og_locale":"es_ES","og_type":"article","og_title":"Rory McIlroy gana el Masters de Augusta por segundo a\u00f1o consecutivo - PotenciaRadiofonicaDominicana.com","og_description":"ESTADOS UNIDOS.- El golfista norirland\u00e9s Rory McIlroy conquist\u00f3 este domingo su segunda chaqueta verde consecutiva del Masters de Augusta con ...","og_url":"https:\/\/potenciaradiofonicadominicana.com\/portal\/rory-mcilroy-gana-el-masters-de-augusta-por-segundo-ano-consecutivo\/","og_site_name":"PotenciaRadiofonicaDominicana.com","article_publisher":"https:\/\/web.facebook.com\/PotenciaRadiofonicaD","article_published_time":"2026-04-13T01:35:13+00:00","og_image":[{"width":900,"height":600,"url":"https:\/\/potenciaradiofonicadominicana.com\/portal\/wp-content\/uploads\/2026\/04\/Portada-5.webp","type":"image\/webp"}],"author":"Potencia Radiof\u00f3nica Dominicana","twitter_card":"summary_large_image","twitter_misc":{"Escrito por":"Potencia Radiof\u00f3nica Dominicana","Tiempo de lectura":"2 minutos"},"schema":{"@context":"https:\/\/schema.org","@graph":[{"@type":"Article","@id":"https:\/\/potenciaradiofonicadominicana.com\/portal\/rory-mcilroy-gana-el-masters-de-augusta-por-segundo-ano-consecutivo\/#article","isPartOf":{"@id":"https:\/\/potenciaradiofonicadominicana.com\/portal\/rory-mcilroy-gana-el-masters-de-augusta-por-segundo-ano-consecutivo\/"},"author":{"name":"Potencia Radiof\u00f3nica Dominicana","@id":"https:\/\/potenciaradiofonicadominicana.com\/portal\/#\/schema\/person\/a5cf1fea13877803ee0573ac18b03490"},"headline":"Rory McIlroy gana el Masters de Augusta por segundo a\u00f1o consecutivo","datePublished":"2026-04-13T01:35:13+00:00","mainEntityOfPage":{"@id":"https:\/\/potenciaradiofonicadominicana.com\/portal\/rory-mcilroy-gana-el-masters-de-augusta-por-segundo-ano-consecutivo\/"},"wordCount":246,"publisher":{"@id":"https:\/\/potenciaradiofonicadominicana.com\/portal\/#organization"},"image":{"@id":"https:\/\/potenciaradiofonicadominicana.com\/portal\/rory-mcilroy-gana-el-masters-de-augusta-por-segundo-ano-consecutivo\/#primaryimage"},"thumbnailUrl":"https:\/\/potenciaradiofonicadominicana.com\/portal\/wp-content\/uploads\/2026\/04\/Portada-5.webp","articleSection":["Deportes"],"inLanguage":"es"},{"@type":"WebPage","@id":"https:\/\/potenciaradiofonicadominicana.com\/portal\/rory-mcilroy-gana-el-masters-de-augusta-por-segundo-ano-consecutivo\/","url":"https:\/\/potenciaradiofonicadominicana.com\/portal\/rory-mcilroy-gana-el-masters-de-augusta-por-segundo-ano-consecutivo\/","name":"Rory McIlroy gana el Masters de Augusta por segundo a\u00f1o consecutivo - PotenciaRadiofonicaDominicana.com","isPartOf":{"@id":"https:\/\/potenciaradiofonicadominicana.com\/portal\/#website"},"primaryImageOfPage":{"@id":"https:\/\/potenciaradiofonicadominicana.com\/portal\/rory-mcilroy-gana-el-masters-de-augusta-por-segundo-ano-consecutivo\/#primaryimage"},"image":{"@id":"https:\/\/potenciaradiofonicadominicana.com\/portal\/rory-mcilroy-gana-el-masters-de-augusta-por-segundo-ano-consecutivo\/#primaryimage"},"thumbnailUrl":"https:\/\/potenciaradiofonicadominicana.com\/portal\/wp-content\/uploads\/2026\/04\/Portada-5.webp","datePublished":"2026-04-13T01:35:13+00:00","breadcrumb":{"@id":"https:\/\/potenciaradiofonicadominicana.com\/portal\/rory-mcilroy-gana-el-masters-de-augusta-por-segundo-ano-consecutivo\/#breadcrumb"},"inLanguage":"es","potentialAction":[{"@type":"ReadAction","target":["https:\/\/potenciaradiofonicadominicana.com\/portal\/rory-mcilroy-gana-el-masters-de-augusta-por-segundo-ano-consecutivo\/"]}]},{"@type":"ImageObject","inLanguage":"es","@id":"https:\/\/potenciaradiofonicadominicana.com\/portal\/rory-mcilroy-gana-el-masters-de-augusta-por-segundo-ano-consecutivo\/#primaryimage","url":"https:\/\/potenciaradiofonicadominicana.com\/portal\/wp-content\/uploads\/2026\/04\/Portada-5.webp","contentUrl":"https:\/\/potenciaradiofonicadominicana.com\/portal\/wp-content\/uploads\/2026\/04\/Portada-5.webp","width":900,"height":600},{"@type":"BreadcrumbList","@id":"https:\/\/potenciaradiofonicadominicana.com\/portal\/rory-mcilroy-gana-el-masters-de-augusta-por-segundo-ano-consecutivo\/#breadcrumb","itemListElement":[{"@type":"ListItem","position":1,"name":"Portada","item":"https:\/\/potenciaradiofonicadominicana.com\/portal\/"},{"@type":"ListItem","position":2,"name":"Rory McIlroy gana el Masters de Augusta por segundo a\u00f1o consecutivo"}]},{"@type":"WebSite","@id":"https:\/\/potenciaradiofonicadominicana.com\/portal\/#website","url":"https:\/\/potenciaradiofonicadominicana.com\/portal\/","name":"PotenciaRadiofonicaDominicana.com","description":"Peri\u00f3dico Digital","publisher":{"@id":"https:\/\/potenciaradiofonicadominicana.com\/portal\/#organization"},"potentialAction":[{"@type":"SearchAction","target":{"@type":"EntryPoint","urlTemplate":"https:\/\/potenciaradiofonicadominicana.com\/portal\/?s={search_term_string}"},"query-input":{"@type":"PropertyValueSpecification","valueRequired":true,"valueName":"search_term_string"}}],"inLanguage":"es"},{"@type":"Organization","@id":"https:\/\/potenciaradiofonicadominicana.com\/portal\/#organization","name":"PotenciaRadiofonicaDominicana.com","url":"https:\/\/potenciaradiofonicadominicana.com\/portal\/","logo":{"@type":"ImageObject","inLanguage":"es","@id":"https:\/\/potenciaradiofonicadominicana.com\/portal\/#\/schema\/logo\/image\/","url":"https:\/\/potenciaradiofonicadominicana.com\/portal\/wp-content\/uploads\/2022\/01\/descarga.png","contentUrl":"https:\/\/potenciaradiofonicadominicana.com\/portal\/wp-content\/uploads\/2022\/01\/descarga.png","width":300,"height":100,"caption":"PotenciaRadiofonicaDominicana.com"},"image":{"@id":"https:\/\/potenciaradiofonicadominicana.com\/portal\/#\/schema\/logo\/image\/"},"sameAs":["https:\/\/web.facebook.com\/PotenciaRadiofonicaD"]},{"@type":"Person","@id":"https:\/\/potenciaradiofonicadominicana.com\/portal\/#\/schema\/person\/a5cf1fea13877803ee0573ac18b03490","name":"Potencia Radiof\u00f3nica Dominicana","image":{"@type":"ImageObject","inLanguage":"es","@id":"https:\/\/potenciaradiofonicadominicana.com\/portal\/#\/schema\/person\/image\/","url":"https:\/\/secure.gravatar.com\/avatar\/42a55ab9e8ccc656ba34cd791990602a?s=96&d=mm&r=g","contentUrl":"https:\/\/secure.gravatar.com\/avatar\/42a55ab9e8ccc656ba34cd791990602a?s=96&d=mm&r=g","caption":"Potencia Radiof\u00f3nica Dominicana"},"url":"https:\/\/potenciaradiofonicadominicana.com\/portal\/author\/johannyalmanzar\/"}]}},"_links":{"self":[{"href":"https:\/\/potenciaradiofonicadominicana.com\/portal\/wp-json\/wp\/v2\/posts\/214809","targetHints":{"allow":["GET"]}}],"collection":[{"href":"https:\/\/potenciaradiofonicadominicana.com\/portal\/wp-json\/wp\/v2\/posts"}],"about":[{"href":"https:\/\/potenciaradiofonicadominicana.com\/portal\/wp-json\/wp\/v2\/types\/post"}],"author":[{"embeddable":true,"href":"https:\/\/potenciaradiofonicadominicana.com\/portal\/wp-json\/wp\/v2\/users\/2"}],"replies":[{"embeddable":true,"href":"https:\/\/potenciaradiofonicadominicana.com\/portal\/wp-json\/wp\/v2\/comments?post=214809"}],"version-history":[{"count":1,"href":"https:\/\/potenciaradiofonicadominicana.com\/portal\/wp-json\/wp\/v2\/posts\/214809\/revisions"}],"predecessor-version":[{"id":214814,"href":"https:\/\/potenciaradiofonicadominicana.com\/portal\/wp-json\/wp\/v2\/posts\/214809\/revisions\/214814"}],"wp:featuredmedia":[{"embeddable":true,"href":"https:\/\/potenciaradiofonicadominicana.com\/portal\/wp-json\/wp\/v2\/media\/214812"}],"wp:attachment":[{"href":"https:\/\/potenciaradiofonicadominicana.com\/portal\/wp-json\/wp\/v2\/media?parent=214809"}],"wp:term":[{"taxonomy":"category","embeddable":true,"href":"https:\/\/potenciaradiofonicadominicana.com\/portal\/wp-json\/wp\/v2\/categories?post=214809"},{"taxonomy":"post_tag","embeddable":true,"href":"https:\/\/potenciaradiofonicadominicana.com\/portal\/wp-json\/wp\/v2\/tags?post=214809"}],"curies":[{"name":"wp","href":"https:\/\/api.w.org\/{rel}","templated":true}]}}