{"id":214803,"date":"2026-04-12T21:32:55","date_gmt":"2026-04-13T01:32:55","guid":{"rendered":"https:\/\/potenciaradiofonicadominicana.com\/portal\/?p=214803"},"modified":"2026-04-12T21:32:55","modified_gmt":"2026-04-13T01:32:55","slug":"republica-dominicana-gana-4-oro-en-el-open-de-taekwondo","status":"publish","type":"post","link":"https:\/\/potenciaradiofonicadominicana.com\/portal\/republica-dominicana-gana-4-oro-en-el-open-de-taekwondo\/","title":{"rendered":"Rep\u00fablica Dominicana gana 4 oro en el Open de Taekwondo"},"content":{"rendered":"<p><a href=\"https:\/\/potenciaradiofonicadominicana.com\/portal\/wp-content\/uploads\/2026\/04\/920ccc75-fe85-478f-b78c-a87984b6da1b-1024x682-1.webp\"><img loading=\"lazy\" decoding=\"async\" class=\"alignnone size-full wp-image-214806\" src=\"https:\/\/potenciaradiofonicadominicana.com\/portal\/wp-content\/uploads\/2026\/04\/920ccc75-fe85-478f-b78c-a87984b6da1b-1024x682-1.webp\" alt=\"\" width=\"1024\" height=\"682\" srcset=\"https:\/\/potenciaradiofonicadominicana.com\/portal\/wp-content\/uploads\/2026\/04\/920ccc75-fe85-478f-b78c-a87984b6da1b-1024x682-1.webp 1024w, https:\/\/potenciaradiofonicadominicana.com\/portal\/wp-content\/uploads\/2026\/04\/920ccc75-fe85-478f-b78c-a87984b6da1b-1024x682-1-300x200.webp 300w, https:\/\/potenciaradiofonicadominicana.com\/portal\/wp-content\/uploads\/2026\/04\/920ccc75-fe85-478f-b78c-a87984b6da1b-1024x682-1-768x512.webp 768w\" sizes=\"auto, (max-width: 1024px) 100vw, 1024px\" \/><\/a><\/p>\n<p>Rep\u00fablica Dominicana onde\u00f3 su bandera en lo m\u00e1s alto del podio en cuatro ocasiones, durante el Dominican Open en Dominican Open de Taekwondo 2026<\/p>\n<p>Esa ha sido una actuaci\u00f3n hist\u00f3rica que posicion\u00f3 al pa\u00eds en el tercer lugar del medallero general, solo por detr\u00e1s de M\u00e9xico (primer lugar) y Puerto Rico (segundo lugar).<\/p>\n<p>El evento, que finaliz\u00f3 ayer, tuvo como escenario el Pabell\u00f3n de Esgrima donde previamente se efectu\u00f3 el Clasificatorio para los Juegos Centroamericanos y del Caribe Santo Domingo 2026.<\/p>\n<p>La delegaci\u00f3n dominicana brill\u00f3 con luz propia gracias a la entrega de sus atletas Sebasti\u00e1n Garc\u00eda, Yunior Jos\u00e9 Fabi\u00e1n, Frank Raylin y Wander Gonz\u00e1lez, quienes se alzaron con la medalla de oro de sus respectivas modalidades.<\/p>\n<p>Sebasti\u00e1n result\u00f3 el campe\u00f3n en la categor\u00eda Cadete masculino 45 kilogramos. Fabi\u00e1n gan\u00f3 oro en la divisi\u00f3n Junior 55 kilos, y Raylin en junior masculino 59 kilos. Gonz\u00e1lez, oro en los menos 68 kilos.<br \/>\nEl presidente de la Federaci\u00f3n, Miguel Camacho, resalt\u00f3 la organizaci\u00f3n y el nivel competitivo mostrado en este evento sit\u00faan al pa\u00eds en un nivel de excelencia internacional.<\/p>\n<p>Otros dominicanos que subieron al podio del Dominican Open, fueron los destacados Bernardo Pie, Nahomy V\u00edctor, Pedro Luis Mart\u00ednez, Madelyn Rodr\u00edguez, Katherine Rodr\u00edguez, y Wilfrido de la Cruz.<\/p>\n","protected":false},"excerpt":{"rendered":"<p>Rep\u00fablica Dominicana onde\u00f3 su bandera en lo m\u00e1s alto del podio en cuatro ocasiones, durante el Dominican Open en Dominican &#8230;<\/p>\n","protected":false},"author":2,"featured_media":214806,"comment_status":"closed","ping_status":"closed","sticky":false,"template":"","format":"standard","meta":{"footnotes":""},"categories":[28],"tags":[],"class_list":["post-214803","post","type-post","status-publish","format-standard","has-post-thumbnail","hentry","category-deportes"],"yoast_head":"<!-- This site is optimized with the Yoast SEO plugin v24.8.1 - https:\/\/yoast.com\/wordpress\/plugins\/seo\/ -->\n<title>Rep\u00fablica Dominicana gana 4 oro en el Open de Taekwondo - PotenciaRadiofonicaDominicana.com<\/title>\n<meta name=\"robots\" content=\"index, follow, max-snippet:-1, max-image-preview:large, max-video-preview:-1\" \/>\n<link rel=\"canonical\" href=\"https:\/\/potenciaradiofonicadominicana.com\/portal\/republica-dominicana-gana-4-oro-en-el-open-de-taekwondo\/\" \/>\n<meta property=\"og:locale\" content=\"es_ES\" \/>\n<meta property=\"og:type\" content=\"article\" \/>\n<meta property=\"og:title\" content=\"Rep\u00fablica Dominicana gana 4 oro en el Open de Taekwondo - PotenciaRadiofonicaDominicana.com\" \/>\n<meta property=\"og:description\" content=\"Rep\u00fablica Dominicana onde\u00f3 su bandera en lo m\u00e1s alto del podio en cuatro ocasiones, durante el Dominican Open en Dominican ...\" \/>\n<meta property=\"og:url\" content=\"https:\/\/potenciaradiofonicadominicana.com\/portal\/republica-dominicana-gana-4-oro-en-el-open-de-taekwondo\/\" \/>\n<meta property=\"og:site_name\" content=\"PotenciaRadiofonicaDominicana.com\" \/>\n<meta property=\"article:publisher\" content=\"https:\/\/web.facebook.com\/PotenciaRadiofonicaD\" \/>\n<meta property=\"article:published_time\" content=\"2026-04-13T01:32:55+00:00\" \/>\n<meta property=\"og:image\" content=\"https:\/\/potenciaradiofonicadominicana.com\/portal\/wp-content\/uploads\/2026\/04\/920ccc75-fe85-478f-b78c-a87984b6da1b-1024x682-1.webp\" \/>\n\t<meta property=\"og:image:width\" content=\"1024\" \/>\n\t<meta property=\"og:image:height\" content=\"682\" \/>\n\t<meta property=\"og:image:type\" content=\"image\/webp\" \/>\n<meta name=\"author\" content=\"Potencia Radiof\u00f3nica Dominicana\" \/>\n<meta name=\"twitter:card\" content=\"summary_large_image\" \/>\n<meta name=\"twitter:label1\" content=\"Escrito por\" \/>\n\t<meta name=\"twitter:data1\" content=\"Potencia Radiof\u00f3nica Dominicana\" \/>\n\t<meta name=\"twitter:label2\" content=\"Tiempo de lectura\" \/>\n\t<meta name=\"twitter:data2\" content=\"2 minutos\" \/>\n<script type=\"application\/ld+json\" class=\"yoast-schema-graph\">{\"@context\":\"https:\/\/schema.org\",\"@graph\":[{\"@type\":\"Article\",\"@id\":\"https:\/\/potenciaradiofonicadominicana.com\/portal\/republica-dominicana-gana-4-oro-en-el-open-de-taekwondo\/#article\",\"isPartOf\":{\"@id\":\"https:\/\/potenciaradiofonicadominicana.com\/portal\/republica-dominicana-gana-4-oro-en-el-open-de-taekwondo\/\"},\"author\":{\"name\":\"Potencia Radiof\u00f3nica Dominicana\",\"@id\":\"https:\/\/potenciaradiofonicadominicana.com\/portal\/#\/schema\/person\/a5cf1fea13877803ee0573ac18b03490\"},\"headline\":\"Rep\u00fablica Dominicana gana 4 oro en el Open de Taekwondo\",\"datePublished\":\"2026-04-13T01:32:55+00:00\",\"mainEntityOfPage\":{\"@id\":\"https:\/\/potenciaradiofonicadominicana.com\/portal\/republica-dominicana-gana-4-oro-en-el-open-de-taekwondo\/\"},\"wordCount\":237,\"publisher\":{\"@id\":\"https:\/\/potenciaradiofonicadominicana.com\/portal\/#organization\"},\"image\":{\"@id\":\"https:\/\/potenciaradiofonicadominicana.com\/portal\/republica-dominicana-gana-4-oro-en-el-open-de-taekwondo\/#primaryimage\"},\"thumbnailUrl\":\"https:\/\/potenciaradiofonicadominicana.com\/portal\/wp-content\/uploads\/2026\/04\/920ccc75-fe85-478f-b78c-a87984b6da1b-1024x682-1.webp\",\"articleSection\":[\"Deportes\"],\"inLanguage\":\"es\"},{\"@type\":\"WebPage\",\"@id\":\"https:\/\/potenciaradiofonicadominicana.com\/portal\/republica-dominicana-gana-4-oro-en-el-open-de-taekwondo\/\",\"url\":\"https:\/\/potenciaradiofonicadominicana.com\/portal\/republica-dominicana-gana-4-oro-en-el-open-de-taekwondo\/\",\"name\":\"Rep\u00fablica Dominicana gana 4 oro en el Open de Taekwondo - PotenciaRadiofonicaDominicana.com\",\"isPartOf\":{\"@id\":\"https:\/\/potenciaradiofonicadominicana.com\/portal\/#website\"},\"primaryImageOfPage\":{\"@id\":\"https:\/\/potenciaradiofonicadominicana.com\/portal\/republica-dominicana-gana-4-oro-en-el-open-de-taekwondo\/#primaryimage\"},\"image\":{\"@id\":\"https:\/\/potenciaradiofonicadominicana.com\/portal\/republica-dominicana-gana-4-oro-en-el-open-de-taekwondo\/#primaryimage\"},\"thumbnailUrl\":\"https:\/\/potenciaradiofonicadominicana.com\/portal\/wp-content\/uploads\/2026\/04\/920ccc75-fe85-478f-b78c-a87984b6da1b-1024x682-1.webp\",\"datePublished\":\"2026-04-13T01:32:55+00:00\",\"breadcrumb\":{\"@id\":\"https:\/\/potenciaradiofonicadominicana.com\/portal\/republica-dominicana-gana-4-oro-en-el-open-de-taekwondo\/#breadcrumb\"},\"inLanguage\":\"es\",\"potentialAction\":[{\"@type\":\"ReadAction\",\"target\":[\"https:\/\/potenciaradiofonicadominicana.com\/portal\/republica-dominicana-gana-4-oro-en-el-open-de-taekwondo\/\"]}]},{\"@type\":\"ImageObject\",\"inLanguage\":\"es\",\"@id\":\"https:\/\/potenciaradiofonicadominicana.com\/portal\/republica-dominicana-gana-4-oro-en-el-open-de-taekwondo\/#primaryimage\",\"url\":\"https:\/\/potenciaradiofonicadominicana.com\/portal\/wp-content\/uploads\/2026\/04\/920ccc75-fe85-478f-b78c-a87984b6da1b-1024x682-1.webp\",\"contentUrl\":\"https:\/\/potenciaradiofonicadominicana.com\/portal\/wp-content\/uploads\/2026\/04\/920ccc75-fe85-478f-b78c-a87984b6da1b-1024x682-1.webp\",\"width\":1024,\"height\":682},{\"@type\":\"BreadcrumbList\",\"@id\":\"https:\/\/potenciaradiofonicadominicana.com\/portal\/republica-dominicana-gana-4-oro-en-el-open-de-taekwondo\/#breadcrumb\",\"itemListElement\":[{\"@type\":\"ListItem\",\"position\":1,\"name\":\"Portada\",\"item\":\"https:\/\/potenciaradiofonicadominicana.com\/portal\/\"},{\"@type\":\"ListItem\",\"position\":2,\"name\":\"Rep\u00fablica Dominicana gana 4 oro en el Open de Taekwondo\"}]},{\"@type\":\"WebSite\",\"@id\":\"https:\/\/potenciaradiofonicadominicana.com\/portal\/#website\",\"url\":\"https:\/\/potenciaradiofonicadominicana.com\/portal\/\",\"name\":\"PotenciaRadiofonicaDominicana.com\",\"description\":\"Peri\u00f3dico Digital\",\"publisher\":{\"@id\":\"https:\/\/potenciaradiofonicadominicana.com\/portal\/#organization\"},\"potentialAction\":[{\"@type\":\"SearchAction\",\"target\":{\"@type\":\"EntryPoint\",\"urlTemplate\":\"https:\/\/potenciaradiofonicadominicana.com\/portal\/?s={search_term_string}\"},\"query-input\":{\"@type\":\"PropertyValueSpecification\",\"valueRequired\":true,\"valueName\":\"search_term_string\"}}],\"inLanguage\":\"es\"},{\"@type\":\"Organization\",\"@id\":\"https:\/\/potenciaradiofonicadominicana.com\/portal\/#organization\",\"name\":\"PotenciaRadiofonicaDominicana.com\",\"url\":\"https:\/\/potenciaradiofonicadominicana.com\/portal\/\",\"logo\":{\"@type\":\"ImageObject\",\"inLanguage\":\"es\",\"@id\":\"https:\/\/potenciaradiofonicadominicana.com\/portal\/#\/schema\/logo\/image\/\",\"url\":\"https:\/\/potenciaradiofonicadominicana.com\/portal\/wp-content\/uploads\/2022\/01\/descarga.png\",\"contentUrl\":\"https:\/\/potenciaradiofonicadominicana.com\/portal\/wp-content\/uploads\/2022\/01\/descarga.png\",\"width\":300,\"height\":100,\"caption\":\"PotenciaRadiofonicaDominicana.com\"},\"image\":{\"@id\":\"https:\/\/potenciaradiofonicadominicana.com\/portal\/#\/schema\/logo\/image\/\"},\"sameAs\":[\"https:\/\/web.facebook.com\/PotenciaRadiofonicaD\"]},{\"@type\":\"Person\",\"@id\":\"https:\/\/potenciaradiofonicadominicana.com\/portal\/#\/schema\/person\/a5cf1fea13877803ee0573ac18b03490\",\"name\":\"Potencia Radiof\u00f3nica Dominicana\",\"image\":{\"@type\":\"ImageObject\",\"inLanguage\":\"es\",\"@id\":\"https:\/\/potenciaradiofonicadominicana.com\/portal\/#\/schema\/person\/image\/\",\"url\":\"https:\/\/secure.gravatar.com\/avatar\/42a55ab9e8ccc656ba34cd791990602a?s=96&d=mm&r=g\",\"contentUrl\":\"https:\/\/secure.gravatar.com\/avatar\/42a55ab9e8ccc656ba34cd791990602a?s=96&d=mm&r=g\",\"caption\":\"Potencia Radiof\u00f3nica Dominicana\"},\"url\":\"https:\/\/potenciaradiofonicadominicana.com\/portal\/author\/johannyalmanzar\/\"}]}<\/script>\n<!-- \/ Yoast SEO plugin. -->","yoast_head_json":{"title":"Rep\u00fablica Dominicana gana 4 oro en el Open de Taekwondo - PotenciaRadiofonicaDominicana.com","robots":{"index":"index","follow":"follow","max-snippet":"max-snippet:-1","max-image-preview":"max-image-preview:large","max-video-preview":"max-video-preview:-1"},"canonical":"https:\/\/potenciaradiofonicadominicana.com\/portal\/republica-dominicana-gana-4-oro-en-el-open-de-taekwondo\/","og_locale":"es_ES","og_type":"article","og_title":"Rep\u00fablica Dominicana gana 4 oro en el Open de Taekwondo - PotenciaRadiofonicaDominicana.com","og_description":"Rep\u00fablica Dominicana onde\u00f3 su bandera en lo m\u00e1s alto del podio en cuatro ocasiones, durante el Dominican Open en Dominican ...","og_url":"https:\/\/potenciaradiofonicadominicana.com\/portal\/republica-dominicana-gana-4-oro-en-el-open-de-taekwondo\/","og_site_name":"PotenciaRadiofonicaDominicana.com","article_publisher":"https:\/\/web.facebook.com\/PotenciaRadiofonicaD","article_published_time":"2026-04-13T01:32:55+00:00","og_image":[{"width":1024,"height":682,"url":"https:\/\/potenciaradiofonicadominicana.com\/portal\/wp-content\/uploads\/2026\/04\/920ccc75-fe85-478f-b78c-a87984b6da1b-1024x682-1.webp","type":"image\/webp"}],"author":"Potencia Radiof\u00f3nica Dominicana","twitter_card":"summary_large_image","twitter_misc":{"Escrito por":"Potencia Radiof\u00f3nica Dominicana","Tiempo de lectura":"2 minutos"},"schema":{"@context":"https:\/\/schema.org","@graph":[{"@type":"Article","@id":"https:\/\/potenciaradiofonicadominicana.com\/portal\/republica-dominicana-gana-4-oro-en-el-open-de-taekwondo\/#article","isPartOf":{"@id":"https:\/\/potenciaradiofonicadominicana.com\/portal\/republica-dominicana-gana-4-oro-en-el-open-de-taekwondo\/"},"author":{"name":"Potencia Radiof\u00f3nica Dominicana","@id":"https:\/\/potenciaradiofonicadominicana.com\/portal\/#\/schema\/person\/a5cf1fea13877803ee0573ac18b03490"},"headline":"Rep\u00fablica Dominicana gana 4 oro en el Open de Taekwondo","datePublished":"2026-04-13T01:32:55+00:00","mainEntityOfPage":{"@id":"https:\/\/potenciaradiofonicadominicana.com\/portal\/republica-dominicana-gana-4-oro-en-el-open-de-taekwondo\/"},"wordCount":237,"publisher":{"@id":"https:\/\/potenciaradiofonicadominicana.com\/portal\/#organization"},"image":{"@id":"https:\/\/potenciaradiofonicadominicana.com\/portal\/republica-dominicana-gana-4-oro-en-el-open-de-taekwondo\/#primaryimage"},"thumbnailUrl":"https:\/\/potenciaradiofonicadominicana.com\/portal\/wp-content\/uploads\/2026\/04\/920ccc75-fe85-478f-b78c-a87984b6da1b-1024x682-1.webp","articleSection":["Deportes"],"inLanguage":"es"},{"@type":"WebPage","@id":"https:\/\/potenciaradiofonicadominicana.com\/portal\/republica-dominicana-gana-4-oro-en-el-open-de-taekwondo\/","url":"https:\/\/potenciaradiofonicadominicana.com\/portal\/republica-dominicana-gana-4-oro-en-el-open-de-taekwondo\/","name":"Rep\u00fablica Dominicana gana 4 oro en el Open de Taekwondo - PotenciaRadiofonicaDominicana.com","isPartOf":{"@id":"https:\/\/potenciaradiofonicadominicana.com\/portal\/#website"},"primaryImageOfPage":{"@id":"https:\/\/potenciaradiofonicadominicana.com\/portal\/republica-dominicana-gana-4-oro-en-el-open-de-taekwondo\/#primaryimage"},"image":{"@id":"https:\/\/potenciaradiofonicadominicana.com\/portal\/republica-dominicana-gana-4-oro-en-el-open-de-taekwondo\/#primaryimage"},"thumbnailUrl":"https:\/\/potenciaradiofonicadominicana.com\/portal\/wp-content\/uploads\/2026\/04\/920ccc75-fe85-478f-b78c-a87984b6da1b-1024x682-1.webp","datePublished":"2026-04-13T01:32:55+00:00","breadcrumb":{"@id":"https:\/\/potenciaradiofonicadominicana.com\/portal\/republica-dominicana-gana-4-oro-en-el-open-de-taekwondo\/#breadcrumb"},"inLanguage":"es","potentialAction":[{"@type":"ReadAction","target":["https:\/\/potenciaradiofonicadominicana.com\/portal\/republica-dominicana-gana-4-oro-en-el-open-de-taekwondo\/"]}]},{"@type":"ImageObject","inLanguage":"es","@id":"https:\/\/potenciaradiofonicadominicana.com\/portal\/republica-dominicana-gana-4-oro-en-el-open-de-taekwondo\/#primaryimage","url":"https:\/\/potenciaradiofonicadominicana.com\/portal\/wp-content\/uploads\/2026\/04\/920ccc75-fe85-478f-b78c-a87984b6da1b-1024x682-1.webp","contentUrl":"https:\/\/potenciaradiofonicadominicana.com\/portal\/wp-content\/uploads\/2026\/04\/920ccc75-fe85-478f-b78c-a87984b6da1b-1024x682-1.webp","width":1024,"height":682},{"@type":"BreadcrumbList","@id":"https:\/\/potenciaradiofonicadominicana.com\/portal\/republica-dominicana-gana-4-oro-en-el-open-de-taekwondo\/#breadcrumb","itemListElement":[{"@type":"ListItem","position":1,"name":"Portada","item":"https:\/\/potenciaradiofonicadominicana.com\/portal\/"},{"@type":"ListItem","position":2,"name":"Rep\u00fablica Dominicana gana 4 oro en el Open de Taekwondo"}]},{"@type":"WebSite","@id":"https:\/\/potenciaradiofonicadominicana.com\/portal\/#website","url":"https:\/\/potenciaradiofonicadominicana.com\/portal\/","name":"PotenciaRadiofonicaDominicana.com","description":"Peri\u00f3dico Digital","publisher":{"@id":"https:\/\/potenciaradiofonicadominicana.com\/portal\/#organization"},"potentialAction":[{"@type":"SearchAction","target":{"@type":"EntryPoint","urlTemplate":"https:\/\/potenciaradiofonicadominicana.com\/portal\/?s={search_term_string}"},"query-input":{"@type":"PropertyValueSpecification","valueRequired":true,"valueName":"search_term_string"}}],"inLanguage":"es"},{"@type":"Organization","@id":"https:\/\/potenciaradiofonicadominicana.com\/portal\/#organization","name":"PotenciaRadiofonicaDominicana.com","url":"https:\/\/potenciaradiofonicadominicana.com\/portal\/","logo":{"@type":"ImageObject","inLanguage":"es","@id":"https:\/\/potenciaradiofonicadominicana.com\/portal\/#\/schema\/logo\/image\/","url":"https:\/\/potenciaradiofonicadominicana.com\/portal\/wp-content\/uploads\/2022\/01\/descarga.png","contentUrl":"https:\/\/potenciaradiofonicadominicana.com\/portal\/wp-content\/uploads\/2022\/01\/descarga.png","width":300,"height":100,"caption":"PotenciaRadiofonicaDominicana.com"},"image":{"@id":"https:\/\/potenciaradiofonicadominicana.com\/portal\/#\/schema\/logo\/image\/"},"sameAs":["https:\/\/web.facebook.com\/PotenciaRadiofonicaD"]},{"@type":"Person","@id":"https:\/\/potenciaradiofonicadominicana.com\/portal\/#\/schema\/person\/a5cf1fea13877803ee0573ac18b03490","name":"Potencia Radiof\u00f3nica Dominicana","image":{"@type":"ImageObject","inLanguage":"es","@id":"https:\/\/potenciaradiofonicadominicana.com\/portal\/#\/schema\/person\/image\/","url":"https:\/\/secure.gravatar.com\/avatar\/42a55ab9e8ccc656ba34cd791990602a?s=96&d=mm&r=g","contentUrl":"https:\/\/secure.gravatar.com\/avatar\/42a55ab9e8ccc656ba34cd791990602a?s=96&d=mm&r=g","caption":"Potencia Radiof\u00f3nica Dominicana"},"url":"https:\/\/potenciaradiofonicadominicana.com\/portal\/author\/johannyalmanzar\/"}]}},"_links":{"self":[{"href":"https:\/\/potenciaradiofonicadominicana.com\/portal\/wp-json\/wp\/v2\/posts\/214803","targetHints":{"allow":["GET"]}}],"collection":[{"href":"https:\/\/potenciaradiofonicadominicana.com\/portal\/wp-json\/wp\/v2\/posts"}],"about":[{"href":"https:\/\/potenciaradiofonicadominicana.com\/portal\/wp-json\/wp\/v2\/types\/post"}],"author":[{"embeddable":true,"href":"https:\/\/potenciaradiofonicadominicana.com\/portal\/wp-json\/wp\/v2\/users\/2"}],"replies":[{"embeddable":true,"href":"https:\/\/potenciaradiofonicadominicana.com\/portal\/wp-json\/wp\/v2\/comments?post=214803"}],"version-history":[{"count":1,"href":"https:\/\/potenciaradiofonicadominicana.com\/portal\/wp-json\/wp\/v2\/posts\/214803\/revisions"}],"predecessor-version":[{"id":214808,"href":"https:\/\/potenciaradiofonicadominicana.com\/portal\/wp-json\/wp\/v2\/posts\/214803\/revisions\/214808"}],"wp:featuredmedia":[{"embeddable":true,"href":"https:\/\/potenciaradiofonicadominicana.com\/portal\/wp-json\/wp\/v2\/media\/214806"}],"wp:attachment":[{"href":"https:\/\/potenciaradiofonicadominicana.com\/portal\/wp-json\/wp\/v2\/media?parent=214803"}],"wp:term":[{"taxonomy":"category","embeddable":true,"href":"https:\/\/potenciaradiofonicadominicana.com\/portal\/wp-json\/wp\/v2\/categories?post=214803"},{"taxonomy":"post_tag","embeddable":true,"href":"https:\/\/potenciaradiofonicadominicana.com\/portal\/wp-json\/wp\/v2\/tags?post=214803"}],"curies":[{"name":"wp","href":"https:\/\/api.w.org\/{rel}","templated":true}]}}