{"id":214801,"date":"2026-04-12T21:31:57","date_gmt":"2026-04-13T01:31:57","guid":{"rendered":"https:\/\/potenciaradiofonicadominicana.com\/portal\/?p=214801"},"modified":"2026-04-12T21:31:57","modified_gmt":"2026-04-13T01:31:57","slug":"incidente-con-cenizas-de-punta-catalina-afecta-a-seis-trabajadores","status":"publish","type":"post","link":"https:\/\/potenciaradiofonicadominicana.com\/portal\/incidente-con-cenizas-de-punta-catalina-afecta-a-seis-trabajadores\/","title":{"rendered":"Incidente con cenizas de Punta Catalina afecta a seis trabajadores"},"content":{"rendered":"<p><a href=\"https:\/\/potenciaradiofonicadominicana.com\/portal\/wp-content\/uploads\/2026\/04\/lanzan-licitacion-publica-para-construir-central-solar-fotovoltaica-pu-focus-0-0-896-504.jpg\"><img loading=\"lazy\" decoding=\"async\" class=\"alignnone size-full wp-image-214802\" src=\"https:\/\/potenciaradiofonicadominicana.com\/portal\/wp-content\/uploads\/2026\/04\/lanzan-licitacion-publica-para-construir-central-solar-fotovoltaica-pu-focus-0-0-896-504.jpg\" alt=\"\" width=\"896\" height=\"504\" srcset=\"https:\/\/potenciaradiofonicadominicana.com\/portal\/wp-content\/uploads\/2026\/04\/lanzan-licitacion-publica-para-construir-central-solar-fotovoltaica-pu-focus-0-0-896-504.jpg 896w, https:\/\/potenciaradiofonicadominicana.com\/portal\/wp-content\/uploads\/2026\/04\/lanzan-licitacion-publica-para-construir-central-solar-fotovoltaica-pu-focus-0-0-896-504-300x169.jpg 300w, https:\/\/potenciaradiofonicadominicana.com\/portal\/wp-content\/uploads\/2026\/04\/lanzan-licitacion-publica-para-construir-central-solar-fotovoltaica-pu-focus-0-0-896-504-768x432.jpg 768w\" sizes=\"auto, (max-width: 896px) 100vw, 896px\" \/><\/a><\/p>\n<p>La Empresa de\u00a0Generaci\u00f3n El\u00e9ctrica\u00a0Punta Catalina\u00a0(EGEPC) inform\u00f3 que un\u00a0incidente\u00a0en una tolva de la casa de filtros del sistema de control de calidad del aire (AQCS) de la\u00a0planta dos\u00a0provoc\u00f3 un derrame en el componente que colecta\u00a0cenizas\u00a0con cal, lo que gener\u00f3 la dispersi\u00f3n de polvo en forma de nube, afectando a\u00a0seis trabajadores\u00a0que se encontraban en las proximidades.<\/p>\n<p>El hecho, que se produjo a las\u00a010:20 de la ma\u00f1ana\u00a0de este viernes, se produjo mientras se ejecutaban\u00a0trabajos rutinarios\u00a0de limpieza como parte del\u00a0mantenimiento\u00a0anual. La\u00a0EGEPC\u00a0comunic\u00f3 que los colaboradores recibieron\u00a0atenci\u00f3n m\u00e9dica en el consultorio de la planta.<\/p>\n<div class=\"my-12 component web-insert-bullet relative border bg-component\">\n<p>\u00abTodos se encuentran estables y ninguno presenta condiciones de gravedad. Los casos correspondieron principalmente a crisis asm\u00e1ticas agudas que remitieron con atenci\u00f3n oportuna en el lugar. Como medida de precauci\u00f3n, uno fue trasladado a un centro de salud en Ban\u00ed para evaluaci\u00f3n complementaria\u00bb, aclar\u00f3.<\/p>\n<\/div>\n<p>A trav\u00e9s de un comunicado, la empresa indic\u00f3 que un segundo trabajador present\u00f3 una\u00a0lesi\u00f3n ocular, diagnosticada como\u00a0conjuntivitis, por contacto con un agente qu\u00edmico y fue remitido igualmente para atenci\u00f3n especializada.<\/p>\n<p>\u00abEn ambos casos, la empresa mantiene seguimiento directo y permanente. La situaci\u00f3n fue controlada de manera oportuna, siguiendo los protocolos de\u00a0seguridad y salud ocupacional\u00a0establecidos y el \u00e1rea donde ocurri\u00f3 el\u00a0incidente\u00a0fue asegurada para garantizar condiciones seguras de trabajo\u00bb, afirm\u00f3.<\/p>\n<p>Trabajos contin\u00faan<\/p>\n<p>Punta Catalina\u00a0agreg\u00f3 que tanto el\u00a0personal fijo\u00a0como\u00a0contratado\u00a0contin\u00faa sus labores de\u00a0mantenimiento\u00a0programado con normalidad.<\/p>\n<p>La\u00a0EGEPC\u00a0dijo que est\u00e1 revisando las circunstancias del\u00a0incidente\u00a0para fortalecer los procedimientos que correspondan y evitar su repetici\u00f3n.<\/p>\n","protected":false},"excerpt":{"rendered":"<p>La Empresa de\u00a0Generaci\u00f3n El\u00e9ctrica\u00a0Punta Catalina\u00a0(EGEPC) inform\u00f3 que un\u00a0incidente\u00a0en una tolva de la casa de filtros del sistema de control de &#8230;<\/p>\n","protected":false},"author":2,"featured_media":214802,"comment_status":"closed","ping_status":"closed","sticky":false,"template":"","format":"standard","meta":{"footnotes":""},"categories":[26],"tags":[],"class_list":["post-214801","post","type-post","status-publish","format-standard","has-post-thumbnail","hentry","category-economia"],"yoast_head":"<!-- This site is optimized with the Yoast SEO plugin v24.8.1 - https:\/\/yoast.com\/wordpress\/plugins\/seo\/ -->\n<title>Incidente con cenizas de Punta Catalina afecta a seis trabajadores - PotenciaRadiofonicaDominicana.com<\/title>\n<meta name=\"robots\" content=\"index, follow, max-snippet:-1, max-image-preview:large, max-video-preview:-1\" \/>\n<link rel=\"canonical\" href=\"https:\/\/potenciaradiofonicadominicana.com\/portal\/incidente-con-cenizas-de-punta-catalina-afecta-a-seis-trabajadores\/\" \/>\n<meta property=\"og:locale\" content=\"es_ES\" \/>\n<meta property=\"og:type\" content=\"article\" \/>\n<meta property=\"og:title\" content=\"Incidente con cenizas de Punta Catalina afecta a seis trabajadores - PotenciaRadiofonicaDominicana.com\" \/>\n<meta property=\"og:description\" content=\"La Empresa de\u00a0Generaci\u00f3n El\u00e9ctrica\u00a0Punta Catalina\u00a0(EGEPC) inform\u00f3 que un\u00a0incidente\u00a0en una tolva de la casa de filtros del sistema de control de ...\" \/>\n<meta property=\"og:url\" content=\"https:\/\/potenciaradiofonicadominicana.com\/portal\/incidente-con-cenizas-de-punta-catalina-afecta-a-seis-trabajadores\/\" \/>\n<meta property=\"og:site_name\" content=\"PotenciaRadiofonicaDominicana.com\" \/>\n<meta property=\"article:publisher\" content=\"https:\/\/web.facebook.com\/PotenciaRadiofonicaD\" \/>\n<meta property=\"article:published_time\" content=\"2026-04-13T01:31:57+00:00\" \/>\n<meta property=\"og:image\" content=\"https:\/\/potenciaradiofonicadominicana.com\/portal\/wp-content\/uploads\/2026\/04\/lanzan-licitacion-publica-para-construir-central-solar-fotovoltaica-pu-focus-0-0-896-504.jpg\" \/>\n\t<meta property=\"og:image:width\" content=\"896\" \/>\n\t<meta property=\"og:image:height\" content=\"504\" \/>\n\t<meta property=\"og:image:type\" content=\"image\/jpeg\" \/>\n<meta name=\"author\" content=\"Potencia Radiof\u00f3nica Dominicana\" \/>\n<meta name=\"twitter:card\" content=\"summary_large_image\" \/>\n<meta name=\"twitter:label1\" content=\"Escrito por\" \/>\n\t<meta name=\"twitter:data1\" content=\"Potencia Radiof\u00f3nica Dominicana\" \/>\n\t<meta name=\"twitter:label2\" content=\"Tiempo de lectura\" \/>\n\t<meta name=\"twitter:data2\" content=\"2 minutos\" \/>\n<script type=\"application\/ld+json\" class=\"yoast-schema-graph\">{\"@context\":\"https:\/\/schema.org\",\"@graph\":[{\"@type\":\"Article\",\"@id\":\"https:\/\/potenciaradiofonicadominicana.com\/portal\/incidente-con-cenizas-de-punta-catalina-afecta-a-seis-trabajadores\/#article\",\"isPartOf\":{\"@id\":\"https:\/\/potenciaradiofonicadominicana.com\/portal\/incidente-con-cenizas-de-punta-catalina-afecta-a-seis-trabajadores\/\"},\"author\":{\"name\":\"Potencia Radiof\u00f3nica Dominicana\",\"@id\":\"https:\/\/potenciaradiofonicadominicana.com\/portal\/#\/schema\/person\/a5cf1fea13877803ee0573ac18b03490\"},\"headline\":\"Incidente con cenizas de Punta Catalina afecta a seis trabajadores\",\"datePublished\":\"2026-04-13T01:31:57+00:00\",\"mainEntityOfPage\":{\"@id\":\"https:\/\/potenciaradiofonicadominicana.com\/portal\/incidente-con-cenizas-de-punta-catalina-afecta-a-seis-trabajadores\/\"},\"wordCount\":293,\"publisher\":{\"@id\":\"https:\/\/potenciaradiofonicadominicana.com\/portal\/#organization\"},\"image\":{\"@id\":\"https:\/\/potenciaradiofonicadominicana.com\/portal\/incidente-con-cenizas-de-punta-catalina-afecta-a-seis-trabajadores\/#primaryimage\"},\"thumbnailUrl\":\"https:\/\/potenciaradiofonicadominicana.com\/portal\/wp-content\/uploads\/2026\/04\/lanzan-licitacion-publica-para-construir-central-solar-fotovoltaica-pu-focus-0-0-896-504.jpg\",\"articleSection\":[\"Econom\u00eda\"],\"inLanguage\":\"es\"},{\"@type\":\"WebPage\",\"@id\":\"https:\/\/potenciaradiofonicadominicana.com\/portal\/incidente-con-cenizas-de-punta-catalina-afecta-a-seis-trabajadores\/\",\"url\":\"https:\/\/potenciaradiofonicadominicana.com\/portal\/incidente-con-cenizas-de-punta-catalina-afecta-a-seis-trabajadores\/\",\"name\":\"Incidente con cenizas de Punta Catalina afecta a seis trabajadores - PotenciaRadiofonicaDominicana.com\",\"isPartOf\":{\"@id\":\"https:\/\/potenciaradiofonicadominicana.com\/portal\/#website\"},\"primaryImageOfPage\":{\"@id\":\"https:\/\/potenciaradiofonicadominicana.com\/portal\/incidente-con-cenizas-de-punta-catalina-afecta-a-seis-trabajadores\/#primaryimage\"},\"image\":{\"@id\":\"https:\/\/potenciaradiofonicadominicana.com\/portal\/incidente-con-cenizas-de-punta-catalina-afecta-a-seis-trabajadores\/#primaryimage\"},\"thumbnailUrl\":\"https:\/\/potenciaradiofonicadominicana.com\/portal\/wp-content\/uploads\/2026\/04\/lanzan-licitacion-publica-para-construir-central-solar-fotovoltaica-pu-focus-0-0-896-504.jpg\",\"datePublished\":\"2026-04-13T01:31:57+00:00\",\"breadcrumb\":{\"@id\":\"https:\/\/potenciaradiofonicadominicana.com\/portal\/incidente-con-cenizas-de-punta-catalina-afecta-a-seis-trabajadores\/#breadcrumb\"},\"inLanguage\":\"es\",\"potentialAction\":[{\"@type\":\"ReadAction\",\"target\":[\"https:\/\/potenciaradiofonicadominicana.com\/portal\/incidente-con-cenizas-de-punta-catalina-afecta-a-seis-trabajadores\/\"]}]},{\"@type\":\"ImageObject\",\"inLanguage\":\"es\",\"@id\":\"https:\/\/potenciaradiofonicadominicana.com\/portal\/incidente-con-cenizas-de-punta-catalina-afecta-a-seis-trabajadores\/#primaryimage\",\"url\":\"https:\/\/potenciaradiofonicadominicana.com\/portal\/wp-content\/uploads\/2026\/04\/lanzan-licitacion-publica-para-construir-central-solar-fotovoltaica-pu-focus-0-0-896-504.jpg\",\"contentUrl\":\"https:\/\/potenciaradiofonicadominicana.com\/portal\/wp-content\/uploads\/2026\/04\/lanzan-licitacion-publica-para-construir-central-solar-fotovoltaica-pu-focus-0-0-896-504.jpg\",\"width\":896,\"height\":504},{\"@type\":\"BreadcrumbList\",\"@id\":\"https:\/\/potenciaradiofonicadominicana.com\/portal\/incidente-con-cenizas-de-punta-catalina-afecta-a-seis-trabajadores\/#breadcrumb\",\"itemListElement\":[{\"@type\":\"ListItem\",\"position\":1,\"name\":\"Portada\",\"item\":\"https:\/\/potenciaradiofonicadominicana.com\/portal\/\"},{\"@type\":\"ListItem\",\"position\":2,\"name\":\"Incidente con cenizas de Punta Catalina afecta a seis trabajadores\"}]},{\"@type\":\"WebSite\",\"@id\":\"https:\/\/potenciaradiofonicadominicana.com\/portal\/#website\",\"url\":\"https:\/\/potenciaradiofonicadominicana.com\/portal\/\",\"name\":\"PotenciaRadiofonicaDominicana.com\",\"description\":\"Peri\u00f3dico Digital\",\"publisher\":{\"@id\":\"https:\/\/potenciaradiofonicadominicana.com\/portal\/#organization\"},\"potentialAction\":[{\"@type\":\"SearchAction\",\"target\":{\"@type\":\"EntryPoint\",\"urlTemplate\":\"https:\/\/potenciaradiofonicadominicana.com\/portal\/?s={search_term_string}\"},\"query-input\":{\"@type\":\"PropertyValueSpecification\",\"valueRequired\":true,\"valueName\":\"search_term_string\"}}],\"inLanguage\":\"es\"},{\"@type\":\"Organization\",\"@id\":\"https:\/\/potenciaradiofonicadominicana.com\/portal\/#organization\",\"name\":\"PotenciaRadiofonicaDominicana.com\",\"url\":\"https:\/\/potenciaradiofonicadominicana.com\/portal\/\",\"logo\":{\"@type\":\"ImageObject\",\"inLanguage\":\"es\",\"@id\":\"https:\/\/potenciaradiofonicadominicana.com\/portal\/#\/schema\/logo\/image\/\",\"url\":\"https:\/\/potenciaradiofonicadominicana.com\/portal\/wp-content\/uploads\/2022\/01\/descarga.png\",\"contentUrl\":\"https:\/\/potenciaradiofonicadominicana.com\/portal\/wp-content\/uploads\/2022\/01\/descarga.png\",\"width\":300,\"height\":100,\"caption\":\"PotenciaRadiofonicaDominicana.com\"},\"image\":{\"@id\":\"https:\/\/potenciaradiofonicadominicana.com\/portal\/#\/schema\/logo\/image\/\"},\"sameAs\":[\"https:\/\/web.facebook.com\/PotenciaRadiofonicaD\"]},{\"@type\":\"Person\",\"@id\":\"https:\/\/potenciaradiofonicadominicana.com\/portal\/#\/schema\/person\/a5cf1fea13877803ee0573ac18b03490\",\"name\":\"Potencia Radiof\u00f3nica Dominicana\",\"image\":{\"@type\":\"ImageObject\",\"inLanguage\":\"es\",\"@id\":\"https:\/\/potenciaradiofonicadominicana.com\/portal\/#\/schema\/person\/image\/\",\"url\":\"https:\/\/secure.gravatar.com\/avatar\/42a55ab9e8ccc656ba34cd791990602a?s=96&d=mm&r=g\",\"contentUrl\":\"https:\/\/secure.gravatar.com\/avatar\/42a55ab9e8ccc656ba34cd791990602a?s=96&d=mm&r=g\",\"caption\":\"Potencia Radiof\u00f3nica Dominicana\"},\"url\":\"https:\/\/potenciaradiofonicadominicana.com\/portal\/author\/johannyalmanzar\/\"}]}<\/script>\n<!-- \/ Yoast SEO plugin. -->","yoast_head_json":{"title":"Incidente con cenizas de Punta Catalina afecta a seis trabajadores - PotenciaRadiofonicaDominicana.com","robots":{"index":"index","follow":"follow","max-snippet":"max-snippet:-1","max-image-preview":"max-image-preview:large","max-video-preview":"max-video-preview:-1"},"canonical":"https:\/\/potenciaradiofonicadominicana.com\/portal\/incidente-con-cenizas-de-punta-catalina-afecta-a-seis-trabajadores\/","og_locale":"es_ES","og_type":"article","og_title":"Incidente con cenizas de Punta Catalina afecta a seis trabajadores - PotenciaRadiofonicaDominicana.com","og_description":"La Empresa de\u00a0Generaci\u00f3n El\u00e9ctrica\u00a0Punta Catalina\u00a0(EGEPC) inform\u00f3 que un\u00a0incidente\u00a0en una tolva de la casa de filtros del sistema de control de ...","og_url":"https:\/\/potenciaradiofonicadominicana.com\/portal\/incidente-con-cenizas-de-punta-catalina-afecta-a-seis-trabajadores\/","og_site_name":"PotenciaRadiofonicaDominicana.com","article_publisher":"https:\/\/web.facebook.com\/PotenciaRadiofonicaD","article_published_time":"2026-04-13T01:31:57+00:00","og_image":[{"width":896,"height":504,"url":"https:\/\/potenciaradiofonicadominicana.com\/portal\/wp-content\/uploads\/2026\/04\/lanzan-licitacion-publica-para-construir-central-solar-fotovoltaica-pu-focus-0-0-896-504.jpg","type":"image\/jpeg"}],"author":"Potencia Radiof\u00f3nica Dominicana","twitter_card":"summary_large_image","twitter_misc":{"Escrito por":"Potencia Radiof\u00f3nica Dominicana","Tiempo de lectura":"2 minutos"},"schema":{"@context":"https:\/\/schema.org","@graph":[{"@type":"Article","@id":"https:\/\/potenciaradiofonicadominicana.com\/portal\/incidente-con-cenizas-de-punta-catalina-afecta-a-seis-trabajadores\/#article","isPartOf":{"@id":"https:\/\/potenciaradiofonicadominicana.com\/portal\/incidente-con-cenizas-de-punta-catalina-afecta-a-seis-trabajadores\/"},"author":{"name":"Potencia Radiof\u00f3nica Dominicana","@id":"https:\/\/potenciaradiofonicadominicana.com\/portal\/#\/schema\/person\/a5cf1fea13877803ee0573ac18b03490"},"headline":"Incidente con cenizas de Punta Catalina afecta a seis trabajadores","datePublished":"2026-04-13T01:31:57+00:00","mainEntityOfPage":{"@id":"https:\/\/potenciaradiofonicadominicana.com\/portal\/incidente-con-cenizas-de-punta-catalina-afecta-a-seis-trabajadores\/"},"wordCount":293,"publisher":{"@id":"https:\/\/potenciaradiofonicadominicana.com\/portal\/#organization"},"image":{"@id":"https:\/\/potenciaradiofonicadominicana.com\/portal\/incidente-con-cenizas-de-punta-catalina-afecta-a-seis-trabajadores\/#primaryimage"},"thumbnailUrl":"https:\/\/potenciaradiofonicadominicana.com\/portal\/wp-content\/uploads\/2026\/04\/lanzan-licitacion-publica-para-construir-central-solar-fotovoltaica-pu-focus-0-0-896-504.jpg","articleSection":["Econom\u00eda"],"inLanguage":"es"},{"@type":"WebPage","@id":"https:\/\/potenciaradiofonicadominicana.com\/portal\/incidente-con-cenizas-de-punta-catalina-afecta-a-seis-trabajadores\/","url":"https:\/\/potenciaradiofonicadominicana.com\/portal\/incidente-con-cenizas-de-punta-catalina-afecta-a-seis-trabajadores\/","name":"Incidente con cenizas de Punta Catalina afecta a seis trabajadores - PotenciaRadiofonicaDominicana.com","isPartOf":{"@id":"https:\/\/potenciaradiofonicadominicana.com\/portal\/#website"},"primaryImageOfPage":{"@id":"https:\/\/potenciaradiofonicadominicana.com\/portal\/incidente-con-cenizas-de-punta-catalina-afecta-a-seis-trabajadores\/#primaryimage"},"image":{"@id":"https:\/\/potenciaradiofonicadominicana.com\/portal\/incidente-con-cenizas-de-punta-catalina-afecta-a-seis-trabajadores\/#primaryimage"},"thumbnailUrl":"https:\/\/potenciaradiofonicadominicana.com\/portal\/wp-content\/uploads\/2026\/04\/lanzan-licitacion-publica-para-construir-central-solar-fotovoltaica-pu-focus-0-0-896-504.jpg","datePublished":"2026-04-13T01:31:57+00:00","breadcrumb":{"@id":"https:\/\/potenciaradiofonicadominicana.com\/portal\/incidente-con-cenizas-de-punta-catalina-afecta-a-seis-trabajadores\/#breadcrumb"},"inLanguage":"es","potentialAction":[{"@type":"ReadAction","target":["https:\/\/potenciaradiofonicadominicana.com\/portal\/incidente-con-cenizas-de-punta-catalina-afecta-a-seis-trabajadores\/"]}]},{"@type":"ImageObject","inLanguage":"es","@id":"https:\/\/potenciaradiofonicadominicana.com\/portal\/incidente-con-cenizas-de-punta-catalina-afecta-a-seis-trabajadores\/#primaryimage","url":"https:\/\/potenciaradiofonicadominicana.com\/portal\/wp-content\/uploads\/2026\/04\/lanzan-licitacion-publica-para-construir-central-solar-fotovoltaica-pu-focus-0-0-896-504.jpg","contentUrl":"https:\/\/potenciaradiofonicadominicana.com\/portal\/wp-content\/uploads\/2026\/04\/lanzan-licitacion-publica-para-construir-central-solar-fotovoltaica-pu-focus-0-0-896-504.jpg","width":896,"height":504},{"@type":"BreadcrumbList","@id":"https:\/\/potenciaradiofonicadominicana.com\/portal\/incidente-con-cenizas-de-punta-catalina-afecta-a-seis-trabajadores\/#breadcrumb","itemListElement":[{"@type":"ListItem","position":1,"name":"Portada","item":"https:\/\/potenciaradiofonicadominicana.com\/portal\/"},{"@type":"ListItem","position":2,"name":"Incidente con cenizas de Punta Catalina afecta a seis trabajadores"}]},{"@type":"WebSite","@id":"https:\/\/potenciaradiofonicadominicana.com\/portal\/#website","url":"https:\/\/potenciaradiofonicadominicana.com\/portal\/","name":"PotenciaRadiofonicaDominicana.com","description":"Peri\u00f3dico Digital","publisher":{"@id":"https:\/\/potenciaradiofonicadominicana.com\/portal\/#organization"},"potentialAction":[{"@type":"SearchAction","target":{"@type":"EntryPoint","urlTemplate":"https:\/\/potenciaradiofonicadominicana.com\/portal\/?s={search_term_string}"},"query-input":{"@type":"PropertyValueSpecification","valueRequired":true,"valueName":"search_term_string"}}],"inLanguage":"es"},{"@type":"Organization","@id":"https:\/\/potenciaradiofonicadominicana.com\/portal\/#organization","name":"PotenciaRadiofonicaDominicana.com","url":"https:\/\/potenciaradiofonicadominicana.com\/portal\/","logo":{"@type":"ImageObject","inLanguage":"es","@id":"https:\/\/potenciaradiofonicadominicana.com\/portal\/#\/schema\/logo\/image\/","url":"https:\/\/potenciaradiofonicadominicana.com\/portal\/wp-content\/uploads\/2022\/01\/descarga.png","contentUrl":"https:\/\/potenciaradiofonicadominicana.com\/portal\/wp-content\/uploads\/2022\/01\/descarga.png","width":300,"height":100,"caption":"PotenciaRadiofonicaDominicana.com"},"image":{"@id":"https:\/\/potenciaradiofonicadominicana.com\/portal\/#\/schema\/logo\/image\/"},"sameAs":["https:\/\/web.facebook.com\/PotenciaRadiofonicaD"]},{"@type":"Person","@id":"https:\/\/potenciaradiofonicadominicana.com\/portal\/#\/schema\/person\/a5cf1fea13877803ee0573ac18b03490","name":"Potencia Radiof\u00f3nica Dominicana","image":{"@type":"ImageObject","inLanguage":"es","@id":"https:\/\/potenciaradiofonicadominicana.com\/portal\/#\/schema\/person\/image\/","url":"https:\/\/secure.gravatar.com\/avatar\/42a55ab9e8ccc656ba34cd791990602a?s=96&d=mm&r=g","contentUrl":"https:\/\/secure.gravatar.com\/avatar\/42a55ab9e8ccc656ba34cd791990602a?s=96&d=mm&r=g","caption":"Potencia Radiof\u00f3nica Dominicana"},"url":"https:\/\/potenciaradiofonicadominicana.com\/portal\/author\/johannyalmanzar\/"}]}},"_links":{"self":[{"href":"https:\/\/potenciaradiofonicadominicana.com\/portal\/wp-json\/wp\/v2\/posts\/214801","targetHints":{"allow":["GET"]}}],"collection":[{"href":"https:\/\/potenciaradiofonicadominicana.com\/portal\/wp-json\/wp\/v2\/posts"}],"about":[{"href":"https:\/\/potenciaradiofonicadominicana.com\/portal\/wp-json\/wp\/v2\/types\/post"}],"author":[{"embeddable":true,"href":"https:\/\/potenciaradiofonicadominicana.com\/portal\/wp-json\/wp\/v2\/users\/2"}],"replies":[{"embeddable":true,"href":"https:\/\/potenciaradiofonicadominicana.com\/portal\/wp-json\/wp\/v2\/comments?post=214801"}],"version-history":[{"count":1,"href":"https:\/\/potenciaradiofonicadominicana.com\/portal\/wp-json\/wp\/v2\/posts\/214801\/revisions"}],"predecessor-version":[{"id":214804,"href":"https:\/\/potenciaradiofonicadominicana.com\/portal\/wp-json\/wp\/v2\/posts\/214801\/revisions\/214804"}],"wp:featuredmedia":[{"embeddable":true,"href":"https:\/\/potenciaradiofonicadominicana.com\/portal\/wp-json\/wp\/v2\/media\/214802"}],"wp:attachment":[{"href":"https:\/\/potenciaradiofonicadominicana.com\/portal\/wp-json\/wp\/v2\/media?parent=214801"}],"wp:term":[{"taxonomy":"category","embeddable":true,"href":"https:\/\/potenciaradiofonicadominicana.com\/portal\/wp-json\/wp\/v2\/categories?post=214801"},{"taxonomy":"post_tag","embeddable":true,"href":"https:\/\/potenciaradiofonicadominicana.com\/portal\/wp-json\/wp\/v2\/tags?post=214801"}],"curies":[{"name":"wp","href":"https:\/\/api.w.org\/{rel}","templated":true}]}}