{"id":214795,"date":"2026-04-12T21:30:02","date_gmt":"2026-04-13T01:30:02","guid":{"rendered":"https:\/\/potenciaradiofonicadominicana.com\/portal\/?p=214795"},"modified":"2026-04-12T21:30:02","modified_gmt":"2026-04-13T01:30:02","slug":"samana-bayport-recibe-22-cruceros-y-cerca-de-50000-visitantes-en-su-primera-temporada","status":"publish","type":"post","link":"https:\/\/potenciaradiofonicadominicana.com\/portal\/samana-bayport-recibe-22-cruceros-y-cerca-de-50000-visitantes-en-su-primera-temporada\/","title":{"rendered":"Saman\u00e1 Bayport recibe 22 cruceros y cerca de 50,000 visitantes en su primera temporada"},"content":{"rendered":"<p><a href=\"https:\/\/potenciaradiofonicadominicana.com\/portal\/wp-content\/uploads\/2026\/04\/samana-bayport-recibe-22-cruceros-y-cerca-de-50000-visitantes-157acc8c-focus-0-0-896-504.jpg\"><img loading=\"lazy\" decoding=\"async\" class=\"alignnone size-full wp-image-214796\" src=\"https:\/\/potenciaradiofonicadominicana.com\/portal\/wp-content\/uploads\/2026\/04\/samana-bayport-recibe-22-cruceros-y-cerca-de-50000-visitantes-157acc8c-focus-0-0-896-504.jpg\" alt=\"\" width=\"896\" height=\"504\" srcset=\"https:\/\/potenciaradiofonicadominicana.com\/portal\/wp-content\/uploads\/2026\/04\/samana-bayport-recibe-22-cruceros-y-cerca-de-50000-visitantes-157acc8c-focus-0-0-896-504.jpg 896w, https:\/\/potenciaradiofonicadominicana.com\/portal\/wp-content\/uploads\/2026\/04\/samana-bayport-recibe-22-cruceros-y-cerca-de-50000-visitantes-157acc8c-focus-0-0-896-504-300x169.jpg 300w, https:\/\/potenciaradiofonicadominicana.com\/portal\/wp-content\/uploads\/2026\/04\/samana-bayport-recibe-22-cruceros-y-cerca-de-50000-visitantes-157acc8c-focus-0-0-896-504-768x432.jpg 768w\" sizes=\"auto, (max-width: 896px) 100vw, 896px\" \/><\/a><\/p>\n<p>El puerto de cruceros\u00a0Saman\u00e1 Bayport\u00a0inici\u00f3 sus operaciones con un importante impulso para el turismo al registrar la llegada de 22\u00a0embarcaciones\u00a0y alrededor de\u00a050,000 cruceristas\u00a0desde diciembre de 2025.<\/p>\n<p>Este viernes, la\u00a0apertura oficial\u00a0de su primera etapa coincidi\u00f3 con la llegada del\u00a0crucero n\u00famero 22, el\u00a0Aida Blue, con unos 3,000 pasajeros a bordo.<\/p>\n<p>La terminal representa una alternativa para fortalecer la oferta tur\u00edstica en la\u00a0regi\u00f3n Nordeste. Para el pr\u00f3ximo per\u00edodo, se proyecta la recepci\u00f3n de\u00a045 cruceros\u00a0y cerca de 90,000 visitantes.<\/p>\n<p>Este puerto tuvo una inversi\u00f3n de alrededor de 10 millones de d\u00f3lares. Sin embargo, esta es la primera de\u00a0tres etapas\u00a0en las que se proyecta ejecutar, de manera global, hasta\u00a022 millones.<\/p>\n<p>Desarrollado por el\u00a0Consorcio Temarsam,\u00a0Saman\u00e1 Bayport\u00a0fue concebido como una\u00a0infraestructura portuaria\u00a0y tur\u00edstica integral, con capacidad para atender hasta tres cruceros simult\u00e1neamente y recibir hasta\u00a010,000 pasajeros\u00a0por d\u00eda, lo que equivale a un potencial de m\u00e1s de tres millones de visitantes al a\u00f1o.<\/p>\n<p>En t\u00e9rminos econ\u00f3micos, se estima que cada crucerista gasta en promedio\u00a098 d\u00f3lares\u00a0durante su visita, lo que representa un impacto directo relevante para la econom\u00eda local, beneficiando a comerciantes, gu\u00edas tur\u00edsticos, emprendedores y prestadores de servicios.<\/p>\n<p>Adem\u00e1s de su funci\u00f3n como terminal de cruceros, el complejo incorpora una oferta diversificada que incluye\u00a0\u00e1reas comerciales, restaurantes,\u00a0club de playa, piscina, zonas recreativas, \u00e1reas verdes, centro de informaci\u00f3n tur\u00edstica, transporte para excursiones y\u00a0servicios de apoyo, lo que ampl\u00eda la experiencia del visitante y fomenta el consumo local.<\/p>\n<p>El dise\u00f1o del proyecto prioriza la integraci\u00f3n con la comunidad, permitiendo que los cruceristas accedan f\u00e1cilmente a la oferta gastron\u00f3mica, cultural y comercial de\u00a0Santa B\u00e1rbara de Saman\u00e1\u00a0y zonas cercanas como\u00a0Cayo Levantado, Los Haitises, Las Galeras y El Salto del Lim\u00f3n.<\/p>\n<p>Saman\u00e1 Bayport\u00a0est\u00e1 dotado de tecnolog\u00eda de muelle tipo SeaWalk \u2014plataforma flotante\u2014 que permite la operaci\u00f3n de\u00a0embarcaciones\u00a0de gran tama\u00f1o, junto con un sistema de fondeo para otras dos naves mediante tenders, posicionando a\u00a0Saman\u00e1\u00a0como un\u00a0destino competitivo\u00a0dentro del Caribe<\/p>\n<p>Durante su construcci\u00f3n, el proyecto gener\u00f3 aproximadamente\u00a0150 empleos directos\u00a0y\u00a0500 indirectos, mientras que en su\u00a0fase operativa\u00a0se estiman 100 empleos directos y 600 indirectos.<\/p>\n<figure class=\"inline-block\">\n<div class=\"expand-img-placeholder\"><img loading=\"lazy\" decoding=\"async\" src=\"https:\/\/resources.diariolibre.com\/images\/expand.svg\" alt=\"Expandir imagen\" width=\"20\" height=\"20\" \/><\/div>\n<picture><img decoding=\"async\" class=\"mx-auto\" src=\"https:\/\/resources.diariolibre.com\/images\/2026\/04\/10\/whatsapp-image-2026-04-10-at-30852-pm-2-ebe931c6.jpeg\" alt=\"[object HTMLTextAreaElement]\" width=\"auto\" height=\"350\" \/><\/picture><\/figure>\n<figure class=\"inline-block\"><figcaption><\/figcaption>Inversi\u00f3n en\u00a0<strong>Saman\u00e1<\/strong>\u00a0supera los US$ 1,800 millones<\/figure>\n<p>El ministro de Turismo,\u00a0David Collado, valor\u00f3 la importancia del proyecto para el turismo dominicano e inform\u00f3 que el\u00a0Ministerio de Turismo\u00a0ha destinado m\u00e1s de 1,800 millones de pesos en obras para el desarrollo de\u00a0Saman\u00e1.<\/p>\n<p>Entre las principales intervenciones, el funcionario destac\u00f3 la reconstrucci\u00f3n del malec\u00f3n de\u00a0Santa B\u00e1rbara de Saman\u00e1, con una inversi\u00f3n de 557 millones de pesos.<\/p>\n<p>Seg\u00fan las autoridades, esta obra solucion\u00f3 problemas hist\u00f3ricos de inundaciones en la\u00a0zona\u00a0mediante la implementaci\u00f3n de un sistema de\u00a0drenaje pluvial.<\/p>\n<p>Asimismo, el\u00a0Ministerio de Turismo\u00a0ejecut\u00f3 la rehabilitaci\u00f3n de espacios p\u00fablicos clave, incluyendo el\u00a0Parque La Glorieta\u00a0y su entorno, con una inversi\u00f3n de 27 millones de pesos, as\u00ed como la restauraci\u00f3n de la\u00a0iglesia Santa B\u00e1rbara, tambi\u00e9n con 27 millones, y la intervenci\u00f3n del Parque Duarte, con una inversi\u00f3n de 57 millones de pesos.<\/p>\n<p>Collado reiter\u00f3 que el pa\u00eds atraviesa uno de los mejores momentos del sector tur\u00edstico, se\u00f1alando que en febrero se registr\u00f3 la llegada de\u00a01.2 millones\u00a0de visitantes, con un crecimiento del 9 %, mientras que en marzo el incremento fue del\u00a014 %.<\/p>\n<p>En cuanto al turismo de cruceros, indic\u00f3 que la Rep\u00fablica Dominicana ocupa el tercer lugar en\u00a0el Caribe, solo por detr\u00e1s de\u00a0Bahamas, con tres millones de cruceristas recibidos el a\u00f1o pasado y una\u00a0proyecci\u00f3n de crecimiento del 22 %\u00a0para este a\u00f1o.<\/p>\n<p>Acto de inauguraci\u00f3n<\/p>\n<p>Este viernes se celebr\u00f3 la inauguraci\u00f3n de la primera etapa del puerto\u00a0Saman\u00e1 Bayport, en una actividad encabezada por la vicepresidenta de la Rep\u00fablica,\u00a0Raquel Pe\u00f1a, junto al ministro de Turismo,\u00a0David Collado; el director ejecutivo de la Autoridad Portuaria Dominicana,\u00a0Jean Luis Rodr\u00edguez; y el presidente del\u00a0Consorcio Temarsam,\u00a0Alexander Schad.<\/p>\n<p>Las autoridades destacaron que esta\u00a0infraestructura fortalece\u00a0la diversificaci\u00f3n del turismo en la Rep\u00fablica Dominicana y promueve un\u00a0modelo sostenible\u00a0que impulsa el desarrollo local.<\/p>\n<p>Durante el acto, el presidente del\u00a0Consorcio Temarsam,\u00a0Alexander Schad, resalt\u00f3 que este desarrollo representa una\u00a0oportunidad directa\u00a0para el crecimiento de\u00a0Saman\u00e1.<\/p>\n<p>\u00abLa infraestructura que hoy inauguramos es la base, pero son ustedes los que van a darle vida a este lugar. El\u00a0turista\u00a0que llegue aqu\u00ed va a recordar la experiencia que juntos le ofrezcamos. Juntos es como se hace grande un\u00a0destino\u00bb, dijo.<\/p>\n<p>De su lado,\u00a0Jean Luis Rodr\u00edguez\u00a0destac\u00f3 que\u00a0Saman\u00e1 Bayport\u00a0fue concebido como un\u00a0proyecto integral\u00a0por fases, con el objetivo de consolidar a la provincia como un\u00a0destino competitivo, sostenible y generador de oportunidades.<\/p>\n<p>Rodr\u00edguez subray\u00f3 que esta obra representa el resultado de la\u00a0planificaci\u00f3n y ejecuci\u00f3n efectiva, recordando que el proyecto permaneci\u00f3 estancado durante a\u00f1os hasta su reactivaci\u00f3n y\u00a0culminaci\u00f3n\u00a0en la actual gesti\u00f3n.<\/p>\n<p>Resalt\u00f3: \u00abhoy entregamos una terminal completamente funcional,\u00a0moderna\u00a0y\u00a0preparada para operar. Aqu\u00ed no hay improvisaci\u00f3n ni desviaci\u00f3n\u00bb.<\/p>\n","protected":false},"excerpt":{"rendered":"<p>El puerto de cruceros\u00a0Saman\u00e1 Bayport\u00a0inici\u00f3 sus operaciones con un importante impulso para el turismo al registrar la llegada de 22\u00a0embarcaciones\u00a0y &#8230;<\/p>\n","protected":false},"author":2,"featured_media":214796,"comment_status":"closed","ping_status":"closed","sticky":false,"template":"","format":"standard","meta":{"footnotes":""},"categories":[26],"tags":[],"class_list":["post-214795","post","type-post","status-publish","format-standard","has-post-thumbnail","hentry","category-economia"],"yoast_head":"<!-- This site is optimized with the Yoast SEO plugin v24.8.1 - https:\/\/yoast.com\/wordpress\/plugins\/seo\/ -->\n<title>Saman\u00e1 Bayport recibe 22 cruceros y cerca de 50,000 visitantes en su primera temporada - PotenciaRadiofonicaDominicana.com<\/title>\n<meta name=\"robots\" content=\"index, follow, max-snippet:-1, max-image-preview:large, max-video-preview:-1\" \/>\n<link rel=\"canonical\" href=\"https:\/\/potenciaradiofonicadominicana.com\/portal\/samana-bayport-recibe-22-cruceros-y-cerca-de-50000-visitantes-en-su-primera-temporada\/\" \/>\n<meta property=\"og:locale\" content=\"es_ES\" \/>\n<meta property=\"og:type\" content=\"article\" \/>\n<meta property=\"og:title\" content=\"Saman\u00e1 Bayport recibe 22 cruceros y cerca de 50,000 visitantes en su primera temporada - PotenciaRadiofonicaDominicana.com\" \/>\n<meta property=\"og:description\" content=\"El puerto de cruceros\u00a0Saman\u00e1 Bayport\u00a0inici\u00f3 sus operaciones con un importante impulso para el turismo al registrar la llegada de 22\u00a0embarcaciones\u00a0y ...\" \/>\n<meta property=\"og:url\" content=\"https:\/\/potenciaradiofonicadominicana.com\/portal\/samana-bayport-recibe-22-cruceros-y-cerca-de-50000-visitantes-en-su-primera-temporada\/\" \/>\n<meta property=\"og:site_name\" content=\"PotenciaRadiofonicaDominicana.com\" \/>\n<meta property=\"article:publisher\" content=\"https:\/\/web.facebook.com\/PotenciaRadiofonicaD\" \/>\n<meta property=\"article:published_time\" content=\"2026-04-13T01:30:02+00:00\" \/>\n<meta property=\"og:image\" content=\"https:\/\/potenciaradiofonicadominicana.com\/portal\/wp-content\/uploads\/2026\/04\/samana-bayport-recibe-22-cruceros-y-cerca-de-50000-visitantes-157acc8c-focus-0-0-896-504.jpg\" \/>\n\t<meta property=\"og:image:width\" content=\"896\" \/>\n\t<meta property=\"og:image:height\" content=\"504\" \/>\n\t<meta property=\"og:image:type\" content=\"image\/jpeg\" \/>\n<meta name=\"author\" content=\"Potencia Radiof\u00f3nica Dominicana\" \/>\n<meta name=\"twitter:card\" content=\"summary_large_image\" \/>\n<meta name=\"twitter:label1\" content=\"Escrito por\" \/>\n\t<meta name=\"twitter:data1\" content=\"Potencia Radiof\u00f3nica Dominicana\" \/>\n\t<meta name=\"twitter:label2\" content=\"Tiempo de lectura\" \/>\n\t<meta name=\"twitter:data2\" content=\"5 minutos\" \/>\n<script type=\"application\/ld+json\" class=\"yoast-schema-graph\">{\"@context\":\"https:\/\/schema.org\",\"@graph\":[{\"@type\":\"Article\",\"@id\":\"https:\/\/potenciaradiofonicadominicana.com\/portal\/samana-bayport-recibe-22-cruceros-y-cerca-de-50000-visitantes-en-su-primera-temporada\/#article\",\"isPartOf\":{\"@id\":\"https:\/\/potenciaradiofonicadominicana.com\/portal\/samana-bayport-recibe-22-cruceros-y-cerca-de-50000-visitantes-en-su-primera-temporada\/\"},\"author\":{\"name\":\"Potencia Radiof\u00f3nica Dominicana\",\"@id\":\"https:\/\/potenciaradiofonicadominicana.com\/portal\/#\/schema\/person\/a5cf1fea13877803ee0573ac18b03490\"},\"headline\":\"Saman\u00e1 Bayport recibe 22 cruceros y cerca de 50,000 visitantes en su primera temporada\",\"datePublished\":\"2026-04-13T01:30:02+00:00\",\"mainEntityOfPage\":{\"@id\":\"https:\/\/potenciaradiofonicadominicana.com\/portal\/samana-bayport-recibe-22-cruceros-y-cerca-de-50000-visitantes-en-su-primera-temporada\/\"},\"wordCount\":889,\"publisher\":{\"@id\":\"https:\/\/potenciaradiofonicadominicana.com\/portal\/#organization\"},\"image\":{\"@id\":\"https:\/\/potenciaradiofonicadominicana.com\/portal\/samana-bayport-recibe-22-cruceros-y-cerca-de-50000-visitantes-en-su-primera-temporada\/#primaryimage\"},\"thumbnailUrl\":\"https:\/\/potenciaradiofonicadominicana.com\/portal\/wp-content\/uploads\/2026\/04\/samana-bayport-recibe-22-cruceros-y-cerca-de-50000-visitantes-157acc8c-focus-0-0-896-504.jpg\",\"articleSection\":[\"Econom\u00eda\"],\"inLanguage\":\"es\"},{\"@type\":\"WebPage\",\"@id\":\"https:\/\/potenciaradiofonicadominicana.com\/portal\/samana-bayport-recibe-22-cruceros-y-cerca-de-50000-visitantes-en-su-primera-temporada\/\",\"url\":\"https:\/\/potenciaradiofonicadominicana.com\/portal\/samana-bayport-recibe-22-cruceros-y-cerca-de-50000-visitantes-en-su-primera-temporada\/\",\"name\":\"Saman\u00e1 Bayport recibe 22 cruceros y cerca de 50,000 visitantes en su primera temporada - PotenciaRadiofonicaDominicana.com\",\"isPartOf\":{\"@id\":\"https:\/\/potenciaradiofonicadominicana.com\/portal\/#website\"},\"primaryImageOfPage\":{\"@id\":\"https:\/\/potenciaradiofonicadominicana.com\/portal\/samana-bayport-recibe-22-cruceros-y-cerca-de-50000-visitantes-en-su-primera-temporada\/#primaryimage\"},\"image\":{\"@id\":\"https:\/\/potenciaradiofonicadominicana.com\/portal\/samana-bayport-recibe-22-cruceros-y-cerca-de-50000-visitantes-en-su-primera-temporada\/#primaryimage\"},\"thumbnailUrl\":\"https:\/\/potenciaradiofonicadominicana.com\/portal\/wp-content\/uploads\/2026\/04\/samana-bayport-recibe-22-cruceros-y-cerca-de-50000-visitantes-157acc8c-focus-0-0-896-504.jpg\",\"datePublished\":\"2026-04-13T01:30:02+00:00\",\"breadcrumb\":{\"@id\":\"https:\/\/potenciaradiofonicadominicana.com\/portal\/samana-bayport-recibe-22-cruceros-y-cerca-de-50000-visitantes-en-su-primera-temporada\/#breadcrumb\"},\"inLanguage\":\"es\",\"potentialAction\":[{\"@type\":\"ReadAction\",\"target\":[\"https:\/\/potenciaradiofonicadominicana.com\/portal\/samana-bayport-recibe-22-cruceros-y-cerca-de-50000-visitantes-en-su-primera-temporada\/\"]}]},{\"@type\":\"ImageObject\",\"inLanguage\":\"es\",\"@id\":\"https:\/\/potenciaradiofonicadominicana.com\/portal\/samana-bayport-recibe-22-cruceros-y-cerca-de-50000-visitantes-en-su-primera-temporada\/#primaryimage\",\"url\":\"https:\/\/potenciaradiofonicadominicana.com\/portal\/wp-content\/uploads\/2026\/04\/samana-bayport-recibe-22-cruceros-y-cerca-de-50000-visitantes-157acc8c-focus-0-0-896-504.jpg\",\"contentUrl\":\"https:\/\/potenciaradiofonicadominicana.com\/portal\/wp-content\/uploads\/2026\/04\/samana-bayport-recibe-22-cruceros-y-cerca-de-50000-visitantes-157acc8c-focus-0-0-896-504.jpg\",\"width\":896,\"height\":504},{\"@type\":\"BreadcrumbList\",\"@id\":\"https:\/\/potenciaradiofonicadominicana.com\/portal\/samana-bayport-recibe-22-cruceros-y-cerca-de-50000-visitantes-en-su-primera-temporada\/#breadcrumb\",\"itemListElement\":[{\"@type\":\"ListItem\",\"position\":1,\"name\":\"Portada\",\"item\":\"https:\/\/potenciaradiofonicadominicana.com\/portal\/\"},{\"@type\":\"ListItem\",\"position\":2,\"name\":\"Saman\u00e1 Bayport recibe 22 cruceros y cerca de 50,000 visitantes en su primera temporada\"}]},{\"@type\":\"WebSite\",\"@id\":\"https:\/\/potenciaradiofonicadominicana.com\/portal\/#website\",\"url\":\"https:\/\/potenciaradiofonicadominicana.com\/portal\/\",\"name\":\"PotenciaRadiofonicaDominicana.com\",\"description\":\"Peri\u00f3dico Digital\",\"publisher\":{\"@id\":\"https:\/\/potenciaradiofonicadominicana.com\/portal\/#organization\"},\"potentialAction\":[{\"@type\":\"SearchAction\",\"target\":{\"@type\":\"EntryPoint\",\"urlTemplate\":\"https:\/\/potenciaradiofonicadominicana.com\/portal\/?s={search_term_string}\"},\"query-input\":{\"@type\":\"PropertyValueSpecification\",\"valueRequired\":true,\"valueName\":\"search_term_string\"}}],\"inLanguage\":\"es\"},{\"@type\":\"Organization\",\"@id\":\"https:\/\/potenciaradiofonicadominicana.com\/portal\/#organization\",\"name\":\"PotenciaRadiofonicaDominicana.com\",\"url\":\"https:\/\/potenciaradiofonicadominicana.com\/portal\/\",\"logo\":{\"@type\":\"ImageObject\",\"inLanguage\":\"es\",\"@id\":\"https:\/\/potenciaradiofonicadominicana.com\/portal\/#\/schema\/logo\/image\/\",\"url\":\"https:\/\/potenciaradiofonicadominicana.com\/portal\/wp-content\/uploads\/2022\/01\/descarga.png\",\"contentUrl\":\"https:\/\/potenciaradiofonicadominicana.com\/portal\/wp-content\/uploads\/2022\/01\/descarga.png\",\"width\":300,\"height\":100,\"caption\":\"PotenciaRadiofonicaDominicana.com\"},\"image\":{\"@id\":\"https:\/\/potenciaradiofonicadominicana.com\/portal\/#\/schema\/logo\/image\/\"},\"sameAs\":[\"https:\/\/web.facebook.com\/PotenciaRadiofonicaD\"]},{\"@type\":\"Person\",\"@id\":\"https:\/\/potenciaradiofonicadominicana.com\/portal\/#\/schema\/person\/a5cf1fea13877803ee0573ac18b03490\",\"name\":\"Potencia Radiof\u00f3nica Dominicana\",\"image\":{\"@type\":\"ImageObject\",\"inLanguage\":\"es\",\"@id\":\"https:\/\/potenciaradiofonicadominicana.com\/portal\/#\/schema\/person\/image\/\",\"url\":\"https:\/\/secure.gravatar.com\/avatar\/42a55ab9e8ccc656ba34cd791990602a?s=96&d=mm&r=g\",\"contentUrl\":\"https:\/\/secure.gravatar.com\/avatar\/42a55ab9e8ccc656ba34cd791990602a?s=96&d=mm&r=g\",\"caption\":\"Potencia Radiof\u00f3nica Dominicana\"},\"url\":\"https:\/\/potenciaradiofonicadominicana.com\/portal\/author\/johannyalmanzar\/\"}]}<\/script>\n<!-- \/ Yoast SEO plugin. -->","yoast_head_json":{"title":"Saman\u00e1 Bayport recibe 22 cruceros y cerca de 50,000 visitantes en su primera temporada - PotenciaRadiofonicaDominicana.com","robots":{"index":"index","follow":"follow","max-snippet":"max-snippet:-1","max-image-preview":"max-image-preview:large","max-video-preview":"max-video-preview:-1"},"canonical":"https:\/\/potenciaradiofonicadominicana.com\/portal\/samana-bayport-recibe-22-cruceros-y-cerca-de-50000-visitantes-en-su-primera-temporada\/","og_locale":"es_ES","og_type":"article","og_title":"Saman\u00e1 Bayport recibe 22 cruceros y cerca de 50,000 visitantes en su primera temporada - PotenciaRadiofonicaDominicana.com","og_description":"El puerto de cruceros\u00a0Saman\u00e1 Bayport\u00a0inici\u00f3 sus operaciones con un importante impulso para el turismo al registrar la llegada de 22\u00a0embarcaciones\u00a0y ...","og_url":"https:\/\/potenciaradiofonicadominicana.com\/portal\/samana-bayport-recibe-22-cruceros-y-cerca-de-50000-visitantes-en-su-primera-temporada\/","og_site_name":"PotenciaRadiofonicaDominicana.com","article_publisher":"https:\/\/web.facebook.com\/PotenciaRadiofonicaD","article_published_time":"2026-04-13T01:30:02+00:00","og_image":[{"width":896,"height":504,"url":"https:\/\/potenciaradiofonicadominicana.com\/portal\/wp-content\/uploads\/2026\/04\/samana-bayport-recibe-22-cruceros-y-cerca-de-50000-visitantes-157acc8c-focus-0-0-896-504.jpg","type":"image\/jpeg"}],"author":"Potencia Radiof\u00f3nica Dominicana","twitter_card":"summary_large_image","twitter_misc":{"Escrito por":"Potencia Radiof\u00f3nica Dominicana","Tiempo de lectura":"5 minutos"},"schema":{"@context":"https:\/\/schema.org","@graph":[{"@type":"Article","@id":"https:\/\/potenciaradiofonicadominicana.com\/portal\/samana-bayport-recibe-22-cruceros-y-cerca-de-50000-visitantes-en-su-primera-temporada\/#article","isPartOf":{"@id":"https:\/\/potenciaradiofonicadominicana.com\/portal\/samana-bayport-recibe-22-cruceros-y-cerca-de-50000-visitantes-en-su-primera-temporada\/"},"author":{"name":"Potencia Radiof\u00f3nica Dominicana","@id":"https:\/\/potenciaradiofonicadominicana.com\/portal\/#\/schema\/person\/a5cf1fea13877803ee0573ac18b03490"},"headline":"Saman\u00e1 Bayport recibe 22 cruceros y cerca de 50,000 visitantes en su primera temporada","datePublished":"2026-04-13T01:30:02+00:00","mainEntityOfPage":{"@id":"https:\/\/potenciaradiofonicadominicana.com\/portal\/samana-bayport-recibe-22-cruceros-y-cerca-de-50000-visitantes-en-su-primera-temporada\/"},"wordCount":889,"publisher":{"@id":"https:\/\/potenciaradiofonicadominicana.com\/portal\/#organization"},"image":{"@id":"https:\/\/potenciaradiofonicadominicana.com\/portal\/samana-bayport-recibe-22-cruceros-y-cerca-de-50000-visitantes-en-su-primera-temporada\/#primaryimage"},"thumbnailUrl":"https:\/\/potenciaradiofonicadominicana.com\/portal\/wp-content\/uploads\/2026\/04\/samana-bayport-recibe-22-cruceros-y-cerca-de-50000-visitantes-157acc8c-focus-0-0-896-504.jpg","articleSection":["Econom\u00eda"],"inLanguage":"es"},{"@type":"WebPage","@id":"https:\/\/potenciaradiofonicadominicana.com\/portal\/samana-bayport-recibe-22-cruceros-y-cerca-de-50000-visitantes-en-su-primera-temporada\/","url":"https:\/\/potenciaradiofonicadominicana.com\/portal\/samana-bayport-recibe-22-cruceros-y-cerca-de-50000-visitantes-en-su-primera-temporada\/","name":"Saman\u00e1 Bayport recibe 22 cruceros y cerca de 50,000 visitantes en su primera temporada - PotenciaRadiofonicaDominicana.com","isPartOf":{"@id":"https:\/\/potenciaradiofonicadominicana.com\/portal\/#website"},"primaryImageOfPage":{"@id":"https:\/\/potenciaradiofonicadominicana.com\/portal\/samana-bayport-recibe-22-cruceros-y-cerca-de-50000-visitantes-en-su-primera-temporada\/#primaryimage"},"image":{"@id":"https:\/\/potenciaradiofonicadominicana.com\/portal\/samana-bayport-recibe-22-cruceros-y-cerca-de-50000-visitantes-en-su-primera-temporada\/#primaryimage"},"thumbnailUrl":"https:\/\/potenciaradiofonicadominicana.com\/portal\/wp-content\/uploads\/2026\/04\/samana-bayport-recibe-22-cruceros-y-cerca-de-50000-visitantes-157acc8c-focus-0-0-896-504.jpg","datePublished":"2026-04-13T01:30:02+00:00","breadcrumb":{"@id":"https:\/\/potenciaradiofonicadominicana.com\/portal\/samana-bayport-recibe-22-cruceros-y-cerca-de-50000-visitantes-en-su-primera-temporada\/#breadcrumb"},"inLanguage":"es","potentialAction":[{"@type":"ReadAction","target":["https:\/\/potenciaradiofonicadominicana.com\/portal\/samana-bayport-recibe-22-cruceros-y-cerca-de-50000-visitantes-en-su-primera-temporada\/"]}]},{"@type":"ImageObject","inLanguage":"es","@id":"https:\/\/potenciaradiofonicadominicana.com\/portal\/samana-bayport-recibe-22-cruceros-y-cerca-de-50000-visitantes-en-su-primera-temporada\/#primaryimage","url":"https:\/\/potenciaradiofonicadominicana.com\/portal\/wp-content\/uploads\/2026\/04\/samana-bayport-recibe-22-cruceros-y-cerca-de-50000-visitantes-157acc8c-focus-0-0-896-504.jpg","contentUrl":"https:\/\/potenciaradiofonicadominicana.com\/portal\/wp-content\/uploads\/2026\/04\/samana-bayport-recibe-22-cruceros-y-cerca-de-50000-visitantes-157acc8c-focus-0-0-896-504.jpg","width":896,"height":504},{"@type":"BreadcrumbList","@id":"https:\/\/potenciaradiofonicadominicana.com\/portal\/samana-bayport-recibe-22-cruceros-y-cerca-de-50000-visitantes-en-su-primera-temporada\/#breadcrumb","itemListElement":[{"@type":"ListItem","position":1,"name":"Portada","item":"https:\/\/potenciaradiofonicadominicana.com\/portal\/"},{"@type":"ListItem","position":2,"name":"Saman\u00e1 Bayport recibe 22 cruceros y cerca de 50,000 visitantes en su primera temporada"}]},{"@type":"WebSite","@id":"https:\/\/potenciaradiofonicadominicana.com\/portal\/#website","url":"https:\/\/potenciaradiofonicadominicana.com\/portal\/","name":"PotenciaRadiofonicaDominicana.com","description":"Peri\u00f3dico Digital","publisher":{"@id":"https:\/\/potenciaradiofonicadominicana.com\/portal\/#organization"},"potentialAction":[{"@type":"SearchAction","target":{"@type":"EntryPoint","urlTemplate":"https:\/\/potenciaradiofonicadominicana.com\/portal\/?s={search_term_string}"},"query-input":{"@type":"PropertyValueSpecification","valueRequired":true,"valueName":"search_term_string"}}],"inLanguage":"es"},{"@type":"Organization","@id":"https:\/\/potenciaradiofonicadominicana.com\/portal\/#organization","name":"PotenciaRadiofonicaDominicana.com","url":"https:\/\/potenciaradiofonicadominicana.com\/portal\/","logo":{"@type":"ImageObject","inLanguage":"es","@id":"https:\/\/potenciaradiofonicadominicana.com\/portal\/#\/schema\/logo\/image\/","url":"https:\/\/potenciaradiofonicadominicana.com\/portal\/wp-content\/uploads\/2022\/01\/descarga.png","contentUrl":"https:\/\/potenciaradiofonicadominicana.com\/portal\/wp-content\/uploads\/2022\/01\/descarga.png","width":300,"height":100,"caption":"PotenciaRadiofonicaDominicana.com"},"image":{"@id":"https:\/\/potenciaradiofonicadominicana.com\/portal\/#\/schema\/logo\/image\/"},"sameAs":["https:\/\/web.facebook.com\/PotenciaRadiofonicaD"]},{"@type":"Person","@id":"https:\/\/potenciaradiofonicadominicana.com\/portal\/#\/schema\/person\/a5cf1fea13877803ee0573ac18b03490","name":"Potencia Radiof\u00f3nica Dominicana","image":{"@type":"ImageObject","inLanguage":"es","@id":"https:\/\/potenciaradiofonicadominicana.com\/portal\/#\/schema\/person\/image\/","url":"https:\/\/secure.gravatar.com\/avatar\/42a55ab9e8ccc656ba34cd791990602a?s=96&d=mm&r=g","contentUrl":"https:\/\/secure.gravatar.com\/avatar\/42a55ab9e8ccc656ba34cd791990602a?s=96&d=mm&r=g","caption":"Potencia Radiof\u00f3nica Dominicana"},"url":"https:\/\/potenciaradiofonicadominicana.com\/portal\/author\/johannyalmanzar\/"}]}},"_links":{"self":[{"href":"https:\/\/potenciaradiofonicadominicana.com\/portal\/wp-json\/wp\/v2\/posts\/214795","targetHints":{"allow":["GET"]}}],"collection":[{"href":"https:\/\/potenciaradiofonicadominicana.com\/portal\/wp-json\/wp\/v2\/posts"}],"about":[{"href":"https:\/\/potenciaradiofonicadominicana.com\/portal\/wp-json\/wp\/v2\/types\/post"}],"author":[{"embeddable":true,"href":"https:\/\/potenciaradiofonicadominicana.com\/portal\/wp-json\/wp\/v2\/users\/2"}],"replies":[{"embeddable":true,"href":"https:\/\/potenciaradiofonicadominicana.com\/portal\/wp-json\/wp\/v2\/comments?post=214795"}],"version-history":[{"count":1,"href":"https:\/\/potenciaradiofonicadominicana.com\/portal\/wp-json\/wp\/v2\/posts\/214795\/revisions"}],"predecessor-version":[{"id":214799,"href":"https:\/\/potenciaradiofonicadominicana.com\/portal\/wp-json\/wp\/v2\/posts\/214795\/revisions\/214799"}],"wp:featuredmedia":[{"embeddable":true,"href":"https:\/\/potenciaradiofonicadominicana.com\/portal\/wp-json\/wp\/v2\/media\/214796"}],"wp:attachment":[{"href":"https:\/\/potenciaradiofonicadominicana.com\/portal\/wp-json\/wp\/v2\/media?parent=214795"}],"wp:term":[{"taxonomy":"category","embeddable":true,"href":"https:\/\/potenciaradiofonicadominicana.com\/portal\/wp-json\/wp\/v2\/categories?post=214795"},{"taxonomy":"post_tag","embeddable":true,"href":"https:\/\/potenciaradiofonicadominicana.com\/portal\/wp-json\/wp\/v2\/tags?post=214795"}],"curies":[{"name":"wp","href":"https:\/\/api.w.org\/{rel}","templated":true}]}}