{"id":214776,"date":"2026-04-12T21:25:22","date_gmt":"2026-04-13T01:25:22","guid":{"rendered":"https:\/\/potenciaradiofonicadominicana.com\/portal\/?p=214776"},"modified":"2026-04-12T21:25:22","modified_gmt":"2026-04-13T01:25:22","slug":"grupo-ramos-anuncia-emision-de-un-fideicomiso-de-oferta-publica","status":"publish","type":"post","link":"https:\/\/potenciaradiofonicadominicana.com\/portal\/grupo-ramos-anuncia-emision-de-un-fideicomiso-de-oferta-publica\/","title":{"rendered":"Grupo Ramos anuncia emisi\u00f3n de un fideicomiso de oferta p\u00fablica"},"content":{"rendered":"<p><a href=\"https:\/\/potenciaradiofonicadominicana.com\/portal\/wp-content\/uploads\/2026\/04\/grupo-ramos-anuncia-emision-de-un-fideicomiso-cdf990b0-focus-0-0-896-504.png\"><img loading=\"lazy\" decoding=\"async\" class=\"alignnone size-full wp-image-214789\" src=\"https:\/\/potenciaradiofonicadominicana.com\/portal\/wp-content\/uploads\/2026\/04\/grupo-ramos-anuncia-emision-de-un-fideicomiso-cdf990b0-focus-0-0-896-504.png\" alt=\"\" width=\"896\" height=\"504\" srcset=\"https:\/\/potenciaradiofonicadominicana.com\/portal\/wp-content\/uploads\/2026\/04\/grupo-ramos-anuncia-emision-de-un-fideicomiso-cdf990b0-focus-0-0-896-504.png 896w, https:\/\/potenciaradiofonicadominicana.com\/portal\/wp-content\/uploads\/2026\/04\/grupo-ramos-anuncia-emision-de-un-fideicomiso-cdf990b0-focus-0-0-896-504-300x169.png 300w, https:\/\/potenciaradiofonicadominicana.com\/portal\/wp-content\/uploads\/2026\/04\/grupo-ramos-anuncia-emision-de-un-fideicomiso-cdf990b0-focus-0-0-896-504-768x432.png 768w\" sizes=\"auto, (max-width: 896px) 100vw, 896px\" \/><\/a><\/p>\n<p><span>El\u00a0<\/span>Grupo Ramos\u00a0anunci\u00f3 su participaci\u00f3n en el\u00a0mercado de valores\u00a0dominicano a trav\u00e9s de la\u00a0emisi\u00f3n\u00a0de un\u00a0fideicomiso de oferta p\u00fablica, mediante el cual busca canalizar recursos de los inversionistas hacia un\u00a0patrimonio aut\u00f3nomo, conformado por dos\u00a0activos\u00a0inmobiliarios: la multiplaza de La Romana y la de Hig\u00fcey.<\/p>\n<p>El\u00a0fideicomiso\u00a0ser\u00e1 administrado por\u00a0Fiduciaria Reservas\u00a0y fue autorizado por la\u00a0Superintendencia del Mercado de Valores. Con la operaci\u00f3n, el grupo empresarial pretende financiar su crecimiento, seg\u00fan comunic\u00f3 la firma a trav\u00e9s de varios videos publicados en su cuenta de la red social Instagram.<\/p>\n<div class=\"my-12 component web-insert-bullet relative border bg-component\">\n<p>\u00abA trav\u00e9s del fideicomiso la empresa captar\u00e1 capital que ser\u00e1 utilizado principalmente para financiar nuevos proyectos y fortalecer su estructura financiera. Este mecanismo permite acceder a financiamientos de largo plazo sin necesidad de vender la empresa ni ceder el control de sus operaciones\u00bb, indic\u00f3.<\/p>\n<\/div>\n<p>Sin embargo, la empresa aclar\u00f3 que continuar\u00e1 administrando los inmuebles, incluyendo el\u00a0mantenimiento, los arrendamientos, mejoras y\u00a0operaci\u00f3n comercial.<\/p>\n<p>\u00abAl constituirse el\u00a0fideicomiso, esos\u00a0activos\u00a0pasan a formar parte de un\u00a0patrimonio aut\u00f3nomo, formando una\u00a0estructura legal y financiera\u00a0separada, tanto del\u00a0Grupo Ramos\u00a0como de la fiduciaria que lo administra. Esta estructura permite que los inversionistas participen en los resultados del\u00a0fideicomiso, sin que la empresa pierda la gesti\u00f3n operativa de las plazas\u00bb, explic\u00f3.<\/p>\n<p>Mayor transparencia<\/p>\n<p>A\u00f1adi\u00f3 que, al vencimiento de la\u00a0emisi\u00f3n, existe la posibilidad de que la empresa ejerza el\u00a0derecho de adquirir\u00a0nuevamente esos\u00a0activos.<\/p>\n<p>Grupo Ramos\u00a0se\u00f1al\u00f3 que, al participar en el mercado, la organizaci\u00f3n asume\u00a0mayores est\u00e1ndares\u00a0de\u00a0transparencia,\u00a0supervisi\u00f3n\u00a0y revelaci\u00f3n de informaci\u00f3n. \u00abEsto no solo fortalece la confianza de los inversionistas, tambi\u00e9n contribuye al desarrollo del mercado de capitales en la\u00a0Rep\u00fablica Dominicana\u00bb, destac\u00f3.<\/p>\n","protected":false},"excerpt":{"rendered":"<p>El\u00a0Grupo Ramos\u00a0anunci\u00f3 su participaci\u00f3n en el\u00a0mercado de valores\u00a0dominicano a trav\u00e9s de la\u00a0emisi\u00f3n\u00a0de un\u00a0fideicomiso de oferta p\u00fablica, mediante el cual busca &#8230;<\/p>\n","protected":false},"author":2,"featured_media":214789,"comment_status":"closed","ping_status":"closed","sticky":false,"template":"","format":"standard","meta":{"footnotes":""},"categories":[26],"tags":[],"class_list":["post-214776","post","type-post","status-publish","format-standard","has-post-thumbnail","hentry","category-economia"],"yoast_head":"<!-- This site is optimized with the Yoast SEO plugin v24.8.1 - https:\/\/yoast.com\/wordpress\/plugins\/seo\/ -->\n<title>Grupo Ramos anuncia emisi\u00f3n de un fideicomiso de oferta p\u00fablica - PotenciaRadiofonicaDominicana.com<\/title>\n<meta name=\"robots\" content=\"index, follow, max-snippet:-1, max-image-preview:large, max-video-preview:-1\" \/>\n<link rel=\"canonical\" href=\"https:\/\/potenciaradiofonicadominicana.com\/portal\/grupo-ramos-anuncia-emision-de-un-fideicomiso-de-oferta-publica\/\" \/>\n<meta property=\"og:locale\" content=\"es_ES\" \/>\n<meta property=\"og:type\" content=\"article\" \/>\n<meta property=\"og:title\" content=\"Grupo Ramos anuncia emisi\u00f3n de un fideicomiso de oferta p\u00fablica - PotenciaRadiofonicaDominicana.com\" \/>\n<meta property=\"og:description\" content=\"El\u00a0Grupo Ramos\u00a0anunci\u00f3 su participaci\u00f3n en el\u00a0mercado de valores\u00a0dominicano a trav\u00e9s de la\u00a0emisi\u00f3n\u00a0de un\u00a0fideicomiso de oferta p\u00fablica, mediante el cual busca ...\" \/>\n<meta property=\"og:url\" content=\"https:\/\/potenciaradiofonicadominicana.com\/portal\/grupo-ramos-anuncia-emision-de-un-fideicomiso-de-oferta-publica\/\" \/>\n<meta property=\"og:site_name\" content=\"PotenciaRadiofonicaDominicana.com\" \/>\n<meta property=\"article:publisher\" content=\"https:\/\/web.facebook.com\/PotenciaRadiofonicaD\" \/>\n<meta property=\"article:published_time\" content=\"2026-04-13T01:25:22+00:00\" \/>\n<meta property=\"og:image\" content=\"https:\/\/potenciaradiofonicadominicana.com\/portal\/wp-content\/uploads\/2026\/04\/grupo-ramos-anuncia-emision-de-un-fideicomiso-cdf990b0-focus-0-0-896-504.png\" \/>\n\t<meta property=\"og:image:width\" content=\"896\" \/>\n\t<meta property=\"og:image:height\" content=\"504\" \/>\n\t<meta property=\"og:image:type\" content=\"image\/png\" \/>\n<meta name=\"author\" content=\"Potencia Radiof\u00f3nica Dominicana\" \/>\n<meta name=\"twitter:card\" content=\"summary_large_image\" \/>\n<meta name=\"twitter:label1\" content=\"Escrito por\" \/>\n\t<meta name=\"twitter:data1\" content=\"Potencia Radiof\u00f3nica Dominicana\" \/>\n\t<meta name=\"twitter:label2\" content=\"Tiempo de lectura\" \/>\n\t<meta name=\"twitter:data2\" content=\"2 minutos\" \/>\n<script type=\"application\/ld+json\" class=\"yoast-schema-graph\">{\"@context\":\"https:\/\/schema.org\",\"@graph\":[{\"@type\":\"Article\",\"@id\":\"https:\/\/potenciaradiofonicadominicana.com\/portal\/grupo-ramos-anuncia-emision-de-un-fideicomiso-de-oferta-publica\/#article\",\"isPartOf\":{\"@id\":\"https:\/\/potenciaradiofonicadominicana.com\/portal\/grupo-ramos-anuncia-emision-de-un-fideicomiso-de-oferta-publica\/\"},\"author\":{\"name\":\"Potencia Radiof\u00f3nica Dominicana\",\"@id\":\"https:\/\/potenciaradiofonicadominicana.com\/portal\/#\/schema\/person\/a5cf1fea13877803ee0573ac18b03490\"},\"headline\":\"Grupo Ramos anuncia emisi\u00f3n de un fideicomiso de oferta p\u00fablica\",\"datePublished\":\"2026-04-13T01:25:22+00:00\",\"mainEntityOfPage\":{\"@id\":\"https:\/\/potenciaradiofonicadominicana.com\/portal\/grupo-ramos-anuncia-emision-de-un-fideicomiso-de-oferta-publica\/\"},\"wordCount\":316,\"publisher\":{\"@id\":\"https:\/\/potenciaradiofonicadominicana.com\/portal\/#organization\"},\"image\":{\"@id\":\"https:\/\/potenciaradiofonicadominicana.com\/portal\/grupo-ramos-anuncia-emision-de-un-fideicomiso-de-oferta-publica\/#primaryimage\"},\"thumbnailUrl\":\"https:\/\/potenciaradiofonicadominicana.com\/portal\/wp-content\/uploads\/2026\/04\/grupo-ramos-anuncia-emision-de-un-fideicomiso-cdf990b0-focus-0-0-896-504.png\",\"articleSection\":[\"Econom\u00eda\"],\"inLanguage\":\"es\"},{\"@type\":\"WebPage\",\"@id\":\"https:\/\/potenciaradiofonicadominicana.com\/portal\/grupo-ramos-anuncia-emision-de-un-fideicomiso-de-oferta-publica\/\",\"url\":\"https:\/\/potenciaradiofonicadominicana.com\/portal\/grupo-ramos-anuncia-emision-de-un-fideicomiso-de-oferta-publica\/\",\"name\":\"Grupo Ramos anuncia emisi\u00f3n de un fideicomiso de oferta p\u00fablica - PotenciaRadiofonicaDominicana.com\",\"isPartOf\":{\"@id\":\"https:\/\/potenciaradiofonicadominicana.com\/portal\/#website\"},\"primaryImageOfPage\":{\"@id\":\"https:\/\/potenciaradiofonicadominicana.com\/portal\/grupo-ramos-anuncia-emision-de-un-fideicomiso-de-oferta-publica\/#primaryimage\"},\"image\":{\"@id\":\"https:\/\/potenciaradiofonicadominicana.com\/portal\/grupo-ramos-anuncia-emision-de-un-fideicomiso-de-oferta-publica\/#primaryimage\"},\"thumbnailUrl\":\"https:\/\/potenciaradiofonicadominicana.com\/portal\/wp-content\/uploads\/2026\/04\/grupo-ramos-anuncia-emision-de-un-fideicomiso-cdf990b0-focus-0-0-896-504.png\",\"datePublished\":\"2026-04-13T01:25:22+00:00\",\"breadcrumb\":{\"@id\":\"https:\/\/potenciaradiofonicadominicana.com\/portal\/grupo-ramos-anuncia-emision-de-un-fideicomiso-de-oferta-publica\/#breadcrumb\"},\"inLanguage\":\"es\",\"potentialAction\":[{\"@type\":\"ReadAction\",\"target\":[\"https:\/\/potenciaradiofonicadominicana.com\/portal\/grupo-ramos-anuncia-emision-de-un-fideicomiso-de-oferta-publica\/\"]}]},{\"@type\":\"ImageObject\",\"inLanguage\":\"es\",\"@id\":\"https:\/\/potenciaradiofonicadominicana.com\/portal\/grupo-ramos-anuncia-emision-de-un-fideicomiso-de-oferta-publica\/#primaryimage\",\"url\":\"https:\/\/potenciaradiofonicadominicana.com\/portal\/wp-content\/uploads\/2026\/04\/grupo-ramos-anuncia-emision-de-un-fideicomiso-cdf990b0-focus-0-0-896-504.png\",\"contentUrl\":\"https:\/\/potenciaradiofonicadominicana.com\/portal\/wp-content\/uploads\/2026\/04\/grupo-ramos-anuncia-emision-de-un-fideicomiso-cdf990b0-focus-0-0-896-504.png\",\"width\":896,\"height\":504},{\"@type\":\"BreadcrumbList\",\"@id\":\"https:\/\/potenciaradiofonicadominicana.com\/portal\/grupo-ramos-anuncia-emision-de-un-fideicomiso-de-oferta-publica\/#breadcrumb\",\"itemListElement\":[{\"@type\":\"ListItem\",\"position\":1,\"name\":\"Portada\",\"item\":\"https:\/\/potenciaradiofonicadominicana.com\/portal\/\"},{\"@type\":\"ListItem\",\"position\":2,\"name\":\"Grupo Ramos anuncia emisi\u00f3n de un fideicomiso de oferta p\u00fablica\"}]},{\"@type\":\"WebSite\",\"@id\":\"https:\/\/potenciaradiofonicadominicana.com\/portal\/#website\",\"url\":\"https:\/\/potenciaradiofonicadominicana.com\/portal\/\",\"name\":\"PotenciaRadiofonicaDominicana.com\",\"description\":\"Peri\u00f3dico Digital\",\"publisher\":{\"@id\":\"https:\/\/potenciaradiofonicadominicana.com\/portal\/#organization\"},\"potentialAction\":[{\"@type\":\"SearchAction\",\"target\":{\"@type\":\"EntryPoint\",\"urlTemplate\":\"https:\/\/potenciaradiofonicadominicana.com\/portal\/?s={search_term_string}\"},\"query-input\":{\"@type\":\"PropertyValueSpecification\",\"valueRequired\":true,\"valueName\":\"search_term_string\"}}],\"inLanguage\":\"es\"},{\"@type\":\"Organization\",\"@id\":\"https:\/\/potenciaradiofonicadominicana.com\/portal\/#organization\",\"name\":\"PotenciaRadiofonicaDominicana.com\",\"url\":\"https:\/\/potenciaradiofonicadominicana.com\/portal\/\",\"logo\":{\"@type\":\"ImageObject\",\"inLanguage\":\"es\",\"@id\":\"https:\/\/potenciaradiofonicadominicana.com\/portal\/#\/schema\/logo\/image\/\",\"url\":\"https:\/\/potenciaradiofonicadominicana.com\/portal\/wp-content\/uploads\/2022\/01\/descarga.png\",\"contentUrl\":\"https:\/\/potenciaradiofonicadominicana.com\/portal\/wp-content\/uploads\/2022\/01\/descarga.png\",\"width\":300,\"height\":100,\"caption\":\"PotenciaRadiofonicaDominicana.com\"},\"image\":{\"@id\":\"https:\/\/potenciaradiofonicadominicana.com\/portal\/#\/schema\/logo\/image\/\"},\"sameAs\":[\"https:\/\/web.facebook.com\/PotenciaRadiofonicaD\"]},{\"@type\":\"Person\",\"@id\":\"https:\/\/potenciaradiofonicadominicana.com\/portal\/#\/schema\/person\/a5cf1fea13877803ee0573ac18b03490\",\"name\":\"Potencia Radiof\u00f3nica Dominicana\",\"image\":{\"@type\":\"ImageObject\",\"inLanguage\":\"es\",\"@id\":\"https:\/\/potenciaradiofonicadominicana.com\/portal\/#\/schema\/person\/image\/\",\"url\":\"https:\/\/secure.gravatar.com\/avatar\/42a55ab9e8ccc656ba34cd791990602a?s=96&d=mm&r=g\",\"contentUrl\":\"https:\/\/secure.gravatar.com\/avatar\/42a55ab9e8ccc656ba34cd791990602a?s=96&d=mm&r=g\",\"caption\":\"Potencia Radiof\u00f3nica Dominicana\"},\"url\":\"https:\/\/potenciaradiofonicadominicana.com\/portal\/author\/johannyalmanzar\/\"}]}<\/script>\n<!-- \/ Yoast SEO plugin. -->","yoast_head_json":{"title":"Grupo Ramos anuncia emisi\u00f3n de un fideicomiso de oferta p\u00fablica - PotenciaRadiofonicaDominicana.com","robots":{"index":"index","follow":"follow","max-snippet":"max-snippet:-1","max-image-preview":"max-image-preview:large","max-video-preview":"max-video-preview:-1"},"canonical":"https:\/\/potenciaradiofonicadominicana.com\/portal\/grupo-ramos-anuncia-emision-de-un-fideicomiso-de-oferta-publica\/","og_locale":"es_ES","og_type":"article","og_title":"Grupo Ramos anuncia emisi\u00f3n de un fideicomiso de oferta p\u00fablica - PotenciaRadiofonicaDominicana.com","og_description":"El\u00a0Grupo Ramos\u00a0anunci\u00f3 su participaci\u00f3n en el\u00a0mercado de valores\u00a0dominicano a trav\u00e9s de la\u00a0emisi\u00f3n\u00a0de un\u00a0fideicomiso de oferta p\u00fablica, mediante el cual busca ...","og_url":"https:\/\/potenciaradiofonicadominicana.com\/portal\/grupo-ramos-anuncia-emision-de-un-fideicomiso-de-oferta-publica\/","og_site_name":"PotenciaRadiofonicaDominicana.com","article_publisher":"https:\/\/web.facebook.com\/PotenciaRadiofonicaD","article_published_time":"2026-04-13T01:25:22+00:00","og_image":[{"width":896,"height":504,"url":"https:\/\/potenciaradiofonicadominicana.com\/portal\/wp-content\/uploads\/2026\/04\/grupo-ramos-anuncia-emision-de-un-fideicomiso-cdf990b0-focus-0-0-896-504.png","type":"image\/png"}],"author":"Potencia Radiof\u00f3nica Dominicana","twitter_card":"summary_large_image","twitter_misc":{"Escrito por":"Potencia Radiof\u00f3nica Dominicana","Tiempo de lectura":"2 minutos"},"schema":{"@context":"https:\/\/schema.org","@graph":[{"@type":"Article","@id":"https:\/\/potenciaradiofonicadominicana.com\/portal\/grupo-ramos-anuncia-emision-de-un-fideicomiso-de-oferta-publica\/#article","isPartOf":{"@id":"https:\/\/potenciaradiofonicadominicana.com\/portal\/grupo-ramos-anuncia-emision-de-un-fideicomiso-de-oferta-publica\/"},"author":{"name":"Potencia Radiof\u00f3nica Dominicana","@id":"https:\/\/potenciaradiofonicadominicana.com\/portal\/#\/schema\/person\/a5cf1fea13877803ee0573ac18b03490"},"headline":"Grupo Ramos anuncia emisi\u00f3n de un fideicomiso de oferta p\u00fablica","datePublished":"2026-04-13T01:25:22+00:00","mainEntityOfPage":{"@id":"https:\/\/potenciaradiofonicadominicana.com\/portal\/grupo-ramos-anuncia-emision-de-un-fideicomiso-de-oferta-publica\/"},"wordCount":316,"publisher":{"@id":"https:\/\/potenciaradiofonicadominicana.com\/portal\/#organization"},"image":{"@id":"https:\/\/potenciaradiofonicadominicana.com\/portal\/grupo-ramos-anuncia-emision-de-un-fideicomiso-de-oferta-publica\/#primaryimage"},"thumbnailUrl":"https:\/\/potenciaradiofonicadominicana.com\/portal\/wp-content\/uploads\/2026\/04\/grupo-ramos-anuncia-emision-de-un-fideicomiso-cdf990b0-focus-0-0-896-504.png","articleSection":["Econom\u00eda"],"inLanguage":"es"},{"@type":"WebPage","@id":"https:\/\/potenciaradiofonicadominicana.com\/portal\/grupo-ramos-anuncia-emision-de-un-fideicomiso-de-oferta-publica\/","url":"https:\/\/potenciaradiofonicadominicana.com\/portal\/grupo-ramos-anuncia-emision-de-un-fideicomiso-de-oferta-publica\/","name":"Grupo Ramos anuncia emisi\u00f3n de un fideicomiso de oferta p\u00fablica - PotenciaRadiofonicaDominicana.com","isPartOf":{"@id":"https:\/\/potenciaradiofonicadominicana.com\/portal\/#website"},"primaryImageOfPage":{"@id":"https:\/\/potenciaradiofonicadominicana.com\/portal\/grupo-ramos-anuncia-emision-de-un-fideicomiso-de-oferta-publica\/#primaryimage"},"image":{"@id":"https:\/\/potenciaradiofonicadominicana.com\/portal\/grupo-ramos-anuncia-emision-de-un-fideicomiso-de-oferta-publica\/#primaryimage"},"thumbnailUrl":"https:\/\/potenciaradiofonicadominicana.com\/portal\/wp-content\/uploads\/2026\/04\/grupo-ramos-anuncia-emision-de-un-fideicomiso-cdf990b0-focus-0-0-896-504.png","datePublished":"2026-04-13T01:25:22+00:00","breadcrumb":{"@id":"https:\/\/potenciaradiofonicadominicana.com\/portal\/grupo-ramos-anuncia-emision-de-un-fideicomiso-de-oferta-publica\/#breadcrumb"},"inLanguage":"es","potentialAction":[{"@type":"ReadAction","target":["https:\/\/potenciaradiofonicadominicana.com\/portal\/grupo-ramos-anuncia-emision-de-un-fideicomiso-de-oferta-publica\/"]}]},{"@type":"ImageObject","inLanguage":"es","@id":"https:\/\/potenciaradiofonicadominicana.com\/portal\/grupo-ramos-anuncia-emision-de-un-fideicomiso-de-oferta-publica\/#primaryimage","url":"https:\/\/potenciaradiofonicadominicana.com\/portal\/wp-content\/uploads\/2026\/04\/grupo-ramos-anuncia-emision-de-un-fideicomiso-cdf990b0-focus-0-0-896-504.png","contentUrl":"https:\/\/potenciaradiofonicadominicana.com\/portal\/wp-content\/uploads\/2026\/04\/grupo-ramos-anuncia-emision-de-un-fideicomiso-cdf990b0-focus-0-0-896-504.png","width":896,"height":504},{"@type":"BreadcrumbList","@id":"https:\/\/potenciaradiofonicadominicana.com\/portal\/grupo-ramos-anuncia-emision-de-un-fideicomiso-de-oferta-publica\/#breadcrumb","itemListElement":[{"@type":"ListItem","position":1,"name":"Portada","item":"https:\/\/potenciaradiofonicadominicana.com\/portal\/"},{"@type":"ListItem","position":2,"name":"Grupo Ramos anuncia emisi\u00f3n de un fideicomiso de oferta p\u00fablica"}]},{"@type":"WebSite","@id":"https:\/\/potenciaradiofonicadominicana.com\/portal\/#website","url":"https:\/\/potenciaradiofonicadominicana.com\/portal\/","name":"PotenciaRadiofonicaDominicana.com","description":"Peri\u00f3dico Digital","publisher":{"@id":"https:\/\/potenciaradiofonicadominicana.com\/portal\/#organization"},"potentialAction":[{"@type":"SearchAction","target":{"@type":"EntryPoint","urlTemplate":"https:\/\/potenciaradiofonicadominicana.com\/portal\/?s={search_term_string}"},"query-input":{"@type":"PropertyValueSpecification","valueRequired":true,"valueName":"search_term_string"}}],"inLanguage":"es"},{"@type":"Organization","@id":"https:\/\/potenciaradiofonicadominicana.com\/portal\/#organization","name":"PotenciaRadiofonicaDominicana.com","url":"https:\/\/potenciaradiofonicadominicana.com\/portal\/","logo":{"@type":"ImageObject","inLanguage":"es","@id":"https:\/\/potenciaradiofonicadominicana.com\/portal\/#\/schema\/logo\/image\/","url":"https:\/\/potenciaradiofonicadominicana.com\/portal\/wp-content\/uploads\/2022\/01\/descarga.png","contentUrl":"https:\/\/potenciaradiofonicadominicana.com\/portal\/wp-content\/uploads\/2022\/01\/descarga.png","width":300,"height":100,"caption":"PotenciaRadiofonicaDominicana.com"},"image":{"@id":"https:\/\/potenciaradiofonicadominicana.com\/portal\/#\/schema\/logo\/image\/"},"sameAs":["https:\/\/web.facebook.com\/PotenciaRadiofonicaD"]},{"@type":"Person","@id":"https:\/\/potenciaradiofonicadominicana.com\/portal\/#\/schema\/person\/a5cf1fea13877803ee0573ac18b03490","name":"Potencia Radiof\u00f3nica Dominicana","image":{"@type":"ImageObject","inLanguage":"es","@id":"https:\/\/potenciaradiofonicadominicana.com\/portal\/#\/schema\/person\/image\/","url":"https:\/\/secure.gravatar.com\/avatar\/42a55ab9e8ccc656ba34cd791990602a?s=96&d=mm&r=g","contentUrl":"https:\/\/secure.gravatar.com\/avatar\/42a55ab9e8ccc656ba34cd791990602a?s=96&d=mm&r=g","caption":"Potencia Radiof\u00f3nica Dominicana"},"url":"https:\/\/potenciaradiofonicadominicana.com\/portal\/author\/johannyalmanzar\/"}]}},"_links":{"self":[{"href":"https:\/\/potenciaradiofonicadominicana.com\/portal\/wp-json\/wp\/v2\/posts\/214776","targetHints":{"allow":["GET"]}}],"collection":[{"href":"https:\/\/potenciaradiofonicadominicana.com\/portal\/wp-json\/wp\/v2\/posts"}],"about":[{"href":"https:\/\/potenciaradiofonicadominicana.com\/portal\/wp-json\/wp\/v2\/types\/post"}],"author":[{"embeddable":true,"href":"https:\/\/potenciaradiofonicadominicana.com\/portal\/wp-json\/wp\/v2\/users\/2"}],"replies":[{"embeddable":true,"href":"https:\/\/potenciaradiofonicadominicana.com\/portal\/wp-json\/wp\/v2\/comments?post=214776"}],"version-history":[{"count":1,"href":"https:\/\/potenciaradiofonicadominicana.com\/portal\/wp-json\/wp\/v2\/posts\/214776\/revisions"}],"predecessor-version":[{"id":214791,"href":"https:\/\/potenciaradiofonicadominicana.com\/portal\/wp-json\/wp\/v2\/posts\/214776\/revisions\/214791"}],"wp:featuredmedia":[{"embeddable":true,"href":"https:\/\/potenciaradiofonicadominicana.com\/portal\/wp-json\/wp\/v2\/media\/214789"}],"wp:attachment":[{"href":"https:\/\/potenciaradiofonicadominicana.com\/portal\/wp-json\/wp\/v2\/media?parent=214776"}],"wp:term":[{"taxonomy":"category","embeddable":true,"href":"https:\/\/potenciaradiofonicadominicana.com\/portal\/wp-json\/wp\/v2\/categories?post=214776"},{"taxonomy":"post_tag","embeddable":true,"href":"https:\/\/potenciaradiofonicadominicana.com\/portal\/wp-json\/wp\/v2\/tags?post=214776"}],"curies":[{"name":"wp","href":"https:\/\/api.w.org\/{rel}","templated":true}]}}