{"id":214657,"date":"2026-04-08T20:54:26","date_gmt":"2026-04-09T00:54:26","guid":{"rendered":"https:\/\/potenciaradiofonicadominicana.com\/portal\/?p=214657"},"modified":"2026-04-08T20:54:26","modified_gmt":"2026-04-09T00:54:26","slug":"codopyme-pide-aplazar-aplicacion-de-ley-residuos","status":"publish","type":"post","link":"https:\/\/potenciaradiofonicadominicana.com\/portal\/codopyme-pide-aplazar-aplicacion-de-ley-residuos\/","title":{"rendered":"Codopyme pide aplazar aplicaci\u00f3n de Ley Residuos"},"content":{"rendered":"<p><a href=\"https:\/\/potenciaradiofonicadominicana.com\/portal\/wp-content\/uploads\/2026\/04\/El-presidente-de-CODOPYME-Confederacion-Dominicana-de-la-Micro-Pequena-y-Mediana-Empresa-es-Fernando-Pinales.jpeg\"><img loading=\"lazy\" decoding=\"async\" class=\"alignnone size-full wp-image-214658\" src=\"https:\/\/potenciaradiofonicadominicana.com\/portal\/wp-content\/uploads\/2026\/04\/El-presidente-de-CODOPYME-Confederacion-Dominicana-de-la-Micro-Pequena-y-Mediana-Empresa-es-Fernando-Pinales.jpeg\" alt=\"\" width=\"1280\" height=\"853\" srcset=\"https:\/\/potenciaradiofonicadominicana.com\/portal\/wp-content\/uploads\/2026\/04\/El-presidente-de-CODOPYME-Confederacion-Dominicana-de-la-Micro-Pequena-y-Mediana-Empresa-es-Fernando-Pinales.jpeg 1280w, https:\/\/potenciaradiofonicadominicana.com\/portal\/wp-content\/uploads\/2026\/04\/El-presidente-de-CODOPYME-Confederacion-Dominicana-de-la-Micro-Pequena-y-Mediana-Empresa-es-Fernando-Pinales-300x200.jpeg 300w, https:\/\/potenciaradiofonicadominicana.com\/portal\/wp-content\/uploads\/2026\/04\/El-presidente-de-CODOPYME-Confederacion-Dominicana-de-la-Micro-Pequena-y-Mediana-Empresa-es-Fernando-Pinales-1024x682.jpeg 1024w, https:\/\/potenciaradiofonicadominicana.com\/portal\/wp-content\/uploads\/2026\/04\/El-presidente-de-CODOPYME-Confederacion-Dominicana-de-la-Micro-Pequena-y-Mediana-Empresa-es-Fernando-Pinales-768x512.jpeg 768w\" sizes=\"auto, (max-width: 1280px) 100vw, 1280px\" \/><\/a><\/p>\n<p>La\u00a0<strong>Confederaci\u00f3n Dominicana<\/strong>\u00a0de la Micro, Peque\u00f1a y Mediana Empresa (<strong>Codopyme<\/strong>) pidi\u00f3 al Gobierno aplazar la aplicaci\u00f3n de la\u00a0<strong>Ley 225-20<\/strong>\u00a0sobre\u00a0<strong>residuos s\u00f3lidos<\/strong>\u00a0y revisar su contenido, al considerar que su implementaci\u00f3n en las condiciones actuales aumentar\u00eda los\u00a0<strong>costos de producci\u00f3n<\/strong>\u00a0y terminar\u00eda presionando los precios al consumidor.<\/p>\n<p>El gremio sostuvo que la entrada en vigencia de la normativa se produce en un contexto de\u00a0<strong>incertidumbre internacional<\/strong>,\u00a0<strong>crisis haitiana<\/strong>\u00a0y esfuerzos oficiales por contener la\u00a0<strong>inflaci\u00f3n<\/strong>. En ese escenario, advirti\u00f3 que imponer nuevas cargas a las\u00a0<strong>mipymes<\/strong>\u00a0\u2014que, seg\u00fan indic\u00f3, representan m\u00e1s del 98 % del tejido empresarial del pa\u00eds\u2014 podr\u00eda afectar su competitividad, desincentivar la formalidad y trasladar costos adicionales a los hogares dominicanos.<\/p>\n<p><strong>Codopyme<\/strong>\u00a0tambi\u00e9n cuestion\u00f3 la\u00a0<strong>gobernanza del fideicomiso<\/strong>\u00a0vinculado al manejo de residuos, al se\u00f1alar posibles\u00a0<strong>conflictos de inter\u00e9s<\/strong>, y propuso aplazar la aplicaci\u00f3n de la ley hasta introducir correcciones,\u00a0<strong>revisar t\u00e9cnicamente<\/strong>\u00a0el marco regulatorio con participaci\u00f3n de las\u00a0<strong>mipymes<\/strong>\u00a0y establecer un esquema proporcional seg\u00fan el tama\u00f1o y capacidad econ\u00f3mica de las empresas.<\/p>\n","protected":false},"excerpt":{"rendered":"<p>La\u00a0Confederaci\u00f3n Dominicana\u00a0de la Micro, Peque\u00f1a y Mediana Empresa (Codopyme) pidi\u00f3 al Gobierno aplazar la aplicaci\u00f3n de la\u00a0Ley 225-20\u00a0sobre\u00a0residuos s\u00f3lidos\u00a0y revisar &#8230;<\/p>\n","protected":false},"author":2,"featured_media":214658,"comment_status":"closed","ping_status":"closed","sticky":false,"template":"","format":"standard","meta":{"footnotes":""},"categories":[26],"tags":[],"class_list":["post-214657","post","type-post","status-publish","format-standard","has-post-thumbnail","hentry","category-economia"],"yoast_head":"<!-- This site is optimized with the Yoast SEO plugin v24.8.1 - https:\/\/yoast.com\/wordpress\/plugins\/seo\/ -->\n<title>Codopyme pide aplazar aplicaci\u00f3n de Ley Residuos - PotenciaRadiofonicaDominicana.com<\/title>\n<meta name=\"robots\" content=\"index, follow, max-snippet:-1, max-image-preview:large, max-video-preview:-1\" \/>\n<link rel=\"canonical\" href=\"https:\/\/potenciaradiofonicadominicana.com\/portal\/codopyme-pide-aplazar-aplicacion-de-ley-residuos\/\" \/>\n<meta property=\"og:locale\" content=\"es_ES\" \/>\n<meta property=\"og:type\" content=\"article\" \/>\n<meta property=\"og:title\" content=\"Codopyme pide aplazar aplicaci\u00f3n de Ley Residuos - PotenciaRadiofonicaDominicana.com\" \/>\n<meta property=\"og:description\" content=\"La\u00a0Confederaci\u00f3n Dominicana\u00a0de la Micro, Peque\u00f1a y Mediana Empresa (Codopyme) pidi\u00f3 al Gobierno aplazar la aplicaci\u00f3n de la\u00a0Ley 225-20\u00a0sobre\u00a0residuos s\u00f3lidos\u00a0y revisar ...\" \/>\n<meta property=\"og:url\" content=\"https:\/\/potenciaradiofonicadominicana.com\/portal\/codopyme-pide-aplazar-aplicacion-de-ley-residuos\/\" \/>\n<meta property=\"og:site_name\" content=\"PotenciaRadiofonicaDominicana.com\" \/>\n<meta property=\"article:publisher\" content=\"https:\/\/web.facebook.com\/PotenciaRadiofonicaD\" \/>\n<meta property=\"article:published_time\" content=\"2026-04-09T00:54:26+00:00\" \/>\n<meta property=\"og:image\" content=\"https:\/\/potenciaradiofonicadominicana.com\/portal\/wp-content\/uploads\/2026\/04\/El-presidente-de-CODOPYME-Confederacion-Dominicana-de-la-Micro-Pequena-y-Mediana-Empresa-es-Fernando-Pinales.jpeg\" \/>\n\t<meta property=\"og:image:width\" content=\"1280\" \/>\n\t<meta property=\"og:image:height\" content=\"853\" \/>\n\t<meta property=\"og:image:type\" content=\"image\/jpeg\" \/>\n<meta name=\"author\" content=\"Potencia Radiof\u00f3nica Dominicana\" \/>\n<meta name=\"twitter:card\" content=\"summary_large_image\" \/>\n<meta name=\"twitter:label1\" content=\"Escrito por\" \/>\n\t<meta name=\"twitter:data1\" content=\"Potencia Radiof\u00f3nica Dominicana\" \/>\n\t<meta name=\"twitter:label2\" content=\"Tiempo de lectura\" \/>\n\t<meta name=\"twitter:data2\" content=\"2 minutos\" \/>\n<script type=\"application\/ld+json\" class=\"yoast-schema-graph\">{\"@context\":\"https:\/\/schema.org\",\"@graph\":[{\"@type\":\"Article\",\"@id\":\"https:\/\/potenciaradiofonicadominicana.com\/portal\/codopyme-pide-aplazar-aplicacion-de-ley-residuos\/#article\",\"isPartOf\":{\"@id\":\"https:\/\/potenciaradiofonicadominicana.com\/portal\/codopyme-pide-aplazar-aplicacion-de-ley-residuos\/\"},\"author\":{\"name\":\"Potencia Radiof\u00f3nica Dominicana\",\"@id\":\"https:\/\/potenciaradiofonicadominicana.com\/portal\/#\/schema\/person\/a5cf1fea13877803ee0573ac18b03490\"},\"headline\":\"Codopyme pide aplazar aplicaci\u00f3n de Ley Residuos\",\"datePublished\":\"2026-04-09T00:54:26+00:00\",\"mainEntityOfPage\":{\"@id\":\"https:\/\/potenciaradiofonicadominicana.com\/portal\/codopyme-pide-aplazar-aplicacion-de-ley-residuos\/\"},\"wordCount\":197,\"publisher\":{\"@id\":\"https:\/\/potenciaradiofonicadominicana.com\/portal\/#organization\"},\"image\":{\"@id\":\"https:\/\/potenciaradiofonicadominicana.com\/portal\/codopyme-pide-aplazar-aplicacion-de-ley-residuos\/#primaryimage\"},\"thumbnailUrl\":\"https:\/\/potenciaradiofonicadominicana.com\/portal\/wp-content\/uploads\/2026\/04\/El-presidente-de-CODOPYME-Confederacion-Dominicana-de-la-Micro-Pequena-y-Mediana-Empresa-es-Fernando-Pinales.jpeg\",\"articleSection\":[\"Econom\u00eda\"],\"inLanguage\":\"es\"},{\"@type\":\"WebPage\",\"@id\":\"https:\/\/potenciaradiofonicadominicana.com\/portal\/codopyme-pide-aplazar-aplicacion-de-ley-residuos\/\",\"url\":\"https:\/\/potenciaradiofonicadominicana.com\/portal\/codopyme-pide-aplazar-aplicacion-de-ley-residuos\/\",\"name\":\"Codopyme pide aplazar aplicaci\u00f3n de Ley Residuos - PotenciaRadiofonicaDominicana.com\",\"isPartOf\":{\"@id\":\"https:\/\/potenciaradiofonicadominicana.com\/portal\/#website\"},\"primaryImageOfPage\":{\"@id\":\"https:\/\/potenciaradiofonicadominicana.com\/portal\/codopyme-pide-aplazar-aplicacion-de-ley-residuos\/#primaryimage\"},\"image\":{\"@id\":\"https:\/\/potenciaradiofonicadominicana.com\/portal\/codopyme-pide-aplazar-aplicacion-de-ley-residuos\/#primaryimage\"},\"thumbnailUrl\":\"https:\/\/potenciaradiofonicadominicana.com\/portal\/wp-content\/uploads\/2026\/04\/El-presidente-de-CODOPYME-Confederacion-Dominicana-de-la-Micro-Pequena-y-Mediana-Empresa-es-Fernando-Pinales.jpeg\",\"datePublished\":\"2026-04-09T00:54:26+00:00\",\"breadcrumb\":{\"@id\":\"https:\/\/potenciaradiofonicadominicana.com\/portal\/codopyme-pide-aplazar-aplicacion-de-ley-residuos\/#breadcrumb\"},\"inLanguage\":\"es\",\"potentialAction\":[{\"@type\":\"ReadAction\",\"target\":[\"https:\/\/potenciaradiofonicadominicana.com\/portal\/codopyme-pide-aplazar-aplicacion-de-ley-residuos\/\"]}]},{\"@type\":\"ImageObject\",\"inLanguage\":\"es\",\"@id\":\"https:\/\/potenciaradiofonicadominicana.com\/portal\/codopyme-pide-aplazar-aplicacion-de-ley-residuos\/#primaryimage\",\"url\":\"https:\/\/potenciaradiofonicadominicana.com\/portal\/wp-content\/uploads\/2026\/04\/El-presidente-de-CODOPYME-Confederacion-Dominicana-de-la-Micro-Pequena-y-Mediana-Empresa-es-Fernando-Pinales.jpeg\",\"contentUrl\":\"https:\/\/potenciaradiofonicadominicana.com\/portal\/wp-content\/uploads\/2026\/04\/El-presidente-de-CODOPYME-Confederacion-Dominicana-de-la-Micro-Pequena-y-Mediana-Empresa-es-Fernando-Pinales.jpeg\",\"width\":1280,\"height\":853},{\"@type\":\"BreadcrumbList\",\"@id\":\"https:\/\/potenciaradiofonicadominicana.com\/portal\/codopyme-pide-aplazar-aplicacion-de-ley-residuos\/#breadcrumb\",\"itemListElement\":[{\"@type\":\"ListItem\",\"position\":1,\"name\":\"Portada\",\"item\":\"https:\/\/potenciaradiofonicadominicana.com\/portal\/\"},{\"@type\":\"ListItem\",\"position\":2,\"name\":\"Codopyme pide aplazar aplicaci\u00f3n de Ley Residuos\"}]},{\"@type\":\"WebSite\",\"@id\":\"https:\/\/potenciaradiofonicadominicana.com\/portal\/#website\",\"url\":\"https:\/\/potenciaradiofonicadominicana.com\/portal\/\",\"name\":\"PotenciaRadiofonicaDominicana.com\",\"description\":\"Peri\u00f3dico Digital\",\"publisher\":{\"@id\":\"https:\/\/potenciaradiofonicadominicana.com\/portal\/#organization\"},\"potentialAction\":[{\"@type\":\"SearchAction\",\"target\":{\"@type\":\"EntryPoint\",\"urlTemplate\":\"https:\/\/potenciaradiofonicadominicana.com\/portal\/?s={search_term_string}\"},\"query-input\":{\"@type\":\"PropertyValueSpecification\",\"valueRequired\":true,\"valueName\":\"search_term_string\"}}],\"inLanguage\":\"es\"},{\"@type\":\"Organization\",\"@id\":\"https:\/\/potenciaradiofonicadominicana.com\/portal\/#organization\",\"name\":\"PotenciaRadiofonicaDominicana.com\",\"url\":\"https:\/\/potenciaradiofonicadominicana.com\/portal\/\",\"logo\":{\"@type\":\"ImageObject\",\"inLanguage\":\"es\",\"@id\":\"https:\/\/potenciaradiofonicadominicana.com\/portal\/#\/schema\/logo\/image\/\",\"url\":\"https:\/\/potenciaradiofonicadominicana.com\/portal\/wp-content\/uploads\/2022\/01\/descarga.png\",\"contentUrl\":\"https:\/\/potenciaradiofonicadominicana.com\/portal\/wp-content\/uploads\/2022\/01\/descarga.png\",\"width\":300,\"height\":100,\"caption\":\"PotenciaRadiofonicaDominicana.com\"},\"image\":{\"@id\":\"https:\/\/potenciaradiofonicadominicana.com\/portal\/#\/schema\/logo\/image\/\"},\"sameAs\":[\"https:\/\/web.facebook.com\/PotenciaRadiofonicaD\"]},{\"@type\":\"Person\",\"@id\":\"https:\/\/potenciaradiofonicadominicana.com\/portal\/#\/schema\/person\/a5cf1fea13877803ee0573ac18b03490\",\"name\":\"Potencia Radiof\u00f3nica Dominicana\",\"image\":{\"@type\":\"ImageObject\",\"inLanguage\":\"es\",\"@id\":\"https:\/\/potenciaradiofonicadominicana.com\/portal\/#\/schema\/person\/image\/\",\"url\":\"https:\/\/secure.gravatar.com\/avatar\/42a55ab9e8ccc656ba34cd791990602a?s=96&d=mm&r=g\",\"contentUrl\":\"https:\/\/secure.gravatar.com\/avatar\/42a55ab9e8ccc656ba34cd791990602a?s=96&d=mm&r=g\",\"caption\":\"Potencia Radiof\u00f3nica Dominicana\"},\"url\":\"https:\/\/potenciaradiofonicadominicana.com\/portal\/author\/johannyalmanzar\/\"}]}<\/script>\n<!-- \/ Yoast SEO plugin. -->","yoast_head_json":{"title":"Codopyme pide aplazar aplicaci\u00f3n de Ley Residuos - PotenciaRadiofonicaDominicana.com","robots":{"index":"index","follow":"follow","max-snippet":"max-snippet:-1","max-image-preview":"max-image-preview:large","max-video-preview":"max-video-preview:-1"},"canonical":"https:\/\/potenciaradiofonicadominicana.com\/portal\/codopyme-pide-aplazar-aplicacion-de-ley-residuos\/","og_locale":"es_ES","og_type":"article","og_title":"Codopyme pide aplazar aplicaci\u00f3n de Ley Residuos - PotenciaRadiofonicaDominicana.com","og_description":"La\u00a0Confederaci\u00f3n Dominicana\u00a0de la Micro, Peque\u00f1a y Mediana Empresa (Codopyme) pidi\u00f3 al Gobierno aplazar la aplicaci\u00f3n de la\u00a0Ley 225-20\u00a0sobre\u00a0residuos s\u00f3lidos\u00a0y revisar ...","og_url":"https:\/\/potenciaradiofonicadominicana.com\/portal\/codopyme-pide-aplazar-aplicacion-de-ley-residuos\/","og_site_name":"PotenciaRadiofonicaDominicana.com","article_publisher":"https:\/\/web.facebook.com\/PotenciaRadiofonicaD","article_published_time":"2026-04-09T00:54:26+00:00","og_image":[{"width":1280,"height":853,"url":"https:\/\/potenciaradiofonicadominicana.com\/portal\/wp-content\/uploads\/2026\/04\/El-presidente-de-CODOPYME-Confederacion-Dominicana-de-la-Micro-Pequena-y-Mediana-Empresa-es-Fernando-Pinales.jpeg","type":"image\/jpeg"}],"author":"Potencia Radiof\u00f3nica Dominicana","twitter_card":"summary_large_image","twitter_misc":{"Escrito por":"Potencia Radiof\u00f3nica Dominicana","Tiempo de lectura":"2 minutos"},"schema":{"@context":"https:\/\/schema.org","@graph":[{"@type":"Article","@id":"https:\/\/potenciaradiofonicadominicana.com\/portal\/codopyme-pide-aplazar-aplicacion-de-ley-residuos\/#article","isPartOf":{"@id":"https:\/\/potenciaradiofonicadominicana.com\/portal\/codopyme-pide-aplazar-aplicacion-de-ley-residuos\/"},"author":{"name":"Potencia Radiof\u00f3nica Dominicana","@id":"https:\/\/potenciaradiofonicadominicana.com\/portal\/#\/schema\/person\/a5cf1fea13877803ee0573ac18b03490"},"headline":"Codopyme pide aplazar aplicaci\u00f3n de Ley Residuos","datePublished":"2026-04-09T00:54:26+00:00","mainEntityOfPage":{"@id":"https:\/\/potenciaradiofonicadominicana.com\/portal\/codopyme-pide-aplazar-aplicacion-de-ley-residuos\/"},"wordCount":197,"publisher":{"@id":"https:\/\/potenciaradiofonicadominicana.com\/portal\/#organization"},"image":{"@id":"https:\/\/potenciaradiofonicadominicana.com\/portal\/codopyme-pide-aplazar-aplicacion-de-ley-residuos\/#primaryimage"},"thumbnailUrl":"https:\/\/potenciaradiofonicadominicana.com\/portal\/wp-content\/uploads\/2026\/04\/El-presidente-de-CODOPYME-Confederacion-Dominicana-de-la-Micro-Pequena-y-Mediana-Empresa-es-Fernando-Pinales.jpeg","articleSection":["Econom\u00eda"],"inLanguage":"es"},{"@type":"WebPage","@id":"https:\/\/potenciaradiofonicadominicana.com\/portal\/codopyme-pide-aplazar-aplicacion-de-ley-residuos\/","url":"https:\/\/potenciaradiofonicadominicana.com\/portal\/codopyme-pide-aplazar-aplicacion-de-ley-residuos\/","name":"Codopyme pide aplazar aplicaci\u00f3n de Ley Residuos - PotenciaRadiofonicaDominicana.com","isPartOf":{"@id":"https:\/\/potenciaradiofonicadominicana.com\/portal\/#website"},"primaryImageOfPage":{"@id":"https:\/\/potenciaradiofonicadominicana.com\/portal\/codopyme-pide-aplazar-aplicacion-de-ley-residuos\/#primaryimage"},"image":{"@id":"https:\/\/potenciaradiofonicadominicana.com\/portal\/codopyme-pide-aplazar-aplicacion-de-ley-residuos\/#primaryimage"},"thumbnailUrl":"https:\/\/potenciaradiofonicadominicana.com\/portal\/wp-content\/uploads\/2026\/04\/El-presidente-de-CODOPYME-Confederacion-Dominicana-de-la-Micro-Pequena-y-Mediana-Empresa-es-Fernando-Pinales.jpeg","datePublished":"2026-04-09T00:54:26+00:00","breadcrumb":{"@id":"https:\/\/potenciaradiofonicadominicana.com\/portal\/codopyme-pide-aplazar-aplicacion-de-ley-residuos\/#breadcrumb"},"inLanguage":"es","potentialAction":[{"@type":"ReadAction","target":["https:\/\/potenciaradiofonicadominicana.com\/portal\/codopyme-pide-aplazar-aplicacion-de-ley-residuos\/"]}]},{"@type":"ImageObject","inLanguage":"es","@id":"https:\/\/potenciaradiofonicadominicana.com\/portal\/codopyme-pide-aplazar-aplicacion-de-ley-residuos\/#primaryimage","url":"https:\/\/potenciaradiofonicadominicana.com\/portal\/wp-content\/uploads\/2026\/04\/El-presidente-de-CODOPYME-Confederacion-Dominicana-de-la-Micro-Pequena-y-Mediana-Empresa-es-Fernando-Pinales.jpeg","contentUrl":"https:\/\/potenciaradiofonicadominicana.com\/portal\/wp-content\/uploads\/2026\/04\/El-presidente-de-CODOPYME-Confederacion-Dominicana-de-la-Micro-Pequena-y-Mediana-Empresa-es-Fernando-Pinales.jpeg","width":1280,"height":853},{"@type":"BreadcrumbList","@id":"https:\/\/potenciaradiofonicadominicana.com\/portal\/codopyme-pide-aplazar-aplicacion-de-ley-residuos\/#breadcrumb","itemListElement":[{"@type":"ListItem","position":1,"name":"Portada","item":"https:\/\/potenciaradiofonicadominicana.com\/portal\/"},{"@type":"ListItem","position":2,"name":"Codopyme pide aplazar aplicaci\u00f3n de Ley Residuos"}]},{"@type":"WebSite","@id":"https:\/\/potenciaradiofonicadominicana.com\/portal\/#website","url":"https:\/\/potenciaradiofonicadominicana.com\/portal\/","name":"PotenciaRadiofonicaDominicana.com","description":"Peri\u00f3dico Digital","publisher":{"@id":"https:\/\/potenciaradiofonicadominicana.com\/portal\/#organization"},"potentialAction":[{"@type":"SearchAction","target":{"@type":"EntryPoint","urlTemplate":"https:\/\/potenciaradiofonicadominicana.com\/portal\/?s={search_term_string}"},"query-input":{"@type":"PropertyValueSpecification","valueRequired":true,"valueName":"search_term_string"}}],"inLanguage":"es"},{"@type":"Organization","@id":"https:\/\/potenciaradiofonicadominicana.com\/portal\/#organization","name":"PotenciaRadiofonicaDominicana.com","url":"https:\/\/potenciaradiofonicadominicana.com\/portal\/","logo":{"@type":"ImageObject","inLanguage":"es","@id":"https:\/\/potenciaradiofonicadominicana.com\/portal\/#\/schema\/logo\/image\/","url":"https:\/\/potenciaradiofonicadominicana.com\/portal\/wp-content\/uploads\/2022\/01\/descarga.png","contentUrl":"https:\/\/potenciaradiofonicadominicana.com\/portal\/wp-content\/uploads\/2022\/01\/descarga.png","width":300,"height":100,"caption":"PotenciaRadiofonicaDominicana.com"},"image":{"@id":"https:\/\/potenciaradiofonicadominicana.com\/portal\/#\/schema\/logo\/image\/"},"sameAs":["https:\/\/web.facebook.com\/PotenciaRadiofonicaD"]},{"@type":"Person","@id":"https:\/\/potenciaradiofonicadominicana.com\/portal\/#\/schema\/person\/a5cf1fea13877803ee0573ac18b03490","name":"Potencia Radiof\u00f3nica Dominicana","image":{"@type":"ImageObject","inLanguage":"es","@id":"https:\/\/potenciaradiofonicadominicana.com\/portal\/#\/schema\/person\/image\/","url":"https:\/\/secure.gravatar.com\/avatar\/42a55ab9e8ccc656ba34cd791990602a?s=96&d=mm&r=g","contentUrl":"https:\/\/secure.gravatar.com\/avatar\/42a55ab9e8ccc656ba34cd791990602a?s=96&d=mm&r=g","caption":"Potencia Radiof\u00f3nica Dominicana"},"url":"https:\/\/potenciaradiofonicadominicana.com\/portal\/author\/johannyalmanzar\/"}]}},"_links":{"self":[{"href":"https:\/\/potenciaradiofonicadominicana.com\/portal\/wp-json\/wp\/v2\/posts\/214657","targetHints":{"allow":["GET"]}}],"collection":[{"href":"https:\/\/potenciaradiofonicadominicana.com\/portal\/wp-json\/wp\/v2\/posts"}],"about":[{"href":"https:\/\/potenciaradiofonicadominicana.com\/portal\/wp-json\/wp\/v2\/types\/post"}],"author":[{"embeddable":true,"href":"https:\/\/potenciaradiofonicadominicana.com\/portal\/wp-json\/wp\/v2\/users\/2"}],"replies":[{"embeddable":true,"href":"https:\/\/potenciaradiofonicadominicana.com\/portal\/wp-json\/wp\/v2\/comments?post=214657"}],"version-history":[{"count":1,"href":"https:\/\/potenciaradiofonicadominicana.com\/portal\/wp-json\/wp\/v2\/posts\/214657\/revisions"}],"predecessor-version":[{"id":214659,"href":"https:\/\/potenciaradiofonicadominicana.com\/portal\/wp-json\/wp\/v2\/posts\/214657\/revisions\/214659"}],"wp:featuredmedia":[{"embeddable":true,"href":"https:\/\/potenciaradiofonicadominicana.com\/portal\/wp-json\/wp\/v2\/media\/214658"}],"wp:attachment":[{"href":"https:\/\/potenciaradiofonicadominicana.com\/portal\/wp-json\/wp\/v2\/media?parent=214657"}],"wp:term":[{"taxonomy":"category","embeddable":true,"href":"https:\/\/potenciaradiofonicadominicana.com\/portal\/wp-json\/wp\/v2\/categories?post=214657"},{"taxonomy":"post_tag","embeddable":true,"href":"https:\/\/potenciaradiofonicadominicana.com\/portal\/wp-json\/wp\/v2\/tags?post=214657"}],"curies":[{"name":"wp","href":"https:\/\/api.w.org\/{rel}","templated":true}]}}