{"id":214654,"date":"2026-04-08T20:52:00","date_gmt":"2026-04-09T00:52:00","guid":{"rendered":"https:\/\/potenciaradiofonicadominicana.com\/portal\/?p=214654"},"modified":"2026-04-08T20:52:00","modified_gmt":"2026-04-09T00:52:00","slug":"merca-jumbo-inaugura-su-nueva-sucursal-en-las-terrenas","status":"publish","type":"post","link":"https:\/\/potenciaradiofonicadominicana.com\/portal\/merca-jumbo-inaugura-su-nueva-sucursal-en-las-terrenas\/","title":{"rendered":"Merca Jumbo inaugura su nueva sucursal en Las Terrenas"},"content":{"rendered":"<p><a href=\"https:\/\/potenciaradiofonicadominicana.com\/portal\/wp-content\/uploads\/2026\/04\/JUMBOTERRENA.jpg\"><img loading=\"lazy\" decoding=\"async\" class=\"alignnone size-full wp-image-214655\" src=\"https:\/\/potenciaradiofonicadominicana.com\/portal\/wp-content\/uploads\/2026\/04\/JUMBOTERRENA.jpg\" alt=\"\" width=\"924\" height=\"768\" srcset=\"https:\/\/potenciaradiofonicadominicana.com\/portal\/wp-content\/uploads\/2026\/04\/JUMBOTERRENA.jpg 924w, https:\/\/potenciaradiofonicadominicana.com\/portal\/wp-content\/uploads\/2026\/04\/JUMBOTERRENA-300x249.jpg 300w, https:\/\/potenciaradiofonicadominicana.com\/portal\/wp-content\/uploads\/2026\/04\/JUMBOTERRENA-768x638.jpg 768w\" sizes=\"auto, (max-width: 924px) 100vw, 924px\" \/><\/a><\/p>\n<p>SANTO DOMINGO.- Merca Jumbo inaugur\u00f3 su nueva sucursal en Las Terrenas, Saman\u00e1, ubicada en la Av. Boulevard Tur\u00edstico del Atl\u00e1ntico, como parte de su plan de expansi\u00f3n nacional.<\/p>\n<p>La apertura generar\u00e1 90 nuevos empleos directos y fortalecer\u00e1 la presencia de la empresa en esta importante zona tur\u00edstica, contribuyendo a la econom\u00eda dominicana.<\/p>\n<p>Este nuevo establecimiento llega para ofrecer a los clientes una experiencia de compra moderna y ajustada a sus necesidades, con productos de calidad y los mejores precios del mercado.<\/p>\n<p>La empresa contin\u00faa su crecimiento con esta moderna tienda que cuenta con 3,800 metros cuadrados de construcci\u00f3n, ofreciendo mayor comodidad y accesibilidad con 200 espacios de estacionamiento, adem\u00e1s de un amplio parqueo techado con capacidad para 200 motocicletas y four wheels, reafirmando su compromiso de brindar una experiencia de compra \u00e1gil y conveniente.<\/p>\n<p>\u201cEn Centro Cuesta Nacional seguimos apostando a la expansi\u00f3n de nuestra marca para estar cada vez m\u00e1s cerca de los dominicanos, ofreci\u00e9ndoles productos de la mejor calidad y a los mejores precios, con propuestas que se adapten a sus necesidades y eleven su experiencia de compra\u201d, expres\u00f3 Madelyn Mart\u00ednez, seg\u00fan se\u00f1ala una nota de prensa.<\/p>\n<p>Como parte de esta apertura, la empresa reafirma su compromiso con el desarrollo de las zonas donde opera y con el bienestar de las comunidades. Asimismo, fortalece su filosof\u00eda de apoyar iniciativas que contribuyan a mejorar la calidad de vida de las familias dominicanas.<\/p>\n<p>Como ya es tradici\u00f3n, en lugar de realizar un evento de inauguraci\u00f3n, Merca Jumbo ha decidido destinar los fondos que normalmente se utilizan en celebraciones a iniciativas de impacto social, aline\u00e1ndose con su prop\u00f3sito de generar un impacto positivo en las comunidades.<\/p>\n<p>En esta ocasi\u00f3n, los recursos ser\u00e1n destinados al Patronato Hospital Municipal Lic. Pablo A. Paulino, mediante la entrega de una ambulancia equipada, con el objetivo de fortalecer los servicios de emergencia y contribuir a mejorar la calidad de atenci\u00f3n de los pacientes, reafirmando as\u00ed su inter\u00e9s en el desarrollo de la comunidad de Las Terrenas.<\/p>\n<p>\u201cMerca Jumbo Las Terrenas ha sido concebida para ofrecer una experiencia de compra moderna, c\u00f3moda y eficiente, adaptada a las necesidades tanto de los residentes como de los visitantes de la zona, integrando espacios funcionales y una oferta variada que responde a los nuevos h\u00e1bitos de consumo\u201d, expres\u00f3 Zamira Guerrero.<\/p>\n<p>Merca Jumbo Las Terrenas se encuentra ubicada en una de las zonas de mayor crecimiento tur\u00edstico del pa\u00eds, ofreciendo a sus clientes un espacio accesible y moderno para realizar sus compras de manera c\u00f3moda. La tienda cuenta con un surtido de productos que responde a las necesidades de residentes y visitantes de la zona.<\/p>\n<p>Como parte de su propuesta de valor, la app Merca Jumbo estar\u00e1 disponible a partir del 30 de marzo, permitiendo a los clientes realizar sus compras a trav\u00e9s de delivery o modalidad pick up, facilitando a\u00fan m\u00e1s la experiencia de compra.<\/p>\n<p>Merca Jumbo Las Terrenas est\u00e1 abierta al p\u00fablico, de lunes a viernes de 7:00 a.m. a 12:00 a.m. y los domingos de 8:00 a.m. a 10:00 p.m. Con esta apertura, la empresa reafirma su compromiso de seguir creciendo en el pa\u00eds y de generar un impacto positivo en cada comunidad donde tiene presencia.<\/p>\n","protected":false},"excerpt":{"rendered":"<p>SANTO DOMINGO.- Merca Jumbo inaugur\u00f3 su nueva sucursal en Las Terrenas, Saman\u00e1, ubicada en la Av. Boulevard Tur\u00edstico del Atl\u00e1ntico, &#8230;<\/p>\n","protected":false},"author":2,"featured_media":214655,"comment_status":"closed","ping_status":"closed","sticky":false,"template":"","format":"standard","meta":{"footnotes":""},"categories":[26],"tags":[],"class_list":["post-214654","post","type-post","status-publish","format-standard","has-post-thumbnail","hentry","category-economia"],"yoast_head":"<!-- This site is optimized with the Yoast SEO plugin v24.8.1 - https:\/\/yoast.com\/wordpress\/plugins\/seo\/ -->\n<title>Merca Jumbo inaugura su nueva sucursal en Las Terrenas - PotenciaRadiofonicaDominicana.com<\/title>\n<meta name=\"robots\" content=\"index, follow, max-snippet:-1, max-image-preview:large, max-video-preview:-1\" \/>\n<link rel=\"canonical\" href=\"https:\/\/potenciaradiofonicadominicana.com\/portal\/merca-jumbo-inaugura-su-nueva-sucursal-en-las-terrenas\/\" \/>\n<meta property=\"og:locale\" content=\"es_ES\" \/>\n<meta property=\"og:type\" content=\"article\" \/>\n<meta property=\"og:title\" content=\"Merca Jumbo inaugura su nueva sucursal en Las Terrenas - PotenciaRadiofonicaDominicana.com\" \/>\n<meta property=\"og:description\" content=\"SANTO DOMINGO.- Merca Jumbo inaugur\u00f3 su nueva sucursal en Las Terrenas, Saman\u00e1, ubicada en la Av. Boulevard Tur\u00edstico del Atl\u00e1ntico, ...\" \/>\n<meta property=\"og:url\" content=\"https:\/\/potenciaradiofonicadominicana.com\/portal\/merca-jumbo-inaugura-su-nueva-sucursal-en-las-terrenas\/\" \/>\n<meta property=\"og:site_name\" content=\"PotenciaRadiofonicaDominicana.com\" \/>\n<meta property=\"article:publisher\" content=\"https:\/\/web.facebook.com\/PotenciaRadiofonicaD\" \/>\n<meta property=\"article:published_time\" content=\"2026-04-09T00:52:00+00:00\" \/>\n<meta property=\"og:image\" content=\"https:\/\/potenciaradiofonicadominicana.com\/portal\/wp-content\/uploads\/2026\/04\/JUMBOTERRENA.jpg\" \/>\n\t<meta property=\"og:image:width\" content=\"924\" \/>\n\t<meta property=\"og:image:height\" content=\"768\" \/>\n\t<meta property=\"og:image:type\" content=\"image\/jpeg\" \/>\n<meta name=\"author\" content=\"Potencia Radiof\u00f3nica Dominicana\" \/>\n<meta name=\"twitter:card\" content=\"summary_large_image\" \/>\n<meta name=\"twitter:label1\" content=\"Escrito por\" \/>\n\t<meta name=\"twitter:data1\" content=\"Potencia Radiof\u00f3nica Dominicana\" \/>\n\t<meta name=\"twitter:label2\" content=\"Tiempo de lectura\" \/>\n\t<meta name=\"twitter:data2\" content=\"3 minutos\" \/>\n<script type=\"application\/ld+json\" class=\"yoast-schema-graph\">{\"@context\":\"https:\/\/schema.org\",\"@graph\":[{\"@type\":\"Article\",\"@id\":\"https:\/\/potenciaradiofonicadominicana.com\/portal\/merca-jumbo-inaugura-su-nueva-sucursal-en-las-terrenas\/#article\",\"isPartOf\":{\"@id\":\"https:\/\/potenciaradiofonicadominicana.com\/portal\/merca-jumbo-inaugura-su-nueva-sucursal-en-las-terrenas\/\"},\"author\":{\"name\":\"Potencia Radiof\u00f3nica Dominicana\",\"@id\":\"https:\/\/potenciaradiofonicadominicana.com\/portal\/#\/schema\/person\/a5cf1fea13877803ee0573ac18b03490\"},\"headline\":\"Merca Jumbo inaugura su nueva sucursal en Las Terrenas\",\"datePublished\":\"2026-04-09T00:52:00+00:00\",\"mainEntityOfPage\":{\"@id\":\"https:\/\/potenciaradiofonicadominicana.com\/portal\/merca-jumbo-inaugura-su-nueva-sucursal-en-las-terrenas\/\"},\"wordCount\":566,\"publisher\":{\"@id\":\"https:\/\/potenciaradiofonicadominicana.com\/portal\/#organization\"},\"image\":{\"@id\":\"https:\/\/potenciaradiofonicadominicana.com\/portal\/merca-jumbo-inaugura-su-nueva-sucursal-en-las-terrenas\/#primaryimage\"},\"thumbnailUrl\":\"https:\/\/potenciaradiofonicadominicana.com\/portal\/wp-content\/uploads\/2026\/04\/JUMBOTERRENA.jpg\",\"articleSection\":[\"Econom\u00eda\"],\"inLanguage\":\"es\"},{\"@type\":\"WebPage\",\"@id\":\"https:\/\/potenciaradiofonicadominicana.com\/portal\/merca-jumbo-inaugura-su-nueva-sucursal-en-las-terrenas\/\",\"url\":\"https:\/\/potenciaradiofonicadominicana.com\/portal\/merca-jumbo-inaugura-su-nueva-sucursal-en-las-terrenas\/\",\"name\":\"Merca Jumbo inaugura su nueva sucursal en Las Terrenas - PotenciaRadiofonicaDominicana.com\",\"isPartOf\":{\"@id\":\"https:\/\/potenciaradiofonicadominicana.com\/portal\/#website\"},\"primaryImageOfPage\":{\"@id\":\"https:\/\/potenciaradiofonicadominicana.com\/portal\/merca-jumbo-inaugura-su-nueva-sucursal-en-las-terrenas\/#primaryimage\"},\"image\":{\"@id\":\"https:\/\/potenciaradiofonicadominicana.com\/portal\/merca-jumbo-inaugura-su-nueva-sucursal-en-las-terrenas\/#primaryimage\"},\"thumbnailUrl\":\"https:\/\/potenciaradiofonicadominicana.com\/portal\/wp-content\/uploads\/2026\/04\/JUMBOTERRENA.jpg\",\"datePublished\":\"2026-04-09T00:52:00+00:00\",\"breadcrumb\":{\"@id\":\"https:\/\/potenciaradiofonicadominicana.com\/portal\/merca-jumbo-inaugura-su-nueva-sucursal-en-las-terrenas\/#breadcrumb\"},\"inLanguage\":\"es\",\"potentialAction\":[{\"@type\":\"ReadAction\",\"target\":[\"https:\/\/potenciaradiofonicadominicana.com\/portal\/merca-jumbo-inaugura-su-nueva-sucursal-en-las-terrenas\/\"]}]},{\"@type\":\"ImageObject\",\"inLanguage\":\"es\",\"@id\":\"https:\/\/potenciaradiofonicadominicana.com\/portal\/merca-jumbo-inaugura-su-nueva-sucursal-en-las-terrenas\/#primaryimage\",\"url\":\"https:\/\/potenciaradiofonicadominicana.com\/portal\/wp-content\/uploads\/2026\/04\/JUMBOTERRENA.jpg\",\"contentUrl\":\"https:\/\/potenciaradiofonicadominicana.com\/portal\/wp-content\/uploads\/2026\/04\/JUMBOTERRENA.jpg\",\"width\":924,\"height\":768},{\"@type\":\"BreadcrumbList\",\"@id\":\"https:\/\/potenciaradiofonicadominicana.com\/portal\/merca-jumbo-inaugura-su-nueva-sucursal-en-las-terrenas\/#breadcrumb\",\"itemListElement\":[{\"@type\":\"ListItem\",\"position\":1,\"name\":\"Portada\",\"item\":\"https:\/\/potenciaradiofonicadominicana.com\/portal\/\"},{\"@type\":\"ListItem\",\"position\":2,\"name\":\"Merca Jumbo inaugura su nueva sucursal en Las Terrenas\"}]},{\"@type\":\"WebSite\",\"@id\":\"https:\/\/potenciaradiofonicadominicana.com\/portal\/#website\",\"url\":\"https:\/\/potenciaradiofonicadominicana.com\/portal\/\",\"name\":\"PotenciaRadiofonicaDominicana.com\",\"description\":\"Peri\u00f3dico Digital\",\"publisher\":{\"@id\":\"https:\/\/potenciaradiofonicadominicana.com\/portal\/#organization\"},\"potentialAction\":[{\"@type\":\"SearchAction\",\"target\":{\"@type\":\"EntryPoint\",\"urlTemplate\":\"https:\/\/potenciaradiofonicadominicana.com\/portal\/?s={search_term_string}\"},\"query-input\":{\"@type\":\"PropertyValueSpecification\",\"valueRequired\":true,\"valueName\":\"search_term_string\"}}],\"inLanguage\":\"es\"},{\"@type\":\"Organization\",\"@id\":\"https:\/\/potenciaradiofonicadominicana.com\/portal\/#organization\",\"name\":\"PotenciaRadiofonicaDominicana.com\",\"url\":\"https:\/\/potenciaradiofonicadominicana.com\/portal\/\",\"logo\":{\"@type\":\"ImageObject\",\"inLanguage\":\"es\",\"@id\":\"https:\/\/potenciaradiofonicadominicana.com\/portal\/#\/schema\/logo\/image\/\",\"url\":\"https:\/\/potenciaradiofonicadominicana.com\/portal\/wp-content\/uploads\/2022\/01\/descarga.png\",\"contentUrl\":\"https:\/\/potenciaradiofonicadominicana.com\/portal\/wp-content\/uploads\/2022\/01\/descarga.png\",\"width\":300,\"height\":100,\"caption\":\"PotenciaRadiofonicaDominicana.com\"},\"image\":{\"@id\":\"https:\/\/potenciaradiofonicadominicana.com\/portal\/#\/schema\/logo\/image\/\"},\"sameAs\":[\"https:\/\/web.facebook.com\/PotenciaRadiofonicaD\"]},{\"@type\":\"Person\",\"@id\":\"https:\/\/potenciaradiofonicadominicana.com\/portal\/#\/schema\/person\/a5cf1fea13877803ee0573ac18b03490\",\"name\":\"Potencia Radiof\u00f3nica Dominicana\",\"image\":{\"@type\":\"ImageObject\",\"inLanguage\":\"es\",\"@id\":\"https:\/\/potenciaradiofonicadominicana.com\/portal\/#\/schema\/person\/image\/\",\"url\":\"https:\/\/secure.gravatar.com\/avatar\/42a55ab9e8ccc656ba34cd791990602a?s=96&d=mm&r=g\",\"contentUrl\":\"https:\/\/secure.gravatar.com\/avatar\/42a55ab9e8ccc656ba34cd791990602a?s=96&d=mm&r=g\",\"caption\":\"Potencia Radiof\u00f3nica Dominicana\"},\"url\":\"https:\/\/potenciaradiofonicadominicana.com\/portal\/author\/johannyalmanzar\/\"}]}<\/script>\n<!-- \/ Yoast SEO plugin. -->","yoast_head_json":{"title":"Merca Jumbo inaugura su nueva sucursal en Las Terrenas - PotenciaRadiofonicaDominicana.com","robots":{"index":"index","follow":"follow","max-snippet":"max-snippet:-1","max-image-preview":"max-image-preview:large","max-video-preview":"max-video-preview:-1"},"canonical":"https:\/\/potenciaradiofonicadominicana.com\/portal\/merca-jumbo-inaugura-su-nueva-sucursal-en-las-terrenas\/","og_locale":"es_ES","og_type":"article","og_title":"Merca Jumbo inaugura su nueva sucursal en Las Terrenas - PotenciaRadiofonicaDominicana.com","og_description":"SANTO DOMINGO.- Merca Jumbo inaugur\u00f3 su nueva sucursal en Las Terrenas, Saman\u00e1, ubicada en la Av. Boulevard Tur\u00edstico del Atl\u00e1ntico, ...","og_url":"https:\/\/potenciaradiofonicadominicana.com\/portal\/merca-jumbo-inaugura-su-nueva-sucursal-en-las-terrenas\/","og_site_name":"PotenciaRadiofonicaDominicana.com","article_publisher":"https:\/\/web.facebook.com\/PotenciaRadiofonicaD","article_published_time":"2026-04-09T00:52:00+00:00","og_image":[{"width":924,"height":768,"url":"https:\/\/potenciaradiofonicadominicana.com\/portal\/wp-content\/uploads\/2026\/04\/JUMBOTERRENA.jpg","type":"image\/jpeg"}],"author":"Potencia Radiof\u00f3nica Dominicana","twitter_card":"summary_large_image","twitter_misc":{"Escrito por":"Potencia Radiof\u00f3nica Dominicana","Tiempo de lectura":"3 minutos"},"schema":{"@context":"https:\/\/schema.org","@graph":[{"@type":"Article","@id":"https:\/\/potenciaradiofonicadominicana.com\/portal\/merca-jumbo-inaugura-su-nueva-sucursal-en-las-terrenas\/#article","isPartOf":{"@id":"https:\/\/potenciaradiofonicadominicana.com\/portal\/merca-jumbo-inaugura-su-nueva-sucursal-en-las-terrenas\/"},"author":{"name":"Potencia Radiof\u00f3nica Dominicana","@id":"https:\/\/potenciaradiofonicadominicana.com\/portal\/#\/schema\/person\/a5cf1fea13877803ee0573ac18b03490"},"headline":"Merca Jumbo inaugura su nueva sucursal en Las Terrenas","datePublished":"2026-04-09T00:52:00+00:00","mainEntityOfPage":{"@id":"https:\/\/potenciaradiofonicadominicana.com\/portal\/merca-jumbo-inaugura-su-nueva-sucursal-en-las-terrenas\/"},"wordCount":566,"publisher":{"@id":"https:\/\/potenciaradiofonicadominicana.com\/portal\/#organization"},"image":{"@id":"https:\/\/potenciaradiofonicadominicana.com\/portal\/merca-jumbo-inaugura-su-nueva-sucursal-en-las-terrenas\/#primaryimage"},"thumbnailUrl":"https:\/\/potenciaradiofonicadominicana.com\/portal\/wp-content\/uploads\/2026\/04\/JUMBOTERRENA.jpg","articleSection":["Econom\u00eda"],"inLanguage":"es"},{"@type":"WebPage","@id":"https:\/\/potenciaradiofonicadominicana.com\/portal\/merca-jumbo-inaugura-su-nueva-sucursal-en-las-terrenas\/","url":"https:\/\/potenciaradiofonicadominicana.com\/portal\/merca-jumbo-inaugura-su-nueva-sucursal-en-las-terrenas\/","name":"Merca Jumbo inaugura su nueva sucursal en Las Terrenas - PotenciaRadiofonicaDominicana.com","isPartOf":{"@id":"https:\/\/potenciaradiofonicadominicana.com\/portal\/#website"},"primaryImageOfPage":{"@id":"https:\/\/potenciaradiofonicadominicana.com\/portal\/merca-jumbo-inaugura-su-nueva-sucursal-en-las-terrenas\/#primaryimage"},"image":{"@id":"https:\/\/potenciaradiofonicadominicana.com\/portal\/merca-jumbo-inaugura-su-nueva-sucursal-en-las-terrenas\/#primaryimage"},"thumbnailUrl":"https:\/\/potenciaradiofonicadominicana.com\/portal\/wp-content\/uploads\/2026\/04\/JUMBOTERRENA.jpg","datePublished":"2026-04-09T00:52:00+00:00","breadcrumb":{"@id":"https:\/\/potenciaradiofonicadominicana.com\/portal\/merca-jumbo-inaugura-su-nueva-sucursal-en-las-terrenas\/#breadcrumb"},"inLanguage":"es","potentialAction":[{"@type":"ReadAction","target":["https:\/\/potenciaradiofonicadominicana.com\/portal\/merca-jumbo-inaugura-su-nueva-sucursal-en-las-terrenas\/"]}]},{"@type":"ImageObject","inLanguage":"es","@id":"https:\/\/potenciaradiofonicadominicana.com\/portal\/merca-jumbo-inaugura-su-nueva-sucursal-en-las-terrenas\/#primaryimage","url":"https:\/\/potenciaradiofonicadominicana.com\/portal\/wp-content\/uploads\/2026\/04\/JUMBOTERRENA.jpg","contentUrl":"https:\/\/potenciaradiofonicadominicana.com\/portal\/wp-content\/uploads\/2026\/04\/JUMBOTERRENA.jpg","width":924,"height":768},{"@type":"BreadcrumbList","@id":"https:\/\/potenciaradiofonicadominicana.com\/portal\/merca-jumbo-inaugura-su-nueva-sucursal-en-las-terrenas\/#breadcrumb","itemListElement":[{"@type":"ListItem","position":1,"name":"Portada","item":"https:\/\/potenciaradiofonicadominicana.com\/portal\/"},{"@type":"ListItem","position":2,"name":"Merca Jumbo inaugura su nueva sucursal en Las Terrenas"}]},{"@type":"WebSite","@id":"https:\/\/potenciaradiofonicadominicana.com\/portal\/#website","url":"https:\/\/potenciaradiofonicadominicana.com\/portal\/","name":"PotenciaRadiofonicaDominicana.com","description":"Peri\u00f3dico Digital","publisher":{"@id":"https:\/\/potenciaradiofonicadominicana.com\/portal\/#organization"},"potentialAction":[{"@type":"SearchAction","target":{"@type":"EntryPoint","urlTemplate":"https:\/\/potenciaradiofonicadominicana.com\/portal\/?s={search_term_string}"},"query-input":{"@type":"PropertyValueSpecification","valueRequired":true,"valueName":"search_term_string"}}],"inLanguage":"es"},{"@type":"Organization","@id":"https:\/\/potenciaradiofonicadominicana.com\/portal\/#organization","name":"PotenciaRadiofonicaDominicana.com","url":"https:\/\/potenciaradiofonicadominicana.com\/portal\/","logo":{"@type":"ImageObject","inLanguage":"es","@id":"https:\/\/potenciaradiofonicadominicana.com\/portal\/#\/schema\/logo\/image\/","url":"https:\/\/potenciaradiofonicadominicana.com\/portal\/wp-content\/uploads\/2022\/01\/descarga.png","contentUrl":"https:\/\/potenciaradiofonicadominicana.com\/portal\/wp-content\/uploads\/2022\/01\/descarga.png","width":300,"height":100,"caption":"PotenciaRadiofonicaDominicana.com"},"image":{"@id":"https:\/\/potenciaradiofonicadominicana.com\/portal\/#\/schema\/logo\/image\/"},"sameAs":["https:\/\/web.facebook.com\/PotenciaRadiofonicaD"]},{"@type":"Person","@id":"https:\/\/potenciaradiofonicadominicana.com\/portal\/#\/schema\/person\/a5cf1fea13877803ee0573ac18b03490","name":"Potencia Radiof\u00f3nica Dominicana","image":{"@type":"ImageObject","inLanguage":"es","@id":"https:\/\/potenciaradiofonicadominicana.com\/portal\/#\/schema\/person\/image\/","url":"https:\/\/secure.gravatar.com\/avatar\/42a55ab9e8ccc656ba34cd791990602a?s=96&d=mm&r=g","contentUrl":"https:\/\/secure.gravatar.com\/avatar\/42a55ab9e8ccc656ba34cd791990602a?s=96&d=mm&r=g","caption":"Potencia Radiof\u00f3nica Dominicana"},"url":"https:\/\/potenciaradiofonicadominicana.com\/portal\/author\/johannyalmanzar\/"}]}},"_links":{"self":[{"href":"https:\/\/potenciaradiofonicadominicana.com\/portal\/wp-json\/wp\/v2\/posts\/214654","targetHints":{"allow":["GET"]}}],"collection":[{"href":"https:\/\/potenciaradiofonicadominicana.com\/portal\/wp-json\/wp\/v2\/posts"}],"about":[{"href":"https:\/\/potenciaradiofonicadominicana.com\/portal\/wp-json\/wp\/v2\/types\/post"}],"author":[{"embeddable":true,"href":"https:\/\/potenciaradiofonicadominicana.com\/portal\/wp-json\/wp\/v2\/users\/2"}],"replies":[{"embeddable":true,"href":"https:\/\/potenciaradiofonicadominicana.com\/portal\/wp-json\/wp\/v2\/comments?post=214654"}],"version-history":[{"count":1,"href":"https:\/\/potenciaradiofonicadominicana.com\/portal\/wp-json\/wp\/v2\/posts\/214654\/revisions"}],"predecessor-version":[{"id":214656,"href":"https:\/\/potenciaradiofonicadominicana.com\/portal\/wp-json\/wp\/v2\/posts\/214654\/revisions\/214656"}],"wp:featuredmedia":[{"embeddable":true,"href":"https:\/\/potenciaradiofonicadominicana.com\/portal\/wp-json\/wp\/v2\/media\/214655"}],"wp:attachment":[{"href":"https:\/\/potenciaradiofonicadominicana.com\/portal\/wp-json\/wp\/v2\/media?parent=214654"}],"wp:term":[{"taxonomy":"category","embeddable":true,"href":"https:\/\/potenciaradiofonicadominicana.com\/portal\/wp-json\/wp\/v2\/categories?post=214654"},{"taxonomy":"post_tag","embeddable":true,"href":"https:\/\/potenciaradiofonicadominicana.com\/portal\/wp-json\/wp\/v2\/tags?post=214654"}],"curies":[{"name":"wp","href":"https:\/\/api.w.org\/{rel}","templated":true}]}}