{"id":214648,"date":"2026-04-08T20:47:30","date_gmt":"2026-04-09T00:47:30","guid":{"rendered":"https:\/\/potenciaradiofonicadominicana.com\/portal\/?p=214648"},"modified":"2026-04-08T20:47:30","modified_gmt":"2026-04-09T00:47:30","slug":"republica-dominicana-firma-15-acuerdos-de-turismo-en-miami","status":"publish","type":"post","link":"https:\/\/potenciaradiofonicadominicana.com\/portal\/republica-dominicana-firma-15-acuerdos-de-turismo-en-miami\/","title":{"rendered":"Rep\u00fablica Dominicana firma 15 acuerdos de turismo en Miami"},"content":{"rendered":"<p><a href=\"https:\/\/potenciaradiofonicadominicana.com\/portal\/wp-content\/uploads\/2026\/04\/imagen-whatsapp-image-2026-04-07-at-63849-pm1-e0916ece.jpg\"><img loading=\"lazy\" decoding=\"async\" class=\"alignnone size-full wp-image-214649\" src=\"https:\/\/potenciaradiofonicadominicana.com\/portal\/wp-content\/uploads\/2026\/04\/imagen-whatsapp-image-2026-04-07-at-63849-pm1-e0916ece.jpg\" alt=\"\" width=\"1280\" height=\"854\" srcset=\"https:\/\/potenciaradiofonicadominicana.com\/portal\/wp-content\/uploads\/2026\/04\/imagen-whatsapp-image-2026-04-07-at-63849-pm1-e0916ece.jpg 1280w, https:\/\/potenciaradiofonicadominicana.com\/portal\/wp-content\/uploads\/2026\/04\/imagen-whatsapp-image-2026-04-07-at-63849-pm1-e0916ece-300x200.jpg 300w, https:\/\/potenciaradiofonicadominicana.com\/portal\/wp-content\/uploads\/2026\/04\/imagen-whatsapp-image-2026-04-07-at-63849-pm1-e0916ece-1024x683.jpg 1024w, https:\/\/potenciaradiofonicadominicana.com\/portal\/wp-content\/uploads\/2026\/04\/imagen-whatsapp-image-2026-04-07-at-63849-pm1-e0916ece-768x512.jpg 768w\" sizes=\"auto, (max-width: 1280px) 100vw, 1280px\" \/><\/a><\/p>\n<p>El\u00a0<strong>sector tur\u00edstico dominicano<\/strong>\u00a0est\u00e1 aprovechando la\u00a0<strong>crisis de seguridad<\/strong>\u00a0en\u00a0<strong>Medio Oriente<\/strong>, derivada de la guerra, para aumentar los vuelos provenientes de Europa. Sin embargo, la situaci\u00f3n mantiene a funcionarios vinculados a esa actividad en un monitoreo constante, previ\u00e9ndose un impacto, principalmente por el incremento del combustible de aviaci\u00f3n.<\/p>\n<p>As\u00ed lo indic\u00f3 ayer el\u00a0<strong>ministro de Turismo<\/strong>,\u00a0<strong>David Collado<\/strong>, quien afirm\u00f3 que, a pesar del conflicto b\u00e9lico, \u00abla Rep\u00fablica Dominicana no tiene una sola se\u00f1al de que el\u00a0<strong>turismo<\/strong>\u00a0vaya hacia la baja\u00bb.<\/p>\n<p>\u00abAl d\u00eda de hoy lo que tenemos son se\u00f1ales positivas. Acabamos de tener el mejor mes de marzo de la historia, con un\u00a0<strong>crecimiento de doble d\u00edgito<\/strong>, y el mes de abril proyecta igual. El trabajo que hemos realizado en los \u00faltimos cinco a\u00f1os ha encontrado a la Rep\u00fablica Dominicana, en este momento de\u00a0<strong>crisis<\/strong>, en su mejor posicionamiento con relaci\u00f3n a los pa\u00edses del Caribe\u00bb, declar\u00f3.<\/p>\n<p>Sin embargo, reconoci\u00f3 que la situaci\u00f3n hay que \u00abllevarla con cautela\u00bb, a\u00f1adiendo que es una\u00a0<strong>crisis<\/strong>\u00a0y que el\u00a0<strong>aumento de los combustibles<\/strong>\u00a0\u00aben alg\u00fan momento\u00bb podr\u00e1 afectar.<\/p>\n<p>Reconoci\u00f3 como una gran preocupaci\u00f3n la operatividad de las\u00a0<strong>aerol\u00edneas<\/strong>\u00a0dominicanas ante el alza de\u00a0<strong>los hidrocarburos<\/strong>. \u00abLa semana pr\u00f3xima vamos a tener un encuentro, encabezado por el presidente de la Rep\u00fablica (Luis Abinader), con las\u00a0<strong>aerol\u00edneas<\/strong> dominicanas, para ver c\u00f3mo las apoyamos en esto\u00bb, inform\u00f3.<\/p>\n<h2>Logros en Tradeshow<\/h2>\n<p>La Rep\u00fablica Dominicana firm\u00f3 ayer 15\u00a0<strong>acuerdos comerciales<\/strong>\u00a0o de promoci\u00f3n en materia de\u00a0<strong>turismo<\/strong>\u00a0para continuar impulsando actividades dentro de ese sector, entre ellas la de cruceros, durante la celebraci\u00f3n de la cuarta versi\u00f3n de la\u00a0<strong>feria RD Tradeshow 2026<\/strong>. En el evento tambi\u00e9n se anunciaron\u00a0<strong>nuevas frecuencias<\/strong>\u00a0a\u00e9reas hacia el Aeropuerto Internacional de Punta Cana.<\/p>\n<p>Collado declar\u00f3 al cierre del evento que se logr\u00f3 reasegurar un flujo de m\u00e1s de tres millones de pasajeros hacia el pa\u00eds desde el\u00a0<strong>continente americano<\/strong> para este a\u00f1o.<\/p>\n<p>\u00abCon el\u00a0<strong>mercado canadiense<\/strong>\u00a0aseguramos asientos con (la aerol\u00ednea)\u00a0<strong>Air Transat<\/strong>, que subi\u00f3 m\u00e1s de tres vuelos semanales a la Rep\u00fablica Dominicana. Air Canada tambi\u00e9n aument\u00f3 sus vuelos. Aeromexico agreg\u00f3 dos\u00a0<strong>nuevas frecuencias<\/strong>\u00a0a Punta Cana, que se a\u00f1aden a las 14 que tiene a la semana\u00bb, destac\u00f3.<\/p>\n<p>El ministro, al dar los resultados de los acuerdos alcanzados en la feria, indic\u00f3 que M\u00e9xico registra un crecimiento del 52 % en la llegada de pasajeros al pa\u00eds en lo que va de 2026, a\u00f1adiendo que el a\u00f1o pasado se movilizaron\u00a0<strong>170,000 turistas mexicanos<\/strong>.<\/p>\n<h2>Destinos estrat\u00e9gicos<\/h2>\n<p>Ante la\u00a0<strong>incertidumbre mundial<\/strong>\u00a0que est\u00e1 generando la guerra en\u00a0<strong>Medio Oriente<\/strong>\u00a0sobre la\u00a0<strong>econom\u00eda global<\/strong>, Collado manifest\u00f3 que se est\u00e1n enfocando en reafirmar los destinos de corta distancia. No obstante, resalt\u00f3 que la aerol\u00ednea alemana Condor agreg\u00f3 tres\u00a0<strong>nuevas frecuencias<\/strong>\u00a0adicionales a la semana hacia el pa\u00eds.<\/p>\n<p>\u00abTambi\u00e9n hicimos acuerdos con ALG, que es el turoperador m\u00e1s fuerte en los Estados Unidos hacia Rep\u00fablica Dominicana, que mueve 400,000 personas al a\u00f1o, y reafirmamos ese acuerdo. Hoy reafirmamos acuerdo con lo que es\u00a0<strong>turismo de lujo<\/strong>: (red de agencias de viaje)\u00a0<strong>Virtuoso<\/strong>\u00a0y\u00a0<strong>Signature<\/strong>. Lo que nos est\u00e1 ayudando a posicionar al pa\u00eds es nuestro\u00a0<strong>turismo de lujo<\/strong>\u00ab, resalt\u00f3.<\/p>\n<p>El titular de\u00a0<strong>Turismo<\/strong>\u00a0dijo sentirse satisfecho con los resultados alcanzados en la feria tur\u00edstica, se\u00f1alando que m\u00e1s de 1,000 agentes de viaje y touroperadores extranjeros estuvieron presentes y m\u00e1s de 100 empresas del\u00a0<strong>sector tur\u00edstico dominicano<\/strong>, logrando 2,000 reuniones de negocios.<\/p>\n","protected":false},"excerpt":{"rendered":"<p>El\u00a0sector tur\u00edstico dominicano\u00a0est\u00e1 aprovechando la\u00a0crisis de seguridad\u00a0en\u00a0Medio Oriente, derivada de la guerra, para aumentar los vuelos provenientes de Europa. Sin &#8230;<\/p>\n","protected":false},"author":2,"featured_media":214649,"comment_status":"closed","ping_status":"closed","sticky":false,"template":"","format":"standard","meta":{"footnotes":""},"categories":[26],"tags":[],"class_list":["post-214648","post","type-post","status-publish","format-standard","has-post-thumbnail","hentry","category-economia"],"yoast_head":"<!-- This site is optimized with the Yoast SEO plugin v24.8.1 - https:\/\/yoast.com\/wordpress\/plugins\/seo\/ -->\n<title>Rep\u00fablica Dominicana firma 15 acuerdos de turismo en Miami - PotenciaRadiofonicaDominicana.com<\/title>\n<meta name=\"robots\" content=\"index, follow, max-snippet:-1, max-image-preview:large, max-video-preview:-1\" \/>\n<link rel=\"canonical\" href=\"https:\/\/potenciaradiofonicadominicana.com\/portal\/republica-dominicana-firma-15-acuerdos-de-turismo-en-miami\/\" \/>\n<meta property=\"og:locale\" content=\"es_ES\" \/>\n<meta property=\"og:type\" content=\"article\" \/>\n<meta property=\"og:title\" content=\"Rep\u00fablica Dominicana firma 15 acuerdos de turismo en Miami - PotenciaRadiofonicaDominicana.com\" \/>\n<meta property=\"og:description\" content=\"El\u00a0sector tur\u00edstico dominicano\u00a0est\u00e1 aprovechando la\u00a0crisis de seguridad\u00a0en\u00a0Medio Oriente, derivada de la guerra, para aumentar los vuelos provenientes de Europa. Sin ...\" \/>\n<meta property=\"og:url\" content=\"https:\/\/potenciaradiofonicadominicana.com\/portal\/republica-dominicana-firma-15-acuerdos-de-turismo-en-miami\/\" \/>\n<meta property=\"og:site_name\" content=\"PotenciaRadiofonicaDominicana.com\" \/>\n<meta property=\"article:publisher\" content=\"https:\/\/web.facebook.com\/PotenciaRadiofonicaD\" \/>\n<meta property=\"article:published_time\" content=\"2026-04-09T00:47:30+00:00\" \/>\n<meta property=\"og:image\" content=\"https:\/\/potenciaradiofonicadominicana.com\/portal\/wp-content\/uploads\/2026\/04\/imagen-whatsapp-image-2026-04-07-at-63849-pm1-e0916ece.jpg\" \/>\n\t<meta property=\"og:image:width\" content=\"1280\" \/>\n\t<meta property=\"og:image:height\" content=\"854\" \/>\n\t<meta property=\"og:image:type\" content=\"image\/jpeg\" \/>\n<meta name=\"author\" content=\"Potencia Radiof\u00f3nica Dominicana\" \/>\n<meta name=\"twitter:card\" content=\"summary_large_image\" \/>\n<meta name=\"twitter:label1\" content=\"Escrito por\" \/>\n\t<meta name=\"twitter:data1\" content=\"Potencia Radiof\u00f3nica Dominicana\" \/>\n\t<meta name=\"twitter:label2\" content=\"Tiempo de lectura\" \/>\n\t<meta name=\"twitter:data2\" content=\"3 minutos\" \/>\n<script type=\"application\/ld+json\" class=\"yoast-schema-graph\">{\"@context\":\"https:\/\/schema.org\",\"@graph\":[{\"@type\":\"Article\",\"@id\":\"https:\/\/potenciaradiofonicadominicana.com\/portal\/republica-dominicana-firma-15-acuerdos-de-turismo-en-miami\/#article\",\"isPartOf\":{\"@id\":\"https:\/\/potenciaradiofonicadominicana.com\/portal\/republica-dominicana-firma-15-acuerdos-de-turismo-en-miami\/\"},\"author\":{\"name\":\"Potencia Radiof\u00f3nica Dominicana\",\"@id\":\"https:\/\/potenciaradiofonicadominicana.com\/portal\/#\/schema\/person\/a5cf1fea13877803ee0573ac18b03490\"},\"headline\":\"Rep\u00fablica Dominicana firma 15 acuerdos de turismo en Miami\",\"datePublished\":\"2026-04-09T00:47:30+00:00\",\"mainEntityOfPage\":{\"@id\":\"https:\/\/potenciaradiofonicadominicana.com\/portal\/republica-dominicana-firma-15-acuerdos-de-turismo-en-miami\/\"},\"wordCount\":614,\"publisher\":{\"@id\":\"https:\/\/potenciaradiofonicadominicana.com\/portal\/#organization\"},\"image\":{\"@id\":\"https:\/\/potenciaradiofonicadominicana.com\/portal\/republica-dominicana-firma-15-acuerdos-de-turismo-en-miami\/#primaryimage\"},\"thumbnailUrl\":\"https:\/\/potenciaradiofonicadominicana.com\/portal\/wp-content\/uploads\/2026\/04\/imagen-whatsapp-image-2026-04-07-at-63849-pm1-e0916ece.jpg\",\"articleSection\":[\"Econom\u00eda\"],\"inLanguage\":\"es\"},{\"@type\":\"WebPage\",\"@id\":\"https:\/\/potenciaradiofonicadominicana.com\/portal\/republica-dominicana-firma-15-acuerdos-de-turismo-en-miami\/\",\"url\":\"https:\/\/potenciaradiofonicadominicana.com\/portal\/republica-dominicana-firma-15-acuerdos-de-turismo-en-miami\/\",\"name\":\"Rep\u00fablica Dominicana firma 15 acuerdos de turismo en Miami - PotenciaRadiofonicaDominicana.com\",\"isPartOf\":{\"@id\":\"https:\/\/potenciaradiofonicadominicana.com\/portal\/#website\"},\"primaryImageOfPage\":{\"@id\":\"https:\/\/potenciaradiofonicadominicana.com\/portal\/republica-dominicana-firma-15-acuerdos-de-turismo-en-miami\/#primaryimage\"},\"image\":{\"@id\":\"https:\/\/potenciaradiofonicadominicana.com\/portal\/republica-dominicana-firma-15-acuerdos-de-turismo-en-miami\/#primaryimage\"},\"thumbnailUrl\":\"https:\/\/potenciaradiofonicadominicana.com\/portal\/wp-content\/uploads\/2026\/04\/imagen-whatsapp-image-2026-04-07-at-63849-pm1-e0916ece.jpg\",\"datePublished\":\"2026-04-09T00:47:30+00:00\",\"breadcrumb\":{\"@id\":\"https:\/\/potenciaradiofonicadominicana.com\/portal\/republica-dominicana-firma-15-acuerdos-de-turismo-en-miami\/#breadcrumb\"},\"inLanguage\":\"es\",\"potentialAction\":[{\"@type\":\"ReadAction\",\"target\":[\"https:\/\/potenciaradiofonicadominicana.com\/portal\/republica-dominicana-firma-15-acuerdos-de-turismo-en-miami\/\"]}]},{\"@type\":\"ImageObject\",\"inLanguage\":\"es\",\"@id\":\"https:\/\/potenciaradiofonicadominicana.com\/portal\/republica-dominicana-firma-15-acuerdos-de-turismo-en-miami\/#primaryimage\",\"url\":\"https:\/\/potenciaradiofonicadominicana.com\/portal\/wp-content\/uploads\/2026\/04\/imagen-whatsapp-image-2026-04-07-at-63849-pm1-e0916ece.jpg\",\"contentUrl\":\"https:\/\/potenciaradiofonicadominicana.com\/portal\/wp-content\/uploads\/2026\/04\/imagen-whatsapp-image-2026-04-07-at-63849-pm1-e0916ece.jpg\",\"width\":1280,\"height\":854},{\"@type\":\"BreadcrumbList\",\"@id\":\"https:\/\/potenciaradiofonicadominicana.com\/portal\/republica-dominicana-firma-15-acuerdos-de-turismo-en-miami\/#breadcrumb\",\"itemListElement\":[{\"@type\":\"ListItem\",\"position\":1,\"name\":\"Portada\",\"item\":\"https:\/\/potenciaradiofonicadominicana.com\/portal\/\"},{\"@type\":\"ListItem\",\"position\":2,\"name\":\"Rep\u00fablica Dominicana firma 15 acuerdos de turismo en Miami\"}]},{\"@type\":\"WebSite\",\"@id\":\"https:\/\/potenciaradiofonicadominicana.com\/portal\/#website\",\"url\":\"https:\/\/potenciaradiofonicadominicana.com\/portal\/\",\"name\":\"PotenciaRadiofonicaDominicana.com\",\"description\":\"Peri\u00f3dico Digital\",\"publisher\":{\"@id\":\"https:\/\/potenciaradiofonicadominicana.com\/portal\/#organization\"},\"potentialAction\":[{\"@type\":\"SearchAction\",\"target\":{\"@type\":\"EntryPoint\",\"urlTemplate\":\"https:\/\/potenciaradiofonicadominicana.com\/portal\/?s={search_term_string}\"},\"query-input\":{\"@type\":\"PropertyValueSpecification\",\"valueRequired\":true,\"valueName\":\"search_term_string\"}}],\"inLanguage\":\"es\"},{\"@type\":\"Organization\",\"@id\":\"https:\/\/potenciaradiofonicadominicana.com\/portal\/#organization\",\"name\":\"PotenciaRadiofonicaDominicana.com\",\"url\":\"https:\/\/potenciaradiofonicadominicana.com\/portal\/\",\"logo\":{\"@type\":\"ImageObject\",\"inLanguage\":\"es\",\"@id\":\"https:\/\/potenciaradiofonicadominicana.com\/portal\/#\/schema\/logo\/image\/\",\"url\":\"https:\/\/potenciaradiofonicadominicana.com\/portal\/wp-content\/uploads\/2022\/01\/descarga.png\",\"contentUrl\":\"https:\/\/potenciaradiofonicadominicana.com\/portal\/wp-content\/uploads\/2022\/01\/descarga.png\",\"width\":300,\"height\":100,\"caption\":\"PotenciaRadiofonicaDominicana.com\"},\"image\":{\"@id\":\"https:\/\/potenciaradiofonicadominicana.com\/portal\/#\/schema\/logo\/image\/\"},\"sameAs\":[\"https:\/\/web.facebook.com\/PotenciaRadiofonicaD\"]},{\"@type\":\"Person\",\"@id\":\"https:\/\/potenciaradiofonicadominicana.com\/portal\/#\/schema\/person\/a5cf1fea13877803ee0573ac18b03490\",\"name\":\"Potencia Radiof\u00f3nica Dominicana\",\"image\":{\"@type\":\"ImageObject\",\"inLanguage\":\"es\",\"@id\":\"https:\/\/potenciaradiofonicadominicana.com\/portal\/#\/schema\/person\/image\/\",\"url\":\"https:\/\/secure.gravatar.com\/avatar\/42a55ab9e8ccc656ba34cd791990602a?s=96&d=mm&r=g\",\"contentUrl\":\"https:\/\/secure.gravatar.com\/avatar\/42a55ab9e8ccc656ba34cd791990602a?s=96&d=mm&r=g\",\"caption\":\"Potencia Radiof\u00f3nica Dominicana\"},\"url\":\"https:\/\/potenciaradiofonicadominicana.com\/portal\/author\/johannyalmanzar\/\"}]}<\/script>\n<!-- \/ Yoast SEO plugin. -->","yoast_head_json":{"title":"Rep\u00fablica Dominicana firma 15 acuerdos de turismo en Miami - PotenciaRadiofonicaDominicana.com","robots":{"index":"index","follow":"follow","max-snippet":"max-snippet:-1","max-image-preview":"max-image-preview:large","max-video-preview":"max-video-preview:-1"},"canonical":"https:\/\/potenciaradiofonicadominicana.com\/portal\/republica-dominicana-firma-15-acuerdos-de-turismo-en-miami\/","og_locale":"es_ES","og_type":"article","og_title":"Rep\u00fablica Dominicana firma 15 acuerdos de turismo en Miami - PotenciaRadiofonicaDominicana.com","og_description":"El\u00a0sector tur\u00edstico dominicano\u00a0est\u00e1 aprovechando la\u00a0crisis de seguridad\u00a0en\u00a0Medio Oriente, derivada de la guerra, para aumentar los vuelos provenientes de Europa. Sin ...","og_url":"https:\/\/potenciaradiofonicadominicana.com\/portal\/republica-dominicana-firma-15-acuerdos-de-turismo-en-miami\/","og_site_name":"PotenciaRadiofonicaDominicana.com","article_publisher":"https:\/\/web.facebook.com\/PotenciaRadiofonicaD","article_published_time":"2026-04-09T00:47:30+00:00","og_image":[{"width":1280,"height":854,"url":"https:\/\/potenciaradiofonicadominicana.com\/portal\/wp-content\/uploads\/2026\/04\/imagen-whatsapp-image-2026-04-07-at-63849-pm1-e0916ece.jpg","type":"image\/jpeg"}],"author":"Potencia Radiof\u00f3nica Dominicana","twitter_card":"summary_large_image","twitter_misc":{"Escrito por":"Potencia Radiof\u00f3nica Dominicana","Tiempo de lectura":"3 minutos"},"schema":{"@context":"https:\/\/schema.org","@graph":[{"@type":"Article","@id":"https:\/\/potenciaradiofonicadominicana.com\/portal\/republica-dominicana-firma-15-acuerdos-de-turismo-en-miami\/#article","isPartOf":{"@id":"https:\/\/potenciaradiofonicadominicana.com\/portal\/republica-dominicana-firma-15-acuerdos-de-turismo-en-miami\/"},"author":{"name":"Potencia Radiof\u00f3nica Dominicana","@id":"https:\/\/potenciaradiofonicadominicana.com\/portal\/#\/schema\/person\/a5cf1fea13877803ee0573ac18b03490"},"headline":"Rep\u00fablica Dominicana firma 15 acuerdos de turismo en Miami","datePublished":"2026-04-09T00:47:30+00:00","mainEntityOfPage":{"@id":"https:\/\/potenciaradiofonicadominicana.com\/portal\/republica-dominicana-firma-15-acuerdos-de-turismo-en-miami\/"},"wordCount":614,"publisher":{"@id":"https:\/\/potenciaradiofonicadominicana.com\/portal\/#organization"},"image":{"@id":"https:\/\/potenciaradiofonicadominicana.com\/portal\/republica-dominicana-firma-15-acuerdos-de-turismo-en-miami\/#primaryimage"},"thumbnailUrl":"https:\/\/potenciaradiofonicadominicana.com\/portal\/wp-content\/uploads\/2026\/04\/imagen-whatsapp-image-2026-04-07-at-63849-pm1-e0916ece.jpg","articleSection":["Econom\u00eda"],"inLanguage":"es"},{"@type":"WebPage","@id":"https:\/\/potenciaradiofonicadominicana.com\/portal\/republica-dominicana-firma-15-acuerdos-de-turismo-en-miami\/","url":"https:\/\/potenciaradiofonicadominicana.com\/portal\/republica-dominicana-firma-15-acuerdos-de-turismo-en-miami\/","name":"Rep\u00fablica Dominicana firma 15 acuerdos de turismo en Miami - PotenciaRadiofonicaDominicana.com","isPartOf":{"@id":"https:\/\/potenciaradiofonicadominicana.com\/portal\/#website"},"primaryImageOfPage":{"@id":"https:\/\/potenciaradiofonicadominicana.com\/portal\/republica-dominicana-firma-15-acuerdos-de-turismo-en-miami\/#primaryimage"},"image":{"@id":"https:\/\/potenciaradiofonicadominicana.com\/portal\/republica-dominicana-firma-15-acuerdos-de-turismo-en-miami\/#primaryimage"},"thumbnailUrl":"https:\/\/potenciaradiofonicadominicana.com\/portal\/wp-content\/uploads\/2026\/04\/imagen-whatsapp-image-2026-04-07-at-63849-pm1-e0916ece.jpg","datePublished":"2026-04-09T00:47:30+00:00","breadcrumb":{"@id":"https:\/\/potenciaradiofonicadominicana.com\/portal\/republica-dominicana-firma-15-acuerdos-de-turismo-en-miami\/#breadcrumb"},"inLanguage":"es","potentialAction":[{"@type":"ReadAction","target":["https:\/\/potenciaradiofonicadominicana.com\/portal\/republica-dominicana-firma-15-acuerdos-de-turismo-en-miami\/"]}]},{"@type":"ImageObject","inLanguage":"es","@id":"https:\/\/potenciaradiofonicadominicana.com\/portal\/republica-dominicana-firma-15-acuerdos-de-turismo-en-miami\/#primaryimage","url":"https:\/\/potenciaradiofonicadominicana.com\/portal\/wp-content\/uploads\/2026\/04\/imagen-whatsapp-image-2026-04-07-at-63849-pm1-e0916ece.jpg","contentUrl":"https:\/\/potenciaradiofonicadominicana.com\/portal\/wp-content\/uploads\/2026\/04\/imagen-whatsapp-image-2026-04-07-at-63849-pm1-e0916ece.jpg","width":1280,"height":854},{"@type":"BreadcrumbList","@id":"https:\/\/potenciaradiofonicadominicana.com\/portal\/republica-dominicana-firma-15-acuerdos-de-turismo-en-miami\/#breadcrumb","itemListElement":[{"@type":"ListItem","position":1,"name":"Portada","item":"https:\/\/potenciaradiofonicadominicana.com\/portal\/"},{"@type":"ListItem","position":2,"name":"Rep\u00fablica Dominicana firma 15 acuerdos de turismo en Miami"}]},{"@type":"WebSite","@id":"https:\/\/potenciaradiofonicadominicana.com\/portal\/#website","url":"https:\/\/potenciaradiofonicadominicana.com\/portal\/","name":"PotenciaRadiofonicaDominicana.com","description":"Peri\u00f3dico Digital","publisher":{"@id":"https:\/\/potenciaradiofonicadominicana.com\/portal\/#organization"},"potentialAction":[{"@type":"SearchAction","target":{"@type":"EntryPoint","urlTemplate":"https:\/\/potenciaradiofonicadominicana.com\/portal\/?s={search_term_string}"},"query-input":{"@type":"PropertyValueSpecification","valueRequired":true,"valueName":"search_term_string"}}],"inLanguage":"es"},{"@type":"Organization","@id":"https:\/\/potenciaradiofonicadominicana.com\/portal\/#organization","name":"PotenciaRadiofonicaDominicana.com","url":"https:\/\/potenciaradiofonicadominicana.com\/portal\/","logo":{"@type":"ImageObject","inLanguage":"es","@id":"https:\/\/potenciaradiofonicadominicana.com\/portal\/#\/schema\/logo\/image\/","url":"https:\/\/potenciaradiofonicadominicana.com\/portal\/wp-content\/uploads\/2022\/01\/descarga.png","contentUrl":"https:\/\/potenciaradiofonicadominicana.com\/portal\/wp-content\/uploads\/2022\/01\/descarga.png","width":300,"height":100,"caption":"PotenciaRadiofonicaDominicana.com"},"image":{"@id":"https:\/\/potenciaradiofonicadominicana.com\/portal\/#\/schema\/logo\/image\/"},"sameAs":["https:\/\/web.facebook.com\/PotenciaRadiofonicaD"]},{"@type":"Person","@id":"https:\/\/potenciaradiofonicadominicana.com\/portal\/#\/schema\/person\/a5cf1fea13877803ee0573ac18b03490","name":"Potencia Radiof\u00f3nica Dominicana","image":{"@type":"ImageObject","inLanguage":"es","@id":"https:\/\/potenciaradiofonicadominicana.com\/portal\/#\/schema\/person\/image\/","url":"https:\/\/secure.gravatar.com\/avatar\/42a55ab9e8ccc656ba34cd791990602a?s=96&d=mm&r=g","contentUrl":"https:\/\/secure.gravatar.com\/avatar\/42a55ab9e8ccc656ba34cd791990602a?s=96&d=mm&r=g","caption":"Potencia Radiof\u00f3nica Dominicana"},"url":"https:\/\/potenciaradiofonicadominicana.com\/portal\/author\/johannyalmanzar\/"}]}},"_links":{"self":[{"href":"https:\/\/potenciaradiofonicadominicana.com\/portal\/wp-json\/wp\/v2\/posts\/214648","targetHints":{"allow":["GET"]}}],"collection":[{"href":"https:\/\/potenciaradiofonicadominicana.com\/portal\/wp-json\/wp\/v2\/posts"}],"about":[{"href":"https:\/\/potenciaradiofonicadominicana.com\/portal\/wp-json\/wp\/v2\/types\/post"}],"author":[{"embeddable":true,"href":"https:\/\/potenciaradiofonicadominicana.com\/portal\/wp-json\/wp\/v2\/users\/2"}],"replies":[{"embeddable":true,"href":"https:\/\/potenciaradiofonicadominicana.com\/portal\/wp-json\/wp\/v2\/comments?post=214648"}],"version-history":[{"count":1,"href":"https:\/\/potenciaradiofonicadominicana.com\/portal\/wp-json\/wp\/v2\/posts\/214648\/revisions"}],"predecessor-version":[{"id":214650,"href":"https:\/\/potenciaradiofonicadominicana.com\/portal\/wp-json\/wp\/v2\/posts\/214648\/revisions\/214650"}],"wp:featuredmedia":[{"embeddable":true,"href":"https:\/\/potenciaradiofonicadominicana.com\/portal\/wp-json\/wp\/v2\/media\/214649"}],"wp:attachment":[{"href":"https:\/\/potenciaradiofonicadominicana.com\/portal\/wp-json\/wp\/v2\/media?parent=214648"}],"wp:term":[{"taxonomy":"category","embeddable":true,"href":"https:\/\/potenciaradiofonicadominicana.com\/portal\/wp-json\/wp\/v2\/categories?post=214648"},{"taxonomy":"post_tag","embeddable":true,"href":"https:\/\/potenciaradiofonicadominicana.com\/portal\/wp-json\/wp\/v2\/tags?post=214648"}],"curies":[{"name":"wp","href":"https:\/\/api.w.org\/{rel}","templated":true}]}}