{"id":214640,"date":"2026-04-08T20:43:25","date_gmt":"2026-04-09T00:43:25","guid":{"rendered":"https:\/\/potenciaradiofonicadominicana.com\/portal\/?p=214640"},"modified":"2026-04-08T20:43:25","modified_gmt":"2026-04-09T00:43:25","slug":"inflacion-interanual-fue-4-63-a-marzo-con-alza-en-transporte-por-combustibles-y-pasajes-aereos","status":"publish","type":"post","link":"https:\/\/potenciaradiofonicadominicana.com\/portal\/inflacion-interanual-fue-4-63-a-marzo-con-alza-en-transporte-por-combustibles-y-pasajes-aereos\/","title":{"rendered":"Inflaci\u00f3n interanual fue 4.63 % a marzo, con alza en transporte por combustibles y pasajes a\u00e9reos"},"content":{"rendered":"<p><a href=\"https:\/\/potenciaradiofonicadominicana.com\/portal\/wp-content\/uploads\/2026\/04\/0x0.png\"><img loading=\"lazy\" decoding=\"async\" class=\"alignnone size-full wp-image-214642\" src=\"https:\/\/potenciaradiofonicadominicana.com\/portal\/wp-content\/uploads\/2026\/04\/0x0.png\" alt=\"\" width=\"1350\" height=\"900\" srcset=\"https:\/\/potenciaradiofonicadominicana.com\/portal\/wp-content\/uploads\/2026\/04\/0x0.png 1350w, https:\/\/potenciaradiofonicadominicana.com\/portal\/wp-content\/uploads\/2026\/04\/0x0-300x200.png 300w, https:\/\/potenciaradiofonicadominicana.com\/portal\/wp-content\/uploads\/2026\/04\/0x0-1024x683.png 1024w, https:\/\/potenciaradiofonicadominicana.com\/portal\/wp-content\/uploads\/2026\/04\/0x0-768x512.png 768w\" sizes=\"auto, (max-width: 1350px) 100vw, 1350px\" \/><\/a><\/p>\n<p>La\u00a0<strong>inflaci\u00f3n interanual<\/strong>\u00a0en la\u00a0<strong>Rep\u00fablica Dominicana<\/strong>\u00a0se ubic\u00f3 en 4.63 % a marzo de este 2026, manteni\u00e9ndose dentro del rango meta del\u00a0<strong>Banco Central<\/strong>\u00a0por 35 meses consecutivos, en un mes marcado por presiones puntuales del grupo Transporte, que registr\u00f3 un incremento de 0.99 %.<\/p>\n<p>El\u00a0<strong>Banco Central<\/strong>\u00a0de la\u00a0<strong>Rep\u00fablica Dominicana<\/strong>\u00a0(BCRD) explic\u00f3 hoy que este comportamiento del transporte responde a los ajustes dispuestos por el\u00a0<strong>Ministerio de Industria<\/strong>, Comercio y Mipymes (MICM) en las gasolinas regular y premium y el gasoil, asociados al aumento del petr\u00f3leo en los mercados internacionales, as\u00ed como a incrementos verificados en las tarifas del pasaje a\u00e9reo.<\/p>\n<p>En t\u00e9rminos mensuales, el \u00edndice de precios al consumidor (<strong>IPC<\/strong>) present\u00f3 una variaci\u00f3n de 0.27 %, resultado en el que, adem\u00e1s de Transporte, incidieron los grupos\u00a0<strong>Restaurantes y Hoteles<\/strong>,\u00a0<strong>Bienes y Servicios Diversos<\/strong>,\u00a0<strong>Vivienda<\/strong>\u00a0y\u00a0<strong>Salud<\/strong>.<\/p>\n<p>La\u00a0<strong>inflaci\u00f3n subyacente<\/strong>\u00a0mensual fue de 0.23 %, lo que contribuy\u00f3 a que la tasa interanual descendiera por segundo mes consecutivo hasta 4.58 %, permaneciendo tambi\u00e9n dentro del rango objetivo de 4.0 % \u00b1 1.0 %. Este indicador excluye componentes vol\u00e1tiles como alimentos,\u00a0<strong>combustibles<\/strong>\u00a0y servicios regulados, incluyendo el transporte.<\/p>\n<h2>Otros grupos que incidieron en la\u00a0<strong>inflaci\u00f3n<\/strong><\/h2>\n<p>El grupo\u00a0<strong>Restaurantes y Hoteles<\/strong>\u00a0registr\u00f3 una variaci\u00f3n de 0.53 %, impulsada por aumentos en los precios de\u00a0<strong>comidas preparadas<\/strong> fuera del hogar, como el plato del d\u00eda, servicios de v\u00edveres con acompa\u00f1amiento y el servicio de pollo.<\/p>\n<p>En tanto,\u00a0<strong>Bienes y Servicios Diversos<\/strong>\u00a0present\u00f3 un alza de 0.38 %, asociada al incremento en servicios de cuidado personal y seguros de\u00a0<strong>salud<\/strong>, mientras que\u00a0<strong>Vivienda<\/strong>\u00a0<strong>creci\u00f3 0.24 %<\/strong>, principalmente por el aumento en alquileres.<\/p>\n<p>El grupo\u00a0<strong>Salud<\/strong>\u00a0mostr\u00f3 una<strong>\u00a0variaci\u00f3n de 0.54 %<\/strong>, explicada por alzas en algunos medicamentos y en las consultas m\u00e9dicas.<\/p>\n<div class=\"my-12 component web-insert relative border bg-component\"><span class=\"text-xl block my-3 component-title glosa\"><strong>Levantamiento de informaci\u00f3n<\/strong><\/span>Para la estimaci\u00f3n del IPC, el Banco Central levanta la Encuesta Nacional de Precios al Consumidor en 11,168 establecimientos a nivel nacional, recopilando m\u00e1s de 200,000 cotizaciones de precios correspondientes a 364 art\u00edculos de la canasta de consumo, con acompa\u00f1amiento t\u00e9cnico de la Comisi\u00f3n Econ\u00f3mica para Am\u00e9rica Latina y el Caribe (Cepal).<\/p>\n<\/div>\n<h2>Descienden los\u00a0<strong>alimentos y bebidas<\/strong><\/h2>\n<p>El BCRD destac\u00f3 que la\u00a0<strong>inflaci\u00f3n<\/strong>\u00a0no fue de mayor magnitud debido a las\u00a0<strong>variaciones negativas<\/strong>\u00a0en\u00a0<strong>Alimentos y Bebidas<\/strong>\u00a0No Alcoh\u00f3licas (-0.15 %) y\u00a0<strong>Comunicaciones<\/strong> (-0.21 %).<\/p>\n<p>En el caso de los alimentos, la reducci\u00f3n se atribuye a la normalizaci\u00f3n de las condiciones de oferta tras los\u00a0<strong>fen\u00f3menos clim\u00e1ticos<\/strong>\u00a0de finales del a\u00f1o pasado, reflejada en bajas de precios en productos como pl\u00e1tanos, pollo fresco, batatas, guineos verdes y papas, que no fueron compensadas por alzas en aj\u00edes, carne de res, aguacates, limones agrios, bacalao, yuca, naranjas, arroz y cebollas.<\/p>\n<p>En\u00a0<strong>Comunicaciones<\/strong>, la\u00a0<strong>disminuci\u00f3n<\/strong>\u00a0responde a reducciones en los servicios combinados de telecomunicaciones, especialmente en transmisi\u00f3n de datos en l\u00ednea (<em>streaming<\/em>).<\/p>\n<h2>Bienes transables,\u00a0<strong>regiones<\/strong>\u00a0y quintiles<\/h2>\n<p>El\u00a0<strong>IPC<\/strong>\u00a0de los bienes transables registr\u00f3 una variaci\u00f3n de 0.40 % en marzo, influenciado por el aumento en\u00a0<strong>combustibles<\/strong>\u00a0y\u00a0<strong>pasajes a\u00e9reos<\/strong>, mientras que los bienes y servicios no transables presentaron una\u00a0<strong>inflaci\u00f3n<\/strong>\u00a0de 0.15 %.<\/p>\n<p>Por\u00a0<strong>regiones<\/strong>, las mayores variaciones se observaron en el\u00a0<strong>norte (0.41 %) y el este (0.37 %)<\/strong>, donde el impacto del transporte fue m\u00e1s pronunciado seguido de la regi\u00f3n sur, con 0.19 %. Mientras, la regi\u00f3n Ozama (que comprende el Distrito Nacional y la provincia Santo Domingo) registr\u00f3 0.17 %.<\/p>\n<p>Por nivel socioecon\u00f3mico, los quintiles 1, 2 y 3 presentaron inflaciones de 0.13 %, 0.16 % y 0.18 %, respectivamente, mientras que los\u00a0<strong>quintiles 4 y 5<\/strong>\u00a0registraron 0.19 % y 0.41 %.<\/p>\n<p>Este \u00faltimo evidenci\u00f3 la\u00a0<strong>mayor tasa<\/strong>, debido a una mayor incidencia del alza en transporte, particularmente en\u00a0<strong>pasajes a\u00e9reos<\/strong>\u00a0y\u00a0<strong>combustibles<\/strong>.<\/p>\n","protected":false},"excerpt":{"rendered":"<p>La\u00a0inflaci\u00f3n interanual\u00a0en la\u00a0Rep\u00fablica Dominicana\u00a0se ubic\u00f3 en 4.63 % a marzo de este 2026, manteni\u00e9ndose dentro del rango meta del\u00a0Banco Central\u00a0por &#8230;<\/p>\n","protected":false},"author":2,"featured_media":214642,"comment_status":"closed","ping_status":"closed","sticky":false,"template":"","format":"standard","meta":{"footnotes":""},"categories":[26],"tags":[],"class_list":["post-214640","post","type-post","status-publish","format-standard","has-post-thumbnail","hentry","category-economia"],"yoast_head":"<!-- This site is optimized with the Yoast SEO plugin v24.8.1 - https:\/\/yoast.com\/wordpress\/plugins\/seo\/ -->\n<title>Inflaci\u00f3n interanual fue 4.63 % a marzo, con alza en transporte por combustibles y pasajes a\u00e9reos - PotenciaRadiofonicaDominicana.com<\/title>\n<meta name=\"robots\" content=\"index, follow, max-snippet:-1, max-image-preview:large, max-video-preview:-1\" \/>\n<link rel=\"canonical\" href=\"https:\/\/potenciaradiofonicadominicana.com\/portal\/inflacion-interanual-fue-4-63-a-marzo-con-alza-en-transporte-por-combustibles-y-pasajes-aereos\/\" \/>\n<meta property=\"og:locale\" content=\"es_ES\" \/>\n<meta property=\"og:type\" content=\"article\" \/>\n<meta property=\"og:title\" content=\"Inflaci\u00f3n interanual fue 4.63 % a marzo, con alza en transporte por combustibles y pasajes a\u00e9reos - PotenciaRadiofonicaDominicana.com\" \/>\n<meta property=\"og:description\" content=\"La\u00a0inflaci\u00f3n interanual\u00a0en la\u00a0Rep\u00fablica Dominicana\u00a0se ubic\u00f3 en 4.63 % a marzo de este 2026, manteni\u00e9ndose dentro del rango meta del\u00a0Banco Central\u00a0por ...\" \/>\n<meta property=\"og:url\" content=\"https:\/\/potenciaradiofonicadominicana.com\/portal\/inflacion-interanual-fue-4-63-a-marzo-con-alza-en-transporte-por-combustibles-y-pasajes-aereos\/\" \/>\n<meta property=\"og:site_name\" content=\"PotenciaRadiofonicaDominicana.com\" \/>\n<meta property=\"article:publisher\" content=\"https:\/\/web.facebook.com\/PotenciaRadiofonicaD\" \/>\n<meta property=\"article:published_time\" content=\"2026-04-09T00:43:25+00:00\" \/>\n<meta property=\"og:image\" content=\"https:\/\/potenciaradiofonicadominicana.com\/portal\/wp-content\/uploads\/2026\/04\/0x0.png\" \/>\n\t<meta property=\"og:image:width\" content=\"1350\" \/>\n\t<meta property=\"og:image:height\" content=\"900\" \/>\n\t<meta property=\"og:image:type\" content=\"image\/png\" \/>\n<meta name=\"author\" content=\"Potencia Radiof\u00f3nica Dominicana\" \/>\n<meta name=\"twitter:card\" content=\"summary_large_image\" \/>\n<meta name=\"twitter:label1\" content=\"Escrito por\" \/>\n\t<meta name=\"twitter:data1\" content=\"Potencia Radiof\u00f3nica Dominicana\" \/>\n\t<meta name=\"twitter:label2\" content=\"Tiempo de lectura\" \/>\n\t<meta name=\"twitter:data2\" content=\"4 minutos\" \/>\n<script type=\"application\/ld+json\" class=\"yoast-schema-graph\">{\"@context\":\"https:\/\/schema.org\",\"@graph\":[{\"@type\":\"Article\",\"@id\":\"https:\/\/potenciaradiofonicadominicana.com\/portal\/inflacion-interanual-fue-4-63-a-marzo-con-alza-en-transporte-por-combustibles-y-pasajes-aereos\/#article\",\"isPartOf\":{\"@id\":\"https:\/\/potenciaradiofonicadominicana.com\/portal\/inflacion-interanual-fue-4-63-a-marzo-con-alza-en-transporte-por-combustibles-y-pasajes-aereos\/\"},\"author\":{\"name\":\"Potencia Radiof\u00f3nica Dominicana\",\"@id\":\"https:\/\/potenciaradiofonicadominicana.com\/portal\/#\/schema\/person\/a5cf1fea13877803ee0573ac18b03490\"},\"headline\":\"Inflaci\u00f3n interanual fue 4.63 % a marzo, con alza en transporte por combustibles y pasajes a\u00e9reos\",\"datePublished\":\"2026-04-09T00:43:25+00:00\",\"mainEntityOfPage\":{\"@id\":\"https:\/\/potenciaradiofonicadominicana.com\/portal\/inflacion-interanual-fue-4-63-a-marzo-con-alza-en-transporte-por-combustibles-y-pasajes-aereos\/\"},\"wordCount\":616,\"publisher\":{\"@id\":\"https:\/\/potenciaradiofonicadominicana.com\/portal\/#organization\"},\"image\":{\"@id\":\"https:\/\/potenciaradiofonicadominicana.com\/portal\/inflacion-interanual-fue-4-63-a-marzo-con-alza-en-transporte-por-combustibles-y-pasajes-aereos\/#primaryimage\"},\"thumbnailUrl\":\"https:\/\/potenciaradiofonicadominicana.com\/portal\/wp-content\/uploads\/2026\/04\/0x0.png\",\"articleSection\":[\"Econom\u00eda\"],\"inLanguage\":\"es\"},{\"@type\":\"WebPage\",\"@id\":\"https:\/\/potenciaradiofonicadominicana.com\/portal\/inflacion-interanual-fue-4-63-a-marzo-con-alza-en-transporte-por-combustibles-y-pasajes-aereos\/\",\"url\":\"https:\/\/potenciaradiofonicadominicana.com\/portal\/inflacion-interanual-fue-4-63-a-marzo-con-alza-en-transporte-por-combustibles-y-pasajes-aereos\/\",\"name\":\"Inflaci\u00f3n interanual fue 4.63 % a marzo, con alza en transporte por combustibles y pasajes a\u00e9reos - PotenciaRadiofonicaDominicana.com\",\"isPartOf\":{\"@id\":\"https:\/\/potenciaradiofonicadominicana.com\/portal\/#website\"},\"primaryImageOfPage\":{\"@id\":\"https:\/\/potenciaradiofonicadominicana.com\/portal\/inflacion-interanual-fue-4-63-a-marzo-con-alza-en-transporte-por-combustibles-y-pasajes-aereos\/#primaryimage\"},\"image\":{\"@id\":\"https:\/\/potenciaradiofonicadominicana.com\/portal\/inflacion-interanual-fue-4-63-a-marzo-con-alza-en-transporte-por-combustibles-y-pasajes-aereos\/#primaryimage\"},\"thumbnailUrl\":\"https:\/\/potenciaradiofonicadominicana.com\/portal\/wp-content\/uploads\/2026\/04\/0x0.png\",\"datePublished\":\"2026-04-09T00:43:25+00:00\",\"breadcrumb\":{\"@id\":\"https:\/\/potenciaradiofonicadominicana.com\/portal\/inflacion-interanual-fue-4-63-a-marzo-con-alza-en-transporte-por-combustibles-y-pasajes-aereos\/#breadcrumb\"},\"inLanguage\":\"es\",\"potentialAction\":[{\"@type\":\"ReadAction\",\"target\":[\"https:\/\/potenciaradiofonicadominicana.com\/portal\/inflacion-interanual-fue-4-63-a-marzo-con-alza-en-transporte-por-combustibles-y-pasajes-aereos\/\"]}]},{\"@type\":\"ImageObject\",\"inLanguage\":\"es\",\"@id\":\"https:\/\/potenciaradiofonicadominicana.com\/portal\/inflacion-interanual-fue-4-63-a-marzo-con-alza-en-transporte-por-combustibles-y-pasajes-aereos\/#primaryimage\",\"url\":\"https:\/\/potenciaradiofonicadominicana.com\/portal\/wp-content\/uploads\/2026\/04\/0x0.png\",\"contentUrl\":\"https:\/\/potenciaradiofonicadominicana.com\/portal\/wp-content\/uploads\/2026\/04\/0x0.png\",\"width\":1350,\"height\":900},{\"@type\":\"BreadcrumbList\",\"@id\":\"https:\/\/potenciaradiofonicadominicana.com\/portal\/inflacion-interanual-fue-4-63-a-marzo-con-alza-en-transporte-por-combustibles-y-pasajes-aereos\/#breadcrumb\",\"itemListElement\":[{\"@type\":\"ListItem\",\"position\":1,\"name\":\"Portada\",\"item\":\"https:\/\/potenciaradiofonicadominicana.com\/portal\/\"},{\"@type\":\"ListItem\",\"position\":2,\"name\":\"Inflaci\u00f3n interanual fue 4.63 % a marzo, con alza en transporte por combustibles y pasajes a\u00e9reos\"}]},{\"@type\":\"WebSite\",\"@id\":\"https:\/\/potenciaradiofonicadominicana.com\/portal\/#website\",\"url\":\"https:\/\/potenciaradiofonicadominicana.com\/portal\/\",\"name\":\"PotenciaRadiofonicaDominicana.com\",\"description\":\"Peri\u00f3dico Digital\",\"publisher\":{\"@id\":\"https:\/\/potenciaradiofonicadominicana.com\/portal\/#organization\"},\"potentialAction\":[{\"@type\":\"SearchAction\",\"target\":{\"@type\":\"EntryPoint\",\"urlTemplate\":\"https:\/\/potenciaradiofonicadominicana.com\/portal\/?s={search_term_string}\"},\"query-input\":{\"@type\":\"PropertyValueSpecification\",\"valueRequired\":true,\"valueName\":\"search_term_string\"}}],\"inLanguage\":\"es\"},{\"@type\":\"Organization\",\"@id\":\"https:\/\/potenciaradiofonicadominicana.com\/portal\/#organization\",\"name\":\"PotenciaRadiofonicaDominicana.com\",\"url\":\"https:\/\/potenciaradiofonicadominicana.com\/portal\/\",\"logo\":{\"@type\":\"ImageObject\",\"inLanguage\":\"es\",\"@id\":\"https:\/\/potenciaradiofonicadominicana.com\/portal\/#\/schema\/logo\/image\/\",\"url\":\"https:\/\/potenciaradiofonicadominicana.com\/portal\/wp-content\/uploads\/2022\/01\/descarga.png\",\"contentUrl\":\"https:\/\/potenciaradiofonicadominicana.com\/portal\/wp-content\/uploads\/2022\/01\/descarga.png\",\"width\":300,\"height\":100,\"caption\":\"PotenciaRadiofonicaDominicana.com\"},\"image\":{\"@id\":\"https:\/\/potenciaradiofonicadominicana.com\/portal\/#\/schema\/logo\/image\/\"},\"sameAs\":[\"https:\/\/web.facebook.com\/PotenciaRadiofonicaD\"]},{\"@type\":\"Person\",\"@id\":\"https:\/\/potenciaradiofonicadominicana.com\/portal\/#\/schema\/person\/a5cf1fea13877803ee0573ac18b03490\",\"name\":\"Potencia Radiof\u00f3nica Dominicana\",\"image\":{\"@type\":\"ImageObject\",\"inLanguage\":\"es\",\"@id\":\"https:\/\/potenciaradiofonicadominicana.com\/portal\/#\/schema\/person\/image\/\",\"url\":\"https:\/\/secure.gravatar.com\/avatar\/42a55ab9e8ccc656ba34cd791990602a?s=96&d=mm&r=g\",\"contentUrl\":\"https:\/\/secure.gravatar.com\/avatar\/42a55ab9e8ccc656ba34cd791990602a?s=96&d=mm&r=g\",\"caption\":\"Potencia Radiof\u00f3nica Dominicana\"},\"url\":\"https:\/\/potenciaradiofonicadominicana.com\/portal\/author\/johannyalmanzar\/\"}]}<\/script>\n<!-- \/ Yoast SEO plugin. -->","yoast_head_json":{"title":"Inflaci\u00f3n interanual fue 4.63 % a marzo, con alza en transporte por combustibles y pasajes a\u00e9reos - PotenciaRadiofonicaDominicana.com","robots":{"index":"index","follow":"follow","max-snippet":"max-snippet:-1","max-image-preview":"max-image-preview:large","max-video-preview":"max-video-preview:-1"},"canonical":"https:\/\/potenciaradiofonicadominicana.com\/portal\/inflacion-interanual-fue-4-63-a-marzo-con-alza-en-transporte-por-combustibles-y-pasajes-aereos\/","og_locale":"es_ES","og_type":"article","og_title":"Inflaci\u00f3n interanual fue 4.63 % a marzo, con alza en transporte por combustibles y pasajes a\u00e9reos - PotenciaRadiofonicaDominicana.com","og_description":"La\u00a0inflaci\u00f3n interanual\u00a0en la\u00a0Rep\u00fablica Dominicana\u00a0se ubic\u00f3 en 4.63 % a marzo de este 2026, manteni\u00e9ndose dentro del rango meta del\u00a0Banco Central\u00a0por ...","og_url":"https:\/\/potenciaradiofonicadominicana.com\/portal\/inflacion-interanual-fue-4-63-a-marzo-con-alza-en-transporte-por-combustibles-y-pasajes-aereos\/","og_site_name":"PotenciaRadiofonicaDominicana.com","article_publisher":"https:\/\/web.facebook.com\/PotenciaRadiofonicaD","article_published_time":"2026-04-09T00:43:25+00:00","og_image":[{"width":1350,"height":900,"url":"https:\/\/potenciaradiofonicadominicana.com\/portal\/wp-content\/uploads\/2026\/04\/0x0.png","type":"image\/png"}],"author":"Potencia Radiof\u00f3nica Dominicana","twitter_card":"summary_large_image","twitter_misc":{"Escrito por":"Potencia Radiof\u00f3nica Dominicana","Tiempo de lectura":"4 minutos"},"schema":{"@context":"https:\/\/schema.org","@graph":[{"@type":"Article","@id":"https:\/\/potenciaradiofonicadominicana.com\/portal\/inflacion-interanual-fue-4-63-a-marzo-con-alza-en-transporte-por-combustibles-y-pasajes-aereos\/#article","isPartOf":{"@id":"https:\/\/potenciaradiofonicadominicana.com\/portal\/inflacion-interanual-fue-4-63-a-marzo-con-alza-en-transporte-por-combustibles-y-pasajes-aereos\/"},"author":{"name":"Potencia Radiof\u00f3nica Dominicana","@id":"https:\/\/potenciaradiofonicadominicana.com\/portal\/#\/schema\/person\/a5cf1fea13877803ee0573ac18b03490"},"headline":"Inflaci\u00f3n interanual fue 4.63 % a marzo, con alza en transporte por combustibles y pasajes a\u00e9reos","datePublished":"2026-04-09T00:43:25+00:00","mainEntityOfPage":{"@id":"https:\/\/potenciaradiofonicadominicana.com\/portal\/inflacion-interanual-fue-4-63-a-marzo-con-alza-en-transporte-por-combustibles-y-pasajes-aereos\/"},"wordCount":616,"publisher":{"@id":"https:\/\/potenciaradiofonicadominicana.com\/portal\/#organization"},"image":{"@id":"https:\/\/potenciaradiofonicadominicana.com\/portal\/inflacion-interanual-fue-4-63-a-marzo-con-alza-en-transporte-por-combustibles-y-pasajes-aereos\/#primaryimage"},"thumbnailUrl":"https:\/\/potenciaradiofonicadominicana.com\/portal\/wp-content\/uploads\/2026\/04\/0x0.png","articleSection":["Econom\u00eda"],"inLanguage":"es"},{"@type":"WebPage","@id":"https:\/\/potenciaradiofonicadominicana.com\/portal\/inflacion-interanual-fue-4-63-a-marzo-con-alza-en-transporte-por-combustibles-y-pasajes-aereos\/","url":"https:\/\/potenciaradiofonicadominicana.com\/portal\/inflacion-interanual-fue-4-63-a-marzo-con-alza-en-transporte-por-combustibles-y-pasajes-aereos\/","name":"Inflaci\u00f3n interanual fue 4.63 % a marzo, con alza en transporte por combustibles y pasajes a\u00e9reos - PotenciaRadiofonicaDominicana.com","isPartOf":{"@id":"https:\/\/potenciaradiofonicadominicana.com\/portal\/#website"},"primaryImageOfPage":{"@id":"https:\/\/potenciaradiofonicadominicana.com\/portal\/inflacion-interanual-fue-4-63-a-marzo-con-alza-en-transporte-por-combustibles-y-pasajes-aereos\/#primaryimage"},"image":{"@id":"https:\/\/potenciaradiofonicadominicana.com\/portal\/inflacion-interanual-fue-4-63-a-marzo-con-alza-en-transporte-por-combustibles-y-pasajes-aereos\/#primaryimage"},"thumbnailUrl":"https:\/\/potenciaradiofonicadominicana.com\/portal\/wp-content\/uploads\/2026\/04\/0x0.png","datePublished":"2026-04-09T00:43:25+00:00","breadcrumb":{"@id":"https:\/\/potenciaradiofonicadominicana.com\/portal\/inflacion-interanual-fue-4-63-a-marzo-con-alza-en-transporte-por-combustibles-y-pasajes-aereos\/#breadcrumb"},"inLanguage":"es","potentialAction":[{"@type":"ReadAction","target":["https:\/\/potenciaradiofonicadominicana.com\/portal\/inflacion-interanual-fue-4-63-a-marzo-con-alza-en-transporte-por-combustibles-y-pasajes-aereos\/"]}]},{"@type":"ImageObject","inLanguage":"es","@id":"https:\/\/potenciaradiofonicadominicana.com\/portal\/inflacion-interanual-fue-4-63-a-marzo-con-alza-en-transporte-por-combustibles-y-pasajes-aereos\/#primaryimage","url":"https:\/\/potenciaradiofonicadominicana.com\/portal\/wp-content\/uploads\/2026\/04\/0x0.png","contentUrl":"https:\/\/potenciaradiofonicadominicana.com\/portal\/wp-content\/uploads\/2026\/04\/0x0.png","width":1350,"height":900},{"@type":"BreadcrumbList","@id":"https:\/\/potenciaradiofonicadominicana.com\/portal\/inflacion-interanual-fue-4-63-a-marzo-con-alza-en-transporte-por-combustibles-y-pasajes-aereos\/#breadcrumb","itemListElement":[{"@type":"ListItem","position":1,"name":"Portada","item":"https:\/\/potenciaradiofonicadominicana.com\/portal\/"},{"@type":"ListItem","position":2,"name":"Inflaci\u00f3n interanual fue 4.63 % a marzo, con alza en transporte por combustibles y pasajes a\u00e9reos"}]},{"@type":"WebSite","@id":"https:\/\/potenciaradiofonicadominicana.com\/portal\/#website","url":"https:\/\/potenciaradiofonicadominicana.com\/portal\/","name":"PotenciaRadiofonicaDominicana.com","description":"Peri\u00f3dico Digital","publisher":{"@id":"https:\/\/potenciaradiofonicadominicana.com\/portal\/#organization"},"potentialAction":[{"@type":"SearchAction","target":{"@type":"EntryPoint","urlTemplate":"https:\/\/potenciaradiofonicadominicana.com\/portal\/?s={search_term_string}"},"query-input":{"@type":"PropertyValueSpecification","valueRequired":true,"valueName":"search_term_string"}}],"inLanguage":"es"},{"@type":"Organization","@id":"https:\/\/potenciaradiofonicadominicana.com\/portal\/#organization","name":"PotenciaRadiofonicaDominicana.com","url":"https:\/\/potenciaradiofonicadominicana.com\/portal\/","logo":{"@type":"ImageObject","inLanguage":"es","@id":"https:\/\/potenciaradiofonicadominicana.com\/portal\/#\/schema\/logo\/image\/","url":"https:\/\/potenciaradiofonicadominicana.com\/portal\/wp-content\/uploads\/2022\/01\/descarga.png","contentUrl":"https:\/\/potenciaradiofonicadominicana.com\/portal\/wp-content\/uploads\/2022\/01\/descarga.png","width":300,"height":100,"caption":"PotenciaRadiofonicaDominicana.com"},"image":{"@id":"https:\/\/potenciaradiofonicadominicana.com\/portal\/#\/schema\/logo\/image\/"},"sameAs":["https:\/\/web.facebook.com\/PotenciaRadiofonicaD"]},{"@type":"Person","@id":"https:\/\/potenciaradiofonicadominicana.com\/portal\/#\/schema\/person\/a5cf1fea13877803ee0573ac18b03490","name":"Potencia Radiof\u00f3nica Dominicana","image":{"@type":"ImageObject","inLanguage":"es","@id":"https:\/\/potenciaradiofonicadominicana.com\/portal\/#\/schema\/person\/image\/","url":"https:\/\/secure.gravatar.com\/avatar\/42a55ab9e8ccc656ba34cd791990602a?s=96&d=mm&r=g","contentUrl":"https:\/\/secure.gravatar.com\/avatar\/42a55ab9e8ccc656ba34cd791990602a?s=96&d=mm&r=g","caption":"Potencia Radiof\u00f3nica Dominicana"},"url":"https:\/\/potenciaradiofonicadominicana.com\/portal\/author\/johannyalmanzar\/"}]}},"_links":{"self":[{"href":"https:\/\/potenciaradiofonicadominicana.com\/portal\/wp-json\/wp\/v2\/posts\/214640","targetHints":{"allow":["GET"]}}],"collection":[{"href":"https:\/\/potenciaradiofonicadominicana.com\/portal\/wp-json\/wp\/v2\/posts"}],"about":[{"href":"https:\/\/potenciaradiofonicadominicana.com\/portal\/wp-json\/wp\/v2\/types\/post"}],"author":[{"embeddable":true,"href":"https:\/\/potenciaradiofonicadominicana.com\/portal\/wp-json\/wp\/v2\/users\/2"}],"replies":[{"embeddable":true,"href":"https:\/\/potenciaradiofonicadominicana.com\/portal\/wp-json\/wp\/v2\/comments?post=214640"}],"version-history":[{"count":1,"href":"https:\/\/potenciaradiofonicadominicana.com\/portal\/wp-json\/wp\/v2\/posts\/214640\/revisions"}],"predecessor-version":[{"id":214643,"href":"https:\/\/potenciaradiofonicadominicana.com\/portal\/wp-json\/wp\/v2\/posts\/214640\/revisions\/214643"}],"wp:featuredmedia":[{"embeddable":true,"href":"https:\/\/potenciaradiofonicadominicana.com\/portal\/wp-json\/wp\/v2\/media\/214642"}],"wp:attachment":[{"href":"https:\/\/potenciaradiofonicadominicana.com\/portal\/wp-json\/wp\/v2\/media?parent=214640"}],"wp:term":[{"taxonomy":"category","embeddable":true,"href":"https:\/\/potenciaradiofonicadominicana.com\/portal\/wp-json\/wp\/v2\/categories?post=214640"},{"taxonomy":"post_tag","embeddable":true,"href":"https:\/\/potenciaradiofonicadominicana.com\/portal\/wp-json\/wp\/v2\/tags?post=214640"}],"curies":[{"name":"wp","href":"https:\/\/api.w.org\/{rel}","templated":true}]}}