{"id":214636,"date":"2026-04-08T20:40:26","date_gmt":"2026-04-09T00:40:26","guid":{"rendered":"https:\/\/potenciaradiofonicadominicana.com\/portal\/?p=214636"},"modified":"2026-04-08T20:40:26","modified_gmt":"2026-04-09T00:40:26","slug":"garantizan-estabilidad-en-precios-del-pollo-pese-a-crisis-internacional","status":"publish","type":"post","link":"https:\/\/potenciaradiofonicadominicana.com\/portal\/garantizan-estabilidad-en-precios-del-pollo-pese-a-crisis-internacional\/","title":{"rendered":"Garantizan estabilidad en precios del pollo pese a crisis internacional"},"content":{"rendered":"<p><a href=\"https:\/\/potenciaradiofonicadominicana.com\/portal\/wp-content\/uploads\/2026\/04\/ECOGAL-Granjas-Dical-SL-Chantada-polos-avicultura.jpeg\"><img loading=\"lazy\" decoding=\"async\" class=\"alignnone size-full wp-image-214638\" src=\"https:\/\/potenciaradiofonicadominicana.com\/portal\/wp-content\/uploads\/2026\/04\/ECOGAL-Granjas-Dical-SL-Chantada-polos-avicultura.jpeg\" alt=\"\" width=\"1200\" height=\"800\" srcset=\"https:\/\/potenciaradiofonicadominicana.com\/portal\/wp-content\/uploads\/2026\/04\/ECOGAL-Granjas-Dical-SL-Chantada-polos-avicultura.jpeg 1200w, https:\/\/potenciaradiofonicadominicana.com\/portal\/wp-content\/uploads\/2026\/04\/ECOGAL-Granjas-Dical-SL-Chantada-polos-avicultura-300x200.jpeg 300w, https:\/\/potenciaradiofonicadominicana.com\/portal\/wp-content\/uploads\/2026\/04\/ECOGAL-Granjas-Dical-SL-Chantada-polos-avicultura-1024x683.jpeg 1024w, https:\/\/potenciaradiofonicadominicana.com\/portal\/wp-content\/uploads\/2026\/04\/ECOGAL-Granjas-Dical-SL-Chantada-polos-avicultura-768x512.jpeg 768w\" sizes=\"auto, (max-width: 1200px) 100vw, 1200px\" \/><\/a><\/p>\n<p>La Asociaci\u00f3n Dominicana de Avicultura (ADA) asegur\u00f3 este martes que el pa\u00eds cuenta con plena capacidad productiva para garantizar el abastecimiento de pollo y huevos, as\u00ed como precios competitivos, a pesar del contexto internacional por el que atraviesa el marcado agroalimentario internacional.<\/p>\n<p>El presidente de la entidad, Pavel Concepci\u00f3n, inform\u00f3 que la producci\u00f3n nacional de pollos alcanz\u00f3 los 22.3 millones de unidades mensuales en abril y que mantiene igual proyecci\u00f3n para mayo de pr\u00f3ximo, lo que evidencia la recuperaci\u00f3n sostenida del sector.<\/p>\n<p>En el caso de los huevos, resalt\u00f3 que el pa\u00eds registra m\u00e1ximos hist\u00f3ricos de 400 millones de unidades mensuales, con un consumo perc\u00e1pita de 320 unidades al a\u00f1o, uno de los m\u00e1s altos del Caribe y Centroam\u00e9rica.<\/p>\n<p>Concepci\u00f3n explic\u00f3 que la actual coyuntura responde a una crisis internacional de costos, no de abastecimiento, impulsada por el encarecimiento de los fletes mar\u00edtimos, fertilizantes y materias primas como ma\u00edz, trigo y soya, factores que inciden directamente en la producci\u00f3n av\u00edcola.<\/p>\n<p>En tanto que, Miguel Lajara, miembro de la ADA, hizo un llamado a la poblaci\u00f3n a mantener la confianza en la producci\u00f3n nacional, al indicar que el pa\u00eds basa su aprovisionamiento en granos y oleaginosas en una matriz de suplidores con origen en tres pa\u00edses principales: Estados Unidos, Brasil y Argentina.<\/p>\n<p>En ese sentido, explic\u00f3 que al d\u00eda de hoy no se vislumbra una interrupci\u00f3n en la cadena de suministro hacia Rep\u00fablica Dominicana, al precisar que las rutas comerciales con los suplidores y socios del continente americano operan con normalidad.<\/p>\n<p>\u201cEl pollo y el huevo seguir\u00e1n siendo las prote\u00ednas m\u00e1s accesibles de la canasta familiar. Nuestro compromiso es garantizar estabilidad y calidad, a\u00fan en medio de la incertidumbre global\u201d, afirm\u00f3.<\/p>\n<p>El gremio reiter\u00f3 su disposici\u00f3n de trabajar de manera coordinada con el Gobierno en la planificaci\u00f3n de insumos, la gesti\u00f3n eficiente de inventarios y la mitigaci\u00f3n del impacto de los costos internacionales, en favor de la seguridad alimentaria del pa\u00eds.<\/p>\n<p>&nbsp;<\/p>\n","protected":false},"excerpt":{"rendered":"<p>La Asociaci\u00f3n Dominicana de Avicultura (ADA) asegur\u00f3 este martes que el pa\u00eds cuenta con plena capacidad productiva para garantizar el &#8230;<\/p>\n","protected":false},"author":2,"featured_media":214638,"comment_status":"closed","ping_status":"closed","sticky":false,"template":"","format":"standard","meta":{"footnotes":""},"categories":[26],"tags":[],"class_list":["post-214636","post","type-post","status-publish","format-standard","has-post-thumbnail","hentry","category-economia"],"yoast_head":"<!-- This site is optimized with the Yoast SEO plugin v24.8.1 - https:\/\/yoast.com\/wordpress\/plugins\/seo\/ -->\n<title>Garantizan estabilidad en precios del pollo pese a crisis internacional - PotenciaRadiofonicaDominicana.com<\/title>\n<meta name=\"robots\" content=\"index, follow, max-snippet:-1, max-image-preview:large, max-video-preview:-1\" \/>\n<link rel=\"canonical\" href=\"https:\/\/potenciaradiofonicadominicana.com\/portal\/garantizan-estabilidad-en-precios-del-pollo-pese-a-crisis-internacional\/\" \/>\n<meta property=\"og:locale\" content=\"es_ES\" \/>\n<meta property=\"og:type\" content=\"article\" \/>\n<meta property=\"og:title\" content=\"Garantizan estabilidad en precios del pollo pese a crisis internacional - PotenciaRadiofonicaDominicana.com\" \/>\n<meta property=\"og:description\" content=\"La Asociaci\u00f3n Dominicana de Avicultura (ADA) asegur\u00f3 este martes que el pa\u00eds cuenta con plena capacidad productiva para garantizar el ...\" \/>\n<meta property=\"og:url\" content=\"https:\/\/potenciaradiofonicadominicana.com\/portal\/garantizan-estabilidad-en-precios-del-pollo-pese-a-crisis-internacional\/\" \/>\n<meta property=\"og:site_name\" content=\"PotenciaRadiofonicaDominicana.com\" \/>\n<meta property=\"article:publisher\" content=\"https:\/\/web.facebook.com\/PotenciaRadiofonicaD\" \/>\n<meta property=\"article:published_time\" content=\"2026-04-09T00:40:26+00:00\" \/>\n<meta property=\"og:image\" content=\"https:\/\/potenciaradiofonicadominicana.com\/portal\/wp-content\/uploads\/2026\/04\/ECOGAL-Granjas-Dical-SL-Chantada-polos-avicultura.jpeg\" \/>\n\t<meta property=\"og:image:width\" content=\"1200\" \/>\n\t<meta property=\"og:image:height\" content=\"800\" \/>\n\t<meta property=\"og:image:type\" content=\"image\/jpeg\" \/>\n<meta name=\"author\" content=\"Potencia Radiof\u00f3nica Dominicana\" \/>\n<meta name=\"twitter:card\" content=\"summary_large_image\" \/>\n<meta name=\"twitter:label1\" content=\"Escrito por\" \/>\n\t<meta name=\"twitter:data1\" content=\"Potencia Radiof\u00f3nica Dominicana\" \/>\n\t<meta name=\"twitter:label2\" content=\"Tiempo de lectura\" \/>\n\t<meta name=\"twitter:data2\" content=\"2 minutos\" \/>\n<script type=\"application\/ld+json\" class=\"yoast-schema-graph\">{\"@context\":\"https:\/\/schema.org\",\"@graph\":[{\"@type\":\"Article\",\"@id\":\"https:\/\/potenciaradiofonicadominicana.com\/portal\/garantizan-estabilidad-en-precios-del-pollo-pese-a-crisis-internacional\/#article\",\"isPartOf\":{\"@id\":\"https:\/\/potenciaradiofonicadominicana.com\/portal\/garantizan-estabilidad-en-precios-del-pollo-pese-a-crisis-internacional\/\"},\"author\":{\"name\":\"Potencia Radiof\u00f3nica Dominicana\",\"@id\":\"https:\/\/potenciaradiofonicadominicana.com\/portal\/#\/schema\/person\/a5cf1fea13877803ee0573ac18b03490\"},\"headline\":\"Garantizan estabilidad en precios del pollo pese a crisis internacional\",\"datePublished\":\"2026-04-09T00:40:26+00:00\",\"mainEntityOfPage\":{\"@id\":\"https:\/\/potenciaradiofonicadominicana.com\/portal\/garantizan-estabilidad-en-precios-del-pollo-pese-a-crisis-internacional\/\"},\"wordCount\":363,\"publisher\":{\"@id\":\"https:\/\/potenciaradiofonicadominicana.com\/portal\/#organization\"},\"image\":{\"@id\":\"https:\/\/potenciaradiofonicadominicana.com\/portal\/garantizan-estabilidad-en-precios-del-pollo-pese-a-crisis-internacional\/#primaryimage\"},\"thumbnailUrl\":\"https:\/\/potenciaradiofonicadominicana.com\/portal\/wp-content\/uploads\/2026\/04\/ECOGAL-Granjas-Dical-SL-Chantada-polos-avicultura.jpeg\",\"articleSection\":[\"Econom\u00eda\"],\"inLanguage\":\"es\"},{\"@type\":\"WebPage\",\"@id\":\"https:\/\/potenciaradiofonicadominicana.com\/portal\/garantizan-estabilidad-en-precios-del-pollo-pese-a-crisis-internacional\/\",\"url\":\"https:\/\/potenciaradiofonicadominicana.com\/portal\/garantizan-estabilidad-en-precios-del-pollo-pese-a-crisis-internacional\/\",\"name\":\"Garantizan estabilidad en precios del pollo pese a crisis internacional - PotenciaRadiofonicaDominicana.com\",\"isPartOf\":{\"@id\":\"https:\/\/potenciaradiofonicadominicana.com\/portal\/#website\"},\"primaryImageOfPage\":{\"@id\":\"https:\/\/potenciaradiofonicadominicana.com\/portal\/garantizan-estabilidad-en-precios-del-pollo-pese-a-crisis-internacional\/#primaryimage\"},\"image\":{\"@id\":\"https:\/\/potenciaradiofonicadominicana.com\/portal\/garantizan-estabilidad-en-precios-del-pollo-pese-a-crisis-internacional\/#primaryimage\"},\"thumbnailUrl\":\"https:\/\/potenciaradiofonicadominicana.com\/portal\/wp-content\/uploads\/2026\/04\/ECOGAL-Granjas-Dical-SL-Chantada-polos-avicultura.jpeg\",\"datePublished\":\"2026-04-09T00:40:26+00:00\",\"breadcrumb\":{\"@id\":\"https:\/\/potenciaradiofonicadominicana.com\/portal\/garantizan-estabilidad-en-precios-del-pollo-pese-a-crisis-internacional\/#breadcrumb\"},\"inLanguage\":\"es\",\"potentialAction\":[{\"@type\":\"ReadAction\",\"target\":[\"https:\/\/potenciaradiofonicadominicana.com\/portal\/garantizan-estabilidad-en-precios-del-pollo-pese-a-crisis-internacional\/\"]}]},{\"@type\":\"ImageObject\",\"inLanguage\":\"es\",\"@id\":\"https:\/\/potenciaradiofonicadominicana.com\/portal\/garantizan-estabilidad-en-precios-del-pollo-pese-a-crisis-internacional\/#primaryimage\",\"url\":\"https:\/\/potenciaradiofonicadominicana.com\/portal\/wp-content\/uploads\/2026\/04\/ECOGAL-Granjas-Dical-SL-Chantada-polos-avicultura.jpeg\",\"contentUrl\":\"https:\/\/potenciaradiofonicadominicana.com\/portal\/wp-content\/uploads\/2026\/04\/ECOGAL-Granjas-Dical-SL-Chantada-polos-avicultura.jpeg\",\"width\":1200,\"height\":800},{\"@type\":\"BreadcrumbList\",\"@id\":\"https:\/\/potenciaradiofonicadominicana.com\/portal\/garantizan-estabilidad-en-precios-del-pollo-pese-a-crisis-internacional\/#breadcrumb\",\"itemListElement\":[{\"@type\":\"ListItem\",\"position\":1,\"name\":\"Portada\",\"item\":\"https:\/\/potenciaradiofonicadominicana.com\/portal\/\"},{\"@type\":\"ListItem\",\"position\":2,\"name\":\"Garantizan estabilidad en precios del pollo pese a crisis internacional\"}]},{\"@type\":\"WebSite\",\"@id\":\"https:\/\/potenciaradiofonicadominicana.com\/portal\/#website\",\"url\":\"https:\/\/potenciaradiofonicadominicana.com\/portal\/\",\"name\":\"PotenciaRadiofonicaDominicana.com\",\"description\":\"Peri\u00f3dico Digital\",\"publisher\":{\"@id\":\"https:\/\/potenciaradiofonicadominicana.com\/portal\/#organization\"},\"potentialAction\":[{\"@type\":\"SearchAction\",\"target\":{\"@type\":\"EntryPoint\",\"urlTemplate\":\"https:\/\/potenciaradiofonicadominicana.com\/portal\/?s={search_term_string}\"},\"query-input\":{\"@type\":\"PropertyValueSpecification\",\"valueRequired\":true,\"valueName\":\"search_term_string\"}}],\"inLanguage\":\"es\"},{\"@type\":\"Organization\",\"@id\":\"https:\/\/potenciaradiofonicadominicana.com\/portal\/#organization\",\"name\":\"PotenciaRadiofonicaDominicana.com\",\"url\":\"https:\/\/potenciaradiofonicadominicana.com\/portal\/\",\"logo\":{\"@type\":\"ImageObject\",\"inLanguage\":\"es\",\"@id\":\"https:\/\/potenciaradiofonicadominicana.com\/portal\/#\/schema\/logo\/image\/\",\"url\":\"https:\/\/potenciaradiofonicadominicana.com\/portal\/wp-content\/uploads\/2022\/01\/descarga.png\",\"contentUrl\":\"https:\/\/potenciaradiofonicadominicana.com\/portal\/wp-content\/uploads\/2022\/01\/descarga.png\",\"width\":300,\"height\":100,\"caption\":\"PotenciaRadiofonicaDominicana.com\"},\"image\":{\"@id\":\"https:\/\/potenciaradiofonicadominicana.com\/portal\/#\/schema\/logo\/image\/\"},\"sameAs\":[\"https:\/\/web.facebook.com\/PotenciaRadiofonicaD\"]},{\"@type\":\"Person\",\"@id\":\"https:\/\/potenciaradiofonicadominicana.com\/portal\/#\/schema\/person\/a5cf1fea13877803ee0573ac18b03490\",\"name\":\"Potencia Radiof\u00f3nica Dominicana\",\"image\":{\"@type\":\"ImageObject\",\"inLanguage\":\"es\",\"@id\":\"https:\/\/potenciaradiofonicadominicana.com\/portal\/#\/schema\/person\/image\/\",\"url\":\"https:\/\/secure.gravatar.com\/avatar\/42a55ab9e8ccc656ba34cd791990602a?s=96&d=mm&r=g\",\"contentUrl\":\"https:\/\/secure.gravatar.com\/avatar\/42a55ab9e8ccc656ba34cd791990602a?s=96&d=mm&r=g\",\"caption\":\"Potencia Radiof\u00f3nica Dominicana\"},\"url\":\"https:\/\/potenciaradiofonicadominicana.com\/portal\/author\/johannyalmanzar\/\"}]}<\/script>\n<!-- \/ Yoast SEO plugin. -->","yoast_head_json":{"title":"Garantizan estabilidad en precios del pollo pese a crisis internacional - PotenciaRadiofonicaDominicana.com","robots":{"index":"index","follow":"follow","max-snippet":"max-snippet:-1","max-image-preview":"max-image-preview:large","max-video-preview":"max-video-preview:-1"},"canonical":"https:\/\/potenciaradiofonicadominicana.com\/portal\/garantizan-estabilidad-en-precios-del-pollo-pese-a-crisis-internacional\/","og_locale":"es_ES","og_type":"article","og_title":"Garantizan estabilidad en precios del pollo pese a crisis internacional - PotenciaRadiofonicaDominicana.com","og_description":"La Asociaci\u00f3n Dominicana de Avicultura (ADA) asegur\u00f3 este martes que el pa\u00eds cuenta con plena capacidad productiva para garantizar el ...","og_url":"https:\/\/potenciaradiofonicadominicana.com\/portal\/garantizan-estabilidad-en-precios-del-pollo-pese-a-crisis-internacional\/","og_site_name":"PotenciaRadiofonicaDominicana.com","article_publisher":"https:\/\/web.facebook.com\/PotenciaRadiofonicaD","article_published_time":"2026-04-09T00:40:26+00:00","og_image":[{"width":1200,"height":800,"url":"https:\/\/potenciaradiofonicadominicana.com\/portal\/wp-content\/uploads\/2026\/04\/ECOGAL-Granjas-Dical-SL-Chantada-polos-avicultura.jpeg","type":"image\/jpeg"}],"author":"Potencia Radiof\u00f3nica Dominicana","twitter_card":"summary_large_image","twitter_misc":{"Escrito por":"Potencia Radiof\u00f3nica Dominicana","Tiempo de lectura":"2 minutos"},"schema":{"@context":"https:\/\/schema.org","@graph":[{"@type":"Article","@id":"https:\/\/potenciaradiofonicadominicana.com\/portal\/garantizan-estabilidad-en-precios-del-pollo-pese-a-crisis-internacional\/#article","isPartOf":{"@id":"https:\/\/potenciaradiofonicadominicana.com\/portal\/garantizan-estabilidad-en-precios-del-pollo-pese-a-crisis-internacional\/"},"author":{"name":"Potencia Radiof\u00f3nica Dominicana","@id":"https:\/\/potenciaradiofonicadominicana.com\/portal\/#\/schema\/person\/a5cf1fea13877803ee0573ac18b03490"},"headline":"Garantizan estabilidad en precios del pollo pese a crisis internacional","datePublished":"2026-04-09T00:40:26+00:00","mainEntityOfPage":{"@id":"https:\/\/potenciaradiofonicadominicana.com\/portal\/garantizan-estabilidad-en-precios-del-pollo-pese-a-crisis-internacional\/"},"wordCount":363,"publisher":{"@id":"https:\/\/potenciaradiofonicadominicana.com\/portal\/#organization"},"image":{"@id":"https:\/\/potenciaradiofonicadominicana.com\/portal\/garantizan-estabilidad-en-precios-del-pollo-pese-a-crisis-internacional\/#primaryimage"},"thumbnailUrl":"https:\/\/potenciaradiofonicadominicana.com\/portal\/wp-content\/uploads\/2026\/04\/ECOGAL-Granjas-Dical-SL-Chantada-polos-avicultura.jpeg","articleSection":["Econom\u00eda"],"inLanguage":"es"},{"@type":"WebPage","@id":"https:\/\/potenciaradiofonicadominicana.com\/portal\/garantizan-estabilidad-en-precios-del-pollo-pese-a-crisis-internacional\/","url":"https:\/\/potenciaradiofonicadominicana.com\/portal\/garantizan-estabilidad-en-precios-del-pollo-pese-a-crisis-internacional\/","name":"Garantizan estabilidad en precios del pollo pese a crisis internacional - PotenciaRadiofonicaDominicana.com","isPartOf":{"@id":"https:\/\/potenciaradiofonicadominicana.com\/portal\/#website"},"primaryImageOfPage":{"@id":"https:\/\/potenciaradiofonicadominicana.com\/portal\/garantizan-estabilidad-en-precios-del-pollo-pese-a-crisis-internacional\/#primaryimage"},"image":{"@id":"https:\/\/potenciaradiofonicadominicana.com\/portal\/garantizan-estabilidad-en-precios-del-pollo-pese-a-crisis-internacional\/#primaryimage"},"thumbnailUrl":"https:\/\/potenciaradiofonicadominicana.com\/portal\/wp-content\/uploads\/2026\/04\/ECOGAL-Granjas-Dical-SL-Chantada-polos-avicultura.jpeg","datePublished":"2026-04-09T00:40:26+00:00","breadcrumb":{"@id":"https:\/\/potenciaradiofonicadominicana.com\/portal\/garantizan-estabilidad-en-precios-del-pollo-pese-a-crisis-internacional\/#breadcrumb"},"inLanguage":"es","potentialAction":[{"@type":"ReadAction","target":["https:\/\/potenciaradiofonicadominicana.com\/portal\/garantizan-estabilidad-en-precios-del-pollo-pese-a-crisis-internacional\/"]}]},{"@type":"ImageObject","inLanguage":"es","@id":"https:\/\/potenciaradiofonicadominicana.com\/portal\/garantizan-estabilidad-en-precios-del-pollo-pese-a-crisis-internacional\/#primaryimage","url":"https:\/\/potenciaradiofonicadominicana.com\/portal\/wp-content\/uploads\/2026\/04\/ECOGAL-Granjas-Dical-SL-Chantada-polos-avicultura.jpeg","contentUrl":"https:\/\/potenciaradiofonicadominicana.com\/portal\/wp-content\/uploads\/2026\/04\/ECOGAL-Granjas-Dical-SL-Chantada-polos-avicultura.jpeg","width":1200,"height":800},{"@type":"BreadcrumbList","@id":"https:\/\/potenciaradiofonicadominicana.com\/portal\/garantizan-estabilidad-en-precios-del-pollo-pese-a-crisis-internacional\/#breadcrumb","itemListElement":[{"@type":"ListItem","position":1,"name":"Portada","item":"https:\/\/potenciaradiofonicadominicana.com\/portal\/"},{"@type":"ListItem","position":2,"name":"Garantizan estabilidad en precios del pollo pese a crisis internacional"}]},{"@type":"WebSite","@id":"https:\/\/potenciaradiofonicadominicana.com\/portal\/#website","url":"https:\/\/potenciaradiofonicadominicana.com\/portal\/","name":"PotenciaRadiofonicaDominicana.com","description":"Peri\u00f3dico Digital","publisher":{"@id":"https:\/\/potenciaradiofonicadominicana.com\/portal\/#organization"},"potentialAction":[{"@type":"SearchAction","target":{"@type":"EntryPoint","urlTemplate":"https:\/\/potenciaradiofonicadominicana.com\/portal\/?s={search_term_string}"},"query-input":{"@type":"PropertyValueSpecification","valueRequired":true,"valueName":"search_term_string"}}],"inLanguage":"es"},{"@type":"Organization","@id":"https:\/\/potenciaradiofonicadominicana.com\/portal\/#organization","name":"PotenciaRadiofonicaDominicana.com","url":"https:\/\/potenciaradiofonicadominicana.com\/portal\/","logo":{"@type":"ImageObject","inLanguage":"es","@id":"https:\/\/potenciaradiofonicadominicana.com\/portal\/#\/schema\/logo\/image\/","url":"https:\/\/potenciaradiofonicadominicana.com\/portal\/wp-content\/uploads\/2022\/01\/descarga.png","contentUrl":"https:\/\/potenciaradiofonicadominicana.com\/portal\/wp-content\/uploads\/2022\/01\/descarga.png","width":300,"height":100,"caption":"PotenciaRadiofonicaDominicana.com"},"image":{"@id":"https:\/\/potenciaradiofonicadominicana.com\/portal\/#\/schema\/logo\/image\/"},"sameAs":["https:\/\/web.facebook.com\/PotenciaRadiofonicaD"]},{"@type":"Person","@id":"https:\/\/potenciaradiofonicadominicana.com\/portal\/#\/schema\/person\/a5cf1fea13877803ee0573ac18b03490","name":"Potencia Radiof\u00f3nica Dominicana","image":{"@type":"ImageObject","inLanguage":"es","@id":"https:\/\/potenciaradiofonicadominicana.com\/portal\/#\/schema\/person\/image\/","url":"https:\/\/secure.gravatar.com\/avatar\/42a55ab9e8ccc656ba34cd791990602a?s=96&d=mm&r=g","contentUrl":"https:\/\/secure.gravatar.com\/avatar\/42a55ab9e8ccc656ba34cd791990602a?s=96&d=mm&r=g","caption":"Potencia Radiof\u00f3nica Dominicana"},"url":"https:\/\/potenciaradiofonicadominicana.com\/portal\/author\/johannyalmanzar\/"}]}},"_links":{"self":[{"href":"https:\/\/potenciaradiofonicadominicana.com\/portal\/wp-json\/wp\/v2\/posts\/214636","targetHints":{"allow":["GET"]}}],"collection":[{"href":"https:\/\/potenciaradiofonicadominicana.com\/portal\/wp-json\/wp\/v2\/posts"}],"about":[{"href":"https:\/\/potenciaradiofonicadominicana.com\/portal\/wp-json\/wp\/v2\/types\/post"}],"author":[{"embeddable":true,"href":"https:\/\/potenciaradiofonicadominicana.com\/portal\/wp-json\/wp\/v2\/users\/2"}],"replies":[{"embeddable":true,"href":"https:\/\/potenciaradiofonicadominicana.com\/portal\/wp-json\/wp\/v2\/comments?post=214636"}],"version-history":[{"count":1,"href":"https:\/\/potenciaradiofonicadominicana.com\/portal\/wp-json\/wp\/v2\/posts\/214636\/revisions"}],"predecessor-version":[{"id":214639,"href":"https:\/\/potenciaradiofonicadominicana.com\/portal\/wp-json\/wp\/v2\/posts\/214636\/revisions\/214639"}],"wp:featuredmedia":[{"embeddable":true,"href":"https:\/\/potenciaradiofonicadominicana.com\/portal\/wp-json\/wp\/v2\/media\/214638"}],"wp:attachment":[{"href":"https:\/\/potenciaradiofonicadominicana.com\/portal\/wp-json\/wp\/v2\/media?parent=214636"}],"wp:term":[{"taxonomy":"category","embeddable":true,"href":"https:\/\/potenciaradiofonicadominicana.com\/portal\/wp-json\/wp\/v2\/categories?post=214636"},{"taxonomy":"post_tag","embeddable":true,"href":"https:\/\/potenciaradiofonicadominicana.com\/portal\/wp-json\/wp\/v2\/tags?post=214636"}],"curies":[{"name":"wp","href":"https:\/\/api.w.org\/{rel}","templated":true}]}}