{"id":214633,"date":"2026-04-08T20:36:36","date_gmt":"2026-04-09T00:36:36","guid":{"rendered":"https:\/\/potenciaradiofonicadominicana.com\/portal\/?p=214633"},"modified":"2026-04-08T20:36:36","modified_gmt":"2026-04-09T00:36:36","slug":"alto-el-fuego-entre-ee-uu-e-iran-las-bolsas-europeas-y-wall-street-suben-con-fuerza-tras-la-tregua","status":"publish","type":"post","link":"https:\/\/potenciaradiofonicadominicana.com\/portal\/alto-el-fuego-entre-ee-uu-e-iran-las-bolsas-europeas-y-wall-street-suben-con-fuerza-tras-la-tregua\/","title":{"rendered":"Alto el fuego entre EE. UU. e Ir\u00e1n: las bolsas europeas y Wall Street suben con fuerza tras la tregua"},"content":{"rendered":"<p><a href=\"https:\/\/potenciaradiofonicadominicana.com\/portal\/wp-content\/uploads\/2026\/04\/1003743807736_256527015_1706x960.webp\"><img loading=\"lazy\" decoding=\"async\" class=\"alignnone size-full wp-image-214634\" src=\"https:\/\/potenciaradiofonicadominicana.com\/portal\/wp-content\/uploads\/2026\/04\/1003743807736_256527015_1706x960.webp\" alt=\"\" width=\"1706\" height=\"960\" srcset=\"https:\/\/potenciaradiofonicadominicana.com\/portal\/wp-content\/uploads\/2026\/04\/1003743807736_256527015_1706x960.webp 1706w, https:\/\/potenciaradiofonicadominicana.com\/portal\/wp-content\/uploads\/2026\/04\/1003743807736_256527015_1706x960-300x169.webp 300w, https:\/\/potenciaradiofonicadominicana.com\/portal\/wp-content\/uploads\/2026\/04\/1003743807736_256527015_1706x960-1024x576.webp 1024w, https:\/\/potenciaradiofonicadominicana.com\/portal\/wp-content\/uploads\/2026\/04\/1003743807736_256527015_1706x960-768x432.webp 768w, https:\/\/potenciaradiofonicadominicana.com\/portal\/wp-content\/uploads\/2026\/04\/1003743807736_256527015_1706x960-1536x864.webp 1536w\" sizes=\"auto, (max-width: 1706px) 100vw, 1706px\" \/><\/a><\/p>\n<p class=\"paragraph\">Las bolsas europeas subieron con fuerza este mi\u00e9rcoles impulsadas por el alto el fuego acordado entre Estados Unidos e Ir\u00e1n, condicionado a que Teher\u00e1n reabra el\u00a0<b>estrecho de Ormuz<\/b>, algo que tambi\u00e9n aup\u00f3 a Wall Street, cuyos principales indicadores cerraron con ascensos cercanos al 3 %.<\/p>\n<p class=\"paragraph\">El DAX alem\u00e1n lider\u00f3 las subidas del Viejo Continente con una revalorizaci\u00f3n de 5,06 %, su mejor sesi\u00f3n desde marzo de 2022. Al \u00edndice de Fr\u00e1ncfort le sigui\u00f3 el CAC 40 franc\u00e9s (4,49 %); el IBEX 35 espa\u00f1ol (3,94 %); la Bolsa de Mil\u00e1n (3,7 %); y la de Londres (2,51 %).<\/p>\n<p class=\"paragraph\">Adem\u00e1s, las 50 empresas m\u00e1s importantes de Europa mejoraron su cotizaci\u00f3n conjunta un 4,97 %, registrando la mejor sesi\u00f3n del Euro Stoxx 50 en m\u00e1s de cuatro a\u00f1os.<\/p>\n<p class=\"paragraph\">Por sectores, el tur\u00edstico y de viajes (6,98 %), el de bienes y servicios industriales (6,83 %) y el tecnol\u00f3gico (6,28 %) fueron los m\u00e1s beneficiados por la tregua, pero las empresas del sector energ\u00e9tico, especialmente las petroleras y gas\u00edsticas, cayeron un 1,98 %.<\/p>\n<div class=\"c-detail__box \">\n<article class=\"c-detail__sumario \">\n<div class=\"c-detail__sumario__txt\">\n<p class=\"c-detail__sumario__signature\"><strong><strong class=\"c-detail__sumario__author \">EFE<\/strong><\/strong><\/p>\n<\/div>\n<\/article>\n<\/div>\n<p class=\"paragraph\">Tras el cierre europeo, y con el euro cambi\u00e1ndose a 1,166 d\u00f3lares, los \u00edndices de Wall Street reaccionaron al alza tras un mensaje publicado por el presidente estadounidense, Donald Trump, en el que hablaba de \u00abcolaboraci\u00f3n\u00bb con Ir\u00e1n, de un \u00abcambio de r\u00e9gimen muy productivo\u00bb y de la \u00abeliminaci\u00f3n de restos nucleares\u00bb.<\/p>\n<p class=\"paragraph\">Al toque de la campana en el parqu\u00e9 neoyorquino, el Dow Jones de Industriales subi\u00f3 un 2,85 %, hasta 47.909 puntos; el S&amp;P 500 avanz\u00f3 un 2,51 %, hasta 6.782 unidades, y el Nasdaq progres\u00f3 un 2,80 %, hasta 22.634 enteros.<\/p>\n<p class=\"paragraph\">Por sectores, las mayores subidas fueron para las empresas industriales (3,75 %), comunicaciones (3,4 %) y materiales b\u00e1sicos (3,4 %), mientras que el \u00fanico segmento en rojo fue el de la energ\u00eda (-3,66 %).<\/p>\n<p class=\"paragraph\">En Asia, los principales mercados celebraron el acuerdo entre Estados Unidos e Ir\u00e1n con alzas que superaron el 5 % (5,26 %) en el caso del principal \u00edndice de la Bolsa de Tokio, el Nikkei; mientras que la Bolsa de Shangh\u00e1i sum\u00f3 el 2,22 %; y el Hang Seng de Hong Kong, el 3,03 %.<\/p>\n<p class=\"paragraph\">Asimismo, el alto el fuego provoc\u00f3 que el barril de petr\u00f3leo brent para entrega en junio se desplomara m\u00e1s de un 13 %, hasta situarse en 94,75 d\u00f3lares al cierre de la sesi\u00f3n en el mercado de futuros de Londres.<\/p>\n<p class=\"paragraph\">Mientras, los futuros del barril de Texas (WTI, por sus siglas en ingl\u00e9s) registraron su mayor ca\u00edda diaria desde 2020, de m\u00e1s del 16 %, hasta los 94,41 d\u00f3lares, pese a las informaciones contradictorias sobre la reapertura del estrecho de Ormuz.<\/p>\n<p class=\"paragraph\">Seg\u00fan la agencia Fars, vinculada a la Guardia Revolucionaria, Ir\u00e1n ha cortado el paso de petroleros a trav\u00e9s del estrecho de Ormuz tras los ataques de Israel al L\u00edbano.<\/p>\n<div class=\"c-detail__box \">\n<article class=\"c-detail__sumario \">\n<div class=\"c-detail__sumario__txt\">\n<p class=\"c-detail__sumario__signature\"><strong><strong class=\"c-detail__sumario__author \">AP<\/strong><\/strong><\/p>\n<\/div>\n<\/article>\n<\/div>\n<p class=\"paragraph\">No obstante, la portavoz de la Casa Blanca, Karoline Leavitt, calific\u00f3 de \u00abfalsas\u00bb esas informaciones y afirm\u00f3 que hab\u00edan observado \u00abun repunte en el tr\u00e1fico en el estrecho\u00bb.<\/p>\n<p class=\"paragraph\">\u00abLo que se est\u00e1 observando, en los reportes y los costes f\u00edsicos, no es una reapertura completa del estrecho de Ormuz sino m\u00e1s bien una formalizaci\u00f3n de las condiciones existentes, en las que el pasaje sigue dependiendo de la coordinaci\u00f3n con las fuerzas armadas iran\u00edes y est\u00e1 sujeto a l\u00edmites t\u00e9cnicos\u00bb, opin\u00f3 en una nota el analista Janic Shah, de Rystad Energy.<\/p>\n<p class=\"paragraph\">Las bajadas del crudo se replicaron en el gas natural. El precio de este recurso para entregar a un mes en el mercado TTF de Pa\u00edses Bajos, el de referencia en Europa, cerr\u00f3 con una bajada del 9,63 %, en los 45,22 euros el megavatio hora.<\/p>\n<p class=\"paragraph\">En el mercado de deuda, el bono soberano alem\u00e1n a 10 a\u00f1os se situ\u00f3 en el 2,94 % y el espa\u00f1ol en 3,38 %, con una prima de riesgo de 44 puntos b\u00e1sicos. Mientras, el rendimiento del bono estadounidense a 10 a\u00f1os baj\u00f3 al 4,305 %.<\/p>\n<p class=\"paragraph\">La tregua tambi\u00e9n favoreci\u00f3 a otros mercados: al cierre de Wall Street, el oro sub\u00eda a 4.748 d\u00f3lares la onza y el bitc\u00f3in ascend\u00eda casi un 4 %, hasta 71.444 d\u00f3lares.<\/p>\n","protected":false},"excerpt":{"rendered":"<p>Las bolsas europeas subieron con fuerza este mi\u00e9rcoles impulsadas por el alto el fuego acordado entre Estados Unidos e Ir\u00e1n, &#8230;<\/p>\n","protected":false},"author":2,"featured_media":214634,"comment_status":"closed","ping_status":"closed","sticky":false,"template":"","format":"standard","meta":{"footnotes":""},"categories":[26],"tags":[],"class_list":["post-214633","post","type-post","status-publish","format-standard","has-post-thumbnail","hentry","category-economia"],"yoast_head":"<!-- This site is optimized with the Yoast SEO plugin v24.8.1 - https:\/\/yoast.com\/wordpress\/plugins\/seo\/ -->\n<title>Alto el fuego entre EE. UU. e Ir\u00e1n: las bolsas europeas y Wall Street suben con fuerza tras la tregua - PotenciaRadiofonicaDominicana.com<\/title>\n<meta name=\"robots\" content=\"index, follow, max-snippet:-1, max-image-preview:large, max-video-preview:-1\" \/>\n<link rel=\"canonical\" href=\"https:\/\/potenciaradiofonicadominicana.com\/portal\/alto-el-fuego-entre-ee-uu-e-iran-las-bolsas-europeas-y-wall-street-suben-con-fuerza-tras-la-tregua\/\" \/>\n<meta property=\"og:locale\" content=\"es_ES\" \/>\n<meta property=\"og:type\" content=\"article\" \/>\n<meta property=\"og:title\" content=\"Alto el fuego entre EE. UU. e Ir\u00e1n: las bolsas europeas y Wall Street suben con fuerza tras la tregua - PotenciaRadiofonicaDominicana.com\" \/>\n<meta property=\"og:description\" content=\"Las bolsas europeas subieron con fuerza este mi\u00e9rcoles impulsadas por el alto el fuego acordado entre Estados Unidos e Ir\u00e1n, ...\" \/>\n<meta property=\"og:url\" content=\"https:\/\/potenciaradiofonicadominicana.com\/portal\/alto-el-fuego-entre-ee-uu-e-iran-las-bolsas-europeas-y-wall-street-suben-con-fuerza-tras-la-tregua\/\" \/>\n<meta property=\"og:site_name\" content=\"PotenciaRadiofonicaDominicana.com\" \/>\n<meta property=\"article:publisher\" content=\"https:\/\/web.facebook.com\/PotenciaRadiofonicaD\" \/>\n<meta property=\"article:published_time\" content=\"2026-04-09T00:36:36+00:00\" \/>\n<meta property=\"og:image\" content=\"https:\/\/potenciaradiofonicadominicana.com\/portal\/wp-content\/uploads\/2026\/04\/1003743807736_256527015_1706x960.webp\" \/>\n\t<meta property=\"og:image:width\" content=\"1706\" \/>\n\t<meta property=\"og:image:height\" content=\"960\" \/>\n\t<meta property=\"og:image:type\" content=\"image\/webp\" \/>\n<meta name=\"author\" content=\"Potencia Radiof\u00f3nica Dominicana\" \/>\n<meta name=\"twitter:card\" content=\"summary_large_image\" \/>\n<meta name=\"twitter:label1\" content=\"Escrito por\" \/>\n\t<meta name=\"twitter:data1\" content=\"Potencia Radiof\u00f3nica Dominicana\" \/>\n\t<meta name=\"twitter:label2\" content=\"Tiempo de lectura\" \/>\n\t<meta name=\"twitter:data2\" content=\"4 minutos\" \/>\n<script type=\"application\/ld+json\" class=\"yoast-schema-graph\">{\"@context\":\"https:\/\/schema.org\",\"@graph\":[{\"@type\":\"Article\",\"@id\":\"https:\/\/potenciaradiofonicadominicana.com\/portal\/alto-el-fuego-entre-ee-uu-e-iran-las-bolsas-europeas-y-wall-street-suben-con-fuerza-tras-la-tregua\/#article\",\"isPartOf\":{\"@id\":\"https:\/\/potenciaradiofonicadominicana.com\/portal\/alto-el-fuego-entre-ee-uu-e-iran-las-bolsas-europeas-y-wall-street-suben-con-fuerza-tras-la-tregua\/\"},\"author\":{\"name\":\"Potencia Radiof\u00f3nica Dominicana\",\"@id\":\"https:\/\/potenciaradiofonicadominicana.com\/portal\/#\/schema\/person\/a5cf1fea13877803ee0573ac18b03490\"},\"headline\":\"Alto el fuego entre EE. UU. e Ir\u00e1n: las bolsas europeas y Wall Street suben con fuerza tras la tregua\",\"datePublished\":\"2026-04-09T00:36:36+00:00\",\"mainEntityOfPage\":{\"@id\":\"https:\/\/potenciaradiofonicadominicana.com\/portal\/alto-el-fuego-entre-ee-uu-e-iran-las-bolsas-europeas-y-wall-street-suben-con-fuerza-tras-la-tregua\/\"},\"wordCount\":689,\"publisher\":{\"@id\":\"https:\/\/potenciaradiofonicadominicana.com\/portal\/#organization\"},\"image\":{\"@id\":\"https:\/\/potenciaradiofonicadominicana.com\/portal\/alto-el-fuego-entre-ee-uu-e-iran-las-bolsas-europeas-y-wall-street-suben-con-fuerza-tras-la-tregua\/#primaryimage\"},\"thumbnailUrl\":\"https:\/\/potenciaradiofonicadominicana.com\/portal\/wp-content\/uploads\/2026\/04\/1003743807736_256527015_1706x960.webp\",\"articleSection\":[\"Econom\u00eda\"],\"inLanguage\":\"es\"},{\"@type\":\"WebPage\",\"@id\":\"https:\/\/potenciaradiofonicadominicana.com\/portal\/alto-el-fuego-entre-ee-uu-e-iran-las-bolsas-europeas-y-wall-street-suben-con-fuerza-tras-la-tregua\/\",\"url\":\"https:\/\/potenciaradiofonicadominicana.com\/portal\/alto-el-fuego-entre-ee-uu-e-iran-las-bolsas-europeas-y-wall-street-suben-con-fuerza-tras-la-tregua\/\",\"name\":\"Alto el fuego entre EE. UU. e Ir\u00e1n: las bolsas europeas y Wall Street suben con fuerza tras la tregua - PotenciaRadiofonicaDominicana.com\",\"isPartOf\":{\"@id\":\"https:\/\/potenciaradiofonicadominicana.com\/portal\/#website\"},\"primaryImageOfPage\":{\"@id\":\"https:\/\/potenciaradiofonicadominicana.com\/portal\/alto-el-fuego-entre-ee-uu-e-iran-las-bolsas-europeas-y-wall-street-suben-con-fuerza-tras-la-tregua\/#primaryimage\"},\"image\":{\"@id\":\"https:\/\/potenciaradiofonicadominicana.com\/portal\/alto-el-fuego-entre-ee-uu-e-iran-las-bolsas-europeas-y-wall-street-suben-con-fuerza-tras-la-tregua\/#primaryimage\"},\"thumbnailUrl\":\"https:\/\/potenciaradiofonicadominicana.com\/portal\/wp-content\/uploads\/2026\/04\/1003743807736_256527015_1706x960.webp\",\"datePublished\":\"2026-04-09T00:36:36+00:00\",\"breadcrumb\":{\"@id\":\"https:\/\/potenciaradiofonicadominicana.com\/portal\/alto-el-fuego-entre-ee-uu-e-iran-las-bolsas-europeas-y-wall-street-suben-con-fuerza-tras-la-tregua\/#breadcrumb\"},\"inLanguage\":\"es\",\"potentialAction\":[{\"@type\":\"ReadAction\",\"target\":[\"https:\/\/potenciaradiofonicadominicana.com\/portal\/alto-el-fuego-entre-ee-uu-e-iran-las-bolsas-europeas-y-wall-street-suben-con-fuerza-tras-la-tregua\/\"]}]},{\"@type\":\"ImageObject\",\"inLanguage\":\"es\",\"@id\":\"https:\/\/potenciaradiofonicadominicana.com\/portal\/alto-el-fuego-entre-ee-uu-e-iran-las-bolsas-europeas-y-wall-street-suben-con-fuerza-tras-la-tregua\/#primaryimage\",\"url\":\"https:\/\/potenciaradiofonicadominicana.com\/portal\/wp-content\/uploads\/2026\/04\/1003743807736_256527015_1706x960.webp\",\"contentUrl\":\"https:\/\/potenciaradiofonicadominicana.com\/portal\/wp-content\/uploads\/2026\/04\/1003743807736_256527015_1706x960.webp\",\"width\":1706,\"height\":960},{\"@type\":\"BreadcrumbList\",\"@id\":\"https:\/\/potenciaradiofonicadominicana.com\/portal\/alto-el-fuego-entre-ee-uu-e-iran-las-bolsas-europeas-y-wall-street-suben-con-fuerza-tras-la-tregua\/#breadcrumb\",\"itemListElement\":[{\"@type\":\"ListItem\",\"position\":1,\"name\":\"Portada\",\"item\":\"https:\/\/potenciaradiofonicadominicana.com\/portal\/\"},{\"@type\":\"ListItem\",\"position\":2,\"name\":\"Alto el fuego entre EE. UU. e Ir\u00e1n: las bolsas europeas y Wall Street suben con fuerza tras la tregua\"}]},{\"@type\":\"WebSite\",\"@id\":\"https:\/\/potenciaradiofonicadominicana.com\/portal\/#website\",\"url\":\"https:\/\/potenciaradiofonicadominicana.com\/portal\/\",\"name\":\"PotenciaRadiofonicaDominicana.com\",\"description\":\"Peri\u00f3dico Digital\",\"publisher\":{\"@id\":\"https:\/\/potenciaradiofonicadominicana.com\/portal\/#organization\"},\"potentialAction\":[{\"@type\":\"SearchAction\",\"target\":{\"@type\":\"EntryPoint\",\"urlTemplate\":\"https:\/\/potenciaradiofonicadominicana.com\/portal\/?s={search_term_string}\"},\"query-input\":{\"@type\":\"PropertyValueSpecification\",\"valueRequired\":true,\"valueName\":\"search_term_string\"}}],\"inLanguage\":\"es\"},{\"@type\":\"Organization\",\"@id\":\"https:\/\/potenciaradiofonicadominicana.com\/portal\/#organization\",\"name\":\"PotenciaRadiofonicaDominicana.com\",\"url\":\"https:\/\/potenciaradiofonicadominicana.com\/portal\/\",\"logo\":{\"@type\":\"ImageObject\",\"inLanguage\":\"es\",\"@id\":\"https:\/\/potenciaradiofonicadominicana.com\/portal\/#\/schema\/logo\/image\/\",\"url\":\"https:\/\/potenciaradiofonicadominicana.com\/portal\/wp-content\/uploads\/2022\/01\/descarga.png\",\"contentUrl\":\"https:\/\/potenciaradiofonicadominicana.com\/portal\/wp-content\/uploads\/2022\/01\/descarga.png\",\"width\":300,\"height\":100,\"caption\":\"PotenciaRadiofonicaDominicana.com\"},\"image\":{\"@id\":\"https:\/\/potenciaradiofonicadominicana.com\/portal\/#\/schema\/logo\/image\/\"},\"sameAs\":[\"https:\/\/web.facebook.com\/PotenciaRadiofonicaD\"]},{\"@type\":\"Person\",\"@id\":\"https:\/\/potenciaradiofonicadominicana.com\/portal\/#\/schema\/person\/a5cf1fea13877803ee0573ac18b03490\",\"name\":\"Potencia Radiof\u00f3nica Dominicana\",\"image\":{\"@type\":\"ImageObject\",\"inLanguage\":\"es\",\"@id\":\"https:\/\/potenciaradiofonicadominicana.com\/portal\/#\/schema\/person\/image\/\",\"url\":\"https:\/\/secure.gravatar.com\/avatar\/42a55ab9e8ccc656ba34cd791990602a?s=96&d=mm&r=g\",\"contentUrl\":\"https:\/\/secure.gravatar.com\/avatar\/42a55ab9e8ccc656ba34cd791990602a?s=96&d=mm&r=g\",\"caption\":\"Potencia Radiof\u00f3nica Dominicana\"},\"url\":\"https:\/\/potenciaradiofonicadominicana.com\/portal\/author\/johannyalmanzar\/\"}]}<\/script>\n<!-- \/ Yoast SEO plugin. -->","yoast_head_json":{"title":"Alto el fuego entre EE. UU. e Ir\u00e1n: las bolsas europeas y Wall Street suben con fuerza tras la tregua - PotenciaRadiofonicaDominicana.com","robots":{"index":"index","follow":"follow","max-snippet":"max-snippet:-1","max-image-preview":"max-image-preview:large","max-video-preview":"max-video-preview:-1"},"canonical":"https:\/\/potenciaradiofonicadominicana.com\/portal\/alto-el-fuego-entre-ee-uu-e-iran-las-bolsas-europeas-y-wall-street-suben-con-fuerza-tras-la-tregua\/","og_locale":"es_ES","og_type":"article","og_title":"Alto el fuego entre EE. UU. e Ir\u00e1n: las bolsas europeas y Wall Street suben con fuerza tras la tregua - PotenciaRadiofonicaDominicana.com","og_description":"Las bolsas europeas subieron con fuerza este mi\u00e9rcoles impulsadas por el alto el fuego acordado entre Estados Unidos e Ir\u00e1n, ...","og_url":"https:\/\/potenciaradiofonicadominicana.com\/portal\/alto-el-fuego-entre-ee-uu-e-iran-las-bolsas-europeas-y-wall-street-suben-con-fuerza-tras-la-tregua\/","og_site_name":"PotenciaRadiofonicaDominicana.com","article_publisher":"https:\/\/web.facebook.com\/PotenciaRadiofonicaD","article_published_time":"2026-04-09T00:36:36+00:00","og_image":[{"width":1706,"height":960,"url":"https:\/\/potenciaradiofonicadominicana.com\/portal\/wp-content\/uploads\/2026\/04\/1003743807736_256527015_1706x960.webp","type":"image\/webp"}],"author":"Potencia Radiof\u00f3nica Dominicana","twitter_card":"summary_large_image","twitter_misc":{"Escrito por":"Potencia Radiof\u00f3nica Dominicana","Tiempo de lectura":"4 minutos"},"schema":{"@context":"https:\/\/schema.org","@graph":[{"@type":"Article","@id":"https:\/\/potenciaradiofonicadominicana.com\/portal\/alto-el-fuego-entre-ee-uu-e-iran-las-bolsas-europeas-y-wall-street-suben-con-fuerza-tras-la-tregua\/#article","isPartOf":{"@id":"https:\/\/potenciaradiofonicadominicana.com\/portal\/alto-el-fuego-entre-ee-uu-e-iran-las-bolsas-europeas-y-wall-street-suben-con-fuerza-tras-la-tregua\/"},"author":{"name":"Potencia Radiof\u00f3nica Dominicana","@id":"https:\/\/potenciaradiofonicadominicana.com\/portal\/#\/schema\/person\/a5cf1fea13877803ee0573ac18b03490"},"headline":"Alto el fuego entre EE. UU. e Ir\u00e1n: las bolsas europeas y Wall Street suben con fuerza tras la tregua","datePublished":"2026-04-09T00:36:36+00:00","mainEntityOfPage":{"@id":"https:\/\/potenciaradiofonicadominicana.com\/portal\/alto-el-fuego-entre-ee-uu-e-iran-las-bolsas-europeas-y-wall-street-suben-con-fuerza-tras-la-tregua\/"},"wordCount":689,"publisher":{"@id":"https:\/\/potenciaradiofonicadominicana.com\/portal\/#organization"},"image":{"@id":"https:\/\/potenciaradiofonicadominicana.com\/portal\/alto-el-fuego-entre-ee-uu-e-iran-las-bolsas-europeas-y-wall-street-suben-con-fuerza-tras-la-tregua\/#primaryimage"},"thumbnailUrl":"https:\/\/potenciaradiofonicadominicana.com\/portal\/wp-content\/uploads\/2026\/04\/1003743807736_256527015_1706x960.webp","articleSection":["Econom\u00eda"],"inLanguage":"es"},{"@type":"WebPage","@id":"https:\/\/potenciaradiofonicadominicana.com\/portal\/alto-el-fuego-entre-ee-uu-e-iran-las-bolsas-europeas-y-wall-street-suben-con-fuerza-tras-la-tregua\/","url":"https:\/\/potenciaradiofonicadominicana.com\/portal\/alto-el-fuego-entre-ee-uu-e-iran-las-bolsas-europeas-y-wall-street-suben-con-fuerza-tras-la-tregua\/","name":"Alto el fuego entre EE. UU. e Ir\u00e1n: las bolsas europeas y Wall Street suben con fuerza tras la tregua - PotenciaRadiofonicaDominicana.com","isPartOf":{"@id":"https:\/\/potenciaradiofonicadominicana.com\/portal\/#website"},"primaryImageOfPage":{"@id":"https:\/\/potenciaradiofonicadominicana.com\/portal\/alto-el-fuego-entre-ee-uu-e-iran-las-bolsas-europeas-y-wall-street-suben-con-fuerza-tras-la-tregua\/#primaryimage"},"image":{"@id":"https:\/\/potenciaradiofonicadominicana.com\/portal\/alto-el-fuego-entre-ee-uu-e-iran-las-bolsas-europeas-y-wall-street-suben-con-fuerza-tras-la-tregua\/#primaryimage"},"thumbnailUrl":"https:\/\/potenciaradiofonicadominicana.com\/portal\/wp-content\/uploads\/2026\/04\/1003743807736_256527015_1706x960.webp","datePublished":"2026-04-09T00:36:36+00:00","breadcrumb":{"@id":"https:\/\/potenciaradiofonicadominicana.com\/portal\/alto-el-fuego-entre-ee-uu-e-iran-las-bolsas-europeas-y-wall-street-suben-con-fuerza-tras-la-tregua\/#breadcrumb"},"inLanguage":"es","potentialAction":[{"@type":"ReadAction","target":["https:\/\/potenciaradiofonicadominicana.com\/portal\/alto-el-fuego-entre-ee-uu-e-iran-las-bolsas-europeas-y-wall-street-suben-con-fuerza-tras-la-tregua\/"]}]},{"@type":"ImageObject","inLanguage":"es","@id":"https:\/\/potenciaradiofonicadominicana.com\/portal\/alto-el-fuego-entre-ee-uu-e-iran-las-bolsas-europeas-y-wall-street-suben-con-fuerza-tras-la-tregua\/#primaryimage","url":"https:\/\/potenciaradiofonicadominicana.com\/portal\/wp-content\/uploads\/2026\/04\/1003743807736_256527015_1706x960.webp","contentUrl":"https:\/\/potenciaradiofonicadominicana.com\/portal\/wp-content\/uploads\/2026\/04\/1003743807736_256527015_1706x960.webp","width":1706,"height":960},{"@type":"BreadcrumbList","@id":"https:\/\/potenciaradiofonicadominicana.com\/portal\/alto-el-fuego-entre-ee-uu-e-iran-las-bolsas-europeas-y-wall-street-suben-con-fuerza-tras-la-tregua\/#breadcrumb","itemListElement":[{"@type":"ListItem","position":1,"name":"Portada","item":"https:\/\/potenciaradiofonicadominicana.com\/portal\/"},{"@type":"ListItem","position":2,"name":"Alto el fuego entre EE. UU. e Ir\u00e1n: las bolsas europeas y Wall Street suben con fuerza tras la tregua"}]},{"@type":"WebSite","@id":"https:\/\/potenciaradiofonicadominicana.com\/portal\/#website","url":"https:\/\/potenciaradiofonicadominicana.com\/portal\/","name":"PotenciaRadiofonicaDominicana.com","description":"Peri\u00f3dico Digital","publisher":{"@id":"https:\/\/potenciaradiofonicadominicana.com\/portal\/#organization"},"potentialAction":[{"@type":"SearchAction","target":{"@type":"EntryPoint","urlTemplate":"https:\/\/potenciaradiofonicadominicana.com\/portal\/?s={search_term_string}"},"query-input":{"@type":"PropertyValueSpecification","valueRequired":true,"valueName":"search_term_string"}}],"inLanguage":"es"},{"@type":"Organization","@id":"https:\/\/potenciaradiofonicadominicana.com\/portal\/#organization","name":"PotenciaRadiofonicaDominicana.com","url":"https:\/\/potenciaradiofonicadominicana.com\/portal\/","logo":{"@type":"ImageObject","inLanguage":"es","@id":"https:\/\/potenciaradiofonicadominicana.com\/portal\/#\/schema\/logo\/image\/","url":"https:\/\/potenciaradiofonicadominicana.com\/portal\/wp-content\/uploads\/2022\/01\/descarga.png","contentUrl":"https:\/\/potenciaradiofonicadominicana.com\/portal\/wp-content\/uploads\/2022\/01\/descarga.png","width":300,"height":100,"caption":"PotenciaRadiofonicaDominicana.com"},"image":{"@id":"https:\/\/potenciaradiofonicadominicana.com\/portal\/#\/schema\/logo\/image\/"},"sameAs":["https:\/\/web.facebook.com\/PotenciaRadiofonicaD"]},{"@type":"Person","@id":"https:\/\/potenciaradiofonicadominicana.com\/portal\/#\/schema\/person\/a5cf1fea13877803ee0573ac18b03490","name":"Potencia Radiof\u00f3nica Dominicana","image":{"@type":"ImageObject","inLanguage":"es","@id":"https:\/\/potenciaradiofonicadominicana.com\/portal\/#\/schema\/person\/image\/","url":"https:\/\/secure.gravatar.com\/avatar\/42a55ab9e8ccc656ba34cd791990602a?s=96&d=mm&r=g","contentUrl":"https:\/\/secure.gravatar.com\/avatar\/42a55ab9e8ccc656ba34cd791990602a?s=96&d=mm&r=g","caption":"Potencia Radiof\u00f3nica Dominicana"},"url":"https:\/\/potenciaradiofonicadominicana.com\/portal\/author\/johannyalmanzar\/"}]}},"_links":{"self":[{"href":"https:\/\/potenciaradiofonicadominicana.com\/portal\/wp-json\/wp\/v2\/posts\/214633","targetHints":{"allow":["GET"]}}],"collection":[{"href":"https:\/\/potenciaradiofonicadominicana.com\/portal\/wp-json\/wp\/v2\/posts"}],"about":[{"href":"https:\/\/potenciaradiofonicadominicana.com\/portal\/wp-json\/wp\/v2\/types\/post"}],"author":[{"embeddable":true,"href":"https:\/\/potenciaradiofonicadominicana.com\/portal\/wp-json\/wp\/v2\/users\/2"}],"replies":[{"embeddable":true,"href":"https:\/\/potenciaradiofonicadominicana.com\/portal\/wp-json\/wp\/v2\/comments?post=214633"}],"version-history":[{"count":1,"href":"https:\/\/potenciaradiofonicadominicana.com\/portal\/wp-json\/wp\/v2\/posts\/214633\/revisions"}],"predecessor-version":[{"id":214635,"href":"https:\/\/potenciaradiofonicadominicana.com\/portal\/wp-json\/wp\/v2\/posts\/214633\/revisions\/214635"}],"wp:featuredmedia":[{"embeddable":true,"href":"https:\/\/potenciaradiofonicadominicana.com\/portal\/wp-json\/wp\/v2\/media\/214634"}],"wp:attachment":[{"href":"https:\/\/potenciaradiofonicadominicana.com\/portal\/wp-json\/wp\/v2\/media?parent=214633"}],"wp:term":[{"taxonomy":"category","embeddable":true,"href":"https:\/\/potenciaradiofonicadominicana.com\/portal\/wp-json\/wp\/v2\/categories?post=214633"},{"taxonomy":"post_tag","embeddable":true,"href":"https:\/\/potenciaradiofonicadominicana.com\/portal\/wp-json\/wp\/v2\/tags?post=214633"}],"curies":[{"name":"wp","href":"https:\/\/api.w.org\/{rel}","templated":true}]}}