{"id":214630,"date":"2026-04-08T20:34:58","date_gmt":"2026-04-09T00:34:58","guid":{"rendered":"https:\/\/potenciaradiofonicadominicana.com\/portal\/?p=214630"},"modified":"2026-04-08T20:34:58","modified_gmt":"2026-04-09T00:34:58","slug":"comerciantes-exhortan-aprovechar-dialogo-para-viabilizar-soluciones-a-problemas-basicos","status":"publish","type":"post","link":"https:\/\/potenciaradiofonicadominicana.com\/portal\/comerciantes-exhortan-aprovechar-dialogo-para-viabilizar-soluciones-a-problemas-basicos\/","title":{"rendered":"Comerciantes exhortan aprovechar di\u00e1logo para viabilizar soluciones a problemas b\u00e1sicos"},"content":{"rendered":"<p><a href=\"https:\/\/potenciaradiofonicadominicana.com\/portal\/wp-content\/uploads\/2026\/04\/101f5459-befb-4e3d-9ecd-100d74de8901.webp\"><img loading=\"lazy\" decoding=\"async\" class=\"alignnone size-full wp-image-214631\" src=\"https:\/\/potenciaradiofonicadominicana.com\/portal\/wp-content\/uploads\/2026\/04\/101f5459-befb-4e3d-9ecd-100d74de8901.webp\" alt=\"\" width=\"1156\" height=\"867\" srcset=\"https:\/\/potenciaradiofonicadominicana.com\/portal\/wp-content\/uploads\/2026\/04\/101f5459-befb-4e3d-9ecd-100d74de8901.webp 1156w, https:\/\/potenciaradiofonicadominicana.com\/portal\/wp-content\/uploads\/2026\/04\/101f5459-befb-4e3d-9ecd-100d74de8901-300x225.webp 300w, https:\/\/potenciaradiofonicadominicana.com\/portal\/wp-content\/uploads\/2026\/04\/101f5459-befb-4e3d-9ecd-100d74de8901-1024x768.webp 1024w, https:\/\/potenciaradiofonicadominicana.com\/portal\/wp-content\/uploads\/2026\/04\/101f5459-befb-4e3d-9ecd-100d74de8901-768x576.webp 768w\" sizes=\"auto, (max-width: 1156px) 100vw, 1156px\" \/><\/a><\/p>\n<p>La Central Nacional de Detallistas Unidos (CNDU), favoreci\u00f3 este mi\u00e9rcoles la materializaci\u00f3n del di\u00e1logo convocado por el presidente Luis Abinader, independientemente del cese al fuego anunciado en el conflicto b\u00e9lico entre Estados Unidos, Ir\u00e1n e Israel, y sugiere que el mismo se proveche para viabilizar soluciones de problemas b\u00e1sicos que afectan al pa\u00eds.<\/p>\n<p>Ricardo Rosario, presidente de la entidad, indic\u00f3 que el momento que vive el pa\u00eds amerita de \u201cponer el inter\u00e9s nacional, por encima del inter\u00e9s particular\u201d.<\/p>\n<p>\u201cNosotros proponemos que las fuerzas vivas, los l\u00edderes pol\u00edticos, los gremios empresariales, comerciales y religiosas\u00bb.<\/p>\n","protected":false},"excerpt":{"rendered":"<p>La Central Nacional de Detallistas Unidos (CNDU), favoreci\u00f3 este mi\u00e9rcoles la materializaci\u00f3n del di\u00e1logo convocado por el presidente Luis Abinader, &#8230;<\/p>\n","protected":false},"author":2,"featured_media":214631,"comment_status":"closed","ping_status":"closed","sticky":false,"template":"","format":"standard","meta":{"footnotes":""},"categories":[26],"tags":[],"class_list":["post-214630","post","type-post","status-publish","format-standard","has-post-thumbnail","hentry","category-economia"],"yoast_head":"<!-- This site is optimized with the Yoast SEO plugin v24.8.1 - https:\/\/yoast.com\/wordpress\/plugins\/seo\/ -->\n<title>Comerciantes exhortan aprovechar di\u00e1logo para viabilizar soluciones a problemas b\u00e1sicos - PotenciaRadiofonicaDominicana.com<\/title>\n<meta name=\"robots\" content=\"index, follow, max-snippet:-1, max-image-preview:large, max-video-preview:-1\" \/>\n<link rel=\"canonical\" href=\"https:\/\/potenciaradiofonicadominicana.com\/portal\/comerciantes-exhortan-aprovechar-dialogo-para-viabilizar-soluciones-a-problemas-basicos\/\" \/>\n<meta property=\"og:locale\" content=\"es_ES\" \/>\n<meta property=\"og:type\" content=\"article\" \/>\n<meta property=\"og:title\" content=\"Comerciantes exhortan aprovechar di\u00e1logo para viabilizar soluciones a problemas b\u00e1sicos - PotenciaRadiofonicaDominicana.com\" \/>\n<meta property=\"og:description\" content=\"La Central Nacional de Detallistas Unidos (CNDU), favoreci\u00f3 este mi\u00e9rcoles la materializaci\u00f3n del di\u00e1logo convocado por el presidente Luis Abinader, ...\" \/>\n<meta property=\"og:url\" content=\"https:\/\/potenciaradiofonicadominicana.com\/portal\/comerciantes-exhortan-aprovechar-dialogo-para-viabilizar-soluciones-a-problemas-basicos\/\" \/>\n<meta property=\"og:site_name\" content=\"PotenciaRadiofonicaDominicana.com\" \/>\n<meta property=\"article:publisher\" content=\"https:\/\/web.facebook.com\/PotenciaRadiofonicaD\" \/>\n<meta property=\"article:published_time\" content=\"2026-04-09T00:34:58+00:00\" \/>\n<meta property=\"og:image\" content=\"https:\/\/potenciaradiofonicadominicana.com\/portal\/wp-content\/uploads\/2026\/04\/101f5459-befb-4e3d-9ecd-100d74de8901.webp\" \/>\n\t<meta property=\"og:image:width\" content=\"1156\" \/>\n\t<meta property=\"og:image:height\" content=\"867\" \/>\n\t<meta property=\"og:image:type\" content=\"image\/webp\" \/>\n<meta name=\"author\" content=\"Potencia Radiof\u00f3nica Dominicana\" \/>\n<meta name=\"twitter:card\" content=\"summary_large_image\" \/>\n<meta name=\"twitter:label1\" content=\"Escrito por\" \/>\n\t<meta name=\"twitter:data1\" content=\"Potencia Radiof\u00f3nica Dominicana\" \/>\n\t<meta name=\"twitter:label2\" content=\"Tiempo de lectura\" \/>\n\t<meta name=\"twitter:data2\" content=\"1 minuto\" \/>\n<script type=\"application\/ld+json\" class=\"yoast-schema-graph\">{\"@context\":\"https:\/\/schema.org\",\"@graph\":[{\"@type\":\"Article\",\"@id\":\"https:\/\/potenciaradiofonicadominicana.com\/portal\/comerciantes-exhortan-aprovechar-dialogo-para-viabilizar-soluciones-a-problemas-basicos\/#article\",\"isPartOf\":{\"@id\":\"https:\/\/potenciaradiofonicadominicana.com\/portal\/comerciantes-exhortan-aprovechar-dialogo-para-viabilizar-soluciones-a-problemas-basicos\/\"},\"author\":{\"name\":\"Potencia Radiof\u00f3nica Dominicana\",\"@id\":\"https:\/\/potenciaradiofonicadominicana.com\/portal\/#\/schema\/person\/a5cf1fea13877803ee0573ac18b03490\"},\"headline\":\"Comerciantes exhortan aprovechar di\u00e1logo para viabilizar soluciones a problemas b\u00e1sicos\",\"datePublished\":\"2026-04-09T00:34:58+00:00\",\"mainEntityOfPage\":{\"@id\":\"https:\/\/potenciaradiofonicadominicana.com\/portal\/comerciantes-exhortan-aprovechar-dialogo-para-viabilizar-soluciones-a-problemas-basicos\/\"},\"wordCount\":117,\"publisher\":{\"@id\":\"https:\/\/potenciaradiofonicadominicana.com\/portal\/#organization\"},\"image\":{\"@id\":\"https:\/\/potenciaradiofonicadominicana.com\/portal\/comerciantes-exhortan-aprovechar-dialogo-para-viabilizar-soluciones-a-problemas-basicos\/#primaryimage\"},\"thumbnailUrl\":\"https:\/\/potenciaradiofonicadominicana.com\/portal\/wp-content\/uploads\/2026\/04\/101f5459-befb-4e3d-9ecd-100d74de8901.webp\",\"articleSection\":[\"Econom\u00eda\"],\"inLanguage\":\"es\"},{\"@type\":\"WebPage\",\"@id\":\"https:\/\/potenciaradiofonicadominicana.com\/portal\/comerciantes-exhortan-aprovechar-dialogo-para-viabilizar-soluciones-a-problemas-basicos\/\",\"url\":\"https:\/\/potenciaradiofonicadominicana.com\/portal\/comerciantes-exhortan-aprovechar-dialogo-para-viabilizar-soluciones-a-problemas-basicos\/\",\"name\":\"Comerciantes exhortan aprovechar di\u00e1logo para viabilizar soluciones a problemas b\u00e1sicos - PotenciaRadiofonicaDominicana.com\",\"isPartOf\":{\"@id\":\"https:\/\/potenciaradiofonicadominicana.com\/portal\/#website\"},\"primaryImageOfPage\":{\"@id\":\"https:\/\/potenciaradiofonicadominicana.com\/portal\/comerciantes-exhortan-aprovechar-dialogo-para-viabilizar-soluciones-a-problemas-basicos\/#primaryimage\"},\"image\":{\"@id\":\"https:\/\/potenciaradiofonicadominicana.com\/portal\/comerciantes-exhortan-aprovechar-dialogo-para-viabilizar-soluciones-a-problemas-basicos\/#primaryimage\"},\"thumbnailUrl\":\"https:\/\/potenciaradiofonicadominicana.com\/portal\/wp-content\/uploads\/2026\/04\/101f5459-befb-4e3d-9ecd-100d74de8901.webp\",\"datePublished\":\"2026-04-09T00:34:58+00:00\",\"breadcrumb\":{\"@id\":\"https:\/\/potenciaradiofonicadominicana.com\/portal\/comerciantes-exhortan-aprovechar-dialogo-para-viabilizar-soluciones-a-problemas-basicos\/#breadcrumb\"},\"inLanguage\":\"es\",\"potentialAction\":[{\"@type\":\"ReadAction\",\"target\":[\"https:\/\/potenciaradiofonicadominicana.com\/portal\/comerciantes-exhortan-aprovechar-dialogo-para-viabilizar-soluciones-a-problemas-basicos\/\"]}]},{\"@type\":\"ImageObject\",\"inLanguage\":\"es\",\"@id\":\"https:\/\/potenciaradiofonicadominicana.com\/portal\/comerciantes-exhortan-aprovechar-dialogo-para-viabilizar-soluciones-a-problemas-basicos\/#primaryimage\",\"url\":\"https:\/\/potenciaradiofonicadominicana.com\/portal\/wp-content\/uploads\/2026\/04\/101f5459-befb-4e3d-9ecd-100d74de8901.webp\",\"contentUrl\":\"https:\/\/potenciaradiofonicadominicana.com\/portal\/wp-content\/uploads\/2026\/04\/101f5459-befb-4e3d-9ecd-100d74de8901.webp\",\"width\":1156,\"height\":867},{\"@type\":\"BreadcrumbList\",\"@id\":\"https:\/\/potenciaradiofonicadominicana.com\/portal\/comerciantes-exhortan-aprovechar-dialogo-para-viabilizar-soluciones-a-problemas-basicos\/#breadcrumb\",\"itemListElement\":[{\"@type\":\"ListItem\",\"position\":1,\"name\":\"Portada\",\"item\":\"https:\/\/potenciaradiofonicadominicana.com\/portal\/\"},{\"@type\":\"ListItem\",\"position\":2,\"name\":\"Comerciantes exhortan aprovechar di\u00e1logo para viabilizar soluciones a problemas b\u00e1sicos\"}]},{\"@type\":\"WebSite\",\"@id\":\"https:\/\/potenciaradiofonicadominicana.com\/portal\/#website\",\"url\":\"https:\/\/potenciaradiofonicadominicana.com\/portal\/\",\"name\":\"PotenciaRadiofonicaDominicana.com\",\"description\":\"Peri\u00f3dico Digital\",\"publisher\":{\"@id\":\"https:\/\/potenciaradiofonicadominicana.com\/portal\/#organization\"},\"potentialAction\":[{\"@type\":\"SearchAction\",\"target\":{\"@type\":\"EntryPoint\",\"urlTemplate\":\"https:\/\/potenciaradiofonicadominicana.com\/portal\/?s={search_term_string}\"},\"query-input\":{\"@type\":\"PropertyValueSpecification\",\"valueRequired\":true,\"valueName\":\"search_term_string\"}}],\"inLanguage\":\"es\"},{\"@type\":\"Organization\",\"@id\":\"https:\/\/potenciaradiofonicadominicana.com\/portal\/#organization\",\"name\":\"PotenciaRadiofonicaDominicana.com\",\"url\":\"https:\/\/potenciaradiofonicadominicana.com\/portal\/\",\"logo\":{\"@type\":\"ImageObject\",\"inLanguage\":\"es\",\"@id\":\"https:\/\/potenciaradiofonicadominicana.com\/portal\/#\/schema\/logo\/image\/\",\"url\":\"https:\/\/potenciaradiofonicadominicana.com\/portal\/wp-content\/uploads\/2022\/01\/descarga.png\",\"contentUrl\":\"https:\/\/potenciaradiofonicadominicana.com\/portal\/wp-content\/uploads\/2022\/01\/descarga.png\",\"width\":300,\"height\":100,\"caption\":\"PotenciaRadiofonicaDominicana.com\"},\"image\":{\"@id\":\"https:\/\/potenciaradiofonicadominicana.com\/portal\/#\/schema\/logo\/image\/\"},\"sameAs\":[\"https:\/\/web.facebook.com\/PotenciaRadiofonicaD\"]},{\"@type\":\"Person\",\"@id\":\"https:\/\/potenciaradiofonicadominicana.com\/portal\/#\/schema\/person\/a5cf1fea13877803ee0573ac18b03490\",\"name\":\"Potencia Radiof\u00f3nica Dominicana\",\"image\":{\"@type\":\"ImageObject\",\"inLanguage\":\"es\",\"@id\":\"https:\/\/potenciaradiofonicadominicana.com\/portal\/#\/schema\/person\/image\/\",\"url\":\"https:\/\/secure.gravatar.com\/avatar\/42a55ab9e8ccc656ba34cd791990602a?s=96&d=mm&r=g\",\"contentUrl\":\"https:\/\/secure.gravatar.com\/avatar\/42a55ab9e8ccc656ba34cd791990602a?s=96&d=mm&r=g\",\"caption\":\"Potencia Radiof\u00f3nica Dominicana\"},\"url\":\"https:\/\/potenciaradiofonicadominicana.com\/portal\/author\/johannyalmanzar\/\"}]}<\/script>\n<!-- \/ Yoast SEO plugin. -->","yoast_head_json":{"title":"Comerciantes exhortan aprovechar di\u00e1logo para viabilizar soluciones a problemas b\u00e1sicos - PotenciaRadiofonicaDominicana.com","robots":{"index":"index","follow":"follow","max-snippet":"max-snippet:-1","max-image-preview":"max-image-preview:large","max-video-preview":"max-video-preview:-1"},"canonical":"https:\/\/potenciaradiofonicadominicana.com\/portal\/comerciantes-exhortan-aprovechar-dialogo-para-viabilizar-soluciones-a-problemas-basicos\/","og_locale":"es_ES","og_type":"article","og_title":"Comerciantes exhortan aprovechar di\u00e1logo para viabilizar soluciones a problemas b\u00e1sicos - PotenciaRadiofonicaDominicana.com","og_description":"La Central Nacional de Detallistas Unidos (CNDU), favoreci\u00f3 este mi\u00e9rcoles la materializaci\u00f3n del di\u00e1logo convocado por el presidente Luis Abinader, ...","og_url":"https:\/\/potenciaradiofonicadominicana.com\/portal\/comerciantes-exhortan-aprovechar-dialogo-para-viabilizar-soluciones-a-problemas-basicos\/","og_site_name":"PotenciaRadiofonicaDominicana.com","article_publisher":"https:\/\/web.facebook.com\/PotenciaRadiofonicaD","article_published_time":"2026-04-09T00:34:58+00:00","og_image":[{"width":1156,"height":867,"url":"https:\/\/potenciaradiofonicadominicana.com\/portal\/wp-content\/uploads\/2026\/04\/101f5459-befb-4e3d-9ecd-100d74de8901.webp","type":"image\/webp"}],"author":"Potencia Radiof\u00f3nica Dominicana","twitter_card":"summary_large_image","twitter_misc":{"Escrito por":"Potencia Radiof\u00f3nica Dominicana","Tiempo de lectura":"1 minuto"},"schema":{"@context":"https:\/\/schema.org","@graph":[{"@type":"Article","@id":"https:\/\/potenciaradiofonicadominicana.com\/portal\/comerciantes-exhortan-aprovechar-dialogo-para-viabilizar-soluciones-a-problemas-basicos\/#article","isPartOf":{"@id":"https:\/\/potenciaradiofonicadominicana.com\/portal\/comerciantes-exhortan-aprovechar-dialogo-para-viabilizar-soluciones-a-problemas-basicos\/"},"author":{"name":"Potencia Radiof\u00f3nica Dominicana","@id":"https:\/\/potenciaradiofonicadominicana.com\/portal\/#\/schema\/person\/a5cf1fea13877803ee0573ac18b03490"},"headline":"Comerciantes exhortan aprovechar di\u00e1logo para viabilizar soluciones a problemas b\u00e1sicos","datePublished":"2026-04-09T00:34:58+00:00","mainEntityOfPage":{"@id":"https:\/\/potenciaradiofonicadominicana.com\/portal\/comerciantes-exhortan-aprovechar-dialogo-para-viabilizar-soluciones-a-problemas-basicos\/"},"wordCount":117,"publisher":{"@id":"https:\/\/potenciaradiofonicadominicana.com\/portal\/#organization"},"image":{"@id":"https:\/\/potenciaradiofonicadominicana.com\/portal\/comerciantes-exhortan-aprovechar-dialogo-para-viabilizar-soluciones-a-problemas-basicos\/#primaryimage"},"thumbnailUrl":"https:\/\/potenciaradiofonicadominicana.com\/portal\/wp-content\/uploads\/2026\/04\/101f5459-befb-4e3d-9ecd-100d74de8901.webp","articleSection":["Econom\u00eda"],"inLanguage":"es"},{"@type":"WebPage","@id":"https:\/\/potenciaradiofonicadominicana.com\/portal\/comerciantes-exhortan-aprovechar-dialogo-para-viabilizar-soluciones-a-problemas-basicos\/","url":"https:\/\/potenciaradiofonicadominicana.com\/portal\/comerciantes-exhortan-aprovechar-dialogo-para-viabilizar-soluciones-a-problemas-basicos\/","name":"Comerciantes exhortan aprovechar di\u00e1logo para viabilizar soluciones a problemas b\u00e1sicos - PotenciaRadiofonicaDominicana.com","isPartOf":{"@id":"https:\/\/potenciaradiofonicadominicana.com\/portal\/#website"},"primaryImageOfPage":{"@id":"https:\/\/potenciaradiofonicadominicana.com\/portal\/comerciantes-exhortan-aprovechar-dialogo-para-viabilizar-soluciones-a-problemas-basicos\/#primaryimage"},"image":{"@id":"https:\/\/potenciaradiofonicadominicana.com\/portal\/comerciantes-exhortan-aprovechar-dialogo-para-viabilizar-soluciones-a-problemas-basicos\/#primaryimage"},"thumbnailUrl":"https:\/\/potenciaradiofonicadominicana.com\/portal\/wp-content\/uploads\/2026\/04\/101f5459-befb-4e3d-9ecd-100d74de8901.webp","datePublished":"2026-04-09T00:34:58+00:00","breadcrumb":{"@id":"https:\/\/potenciaradiofonicadominicana.com\/portal\/comerciantes-exhortan-aprovechar-dialogo-para-viabilizar-soluciones-a-problemas-basicos\/#breadcrumb"},"inLanguage":"es","potentialAction":[{"@type":"ReadAction","target":["https:\/\/potenciaradiofonicadominicana.com\/portal\/comerciantes-exhortan-aprovechar-dialogo-para-viabilizar-soluciones-a-problemas-basicos\/"]}]},{"@type":"ImageObject","inLanguage":"es","@id":"https:\/\/potenciaradiofonicadominicana.com\/portal\/comerciantes-exhortan-aprovechar-dialogo-para-viabilizar-soluciones-a-problemas-basicos\/#primaryimage","url":"https:\/\/potenciaradiofonicadominicana.com\/portal\/wp-content\/uploads\/2026\/04\/101f5459-befb-4e3d-9ecd-100d74de8901.webp","contentUrl":"https:\/\/potenciaradiofonicadominicana.com\/portal\/wp-content\/uploads\/2026\/04\/101f5459-befb-4e3d-9ecd-100d74de8901.webp","width":1156,"height":867},{"@type":"BreadcrumbList","@id":"https:\/\/potenciaradiofonicadominicana.com\/portal\/comerciantes-exhortan-aprovechar-dialogo-para-viabilizar-soluciones-a-problemas-basicos\/#breadcrumb","itemListElement":[{"@type":"ListItem","position":1,"name":"Portada","item":"https:\/\/potenciaradiofonicadominicana.com\/portal\/"},{"@type":"ListItem","position":2,"name":"Comerciantes exhortan aprovechar di\u00e1logo para viabilizar soluciones a problemas b\u00e1sicos"}]},{"@type":"WebSite","@id":"https:\/\/potenciaradiofonicadominicana.com\/portal\/#website","url":"https:\/\/potenciaradiofonicadominicana.com\/portal\/","name":"PotenciaRadiofonicaDominicana.com","description":"Peri\u00f3dico Digital","publisher":{"@id":"https:\/\/potenciaradiofonicadominicana.com\/portal\/#organization"},"potentialAction":[{"@type":"SearchAction","target":{"@type":"EntryPoint","urlTemplate":"https:\/\/potenciaradiofonicadominicana.com\/portal\/?s={search_term_string}"},"query-input":{"@type":"PropertyValueSpecification","valueRequired":true,"valueName":"search_term_string"}}],"inLanguage":"es"},{"@type":"Organization","@id":"https:\/\/potenciaradiofonicadominicana.com\/portal\/#organization","name":"PotenciaRadiofonicaDominicana.com","url":"https:\/\/potenciaradiofonicadominicana.com\/portal\/","logo":{"@type":"ImageObject","inLanguage":"es","@id":"https:\/\/potenciaradiofonicadominicana.com\/portal\/#\/schema\/logo\/image\/","url":"https:\/\/potenciaradiofonicadominicana.com\/portal\/wp-content\/uploads\/2022\/01\/descarga.png","contentUrl":"https:\/\/potenciaradiofonicadominicana.com\/portal\/wp-content\/uploads\/2022\/01\/descarga.png","width":300,"height":100,"caption":"PotenciaRadiofonicaDominicana.com"},"image":{"@id":"https:\/\/potenciaradiofonicadominicana.com\/portal\/#\/schema\/logo\/image\/"},"sameAs":["https:\/\/web.facebook.com\/PotenciaRadiofonicaD"]},{"@type":"Person","@id":"https:\/\/potenciaradiofonicadominicana.com\/portal\/#\/schema\/person\/a5cf1fea13877803ee0573ac18b03490","name":"Potencia Radiof\u00f3nica Dominicana","image":{"@type":"ImageObject","inLanguage":"es","@id":"https:\/\/potenciaradiofonicadominicana.com\/portal\/#\/schema\/person\/image\/","url":"https:\/\/secure.gravatar.com\/avatar\/42a55ab9e8ccc656ba34cd791990602a?s=96&d=mm&r=g","contentUrl":"https:\/\/secure.gravatar.com\/avatar\/42a55ab9e8ccc656ba34cd791990602a?s=96&d=mm&r=g","caption":"Potencia Radiof\u00f3nica Dominicana"},"url":"https:\/\/potenciaradiofonicadominicana.com\/portal\/author\/johannyalmanzar\/"}]}},"_links":{"self":[{"href":"https:\/\/potenciaradiofonicadominicana.com\/portal\/wp-json\/wp\/v2\/posts\/214630","targetHints":{"allow":["GET"]}}],"collection":[{"href":"https:\/\/potenciaradiofonicadominicana.com\/portal\/wp-json\/wp\/v2\/posts"}],"about":[{"href":"https:\/\/potenciaradiofonicadominicana.com\/portal\/wp-json\/wp\/v2\/types\/post"}],"author":[{"embeddable":true,"href":"https:\/\/potenciaradiofonicadominicana.com\/portal\/wp-json\/wp\/v2\/users\/2"}],"replies":[{"embeddable":true,"href":"https:\/\/potenciaradiofonicadominicana.com\/portal\/wp-json\/wp\/v2\/comments?post=214630"}],"version-history":[{"count":1,"href":"https:\/\/potenciaradiofonicadominicana.com\/portal\/wp-json\/wp\/v2\/posts\/214630\/revisions"}],"predecessor-version":[{"id":214632,"href":"https:\/\/potenciaradiofonicadominicana.com\/portal\/wp-json\/wp\/v2\/posts\/214630\/revisions\/214632"}],"wp:featuredmedia":[{"embeddable":true,"href":"https:\/\/potenciaradiofonicadominicana.com\/portal\/wp-json\/wp\/v2\/media\/214631"}],"wp:attachment":[{"href":"https:\/\/potenciaradiofonicadominicana.com\/portal\/wp-json\/wp\/v2\/media?parent=214630"}],"wp:term":[{"taxonomy":"category","embeddable":true,"href":"https:\/\/potenciaradiofonicadominicana.com\/portal\/wp-json\/wp\/v2\/categories?post=214630"},{"taxonomy":"post_tag","embeddable":true,"href":"https:\/\/potenciaradiofonicadominicana.com\/portal\/wp-json\/wp\/v2\/tags?post=214630"}],"curies":[{"name":"wp","href":"https:\/\/api.w.org\/{rel}","templated":true}]}}