{"id":214624,"date":"2026-04-08T20:29:55","date_gmt":"2026-04-09T00:29:55","guid":{"rendered":"https:\/\/potenciaradiofonicadominicana.com\/portal\/?p=214624"},"modified":"2026-04-08T20:29:55","modified_gmt":"2026-04-09T00:29:55","slug":"alcalde-hector-figari-y-comunidad-deportiva-reciben-al-campeon-internacional-derlyn-el-coyote-hernandez","status":"publish","type":"post","link":"https:\/\/potenciaradiofonicadominicana.com\/portal\/alcalde-hector-figari-y-comunidad-deportiva-reciben-al-campeon-internacional-derlyn-el-coyote-hernandez\/","title":{"rendered":"Alcalde H\u00e9ctor Figari y comunidad deportiva reciben al campe\u00f3n internacional Derlyn \u201cEl Coyote\u201d Hern\u00e1ndez"},"content":{"rendered":"<p><a href=\"https:\/\/potenciaradiofonicadominicana.com\/portal\/wp-content\/uploads\/2026\/04\/Alcalde-Hector-Figari-y-comunidad-deportiva-reciben-al-campeon-internacional-Derlyn-El-Coyote-Hernandez-2.webp\"><img loading=\"lazy\" decoding=\"async\" class=\"alignnone size-full wp-image-214625\" src=\"https:\/\/potenciaradiofonicadominicana.com\/portal\/wp-content\/uploads\/2026\/04\/Alcalde-Hector-Figari-y-comunidad-deportiva-reciben-al-campeon-internacional-Derlyn-El-Coyote-Hernandez-2.webp\" alt=\"\" width=\"1600\" height=\"1066\" srcset=\"https:\/\/potenciaradiofonicadominicana.com\/portal\/wp-content\/uploads\/2026\/04\/Alcalde-Hector-Figari-y-comunidad-deportiva-reciben-al-campeon-internacional-Derlyn-El-Coyote-Hernandez-2.webp 1600w, https:\/\/potenciaradiofonicadominicana.com\/portal\/wp-content\/uploads\/2026\/04\/Alcalde-Hector-Figari-y-comunidad-deportiva-reciben-al-campeon-internacional-Derlyn-El-Coyote-Hernandez-2-300x200.webp 300w, https:\/\/potenciaradiofonicadominicana.com\/portal\/wp-content\/uploads\/2026\/04\/Alcalde-Hector-Figari-y-comunidad-deportiva-reciben-al-campeon-internacional-Derlyn-El-Coyote-Hernandez-2-1024x682.webp 1024w, https:\/\/potenciaradiofonicadominicana.com\/portal\/wp-content\/uploads\/2026\/04\/Alcalde-Hector-Figari-y-comunidad-deportiva-reciben-al-campeon-internacional-Derlyn-El-Coyote-Hernandez-2-768x512.webp 768w, https:\/\/potenciaradiofonicadominicana.com\/portal\/wp-content\/uploads\/2026\/04\/Alcalde-Hector-Figari-y-comunidad-deportiva-reciben-al-campeon-internacional-Derlyn-El-Coyote-Hernandez-2-1536x1023.webp 1536w\" sizes=\"auto, (max-width: 1600px) 100vw, 1600px\" \/><\/a><\/p>\n<p>MONTE PLATA. \u2013 El alcalde del municipio de Monte Plata, H\u00e9ctor Rafael Figari, encabez\u00f3 un emotivo acto de recibimiento al destacado boxeador Derlyn Hern\u00e1ndez, quien recientemente se coron\u00f3 como Campe\u00f3n Global Superpluma (130 libras) de la Organizaci\u00f3n Mundial de Boxeo (OMB).<\/p>\n<p>El encuentro se desarroll\u00f3 en un ambiente de alegr\u00eda y orgullo, con la participaci\u00f3n de autoridades municipales, dirigentes deportivos, familiares y miembros de la comunidad. El atleta estuvo acompa\u00f1ado por sus entrenadores Ra\u00fal Rosado y Jos\u00e9 Rol\u00f3n, as\u00ed como por los deportistas Geraldo Valdez (Redondeado) y Junior Mej\u00eda (Brull\u00edn), adem\u00e1s de los maestros Andy Tiburcio y Jos\u00e9 Prensa.<\/p>\n<p>Durante su intervenci\u00f3n, Hern\u00e1ndez agradeci\u00f3 el respaldo brindado por el alcalde Figari, destacando que ha sido constante desde los inicios de su carrera. En ese sentido, valor\u00f3 no solo el apoyo econ\u00f3mico, sino tambi\u00e9n el acompa\u00f1amiento cercano y los consejos oportunos recibidos por parte del ejecutivo municipal, los cuales han contribuido significativamente a su desarrollo profesional.<\/p>\n<p>De su lado, el alcalde Figari reafirm\u00f3 su compromiso con el impulso del deporte en el municipio, asegurando que continuar\u00e1 apoyando a los j\u00f3venes talentos para que alcancen sus metas y sigan representando con orgullo a Monte Plata y a la Rep\u00fablica Dominicana en escenarios internacionales.<\/p>\n<p>Los presentes destacaron la humildad, disciplina y dedicaci\u00f3n de \u201cEl Coyote\u201d, quien se consolida como un referente de \u00e9xito y superaci\u00f3n para la juventud de la provincia.<\/p>\n","protected":false},"excerpt":{"rendered":"<p>MONTE PLATA. \u2013 El alcalde del municipio de Monte Plata, H\u00e9ctor Rafael Figari, encabez\u00f3 un emotivo acto de recibimiento al &#8230;<\/p>\n","protected":false},"author":2,"featured_media":214625,"comment_status":"closed","ping_status":"closed","sticky":false,"template":"","format":"standard","meta":{"footnotes":""},"categories":[28],"tags":[],"class_list":["post-214624","post","type-post","status-publish","format-standard","has-post-thumbnail","hentry","category-deportes"],"yoast_head":"<!-- This site is optimized with the Yoast SEO plugin v24.8.1 - https:\/\/yoast.com\/wordpress\/plugins\/seo\/ -->\n<title>Alcalde H\u00e9ctor Figari y comunidad deportiva reciben al campe\u00f3n internacional Derlyn \u201cEl Coyote\u201d Hern\u00e1ndez - PotenciaRadiofonicaDominicana.com<\/title>\n<meta name=\"robots\" content=\"index, follow, max-snippet:-1, max-image-preview:large, max-video-preview:-1\" \/>\n<link rel=\"canonical\" href=\"https:\/\/potenciaradiofonicadominicana.com\/portal\/alcalde-hector-figari-y-comunidad-deportiva-reciben-al-campeon-internacional-derlyn-el-coyote-hernandez\/\" \/>\n<meta property=\"og:locale\" content=\"es_ES\" \/>\n<meta property=\"og:type\" content=\"article\" \/>\n<meta property=\"og:title\" content=\"Alcalde H\u00e9ctor Figari y comunidad deportiva reciben al campe\u00f3n internacional Derlyn \u201cEl Coyote\u201d Hern\u00e1ndez - PotenciaRadiofonicaDominicana.com\" \/>\n<meta property=\"og:description\" content=\"MONTE PLATA. \u2013 El alcalde del municipio de Monte Plata, H\u00e9ctor Rafael Figari, encabez\u00f3 un emotivo acto de recibimiento al ...\" \/>\n<meta property=\"og:url\" content=\"https:\/\/potenciaradiofonicadominicana.com\/portal\/alcalde-hector-figari-y-comunidad-deportiva-reciben-al-campeon-internacional-derlyn-el-coyote-hernandez\/\" \/>\n<meta property=\"og:site_name\" content=\"PotenciaRadiofonicaDominicana.com\" \/>\n<meta property=\"article:publisher\" content=\"https:\/\/web.facebook.com\/PotenciaRadiofonicaD\" \/>\n<meta property=\"article:published_time\" content=\"2026-04-09T00:29:55+00:00\" \/>\n<meta property=\"og:image\" content=\"https:\/\/potenciaradiofonicadominicana.com\/portal\/wp-content\/uploads\/2026\/04\/Alcalde-Hector-Figari-y-comunidad-deportiva-reciben-al-campeon-internacional-Derlyn-El-Coyote-Hernandez-2.webp\" \/>\n\t<meta property=\"og:image:width\" content=\"1600\" \/>\n\t<meta property=\"og:image:height\" content=\"1066\" \/>\n\t<meta property=\"og:image:type\" content=\"image\/webp\" \/>\n<meta name=\"author\" content=\"Potencia Radiof\u00f3nica Dominicana\" \/>\n<meta name=\"twitter:card\" content=\"summary_large_image\" \/>\n<meta name=\"twitter:label1\" content=\"Escrito por\" \/>\n\t<meta name=\"twitter:data1\" content=\"Potencia Radiof\u00f3nica Dominicana\" \/>\n\t<meta name=\"twitter:label2\" content=\"Tiempo de lectura\" \/>\n\t<meta name=\"twitter:data2\" content=\"2 minutos\" \/>\n<script type=\"application\/ld+json\" class=\"yoast-schema-graph\">{\"@context\":\"https:\/\/schema.org\",\"@graph\":[{\"@type\":\"Article\",\"@id\":\"https:\/\/potenciaradiofonicadominicana.com\/portal\/alcalde-hector-figari-y-comunidad-deportiva-reciben-al-campeon-internacional-derlyn-el-coyote-hernandez\/#article\",\"isPartOf\":{\"@id\":\"https:\/\/potenciaradiofonicadominicana.com\/portal\/alcalde-hector-figari-y-comunidad-deportiva-reciben-al-campeon-internacional-derlyn-el-coyote-hernandez\/\"},\"author\":{\"name\":\"Potencia Radiof\u00f3nica Dominicana\",\"@id\":\"https:\/\/potenciaradiofonicadominicana.com\/portal\/#\/schema\/person\/a5cf1fea13877803ee0573ac18b03490\"},\"headline\":\"Alcalde H\u00e9ctor Figari y comunidad deportiva reciben al campe\u00f3n internacional Derlyn \u201cEl Coyote\u201d Hern\u00e1ndez\",\"datePublished\":\"2026-04-09T00:29:55+00:00\",\"mainEntityOfPage\":{\"@id\":\"https:\/\/potenciaradiofonicadominicana.com\/portal\/alcalde-hector-figari-y-comunidad-deportiva-reciben-al-campeon-internacional-derlyn-el-coyote-hernandez\/\"},\"wordCount\":264,\"publisher\":{\"@id\":\"https:\/\/potenciaradiofonicadominicana.com\/portal\/#organization\"},\"image\":{\"@id\":\"https:\/\/potenciaradiofonicadominicana.com\/portal\/alcalde-hector-figari-y-comunidad-deportiva-reciben-al-campeon-internacional-derlyn-el-coyote-hernandez\/#primaryimage\"},\"thumbnailUrl\":\"https:\/\/potenciaradiofonicadominicana.com\/portal\/wp-content\/uploads\/2026\/04\/Alcalde-Hector-Figari-y-comunidad-deportiva-reciben-al-campeon-internacional-Derlyn-El-Coyote-Hernandez-2.webp\",\"articleSection\":[\"Deportes\"],\"inLanguage\":\"es\"},{\"@type\":\"WebPage\",\"@id\":\"https:\/\/potenciaradiofonicadominicana.com\/portal\/alcalde-hector-figari-y-comunidad-deportiva-reciben-al-campeon-internacional-derlyn-el-coyote-hernandez\/\",\"url\":\"https:\/\/potenciaradiofonicadominicana.com\/portal\/alcalde-hector-figari-y-comunidad-deportiva-reciben-al-campeon-internacional-derlyn-el-coyote-hernandez\/\",\"name\":\"Alcalde H\u00e9ctor Figari y comunidad deportiva reciben al campe\u00f3n internacional Derlyn \u201cEl Coyote\u201d Hern\u00e1ndez - PotenciaRadiofonicaDominicana.com\",\"isPartOf\":{\"@id\":\"https:\/\/potenciaradiofonicadominicana.com\/portal\/#website\"},\"primaryImageOfPage\":{\"@id\":\"https:\/\/potenciaradiofonicadominicana.com\/portal\/alcalde-hector-figari-y-comunidad-deportiva-reciben-al-campeon-internacional-derlyn-el-coyote-hernandez\/#primaryimage\"},\"image\":{\"@id\":\"https:\/\/potenciaradiofonicadominicana.com\/portal\/alcalde-hector-figari-y-comunidad-deportiva-reciben-al-campeon-internacional-derlyn-el-coyote-hernandez\/#primaryimage\"},\"thumbnailUrl\":\"https:\/\/potenciaradiofonicadominicana.com\/portal\/wp-content\/uploads\/2026\/04\/Alcalde-Hector-Figari-y-comunidad-deportiva-reciben-al-campeon-internacional-Derlyn-El-Coyote-Hernandez-2.webp\",\"datePublished\":\"2026-04-09T00:29:55+00:00\",\"breadcrumb\":{\"@id\":\"https:\/\/potenciaradiofonicadominicana.com\/portal\/alcalde-hector-figari-y-comunidad-deportiva-reciben-al-campeon-internacional-derlyn-el-coyote-hernandez\/#breadcrumb\"},\"inLanguage\":\"es\",\"potentialAction\":[{\"@type\":\"ReadAction\",\"target\":[\"https:\/\/potenciaradiofonicadominicana.com\/portal\/alcalde-hector-figari-y-comunidad-deportiva-reciben-al-campeon-internacional-derlyn-el-coyote-hernandez\/\"]}]},{\"@type\":\"ImageObject\",\"inLanguage\":\"es\",\"@id\":\"https:\/\/potenciaradiofonicadominicana.com\/portal\/alcalde-hector-figari-y-comunidad-deportiva-reciben-al-campeon-internacional-derlyn-el-coyote-hernandez\/#primaryimage\",\"url\":\"https:\/\/potenciaradiofonicadominicana.com\/portal\/wp-content\/uploads\/2026\/04\/Alcalde-Hector-Figari-y-comunidad-deportiva-reciben-al-campeon-internacional-Derlyn-El-Coyote-Hernandez-2.webp\",\"contentUrl\":\"https:\/\/potenciaradiofonicadominicana.com\/portal\/wp-content\/uploads\/2026\/04\/Alcalde-Hector-Figari-y-comunidad-deportiva-reciben-al-campeon-internacional-Derlyn-El-Coyote-Hernandez-2.webp\",\"width\":1600,\"height\":1066},{\"@type\":\"BreadcrumbList\",\"@id\":\"https:\/\/potenciaradiofonicadominicana.com\/portal\/alcalde-hector-figari-y-comunidad-deportiva-reciben-al-campeon-internacional-derlyn-el-coyote-hernandez\/#breadcrumb\",\"itemListElement\":[{\"@type\":\"ListItem\",\"position\":1,\"name\":\"Portada\",\"item\":\"https:\/\/potenciaradiofonicadominicana.com\/portal\/\"},{\"@type\":\"ListItem\",\"position\":2,\"name\":\"Alcalde H\u00e9ctor Figari y comunidad deportiva reciben al campe\u00f3n internacional Derlyn \u201cEl Coyote\u201d Hern\u00e1ndez\"}]},{\"@type\":\"WebSite\",\"@id\":\"https:\/\/potenciaradiofonicadominicana.com\/portal\/#website\",\"url\":\"https:\/\/potenciaradiofonicadominicana.com\/portal\/\",\"name\":\"PotenciaRadiofonicaDominicana.com\",\"description\":\"Peri\u00f3dico Digital\",\"publisher\":{\"@id\":\"https:\/\/potenciaradiofonicadominicana.com\/portal\/#organization\"},\"potentialAction\":[{\"@type\":\"SearchAction\",\"target\":{\"@type\":\"EntryPoint\",\"urlTemplate\":\"https:\/\/potenciaradiofonicadominicana.com\/portal\/?s={search_term_string}\"},\"query-input\":{\"@type\":\"PropertyValueSpecification\",\"valueRequired\":true,\"valueName\":\"search_term_string\"}}],\"inLanguage\":\"es\"},{\"@type\":\"Organization\",\"@id\":\"https:\/\/potenciaradiofonicadominicana.com\/portal\/#organization\",\"name\":\"PotenciaRadiofonicaDominicana.com\",\"url\":\"https:\/\/potenciaradiofonicadominicana.com\/portal\/\",\"logo\":{\"@type\":\"ImageObject\",\"inLanguage\":\"es\",\"@id\":\"https:\/\/potenciaradiofonicadominicana.com\/portal\/#\/schema\/logo\/image\/\",\"url\":\"https:\/\/potenciaradiofonicadominicana.com\/portal\/wp-content\/uploads\/2022\/01\/descarga.png\",\"contentUrl\":\"https:\/\/potenciaradiofonicadominicana.com\/portal\/wp-content\/uploads\/2022\/01\/descarga.png\",\"width\":300,\"height\":100,\"caption\":\"PotenciaRadiofonicaDominicana.com\"},\"image\":{\"@id\":\"https:\/\/potenciaradiofonicadominicana.com\/portal\/#\/schema\/logo\/image\/\"},\"sameAs\":[\"https:\/\/web.facebook.com\/PotenciaRadiofonicaD\"]},{\"@type\":\"Person\",\"@id\":\"https:\/\/potenciaradiofonicadominicana.com\/portal\/#\/schema\/person\/a5cf1fea13877803ee0573ac18b03490\",\"name\":\"Potencia Radiof\u00f3nica Dominicana\",\"image\":{\"@type\":\"ImageObject\",\"inLanguage\":\"es\",\"@id\":\"https:\/\/potenciaradiofonicadominicana.com\/portal\/#\/schema\/person\/image\/\",\"url\":\"https:\/\/secure.gravatar.com\/avatar\/42a55ab9e8ccc656ba34cd791990602a?s=96&d=mm&r=g\",\"contentUrl\":\"https:\/\/secure.gravatar.com\/avatar\/42a55ab9e8ccc656ba34cd791990602a?s=96&d=mm&r=g\",\"caption\":\"Potencia Radiof\u00f3nica Dominicana\"},\"url\":\"https:\/\/potenciaradiofonicadominicana.com\/portal\/author\/johannyalmanzar\/\"}]}<\/script>\n<!-- \/ Yoast SEO plugin. -->","yoast_head_json":{"title":"Alcalde H\u00e9ctor Figari y comunidad deportiva reciben al campe\u00f3n internacional Derlyn \u201cEl Coyote\u201d Hern\u00e1ndez - PotenciaRadiofonicaDominicana.com","robots":{"index":"index","follow":"follow","max-snippet":"max-snippet:-1","max-image-preview":"max-image-preview:large","max-video-preview":"max-video-preview:-1"},"canonical":"https:\/\/potenciaradiofonicadominicana.com\/portal\/alcalde-hector-figari-y-comunidad-deportiva-reciben-al-campeon-internacional-derlyn-el-coyote-hernandez\/","og_locale":"es_ES","og_type":"article","og_title":"Alcalde H\u00e9ctor Figari y comunidad deportiva reciben al campe\u00f3n internacional Derlyn \u201cEl Coyote\u201d Hern\u00e1ndez - PotenciaRadiofonicaDominicana.com","og_description":"MONTE PLATA. \u2013 El alcalde del municipio de Monte Plata, H\u00e9ctor Rafael Figari, encabez\u00f3 un emotivo acto de recibimiento al ...","og_url":"https:\/\/potenciaradiofonicadominicana.com\/portal\/alcalde-hector-figari-y-comunidad-deportiva-reciben-al-campeon-internacional-derlyn-el-coyote-hernandez\/","og_site_name":"PotenciaRadiofonicaDominicana.com","article_publisher":"https:\/\/web.facebook.com\/PotenciaRadiofonicaD","article_published_time":"2026-04-09T00:29:55+00:00","og_image":[{"width":1600,"height":1066,"url":"https:\/\/potenciaradiofonicadominicana.com\/portal\/wp-content\/uploads\/2026\/04\/Alcalde-Hector-Figari-y-comunidad-deportiva-reciben-al-campeon-internacional-Derlyn-El-Coyote-Hernandez-2.webp","type":"image\/webp"}],"author":"Potencia Radiof\u00f3nica Dominicana","twitter_card":"summary_large_image","twitter_misc":{"Escrito por":"Potencia Radiof\u00f3nica Dominicana","Tiempo de lectura":"2 minutos"},"schema":{"@context":"https:\/\/schema.org","@graph":[{"@type":"Article","@id":"https:\/\/potenciaradiofonicadominicana.com\/portal\/alcalde-hector-figari-y-comunidad-deportiva-reciben-al-campeon-internacional-derlyn-el-coyote-hernandez\/#article","isPartOf":{"@id":"https:\/\/potenciaradiofonicadominicana.com\/portal\/alcalde-hector-figari-y-comunidad-deportiva-reciben-al-campeon-internacional-derlyn-el-coyote-hernandez\/"},"author":{"name":"Potencia Radiof\u00f3nica Dominicana","@id":"https:\/\/potenciaradiofonicadominicana.com\/portal\/#\/schema\/person\/a5cf1fea13877803ee0573ac18b03490"},"headline":"Alcalde H\u00e9ctor Figari y comunidad deportiva reciben al campe\u00f3n internacional Derlyn \u201cEl Coyote\u201d Hern\u00e1ndez","datePublished":"2026-04-09T00:29:55+00:00","mainEntityOfPage":{"@id":"https:\/\/potenciaradiofonicadominicana.com\/portal\/alcalde-hector-figari-y-comunidad-deportiva-reciben-al-campeon-internacional-derlyn-el-coyote-hernandez\/"},"wordCount":264,"publisher":{"@id":"https:\/\/potenciaradiofonicadominicana.com\/portal\/#organization"},"image":{"@id":"https:\/\/potenciaradiofonicadominicana.com\/portal\/alcalde-hector-figari-y-comunidad-deportiva-reciben-al-campeon-internacional-derlyn-el-coyote-hernandez\/#primaryimage"},"thumbnailUrl":"https:\/\/potenciaradiofonicadominicana.com\/portal\/wp-content\/uploads\/2026\/04\/Alcalde-Hector-Figari-y-comunidad-deportiva-reciben-al-campeon-internacional-Derlyn-El-Coyote-Hernandez-2.webp","articleSection":["Deportes"],"inLanguage":"es"},{"@type":"WebPage","@id":"https:\/\/potenciaradiofonicadominicana.com\/portal\/alcalde-hector-figari-y-comunidad-deportiva-reciben-al-campeon-internacional-derlyn-el-coyote-hernandez\/","url":"https:\/\/potenciaradiofonicadominicana.com\/portal\/alcalde-hector-figari-y-comunidad-deportiva-reciben-al-campeon-internacional-derlyn-el-coyote-hernandez\/","name":"Alcalde H\u00e9ctor Figari y comunidad deportiva reciben al campe\u00f3n internacional Derlyn \u201cEl Coyote\u201d Hern\u00e1ndez - PotenciaRadiofonicaDominicana.com","isPartOf":{"@id":"https:\/\/potenciaradiofonicadominicana.com\/portal\/#website"},"primaryImageOfPage":{"@id":"https:\/\/potenciaradiofonicadominicana.com\/portal\/alcalde-hector-figari-y-comunidad-deportiva-reciben-al-campeon-internacional-derlyn-el-coyote-hernandez\/#primaryimage"},"image":{"@id":"https:\/\/potenciaradiofonicadominicana.com\/portal\/alcalde-hector-figari-y-comunidad-deportiva-reciben-al-campeon-internacional-derlyn-el-coyote-hernandez\/#primaryimage"},"thumbnailUrl":"https:\/\/potenciaradiofonicadominicana.com\/portal\/wp-content\/uploads\/2026\/04\/Alcalde-Hector-Figari-y-comunidad-deportiva-reciben-al-campeon-internacional-Derlyn-El-Coyote-Hernandez-2.webp","datePublished":"2026-04-09T00:29:55+00:00","breadcrumb":{"@id":"https:\/\/potenciaradiofonicadominicana.com\/portal\/alcalde-hector-figari-y-comunidad-deportiva-reciben-al-campeon-internacional-derlyn-el-coyote-hernandez\/#breadcrumb"},"inLanguage":"es","potentialAction":[{"@type":"ReadAction","target":["https:\/\/potenciaradiofonicadominicana.com\/portal\/alcalde-hector-figari-y-comunidad-deportiva-reciben-al-campeon-internacional-derlyn-el-coyote-hernandez\/"]}]},{"@type":"ImageObject","inLanguage":"es","@id":"https:\/\/potenciaradiofonicadominicana.com\/portal\/alcalde-hector-figari-y-comunidad-deportiva-reciben-al-campeon-internacional-derlyn-el-coyote-hernandez\/#primaryimage","url":"https:\/\/potenciaradiofonicadominicana.com\/portal\/wp-content\/uploads\/2026\/04\/Alcalde-Hector-Figari-y-comunidad-deportiva-reciben-al-campeon-internacional-Derlyn-El-Coyote-Hernandez-2.webp","contentUrl":"https:\/\/potenciaradiofonicadominicana.com\/portal\/wp-content\/uploads\/2026\/04\/Alcalde-Hector-Figari-y-comunidad-deportiva-reciben-al-campeon-internacional-Derlyn-El-Coyote-Hernandez-2.webp","width":1600,"height":1066},{"@type":"BreadcrumbList","@id":"https:\/\/potenciaradiofonicadominicana.com\/portal\/alcalde-hector-figari-y-comunidad-deportiva-reciben-al-campeon-internacional-derlyn-el-coyote-hernandez\/#breadcrumb","itemListElement":[{"@type":"ListItem","position":1,"name":"Portada","item":"https:\/\/potenciaradiofonicadominicana.com\/portal\/"},{"@type":"ListItem","position":2,"name":"Alcalde H\u00e9ctor Figari y comunidad deportiva reciben al campe\u00f3n internacional Derlyn \u201cEl Coyote\u201d Hern\u00e1ndez"}]},{"@type":"WebSite","@id":"https:\/\/potenciaradiofonicadominicana.com\/portal\/#website","url":"https:\/\/potenciaradiofonicadominicana.com\/portal\/","name":"PotenciaRadiofonicaDominicana.com","description":"Peri\u00f3dico Digital","publisher":{"@id":"https:\/\/potenciaradiofonicadominicana.com\/portal\/#organization"},"potentialAction":[{"@type":"SearchAction","target":{"@type":"EntryPoint","urlTemplate":"https:\/\/potenciaradiofonicadominicana.com\/portal\/?s={search_term_string}"},"query-input":{"@type":"PropertyValueSpecification","valueRequired":true,"valueName":"search_term_string"}}],"inLanguage":"es"},{"@type":"Organization","@id":"https:\/\/potenciaradiofonicadominicana.com\/portal\/#organization","name":"PotenciaRadiofonicaDominicana.com","url":"https:\/\/potenciaradiofonicadominicana.com\/portal\/","logo":{"@type":"ImageObject","inLanguage":"es","@id":"https:\/\/potenciaradiofonicadominicana.com\/portal\/#\/schema\/logo\/image\/","url":"https:\/\/potenciaradiofonicadominicana.com\/portal\/wp-content\/uploads\/2022\/01\/descarga.png","contentUrl":"https:\/\/potenciaradiofonicadominicana.com\/portal\/wp-content\/uploads\/2022\/01\/descarga.png","width":300,"height":100,"caption":"PotenciaRadiofonicaDominicana.com"},"image":{"@id":"https:\/\/potenciaradiofonicadominicana.com\/portal\/#\/schema\/logo\/image\/"},"sameAs":["https:\/\/web.facebook.com\/PotenciaRadiofonicaD"]},{"@type":"Person","@id":"https:\/\/potenciaradiofonicadominicana.com\/portal\/#\/schema\/person\/a5cf1fea13877803ee0573ac18b03490","name":"Potencia Radiof\u00f3nica Dominicana","image":{"@type":"ImageObject","inLanguage":"es","@id":"https:\/\/potenciaradiofonicadominicana.com\/portal\/#\/schema\/person\/image\/","url":"https:\/\/secure.gravatar.com\/avatar\/42a55ab9e8ccc656ba34cd791990602a?s=96&d=mm&r=g","contentUrl":"https:\/\/secure.gravatar.com\/avatar\/42a55ab9e8ccc656ba34cd791990602a?s=96&d=mm&r=g","caption":"Potencia Radiof\u00f3nica Dominicana"},"url":"https:\/\/potenciaradiofonicadominicana.com\/portal\/author\/johannyalmanzar\/"}]}},"_links":{"self":[{"href":"https:\/\/potenciaradiofonicadominicana.com\/portal\/wp-json\/wp\/v2\/posts\/214624","targetHints":{"allow":["GET"]}}],"collection":[{"href":"https:\/\/potenciaradiofonicadominicana.com\/portal\/wp-json\/wp\/v2\/posts"}],"about":[{"href":"https:\/\/potenciaradiofonicadominicana.com\/portal\/wp-json\/wp\/v2\/types\/post"}],"author":[{"embeddable":true,"href":"https:\/\/potenciaradiofonicadominicana.com\/portal\/wp-json\/wp\/v2\/users\/2"}],"replies":[{"embeddable":true,"href":"https:\/\/potenciaradiofonicadominicana.com\/portal\/wp-json\/wp\/v2\/comments?post=214624"}],"version-history":[{"count":1,"href":"https:\/\/potenciaradiofonicadominicana.com\/portal\/wp-json\/wp\/v2\/posts\/214624\/revisions"}],"predecessor-version":[{"id":214626,"href":"https:\/\/potenciaradiofonicadominicana.com\/portal\/wp-json\/wp\/v2\/posts\/214624\/revisions\/214626"}],"wp:featuredmedia":[{"embeddable":true,"href":"https:\/\/potenciaradiofonicadominicana.com\/portal\/wp-json\/wp\/v2\/media\/214625"}],"wp:attachment":[{"href":"https:\/\/potenciaradiofonicadominicana.com\/portal\/wp-json\/wp\/v2\/media?parent=214624"}],"wp:term":[{"taxonomy":"category","embeddable":true,"href":"https:\/\/potenciaradiofonicadominicana.com\/portal\/wp-json\/wp\/v2\/categories?post=214624"},{"taxonomy":"post_tag","embeddable":true,"href":"https:\/\/potenciaradiofonicadominicana.com\/portal\/wp-json\/wp\/v2\/tags?post=214624"}],"curies":[{"name":"wp","href":"https:\/\/api.w.org\/{rel}","templated":true}]}}