{"id":214611,"date":"2026-04-08T20:21:51","date_gmt":"2026-04-09T00:21:51","guid":{"rendered":"https:\/\/potenciaradiofonicadominicana.com\/portal\/?p=214611"},"modified":"2026-04-08T20:21:51","modified_gmt":"2026-04-09T00:21:51","slug":"konnor-griffin-pacta-con-los-piratas-por-9-anos-y-140-millones-de-dolares","status":"publish","type":"post","link":"https:\/\/potenciaradiofonicadominicana.com\/portal\/konnor-griffin-pacta-con-los-piratas-por-9-anos-y-140-millones-de-dolares\/","title":{"rendered":"Konnor Griffin pacta con los Piratas por 9 a\u00f1os y 140 millones de d\u00f3lares"},"content":{"rendered":"<p><a href=\"https:\/\/potenciaradiofonicadominicana.com\/portal\/wp-content\/uploads\/2026\/04\/259616d4194aa2df7d6c3d9d8e049846.webp\"><img loading=\"lazy\" decoding=\"async\" class=\"alignnone size-full wp-image-214612\" src=\"https:\/\/potenciaradiofonicadominicana.com\/portal\/wp-content\/uploads\/2026\/04\/259616d4194aa2df7d6c3d9d8e049846.webp\" alt=\"\" width=\"1242\" height=\"828\" srcset=\"https:\/\/potenciaradiofonicadominicana.com\/portal\/wp-content\/uploads\/2026\/04\/259616d4194aa2df7d6c3d9d8e049846.webp 1242w, https:\/\/potenciaradiofonicadominicana.com\/portal\/wp-content\/uploads\/2026\/04\/259616d4194aa2df7d6c3d9d8e049846-300x200.webp 300w, https:\/\/potenciaradiofonicadominicana.com\/portal\/wp-content\/uploads\/2026\/04\/259616d4194aa2df7d6c3d9d8e049846-1024x683.webp 1024w, https:\/\/potenciaradiofonicadominicana.com\/portal\/wp-content\/uploads\/2026\/04\/259616d4194aa2df7d6c3d9d8e049846-768x512.webp 768w\" sizes=\"auto, (max-width: 1242px) 100vw, 1242px\" \/><\/a><\/p>\n<p id=\"m60256-60255-60257\">Konnor Griffin estar\u00e1 con los Piratas de Pittsburgh para largo.<\/p>\n<p id=\"m60261-60260-60262\">El campocorto de 19 a\u00f1os acord\u00f3 un contrato de nueve a\u00f1os y 140 millones de d\u00f3lares con los Pirates a primera hora del mi\u00e9rcoles, menos de una semana despu\u00e9s de que el pelotero tomado en la primera ronda del draft debutara en las Grandes Ligas.<\/p>\n<p id=\"m60266-60265-60267\">Se trata del acuerdo m\u00e1s grande en la historia del club e incluye incrementos que podr\u00edan elevar el valor total a 150 millones de d\u00f3lares.<\/p>\n<p id=\"m60276-60275-60277\">El acuerdo se produjo menos de 24 horas despu\u00e9s de que el gerente general Ben Cherington se\u00f1alara que estaban dadas las \u201ccondiciones\u201d para un pacto a largo plazo.<\/p>\n<p id=\"m60281-60280-60282\">Los Piratas seleccionaron a Griffin con la novena elecci\u00f3n global en el draft amateur de 2024. Avanz\u00f3 a toda velocidad por el sistema de ligas menores del equipo, bateando para .333 con 21 jonrones, 94 carreras impulsadas y 65 bases robadas. Fue uno de los \u00faltimos recortes durante los entrenamientos de primavera el mes pasado, y su estancia en la sucursal de Triple A en Indian\u00e1polis fue breve.<\/p>\n<p id=\"m60286-60285-60287\">Pittsburgh subi\u00f3 a Griffin a las Grandes Ligas despu\u00e9s de apenas una semana, y ha jugado bien en sus primeros pocos partidos. Griffin conect\u00f3 un doble impulsor en su primer turno al bate en las mayores contra Baltimore el viernes pasado, y sum\u00f3 un par de hits, incluido un sencillo de dos carreras, en una victoria 7-1 sobre San Diego la noche del martes que ayud\u00f3 a los Piratas a conseguir su sexta victoria en siete juegos.<\/p>\n<p id=\"m60291-60290-60292\">Griffin, quien ha dicho repetidamente que quiere quedarse en Pittsburgh el mayor tiempo posible, ha impresionado a sus compa\u00f1eros por su madurez y su versatilidad.<\/p>\n<p id=\"m60296-60295-60297\">El as Paul Skenes, vigente ganador del Cy Young de la Liga Nacional, calific\u00f3 a Griffin como \u201cun jugador de Grandes Ligas de pies a cabeza\u201d, aunque Griffin hace todo lo posible por ignorar la atenci\u00f3n que ha rodeado su llegada a un equipo que intenta volver a ser relevante y poner fin a una sequ\u00eda de playoffs que ya supera la d\u00e9cada.<\/p>\n<p id=\"m60301-60300-60302\">\u201cSimplemente me mantengo siendo yo mismo, sin intentar hacer demasiado. Solo dejo que el juego me diga cu\u00e1l es la situaci\u00f3n. Competir lanzamiento a lanzamiento y dejar que todo suceda\u201d, expres\u00f3 Griffin la noche del martes.<\/p>\n","protected":false},"excerpt":{"rendered":"<p>Konnor Griffin estar\u00e1 con los Piratas de Pittsburgh para largo. El campocorto de 19 a\u00f1os acord\u00f3 un contrato de nueve &#8230;<\/p>\n","protected":false},"author":2,"featured_media":214612,"comment_status":"closed","ping_status":"closed","sticky":false,"template":"","format":"standard","meta":{"footnotes":""},"categories":[28],"tags":[],"class_list":["post-214611","post","type-post","status-publish","format-standard","has-post-thumbnail","hentry","category-deportes"],"yoast_head":"<!-- This site is optimized with the Yoast SEO plugin v24.8.1 - https:\/\/yoast.com\/wordpress\/plugins\/seo\/ -->\n<title>Konnor Griffin pacta con los Piratas por 9 a\u00f1os y 140 millones de d\u00f3lares - PotenciaRadiofonicaDominicana.com<\/title>\n<meta name=\"robots\" content=\"index, follow, max-snippet:-1, max-image-preview:large, max-video-preview:-1\" \/>\n<link rel=\"canonical\" href=\"https:\/\/potenciaradiofonicadominicana.com\/portal\/konnor-griffin-pacta-con-los-piratas-por-9-anos-y-140-millones-de-dolares\/\" \/>\n<meta property=\"og:locale\" content=\"es_ES\" \/>\n<meta property=\"og:type\" content=\"article\" \/>\n<meta property=\"og:title\" content=\"Konnor Griffin pacta con los Piratas por 9 a\u00f1os y 140 millones de d\u00f3lares - PotenciaRadiofonicaDominicana.com\" \/>\n<meta property=\"og:description\" content=\"Konnor Griffin estar\u00e1 con los Piratas de Pittsburgh para largo. El campocorto de 19 a\u00f1os acord\u00f3 un contrato de nueve ...\" \/>\n<meta property=\"og:url\" content=\"https:\/\/potenciaradiofonicadominicana.com\/portal\/konnor-griffin-pacta-con-los-piratas-por-9-anos-y-140-millones-de-dolares\/\" \/>\n<meta property=\"og:site_name\" content=\"PotenciaRadiofonicaDominicana.com\" \/>\n<meta property=\"article:publisher\" content=\"https:\/\/web.facebook.com\/PotenciaRadiofonicaD\" \/>\n<meta property=\"article:published_time\" content=\"2026-04-09T00:21:51+00:00\" \/>\n<meta property=\"og:image\" content=\"https:\/\/potenciaradiofonicadominicana.com\/portal\/wp-content\/uploads\/2026\/04\/259616d4194aa2df7d6c3d9d8e049846.webp\" \/>\n\t<meta property=\"og:image:width\" content=\"1242\" \/>\n\t<meta property=\"og:image:height\" content=\"828\" \/>\n\t<meta property=\"og:image:type\" content=\"image\/webp\" \/>\n<meta name=\"author\" content=\"Potencia Radiof\u00f3nica Dominicana\" \/>\n<meta name=\"twitter:card\" content=\"summary_large_image\" \/>\n<meta name=\"twitter:label1\" content=\"Escrito por\" \/>\n\t<meta name=\"twitter:data1\" content=\"Potencia Radiof\u00f3nica Dominicana\" \/>\n\t<meta name=\"twitter:label2\" content=\"Tiempo de lectura\" \/>\n\t<meta name=\"twitter:data2\" content=\"3 minutos\" \/>\n<script type=\"application\/ld+json\" class=\"yoast-schema-graph\">{\"@context\":\"https:\/\/schema.org\",\"@graph\":[{\"@type\":\"Article\",\"@id\":\"https:\/\/potenciaradiofonicadominicana.com\/portal\/konnor-griffin-pacta-con-los-piratas-por-9-anos-y-140-millones-de-dolares\/#article\",\"isPartOf\":{\"@id\":\"https:\/\/potenciaradiofonicadominicana.com\/portal\/konnor-griffin-pacta-con-los-piratas-por-9-anos-y-140-millones-de-dolares\/\"},\"author\":{\"name\":\"Potencia Radiof\u00f3nica Dominicana\",\"@id\":\"https:\/\/potenciaradiofonicadominicana.com\/portal\/#\/schema\/person\/a5cf1fea13877803ee0573ac18b03490\"},\"headline\":\"Konnor Griffin pacta con los Piratas por 9 a\u00f1os y 140 millones de d\u00f3lares\",\"datePublished\":\"2026-04-09T00:21:51+00:00\",\"mainEntityOfPage\":{\"@id\":\"https:\/\/potenciaradiofonicadominicana.com\/portal\/konnor-griffin-pacta-con-los-piratas-por-9-anos-y-140-millones-de-dolares\/\"},\"wordCount\":401,\"publisher\":{\"@id\":\"https:\/\/potenciaradiofonicadominicana.com\/portal\/#organization\"},\"image\":{\"@id\":\"https:\/\/potenciaradiofonicadominicana.com\/portal\/konnor-griffin-pacta-con-los-piratas-por-9-anos-y-140-millones-de-dolares\/#primaryimage\"},\"thumbnailUrl\":\"https:\/\/potenciaradiofonicadominicana.com\/portal\/wp-content\/uploads\/2026\/04\/259616d4194aa2df7d6c3d9d8e049846.webp\",\"articleSection\":[\"Deportes\"],\"inLanguage\":\"es\"},{\"@type\":\"WebPage\",\"@id\":\"https:\/\/potenciaradiofonicadominicana.com\/portal\/konnor-griffin-pacta-con-los-piratas-por-9-anos-y-140-millones-de-dolares\/\",\"url\":\"https:\/\/potenciaradiofonicadominicana.com\/portal\/konnor-griffin-pacta-con-los-piratas-por-9-anos-y-140-millones-de-dolares\/\",\"name\":\"Konnor Griffin pacta con los Piratas por 9 a\u00f1os y 140 millones de d\u00f3lares - PotenciaRadiofonicaDominicana.com\",\"isPartOf\":{\"@id\":\"https:\/\/potenciaradiofonicadominicana.com\/portal\/#website\"},\"primaryImageOfPage\":{\"@id\":\"https:\/\/potenciaradiofonicadominicana.com\/portal\/konnor-griffin-pacta-con-los-piratas-por-9-anos-y-140-millones-de-dolares\/#primaryimage\"},\"image\":{\"@id\":\"https:\/\/potenciaradiofonicadominicana.com\/portal\/konnor-griffin-pacta-con-los-piratas-por-9-anos-y-140-millones-de-dolares\/#primaryimage\"},\"thumbnailUrl\":\"https:\/\/potenciaradiofonicadominicana.com\/portal\/wp-content\/uploads\/2026\/04\/259616d4194aa2df7d6c3d9d8e049846.webp\",\"datePublished\":\"2026-04-09T00:21:51+00:00\",\"breadcrumb\":{\"@id\":\"https:\/\/potenciaradiofonicadominicana.com\/portal\/konnor-griffin-pacta-con-los-piratas-por-9-anos-y-140-millones-de-dolares\/#breadcrumb\"},\"inLanguage\":\"es\",\"potentialAction\":[{\"@type\":\"ReadAction\",\"target\":[\"https:\/\/potenciaradiofonicadominicana.com\/portal\/konnor-griffin-pacta-con-los-piratas-por-9-anos-y-140-millones-de-dolares\/\"]}]},{\"@type\":\"ImageObject\",\"inLanguage\":\"es\",\"@id\":\"https:\/\/potenciaradiofonicadominicana.com\/portal\/konnor-griffin-pacta-con-los-piratas-por-9-anos-y-140-millones-de-dolares\/#primaryimage\",\"url\":\"https:\/\/potenciaradiofonicadominicana.com\/portal\/wp-content\/uploads\/2026\/04\/259616d4194aa2df7d6c3d9d8e049846.webp\",\"contentUrl\":\"https:\/\/potenciaradiofonicadominicana.com\/portal\/wp-content\/uploads\/2026\/04\/259616d4194aa2df7d6c3d9d8e049846.webp\",\"width\":1242,\"height\":828},{\"@type\":\"BreadcrumbList\",\"@id\":\"https:\/\/potenciaradiofonicadominicana.com\/portal\/konnor-griffin-pacta-con-los-piratas-por-9-anos-y-140-millones-de-dolares\/#breadcrumb\",\"itemListElement\":[{\"@type\":\"ListItem\",\"position\":1,\"name\":\"Portada\",\"item\":\"https:\/\/potenciaradiofonicadominicana.com\/portal\/\"},{\"@type\":\"ListItem\",\"position\":2,\"name\":\"Konnor Griffin pacta con los Piratas por 9 a\u00f1os y 140 millones de d\u00f3lares\"}]},{\"@type\":\"WebSite\",\"@id\":\"https:\/\/potenciaradiofonicadominicana.com\/portal\/#website\",\"url\":\"https:\/\/potenciaradiofonicadominicana.com\/portal\/\",\"name\":\"PotenciaRadiofonicaDominicana.com\",\"description\":\"Peri\u00f3dico Digital\",\"publisher\":{\"@id\":\"https:\/\/potenciaradiofonicadominicana.com\/portal\/#organization\"},\"potentialAction\":[{\"@type\":\"SearchAction\",\"target\":{\"@type\":\"EntryPoint\",\"urlTemplate\":\"https:\/\/potenciaradiofonicadominicana.com\/portal\/?s={search_term_string}\"},\"query-input\":{\"@type\":\"PropertyValueSpecification\",\"valueRequired\":true,\"valueName\":\"search_term_string\"}}],\"inLanguage\":\"es\"},{\"@type\":\"Organization\",\"@id\":\"https:\/\/potenciaradiofonicadominicana.com\/portal\/#organization\",\"name\":\"PotenciaRadiofonicaDominicana.com\",\"url\":\"https:\/\/potenciaradiofonicadominicana.com\/portal\/\",\"logo\":{\"@type\":\"ImageObject\",\"inLanguage\":\"es\",\"@id\":\"https:\/\/potenciaradiofonicadominicana.com\/portal\/#\/schema\/logo\/image\/\",\"url\":\"https:\/\/potenciaradiofonicadominicana.com\/portal\/wp-content\/uploads\/2022\/01\/descarga.png\",\"contentUrl\":\"https:\/\/potenciaradiofonicadominicana.com\/portal\/wp-content\/uploads\/2022\/01\/descarga.png\",\"width\":300,\"height\":100,\"caption\":\"PotenciaRadiofonicaDominicana.com\"},\"image\":{\"@id\":\"https:\/\/potenciaradiofonicadominicana.com\/portal\/#\/schema\/logo\/image\/\"},\"sameAs\":[\"https:\/\/web.facebook.com\/PotenciaRadiofonicaD\"]},{\"@type\":\"Person\",\"@id\":\"https:\/\/potenciaradiofonicadominicana.com\/portal\/#\/schema\/person\/a5cf1fea13877803ee0573ac18b03490\",\"name\":\"Potencia Radiof\u00f3nica Dominicana\",\"image\":{\"@type\":\"ImageObject\",\"inLanguage\":\"es\",\"@id\":\"https:\/\/potenciaradiofonicadominicana.com\/portal\/#\/schema\/person\/image\/\",\"url\":\"https:\/\/secure.gravatar.com\/avatar\/42a55ab9e8ccc656ba34cd791990602a?s=96&d=mm&r=g\",\"contentUrl\":\"https:\/\/secure.gravatar.com\/avatar\/42a55ab9e8ccc656ba34cd791990602a?s=96&d=mm&r=g\",\"caption\":\"Potencia Radiof\u00f3nica Dominicana\"},\"url\":\"https:\/\/potenciaradiofonicadominicana.com\/portal\/author\/johannyalmanzar\/\"}]}<\/script>\n<!-- \/ Yoast SEO plugin. -->","yoast_head_json":{"title":"Konnor Griffin pacta con los Piratas por 9 a\u00f1os y 140 millones de d\u00f3lares - PotenciaRadiofonicaDominicana.com","robots":{"index":"index","follow":"follow","max-snippet":"max-snippet:-1","max-image-preview":"max-image-preview:large","max-video-preview":"max-video-preview:-1"},"canonical":"https:\/\/potenciaradiofonicadominicana.com\/portal\/konnor-griffin-pacta-con-los-piratas-por-9-anos-y-140-millones-de-dolares\/","og_locale":"es_ES","og_type":"article","og_title":"Konnor Griffin pacta con los Piratas por 9 a\u00f1os y 140 millones de d\u00f3lares - PotenciaRadiofonicaDominicana.com","og_description":"Konnor Griffin estar\u00e1 con los Piratas de Pittsburgh para largo. El campocorto de 19 a\u00f1os acord\u00f3 un contrato de nueve ...","og_url":"https:\/\/potenciaradiofonicadominicana.com\/portal\/konnor-griffin-pacta-con-los-piratas-por-9-anos-y-140-millones-de-dolares\/","og_site_name":"PotenciaRadiofonicaDominicana.com","article_publisher":"https:\/\/web.facebook.com\/PotenciaRadiofonicaD","article_published_time":"2026-04-09T00:21:51+00:00","og_image":[{"width":1242,"height":828,"url":"https:\/\/potenciaradiofonicadominicana.com\/portal\/wp-content\/uploads\/2026\/04\/259616d4194aa2df7d6c3d9d8e049846.webp","type":"image\/webp"}],"author":"Potencia Radiof\u00f3nica Dominicana","twitter_card":"summary_large_image","twitter_misc":{"Escrito por":"Potencia Radiof\u00f3nica Dominicana","Tiempo de lectura":"3 minutos"},"schema":{"@context":"https:\/\/schema.org","@graph":[{"@type":"Article","@id":"https:\/\/potenciaradiofonicadominicana.com\/portal\/konnor-griffin-pacta-con-los-piratas-por-9-anos-y-140-millones-de-dolares\/#article","isPartOf":{"@id":"https:\/\/potenciaradiofonicadominicana.com\/portal\/konnor-griffin-pacta-con-los-piratas-por-9-anos-y-140-millones-de-dolares\/"},"author":{"name":"Potencia Radiof\u00f3nica Dominicana","@id":"https:\/\/potenciaradiofonicadominicana.com\/portal\/#\/schema\/person\/a5cf1fea13877803ee0573ac18b03490"},"headline":"Konnor Griffin pacta con los Piratas por 9 a\u00f1os y 140 millones de d\u00f3lares","datePublished":"2026-04-09T00:21:51+00:00","mainEntityOfPage":{"@id":"https:\/\/potenciaradiofonicadominicana.com\/portal\/konnor-griffin-pacta-con-los-piratas-por-9-anos-y-140-millones-de-dolares\/"},"wordCount":401,"publisher":{"@id":"https:\/\/potenciaradiofonicadominicana.com\/portal\/#organization"},"image":{"@id":"https:\/\/potenciaradiofonicadominicana.com\/portal\/konnor-griffin-pacta-con-los-piratas-por-9-anos-y-140-millones-de-dolares\/#primaryimage"},"thumbnailUrl":"https:\/\/potenciaradiofonicadominicana.com\/portal\/wp-content\/uploads\/2026\/04\/259616d4194aa2df7d6c3d9d8e049846.webp","articleSection":["Deportes"],"inLanguage":"es"},{"@type":"WebPage","@id":"https:\/\/potenciaradiofonicadominicana.com\/portal\/konnor-griffin-pacta-con-los-piratas-por-9-anos-y-140-millones-de-dolares\/","url":"https:\/\/potenciaradiofonicadominicana.com\/portal\/konnor-griffin-pacta-con-los-piratas-por-9-anos-y-140-millones-de-dolares\/","name":"Konnor Griffin pacta con los Piratas por 9 a\u00f1os y 140 millones de d\u00f3lares - PotenciaRadiofonicaDominicana.com","isPartOf":{"@id":"https:\/\/potenciaradiofonicadominicana.com\/portal\/#website"},"primaryImageOfPage":{"@id":"https:\/\/potenciaradiofonicadominicana.com\/portal\/konnor-griffin-pacta-con-los-piratas-por-9-anos-y-140-millones-de-dolares\/#primaryimage"},"image":{"@id":"https:\/\/potenciaradiofonicadominicana.com\/portal\/konnor-griffin-pacta-con-los-piratas-por-9-anos-y-140-millones-de-dolares\/#primaryimage"},"thumbnailUrl":"https:\/\/potenciaradiofonicadominicana.com\/portal\/wp-content\/uploads\/2026\/04\/259616d4194aa2df7d6c3d9d8e049846.webp","datePublished":"2026-04-09T00:21:51+00:00","breadcrumb":{"@id":"https:\/\/potenciaradiofonicadominicana.com\/portal\/konnor-griffin-pacta-con-los-piratas-por-9-anos-y-140-millones-de-dolares\/#breadcrumb"},"inLanguage":"es","potentialAction":[{"@type":"ReadAction","target":["https:\/\/potenciaradiofonicadominicana.com\/portal\/konnor-griffin-pacta-con-los-piratas-por-9-anos-y-140-millones-de-dolares\/"]}]},{"@type":"ImageObject","inLanguage":"es","@id":"https:\/\/potenciaradiofonicadominicana.com\/portal\/konnor-griffin-pacta-con-los-piratas-por-9-anos-y-140-millones-de-dolares\/#primaryimage","url":"https:\/\/potenciaradiofonicadominicana.com\/portal\/wp-content\/uploads\/2026\/04\/259616d4194aa2df7d6c3d9d8e049846.webp","contentUrl":"https:\/\/potenciaradiofonicadominicana.com\/portal\/wp-content\/uploads\/2026\/04\/259616d4194aa2df7d6c3d9d8e049846.webp","width":1242,"height":828},{"@type":"BreadcrumbList","@id":"https:\/\/potenciaradiofonicadominicana.com\/portal\/konnor-griffin-pacta-con-los-piratas-por-9-anos-y-140-millones-de-dolares\/#breadcrumb","itemListElement":[{"@type":"ListItem","position":1,"name":"Portada","item":"https:\/\/potenciaradiofonicadominicana.com\/portal\/"},{"@type":"ListItem","position":2,"name":"Konnor Griffin pacta con los Piratas por 9 a\u00f1os y 140 millones de d\u00f3lares"}]},{"@type":"WebSite","@id":"https:\/\/potenciaradiofonicadominicana.com\/portal\/#website","url":"https:\/\/potenciaradiofonicadominicana.com\/portal\/","name":"PotenciaRadiofonicaDominicana.com","description":"Peri\u00f3dico Digital","publisher":{"@id":"https:\/\/potenciaradiofonicadominicana.com\/portal\/#organization"},"potentialAction":[{"@type":"SearchAction","target":{"@type":"EntryPoint","urlTemplate":"https:\/\/potenciaradiofonicadominicana.com\/portal\/?s={search_term_string}"},"query-input":{"@type":"PropertyValueSpecification","valueRequired":true,"valueName":"search_term_string"}}],"inLanguage":"es"},{"@type":"Organization","@id":"https:\/\/potenciaradiofonicadominicana.com\/portal\/#organization","name":"PotenciaRadiofonicaDominicana.com","url":"https:\/\/potenciaradiofonicadominicana.com\/portal\/","logo":{"@type":"ImageObject","inLanguage":"es","@id":"https:\/\/potenciaradiofonicadominicana.com\/portal\/#\/schema\/logo\/image\/","url":"https:\/\/potenciaradiofonicadominicana.com\/portal\/wp-content\/uploads\/2022\/01\/descarga.png","contentUrl":"https:\/\/potenciaradiofonicadominicana.com\/portal\/wp-content\/uploads\/2022\/01\/descarga.png","width":300,"height":100,"caption":"PotenciaRadiofonicaDominicana.com"},"image":{"@id":"https:\/\/potenciaradiofonicadominicana.com\/portal\/#\/schema\/logo\/image\/"},"sameAs":["https:\/\/web.facebook.com\/PotenciaRadiofonicaD"]},{"@type":"Person","@id":"https:\/\/potenciaradiofonicadominicana.com\/portal\/#\/schema\/person\/a5cf1fea13877803ee0573ac18b03490","name":"Potencia Radiof\u00f3nica Dominicana","image":{"@type":"ImageObject","inLanguage":"es","@id":"https:\/\/potenciaradiofonicadominicana.com\/portal\/#\/schema\/person\/image\/","url":"https:\/\/secure.gravatar.com\/avatar\/42a55ab9e8ccc656ba34cd791990602a?s=96&d=mm&r=g","contentUrl":"https:\/\/secure.gravatar.com\/avatar\/42a55ab9e8ccc656ba34cd791990602a?s=96&d=mm&r=g","caption":"Potencia Radiof\u00f3nica Dominicana"},"url":"https:\/\/potenciaradiofonicadominicana.com\/portal\/author\/johannyalmanzar\/"}]}},"_links":{"self":[{"href":"https:\/\/potenciaradiofonicadominicana.com\/portal\/wp-json\/wp\/v2\/posts\/214611","targetHints":{"allow":["GET"]}}],"collection":[{"href":"https:\/\/potenciaradiofonicadominicana.com\/portal\/wp-json\/wp\/v2\/posts"}],"about":[{"href":"https:\/\/potenciaradiofonicadominicana.com\/portal\/wp-json\/wp\/v2\/types\/post"}],"author":[{"embeddable":true,"href":"https:\/\/potenciaradiofonicadominicana.com\/portal\/wp-json\/wp\/v2\/users\/2"}],"replies":[{"embeddable":true,"href":"https:\/\/potenciaradiofonicadominicana.com\/portal\/wp-json\/wp\/v2\/comments?post=214611"}],"version-history":[{"count":1,"href":"https:\/\/potenciaradiofonicadominicana.com\/portal\/wp-json\/wp\/v2\/posts\/214611\/revisions"}],"predecessor-version":[{"id":214613,"href":"https:\/\/potenciaradiofonicadominicana.com\/portal\/wp-json\/wp\/v2\/posts\/214611\/revisions\/214613"}],"wp:featuredmedia":[{"embeddable":true,"href":"https:\/\/potenciaradiofonicadominicana.com\/portal\/wp-json\/wp\/v2\/media\/214612"}],"wp:attachment":[{"href":"https:\/\/potenciaradiofonicadominicana.com\/portal\/wp-json\/wp\/v2\/media?parent=214611"}],"wp:term":[{"taxonomy":"category","embeddable":true,"href":"https:\/\/potenciaradiofonicadominicana.com\/portal\/wp-json\/wp\/v2\/categories?post=214611"},{"taxonomy":"post_tag","embeddable":true,"href":"https:\/\/potenciaradiofonicadominicana.com\/portal\/wp-json\/wp\/v2\/tags?post=214611"}],"curies":[{"name":"wp","href":"https:\/\/api.w.org\/{rel}","templated":true}]}}