{"id":214596,"date":"2026-04-08T20:12:15","date_gmt":"2026-04-09T00:12:15","guid":{"rendered":"https:\/\/potenciaradiofonicadominicana.com\/portal\/?p=214596"},"modified":"2026-04-08T20:12:15","modified_gmt":"2026-04-09T00:12:15","slug":"marineros-colocan-a-victor-robles-en-lista-de-incapacitados-por-10-dias","status":"publish","type":"post","link":"https:\/\/potenciaradiofonicadominicana.com\/portal\/marineros-colocan-a-victor-robles-en-lista-de-incapacitados-por-10-dias\/","title":{"rendered":"Marineros colocan a V\u00edctor Robles en lista de incapacitados por 10 d\u00edas"},"content":{"rendered":"<p><a href=\"https:\/\/potenciaradiofonicadominicana.com\/portal\/wp-content\/uploads\/2026\/04\/lowe0tkhftbxrwopa0rt.jpg\"><img loading=\"lazy\" decoding=\"async\" class=\"alignnone size-full wp-image-214597\" src=\"https:\/\/potenciaradiofonicadominicana.com\/portal\/wp-content\/uploads\/2026\/04\/lowe0tkhftbxrwopa0rt.jpg\" alt=\"\" width=\"1536\" height=\"768\" srcset=\"https:\/\/potenciaradiofonicadominicana.com\/portal\/wp-content\/uploads\/2026\/04\/lowe0tkhftbxrwopa0rt.jpg 1536w, https:\/\/potenciaradiofonicadominicana.com\/portal\/wp-content\/uploads\/2026\/04\/lowe0tkhftbxrwopa0rt-300x150.jpg 300w, https:\/\/potenciaradiofonicadominicana.com\/portal\/wp-content\/uploads\/2026\/04\/lowe0tkhftbxrwopa0rt-1024x512.jpg 1024w, https:\/\/potenciaradiofonicadominicana.com\/portal\/wp-content\/uploads\/2026\/04\/lowe0tkhftbxrwopa0rt-768x384.jpg 768w\" sizes=\"auto, (max-width: 1536px) 100vw, 1536px\" \/><\/a><\/p>\n<p id=\"tw-target-text\">El mi\u00e9rcoles por la tarde, los Marineros anunciaron varios movimientos en su plantilla, incluyendo el del jardinero dominicano V\u00edctor Robles, quien pasar\u00e1 a la lista de lesionados de 10 d\u00edas debido a una distensi\u00f3n en el pectoral derecho.<\/p>\n<p id=\"tw-target-text\">Robles ha participado en varios partidos esta temporada, donde no ha tenido un desempe\u00f1o destacado, con un promedio de bateo de .231, tres hits y una carrera impulsada.<\/p>\n<p>Para ocupar el puesto del jugador de 28 a\u00f1os en la plantilla, Seattle ha ascendido a Connor Joe de su filial Triple-A, los Tacoma Rainiers. Durante su tiempo con Tacoma esta temporada, Joe tiene un promedio de bateo de .235 con un jonr\u00f3n y cuatro carreras impulsadas en sus nueve apariciones.<\/p>\n<p id=\"tw-target-text\">Si bien ser\u00e1 la primera aparici\u00f3n de Joe con los Mariners, no ser\u00e1 su primera vez en las Grandes Ligas, ya que ha participado en m\u00e1s de 480 partidos, alternando su tiempo con los Gigantes de San Francisco, los Rockies de Colorado, los Piratas de Pittsburgh, los Padres de San Diego y los Rojos de Cincinnati a lo largo de sus seis a\u00f1os de carrera.<\/p>\n<p>Los Marineros de Seattle han tenido un comienzo dif\u00edcil en 2026, consiguiendo solo cuatro victorias en sus primeros 12 partidos. Si bien esto puede atribuirse a varios factores, incluyendo la falta de ritmo de su ofensiva, ya que Seattle registra el promedio de bateo m\u00e1s bajo de la liga con .187, existe otra raz\u00f3n: las lesiones.<\/p>\n<p id=\"tw-target-text\">Al inicio de la temporada, los Marineros no contaron con su jugador de cuadro J.P. Crawford, quien estuvo de baja por una inflamaci\u00f3n en el hombro derecho, lo que le impidi\u00f3 jugar los primeros ocho partidos del a\u00f1o. Esta ausencia dej\u00f3 un vac\u00edo en la ofensiva de Seattle, ya que Crawford fue muy consistente en 2025, cuando registr\u00f3 una l\u00ednea de .265\/.352\/.370 camino a una aparici\u00f3n en la Serie Mundial.<\/p>\n","protected":false},"excerpt":{"rendered":"<p>El mi\u00e9rcoles por la tarde, los Marineros anunciaron varios movimientos en su plantilla, incluyendo el del jardinero dominicano V\u00edctor Robles, &#8230;<\/p>\n","protected":false},"author":2,"featured_media":214597,"comment_status":"closed","ping_status":"closed","sticky":false,"template":"","format":"standard","meta":{"footnotes":""},"categories":[28],"tags":[],"class_list":["post-214596","post","type-post","status-publish","format-standard","has-post-thumbnail","hentry","category-deportes"],"yoast_head":"<!-- This site is optimized with the Yoast SEO plugin v24.8.1 - https:\/\/yoast.com\/wordpress\/plugins\/seo\/ -->\n<title>Marineros colocan a V\u00edctor Robles en lista de incapacitados por 10 d\u00edas - PotenciaRadiofonicaDominicana.com<\/title>\n<meta name=\"robots\" content=\"index, follow, max-snippet:-1, max-image-preview:large, max-video-preview:-1\" \/>\n<link rel=\"canonical\" href=\"https:\/\/potenciaradiofonicadominicana.com\/portal\/marineros-colocan-a-victor-robles-en-lista-de-incapacitados-por-10-dias\/\" \/>\n<meta property=\"og:locale\" content=\"es_ES\" \/>\n<meta property=\"og:type\" content=\"article\" \/>\n<meta property=\"og:title\" content=\"Marineros colocan a V\u00edctor Robles en lista de incapacitados por 10 d\u00edas - PotenciaRadiofonicaDominicana.com\" \/>\n<meta property=\"og:description\" content=\"El mi\u00e9rcoles por la tarde, los Marineros anunciaron varios movimientos en su plantilla, incluyendo el del jardinero dominicano V\u00edctor Robles, ...\" \/>\n<meta property=\"og:url\" content=\"https:\/\/potenciaradiofonicadominicana.com\/portal\/marineros-colocan-a-victor-robles-en-lista-de-incapacitados-por-10-dias\/\" \/>\n<meta property=\"og:site_name\" content=\"PotenciaRadiofonicaDominicana.com\" \/>\n<meta property=\"article:publisher\" content=\"https:\/\/web.facebook.com\/PotenciaRadiofonicaD\" \/>\n<meta property=\"article:published_time\" content=\"2026-04-09T00:12:15+00:00\" \/>\n<meta property=\"og:image\" content=\"https:\/\/potenciaradiofonicadominicana.com\/portal\/wp-content\/uploads\/2026\/04\/lowe0tkhftbxrwopa0rt.jpg\" \/>\n\t<meta property=\"og:image:width\" content=\"1536\" \/>\n\t<meta property=\"og:image:height\" content=\"768\" \/>\n\t<meta property=\"og:image:type\" content=\"image\/jpeg\" \/>\n<meta name=\"author\" content=\"Potencia Radiof\u00f3nica Dominicana\" \/>\n<meta name=\"twitter:card\" content=\"summary_large_image\" \/>\n<meta name=\"twitter:label1\" content=\"Escrito por\" \/>\n\t<meta name=\"twitter:data1\" content=\"Potencia Radiof\u00f3nica Dominicana\" \/>\n\t<meta name=\"twitter:label2\" content=\"Tiempo de lectura\" \/>\n\t<meta name=\"twitter:data2\" content=\"2 minutos\" \/>\n<script type=\"application\/ld+json\" class=\"yoast-schema-graph\">{\"@context\":\"https:\/\/schema.org\",\"@graph\":[{\"@type\":\"Article\",\"@id\":\"https:\/\/potenciaradiofonicadominicana.com\/portal\/marineros-colocan-a-victor-robles-en-lista-de-incapacitados-por-10-dias\/#article\",\"isPartOf\":{\"@id\":\"https:\/\/potenciaradiofonicadominicana.com\/portal\/marineros-colocan-a-victor-robles-en-lista-de-incapacitados-por-10-dias\/\"},\"author\":{\"name\":\"Potencia Radiof\u00f3nica Dominicana\",\"@id\":\"https:\/\/potenciaradiofonicadominicana.com\/portal\/#\/schema\/person\/a5cf1fea13877803ee0573ac18b03490\"},\"headline\":\"Marineros colocan a V\u00edctor Robles en lista de incapacitados por 10 d\u00edas\",\"datePublished\":\"2026-04-09T00:12:15+00:00\",\"mainEntityOfPage\":{\"@id\":\"https:\/\/potenciaradiofonicadominicana.com\/portal\/marineros-colocan-a-victor-robles-en-lista-de-incapacitados-por-10-dias\/\"},\"wordCount\":330,\"publisher\":{\"@id\":\"https:\/\/potenciaradiofonicadominicana.com\/portal\/#organization\"},\"image\":{\"@id\":\"https:\/\/potenciaradiofonicadominicana.com\/portal\/marineros-colocan-a-victor-robles-en-lista-de-incapacitados-por-10-dias\/#primaryimage\"},\"thumbnailUrl\":\"https:\/\/potenciaradiofonicadominicana.com\/portal\/wp-content\/uploads\/2026\/04\/lowe0tkhftbxrwopa0rt.jpg\",\"articleSection\":[\"Deportes\"],\"inLanguage\":\"es\"},{\"@type\":\"WebPage\",\"@id\":\"https:\/\/potenciaradiofonicadominicana.com\/portal\/marineros-colocan-a-victor-robles-en-lista-de-incapacitados-por-10-dias\/\",\"url\":\"https:\/\/potenciaradiofonicadominicana.com\/portal\/marineros-colocan-a-victor-robles-en-lista-de-incapacitados-por-10-dias\/\",\"name\":\"Marineros colocan a V\u00edctor Robles en lista de incapacitados por 10 d\u00edas - PotenciaRadiofonicaDominicana.com\",\"isPartOf\":{\"@id\":\"https:\/\/potenciaradiofonicadominicana.com\/portal\/#website\"},\"primaryImageOfPage\":{\"@id\":\"https:\/\/potenciaradiofonicadominicana.com\/portal\/marineros-colocan-a-victor-robles-en-lista-de-incapacitados-por-10-dias\/#primaryimage\"},\"image\":{\"@id\":\"https:\/\/potenciaradiofonicadominicana.com\/portal\/marineros-colocan-a-victor-robles-en-lista-de-incapacitados-por-10-dias\/#primaryimage\"},\"thumbnailUrl\":\"https:\/\/potenciaradiofonicadominicana.com\/portal\/wp-content\/uploads\/2026\/04\/lowe0tkhftbxrwopa0rt.jpg\",\"datePublished\":\"2026-04-09T00:12:15+00:00\",\"breadcrumb\":{\"@id\":\"https:\/\/potenciaradiofonicadominicana.com\/portal\/marineros-colocan-a-victor-robles-en-lista-de-incapacitados-por-10-dias\/#breadcrumb\"},\"inLanguage\":\"es\",\"potentialAction\":[{\"@type\":\"ReadAction\",\"target\":[\"https:\/\/potenciaradiofonicadominicana.com\/portal\/marineros-colocan-a-victor-robles-en-lista-de-incapacitados-por-10-dias\/\"]}]},{\"@type\":\"ImageObject\",\"inLanguage\":\"es\",\"@id\":\"https:\/\/potenciaradiofonicadominicana.com\/portal\/marineros-colocan-a-victor-robles-en-lista-de-incapacitados-por-10-dias\/#primaryimage\",\"url\":\"https:\/\/potenciaradiofonicadominicana.com\/portal\/wp-content\/uploads\/2026\/04\/lowe0tkhftbxrwopa0rt.jpg\",\"contentUrl\":\"https:\/\/potenciaradiofonicadominicana.com\/portal\/wp-content\/uploads\/2026\/04\/lowe0tkhftbxrwopa0rt.jpg\",\"width\":1536,\"height\":768},{\"@type\":\"BreadcrumbList\",\"@id\":\"https:\/\/potenciaradiofonicadominicana.com\/portal\/marineros-colocan-a-victor-robles-en-lista-de-incapacitados-por-10-dias\/#breadcrumb\",\"itemListElement\":[{\"@type\":\"ListItem\",\"position\":1,\"name\":\"Portada\",\"item\":\"https:\/\/potenciaradiofonicadominicana.com\/portal\/\"},{\"@type\":\"ListItem\",\"position\":2,\"name\":\"Marineros colocan a V\u00edctor Robles en lista de incapacitados por 10 d\u00edas\"}]},{\"@type\":\"WebSite\",\"@id\":\"https:\/\/potenciaradiofonicadominicana.com\/portal\/#website\",\"url\":\"https:\/\/potenciaradiofonicadominicana.com\/portal\/\",\"name\":\"PotenciaRadiofonicaDominicana.com\",\"description\":\"Peri\u00f3dico Digital\",\"publisher\":{\"@id\":\"https:\/\/potenciaradiofonicadominicana.com\/portal\/#organization\"},\"potentialAction\":[{\"@type\":\"SearchAction\",\"target\":{\"@type\":\"EntryPoint\",\"urlTemplate\":\"https:\/\/potenciaradiofonicadominicana.com\/portal\/?s={search_term_string}\"},\"query-input\":{\"@type\":\"PropertyValueSpecification\",\"valueRequired\":true,\"valueName\":\"search_term_string\"}}],\"inLanguage\":\"es\"},{\"@type\":\"Organization\",\"@id\":\"https:\/\/potenciaradiofonicadominicana.com\/portal\/#organization\",\"name\":\"PotenciaRadiofonicaDominicana.com\",\"url\":\"https:\/\/potenciaradiofonicadominicana.com\/portal\/\",\"logo\":{\"@type\":\"ImageObject\",\"inLanguage\":\"es\",\"@id\":\"https:\/\/potenciaradiofonicadominicana.com\/portal\/#\/schema\/logo\/image\/\",\"url\":\"https:\/\/potenciaradiofonicadominicana.com\/portal\/wp-content\/uploads\/2022\/01\/descarga.png\",\"contentUrl\":\"https:\/\/potenciaradiofonicadominicana.com\/portal\/wp-content\/uploads\/2022\/01\/descarga.png\",\"width\":300,\"height\":100,\"caption\":\"PotenciaRadiofonicaDominicana.com\"},\"image\":{\"@id\":\"https:\/\/potenciaradiofonicadominicana.com\/portal\/#\/schema\/logo\/image\/\"},\"sameAs\":[\"https:\/\/web.facebook.com\/PotenciaRadiofonicaD\"]},{\"@type\":\"Person\",\"@id\":\"https:\/\/potenciaradiofonicadominicana.com\/portal\/#\/schema\/person\/a5cf1fea13877803ee0573ac18b03490\",\"name\":\"Potencia Radiof\u00f3nica Dominicana\",\"image\":{\"@type\":\"ImageObject\",\"inLanguage\":\"es\",\"@id\":\"https:\/\/potenciaradiofonicadominicana.com\/portal\/#\/schema\/person\/image\/\",\"url\":\"https:\/\/secure.gravatar.com\/avatar\/42a55ab9e8ccc656ba34cd791990602a?s=96&d=mm&r=g\",\"contentUrl\":\"https:\/\/secure.gravatar.com\/avatar\/42a55ab9e8ccc656ba34cd791990602a?s=96&d=mm&r=g\",\"caption\":\"Potencia Radiof\u00f3nica Dominicana\"},\"url\":\"https:\/\/potenciaradiofonicadominicana.com\/portal\/author\/johannyalmanzar\/\"}]}<\/script>\n<!-- \/ Yoast SEO plugin. -->","yoast_head_json":{"title":"Marineros colocan a V\u00edctor Robles en lista de incapacitados por 10 d\u00edas - PotenciaRadiofonicaDominicana.com","robots":{"index":"index","follow":"follow","max-snippet":"max-snippet:-1","max-image-preview":"max-image-preview:large","max-video-preview":"max-video-preview:-1"},"canonical":"https:\/\/potenciaradiofonicadominicana.com\/portal\/marineros-colocan-a-victor-robles-en-lista-de-incapacitados-por-10-dias\/","og_locale":"es_ES","og_type":"article","og_title":"Marineros colocan a V\u00edctor Robles en lista de incapacitados por 10 d\u00edas - PotenciaRadiofonicaDominicana.com","og_description":"El mi\u00e9rcoles por la tarde, los Marineros anunciaron varios movimientos en su plantilla, incluyendo el del jardinero dominicano V\u00edctor Robles, ...","og_url":"https:\/\/potenciaradiofonicadominicana.com\/portal\/marineros-colocan-a-victor-robles-en-lista-de-incapacitados-por-10-dias\/","og_site_name":"PotenciaRadiofonicaDominicana.com","article_publisher":"https:\/\/web.facebook.com\/PotenciaRadiofonicaD","article_published_time":"2026-04-09T00:12:15+00:00","og_image":[{"width":1536,"height":768,"url":"https:\/\/potenciaradiofonicadominicana.com\/portal\/wp-content\/uploads\/2026\/04\/lowe0tkhftbxrwopa0rt.jpg","type":"image\/jpeg"}],"author":"Potencia Radiof\u00f3nica Dominicana","twitter_card":"summary_large_image","twitter_misc":{"Escrito por":"Potencia Radiof\u00f3nica Dominicana","Tiempo de lectura":"2 minutos"},"schema":{"@context":"https:\/\/schema.org","@graph":[{"@type":"Article","@id":"https:\/\/potenciaradiofonicadominicana.com\/portal\/marineros-colocan-a-victor-robles-en-lista-de-incapacitados-por-10-dias\/#article","isPartOf":{"@id":"https:\/\/potenciaradiofonicadominicana.com\/portal\/marineros-colocan-a-victor-robles-en-lista-de-incapacitados-por-10-dias\/"},"author":{"name":"Potencia Radiof\u00f3nica Dominicana","@id":"https:\/\/potenciaradiofonicadominicana.com\/portal\/#\/schema\/person\/a5cf1fea13877803ee0573ac18b03490"},"headline":"Marineros colocan a V\u00edctor Robles en lista de incapacitados por 10 d\u00edas","datePublished":"2026-04-09T00:12:15+00:00","mainEntityOfPage":{"@id":"https:\/\/potenciaradiofonicadominicana.com\/portal\/marineros-colocan-a-victor-robles-en-lista-de-incapacitados-por-10-dias\/"},"wordCount":330,"publisher":{"@id":"https:\/\/potenciaradiofonicadominicana.com\/portal\/#organization"},"image":{"@id":"https:\/\/potenciaradiofonicadominicana.com\/portal\/marineros-colocan-a-victor-robles-en-lista-de-incapacitados-por-10-dias\/#primaryimage"},"thumbnailUrl":"https:\/\/potenciaradiofonicadominicana.com\/portal\/wp-content\/uploads\/2026\/04\/lowe0tkhftbxrwopa0rt.jpg","articleSection":["Deportes"],"inLanguage":"es"},{"@type":"WebPage","@id":"https:\/\/potenciaradiofonicadominicana.com\/portal\/marineros-colocan-a-victor-robles-en-lista-de-incapacitados-por-10-dias\/","url":"https:\/\/potenciaradiofonicadominicana.com\/portal\/marineros-colocan-a-victor-robles-en-lista-de-incapacitados-por-10-dias\/","name":"Marineros colocan a V\u00edctor Robles en lista de incapacitados por 10 d\u00edas - PotenciaRadiofonicaDominicana.com","isPartOf":{"@id":"https:\/\/potenciaradiofonicadominicana.com\/portal\/#website"},"primaryImageOfPage":{"@id":"https:\/\/potenciaradiofonicadominicana.com\/portal\/marineros-colocan-a-victor-robles-en-lista-de-incapacitados-por-10-dias\/#primaryimage"},"image":{"@id":"https:\/\/potenciaradiofonicadominicana.com\/portal\/marineros-colocan-a-victor-robles-en-lista-de-incapacitados-por-10-dias\/#primaryimage"},"thumbnailUrl":"https:\/\/potenciaradiofonicadominicana.com\/portal\/wp-content\/uploads\/2026\/04\/lowe0tkhftbxrwopa0rt.jpg","datePublished":"2026-04-09T00:12:15+00:00","breadcrumb":{"@id":"https:\/\/potenciaradiofonicadominicana.com\/portal\/marineros-colocan-a-victor-robles-en-lista-de-incapacitados-por-10-dias\/#breadcrumb"},"inLanguage":"es","potentialAction":[{"@type":"ReadAction","target":["https:\/\/potenciaradiofonicadominicana.com\/portal\/marineros-colocan-a-victor-robles-en-lista-de-incapacitados-por-10-dias\/"]}]},{"@type":"ImageObject","inLanguage":"es","@id":"https:\/\/potenciaradiofonicadominicana.com\/portal\/marineros-colocan-a-victor-robles-en-lista-de-incapacitados-por-10-dias\/#primaryimage","url":"https:\/\/potenciaradiofonicadominicana.com\/portal\/wp-content\/uploads\/2026\/04\/lowe0tkhftbxrwopa0rt.jpg","contentUrl":"https:\/\/potenciaradiofonicadominicana.com\/portal\/wp-content\/uploads\/2026\/04\/lowe0tkhftbxrwopa0rt.jpg","width":1536,"height":768},{"@type":"BreadcrumbList","@id":"https:\/\/potenciaradiofonicadominicana.com\/portal\/marineros-colocan-a-victor-robles-en-lista-de-incapacitados-por-10-dias\/#breadcrumb","itemListElement":[{"@type":"ListItem","position":1,"name":"Portada","item":"https:\/\/potenciaradiofonicadominicana.com\/portal\/"},{"@type":"ListItem","position":2,"name":"Marineros colocan a V\u00edctor Robles en lista de incapacitados por 10 d\u00edas"}]},{"@type":"WebSite","@id":"https:\/\/potenciaradiofonicadominicana.com\/portal\/#website","url":"https:\/\/potenciaradiofonicadominicana.com\/portal\/","name":"PotenciaRadiofonicaDominicana.com","description":"Peri\u00f3dico Digital","publisher":{"@id":"https:\/\/potenciaradiofonicadominicana.com\/portal\/#organization"},"potentialAction":[{"@type":"SearchAction","target":{"@type":"EntryPoint","urlTemplate":"https:\/\/potenciaradiofonicadominicana.com\/portal\/?s={search_term_string}"},"query-input":{"@type":"PropertyValueSpecification","valueRequired":true,"valueName":"search_term_string"}}],"inLanguage":"es"},{"@type":"Organization","@id":"https:\/\/potenciaradiofonicadominicana.com\/portal\/#organization","name":"PotenciaRadiofonicaDominicana.com","url":"https:\/\/potenciaradiofonicadominicana.com\/portal\/","logo":{"@type":"ImageObject","inLanguage":"es","@id":"https:\/\/potenciaradiofonicadominicana.com\/portal\/#\/schema\/logo\/image\/","url":"https:\/\/potenciaradiofonicadominicana.com\/portal\/wp-content\/uploads\/2022\/01\/descarga.png","contentUrl":"https:\/\/potenciaradiofonicadominicana.com\/portal\/wp-content\/uploads\/2022\/01\/descarga.png","width":300,"height":100,"caption":"PotenciaRadiofonicaDominicana.com"},"image":{"@id":"https:\/\/potenciaradiofonicadominicana.com\/portal\/#\/schema\/logo\/image\/"},"sameAs":["https:\/\/web.facebook.com\/PotenciaRadiofonicaD"]},{"@type":"Person","@id":"https:\/\/potenciaradiofonicadominicana.com\/portal\/#\/schema\/person\/a5cf1fea13877803ee0573ac18b03490","name":"Potencia Radiof\u00f3nica Dominicana","image":{"@type":"ImageObject","inLanguage":"es","@id":"https:\/\/potenciaradiofonicadominicana.com\/portal\/#\/schema\/person\/image\/","url":"https:\/\/secure.gravatar.com\/avatar\/42a55ab9e8ccc656ba34cd791990602a?s=96&d=mm&r=g","contentUrl":"https:\/\/secure.gravatar.com\/avatar\/42a55ab9e8ccc656ba34cd791990602a?s=96&d=mm&r=g","caption":"Potencia Radiof\u00f3nica Dominicana"},"url":"https:\/\/potenciaradiofonicadominicana.com\/portal\/author\/johannyalmanzar\/"}]}},"_links":{"self":[{"href":"https:\/\/potenciaradiofonicadominicana.com\/portal\/wp-json\/wp\/v2\/posts\/214596","targetHints":{"allow":["GET"]}}],"collection":[{"href":"https:\/\/potenciaradiofonicadominicana.com\/portal\/wp-json\/wp\/v2\/posts"}],"about":[{"href":"https:\/\/potenciaradiofonicadominicana.com\/portal\/wp-json\/wp\/v2\/types\/post"}],"author":[{"embeddable":true,"href":"https:\/\/potenciaradiofonicadominicana.com\/portal\/wp-json\/wp\/v2\/users\/2"}],"replies":[{"embeddable":true,"href":"https:\/\/potenciaradiofonicadominicana.com\/portal\/wp-json\/wp\/v2\/comments?post=214596"}],"version-history":[{"count":1,"href":"https:\/\/potenciaradiofonicadominicana.com\/portal\/wp-json\/wp\/v2\/posts\/214596\/revisions"}],"predecessor-version":[{"id":214598,"href":"https:\/\/potenciaradiofonicadominicana.com\/portal\/wp-json\/wp\/v2\/posts\/214596\/revisions\/214598"}],"wp:featuredmedia":[{"embeddable":true,"href":"https:\/\/potenciaradiofonicadominicana.com\/portal\/wp-json\/wp\/v2\/media\/214597"}],"wp:attachment":[{"href":"https:\/\/potenciaradiofonicadominicana.com\/portal\/wp-json\/wp\/v2\/media?parent=214596"}],"wp:term":[{"taxonomy":"category","embeddable":true,"href":"https:\/\/potenciaradiofonicadominicana.com\/portal\/wp-json\/wp\/v2\/categories?post=214596"},{"taxonomy":"post_tag","embeddable":true,"href":"https:\/\/potenciaradiofonicadominicana.com\/portal\/wp-json\/wp\/v2\/tags?post=214596"}],"curies":[{"name":"wp","href":"https:\/\/api.w.org\/{rel}","templated":true}]}}