{"id":214439,"date":"2026-04-06T22:07:33","date_gmt":"2026-04-07T02:07:33","guid":{"rendered":"https:\/\/potenciaradiofonicadominicana.com\/portal\/?p=214439"},"modified":"2026-04-06T22:07:33","modified_gmt":"2026-04-07T02:07:33","slug":"manzanillo-gas-power-designa-a-monika-infante-henriquez-como-gerente-general","status":"publish","type":"post","link":"https:\/\/potenciaradiofonicadominicana.com\/portal\/manzanillo-gas-power-designa-a-monika-infante-henriquez-como-gerente-general\/","title":{"rendered":"Manzanillo Gas &#038; Power designa a M\u00f3nika Infante Henr\u00edquez como gerente general"},"content":{"rendered":"<p><a href=\"https:\/\/potenciaradiofonicadominicana.com\/portal\/wp-content\/uploads\/2026\/04\/Monika-Infnate-1.jpeg\"><img loading=\"lazy\" decoding=\"async\" class=\"alignnone size-full wp-image-214440\" src=\"https:\/\/potenciaradiofonicadominicana.com\/portal\/wp-content\/uploads\/2026\/04\/Monika-Infnate-1.jpeg\" alt=\"\" width=\"1280\" height=\"853\" srcset=\"https:\/\/potenciaradiofonicadominicana.com\/portal\/wp-content\/uploads\/2026\/04\/Monika-Infnate-1.jpeg 1280w, https:\/\/potenciaradiofonicadominicana.com\/portal\/wp-content\/uploads\/2026\/04\/Monika-Infnate-1-300x200.jpeg 300w, https:\/\/potenciaradiofonicadominicana.com\/portal\/wp-content\/uploads\/2026\/04\/Monika-Infnate-1-1024x682.jpeg 1024w, https:\/\/potenciaradiofonicadominicana.com\/portal\/wp-content\/uploads\/2026\/04\/Monika-Infnate-1-768x512.jpeg 768w\" sizes=\"auto, (max-width: 1280px) 100vw, 1280px\" \/><\/a><\/p>\n<p><strong>Manzanillo Gas &amp; Power<\/strong>\u00a0(MG&amp;P) anunci\u00f3 la\u00a0<strong>designaci\u00f3n<\/strong>\u00a0de\u00a0<strong>M\u00f3nika Infante Henr\u00edquez<\/strong>\u00a0como\u00a0<strong>gerente general<\/strong>\u00a0del proyecto, una decisi\u00f3n con la que la compa\u00f1\u00eda espera fortalecer su posicionamiento dentro del sector energ\u00e9tico.<\/p>\n<p>Con m\u00e1s de\u00a0<strong>15 a\u00f1os<\/strong>\u00a0de experiencia en el\u00a0<strong>liderazgo<\/strong>\u00a0de\u00a0<strong>infraestructura cr\u00edtica<\/strong>\u00a0en\u00a0<strong>Am\u00e9rica Latina<\/strong>\u00a0y el Caribe, Infante Henr\u00edquez ha desarrollado una trayectoria\u00a0 en la gesti\u00f3n de proyectos de infraestructura bajo est\u00e1ndares de\u00a0<strong>gobernanza<\/strong>\u00a0y ejecuci\u00f3n.<\/p>\n<p>Su perfil integra experiencia en\u00a0<strong>estrategia<\/strong>,\u00a0<strong>regulaci\u00f3n<\/strong>,\u00a0<strong>finanzas<\/strong>\u00a0y\u00a0<strong>gobernanza<\/strong> corporativa, demostrando capacidad de negociaci\u00f3n y relacionamiento institucional.<\/p>\n<p>Previo a su\u00a0<strong>designaci\u00f3n<\/strong>, la ejecutiva desempe\u00f1\u00f3 como\u00a0<strong>G<\/strong><strong>erente General<\/strong>\u00a0de\u00a0<strong>Aeropuertos Dominicanos Siglo XXI<\/strong>\u00a0(Aerodom \u2013 Vinci Airports), encabezando operaciones aeroportuarias clave y procesos estrat\u00e9gicos de alto impacto, incluyendo la extensi\u00f3n de la concesi\u00f3n y la estructuraci\u00f3n de financiamiento para el fortalecimiento de la infraestructura.<\/p>\n<p>Ha ocupado roles espacios internacionales, incluyendo su participaci\u00f3n en el\u00a0Consejo Internacional de Aeropuertos &#8211; Am\u00e9rica Latina y el Caribe (<strong>ACI-LAC<\/strong>, por sus siglas en ingl\u00e9s) y en el Consejo Mundial de ACI,\u00a0contribuyendo a discusiones en materia de\u00a0<strong>sostenibilidad<\/strong>,\u00a0<strong>regulaci\u00f3n<\/strong> y desarrollo de infraestructura.<\/p>\n<p>En el \u00e1mbito corporativo, tambi\u00e9n forma parte del\u00a0<strong>Consejo de Administraci\u00f3n<\/strong>\u00a0de\u00a0<strong>Scotiabank Rep\u00fablica Dominicana<\/strong>, donde ha presidido comit\u00e9s vinculados a riesgos, auditor\u00eda y compensaci\u00f3n, aportando a la supervisi\u00f3n financiera y al fortalecimiento de la\u00a0<strong>gobernanza<\/strong>.<\/p>\n<p>\u00abLa\u00a0<strong>designaci\u00f3n<\/strong>\u00a0de\u00a0<strong>M\u00f3nika Infante Henr\u00edquez<\/strong>\u00a0representa un paso significativo en el impulso del\u00a0<strong>liderazgo<\/strong>\u00a0femenino en sectores como el de\u00a0<strong>infraestructura cr\u00edtica<\/strong>\u00a0y energ\u00eda, y refuerza la visi\u00f3n de\u00a0<strong>Manzanillo Gas &amp; Power<\/strong>\u00a0como un proyecto que est\u00e1 orientado a la excelencia, la\u00a0<strong>sostenibilidad<\/strong> y el desarrollo del talento\u00bb, inform\u00f3 la compa\u00f1\u00eda en una nota de prensa.<\/p>\n<p>Con su incorporaci\u00f3n,\u00a0<strong>Manzanillo Gas &amp; Power<\/strong>\u00a0busca contribuir a la\u00a0<strong>seguridad energ\u00e9tica\u00a0<\/strong>y promover el desarollo econ\u00f3mico y social bajo est\u00e1ndares internacionales y una gesti\u00f3n responsable con su entorno.<\/p>\n","protected":false},"excerpt":{"rendered":"<p>Manzanillo Gas &amp; Power\u00a0(MG&amp;P) anunci\u00f3 la\u00a0designaci\u00f3n\u00a0de\u00a0M\u00f3nika Infante Henr\u00edquez\u00a0como\u00a0gerente general\u00a0del proyecto, una decisi\u00f3n con la que la compa\u00f1\u00eda espera fortalecer su &#8230;<\/p>\n","protected":false},"author":2,"featured_media":214440,"comment_status":"closed","ping_status":"closed","sticky":false,"template":"","format":"standard","meta":{"footnotes":""},"categories":[26],"tags":[],"class_list":["post-214439","post","type-post","status-publish","format-standard","has-post-thumbnail","hentry","category-economia"],"yoast_head":"<!-- This site is optimized with the Yoast SEO plugin v24.8.1 - https:\/\/yoast.com\/wordpress\/plugins\/seo\/ -->\n<title>Manzanillo Gas &amp; Power designa a M\u00f3nika Infante Henr\u00edquez como gerente general - PotenciaRadiofonicaDominicana.com<\/title>\n<meta name=\"robots\" content=\"index, follow, max-snippet:-1, max-image-preview:large, max-video-preview:-1\" \/>\n<link rel=\"canonical\" href=\"https:\/\/potenciaradiofonicadominicana.com\/portal\/manzanillo-gas-power-designa-a-monika-infante-henriquez-como-gerente-general\/\" \/>\n<meta property=\"og:locale\" content=\"es_ES\" \/>\n<meta property=\"og:type\" content=\"article\" \/>\n<meta property=\"og:title\" content=\"Manzanillo Gas &amp; Power designa a M\u00f3nika Infante Henr\u00edquez como gerente general - PotenciaRadiofonicaDominicana.com\" \/>\n<meta property=\"og:description\" content=\"Manzanillo Gas &amp; Power\u00a0(MG&amp;P) anunci\u00f3 la\u00a0designaci\u00f3n\u00a0de\u00a0M\u00f3nika Infante Henr\u00edquez\u00a0como\u00a0gerente general\u00a0del proyecto, una decisi\u00f3n con la que la compa\u00f1\u00eda espera fortalecer su ...\" \/>\n<meta property=\"og:url\" content=\"https:\/\/potenciaradiofonicadominicana.com\/portal\/manzanillo-gas-power-designa-a-monika-infante-henriquez-como-gerente-general\/\" \/>\n<meta property=\"og:site_name\" content=\"PotenciaRadiofonicaDominicana.com\" \/>\n<meta property=\"article:publisher\" content=\"https:\/\/web.facebook.com\/PotenciaRadiofonicaD\" \/>\n<meta property=\"article:published_time\" content=\"2026-04-07T02:07:33+00:00\" \/>\n<meta property=\"og:image\" content=\"https:\/\/potenciaradiofonicadominicana.com\/portal\/wp-content\/uploads\/2026\/04\/Monika-Infnate-1.jpeg\" \/>\n\t<meta property=\"og:image:width\" content=\"1280\" \/>\n\t<meta property=\"og:image:height\" content=\"853\" \/>\n\t<meta property=\"og:image:type\" content=\"image\/jpeg\" \/>\n<meta name=\"author\" content=\"Potencia Radiof\u00f3nica Dominicana\" \/>\n<meta name=\"twitter:card\" content=\"summary_large_image\" \/>\n<meta name=\"twitter:label1\" content=\"Escrito por\" \/>\n\t<meta name=\"twitter:data1\" content=\"Potencia Radiof\u00f3nica Dominicana\" \/>\n\t<meta name=\"twitter:label2\" content=\"Tiempo de lectura\" \/>\n\t<meta name=\"twitter:data2\" content=\"2 minutos\" \/>\n<script type=\"application\/ld+json\" class=\"yoast-schema-graph\">{\"@context\":\"https:\/\/schema.org\",\"@graph\":[{\"@type\":\"Article\",\"@id\":\"https:\/\/potenciaradiofonicadominicana.com\/portal\/manzanillo-gas-power-designa-a-monika-infante-henriquez-como-gerente-general\/#article\",\"isPartOf\":{\"@id\":\"https:\/\/potenciaradiofonicadominicana.com\/portal\/manzanillo-gas-power-designa-a-monika-infante-henriquez-como-gerente-general\/\"},\"author\":{\"name\":\"Potencia Radiof\u00f3nica Dominicana\",\"@id\":\"https:\/\/potenciaradiofonicadominicana.com\/portal\/#\/schema\/person\/a5cf1fea13877803ee0573ac18b03490\"},\"headline\":\"Manzanillo Gas &#038; Power designa a M\u00f3nika Infante Henr\u00edquez como gerente general\",\"datePublished\":\"2026-04-07T02:07:33+00:00\",\"mainEntityOfPage\":{\"@id\":\"https:\/\/potenciaradiofonicadominicana.com\/portal\/manzanillo-gas-power-designa-a-monika-infante-henriquez-como-gerente-general\/\"},\"wordCount\":361,\"publisher\":{\"@id\":\"https:\/\/potenciaradiofonicadominicana.com\/portal\/#organization\"},\"image\":{\"@id\":\"https:\/\/potenciaradiofonicadominicana.com\/portal\/manzanillo-gas-power-designa-a-monika-infante-henriquez-como-gerente-general\/#primaryimage\"},\"thumbnailUrl\":\"https:\/\/potenciaradiofonicadominicana.com\/portal\/wp-content\/uploads\/2026\/04\/Monika-Infnate-1.jpeg\",\"articleSection\":[\"Econom\u00eda\"],\"inLanguage\":\"es\"},{\"@type\":\"WebPage\",\"@id\":\"https:\/\/potenciaradiofonicadominicana.com\/portal\/manzanillo-gas-power-designa-a-monika-infante-henriquez-como-gerente-general\/\",\"url\":\"https:\/\/potenciaradiofonicadominicana.com\/portal\/manzanillo-gas-power-designa-a-monika-infante-henriquez-como-gerente-general\/\",\"name\":\"Manzanillo Gas & Power designa a M\u00f3nika Infante Henr\u00edquez como gerente general - PotenciaRadiofonicaDominicana.com\",\"isPartOf\":{\"@id\":\"https:\/\/potenciaradiofonicadominicana.com\/portal\/#website\"},\"primaryImageOfPage\":{\"@id\":\"https:\/\/potenciaradiofonicadominicana.com\/portal\/manzanillo-gas-power-designa-a-monika-infante-henriquez-como-gerente-general\/#primaryimage\"},\"image\":{\"@id\":\"https:\/\/potenciaradiofonicadominicana.com\/portal\/manzanillo-gas-power-designa-a-monika-infante-henriquez-como-gerente-general\/#primaryimage\"},\"thumbnailUrl\":\"https:\/\/potenciaradiofonicadominicana.com\/portal\/wp-content\/uploads\/2026\/04\/Monika-Infnate-1.jpeg\",\"datePublished\":\"2026-04-07T02:07:33+00:00\",\"breadcrumb\":{\"@id\":\"https:\/\/potenciaradiofonicadominicana.com\/portal\/manzanillo-gas-power-designa-a-monika-infante-henriquez-como-gerente-general\/#breadcrumb\"},\"inLanguage\":\"es\",\"potentialAction\":[{\"@type\":\"ReadAction\",\"target\":[\"https:\/\/potenciaradiofonicadominicana.com\/portal\/manzanillo-gas-power-designa-a-monika-infante-henriquez-como-gerente-general\/\"]}]},{\"@type\":\"ImageObject\",\"inLanguage\":\"es\",\"@id\":\"https:\/\/potenciaradiofonicadominicana.com\/portal\/manzanillo-gas-power-designa-a-monika-infante-henriquez-como-gerente-general\/#primaryimage\",\"url\":\"https:\/\/potenciaradiofonicadominicana.com\/portal\/wp-content\/uploads\/2026\/04\/Monika-Infnate-1.jpeg\",\"contentUrl\":\"https:\/\/potenciaradiofonicadominicana.com\/portal\/wp-content\/uploads\/2026\/04\/Monika-Infnate-1.jpeg\",\"width\":1280,\"height\":853},{\"@type\":\"BreadcrumbList\",\"@id\":\"https:\/\/potenciaradiofonicadominicana.com\/portal\/manzanillo-gas-power-designa-a-monika-infante-henriquez-como-gerente-general\/#breadcrumb\",\"itemListElement\":[{\"@type\":\"ListItem\",\"position\":1,\"name\":\"Portada\",\"item\":\"https:\/\/potenciaradiofonicadominicana.com\/portal\/\"},{\"@type\":\"ListItem\",\"position\":2,\"name\":\"Manzanillo Gas &#038; Power designa a M\u00f3nika Infante Henr\u00edquez como gerente general\"}]},{\"@type\":\"WebSite\",\"@id\":\"https:\/\/potenciaradiofonicadominicana.com\/portal\/#website\",\"url\":\"https:\/\/potenciaradiofonicadominicana.com\/portal\/\",\"name\":\"PotenciaRadiofonicaDominicana.com\",\"description\":\"Peri\u00f3dico Digital\",\"publisher\":{\"@id\":\"https:\/\/potenciaradiofonicadominicana.com\/portal\/#organization\"},\"potentialAction\":[{\"@type\":\"SearchAction\",\"target\":{\"@type\":\"EntryPoint\",\"urlTemplate\":\"https:\/\/potenciaradiofonicadominicana.com\/portal\/?s={search_term_string}\"},\"query-input\":{\"@type\":\"PropertyValueSpecification\",\"valueRequired\":true,\"valueName\":\"search_term_string\"}}],\"inLanguage\":\"es\"},{\"@type\":\"Organization\",\"@id\":\"https:\/\/potenciaradiofonicadominicana.com\/portal\/#organization\",\"name\":\"PotenciaRadiofonicaDominicana.com\",\"url\":\"https:\/\/potenciaradiofonicadominicana.com\/portal\/\",\"logo\":{\"@type\":\"ImageObject\",\"inLanguage\":\"es\",\"@id\":\"https:\/\/potenciaradiofonicadominicana.com\/portal\/#\/schema\/logo\/image\/\",\"url\":\"https:\/\/potenciaradiofonicadominicana.com\/portal\/wp-content\/uploads\/2022\/01\/descarga.png\",\"contentUrl\":\"https:\/\/potenciaradiofonicadominicana.com\/portal\/wp-content\/uploads\/2022\/01\/descarga.png\",\"width\":300,\"height\":100,\"caption\":\"PotenciaRadiofonicaDominicana.com\"},\"image\":{\"@id\":\"https:\/\/potenciaradiofonicadominicana.com\/portal\/#\/schema\/logo\/image\/\"},\"sameAs\":[\"https:\/\/web.facebook.com\/PotenciaRadiofonicaD\"]},{\"@type\":\"Person\",\"@id\":\"https:\/\/potenciaradiofonicadominicana.com\/portal\/#\/schema\/person\/a5cf1fea13877803ee0573ac18b03490\",\"name\":\"Potencia Radiof\u00f3nica Dominicana\",\"image\":{\"@type\":\"ImageObject\",\"inLanguage\":\"es\",\"@id\":\"https:\/\/potenciaradiofonicadominicana.com\/portal\/#\/schema\/person\/image\/\",\"url\":\"https:\/\/secure.gravatar.com\/avatar\/42a55ab9e8ccc656ba34cd791990602a?s=96&d=mm&r=g\",\"contentUrl\":\"https:\/\/secure.gravatar.com\/avatar\/42a55ab9e8ccc656ba34cd791990602a?s=96&d=mm&r=g\",\"caption\":\"Potencia Radiof\u00f3nica Dominicana\"},\"url\":\"https:\/\/potenciaradiofonicadominicana.com\/portal\/author\/johannyalmanzar\/\"}]}<\/script>\n<!-- \/ Yoast SEO plugin. -->","yoast_head_json":{"title":"Manzanillo Gas & Power designa a M\u00f3nika Infante Henr\u00edquez como gerente general - PotenciaRadiofonicaDominicana.com","robots":{"index":"index","follow":"follow","max-snippet":"max-snippet:-1","max-image-preview":"max-image-preview:large","max-video-preview":"max-video-preview:-1"},"canonical":"https:\/\/potenciaradiofonicadominicana.com\/portal\/manzanillo-gas-power-designa-a-monika-infante-henriquez-como-gerente-general\/","og_locale":"es_ES","og_type":"article","og_title":"Manzanillo Gas & Power designa a M\u00f3nika Infante Henr\u00edquez como gerente general - PotenciaRadiofonicaDominicana.com","og_description":"Manzanillo Gas &amp; Power\u00a0(MG&amp;P) anunci\u00f3 la\u00a0designaci\u00f3n\u00a0de\u00a0M\u00f3nika Infante Henr\u00edquez\u00a0como\u00a0gerente general\u00a0del proyecto, una decisi\u00f3n con la que la compa\u00f1\u00eda espera fortalecer su ...","og_url":"https:\/\/potenciaradiofonicadominicana.com\/portal\/manzanillo-gas-power-designa-a-monika-infante-henriquez-como-gerente-general\/","og_site_name":"PotenciaRadiofonicaDominicana.com","article_publisher":"https:\/\/web.facebook.com\/PotenciaRadiofonicaD","article_published_time":"2026-04-07T02:07:33+00:00","og_image":[{"width":1280,"height":853,"url":"https:\/\/potenciaradiofonicadominicana.com\/portal\/wp-content\/uploads\/2026\/04\/Monika-Infnate-1.jpeg","type":"image\/jpeg"}],"author":"Potencia Radiof\u00f3nica Dominicana","twitter_card":"summary_large_image","twitter_misc":{"Escrito por":"Potencia Radiof\u00f3nica Dominicana","Tiempo de lectura":"2 minutos"},"schema":{"@context":"https:\/\/schema.org","@graph":[{"@type":"Article","@id":"https:\/\/potenciaradiofonicadominicana.com\/portal\/manzanillo-gas-power-designa-a-monika-infante-henriquez-como-gerente-general\/#article","isPartOf":{"@id":"https:\/\/potenciaradiofonicadominicana.com\/portal\/manzanillo-gas-power-designa-a-monika-infante-henriquez-como-gerente-general\/"},"author":{"name":"Potencia Radiof\u00f3nica Dominicana","@id":"https:\/\/potenciaradiofonicadominicana.com\/portal\/#\/schema\/person\/a5cf1fea13877803ee0573ac18b03490"},"headline":"Manzanillo Gas &#038; Power designa a M\u00f3nika Infante Henr\u00edquez como gerente general","datePublished":"2026-04-07T02:07:33+00:00","mainEntityOfPage":{"@id":"https:\/\/potenciaradiofonicadominicana.com\/portal\/manzanillo-gas-power-designa-a-monika-infante-henriquez-como-gerente-general\/"},"wordCount":361,"publisher":{"@id":"https:\/\/potenciaradiofonicadominicana.com\/portal\/#organization"},"image":{"@id":"https:\/\/potenciaradiofonicadominicana.com\/portal\/manzanillo-gas-power-designa-a-monika-infante-henriquez-como-gerente-general\/#primaryimage"},"thumbnailUrl":"https:\/\/potenciaradiofonicadominicana.com\/portal\/wp-content\/uploads\/2026\/04\/Monika-Infnate-1.jpeg","articleSection":["Econom\u00eda"],"inLanguage":"es"},{"@type":"WebPage","@id":"https:\/\/potenciaradiofonicadominicana.com\/portal\/manzanillo-gas-power-designa-a-monika-infante-henriquez-como-gerente-general\/","url":"https:\/\/potenciaradiofonicadominicana.com\/portal\/manzanillo-gas-power-designa-a-monika-infante-henriquez-como-gerente-general\/","name":"Manzanillo Gas & Power designa a M\u00f3nika Infante Henr\u00edquez como gerente general - PotenciaRadiofonicaDominicana.com","isPartOf":{"@id":"https:\/\/potenciaradiofonicadominicana.com\/portal\/#website"},"primaryImageOfPage":{"@id":"https:\/\/potenciaradiofonicadominicana.com\/portal\/manzanillo-gas-power-designa-a-monika-infante-henriquez-como-gerente-general\/#primaryimage"},"image":{"@id":"https:\/\/potenciaradiofonicadominicana.com\/portal\/manzanillo-gas-power-designa-a-monika-infante-henriquez-como-gerente-general\/#primaryimage"},"thumbnailUrl":"https:\/\/potenciaradiofonicadominicana.com\/portal\/wp-content\/uploads\/2026\/04\/Monika-Infnate-1.jpeg","datePublished":"2026-04-07T02:07:33+00:00","breadcrumb":{"@id":"https:\/\/potenciaradiofonicadominicana.com\/portal\/manzanillo-gas-power-designa-a-monika-infante-henriquez-como-gerente-general\/#breadcrumb"},"inLanguage":"es","potentialAction":[{"@type":"ReadAction","target":["https:\/\/potenciaradiofonicadominicana.com\/portal\/manzanillo-gas-power-designa-a-monika-infante-henriquez-como-gerente-general\/"]}]},{"@type":"ImageObject","inLanguage":"es","@id":"https:\/\/potenciaradiofonicadominicana.com\/portal\/manzanillo-gas-power-designa-a-monika-infante-henriquez-como-gerente-general\/#primaryimage","url":"https:\/\/potenciaradiofonicadominicana.com\/portal\/wp-content\/uploads\/2026\/04\/Monika-Infnate-1.jpeg","contentUrl":"https:\/\/potenciaradiofonicadominicana.com\/portal\/wp-content\/uploads\/2026\/04\/Monika-Infnate-1.jpeg","width":1280,"height":853},{"@type":"BreadcrumbList","@id":"https:\/\/potenciaradiofonicadominicana.com\/portal\/manzanillo-gas-power-designa-a-monika-infante-henriquez-como-gerente-general\/#breadcrumb","itemListElement":[{"@type":"ListItem","position":1,"name":"Portada","item":"https:\/\/potenciaradiofonicadominicana.com\/portal\/"},{"@type":"ListItem","position":2,"name":"Manzanillo Gas &#038; Power designa a M\u00f3nika Infante Henr\u00edquez como gerente general"}]},{"@type":"WebSite","@id":"https:\/\/potenciaradiofonicadominicana.com\/portal\/#website","url":"https:\/\/potenciaradiofonicadominicana.com\/portal\/","name":"PotenciaRadiofonicaDominicana.com","description":"Peri\u00f3dico Digital","publisher":{"@id":"https:\/\/potenciaradiofonicadominicana.com\/portal\/#organization"},"potentialAction":[{"@type":"SearchAction","target":{"@type":"EntryPoint","urlTemplate":"https:\/\/potenciaradiofonicadominicana.com\/portal\/?s={search_term_string}"},"query-input":{"@type":"PropertyValueSpecification","valueRequired":true,"valueName":"search_term_string"}}],"inLanguage":"es"},{"@type":"Organization","@id":"https:\/\/potenciaradiofonicadominicana.com\/portal\/#organization","name":"PotenciaRadiofonicaDominicana.com","url":"https:\/\/potenciaradiofonicadominicana.com\/portal\/","logo":{"@type":"ImageObject","inLanguage":"es","@id":"https:\/\/potenciaradiofonicadominicana.com\/portal\/#\/schema\/logo\/image\/","url":"https:\/\/potenciaradiofonicadominicana.com\/portal\/wp-content\/uploads\/2022\/01\/descarga.png","contentUrl":"https:\/\/potenciaradiofonicadominicana.com\/portal\/wp-content\/uploads\/2022\/01\/descarga.png","width":300,"height":100,"caption":"PotenciaRadiofonicaDominicana.com"},"image":{"@id":"https:\/\/potenciaradiofonicadominicana.com\/portal\/#\/schema\/logo\/image\/"},"sameAs":["https:\/\/web.facebook.com\/PotenciaRadiofonicaD"]},{"@type":"Person","@id":"https:\/\/potenciaradiofonicadominicana.com\/portal\/#\/schema\/person\/a5cf1fea13877803ee0573ac18b03490","name":"Potencia Radiof\u00f3nica Dominicana","image":{"@type":"ImageObject","inLanguage":"es","@id":"https:\/\/potenciaradiofonicadominicana.com\/portal\/#\/schema\/person\/image\/","url":"https:\/\/secure.gravatar.com\/avatar\/42a55ab9e8ccc656ba34cd791990602a?s=96&d=mm&r=g","contentUrl":"https:\/\/secure.gravatar.com\/avatar\/42a55ab9e8ccc656ba34cd791990602a?s=96&d=mm&r=g","caption":"Potencia Radiof\u00f3nica Dominicana"},"url":"https:\/\/potenciaradiofonicadominicana.com\/portal\/author\/johannyalmanzar\/"}]}},"_links":{"self":[{"href":"https:\/\/potenciaradiofonicadominicana.com\/portal\/wp-json\/wp\/v2\/posts\/214439","targetHints":{"allow":["GET"]}}],"collection":[{"href":"https:\/\/potenciaradiofonicadominicana.com\/portal\/wp-json\/wp\/v2\/posts"}],"about":[{"href":"https:\/\/potenciaradiofonicadominicana.com\/portal\/wp-json\/wp\/v2\/types\/post"}],"author":[{"embeddable":true,"href":"https:\/\/potenciaradiofonicadominicana.com\/portal\/wp-json\/wp\/v2\/users\/2"}],"replies":[{"embeddable":true,"href":"https:\/\/potenciaradiofonicadominicana.com\/portal\/wp-json\/wp\/v2\/comments?post=214439"}],"version-history":[{"count":1,"href":"https:\/\/potenciaradiofonicadominicana.com\/portal\/wp-json\/wp\/v2\/posts\/214439\/revisions"}],"predecessor-version":[{"id":214441,"href":"https:\/\/potenciaradiofonicadominicana.com\/portal\/wp-json\/wp\/v2\/posts\/214439\/revisions\/214441"}],"wp:featuredmedia":[{"embeddable":true,"href":"https:\/\/potenciaradiofonicadominicana.com\/portal\/wp-json\/wp\/v2\/media\/214440"}],"wp:attachment":[{"href":"https:\/\/potenciaradiofonicadominicana.com\/portal\/wp-json\/wp\/v2\/media?parent=214439"}],"wp:term":[{"taxonomy":"category","embeddable":true,"href":"https:\/\/potenciaradiofonicadominicana.com\/portal\/wp-json\/wp\/v2\/categories?post=214439"},{"taxonomy":"post_tag","embeddable":true,"href":"https:\/\/potenciaradiofonicadominicana.com\/portal\/wp-json\/wp\/v2\/tags?post=214439"}],"curies":[{"name":"wp","href":"https:\/\/api.w.org\/{rel}","templated":true}]}}