{"id":214430,"date":"2026-04-06T22:01:55","date_gmt":"2026-04-07T02:01:55","guid":{"rendered":"https:\/\/potenciaradiofonicadominicana.com\/portal\/?p=214430"},"modified":"2026-04-06T22:01:55","modified_gmt":"2026-04-07T02:01:55","slug":"pld-solicita-rd5000-millones-para-subsidiar-fertilizantes-e-insumos-agricolas","status":"publish","type":"post","link":"https:\/\/potenciaradiofonicadominicana.com\/portal\/pld-solicita-rd5000-millones-para-subsidiar-fertilizantes-e-insumos-agricolas\/","title":{"rendered":"PLD solicita RD$5,000 millones para subsidiar fertilizantes e insumos agr\u00edcolas"},"content":{"rendered":"<p><a href=\"https:\/\/potenciaradiofonicadominicana.com\/portal\/wp-content\/uploads\/2026\/04\/Geovanny-Arias.jpeg\"><img loading=\"lazy\" decoding=\"async\" class=\"alignnone size-full wp-image-214431\" src=\"https:\/\/potenciaradiofonicadominicana.com\/portal\/wp-content\/uploads\/2026\/04\/Geovanny-Arias.jpeg\" alt=\"\" width=\"1024\" height=\"777\" srcset=\"https:\/\/potenciaradiofonicadominicana.com\/portal\/wp-content\/uploads\/2026\/04\/Geovanny-Arias.jpeg 1024w, https:\/\/potenciaradiofonicadominicana.com\/portal\/wp-content\/uploads\/2026\/04\/Geovanny-Arias-300x228.jpeg 300w, https:\/\/potenciaradiofonicadominicana.com\/portal\/wp-content\/uploads\/2026\/04\/Geovanny-Arias-768x583.jpeg 768w\" sizes=\"auto, (max-width: 1024px) 100vw, 1024px\" \/><\/a><\/p>\n<p>Geovanny Arias, miembro del Comit\u00e9 Central del Partido de la Liberaci\u00f3n Dominicana, dijo que ante el contexto de la Rep\u00fablica Dominicana con relaci\u00f3n al conflicto de Oriente Medio y la situaci\u00f3n agropecuaria, ese partido por intermedio de la Secretaria de Asuntos Agropecuarios, est\u00e1 solicitando 5,000 millones de pesos para el subsidio fertilizantes e insumos agr\u00edcolas.<\/p>\n<p>Arias agreg\u00f3 que el PLD tambi\u00e9n reclama que sean incluidos los fertilizantes hidrosolubles, que no se incluyeron en la crisis generada en la pandemia del Covid 19.<\/p>\n<p>El dirigente pol\u00edtico produjo sus declaraciones al responder preguntas de periodistas en la rueda de prensa de los lunes que ofreci\u00f3 en esta ocasi\u00f3n la Secretar\u00eda de Medio Ambiente y Recursos Naturales del PLD.<\/p>\n<p>Dijo que en el pa\u00eds se utilizan 21 millones de fertilizantes y que 1,000 millones no son suficientes para soportar las alzas de estos a nivel nacional, considerando que esta propuesta debe ser llevada al di\u00e1logo propuesto por el presidente de la Rep\u00fablica.<\/p>\n<p>Arias se identific\u00f3 con lo expresado por la Asociaci\u00f3n Nacional de Profesionales Agr\u00edcolas (ANPA), de que esta crisis podr\u00eda \u201cpegar m\u00e1s duro\u201d en la Rep\u00fablica Dominicana, justamente porque el sector agr\u00edcola est\u00e1 totalmente abandonado.<\/p>\n<p>\u201cCompletamente de acuerdo con la dirigencia del ANPA, 615 \u00e1reas no est\u00e1n siendo asistidas por los agr\u00f3nomos del gobierno, o sea, de ninguna instituci\u00f3n. No puede haber garant\u00eda ni incremento ni estabilidad alimentaria si no est\u00e1n los agr\u00f3nomos al frente de las \u00e1reas del sector agropecuario\u201d, respondi\u00f3.<\/p>\n<p>Dijo que es notoria la desorganizaci\u00f3n del Gobierno en su enfoque sobre la crisis que ya se siente en el pa\u00eds, que proviene de la guerra del Medio Oriente con el alza de los carburantes y fertilizantes y una mala planificaci\u00f3n de las autoridades.<\/p>\n","protected":false},"excerpt":{"rendered":"<p>Geovanny Arias, miembro del Comit\u00e9 Central del Partido de la Liberaci\u00f3n Dominicana, dijo que ante el contexto de la Rep\u00fablica &#8230;<\/p>\n","protected":false},"author":2,"featured_media":214431,"comment_status":"closed","ping_status":"closed","sticky":false,"template":"","format":"standard","meta":{"footnotes":""},"categories":[26],"tags":[],"class_list":["post-214430","post","type-post","status-publish","format-standard","has-post-thumbnail","hentry","category-economia"],"yoast_head":"<!-- This site is optimized with the Yoast SEO plugin v24.8.1 - https:\/\/yoast.com\/wordpress\/plugins\/seo\/ -->\n<title>PLD solicita RD$5,000 millones para subsidiar fertilizantes e insumos agr\u00edcolas - PotenciaRadiofonicaDominicana.com<\/title>\n<meta name=\"robots\" content=\"index, follow, max-snippet:-1, max-image-preview:large, max-video-preview:-1\" \/>\n<link rel=\"canonical\" href=\"https:\/\/potenciaradiofonicadominicana.com\/portal\/pld-solicita-rd5000-millones-para-subsidiar-fertilizantes-e-insumos-agricolas\/\" \/>\n<meta property=\"og:locale\" content=\"es_ES\" \/>\n<meta property=\"og:type\" content=\"article\" \/>\n<meta property=\"og:title\" content=\"PLD solicita RD$5,000 millones para subsidiar fertilizantes e insumos agr\u00edcolas - PotenciaRadiofonicaDominicana.com\" \/>\n<meta property=\"og:description\" content=\"Geovanny Arias, miembro del Comit\u00e9 Central del Partido de la Liberaci\u00f3n Dominicana, dijo que ante el contexto de la Rep\u00fablica ...\" \/>\n<meta property=\"og:url\" content=\"https:\/\/potenciaradiofonicadominicana.com\/portal\/pld-solicita-rd5000-millones-para-subsidiar-fertilizantes-e-insumos-agricolas\/\" \/>\n<meta property=\"og:site_name\" content=\"PotenciaRadiofonicaDominicana.com\" \/>\n<meta property=\"article:publisher\" content=\"https:\/\/web.facebook.com\/PotenciaRadiofonicaD\" \/>\n<meta property=\"article:published_time\" content=\"2026-04-07T02:01:55+00:00\" \/>\n<meta property=\"og:image\" content=\"https:\/\/potenciaradiofonicadominicana.com\/portal\/wp-content\/uploads\/2026\/04\/Geovanny-Arias.jpeg\" \/>\n\t<meta property=\"og:image:width\" content=\"1024\" \/>\n\t<meta property=\"og:image:height\" content=\"777\" \/>\n\t<meta property=\"og:image:type\" content=\"image\/jpeg\" \/>\n<meta name=\"author\" content=\"Potencia Radiof\u00f3nica Dominicana\" \/>\n<meta name=\"twitter:card\" content=\"summary_large_image\" \/>\n<meta name=\"twitter:label1\" content=\"Escrito por\" \/>\n\t<meta name=\"twitter:data1\" content=\"Potencia Radiof\u00f3nica Dominicana\" \/>\n\t<meta name=\"twitter:label2\" content=\"Tiempo de lectura\" \/>\n\t<meta name=\"twitter:data2\" content=\"2 minutos\" \/>\n<script type=\"application\/ld+json\" class=\"yoast-schema-graph\">{\"@context\":\"https:\/\/schema.org\",\"@graph\":[{\"@type\":\"Article\",\"@id\":\"https:\/\/potenciaradiofonicadominicana.com\/portal\/pld-solicita-rd5000-millones-para-subsidiar-fertilizantes-e-insumos-agricolas\/#article\",\"isPartOf\":{\"@id\":\"https:\/\/potenciaradiofonicadominicana.com\/portal\/pld-solicita-rd5000-millones-para-subsidiar-fertilizantes-e-insumos-agricolas\/\"},\"author\":{\"name\":\"Potencia Radiof\u00f3nica Dominicana\",\"@id\":\"https:\/\/potenciaradiofonicadominicana.com\/portal\/#\/schema\/person\/a5cf1fea13877803ee0573ac18b03490\"},\"headline\":\"PLD solicita RD$5,000 millones para subsidiar fertilizantes e insumos agr\u00edcolas\",\"datePublished\":\"2026-04-07T02:01:55+00:00\",\"mainEntityOfPage\":{\"@id\":\"https:\/\/potenciaradiofonicadominicana.com\/portal\/pld-solicita-rd5000-millones-para-subsidiar-fertilizantes-e-insumos-agricolas\/\"},\"wordCount\":317,\"publisher\":{\"@id\":\"https:\/\/potenciaradiofonicadominicana.com\/portal\/#organization\"},\"image\":{\"@id\":\"https:\/\/potenciaradiofonicadominicana.com\/portal\/pld-solicita-rd5000-millones-para-subsidiar-fertilizantes-e-insumos-agricolas\/#primaryimage\"},\"thumbnailUrl\":\"https:\/\/potenciaradiofonicadominicana.com\/portal\/wp-content\/uploads\/2026\/04\/Geovanny-Arias.jpeg\",\"articleSection\":[\"Econom\u00eda\"],\"inLanguage\":\"es\"},{\"@type\":\"WebPage\",\"@id\":\"https:\/\/potenciaradiofonicadominicana.com\/portal\/pld-solicita-rd5000-millones-para-subsidiar-fertilizantes-e-insumos-agricolas\/\",\"url\":\"https:\/\/potenciaradiofonicadominicana.com\/portal\/pld-solicita-rd5000-millones-para-subsidiar-fertilizantes-e-insumos-agricolas\/\",\"name\":\"PLD solicita RD$5,000 millones para subsidiar fertilizantes e insumos agr\u00edcolas - PotenciaRadiofonicaDominicana.com\",\"isPartOf\":{\"@id\":\"https:\/\/potenciaradiofonicadominicana.com\/portal\/#website\"},\"primaryImageOfPage\":{\"@id\":\"https:\/\/potenciaradiofonicadominicana.com\/portal\/pld-solicita-rd5000-millones-para-subsidiar-fertilizantes-e-insumos-agricolas\/#primaryimage\"},\"image\":{\"@id\":\"https:\/\/potenciaradiofonicadominicana.com\/portal\/pld-solicita-rd5000-millones-para-subsidiar-fertilizantes-e-insumos-agricolas\/#primaryimage\"},\"thumbnailUrl\":\"https:\/\/potenciaradiofonicadominicana.com\/portal\/wp-content\/uploads\/2026\/04\/Geovanny-Arias.jpeg\",\"datePublished\":\"2026-04-07T02:01:55+00:00\",\"breadcrumb\":{\"@id\":\"https:\/\/potenciaradiofonicadominicana.com\/portal\/pld-solicita-rd5000-millones-para-subsidiar-fertilizantes-e-insumos-agricolas\/#breadcrumb\"},\"inLanguage\":\"es\",\"potentialAction\":[{\"@type\":\"ReadAction\",\"target\":[\"https:\/\/potenciaradiofonicadominicana.com\/portal\/pld-solicita-rd5000-millones-para-subsidiar-fertilizantes-e-insumos-agricolas\/\"]}]},{\"@type\":\"ImageObject\",\"inLanguage\":\"es\",\"@id\":\"https:\/\/potenciaradiofonicadominicana.com\/portal\/pld-solicita-rd5000-millones-para-subsidiar-fertilizantes-e-insumos-agricolas\/#primaryimage\",\"url\":\"https:\/\/potenciaradiofonicadominicana.com\/portal\/wp-content\/uploads\/2026\/04\/Geovanny-Arias.jpeg\",\"contentUrl\":\"https:\/\/potenciaradiofonicadominicana.com\/portal\/wp-content\/uploads\/2026\/04\/Geovanny-Arias.jpeg\",\"width\":1024,\"height\":777},{\"@type\":\"BreadcrumbList\",\"@id\":\"https:\/\/potenciaradiofonicadominicana.com\/portal\/pld-solicita-rd5000-millones-para-subsidiar-fertilizantes-e-insumos-agricolas\/#breadcrumb\",\"itemListElement\":[{\"@type\":\"ListItem\",\"position\":1,\"name\":\"Portada\",\"item\":\"https:\/\/potenciaradiofonicadominicana.com\/portal\/\"},{\"@type\":\"ListItem\",\"position\":2,\"name\":\"PLD solicita RD$5,000 millones para subsidiar fertilizantes e insumos agr\u00edcolas\"}]},{\"@type\":\"WebSite\",\"@id\":\"https:\/\/potenciaradiofonicadominicana.com\/portal\/#website\",\"url\":\"https:\/\/potenciaradiofonicadominicana.com\/portal\/\",\"name\":\"PotenciaRadiofonicaDominicana.com\",\"description\":\"Peri\u00f3dico Digital\",\"publisher\":{\"@id\":\"https:\/\/potenciaradiofonicadominicana.com\/portal\/#organization\"},\"potentialAction\":[{\"@type\":\"SearchAction\",\"target\":{\"@type\":\"EntryPoint\",\"urlTemplate\":\"https:\/\/potenciaradiofonicadominicana.com\/portal\/?s={search_term_string}\"},\"query-input\":{\"@type\":\"PropertyValueSpecification\",\"valueRequired\":true,\"valueName\":\"search_term_string\"}}],\"inLanguage\":\"es\"},{\"@type\":\"Organization\",\"@id\":\"https:\/\/potenciaradiofonicadominicana.com\/portal\/#organization\",\"name\":\"PotenciaRadiofonicaDominicana.com\",\"url\":\"https:\/\/potenciaradiofonicadominicana.com\/portal\/\",\"logo\":{\"@type\":\"ImageObject\",\"inLanguage\":\"es\",\"@id\":\"https:\/\/potenciaradiofonicadominicana.com\/portal\/#\/schema\/logo\/image\/\",\"url\":\"https:\/\/potenciaradiofonicadominicana.com\/portal\/wp-content\/uploads\/2022\/01\/descarga.png\",\"contentUrl\":\"https:\/\/potenciaradiofonicadominicana.com\/portal\/wp-content\/uploads\/2022\/01\/descarga.png\",\"width\":300,\"height\":100,\"caption\":\"PotenciaRadiofonicaDominicana.com\"},\"image\":{\"@id\":\"https:\/\/potenciaradiofonicadominicana.com\/portal\/#\/schema\/logo\/image\/\"},\"sameAs\":[\"https:\/\/web.facebook.com\/PotenciaRadiofonicaD\"]},{\"@type\":\"Person\",\"@id\":\"https:\/\/potenciaradiofonicadominicana.com\/portal\/#\/schema\/person\/a5cf1fea13877803ee0573ac18b03490\",\"name\":\"Potencia Radiof\u00f3nica Dominicana\",\"image\":{\"@type\":\"ImageObject\",\"inLanguage\":\"es\",\"@id\":\"https:\/\/potenciaradiofonicadominicana.com\/portal\/#\/schema\/person\/image\/\",\"url\":\"https:\/\/secure.gravatar.com\/avatar\/42a55ab9e8ccc656ba34cd791990602a?s=96&d=mm&r=g\",\"contentUrl\":\"https:\/\/secure.gravatar.com\/avatar\/42a55ab9e8ccc656ba34cd791990602a?s=96&d=mm&r=g\",\"caption\":\"Potencia Radiof\u00f3nica Dominicana\"},\"url\":\"https:\/\/potenciaradiofonicadominicana.com\/portal\/author\/johannyalmanzar\/\"}]}<\/script>\n<!-- \/ Yoast SEO plugin. -->","yoast_head_json":{"title":"PLD solicita RD$5,000 millones para subsidiar fertilizantes e insumos agr\u00edcolas - PotenciaRadiofonicaDominicana.com","robots":{"index":"index","follow":"follow","max-snippet":"max-snippet:-1","max-image-preview":"max-image-preview:large","max-video-preview":"max-video-preview:-1"},"canonical":"https:\/\/potenciaradiofonicadominicana.com\/portal\/pld-solicita-rd5000-millones-para-subsidiar-fertilizantes-e-insumos-agricolas\/","og_locale":"es_ES","og_type":"article","og_title":"PLD solicita RD$5,000 millones para subsidiar fertilizantes e insumos agr\u00edcolas - PotenciaRadiofonicaDominicana.com","og_description":"Geovanny Arias, miembro del Comit\u00e9 Central del Partido de la Liberaci\u00f3n Dominicana, dijo que ante el contexto de la Rep\u00fablica ...","og_url":"https:\/\/potenciaradiofonicadominicana.com\/portal\/pld-solicita-rd5000-millones-para-subsidiar-fertilizantes-e-insumos-agricolas\/","og_site_name":"PotenciaRadiofonicaDominicana.com","article_publisher":"https:\/\/web.facebook.com\/PotenciaRadiofonicaD","article_published_time":"2026-04-07T02:01:55+00:00","og_image":[{"width":1024,"height":777,"url":"https:\/\/potenciaradiofonicadominicana.com\/portal\/wp-content\/uploads\/2026\/04\/Geovanny-Arias.jpeg","type":"image\/jpeg"}],"author":"Potencia Radiof\u00f3nica Dominicana","twitter_card":"summary_large_image","twitter_misc":{"Escrito por":"Potencia Radiof\u00f3nica Dominicana","Tiempo de lectura":"2 minutos"},"schema":{"@context":"https:\/\/schema.org","@graph":[{"@type":"Article","@id":"https:\/\/potenciaradiofonicadominicana.com\/portal\/pld-solicita-rd5000-millones-para-subsidiar-fertilizantes-e-insumos-agricolas\/#article","isPartOf":{"@id":"https:\/\/potenciaradiofonicadominicana.com\/portal\/pld-solicita-rd5000-millones-para-subsidiar-fertilizantes-e-insumos-agricolas\/"},"author":{"name":"Potencia Radiof\u00f3nica Dominicana","@id":"https:\/\/potenciaradiofonicadominicana.com\/portal\/#\/schema\/person\/a5cf1fea13877803ee0573ac18b03490"},"headline":"PLD solicita RD$5,000 millones para subsidiar fertilizantes e insumos agr\u00edcolas","datePublished":"2026-04-07T02:01:55+00:00","mainEntityOfPage":{"@id":"https:\/\/potenciaradiofonicadominicana.com\/portal\/pld-solicita-rd5000-millones-para-subsidiar-fertilizantes-e-insumos-agricolas\/"},"wordCount":317,"publisher":{"@id":"https:\/\/potenciaradiofonicadominicana.com\/portal\/#organization"},"image":{"@id":"https:\/\/potenciaradiofonicadominicana.com\/portal\/pld-solicita-rd5000-millones-para-subsidiar-fertilizantes-e-insumos-agricolas\/#primaryimage"},"thumbnailUrl":"https:\/\/potenciaradiofonicadominicana.com\/portal\/wp-content\/uploads\/2026\/04\/Geovanny-Arias.jpeg","articleSection":["Econom\u00eda"],"inLanguage":"es"},{"@type":"WebPage","@id":"https:\/\/potenciaradiofonicadominicana.com\/portal\/pld-solicita-rd5000-millones-para-subsidiar-fertilizantes-e-insumos-agricolas\/","url":"https:\/\/potenciaradiofonicadominicana.com\/portal\/pld-solicita-rd5000-millones-para-subsidiar-fertilizantes-e-insumos-agricolas\/","name":"PLD solicita RD$5,000 millones para subsidiar fertilizantes e insumos agr\u00edcolas - PotenciaRadiofonicaDominicana.com","isPartOf":{"@id":"https:\/\/potenciaradiofonicadominicana.com\/portal\/#website"},"primaryImageOfPage":{"@id":"https:\/\/potenciaradiofonicadominicana.com\/portal\/pld-solicita-rd5000-millones-para-subsidiar-fertilizantes-e-insumos-agricolas\/#primaryimage"},"image":{"@id":"https:\/\/potenciaradiofonicadominicana.com\/portal\/pld-solicita-rd5000-millones-para-subsidiar-fertilizantes-e-insumos-agricolas\/#primaryimage"},"thumbnailUrl":"https:\/\/potenciaradiofonicadominicana.com\/portal\/wp-content\/uploads\/2026\/04\/Geovanny-Arias.jpeg","datePublished":"2026-04-07T02:01:55+00:00","breadcrumb":{"@id":"https:\/\/potenciaradiofonicadominicana.com\/portal\/pld-solicita-rd5000-millones-para-subsidiar-fertilizantes-e-insumos-agricolas\/#breadcrumb"},"inLanguage":"es","potentialAction":[{"@type":"ReadAction","target":["https:\/\/potenciaradiofonicadominicana.com\/portal\/pld-solicita-rd5000-millones-para-subsidiar-fertilizantes-e-insumos-agricolas\/"]}]},{"@type":"ImageObject","inLanguage":"es","@id":"https:\/\/potenciaradiofonicadominicana.com\/portal\/pld-solicita-rd5000-millones-para-subsidiar-fertilizantes-e-insumos-agricolas\/#primaryimage","url":"https:\/\/potenciaradiofonicadominicana.com\/portal\/wp-content\/uploads\/2026\/04\/Geovanny-Arias.jpeg","contentUrl":"https:\/\/potenciaradiofonicadominicana.com\/portal\/wp-content\/uploads\/2026\/04\/Geovanny-Arias.jpeg","width":1024,"height":777},{"@type":"BreadcrumbList","@id":"https:\/\/potenciaradiofonicadominicana.com\/portal\/pld-solicita-rd5000-millones-para-subsidiar-fertilizantes-e-insumos-agricolas\/#breadcrumb","itemListElement":[{"@type":"ListItem","position":1,"name":"Portada","item":"https:\/\/potenciaradiofonicadominicana.com\/portal\/"},{"@type":"ListItem","position":2,"name":"PLD solicita RD$5,000 millones para subsidiar fertilizantes e insumos agr\u00edcolas"}]},{"@type":"WebSite","@id":"https:\/\/potenciaradiofonicadominicana.com\/portal\/#website","url":"https:\/\/potenciaradiofonicadominicana.com\/portal\/","name":"PotenciaRadiofonicaDominicana.com","description":"Peri\u00f3dico Digital","publisher":{"@id":"https:\/\/potenciaradiofonicadominicana.com\/portal\/#organization"},"potentialAction":[{"@type":"SearchAction","target":{"@type":"EntryPoint","urlTemplate":"https:\/\/potenciaradiofonicadominicana.com\/portal\/?s={search_term_string}"},"query-input":{"@type":"PropertyValueSpecification","valueRequired":true,"valueName":"search_term_string"}}],"inLanguage":"es"},{"@type":"Organization","@id":"https:\/\/potenciaradiofonicadominicana.com\/portal\/#organization","name":"PotenciaRadiofonicaDominicana.com","url":"https:\/\/potenciaradiofonicadominicana.com\/portal\/","logo":{"@type":"ImageObject","inLanguage":"es","@id":"https:\/\/potenciaradiofonicadominicana.com\/portal\/#\/schema\/logo\/image\/","url":"https:\/\/potenciaradiofonicadominicana.com\/portal\/wp-content\/uploads\/2022\/01\/descarga.png","contentUrl":"https:\/\/potenciaradiofonicadominicana.com\/portal\/wp-content\/uploads\/2022\/01\/descarga.png","width":300,"height":100,"caption":"PotenciaRadiofonicaDominicana.com"},"image":{"@id":"https:\/\/potenciaradiofonicadominicana.com\/portal\/#\/schema\/logo\/image\/"},"sameAs":["https:\/\/web.facebook.com\/PotenciaRadiofonicaD"]},{"@type":"Person","@id":"https:\/\/potenciaradiofonicadominicana.com\/portal\/#\/schema\/person\/a5cf1fea13877803ee0573ac18b03490","name":"Potencia Radiof\u00f3nica Dominicana","image":{"@type":"ImageObject","inLanguage":"es","@id":"https:\/\/potenciaradiofonicadominicana.com\/portal\/#\/schema\/person\/image\/","url":"https:\/\/secure.gravatar.com\/avatar\/42a55ab9e8ccc656ba34cd791990602a?s=96&d=mm&r=g","contentUrl":"https:\/\/secure.gravatar.com\/avatar\/42a55ab9e8ccc656ba34cd791990602a?s=96&d=mm&r=g","caption":"Potencia Radiof\u00f3nica Dominicana"},"url":"https:\/\/potenciaradiofonicadominicana.com\/portal\/author\/johannyalmanzar\/"}]}},"_links":{"self":[{"href":"https:\/\/potenciaradiofonicadominicana.com\/portal\/wp-json\/wp\/v2\/posts\/214430","targetHints":{"allow":["GET"]}}],"collection":[{"href":"https:\/\/potenciaradiofonicadominicana.com\/portal\/wp-json\/wp\/v2\/posts"}],"about":[{"href":"https:\/\/potenciaradiofonicadominicana.com\/portal\/wp-json\/wp\/v2\/types\/post"}],"author":[{"embeddable":true,"href":"https:\/\/potenciaradiofonicadominicana.com\/portal\/wp-json\/wp\/v2\/users\/2"}],"replies":[{"embeddable":true,"href":"https:\/\/potenciaradiofonicadominicana.com\/portal\/wp-json\/wp\/v2\/comments?post=214430"}],"version-history":[{"count":1,"href":"https:\/\/potenciaradiofonicadominicana.com\/portal\/wp-json\/wp\/v2\/posts\/214430\/revisions"}],"predecessor-version":[{"id":214432,"href":"https:\/\/potenciaradiofonicadominicana.com\/portal\/wp-json\/wp\/v2\/posts\/214430\/revisions\/214432"}],"wp:featuredmedia":[{"embeddable":true,"href":"https:\/\/potenciaradiofonicadominicana.com\/portal\/wp-json\/wp\/v2\/media\/214431"}],"wp:attachment":[{"href":"https:\/\/potenciaradiofonicadominicana.com\/portal\/wp-json\/wp\/v2\/media?parent=214430"}],"wp:term":[{"taxonomy":"category","embeddable":true,"href":"https:\/\/potenciaradiofonicadominicana.com\/portal\/wp-json\/wp\/v2\/categories?post=214430"},{"taxonomy":"post_tag","embeddable":true,"href":"https:\/\/potenciaradiofonicadominicana.com\/portal\/wp-json\/wp\/v2\/tags?post=214430"}],"curies":[{"name":"wp","href":"https:\/\/api.w.org\/{rel}","templated":true}]}}