{"id":214427,"date":"2026-04-06T21:59:11","date_gmt":"2026-04-07T01:59:11","guid":{"rendered":"https:\/\/potenciaradiofonicadominicana.com\/portal\/?p=214427"},"modified":"2026-04-06T21:59:11","modified_gmt":"2026-04-07T01:59:11","slug":"conep-respalda-llamado-de-abinader-a-un-acuerdo-nacional-ante-crisis-global","status":"publish","type":"post","link":"https:\/\/potenciaradiofonicadominicana.com\/portal\/conep-respalda-llamado-de-abinader-a-un-acuerdo-nacional-ante-crisis-global\/","title":{"rendered":"Conep respalda llamado de Abinader a un acuerdo nacional ante crisis global"},"content":{"rendered":"<p><a href=\"https:\/\/potenciaradiofonicadominicana.com\/portal\/wp-content\/uploads\/2026\/04\/Cesar-Dargam-VPE-CONEP-Principal-Prensa-e1496862600721.jpg\"><img loading=\"lazy\" decoding=\"async\" class=\"alignnone size-full wp-image-214428\" src=\"https:\/\/potenciaradiofonicadominicana.com\/portal\/wp-content\/uploads\/2026\/04\/Cesar-Dargam-VPE-CONEP-Principal-Prensa-e1496862600721.jpg\" alt=\"\" width=\"990\" height=\"660\" srcset=\"https:\/\/potenciaradiofonicadominicana.com\/portal\/wp-content\/uploads\/2026\/04\/Cesar-Dargam-VPE-CONEP-Principal-Prensa-e1496862600721.jpg 990w, https:\/\/potenciaradiofonicadominicana.com\/portal\/wp-content\/uploads\/2026\/04\/Cesar-Dargam-VPE-CONEP-Principal-Prensa-e1496862600721-300x200.jpg 300w, https:\/\/potenciaradiofonicadominicana.com\/portal\/wp-content\/uploads\/2026\/04\/Cesar-Dargam-VPE-CONEP-Principal-Prensa-e1496862600721-768x512.jpg 768w\" sizes=\"auto, (max-width: 990px) 100vw, 990px\" \/><\/a><\/p>\n<p data-start=\"100\" data-end=\"425\">El vicepresidente ejecutivo del\u00a0<span class=\"hover:entity-accent entity-underline inline cursor-pointer align-baseline\"><span class=\"whitespace-normal\">Consejo Nacional de la Empresa Privada<\/span><\/span>\u00a0(CONEP),\u00a0<span class=\"hover:entity-accent entity-underline inline cursor-pointer align-baseline\"><span class=\"whitespace-normal\">C\u00e9sar Dargam<\/span><\/span>, valor\u00f3 como oportuno y pertinente el llamado a un acuerdo nacional realizado por el presidente\u00a0<span class=\"hover:entity-accent entity-underline inline cursor-pointer align-baseline\"><span class=\"whitespace-normal\">Luis Abinader<\/span><\/span>, en medio de un contexto internacional marcado por la incertidumbre.<\/p>\n<p data-start=\"427\" data-end=\"697\">Dargam consider\u00f3 que la iniciativa del mandatario llega en un momento clave, en el que la articulaci\u00f3n de esfuerzos entre los distintos sectores ser\u00e1 fundamental para preservar la estabilidad econ\u00f3mica, sostener el crecimiento y mitigar los impactos de la crisis global.<\/p>\n<p data-start=\"699\" data-end=\"922\">\u201cEl llamado a la unidad nacional es oportuno ante un entorno cada vez m\u00e1s incierto. La articulaci\u00f3n de esfuerzos entre sectores ser\u00e1 clave para preservar la estabilidad, sostener el crecimiento y mitigar impactos\u201d, expres\u00f3.<\/p>\n<p data-start=\"924\" data-end=\"1170\">El dirigente empresarial destac\u00f3 que la Rep\u00fablica Dominicana ya ha demostrado en otras ocasiones su capacidad de trabajar de manera conjunta frente a escenarios complejos, lo que refuerza la viabilidad de alcanzar consensos en beneficio del pa\u00eds.<\/p>\n<p data-start=\"1172\" data-end=\"1357\">En ese sentido, reiter\u00f3 la disposici\u00f3n del sector empresarial de contribuir activamente a las discusiones y a la construcci\u00f3n de soluciones que permitan enfrentar los desaf\u00edos actuales.<\/p>\n<p data-start=\"1359\" data-end=\"1648\" data-is-last-node=\"\" data-is-only-node=\"\">El pronunciamiento se produce luego de que el presidente\u00a0<span class=\"hover:entity-accent entity-underline inline cursor-pointer align-baseline\"><span class=\"whitespace-normal\">Luis Abinader<\/span><\/span>\u00a0instruyera a varios ministerios a iniciar un proceso de consultas con sectores productivos, pol\u00edticos y sociales, con miras a lograr un gran acuerdo nacional frente a la coyuntura internacional.<\/p>\n<div class=\"twitter-tweet twitter-tweet-rendered\"><iframe id=\"twitter-widget-0\" class=\"\" title=\"X Post\" src=\"https:\/\/platform.twitter.com\/embed\/Tweet.html?creatorScreenName=https%3A%2F%2Ftwitter.com%2Fwilkinandujar&amp;dnt=false&amp;embedId=twitter-widget-0&amp;features=eyJ0ZndfdGltZWxpbmVfbGlzdCI6eyJidWNrZXQiOltdLCJ2ZXJzaW9uIjpudWxsfSwidGZ3X2ZvbGxvd2VyX2NvdW50X3N1bnNldCI6eyJidWNrZXQiOnRydWUsInZlcnNpb24iOm51bGx9LCJ0ZndfdHdlZXRfZWRpdF9iYWNrZW5kIjp7ImJ1Y2tldCI6Im9uIiwidmVyc2lvbiI6bnVsbH0sInRmd19yZWZzcmNfc2Vzc2lvbiI6eyJidWNrZXQiOiJvbiIsInZlcnNpb24iOm51bGx9LCJ0ZndfZm9zbnJfc29mdF9pbnRlcnZlbnRpb25zX2VuYWJsZWQiOnsiYnVja2V0Ijoib24iLCJ2ZXJzaW9uIjpudWxsfSwidGZ3X21peGVkX21lZGlhXzE1ODk3Ijp7ImJ1Y2tldCI6InRyZWF0bWVudCIsInZlcnNpb24iOm51bGx9LCJ0ZndfZXhwZXJpbWVudHNfY29va2llX2V4cGlyYXRpb24iOnsiYnVja2V0IjoxMjA5NjAwLCJ2ZXJzaW9uIjpudWxsfSwidGZ3X3Nob3dfYmlyZHdhdGNoX3Bpdm90c19lbmFibGVkIjp7ImJ1Y2tldCI6Im9uIiwidmVyc2lvbiI6bnVsbH0sInRmd19kdXBsaWNhdGVfc2NyaWJlc190b19zZXR0aW5ncyI6eyJidWNrZXQiOiJvbiIsInZlcnNpb24iOm51bGx9LCJ0ZndfdXNlX3Byb2ZpbGVfaW1hZ2Vfc2hhcGVfZW5hYmxlZCI6eyJidWNrZXQiOiJvbiIsInZlcnNpb24iOm51bGx9LCJ0ZndfdmlkZW9faGxzX2R5bmFtaWNfbWFuaWZlc3RzXzE1MDgyIjp7ImJ1Y2tldCI6InRydWVfYml0cmF0ZSIsInZlcnNpb24iOm51bGx9LCJ0ZndfbGVnYWN5X3RpbWVsaW5lX3N1bnNldCI6eyJidWNrZXQiOnRydWUsInZlcnNpb24iOm51bGx9LCJ0ZndfdHdlZXRfZWRpdF9mcm9udGVuZCI6eyJidWNrZXQiOiJvbiIsInZlcnNpb24iOm51bGx9fQ%3D%3D&amp;frame=false&amp;hideCard=false&amp;hideThread=false&amp;id=2040951781748785612&amp;lang=es&amp;origin=https%3A%2F%2Fz101digital.com%2Fconep-respalda-llamado-de-abinader-a-un-acuerdo-nacional-ante-crisis-global%2F&amp;sessionId=7a69bd254775cf22b347d6bfd73924da1ee21cda&amp;siteScreenName=z101digital&amp;theme=light&amp;widgetsVersion=2615f7e52b7e0%3A1702314776716&amp;width=550px\" frameborder=\"0\" scrolling=\"no\" allowfullscreen=\"allowfullscreen\" data-tweet-id=\"2040951781748785612\" data-mce-fragment=\"1\"><\/iframe><\/div>\n<p>&nbsp;<\/p>\n<div class=\"single-post-ads-footer hidden-xs\"><\/div>\n","protected":false},"excerpt":{"rendered":"<p>El vicepresidente ejecutivo del\u00a0Consejo Nacional de la Empresa Privada\u00a0(CONEP),\u00a0C\u00e9sar Dargam, valor\u00f3 como oportuno y pertinente el llamado a un acuerdo &#8230;<\/p>\n","protected":false},"author":2,"featured_media":214428,"comment_status":"closed","ping_status":"closed","sticky":false,"template":"","format":"standard","meta":{"footnotes":""},"categories":[26],"tags":[],"class_list":["post-214427","post","type-post","status-publish","format-standard","has-post-thumbnail","hentry","category-economia"],"yoast_head":"<!-- This site is optimized with the Yoast SEO plugin v24.8.1 - https:\/\/yoast.com\/wordpress\/plugins\/seo\/ -->\n<title>Conep respalda llamado de Abinader a un acuerdo nacional ante crisis global - PotenciaRadiofonicaDominicana.com<\/title>\n<meta name=\"robots\" content=\"index, follow, max-snippet:-1, max-image-preview:large, max-video-preview:-1\" \/>\n<link rel=\"canonical\" href=\"https:\/\/potenciaradiofonicadominicana.com\/portal\/conep-respalda-llamado-de-abinader-a-un-acuerdo-nacional-ante-crisis-global\/\" \/>\n<meta property=\"og:locale\" content=\"es_ES\" \/>\n<meta property=\"og:type\" content=\"article\" \/>\n<meta property=\"og:title\" content=\"Conep respalda llamado de Abinader a un acuerdo nacional ante crisis global - PotenciaRadiofonicaDominicana.com\" \/>\n<meta property=\"og:description\" content=\"El vicepresidente ejecutivo del\u00a0Consejo Nacional de la Empresa Privada\u00a0(CONEP),\u00a0C\u00e9sar Dargam, valor\u00f3 como oportuno y pertinente el llamado a un acuerdo ...\" \/>\n<meta property=\"og:url\" content=\"https:\/\/potenciaradiofonicadominicana.com\/portal\/conep-respalda-llamado-de-abinader-a-un-acuerdo-nacional-ante-crisis-global\/\" \/>\n<meta property=\"og:site_name\" content=\"PotenciaRadiofonicaDominicana.com\" \/>\n<meta property=\"article:publisher\" content=\"https:\/\/web.facebook.com\/PotenciaRadiofonicaD\" \/>\n<meta property=\"article:published_time\" content=\"2026-04-07T01:59:11+00:00\" \/>\n<meta property=\"og:image\" content=\"https:\/\/potenciaradiofonicadominicana.com\/portal\/wp-content\/uploads\/2026\/04\/Cesar-Dargam-VPE-CONEP-Principal-Prensa-e1496862600721.jpg\" \/>\n\t<meta property=\"og:image:width\" content=\"990\" \/>\n\t<meta property=\"og:image:height\" content=\"660\" \/>\n\t<meta property=\"og:image:type\" content=\"image\/jpeg\" \/>\n<meta name=\"author\" content=\"Potencia Radiof\u00f3nica Dominicana\" \/>\n<meta name=\"twitter:card\" content=\"summary_large_image\" \/>\n<meta name=\"twitter:label1\" content=\"Escrito por\" \/>\n\t<meta name=\"twitter:data1\" content=\"Potencia Radiof\u00f3nica Dominicana\" \/>\n\t<meta name=\"twitter:label2\" content=\"Tiempo de lectura\" \/>\n\t<meta name=\"twitter:data2\" content=\"2 minutos\" \/>\n<script type=\"application\/ld+json\" class=\"yoast-schema-graph\">{\"@context\":\"https:\/\/schema.org\",\"@graph\":[{\"@type\":\"Article\",\"@id\":\"https:\/\/potenciaradiofonicadominicana.com\/portal\/conep-respalda-llamado-de-abinader-a-un-acuerdo-nacional-ante-crisis-global\/#article\",\"isPartOf\":{\"@id\":\"https:\/\/potenciaradiofonicadominicana.com\/portal\/conep-respalda-llamado-de-abinader-a-un-acuerdo-nacional-ante-crisis-global\/\"},\"author\":{\"name\":\"Potencia Radiof\u00f3nica Dominicana\",\"@id\":\"https:\/\/potenciaradiofonicadominicana.com\/portal\/#\/schema\/person\/a5cf1fea13877803ee0573ac18b03490\"},\"headline\":\"Conep respalda llamado de Abinader a un acuerdo nacional ante crisis global\",\"datePublished\":\"2026-04-07T01:59:11+00:00\",\"mainEntityOfPage\":{\"@id\":\"https:\/\/potenciaradiofonicadominicana.com\/portal\/conep-respalda-llamado-de-abinader-a-un-acuerdo-nacional-ante-crisis-global\/\"},\"wordCount\":243,\"publisher\":{\"@id\":\"https:\/\/potenciaradiofonicadominicana.com\/portal\/#organization\"},\"image\":{\"@id\":\"https:\/\/potenciaradiofonicadominicana.com\/portal\/conep-respalda-llamado-de-abinader-a-un-acuerdo-nacional-ante-crisis-global\/#primaryimage\"},\"thumbnailUrl\":\"https:\/\/potenciaradiofonicadominicana.com\/portal\/wp-content\/uploads\/2026\/04\/Cesar-Dargam-VPE-CONEP-Principal-Prensa-e1496862600721.jpg\",\"articleSection\":[\"Econom\u00eda\"],\"inLanguage\":\"es\"},{\"@type\":\"WebPage\",\"@id\":\"https:\/\/potenciaradiofonicadominicana.com\/portal\/conep-respalda-llamado-de-abinader-a-un-acuerdo-nacional-ante-crisis-global\/\",\"url\":\"https:\/\/potenciaradiofonicadominicana.com\/portal\/conep-respalda-llamado-de-abinader-a-un-acuerdo-nacional-ante-crisis-global\/\",\"name\":\"Conep respalda llamado de Abinader a un acuerdo nacional ante crisis global - PotenciaRadiofonicaDominicana.com\",\"isPartOf\":{\"@id\":\"https:\/\/potenciaradiofonicadominicana.com\/portal\/#website\"},\"primaryImageOfPage\":{\"@id\":\"https:\/\/potenciaradiofonicadominicana.com\/portal\/conep-respalda-llamado-de-abinader-a-un-acuerdo-nacional-ante-crisis-global\/#primaryimage\"},\"image\":{\"@id\":\"https:\/\/potenciaradiofonicadominicana.com\/portal\/conep-respalda-llamado-de-abinader-a-un-acuerdo-nacional-ante-crisis-global\/#primaryimage\"},\"thumbnailUrl\":\"https:\/\/potenciaradiofonicadominicana.com\/portal\/wp-content\/uploads\/2026\/04\/Cesar-Dargam-VPE-CONEP-Principal-Prensa-e1496862600721.jpg\",\"datePublished\":\"2026-04-07T01:59:11+00:00\",\"breadcrumb\":{\"@id\":\"https:\/\/potenciaradiofonicadominicana.com\/portal\/conep-respalda-llamado-de-abinader-a-un-acuerdo-nacional-ante-crisis-global\/#breadcrumb\"},\"inLanguage\":\"es\",\"potentialAction\":[{\"@type\":\"ReadAction\",\"target\":[\"https:\/\/potenciaradiofonicadominicana.com\/portal\/conep-respalda-llamado-de-abinader-a-un-acuerdo-nacional-ante-crisis-global\/\"]}]},{\"@type\":\"ImageObject\",\"inLanguage\":\"es\",\"@id\":\"https:\/\/potenciaradiofonicadominicana.com\/portal\/conep-respalda-llamado-de-abinader-a-un-acuerdo-nacional-ante-crisis-global\/#primaryimage\",\"url\":\"https:\/\/potenciaradiofonicadominicana.com\/portal\/wp-content\/uploads\/2026\/04\/Cesar-Dargam-VPE-CONEP-Principal-Prensa-e1496862600721.jpg\",\"contentUrl\":\"https:\/\/potenciaradiofonicadominicana.com\/portal\/wp-content\/uploads\/2026\/04\/Cesar-Dargam-VPE-CONEP-Principal-Prensa-e1496862600721.jpg\",\"width\":990,\"height\":660},{\"@type\":\"BreadcrumbList\",\"@id\":\"https:\/\/potenciaradiofonicadominicana.com\/portal\/conep-respalda-llamado-de-abinader-a-un-acuerdo-nacional-ante-crisis-global\/#breadcrumb\",\"itemListElement\":[{\"@type\":\"ListItem\",\"position\":1,\"name\":\"Portada\",\"item\":\"https:\/\/potenciaradiofonicadominicana.com\/portal\/\"},{\"@type\":\"ListItem\",\"position\":2,\"name\":\"Conep respalda llamado de Abinader a un acuerdo nacional ante crisis global\"}]},{\"@type\":\"WebSite\",\"@id\":\"https:\/\/potenciaradiofonicadominicana.com\/portal\/#website\",\"url\":\"https:\/\/potenciaradiofonicadominicana.com\/portal\/\",\"name\":\"PotenciaRadiofonicaDominicana.com\",\"description\":\"Peri\u00f3dico Digital\",\"publisher\":{\"@id\":\"https:\/\/potenciaradiofonicadominicana.com\/portal\/#organization\"},\"potentialAction\":[{\"@type\":\"SearchAction\",\"target\":{\"@type\":\"EntryPoint\",\"urlTemplate\":\"https:\/\/potenciaradiofonicadominicana.com\/portal\/?s={search_term_string}\"},\"query-input\":{\"@type\":\"PropertyValueSpecification\",\"valueRequired\":true,\"valueName\":\"search_term_string\"}}],\"inLanguage\":\"es\"},{\"@type\":\"Organization\",\"@id\":\"https:\/\/potenciaradiofonicadominicana.com\/portal\/#organization\",\"name\":\"PotenciaRadiofonicaDominicana.com\",\"url\":\"https:\/\/potenciaradiofonicadominicana.com\/portal\/\",\"logo\":{\"@type\":\"ImageObject\",\"inLanguage\":\"es\",\"@id\":\"https:\/\/potenciaradiofonicadominicana.com\/portal\/#\/schema\/logo\/image\/\",\"url\":\"https:\/\/potenciaradiofonicadominicana.com\/portal\/wp-content\/uploads\/2022\/01\/descarga.png\",\"contentUrl\":\"https:\/\/potenciaradiofonicadominicana.com\/portal\/wp-content\/uploads\/2022\/01\/descarga.png\",\"width\":300,\"height\":100,\"caption\":\"PotenciaRadiofonicaDominicana.com\"},\"image\":{\"@id\":\"https:\/\/potenciaradiofonicadominicana.com\/portal\/#\/schema\/logo\/image\/\"},\"sameAs\":[\"https:\/\/web.facebook.com\/PotenciaRadiofonicaD\"]},{\"@type\":\"Person\",\"@id\":\"https:\/\/potenciaradiofonicadominicana.com\/portal\/#\/schema\/person\/a5cf1fea13877803ee0573ac18b03490\",\"name\":\"Potencia Radiof\u00f3nica Dominicana\",\"image\":{\"@type\":\"ImageObject\",\"inLanguage\":\"es\",\"@id\":\"https:\/\/potenciaradiofonicadominicana.com\/portal\/#\/schema\/person\/image\/\",\"url\":\"https:\/\/secure.gravatar.com\/avatar\/42a55ab9e8ccc656ba34cd791990602a?s=96&d=mm&r=g\",\"contentUrl\":\"https:\/\/secure.gravatar.com\/avatar\/42a55ab9e8ccc656ba34cd791990602a?s=96&d=mm&r=g\",\"caption\":\"Potencia Radiof\u00f3nica Dominicana\"},\"url\":\"https:\/\/potenciaradiofonicadominicana.com\/portal\/author\/johannyalmanzar\/\"}]}<\/script>\n<!-- \/ Yoast SEO plugin. -->","yoast_head_json":{"title":"Conep respalda llamado de Abinader a un acuerdo nacional ante crisis global - PotenciaRadiofonicaDominicana.com","robots":{"index":"index","follow":"follow","max-snippet":"max-snippet:-1","max-image-preview":"max-image-preview:large","max-video-preview":"max-video-preview:-1"},"canonical":"https:\/\/potenciaradiofonicadominicana.com\/portal\/conep-respalda-llamado-de-abinader-a-un-acuerdo-nacional-ante-crisis-global\/","og_locale":"es_ES","og_type":"article","og_title":"Conep respalda llamado de Abinader a un acuerdo nacional ante crisis global - PotenciaRadiofonicaDominicana.com","og_description":"El vicepresidente ejecutivo del\u00a0Consejo Nacional de la Empresa Privada\u00a0(CONEP),\u00a0C\u00e9sar Dargam, valor\u00f3 como oportuno y pertinente el llamado a un acuerdo ...","og_url":"https:\/\/potenciaradiofonicadominicana.com\/portal\/conep-respalda-llamado-de-abinader-a-un-acuerdo-nacional-ante-crisis-global\/","og_site_name":"PotenciaRadiofonicaDominicana.com","article_publisher":"https:\/\/web.facebook.com\/PotenciaRadiofonicaD","article_published_time":"2026-04-07T01:59:11+00:00","og_image":[{"width":990,"height":660,"url":"https:\/\/potenciaradiofonicadominicana.com\/portal\/wp-content\/uploads\/2026\/04\/Cesar-Dargam-VPE-CONEP-Principal-Prensa-e1496862600721.jpg","type":"image\/jpeg"}],"author":"Potencia Radiof\u00f3nica Dominicana","twitter_card":"summary_large_image","twitter_misc":{"Escrito por":"Potencia Radiof\u00f3nica Dominicana","Tiempo de lectura":"2 minutos"},"schema":{"@context":"https:\/\/schema.org","@graph":[{"@type":"Article","@id":"https:\/\/potenciaradiofonicadominicana.com\/portal\/conep-respalda-llamado-de-abinader-a-un-acuerdo-nacional-ante-crisis-global\/#article","isPartOf":{"@id":"https:\/\/potenciaradiofonicadominicana.com\/portal\/conep-respalda-llamado-de-abinader-a-un-acuerdo-nacional-ante-crisis-global\/"},"author":{"name":"Potencia Radiof\u00f3nica Dominicana","@id":"https:\/\/potenciaradiofonicadominicana.com\/portal\/#\/schema\/person\/a5cf1fea13877803ee0573ac18b03490"},"headline":"Conep respalda llamado de Abinader a un acuerdo nacional ante crisis global","datePublished":"2026-04-07T01:59:11+00:00","mainEntityOfPage":{"@id":"https:\/\/potenciaradiofonicadominicana.com\/portal\/conep-respalda-llamado-de-abinader-a-un-acuerdo-nacional-ante-crisis-global\/"},"wordCount":243,"publisher":{"@id":"https:\/\/potenciaradiofonicadominicana.com\/portal\/#organization"},"image":{"@id":"https:\/\/potenciaradiofonicadominicana.com\/portal\/conep-respalda-llamado-de-abinader-a-un-acuerdo-nacional-ante-crisis-global\/#primaryimage"},"thumbnailUrl":"https:\/\/potenciaradiofonicadominicana.com\/portal\/wp-content\/uploads\/2026\/04\/Cesar-Dargam-VPE-CONEP-Principal-Prensa-e1496862600721.jpg","articleSection":["Econom\u00eda"],"inLanguage":"es"},{"@type":"WebPage","@id":"https:\/\/potenciaradiofonicadominicana.com\/portal\/conep-respalda-llamado-de-abinader-a-un-acuerdo-nacional-ante-crisis-global\/","url":"https:\/\/potenciaradiofonicadominicana.com\/portal\/conep-respalda-llamado-de-abinader-a-un-acuerdo-nacional-ante-crisis-global\/","name":"Conep respalda llamado de Abinader a un acuerdo nacional ante crisis global - PotenciaRadiofonicaDominicana.com","isPartOf":{"@id":"https:\/\/potenciaradiofonicadominicana.com\/portal\/#website"},"primaryImageOfPage":{"@id":"https:\/\/potenciaradiofonicadominicana.com\/portal\/conep-respalda-llamado-de-abinader-a-un-acuerdo-nacional-ante-crisis-global\/#primaryimage"},"image":{"@id":"https:\/\/potenciaradiofonicadominicana.com\/portal\/conep-respalda-llamado-de-abinader-a-un-acuerdo-nacional-ante-crisis-global\/#primaryimage"},"thumbnailUrl":"https:\/\/potenciaradiofonicadominicana.com\/portal\/wp-content\/uploads\/2026\/04\/Cesar-Dargam-VPE-CONEP-Principal-Prensa-e1496862600721.jpg","datePublished":"2026-04-07T01:59:11+00:00","breadcrumb":{"@id":"https:\/\/potenciaradiofonicadominicana.com\/portal\/conep-respalda-llamado-de-abinader-a-un-acuerdo-nacional-ante-crisis-global\/#breadcrumb"},"inLanguage":"es","potentialAction":[{"@type":"ReadAction","target":["https:\/\/potenciaradiofonicadominicana.com\/portal\/conep-respalda-llamado-de-abinader-a-un-acuerdo-nacional-ante-crisis-global\/"]}]},{"@type":"ImageObject","inLanguage":"es","@id":"https:\/\/potenciaradiofonicadominicana.com\/portal\/conep-respalda-llamado-de-abinader-a-un-acuerdo-nacional-ante-crisis-global\/#primaryimage","url":"https:\/\/potenciaradiofonicadominicana.com\/portal\/wp-content\/uploads\/2026\/04\/Cesar-Dargam-VPE-CONEP-Principal-Prensa-e1496862600721.jpg","contentUrl":"https:\/\/potenciaradiofonicadominicana.com\/portal\/wp-content\/uploads\/2026\/04\/Cesar-Dargam-VPE-CONEP-Principal-Prensa-e1496862600721.jpg","width":990,"height":660},{"@type":"BreadcrumbList","@id":"https:\/\/potenciaradiofonicadominicana.com\/portal\/conep-respalda-llamado-de-abinader-a-un-acuerdo-nacional-ante-crisis-global\/#breadcrumb","itemListElement":[{"@type":"ListItem","position":1,"name":"Portada","item":"https:\/\/potenciaradiofonicadominicana.com\/portal\/"},{"@type":"ListItem","position":2,"name":"Conep respalda llamado de Abinader a un acuerdo nacional ante crisis global"}]},{"@type":"WebSite","@id":"https:\/\/potenciaradiofonicadominicana.com\/portal\/#website","url":"https:\/\/potenciaradiofonicadominicana.com\/portal\/","name":"PotenciaRadiofonicaDominicana.com","description":"Peri\u00f3dico Digital","publisher":{"@id":"https:\/\/potenciaradiofonicadominicana.com\/portal\/#organization"},"potentialAction":[{"@type":"SearchAction","target":{"@type":"EntryPoint","urlTemplate":"https:\/\/potenciaradiofonicadominicana.com\/portal\/?s={search_term_string}"},"query-input":{"@type":"PropertyValueSpecification","valueRequired":true,"valueName":"search_term_string"}}],"inLanguage":"es"},{"@type":"Organization","@id":"https:\/\/potenciaradiofonicadominicana.com\/portal\/#organization","name":"PotenciaRadiofonicaDominicana.com","url":"https:\/\/potenciaradiofonicadominicana.com\/portal\/","logo":{"@type":"ImageObject","inLanguage":"es","@id":"https:\/\/potenciaradiofonicadominicana.com\/portal\/#\/schema\/logo\/image\/","url":"https:\/\/potenciaradiofonicadominicana.com\/portal\/wp-content\/uploads\/2022\/01\/descarga.png","contentUrl":"https:\/\/potenciaradiofonicadominicana.com\/portal\/wp-content\/uploads\/2022\/01\/descarga.png","width":300,"height":100,"caption":"PotenciaRadiofonicaDominicana.com"},"image":{"@id":"https:\/\/potenciaradiofonicadominicana.com\/portal\/#\/schema\/logo\/image\/"},"sameAs":["https:\/\/web.facebook.com\/PotenciaRadiofonicaD"]},{"@type":"Person","@id":"https:\/\/potenciaradiofonicadominicana.com\/portal\/#\/schema\/person\/a5cf1fea13877803ee0573ac18b03490","name":"Potencia Radiof\u00f3nica Dominicana","image":{"@type":"ImageObject","inLanguage":"es","@id":"https:\/\/potenciaradiofonicadominicana.com\/portal\/#\/schema\/person\/image\/","url":"https:\/\/secure.gravatar.com\/avatar\/42a55ab9e8ccc656ba34cd791990602a?s=96&d=mm&r=g","contentUrl":"https:\/\/secure.gravatar.com\/avatar\/42a55ab9e8ccc656ba34cd791990602a?s=96&d=mm&r=g","caption":"Potencia Radiof\u00f3nica Dominicana"},"url":"https:\/\/potenciaradiofonicadominicana.com\/portal\/author\/johannyalmanzar\/"}]}},"_links":{"self":[{"href":"https:\/\/potenciaradiofonicadominicana.com\/portal\/wp-json\/wp\/v2\/posts\/214427","targetHints":{"allow":["GET"]}}],"collection":[{"href":"https:\/\/potenciaradiofonicadominicana.com\/portal\/wp-json\/wp\/v2\/posts"}],"about":[{"href":"https:\/\/potenciaradiofonicadominicana.com\/portal\/wp-json\/wp\/v2\/types\/post"}],"author":[{"embeddable":true,"href":"https:\/\/potenciaradiofonicadominicana.com\/portal\/wp-json\/wp\/v2\/users\/2"}],"replies":[{"embeddable":true,"href":"https:\/\/potenciaradiofonicadominicana.com\/portal\/wp-json\/wp\/v2\/comments?post=214427"}],"version-history":[{"count":1,"href":"https:\/\/potenciaradiofonicadominicana.com\/portal\/wp-json\/wp\/v2\/posts\/214427\/revisions"}],"predecessor-version":[{"id":214429,"href":"https:\/\/potenciaradiofonicadominicana.com\/portal\/wp-json\/wp\/v2\/posts\/214427\/revisions\/214429"}],"wp:featuredmedia":[{"embeddable":true,"href":"https:\/\/potenciaradiofonicadominicana.com\/portal\/wp-json\/wp\/v2\/media\/214428"}],"wp:attachment":[{"href":"https:\/\/potenciaradiofonicadominicana.com\/portal\/wp-json\/wp\/v2\/media?parent=214427"}],"wp:term":[{"taxonomy":"category","embeddable":true,"href":"https:\/\/potenciaradiofonicadominicana.com\/portal\/wp-json\/wp\/v2\/categories?post=214427"},{"taxonomy":"post_tag","embeddable":true,"href":"https:\/\/potenciaradiofonicadominicana.com\/portal\/wp-json\/wp\/v2\/tags?post=214427"}],"curies":[{"name":"wp","href":"https:\/\/api.w.org\/{rel}","templated":true}]}}