{"id":214424,"date":"2026-04-06T21:54:57","date_gmt":"2026-04-07T01:54:57","guid":{"rendered":"https:\/\/potenciaradiofonicadominicana.com\/portal\/?p=214424"},"modified":"2026-04-06T21:54:57","modified_gmt":"2026-04-07T01:54:57","slug":"las-ede-compraron-mas-energia-y-subieron-en-clientes-sin-embargo-cobraron-menos","status":"publish","type":"post","link":"https:\/\/potenciaradiofonicadominicana.com\/portal\/las-ede-compraron-mas-energia-y-subieron-en-clientes-sin-embargo-cobraron-menos\/","title":{"rendered":"Las EDE compraron m\u00e1s energ\u00eda y subieron en clientes, sin embargo, cobraron menos"},"content":{"rendered":"<p><a href=\"https:\/\/potenciaradiofonicadominicana.com\/portal\/wp-content\/uploads\/2026\/04\/Redesde-transmision-3.jpg\"><img loading=\"lazy\" decoding=\"async\" class=\"alignnone size-full wp-image-214425\" src=\"https:\/\/potenciaradiofonicadominicana.com\/portal\/wp-content\/uploads\/2026\/04\/Redesde-transmision-3.jpg\" alt=\"\" width=\"1050\" height=\"700\" srcset=\"https:\/\/potenciaradiofonicadominicana.com\/portal\/wp-content\/uploads\/2026\/04\/Redesde-transmision-3.jpg 1050w, https:\/\/potenciaradiofonicadominicana.com\/portal\/wp-content\/uploads\/2026\/04\/Redesde-transmision-3-300x200.jpg 300w, https:\/\/potenciaradiofonicadominicana.com\/portal\/wp-content\/uploads\/2026\/04\/Redesde-transmision-3-1024x683.jpg 1024w, https:\/\/potenciaradiofonicadominicana.com\/portal\/wp-content\/uploads\/2026\/04\/Redesde-transmision-3-768x512.jpg 768w\" sizes=\"auto, (max-width: 1050px) 100vw, 1050px\" \/><\/a><\/p>\n<p>A pesar de que las tres\u00a0<strong>empresas distribuidoras<\/strong>\u00a0de electricidad (<strong>EDE<\/strong>) de la Rep\u00fablica Dominicana, lograron aumentar durante el \u00faltimo a\u00f1o la cantidad de clientes, tanto los facturados como los que reciben el subsidio de Bono Luz, esto no se ha traducido en una mejora del\u00a0<strong>monto cobrado<\/strong>\u00a0por la energ\u00eda suministrada.<\/p>\n<p>Las\u00a0<strong>compa\u00f1\u00edas p\u00fablicas<\/strong>\u00a0finalizaron el primer mes de 2026 con\u00a0<strong>2,956,966 clientes<\/strong>\u00a0facturados y 553,694 de los que reciben la citada subvenci\u00f3n estatal, mostrando ambos un crecimiento de un 0.1 y 1.6 %, respectivamente, al compararse con\u00a0<strong>enero<\/strong>\u00a0del a\u00f1o pasado. Suman entre los dos 3,510,660 usuarios regulados.<\/p>\n<p>No obstante, ese aumento de clientes no se tradujo en un mayor\u00a0<strong>monto cobrado<\/strong>\u00a0por parte de las\u00a0<strong>EDE<\/strong>, seg\u00fan recoge el\u00a0<strong>Informe de desempe\u00f1o<\/strong> de las Empresas El\u00e9ctricas Estatales, que elabora el Ministerio de Energ\u00eda y Minas (MEM).<\/p>\n<p>En el primer mes de 2025 las compa\u00f1\u00edas distribuidoras compraron energ\u00eda por\u00a0<strong>223.7 millones<\/strong> de d\u00f3lares, un monto que este a\u00f1o ascendi\u00f3 a 248.3 millones, representando un incremento del 11 %.<\/p>\n<div class=\"my-12 component cifra relative border bg-component\">\n<div class=\"relative block mb-3\"><span class=\"float-left mr-2 cifra-number glosa\">38.9 %<br \/>\n<\/span><\/div>\n<p>Porcentaje de energ\u00eda comprada que, en promedio, perdieron las tres EDE al cierre de enero.<\/p>\n<\/div>\n<p>Sin embargo, de la\u00a0<strong>energ\u00eda comprada<\/strong>\u00a0en\u00a0<strong>enero<\/strong>\u00a0de 2026, las\u00a0<strong>EDE<\/strong>\u00a0solo lograron facturar el 62 %, equivalente a\u00a0<strong>153.9 millones<\/strong>\u00a0de d\u00f3lares, aunque lograron recibir pagos por 154 millones, esto a pesar de tener\u00a0<strong>11,676 nuevos clientes<\/strong>, en comparaci\u00f3n con los 3,498,984 del inicio del a\u00f1o pasado.<\/p>\n<p>Las cifras de este a\u00f1o evidencian un\u00a0<strong>retroceso<\/strong>\u00a0cuando se analizan con las de 2025. En\u00a0<strong>enero<\/strong>\u00a0del a\u00f1o pasado las distribuidoras p\u00fablicas adquirieron energ\u00eda por\u00a0<strong>223.7 millones<\/strong>\u00a0de d\u00f3lares, de cuyo monto facturaron el 70 %, equivalente a\u00a0<strong>158.7 millones<\/strong>\u00a0y cobraron 157.7 millones de d\u00f3lares, de acuerdo con el documento del MEM.<\/p>\n<p>Mientras que en\u00a0<strong>enero<\/strong>\u00a0del a\u00f1o pasado las\u00a0<strong>EDE<\/strong>\u00a0no pudieron cobrar\u00a0<strong>66 millones<\/strong>\u00a0de d\u00f3lares, como diferencia entre la\u00a0<strong>energ\u00eda comprada<\/strong>\u00a0y la cobrada, en ese mismo mes, pero de 2026, el monto ascendi\u00f3 a\u00a0<strong>94.3 millones<\/strong> de d\u00f3lares.<\/p>\n<p>A principios de marzo el\u00a0<strong>Consejo Unificado<\/strong>\u00a0de las\u00a0<strong>Empresas Distribuidoras<\/strong>\u00a0(CUED) prometi\u00f3 que el sistema de distribuci\u00f3n el\u00e9ctrica entrar\u00eda en una fase de estabilizaci\u00f3n y reducci\u00f3n progresiva de las p\u00e9rdidas este a\u00f1o, apoyado en los avances operativos alcanzados en 2025 y en un plan de inversi\u00f3n y control t\u00e9cnico-comercial \u00absin precedentes\u00bb.<\/p>\n<p>Sin embargo,\u00a0<strong>enero<\/strong>\u00a0no dio se\u00f1ales positivas para ese plan, pues el indicador de las p\u00e9rdidas sufri\u00f3 una ligera alza de 0.1 punto porcentual con relaci\u00f3n al cierre de diciembre y de\u00a0<strong>1.5 puntos porcentuales<\/strong>\u00a0con relaci\u00f3n al primer mes de 2025.<\/p>\n<p>Al cierre de\u00a0<strong>enero<\/strong>, las tres\u00a0<strong>empresas distribuidoras<\/strong>\u00a0de electricidad perdieron, en promedio, el 38.9 % de la\u00a0<strong>energ\u00eda comprada<\/strong>. Edeeste contin\u00faa siendo la de peor desempe\u00f1o, con un 56.2 % de p\u00e9rdida; seguida de Edesur, con 31.8 %, y Edenorte, con 25.9 %.<\/p>\n","protected":false},"excerpt":{"rendered":"<p>A pesar de que las tres\u00a0empresas distribuidoras\u00a0de electricidad (EDE) de la Rep\u00fablica Dominicana, lograron aumentar durante el \u00faltimo a\u00f1o la &#8230;<\/p>\n","protected":false},"author":2,"featured_media":214425,"comment_status":"closed","ping_status":"closed","sticky":false,"template":"","format":"standard","meta":{"footnotes":""},"categories":[26],"tags":[],"class_list":["post-214424","post","type-post","status-publish","format-standard","has-post-thumbnail","hentry","category-economia"],"yoast_head":"<!-- This site is optimized with the Yoast SEO plugin v24.8.1 - https:\/\/yoast.com\/wordpress\/plugins\/seo\/ -->\n<title>Las EDE compraron m\u00e1s energ\u00eda y subieron en clientes, sin embargo, cobraron menos - PotenciaRadiofonicaDominicana.com<\/title>\n<meta name=\"robots\" content=\"index, follow, max-snippet:-1, max-image-preview:large, max-video-preview:-1\" \/>\n<link rel=\"canonical\" href=\"https:\/\/potenciaradiofonicadominicana.com\/portal\/las-ede-compraron-mas-energia-y-subieron-en-clientes-sin-embargo-cobraron-menos\/\" \/>\n<meta property=\"og:locale\" content=\"es_ES\" \/>\n<meta property=\"og:type\" content=\"article\" \/>\n<meta property=\"og:title\" content=\"Las EDE compraron m\u00e1s energ\u00eda y subieron en clientes, sin embargo, cobraron menos - PotenciaRadiofonicaDominicana.com\" \/>\n<meta property=\"og:description\" content=\"A pesar de que las tres\u00a0empresas distribuidoras\u00a0de electricidad (EDE) de la Rep\u00fablica Dominicana, lograron aumentar durante el \u00faltimo a\u00f1o la ...\" \/>\n<meta property=\"og:url\" content=\"https:\/\/potenciaradiofonicadominicana.com\/portal\/las-ede-compraron-mas-energia-y-subieron-en-clientes-sin-embargo-cobraron-menos\/\" \/>\n<meta property=\"og:site_name\" content=\"PotenciaRadiofonicaDominicana.com\" \/>\n<meta property=\"article:publisher\" content=\"https:\/\/web.facebook.com\/PotenciaRadiofonicaD\" \/>\n<meta property=\"article:published_time\" content=\"2026-04-07T01:54:57+00:00\" \/>\n<meta property=\"og:image\" content=\"https:\/\/potenciaradiofonicadominicana.com\/portal\/wp-content\/uploads\/2026\/04\/Redesde-transmision-3.jpg\" \/>\n\t<meta property=\"og:image:width\" content=\"1050\" \/>\n\t<meta property=\"og:image:height\" content=\"700\" \/>\n\t<meta property=\"og:image:type\" content=\"image\/jpeg\" \/>\n<meta name=\"author\" content=\"Potencia Radiof\u00f3nica Dominicana\" \/>\n<meta name=\"twitter:card\" content=\"summary_large_image\" \/>\n<meta name=\"twitter:label1\" content=\"Escrito por\" \/>\n\t<meta name=\"twitter:data1\" content=\"Potencia Radiof\u00f3nica Dominicana\" \/>\n\t<meta name=\"twitter:label2\" content=\"Tiempo de lectura\" \/>\n\t<meta name=\"twitter:data2\" content=\"3 minutos\" \/>\n<script type=\"application\/ld+json\" class=\"yoast-schema-graph\">{\"@context\":\"https:\/\/schema.org\",\"@graph\":[{\"@type\":\"Article\",\"@id\":\"https:\/\/potenciaradiofonicadominicana.com\/portal\/las-ede-compraron-mas-energia-y-subieron-en-clientes-sin-embargo-cobraron-menos\/#article\",\"isPartOf\":{\"@id\":\"https:\/\/potenciaradiofonicadominicana.com\/portal\/las-ede-compraron-mas-energia-y-subieron-en-clientes-sin-embargo-cobraron-menos\/\"},\"author\":{\"name\":\"Potencia Radiof\u00f3nica Dominicana\",\"@id\":\"https:\/\/potenciaradiofonicadominicana.com\/portal\/#\/schema\/person\/a5cf1fea13877803ee0573ac18b03490\"},\"headline\":\"Las EDE compraron m\u00e1s energ\u00eda y subieron en clientes, sin embargo, cobraron menos\",\"datePublished\":\"2026-04-07T01:54:57+00:00\",\"mainEntityOfPage\":{\"@id\":\"https:\/\/potenciaradiofonicadominicana.com\/portal\/las-ede-compraron-mas-energia-y-subieron-en-clientes-sin-embargo-cobraron-menos\/\"},\"wordCount\":488,\"publisher\":{\"@id\":\"https:\/\/potenciaradiofonicadominicana.com\/portal\/#organization\"},\"image\":{\"@id\":\"https:\/\/potenciaradiofonicadominicana.com\/portal\/las-ede-compraron-mas-energia-y-subieron-en-clientes-sin-embargo-cobraron-menos\/#primaryimage\"},\"thumbnailUrl\":\"https:\/\/potenciaradiofonicadominicana.com\/portal\/wp-content\/uploads\/2026\/04\/Redesde-transmision-3.jpg\",\"articleSection\":[\"Econom\u00eda\"],\"inLanguage\":\"es\"},{\"@type\":\"WebPage\",\"@id\":\"https:\/\/potenciaradiofonicadominicana.com\/portal\/las-ede-compraron-mas-energia-y-subieron-en-clientes-sin-embargo-cobraron-menos\/\",\"url\":\"https:\/\/potenciaradiofonicadominicana.com\/portal\/las-ede-compraron-mas-energia-y-subieron-en-clientes-sin-embargo-cobraron-menos\/\",\"name\":\"Las EDE compraron m\u00e1s energ\u00eda y subieron en clientes, sin embargo, cobraron menos - PotenciaRadiofonicaDominicana.com\",\"isPartOf\":{\"@id\":\"https:\/\/potenciaradiofonicadominicana.com\/portal\/#website\"},\"primaryImageOfPage\":{\"@id\":\"https:\/\/potenciaradiofonicadominicana.com\/portal\/las-ede-compraron-mas-energia-y-subieron-en-clientes-sin-embargo-cobraron-menos\/#primaryimage\"},\"image\":{\"@id\":\"https:\/\/potenciaradiofonicadominicana.com\/portal\/las-ede-compraron-mas-energia-y-subieron-en-clientes-sin-embargo-cobraron-menos\/#primaryimage\"},\"thumbnailUrl\":\"https:\/\/potenciaradiofonicadominicana.com\/portal\/wp-content\/uploads\/2026\/04\/Redesde-transmision-3.jpg\",\"datePublished\":\"2026-04-07T01:54:57+00:00\",\"breadcrumb\":{\"@id\":\"https:\/\/potenciaradiofonicadominicana.com\/portal\/las-ede-compraron-mas-energia-y-subieron-en-clientes-sin-embargo-cobraron-menos\/#breadcrumb\"},\"inLanguage\":\"es\",\"potentialAction\":[{\"@type\":\"ReadAction\",\"target\":[\"https:\/\/potenciaradiofonicadominicana.com\/portal\/las-ede-compraron-mas-energia-y-subieron-en-clientes-sin-embargo-cobraron-menos\/\"]}]},{\"@type\":\"ImageObject\",\"inLanguage\":\"es\",\"@id\":\"https:\/\/potenciaradiofonicadominicana.com\/portal\/las-ede-compraron-mas-energia-y-subieron-en-clientes-sin-embargo-cobraron-menos\/#primaryimage\",\"url\":\"https:\/\/potenciaradiofonicadominicana.com\/portal\/wp-content\/uploads\/2026\/04\/Redesde-transmision-3.jpg\",\"contentUrl\":\"https:\/\/potenciaradiofonicadominicana.com\/portal\/wp-content\/uploads\/2026\/04\/Redesde-transmision-3.jpg\",\"width\":1050,\"height\":700},{\"@type\":\"BreadcrumbList\",\"@id\":\"https:\/\/potenciaradiofonicadominicana.com\/portal\/las-ede-compraron-mas-energia-y-subieron-en-clientes-sin-embargo-cobraron-menos\/#breadcrumb\",\"itemListElement\":[{\"@type\":\"ListItem\",\"position\":1,\"name\":\"Portada\",\"item\":\"https:\/\/potenciaradiofonicadominicana.com\/portal\/\"},{\"@type\":\"ListItem\",\"position\":2,\"name\":\"Las EDE compraron m\u00e1s energ\u00eda y subieron en clientes, sin embargo, cobraron menos\"}]},{\"@type\":\"WebSite\",\"@id\":\"https:\/\/potenciaradiofonicadominicana.com\/portal\/#website\",\"url\":\"https:\/\/potenciaradiofonicadominicana.com\/portal\/\",\"name\":\"PotenciaRadiofonicaDominicana.com\",\"description\":\"Peri\u00f3dico Digital\",\"publisher\":{\"@id\":\"https:\/\/potenciaradiofonicadominicana.com\/portal\/#organization\"},\"potentialAction\":[{\"@type\":\"SearchAction\",\"target\":{\"@type\":\"EntryPoint\",\"urlTemplate\":\"https:\/\/potenciaradiofonicadominicana.com\/portal\/?s={search_term_string}\"},\"query-input\":{\"@type\":\"PropertyValueSpecification\",\"valueRequired\":true,\"valueName\":\"search_term_string\"}}],\"inLanguage\":\"es\"},{\"@type\":\"Organization\",\"@id\":\"https:\/\/potenciaradiofonicadominicana.com\/portal\/#organization\",\"name\":\"PotenciaRadiofonicaDominicana.com\",\"url\":\"https:\/\/potenciaradiofonicadominicana.com\/portal\/\",\"logo\":{\"@type\":\"ImageObject\",\"inLanguage\":\"es\",\"@id\":\"https:\/\/potenciaradiofonicadominicana.com\/portal\/#\/schema\/logo\/image\/\",\"url\":\"https:\/\/potenciaradiofonicadominicana.com\/portal\/wp-content\/uploads\/2022\/01\/descarga.png\",\"contentUrl\":\"https:\/\/potenciaradiofonicadominicana.com\/portal\/wp-content\/uploads\/2022\/01\/descarga.png\",\"width\":300,\"height\":100,\"caption\":\"PotenciaRadiofonicaDominicana.com\"},\"image\":{\"@id\":\"https:\/\/potenciaradiofonicadominicana.com\/portal\/#\/schema\/logo\/image\/\"},\"sameAs\":[\"https:\/\/web.facebook.com\/PotenciaRadiofonicaD\"]},{\"@type\":\"Person\",\"@id\":\"https:\/\/potenciaradiofonicadominicana.com\/portal\/#\/schema\/person\/a5cf1fea13877803ee0573ac18b03490\",\"name\":\"Potencia Radiof\u00f3nica Dominicana\",\"image\":{\"@type\":\"ImageObject\",\"inLanguage\":\"es\",\"@id\":\"https:\/\/potenciaradiofonicadominicana.com\/portal\/#\/schema\/person\/image\/\",\"url\":\"https:\/\/secure.gravatar.com\/avatar\/42a55ab9e8ccc656ba34cd791990602a?s=96&d=mm&r=g\",\"contentUrl\":\"https:\/\/secure.gravatar.com\/avatar\/42a55ab9e8ccc656ba34cd791990602a?s=96&d=mm&r=g\",\"caption\":\"Potencia Radiof\u00f3nica Dominicana\"},\"url\":\"https:\/\/potenciaradiofonicadominicana.com\/portal\/author\/johannyalmanzar\/\"}]}<\/script>\n<!-- \/ Yoast SEO plugin. -->","yoast_head_json":{"title":"Las EDE compraron m\u00e1s energ\u00eda y subieron en clientes, sin embargo, cobraron menos - PotenciaRadiofonicaDominicana.com","robots":{"index":"index","follow":"follow","max-snippet":"max-snippet:-1","max-image-preview":"max-image-preview:large","max-video-preview":"max-video-preview:-1"},"canonical":"https:\/\/potenciaradiofonicadominicana.com\/portal\/las-ede-compraron-mas-energia-y-subieron-en-clientes-sin-embargo-cobraron-menos\/","og_locale":"es_ES","og_type":"article","og_title":"Las EDE compraron m\u00e1s energ\u00eda y subieron en clientes, sin embargo, cobraron menos - PotenciaRadiofonicaDominicana.com","og_description":"A pesar de que las tres\u00a0empresas distribuidoras\u00a0de electricidad (EDE) de la Rep\u00fablica Dominicana, lograron aumentar durante el \u00faltimo a\u00f1o la ...","og_url":"https:\/\/potenciaradiofonicadominicana.com\/portal\/las-ede-compraron-mas-energia-y-subieron-en-clientes-sin-embargo-cobraron-menos\/","og_site_name":"PotenciaRadiofonicaDominicana.com","article_publisher":"https:\/\/web.facebook.com\/PotenciaRadiofonicaD","article_published_time":"2026-04-07T01:54:57+00:00","og_image":[{"width":1050,"height":700,"url":"https:\/\/potenciaradiofonicadominicana.com\/portal\/wp-content\/uploads\/2026\/04\/Redesde-transmision-3.jpg","type":"image\/jpeg"}],"author":"Potencia Radiof\u00f3nica Dominicana","twitter_card":"summary_large_image","twitter_misc":{"Escrito por":"Potencia Radiof\u00f3nica Dominicana","Tiempo de lectura":"3 minutos"},"schema":{"@context":"https:\/\/schema.org","@graph":[{"@type":"Article","@id":"https:\/\/potenciaradiofonicadominicana.com\/portal\/las-ede-compraron-mas-energia-y-subieron-en-clientes-sin-embargo-cobraron-menos\/#article","isPartOf":{"@id":"https:\/\/potenciaradiofonicadominicana.com\/portal\/las-ede-compraron-mas-energia-y-subieron-en-clientes-sin-embargo-cobraron-menos\/"},"author":{"name":"Potencia Radiof\u00f3nica Dominicana","@id":"https:\/\/potenciaradiofonicadominicana.com\/portal\/#\/schema\/person\/a5cf1fea13877803ee0573ac18b03490"},"headline":"Las EDE compraron m\u00e1s energ\u00eda y subieron en clientes, sin embargo, cobraron menos","datePublished":"2026-04-07T01:54:57+00:00","mainEntityOfPage":{"@id":"https:\/\/potenciaradiofonicadominicana.com\/portal\/las-ede-compraron-mas-energia-y-subieron-en-clientes-sin-embargo-cobraron-menos\/"},"wordCount":488,"publisher":{"@id":"https:\/\/potenciaradiofonicadominicana.com\/portal\/#organization"},"image":{"@id":"https:\/\/potenciaradiofonicadominicana.com\/portal\/las-ede-compraron-mas-energia-y-subieron-en-clientes-sin-embargo-cobraron-menos\/#primaryimage"},"thumbnailUrl":"https:\/\/potenciaradiofonicadominicana.com\/portal\/wp-content\/uploads\/2026\/04\/Redesde-transmision-3.jpg","articleSection":["Econom\u00eda"],"inLanguage":"es"},{"@type":"WebPage","@id":"https:\/\/potenciaradiofonicadominicana.com\/portal\/las-ede-compraron-mas-energia-y-subieron-en-clientes-sin-embargo-cobraron-menos\/","url":"https:\/\/potenciaradiofonicadominicana.com\/portal\/las-ede-compraron-mas-energia-y-subieron-en-clientes-sin-embargo-cobraron-menos\/","name":"Las EDE compraron m\u00e1s energ\u00eda y subieron en clientes, sin embargo, cobraron menos - PotenciaRadiofonicaDominicana.com","isPartOf":{"@id":"https:\/\/potenciaradiofonicadominicana.com\/portal\/#website"},"primaryImageOfPage":{"@id":"https:\/\/potenciaradiofonicadominicana.com\/portal\/las-ede-compraron-mas-energia-y-subieron-en-clientes-sin-embargo-cobraron-menos\/#primaryimage"},"image":{"@id":"https:\/\/potenciaradiofonicadominicana.com\/portal\/las-ede-compraron-mas-energia-y-subieron-en-clientes-sin-embargo-cobraron-menos\/#primaryimage"},"thumbnailUrl":"https:\/\/potenciaradiofonicadominicana.com\/portal\/wp-content\/uploads\/2026\/04\/Redesde-transmision-3.jpg","datePublished":"2026-04-07T01:54:57+00:00","breadcrumb":{"@id":"https:\/\/potenciaradiofonicadominicana.com\/portal\/las-ede-compraron-mas-energia-y-subieron-en-clientes-sin-embargo-cobraron-menos\/#breadcrumb"},"inLanguage":"es","potentialAction":[{"@type":"ReadAction","target":["https:\/\/potenciaradiofonicadominicana.com\/portal\/las-ede-compraron-mas-energia-y-subieron-en-clientes-sin-embargo-cobraron-menos\/"]}]},{"@type":"ImageObject","inLanguage":"es","@id":"https:\/\/potenciaradiofonicadominicana.com\/portal\/las-ede-compraron-mas-energia-y-subieron-en-clientes-sin-embargo-cobraron-menos\/#primaryimage","url":"https:\/\/potenciaradiofonicadominicana.com\/portal\/wp-content\/uploads\/2026\/04\/Redesde-transmision-3.jpg","contentUrl":"https:\/\/potenciaradiofonicadominicana.com\/portal\/wp-content\/uploads\/2026\/04\/Redesde-transmision-3.jpg","width":1050,"height":700},{"@type":"BreadcrumbList","@id":"https:\/\/potenciaradiofonicadominicana.com\/portal\/las-ede-compraron-mas-energia-y-subieron-en-clientes-sin-embargo-cobraron-menos\/#breadcrumb","itemListElement":[{"@type":"ListItem","position":1,"name":"Portada","item":"https:\/\/potenciaradiofonicadominicana.com\/portal\/"},{"@type":"ListItem","position":2,"name":"Las EDE compraron m\u00e1s energ\u00eda y subieron en clientes, sin embargo, cobraron menos"}]},{"@type":"WebSite","@id":"https:\/\/potenciaradiofonicadominicana.com\/portal\/#website","url":"https:\/\/potenciaradiofonicadominicana.com\/portal\/","name":"PotenciaRadiofonicaDominicana.com","description":"Peri\u00f3dico Digital","publisher":{"@id":"https:\/\/potenciaradiofonicadominicana.com\/portal\/#organization"},"potentialAction":[{"@type":"SearchAction","target":{"@type":"EntryPoint","urlTemplate":"https:\/\/potenciaradiofonicadominicana.com\/portal\/?s={search_term_string}"},"query-input":{"@type":"PropertyValueSpecification","valueRequired":true,"valueName":"search_term_string"}}],"inLanguage":"es"},{"@type":"Organization","@id":"https:\/\/potenciaradiofonicadominicana.com\/portal\/#organization","name":"PotenciaRadiofonicaDominicana.com","url":"https:\/\/potenciaradiofonicadominicana.com\/portal\/","logo":{"@type":"ImageObject","inLanguage":"es","@id":"https:\/\/potenciaradiofonicadominicana.com\/portal\/#\/schema\/logo\/image\/","url":"https:\/\/potenciaradiofonicadominicana.com\/portal\/wp-content\/uploads\/2022\/01\/descarga.png","contentUrl":"https:\/\/potenciaradiofonicadominicana.com\/portal\/wp-content\/uploads\/2022\/01\/descarga.png","width":300,"height":100,"caption":"PotenciaRadiofonicaDominicana.com"},"image":{"@id":"https:\/\/potenciaradiofonicadominicana.com\/portal\/#\/schema\/logo\/image\/"},"sameAs":["https:\/\/web.facebook.com\/PotenciaRadiofonicaD"]},{"@type":"Person","@id":"https:\/\/potenciaradiofonicadominicana.com\/portal\/#\/schema\/person\/a5cf1fea13877803ee0573ac18b03490","name":"Potencia Radiof\u00f3nica Dominicana","image":{"@type":"ImageObject","inLanguage":"es","@id":"https:\/\/potenciaradiofonicadominicana.com\/portal\/#\/schema\/person\/image\/","url":"https:\/\/secure.gravatar.com\/avatar\/42a55ab9e8ccc656ba34cd791990602a?s=96&d=mm&r=g","contentUrl":"https:\/\/secure.gravatar.com\/avatar\/42a55ab9e8ccc656ba34cd791990602a?s=96&d=mm&r=g","caption":"Potencia Radiof\u00f3nica Dominicana"},"url":"https:\/\/potenciaradiofonicadominicana.com\/portal\/author\/johannyalmanzar\/"}]}},"_links":{"self":[{"href":"https:\/\/potenciaradiofonicadominicana.com\/portal\/wp-json\/wp\/v2\/posts\/214424","targetHints":{"allow":["GET"]}}],"collection":[{"href":"https:\/\/potenciaradiofonicadominicana.com\/portal\/wp-json\/wp\/v2\/posts"}],"about":[{"href":"https:\/\/potenciaradiofonicadominicana.com\/portal\/wp-json\/wp\/v2\/types\/post"}],"author":[{"embeddable":true,"href":"https:\/\/potenciaradiofonicadominicana.com\/portal\/wp-json\/wp\/v2\/users\/2"}],"replies":[{"embeddable":true,"href":"https:\/\/potenciaradiofonicadominicana.com\/portal\/wp-json\/wp\/v2\/comments?post=214424"}],"version-history":[{"count":1,"href":"https:\/\/potenciaradiofonicadominicana.com\/portal\/wp-json\/wp\/v2\/posts\/214424\/revisions"}],"predecessor-version":[{"id":214426,"href":"https:\/\/potenciaradiofonicadominicana.com\/portal\/wp-json\/wp\/v2\/posts\/214424\/revisions\/214426"}],"wp:featuredmedia":[{"embeddable":true,"href":"https:\/\/potenciaradiofonicadominicana.com\/portal\/wp-json\/wp\/v2\/media\/214425"}],"wp:attachment":[{"href":"https:\/\/potenciaradiofonicadominicana.com\/portal\/wp-json\/wp\/v2\/media?parent=214424"}],"wp:term":[{"taxonomy":"category","embeddable":true,"href":"https:\/\/potenciaradiofonicadominicana.com\/portal\/wp-json\/wp\/v2\/categories?post=214424"},{"taxonomy":"post_tag","embeddable":true,"href":"https:\/\/potenciaradiofonicadominicana.com\/portal\/wp-json\/wp\/v2\/tags?post=214424"}],"curies":[{"name":"wp","href":"https:\/\/api.w.org\/{rel}","templated":true}]}}