{"id":214418,"date":"2026-04-06T21:48:25","date_gmt":"2026-04-07T01:48:25","guid":{"rendered":"https:\/\/potenciaradiofonicadominicana.com\/portal\/?p=214418"},"modified":"2026-04-06T21:48:25","modified_gmt":"2026-04-07T01:48:25","slug":"extranjeros-gastaron-mas-en-2025-pero-redujeron-su-tiempo-de-estadia-en-el-pais","status":"publish","type":"post","link":"https:\/\/potenciaradiofonicadominicana.com\/portal\/extranjeros-gastaron-mas-en-2025-pero-redujeron-su-tiempo-de-estadia-en-el-pais\/","title":{"rendered":"Extranjeros gastaron m\u00e1s en 2025, pero redujeron su tiempo de estad\u00eda en el pa\u00eds"},"content":{"rendered":"<p><a href=\"https:\/\/potenciaradiofonicadominicana.com\/portal\/wp-content\/uploads\/2026\/04\/RD-registra-cifras-record-en-turismo-pese-al-paso-de-Fiona.png\"><img loading=\"lazy\" decoding=\"async\" class=\"alignnone size-full wp-image-214419\" src=\"https:\/\/potenciaradiofonicadominicana.com\/portal\/wp-content\/uploads\/2026\/04\/RD-registra-cifras-record-en-turismo-pese-al-paso-de-Fiona.png\" alt=\"\" width=\"1250\" height=\"703\" srcset=\"https:\/\/potenciaradiofonicadominicana.com\/portal\/wp-content\/uploads\/2026\/04\/RD-registra-cifras-record-en-turismo-pese-al-paso-de-Fiona.png 1250w, https:\/\/potenciaradiofonicadominicana.com\/portal\/wp-content\/uploads\/2026\/04\/RD-registra-cifras-record-en-turismo-pese-al-paso-de-Fiona-300x169.png 300w, https:\/\/potenciaradiofonicadominicana.com\/portal\/wp-content\/uploads\/2026\/04\/RD-registra-cifras-record-en-turismo-pese-al-paso-de-Fiona-1024x576.png 1024w, https:\/\/potenciaradiofonicadominicana.com\/portal\/wp-content\/uploads\/2026\/04\/RD-registra-cifras-record-en-turismo-pese-al-paso-de-Fiona-768x432.png 768w\" sizes=\"auto, (max-width: 1250px) 100vw, 1250px\" \/><\/a><\/p>\n<p>El\u00a0<strong>gasto diario promedio de los extranjeros no residentes\u00a0<\/strong>que visitaron el pa\u00eds se situ\u00f3\u00a0<strong>en US$170.94<\/strong>\u00a0durante 2025, lo que representa un aumento frente a los\u00a0<strong>US$167.75<\/strong>\u00a0registrados en 2024.<\/p>\n<p>Sin embargo, la estad\u00eda promedio de los visitantes extranjeros disminuy\u00f3, al pasar de\u00a0<strong>8.01 noches<\/strong>\u00a0en 2024 a\u00a0<strong>7.85 noches<\/strong>\u00a0en 2025, de acuerdo con estad\u00edsticas del<strong>\u00a0Banco Central de la Rep\u00fablica Dominicana.<\/strong><\/p>\n<p>Estas cifras trimestrales de 2025 muestran que el primer trimestre registr\u00f3 el mayor gasto promedio con US$176.67 y una estad\u00eda de 8.15 noches. En el segundo trimestre, el gasto se situ\u00f3 en US$167.88 con una permanencia de 7.24 noches, mientras que en el tercer trimestre descendi\u00f3 a US$164.83, aunque la estad\u00eda aument\u00f3 a 8.73 noches, la m\u00e1s alta del a\u00f1o registrada.<\/p>\n<div class=\"puede-leer-module\">\n<div class=\"puede-leer-content\">\n<h3 class=\"puede-leer-title\">Turismo dominicano crece 10% en marzo pese a tensiones globales, afirma David Collado<\/h3>\n<\/div>\n<\/div>\n<p>Asimismo, muestra que, para el cuarto trimestre, el gasto promedio se coloc\u00f3 en US$173.21 y la estad\u00eda en 7.32 noches.<\/p>\n<p>En comparaci\u00f3n, durante 2024 el gasto diario promedio de los extranjeros fue de US$167.98 en el primer trimestre, US$166.54 en el segundo, US$165.46 en el tercero y US$170.93 en el cuarto. En cuanto al tiempo de permanencia, las estad\u00edas fueron de 8.35 noches, 7.35, 8.99 y 7.39 noches, respectivamente.<\/p>\n<p>En el caso de los\u00a0<strong>dominicanos residentes<\/strong> que viajaron al exterior, el gasto por estad\u00eda tambi\u00e9n registr\u00f3 un aumento. Durante 2025 el promedio se ubic\u00f3 en US$1,054.07, superior a los US$1,032.26 reportados en 2024.<\/p>\n<p>Los datos trimestrales de 2025 indican que el gasto por estad\u00eda alcanz\u00f3\u00a0<strong>US$1,094.38<\/strong>\u00a0en el primer trimestre, US$951.07 en el segundo, US$1,015.61 en el tercero y US$1,163.07 en el cuarto, este \u00faltimo el m\u00e1s alto del a\u00f1o.<\/p>\n<p>Explica que, en cuanto al tiempo de permanencia, las estad\u00edas oscilaron entre 12.21 y 12.60 noches, para un promedio anual de 12.40 noches.<\/p>\n<p>Durante 2024, los dominicanos que viajaron al exterior registraron gastos por estad\u00eda de US$1,059.23 en el primer trimestre, US$980.03 en el segundo, US$1,001.16 en el tercero y US$1,087.78 en el cuarto. En ese per\u00edodo, la estad\u00eda promedio anual fue de 12.69 noches.<\/p>\n<h3 class=\"wp-block-heading\"><strong>Ingresos fiscales del turismo<\/strong><\/h3>\n<p>A estos indicadores se suman\u00a0<strong>los ingresos fiscales<\/strong>\u00a0vinculados al turismo, que tambi\u00e9n registraron variaciones entre 2024 y 2025.<\/p>\n<p>El Banco Central detalla que el impuesto a\u00a0<strong>la salida de pasajeros al exterior<\/strong>\u00a0por v\u00eda a\u00e9rea pas\u00f3 de RD$10,620,258,124.28 en 2024 a RD$11,050,510,229 en 2025, lo que representa un incremento absoluto de RD$430,252,105.04, equivalente a 4.05%.<\/p>\n<p>En tanto, el impuesto a la\u00a0<strong>salida de pasajeros<\/strong>\u00a0por v\u00eda terrestre aument\u00f3 de RD$6,482,841.99 en 2024 a RD$22,170,548 en 2025, con una variaci\u00f3n de RD$15,687,706.49, para un crecimiento de 241.99%.<\/p>\n<p>Asimismo, las\u00a0<strong>tarjetas de turismo<\/strong>\u00a0generaron\u00a0<strong>RD$5,443,291,366.54<\/strong>\u00a0en 2024 y\u00a0<strong>RD$5,723,054,096<\/strong>\u00a0en 2025, lo que supone un aumento de RD$279,762,729.37, equivalente a 5.14%.<\/p>\n","protected":false},"excerpt":{"rendered":"<p>El\u00a0gasto diario promedio de los extranjeros no residentes\u00a0que visitaron el pa\u00eds se situ\u00f3\u00a0en US$170.94\u00a0durante 2025, lo que representa un aumento &#8230;<\/p>\n","protected":false},"author":2,"featured_media":214419,"comment_status":"closed","ping_status":"closed","sticky":false,"template":"","format":"standard","meta":{"footnotes":""},"categories":[26],"tags":[],"class_list":["post-214418","post","type-post","status-publish","format-standard","has-post-thumbnail","hentry","category-economia"],"yoast_head":"<!-- This site is optimized with the Yoast SEO plugin v24.8.1 - https:\/\/yoast.com\/wordpress\/plugins\/seo\/ -->\n<title>Extranjeros gastaron m\u00e1s en 2025, pero redujeron su tiempo de estad\u00eda en el pa\u00eds - PotenciaRadiofonicaDominicana.com<\/title>\n<meta name=\"robots\" content=\"index, follow, max-snippet:-1, max-image-preview:large, max-video-preview:-1\" \/>\n<link rel=\"canonical\" href=\"https:\/\/potenciaradiofonicadominicana.com\/portal\/extranjeros-gastaron-mas-en-2025-pero-redujeron-su-tiempo-de-estadia-en-el-pais\/\" \/>\n<meta property=\"og:locale\" content=\"es_ES\" \/>\n<meta property=\"og:type\" content=\"article\" \/>\n<meta property=\"og:title\" content=\"Extranjeros gastaron m\u00e1s en 2025, pero redujeron su tiempo de estad\u00eda en el pa\u00eds - PotenciaRadiofonicaDominicana.com\" \/>\n<meta property=\"og:description\" content=\"El\u00a0gasto diario promedio de los extranjeros no residentes\u00a0que visitaron el pa\u00eds se situ\u00f3\u00a0en US$170.94\u00a0durante 2025, lo que representa un aumento ...\" \/>\n<meta property=\"og:url\" content=\"https:\/\/potenciaradiofonicadominicana.com\/portal\/extranjeros-gastaron-mas-en-2025-pero-redujeron-su-tiempo-de-estadia-en-el-pais\/\" \/>\n<meta property=\"og:site_name\" content=\"PotenciaRadiofonicaDominicana.com\" \/>\n<meta property=\"article:publisher\" content=\"https:\/\/web.facebook.com\/PotenciaRadiofonicaD\" \/>\n<meta property=\"article:published_time\" content=\"2026-04-07T01:48:25+00:00\" \/>\n<meta property=\"og:image\" content=\"https:\/\/potenciaradiofonicadominicana.com\/portal\/wp-content\/uploads\/2026\/04\/RD-registra-cifras-record-en-turismo-pese-al-paso-de-Fiona.png\" \/>\n\t<meta property=\"og:image:width\" content=\"1250\" \/>\n\t<meta property=\"og:image:height\" content=\"703\" \/>\n\t<meta property=\"og:image:type\" content=\"image\/png\" \/>\n<meta name=\"author\" content=\"Potencia Radiof\u00f3nica Dominicana\" \/>\n<meta name=\"twitter:card\" content=\"summary_large_image\" \/>\n<meta name=\"twitter:label1\" content=\"Escrito por\" \/>\n\t<meta name=\"twitter:data1\" content=\"Potencia Radiof\u00f3nica Dominicana\" \/>\n\t<meta name=\"twitter:label2\" content=\"Tiempo de lectura\" \/>\n\t<meta name=\"twitter:data2\" content=\"3 minutos\" \/>\n<script type=\"application\/ld+json\" class=\"yoast-schema-graph\">{\"@context\":\"https:\/\/schema.org\",\"@graph\":[{\"@type\":\"Article\",\"@id\":\"https:\/\/potenciaradiofonicadominicana.com\/portal\/extranjeros-gastaron-mas-en-2025-pero-redujeron-su-tiempo-de-estadia-en-el-pais\/#article\",\"isPartOf\":{\"@id\":\"https:\/\/potenciaradiofonicadominicana.com\/portal\/extranjeros-gastaron-mas-en-2025-pero-redujeron-su-tiempo-de-estadia-en-el-pais\/\"},\"author\":{\"name\":\"Potencia Radiof\u00f3nica Dominicana\",\"@id\":\"https:\/\/potenciaradiofonicadominicana.com\/portal\/#\/schema\/person\/a5cf1fea13877803ee0573ac18b03490\"},\"headline\":\"Extranjeros gastaron m\u00e1s en 2025, pero redujeron su tiempo de estad\u00eda en el pa\u00eds\",\"datePublished\":\"2026-04-07T01:48:25+00:00\",\"mainEntityOfPage\":{\"@id\":\"https:\/\/potenciaradiofonicadominicana.com\/portal\/extranjeros-gastaron-mas-en-2025-pero-redujeron-su-tiempo-de-estadia-en-el-pais\/\"},\"wordCount\":462,\"publisher\":{\"@id\":\"https:\/\/potenciaradiofonicadominicana.com\/portal\/#organization\"},\"image\":{\"@id\":\"https:\/\/potenciaradiofonicadominicana.com\/portal\/extranjeros-gastaron-mas-en-2025-pero-redujeron-su-tiempo-de-estadia-en-el-pais\/#primaryimage\"},\"thumbnailUrl\":\"https:\/\/potenciaradiofonicadominicana.com\/portal\/wp-content\/uploads\/2026\/04\/RD-registra-cifras-record-en-turismo-pese-al-paso-de-Fiona.png\",\"articleSection\":[\"Econom\u00eda\"],\"inLanguage\":\"es\"},{\"@type\":\"WebPage\",\"@id\":\"https:\/\/potenciaradiofonicadominicana.com\/portal\/extranjeros-gastaron-mas-en-2025-pero-redujeron-su-tiempo-de-estadia-en-el-pais\/\",\"url\":\"https:\/\/potenciaradiofonicadominicana.com\/portal\/extranjeros-gastaron-mas-en-2025-pero-redujeron-su-tiempo-de-estadia-en-el-pais\/\",\"name\":\"Extranjeros gastaron m\u00e1s en 2025, pero redujeron su tiempo de estad\u00eda en el pa\u00eds - PotenciaRadiofonicaDominicana.com\",\"isPartOf\":{\"@id\":\"https:\/\/potenciaradiofonicadominicana.com\/portal\/#website\"},\"primaryImageOfPage\":{\"@id\":\"https:\/\/potenciaradiofonicadominicana.com\/portal\/extranjeros-gastaron-mas-en-2025-pero-redujeron-su-tiempo-de-estadia-en-el-pais\/#primaryimage\"},\"image\":{\"@id\":\"https:\/\/potenciaradiofonicadominicana.com\/portal\/extranjeros-gastaron-mas-en-2025-pero-redujeron-su-tiempo-de-estadia-en-el-pais\/#primaryimage\"},\"thumbnailUrl\":\"https:\/\/potenciaradiofonicadominicana.com\/portal\/wp-content\/uploads\/2026\/04\/RD-registra-cifras-record-en-turismo-pese-al-paso-de-Fiona.png\",\"datePublished\":\"2026-04-07T01:48:25+00:00\",\"breadcrumb\":{\"@id\":\"https:\/\/potenciaradiofonicadominicana.com\/portal\/extranjeros-gastaron-mas-en-2025-pero-redujeron-su-tiempo-de-estadia-en-el-pais\/#breadcrumb\"},\"inLanguage\":\"es\",\"potentialAction\":[{\"@type\":\"ReadAction\",\"target\":[\"https:\/\/potenciaradiofonicadominicana.com\/portal\/extranjeros-gastaron-mas-en-2025-pero-redujeron-su-tiempo-de-estadia-en-el-pais\/\"]}]},{\"@type\":\"ImageObject\",\"inLanguage\":\"es\",\"@id\":\"https:\/\/potenciaradiofonicadominicana.com\/portal\/extranjeros-gastaron-mas-en-2025-pero-redujeron-su-tiempo-de-estadia-en-el-pais\/#primaryimage\",\"url\":\"https:\/\/potenciaradiofonicadominicana.com\/portal\/wp-content\/uploads\/2026\/04\/RD-registra-cifras-record-en-turismo-pese-al-paso-de-Fiona.png\",\"contentUrl\":\"https:\/\/potenciaradiofonicadominicana.com\/portal\/wp-content\/uploads\/2026\/04\/RD-registra-cifras-record-en-turismo-pese-al-paso-de-Fiona.png\",\"width\":1250,\"height\":703},{\"@type\":\"BreadcrumbList\",\"@id\":\"https:\/\/potenciaradiofonicadominicana.com\/portal\/extranjeros-gastaron-mas-en-2025-pero-redujeron-su-tiempo-de-estadia-en-el-pais\/#breadcrumb\",\"itemListElement\":[{\"@type\":\"ListItem\",\"position\":1,\"name\":\"Portada\",\"item\":\"https:\/\/potenciaradiofonicadominicana.com\/portal\/\"},{\"@type\":\"ListItem\",\"position\":2,\"name\":\"Extranjeros gastaron m\u00e1s en 2025, pero redujeron su tiempo de estad\u00eda en el pa\u00eds\"}]},{\"@type\":\"WebSite\",\"@id\":\"https:\/\/potenciaradiofonicadominicana.com\/portal\/#website\",\"url\":\"https:\/\/potenciaradiofonicadominicana.com\/portal\/\",\"name\":\"PotenciaRadiofonicaDominicana.com\",\"description\":\"Peri\u00f3dico Digital\",\"publisher\":{\"@id\":\"https:\/\/potenciaradiofonicadominicana.com\/portal\/#organization\"},\"potentialAction\":[{\"@type\":\"SearchAction\",\"target\":{\"@type\":\"EntryPoint\",\"urlTemplate\":\"https:\/\/potenciaradiofonicadominicana.com\/portal\/?s={search_term_string}\"},\"query-input\":{\"@type\":\"PropertyValueSpecification\",\"valueRequired\":true,\"valueName\":\"search_term_string\"}}],\"inLanguage\":\"es\"},{\"@type\":\"Organization\",\"@id\":\"https:\/\/potenciaradiofonicadominicana.com\/portal\/#organization\",\"name\":\"PotenciaRadiofonicaDominicana.com\",\"url\":\"https:\/\/potenciaradiofonicadominicana.com\/portal\/\",\"logo\":{\"@type\":\"ImageObject\",\"inLanguage\":\"es\",\"@id\":\"https:\/\/potenciaradiofonicadominicana.com\/portal\/#\/schema\/logo\/image\/\",\"url\":\"https:\/\/potenciaradiofonicadominicana.com\/portal\/wp-content\/uploads\/2022\/01\/descarga.png\",\"contentUrl\":\"https:\/\/potenciaradiofonicadominicana.com\/portal\/wp-content\/uploads\/2022\/01\/descarga.png\",\"width\":300,\"height\":100,\"caption\":\"PotenciaRadiofonicaDominicana.com\"},\"image\":{\"@id\":\"https:\/\/potenciaradiofonicadominicana.com\/portal\/#\/schema\/logo\/image\/\"},\"sameAs\":[\"https:\/\/web.facebook.com\/PotenciaRadiofonicaD\"]},{\"@type\":\"Person\",\"@id\":\"https:\/\/potenciaradiofonicadominicana.com\/portal\/#\/schema\/person\/a5cf1fea13877803ee0573ac18b03490\",\"name\":\"Potencia Radiof\u00f3nica Dominicana\",\"image\":{\"@type\":\"ImageObject\",\"inLanguage\":\"es\",\"@id\":\"https:\/\/potenciaradiofonicadominicana.com\/portal\/#\/schema\/person\/image\/\",\"url\":\"https:\/\/secure.gravatar.com\/avatar\/42a55ab9e8ccc656ba34cd791990602a?s=96&d=mm&r=g\",\"contentUrl\":\"https:\/\/secure.gravatar.com\/avatar\/42a55ab9e8ccc656ba34cd791990602a?s=96&d=mm&r=g\",\"caption\":\"Potencia Radiof\u00f3nica Dominicana\"},\"url\":\"https:\/\/potenciaradiofonicadominicana.com\/portal\/author\/johannyalmanzar\/\"}]}<\/script>\n<!-- \/ Yoast SEO plugin. -->","yoast_head_json":{"title":"Extranjeros gastaron m\u00e1s en 2025, pero redujeron su tiempo de estad\u00eda en el pa\u00eds - PotenciaRadiofonicaDominicana.com","robots":{"index":"index","follow":"follow","max-snippet":"max-snippet:-1","max-image-preview":"max-image-preview:large","max-video-preview":"max-video-preview:-1"},"canonical":"https:\/\/potenciaradiofonicadominicana.com\/portal\/extranjeros-gastaron-mas-en-2025-pero-redujeron-su-tiempo-de-estadia-en-el-pais\/","og_locale":"es_ES","og_type":"article","og_title":"Extranjeros gastaron m\u00e1s en 2025, pero redujeron su tiempo de estad\u00eda en el pa\u00eds - PotenciaRadiofonicaDominicana.com","og_description":"El\u00a0gasto diario promedio de los extranjeros no residentes\u00a0que visitaron el pa\u00eds se situ\u00f3\u00a0en US$170.94\u00a0durante 2025, lo que representa un aumento ...","og_url":"https:\/\/potenciaradiofonicadominicana.com\/portal\/extranjeros-gastaron-mas-en-2025-pero-redujeron-su-tiempo-de-estadia-en-el-pais\/","og_site_name":"PotenciaRadiofonicaDominicana.com","article_publisher":"https:\/\/web.facebook.com\/PotenciaRadiofonicaD","article_published_time":"2026-04-07T01:48:25+00:00","og_image":[{"width":1250,"height":703,"url":"https:\/\/potenciaradiofonicadominicana.com\/portal\/wp-content\/uploads\/2026\/04\/RD-registra-cifras-record-en-turismo-pese-al-paso-de-Fiona.png","type":"image\/png"}],"author":"Potencia Radiof\u00f3nica Dominicana","twitter_card":"summary_large_image","twitter_misc":{"Escrito por":"Potencia Radiof\u00f3nica Dominicana","Tiempo de lectura":"3 minutos"},"schema":{"@context":"https:\/\/schema.org","@graph":[{"@type":"Article","@id":"https:\/\/potenciaradiofonicadominicana.com\/portal\/extranjeros-gastaron-mas-en-2025-pero-redujeron-su-tiempo-de-estadia-en-el-pais\/#article","isPartOf":{"@id":"https:\/\/potenciaradiofonicadominicana.com\/portal\/extranjeros-gastaron-mas-en-2025-pero-redujeron-su-tiempo-de-estadia-en-el-pais\/"},"author":{"name":"Potencia Radiof\u00f3nica Dominicana","@id":"https:\/\/potenciaradiofonicadominicana.com\/portal\/#\/schema\/person\/a5cf1fea13877803ee0573ac18b03490"},"headline":"Extranjeros gastaron m\u00e1s en 2025, pero redujeron su tiempo de estad\u00eda en el pa\u00eds","datePublished":"2026-04-07T01:48:25+00:00","mainEntityOfPage":{"@id":"https:\/\/potenciaradiofonicadominicana.com\/portal\/extranjeros-gastaron-mas-en-2025-pero-redujeron-su-tiempo-de-estadia-en-el-pais\/"},"wordCount":462,"publisher":{"@id":"https:\/\/potenciaradiofonicadominicana.com\/portal\/#organization"},"image":{"@id":"https:\/\/potenciaradiofonicadominicana.com\/portal\/extranjeros-gastaron-mas-en-2025-pero-redujeron-su-tiempo-de-estadia-en-el-pais\/#primaryimage"},"thumbnailUrl":"https:\/\/potenciaradiofonicadominicana.com\/portal\/wp-content\/uploads\/2026\/04\/RD-registra-cifras-record-en-turismo-pese-al-paso-de-Fiona.png","articleSection":["Econom\u00eda"],"inLanguage":"es"},{"@type":"WebPage","@id":"https:\/\/potenciaradiofonicadominicana.com\/portal\/extranjeros-gastaron-mas-en-2025-pero-redujeron-su-tiempo-de-estadia-en-el-pais\/","url":"https:\/\/potenciaradiofonicadominicana.com\/portal\/extranjeros-gastaron-mas-en-2025-pero-redujeron-su-tiempo-de-estadia-en-el-pais\/","name":"Extranjeros gastaron m\u00e1s en 2025, pero redujeron su tiempo de estad\u00eda en el pa\u00eds - PotenciaRadiofonicaDominicana.com","isPartOf":{"@id":"https:\/\/potenciaradiofonicadominicana.com\/portal\/#website"},"primaryImageOfPage":{"@id":"https:\/\/potenciaradiofonicadominicana.com\/portal\/extranjeros-gastaron-mas-en-2025-pero-redujeron-su-tiempo-de-estadia-en-el-pais\/#primaryimage"},"image":{"@id":"https:\/\/potenciaradiofonicadominicana.com\/portal\/extranjeros-gastaron-mas-en-2025-pero-redujeron-su-tiempo-de-estadia-en-el-pais\/#primaryimage"},"thumbnailUrl":"https:\/\/potenciaradiofonicadominicana.com\/portal\/wp-content\/uploads\/2026\/04\/RD-registra-cifras-record-en-turismo-pese-al-paso-de-Fiona.png","datePublished":"2026-04-07T01:48:25+00:00","breadcrumb":{"@id":"https:\/\/potenciaradiofonicadominicana.com\/portal\/extranjeros-gastaron-mas-en-2025-pero-redujeron-su-tiempo-de-estadia-en-el-pais\/#breadcrumb"},"inLanguage":"es","potentialAction":[{"@type":"ReadAction","target":["https:\/\/potenciaradiofonicadominicana.com\/portal\/extranjeros-gastaron-mas-en-2025-pero-redujeron-su-tiempo-de-estadia-en-el-pais\/"]}]},{"@type":"ImageObject","inLanguage":"es","@id":"https:\/\/potenciaradiofonicadominicana.com\/portal\/extranjeros-gastaron-mas-en-2025-pero-redujeron-su-tiempo-de-estadia-en-el-pais\/#primaryimage","url":"https:\/\/potenciaradiofonicadominicana.com\/portal\/wp-content\/uploads\/2026\/04\/RD-registra-cifras-record-en-turismo-pese-al-paso-de-Fiona.png","contentUrl":"https:\/\/potenciaradiofonicadominicana.com\/portal\/wp-content\/uploads\/2026\/04\/RD-registra-cifras-record-en-turismo-pese-al-paso-de-Fiona.png","width":1250,"height":703},{"@type":"BreadcrumbList","@id":"https:\/\/potenciaradiofonicadominicana.com\/portal\/extranjeros-gastaron-mas-en-2025-pero-redujeron-su-tiempo-de-estadia-en-el-pais\/#breadcrumb","itemListElement":[{"@type":"ListItem","position":1,"name":"Portada","item":"https:\/\/potenciaradiofonicadominicana.com\/portal\/"},{"@type":"ListItem","position":2,"name":"Extranjeros gastaron m\u00e1s en 2025, pero redujeron su tiempo de estad\u00eda en el pa\u00eds"}]},{"@type":"WebSite","@id":"https:\/\/potenciaradiofonicadominicana.com\/portal\/#website","url":"https:\/\/potenciaradiofonicadominicana.com\/portal\/","name":"PotenciaRadiofonicaDominicana.com","description":"Peri\u00f3dico Digital","publisher":{"@id":"https:\/\/potenciaradiofonicadominicana.com\/portal\/#organization"},"potentialAction":[{"@type":"SearchAction","target":{"@type":"EntryPoint","urlTemplate":"https:\/\/potenciaradiofonicadominicana.com\/portal\/?s={search_term_string}"},"query-input":{"@type":"PropertyValueSpecification","valueRequired":true,"valueName":"search_term_string"}}],"inLanguage":"es"},{"@type":"Organization","@id":"https:\/\/potenciaradiofonicadominicana.com\/portal\/#organization","name":"PotenciaRadiofonicaDominicana.com","url":"https:\/\/potenciaradiofonicadominicana.com\/portal\/","logo":{"@type":"ImageObject","inLanguage":"es","@id":"https:\/\/potenciaradiofonicadominicana.com\/portal\/#\/schema\/logo\/image\/","url":"https:\/\/potenciaradiofonicadominicana.com\/portal\/wp-content\/uploads\/2022\/01\/descarga.png","contentUrl":"https:\/\/potenciaradiofonicadominicana.com\/portal\/wp-content\/uploads\/2022\/01\/descarga.png","width":300,"height":100,"caption":"PotenciaRadiofonicaDominicana.com"},"image":{"@id":"https:\/\/potenciaradiofonicadominicana.com\/portal\/#\/schema\/logo\/image\/"},"sameAs":["https:\/\/web.facebook.com\/PotenciaRadiofonicaD"]},{"@type":"Person","@id":"https:\/\/potenciaradiofonicadominicana.com\/portal\/#\/schema\/person\/a5cf1fea13877803ee0573ac18b03490","name":"Potencia Radiof\u00f3nica Dominicana","image":{"@type":"ImageObject","inLanguage":"es","@id":"https:\/\/potenciaradiofonicadominicana.com\/portal\/#\/schema\/person\/image\/","url":"https:\/\/secure.gravatar.com\/avatar\/42a55ab9e8ccc656ba34cd791990602a?s=96&d=mm&r=g","contentUrl":"https:\/\/secure.gravatar.com\/avatar\/42a55ab9e8ccc656ba34cd791990602a?s=96&d=mm&r=g","caption":"Potencia Radiof\u00f3nica Dominicana"},"url":"https:\/\/potenciaradiofonicadominicana.com\/portal\/author\/johannyalmanzar\/"}]}},"_links":{"self":[{"href":"https:\/\/potenciaradiofonicadominicana.com\/portal\/wp-json\/wp\/v2\/posts\/214418","targetHints":{"allow":["GET"]}}],"collection":[{"href":"https:\/\/potenciaradiofonicadominicana.com\/portal\/wp-json\/wp\/v2\/posts"}],"about":[{"href":"https:\/\/potenciaradiofonicadominicana.com\/portal\/wp-json\/wp\/v2\/types\/post"}],"author":[{"embeddable":true,"href":"https:\/\/potenciaradiofonicadominicana.com\/portal\/wp-json\/wp\/v2\/users\/2"}],"replies":[{"embeddable":true,"href":"https:\/\/potenciaradiofonicadominicana.com\/portal\/wp-json\/wp\/v2\/comments?post=214418"}],"version-history":[{"count":1,"href":"https:\/\/potenciaradiofonicadominicana.com\/portal\/wp-json\/wp\/v2\/posts\/214418\/revisions"}],"predecessor-version":[{"id":214420,"href":"https:\/\/potenciaradiofonicadominicana.com\/portal\/wp-json\/wp\/v2\/posts\/214418\/revisions\/214420"}],"wp:featuredmedia":[{"embeddable":true,"href":"https:\/\/potenciaradiofonicadominicana.com\/portal\/wp-json\/wp\/v2\/media\/214419"}],"wp:attachment":[{"href":"https:\/\/potenciaradiofonicadominicana.com\/portal\/wp-json\/wp\/v2\/media?parent=214418"}],"wp:term":[{"taxonomy":"category","embeddable":true,"href":"https:\/\/potenciaradiofonicadominicana.com\/portal\/wp-json\/wp\/v2\/categories?post=214418"},{"taxonomy":"post_tag","embeddable":true,"href":"https:\/\/potenciaradiofonicadominicana.com\/portal\/wp-json\/wp\/v2\/tags?post=214418"}],"curies":[{"name":"wp","href":"https:\/\/api.w.org\/{rel}","templated":true}]}}