{"id":214415,"date":"2026-04-06T21:46:38","date_gmt":"2026-04-07T01:46:38","guid":{"rendered":"https:\/\/potenciaradiofonicadominicana.com\/portal\/?p=214415"},"modified":"2026-04-06T21:46:38","modified_gmt":"2026-04-07T01:46:38","slug":"luka-doncic-busca-tratamiento-especializado-en-europa-para-acelerar-su-recuperacion","status":"publish","type":"post","link":"https:\/\/potenciaradiofonicadominicana.com\/portal\/luka-doncic-busca-tratamiento-especializado-en-europa-para-acelerar-su-recuperacion\/","title":{"rendered":"Luka Doncic busca tratamiento especializado en Europa para acelerar su recuperaci\u00f3n"},"content":{"rendered":"<p><a href=\"https:\/\/potenciaradiofonicadominicana.com\/portal\/wp-content\/uploads\/2026\/04\/69d03bda81e27.jpeg\"><img loading=\"lazy\" decoding=\"async\" class=\"alignnone size-full wp-image-214416\" src=\"https:\/\/potenciaradiofonicadominicana.com\/portal\/wp-content\/uploads\/2026\/04\/69d03bda81e27.jpeg\" alt=\"\" width=\"1980\" height=\"1320\" srcset=\"https:\/\/potenciaradiofonicadominicana.com\/portal\/wp-content\/uploads\/2026\/04\/69d03bda81e27.jpeg 1980w, https:\/\/potenciaradiofonicadominicana.com\/portal\/wp-content\/uploads\/2026\/04\/69d03bda81e27-300x200.jpeg 300w, https:\/\/potenciaradiofonicadominicana.com\/portal\/wp-content\/uploads\/2026\/04\/69d03bda81e27-1024x683.jpeg 1024w, https:\/\/potenciaradiofonicadominicana.com\/portal\/wp-content\/uploads\/2026\/04\/69d03bda81e27-768x512.jpeg 768w, https:\/\/potenciaradiofonicadominicana.com\/portal\/wp-content\/uploads\/2026\/04\/69d03bda81e27-1536x1024.jpeg 1536w\" sizes=\"auto, (max-width: 1980px) 100vw, 1980px\" \/><\/a><\/p>\n<p>Luka Doncic est\u00e1 intentando acelerar su regreso a las canchas con los Los Angeles Lakers.<\/p>\n<p>Doncic buscar\u00e1 tratamiento m\u00e9dico especializado en Europa para su distensi\u00f3n en el isquiotibial izquierdo \u00aben un intento de acelerar su regreso al juego\u00bb, seg\u00fan dijo su agente a ESPN el domingo por la noche. No est\u00e1 claro a qu\u00e9 lugar espec\u00edfico de Europa viajar\u00e1 ni qu\u00e9 tipo de tratamiento recibir\u00e1.<\/p>\n<p>Los Lakers ya descartaron a Doncic para el resto de la temporada regular debido a la lesi\u00f3n, que sufri\u00f3 inicialmente durante la abultada derrota del equipo ante el Oklahoma City Thunder el jueves por la noche. Doncic se detuvo repentinamente cerca de la l\u00ednea de tiros libres en el tercer cuarto y comenz\u00f3 a sujetarse el isquiotibial, cayendo al suelo con evidentes gestos de dolor.<\/p>\n<p>De hecho, Doncic ya hab\u00eda resentido el isquiotibial en el primer cuarto de ese mismo partido, pero fue autorizado por los Lakers a continuar jugando. Se someti\u00f3 a una resonancia magn\u00e9tica el viernes, la cual confirm\u00f3 un desgarro de grado 2.<\/p>\n<p>Aunque los Lakers lo han descartado de forma indefinida, su estado para el inicio de los playoffs sigue siendo incierto. Doncic ha promediado un m\u00e1ximo de la liga de 33.5 puntos por partido esta temporada con los Lakers, adem\u00e1s de 8.3 asistencias y 7.7 rebotes por encuentro.<\/p>\n<p>El calendario<br \/>\nA los Lakers les quedan solo cuatro partidos en la temporada regular tras la derrota del domingo ante los Dallas Mavericks, lo que los dej\u00f3 empatados en el tercer puesto de la Conferencia Oeste con los Denver Nuggets.<\/p>\n<p>El equipo tambi\u00e9n perdi\u00f3 a Austin Reaves por una distensi\u00f3n en el oblicuo, lo que lo mantendr\u00e1 fuera entre cuatro y seis semanas. Ese plazo probablemente lo dejar\u00e1 fuera durante toda la primera ronda de los playoffs.<\/p>\n<p>No est\u00e1 claro si el tratamiento de Doncic en Europa marcar\u00e1 una diferencia o acelerar\u00e1 su regreso a la cancha con los playoffs tan cerca. Sin embargo, si tanto Reaves como Doncic se pierden aunque sea parte de la primera ronda, los Lakers sin duda enfrentar\u00e1n muchas m\u00e1s dificultades para avanzar profundamente en la postemporada.<\/p>\n","protected":false},"excerpt":{"rendered":"<p>Luka Doncic est\u00e1 intentando acelerar su regreso a las canchas con los Los Angeles Lakers. Doncic buscar\u00e1 tratamiento m\u00e9dico especializado &#8230;<\/p>\n","protected":false},"author":2,"featured_media":214416,"comment_status":"closed","ping_status":"closed","sticky":false,"template":"","format":"standard","meta":{"footnotes":""},"categories":[28],"tags":[],"class_list":["post-214415","post","type-post","status-publish","format-standard","has-post-thumbnail","hentry","category-deportes"],"yoast_head":"<!-- This site is optimized with the Yoast SEO plugin v24.8.1 - https:\/\/yoast.com\/wordpress\/plugins\/seo\/ -->\n<title>Luka Doncic busca tratamiento especializado en Europa para acelerar su recuperaci\u00f3n - PotenciaRadiofonicaDominicana.com<\/title>\n<meta name=\"robots\" content=\"index, follow, max-snippet:-1, max-image-preview:large, max-video-preview:-1\" \/>\n<link rel=\"canonical\" href=\"https:\/\/potenciaradiofonicadominicana.com\/portal\/luka-doncic-busca-tratamiento-especializado-en-europa-para-acelerar-su-recuperacion\/\" \/>\n<meta property=\"og:locale\" content=\"es_ES\" \/>\n<meta property=\"og:type\" content=\"article\" \/>\n<meta property=\"og:title\" content=\"Luka Doncic busca tratamiento especializado en Europa para acelerar su recuperaci\u00f3n - PotenciaRadiofonicaDominicana.com\" \/>\n<meta property=\"og:description\" content=\"Luka Doncic est\u00e1 intentando acelerar su regreso a las canchas con los Los Angeles Lakers. Doncic buscar\u00e1 tratamiento m\u00e9dico especializado ...\" \/>\n<meta property=\"og:url\" content=\"https:\/\/potenciaradiofonicadominicana.com\/portal\/luka-doncic-busca-tratamiento-especializado-en-europa-para-acelerar-su-recuperacion\/\" \/>\n<meta property=\"og:site_name\" content=\"PotenciaRadiofonicaDominicana.com\" \/>\n<meta property=\"article:publisher\" content=\"https:\/\/web.facebook.com\/PotenciaRadiofonicaD\" \/>\n<meta property=\"article:published_time\" content=\"2026-04-07T01:46:38+00:00\" \/>\n<meta property=\"og:image\" content=\"https:\/\/potenciaradiofonicadominicana.com\/portal\/wp-content\/uploads\/2026\/04\/69d03bda81e27.jpeg\" \/>\n\t<meta property=\"og:image:width\" content=\"1980\" \/>\n\t<meta property=\"og:image:height\" content=\"1320\" \/>\n\t<meta property=\"og:image:type\" content=\"image\/jpeg\" \/>\n<meta name=\"author\" content=\"Potencia Radiof\u00f3nica Dominicana\" \/>\n<meta name=\"twitter:card\" content=\"summary_large_image\" \/>\n<meta name=\"twitter:label1\" content=\"Escrito por\" \/>\n\t<meta name=\"twitter:data1\" content=\"Potencia Radiof\u00f3nica Dominicana\" \/>\n\t<meta name=\"twitter:label2\" content=\"Tiempo de lectura\" \/>\n\t<meta name=\"twitter:data2\" content=\"3 minutos\" \/>\n<script type=\"application\/ld+json\" class=\"yoast-schema-graph\">{\"@context\":\"https:\/\/schema.org\",\"@graph\":[{\"@type\":\"Article\",\"@id\":\"https:\/\/potenciaradiofonicadominicana.com\/portal\/luka-doncic-busca-tratamiento-especializado-en-europa-para-acelerar-su-recuperacion\/#article\",\"isPartOf\":{\"@id\":\"https:\/\/potenciaradiofonicadominicana.com\/portal\/luka-doncic-busca-tratamiento-especializado-en-europa-para-acelerar-su-recuperacion\/\"},\"author\":{\"name\":\"Potencia Radiof\u00f3nica Dominicana\",\"@id\":\"https:\/\/potenciaradiofonicadominicana.com\/portal\/#\/schema\/person\/a5cf1fea13877803ee0573ac18b03490\"},\"headline\":\"Luka Doncic busca tratamiento especializado en Europa para acelerar su recuperaci\u00f3n\",\"datePublished\":\"2026-04-07T01:46:38+00:00\",\"mainEntityOfPage\":{\"@id\":\"https:\/\/potenciaradiofonicadominicana.com\/portal\/luka-doncic-busca-tratamiento-especializado-en-europa-para-acelerar-su-recuperacion\/\"},\"wordCount\":372,\"publisher\":{\"@id\":\"https:\/\/potenciaradiofonicadominicana.com\/portal\/#organization\"},\"image\":{\"@id\":\"https:\/\/potenciaradiofonicadominicana.com\/portal\/luka-doncic-busca-tratamiento-especializado-en-europa-para-acelerar-su-recuperacion\/#primaryimage\"},\"thumbnailUrl\":\"https:\/\/potenciaradiofonicadominicana.com\/portal\/wp-content\/uploads\/2026\/04\/69d03bda81e27.jpeg\",\"articleSection\":[\"Deportes\"],\"inLanguage\":\"es\"},{\"@type\":\"WebPage\",\"@id\":\"https:\/\/potenciaradiofonicadominicana.com\/portal\/luka-doncic-busca-tratamiento-especializado-en-europa-para-acelerar-su-recuperacion\/\",\"url\":\"https:\/\/potenciaradiofonicadominicana.com\/portal\/luka-doncic-busca-tratamiento-especializado-en-europa-para-acelerar-su-recuperacion\/\",\"name\":\"Luka Doncic busca tratamiento especializado en Europa para acelerar su recuperaci\u00f3n - PotenciaRadiofonicaDominicana.com\",\"isPartOf\":{\"@id\":\"https:\/\/potenciaradiofonicadominicana.com\/portal\/#website\"},\"primaryImageOfPage\":{\"@id\":\"https:\/\/potenciaradiofonicadominicana.com\/portal\/luka-doncic-busca-tratamiento-especializado-en-europa-para-acelerar-su-recuperacion\/#primaryimage\"},\"image\":{\"@id\":\"https:\/\/potenciaradiofonicadominicana.com\/portal\/luka-doncic-busca-tratamiento-especializado-en-europa-para-acelerar-su-recuperacion\/#primaryimage\"},\"thumbnailUrl\":\"https:\/\/potenciaradiofonicadominicana.com\/portal\/wp-content\/uploads\/2026\/04\/69d03bda81e27.jpeg\",\"datePublished\":\"2026-04-07T01:46:38+00:00\",\"breadcrumb\":{\"@id\":\"https:\/\/potenciaradiofonicadominicana.com\/portal\/luka-doncic-busca-tratamiento-especializado-en-europa-para-acelerar-su-recuperacion\/#breadcrumb\"},\"inLanguage\":\"es\",\"potentialAction\":[{\"@type\":\"ReadAction\",\"target\":[\"https:\/\/potenciaradiofonicadominicana.com\/portal\/luka-doncic-busca-tratamiento-especializado-en-europa-para-acelerar-su-recuperacion\/\"]}]},{\"@type\":\"ImageObject\",\"inLanguage\":\"es\",\"@id\":\"https:\/\/potenciaradiofonicadominicana.com\/portal\/luka-doncic-busca-tratamiento-especializado-en-europa-para-acelerar-su-recuperacion\/#primaryimage\",\"url\":\"https:\/\/potenciaradiofonicadominicana.com\/portal\/wp-content\/uploads\/2026\/04\/69d03bda81e27.jpeg\",\"contentUrl\":\"https:\/\/potenciaradiofonicadominicana.com\/portal\/wp-content\/uploads\/2026\/04\/69d03bda81e27.jpeg\",\"width\":1980,\"height\":1320},{\"@type\":\"BreadcrumbList\",\"@id\":\"https:\/\/potenciaradiofonicadominicana.com\/portal\/luka-doncic-busca-tratamiento-especializado-en-europa-para-acelerar-su-recuperacion\/#breadcrumb\",\"itemListElement\":[{\"@type\":\"ListItem\",\"position\":1,\"name\":\"Portada\",\"item\":\"https:\/\/potenciaradiofonicadominicana.com\/portal\/\"},{\"@type\":\"ListItem\",\"position\":2,\"name\":\"Luka Doncic busca tratamiento especializado en Europa para acelerar su recuperaci\u00f3n\"}]},{\"@type\":\"WebSite\",\"@id\":\"https:\/\/potenciaradiofonicadominicana.com\/portal\/#website\",\"url\":\"https:\/\/potenciaradiofonicadominicana.com\/portal\/\",\"name\":\"PotenciaRadiofonicaDominicana.com\",\"description\":\"Peri\u00f3dico Digital\",\"publisher\":{\"@id\":\"https:\/\/potenciaradiofonicadominicana.com\/portal\/#organization\"},\"potentialAction\":[{\"@type\":\"SearchAction\",\"target\":{\"@type\":\"EntryPoint\",\"urlTemplate\":\"https:\/\/potenciaradiofonicadominicana.com\/portal\/?s={search_term_string}\"},\"query-input\":{\"@type\":\"PropertyValueSpecification\",\"valueRequired\":true,\"valueName\":\"search_term_string\"}}],\"inLanguage\":\"es\"},{\"@type\":\"Organization\",\"@id\":\"https:\/\/potenciaradiofonicadominicana.com\/portal\/#organization\",\"name\":\"PotenciaRadiofonicaDominicana.com\",\"url\":\"https:\/\/potenciaradiofonicadominicana.com\/portal\/\",\"logo\":{\"@type\":\"ImageObject\",\"inLanguage\":\"es\",\"@id\":\"https:\/\/potenciaradiofonicadominicana.com\/portal\/#\/schema\/logo\/image\/\",\"url\":\"https:\/\/potenciaradiofonicadominicana.com\/portal\/wp-content\/uploads\/2022\/01\/descarga.png\",\"contentUrl\":\"https:\/\/potenciaradiofonicadominicana.com\/portal\/wp-content\/uploads\/2022\/01\/descarga.png\",\"width\":300,\"height\":100,\"caption\":\"PotenciaRadiofonicaDominicana.com\"},\"image\":{\"@id\":\"https:\/\/potenciaradiofonicadominicana.com\/portal\/#\/schema\/logo\/image\/\"},\"sameAs\":[\"https:\/\/web.facebook.com\/PotenciaRadiofonicaD\"]},{\"@type\":\"Person\",\"@id\":\"https:\/\/potenciaradiofonicadominicana.com\/portal\/#\/schema\/person\/a5cf1fea13877803ee0573ac18b03490\",\"name\":\"Potencia Radiof\u00f3nica Dominicana\",\"image\":{\"@type\":\"ImageObject\",\"inLanguage\":\"es\",\"@id\":\"https:\/\/potenciaradiofonicadominicana.com\/portal\/#\/schema\/person\/image\/\",\"url\":\"https:\/\/secure.gravatar.com\/avatar\/42a55ab9e8ccc656ba34cd791990602a?s=96&d=mm&r=g\",\"contentUrl\":\"https:\/\/secure.gravatar.com\/avatar\/42a55ab9e8ccc656ba34cd791990602a?s=96&d=mm&r=g\",\"caption\":\"Potencia Radiof\u00f3nica Dominicana\"},\"url\":\"https:\/\/potenciaradiofonicadominicana.com\/portal\/author\/johannyalmanzar\/\"}]}<\/script>\n<!-- \/ Yoast SEO plugin. -->","yoast_head_json":{"title":"Luka Doncic busca tratamiento especializado en Europa para acelerar su recuperaci\u00f3n - PotenciaRadiofonicaDominicana.com","robots":{"index":"index","follow":"follow","max-snippet":"max-snippet:-1","max-image-preview":"max-image-preview:large","max-video-preview":"max-video-preview:-1"},"canonical":"https:\/\/potenciaradiofonicadominicana.com\/portal\/luka-doncic-busca-tratamiento-especializado-en-europa-para-acelerar-su-recuperacion\/","og_locale":"es_ES","og_type":"article","og_title":"Luka Doncic busca tratamiento especializado en Europa para acelerar su recuperaci\u00f3n - PotenciaRadiofonicaDominicana.com","og_description":"Luka Doncic est\u00e1 intentando acelerar su regreso a las canchas con los Los Angeles Lakers. Doncic buscar\u00e1 tratamiento m\u00e9dico especializado ...","og_url":"https:\/\/potenciaradiofonicadominicana.com\/portal\/luka-doncic-busca-tratamiento-especializado-en-europa-para-acelerar-su-recuperacion\/","og_site_name":"PotenciaRadiofonicaDominicana.com","article_publisher":"https:\/\/web.facebook.com\/PotenciaRadiofonicaD","article_published_time":"2026-04-07T01:46:38+00:00","og_image":[{"width":1980,"height":1320,"url":"https:\/\/potenciaradiofonicadominicana.com\/portal\/wp-content\/uploads\/2026\/04\/69d03bda81e27.jpeg","type":"image\/jpeg"}],"author":"Potencia Radiof\u00f3nica Dominicana","twitter_card":"summary_large_image","twitter_misc":{"Escrito por":"Potencia Radiof\u00f3nica Dominicana","Tiempo de lectura":"3 minutos"},"schema":{"@context":"https:\/\/schema.org","@graph":[{"@type":"Article","@id":"https:\/\/potenciaradiofonicadominicana.com\/portal\/luka-doncic-busca-tratamiento-especializado-en-europa-para-acelerar-su-recuperacion\/#article","isPartOf":{"@id":"https:\/\/potenciaradiofonicadominicana.com\/portal\/luka-doncic-busca-tratamiento-especializado-en-europa-para-acelerar-su-recuperacion\/"},"author":{"name":"Potencia Radiof\u00f3nica Dominicana","@id":"https:\/\/potenciaradiofonicadominicana.com\/portal\/#\/schema\/person\/a5cf1fea13877803ee0573ac18b03490"},"headline":"Luka Doncic busca tratamiento especializado en Europa para acelerar su recuperaci\u00f3n","datePublished":"2026-04-07T01:46:38+00:00","mainEntityOfPage":{"@id":"https:\/\/potenciaradiofonicadominicana.com\/portal\/luka-doncic-busca-tratamiento-especializado-en-europa-para-acelerar-su-recuperacion\/"},"wordCount":372,"publisher":{"@id":"https:\/\/potenciaradiofonicadominicana.com\/portal\/#organization"},"image":{"@id":"https:\/\/potenciaradiofonicadominicana.com\/portal\/luka-doncic-busca-tratamiento-especializado-en-europa-para-acelerar-su-recuperacion\/#primaryimage"},"thumbnailUrl":"https:\/\/potenciaradiofonicadominicana.com\/portal\/wp-content\/uploads\/2026\/04\/69d03bda81e27.jpeg","articleSection":["Deportes"],"inLanguage":"es"},{"@type":"WebPage","@id":"https:\/\/potenciaradiofonicadominicana.com\/portal\/luka-doncic-busca-tratamiento-especializado-en-europa-para-acelerar-su-recuperacion\/","url":"https:\/\/potenciaradiofonicadominicana.com\/portal\/luka-doncic-busca-tratamiento-especializado-en-europa-para-acelerar-su-recuperacion\/","name":"Luka Doncic busca tratamiento especializado en Europa para acelerar su recuperaci\u00f3n - PotenciaRadiofonicaDominicana.com","isPartOf":{"@id":"https:\/\/potenciaradiofonicadominicana.com\/portal\/#website"},"primaryImageOfPage":{"@id":"https:\/\/potenciaradiofonicadominicana.com\/portal\/luka-doncic-busca-tratamiento-especializado-en-europa-para-acelerar-su-recuperacion\/#primaryimage"},"image":{"@id":"https:\/\/potenciaradiofonicadominicana.com\/portal\/luka-doncic-busca-tratamiento-especializado-en-europa-para-acelerar-su-recuperacion\/#primaryimage"},"thumbnailUrl":"https:\/\/potenciaradiofonicadominicana.com\/portal\/wp-content\/uploads\/2026\/04\/69d03bda81e27.jpeg","datePublished":"2026-04-07T01:46:38+00:00","breadcrumb":{"@id":"https:\/\/potenciaradiofonicadominicana.com\/portal\/luka-doncic-busca-tratamiento-especializado-en-europa-para-acelerar-su-recuperacion\/#breadcrumb"},"inLanguage":"es","potentialAction":[{"@type":"ReadAction","target":["https:\/\/potenciaradiofonicadominicana.com\/portal\/luka-doncic-busca-tratamiento-especializado-en-europa-para-acelerar-su-recuperacion\/"]}]},{"@type":"ImageObject","inLanguage":"es","@id":"https:\/\/potenciaradiofonicadominicana.com\/portal\/luka-doncic-busca-tratamiento-especializado-en-europa-para-acelerar-su-recuperacion\/#primaryimage","url":"https:\/\/potenciaradiofonicadominicana.com\/portal\/wp-content\/uploads\/2026\/04\/69d03bda81e27.jpeg","contentUrl":"https:\/\/potenciaradiofonicadominicana.com\/portal\/wp-content\/uploads\/2026\/04\/69d03bda81e27.jpeg","width":1980,"height":1320},{"@type":"BreadcrumbList","@id":"https:\/\/potenciaradiofonicadominicana.com\/portal\/luka-doncic-busca-tratamiento-especializado-en-europa-para-acelerar-su-recuperacion\/#breadcrumb","itemListElement":[{"@type":"ListItem","position":1,"name":"Portada","item":"https:\/\/potenciaradiofonicadominicana.com\/portal\/"},{"@type":"ListItem","position":2,"name":"Luka Doncic busca tratamiento especializado en Europa para acelerar su recuperaci\u00f3n"}]},{"@type":"WebSite","@id":"https:\/\/potenciaradiofonicadominicana.com\/portal\/#website","url":"https:\/\/potenciaradiofonicadominicana.com\/portal\/","name":"PotenciaRadiofonicaDominicana.com","description":"Peri\u00f3dico Digital","publisher":{"@id":"https:\/\/potenciaradiofonicadominicana.com\/portal\/#organization"},"potentialAction":[{"@type":"SearchAction","target":{"@type":"EntryPoint","urlTemplate":"https:\/\/potenciaradiofonicadominicana.com\/portal\/?s={search_term_string}"},"query-input":{"@type":"PropertyValueSpecification","valueRequired":true,"valueName":"search_term_string"}}],"inLanguage":"es"},{"@type":"Organization","@id":"https:\/\/potenciaradiofonicadominicana.com\/portal\/#organization","name":"PotenciaRadiofonicaDominicana.com","url":"https:\/\/potenciaradiofonicadominicana.com\/portal\/","logo":{"@type":"ImageObject","inLanguage":"es","@id":"https:\/\/potenciaradiofonicadominicana.com\/portal\/#\/schema\/logo\/image\/","url":"https:\/\/potenciaradiofonicadominicana.com\/portal\/wp-content\/uploads\/2022\/01\/descarga.png","contentUrl":"https:\/\/potenciaradiofonicadominicana.com\/portal\/wp-content\/uploads\/2022\/01\/descarga.png","width":300,"height":100,"caption":"PotenciaRadiofonicaDominicana.com"},"image":{"@id":"https:\/\/potenciaradiofonicadominicana.com\/portal\/#\/schema\/logo\/image\/"},"sameAs":["https:\/\/web.facebook.com\/PotenciaRadiofonicaD"]},{"@type":"Person","@id":"https:\/\/potenciaradiofonicadominicana.com\/portal\/#\/schema\/person\/a5cf1fea13877803ee0573ac18b03490","name":"Potencia Radiof\u00f3nica Dominicana","image":{"@type":"ImageObject","inLanguage":"es","@id":"https:\/\/potenciaradiofonicadominicana.com\/portal\/#\/schema\/person\/image\/","url":"https:\/\/secure.gravatar.com\/avatar\/42a55ab9e8ccc656ba34cd791990602a?s=96&d=mm&r=g","contentUrl":"https:\/\/secure.gravatar.com\/avatar\/42a55ab9e8ccc656ba34cd791990602a?s=96&d=mm&r=g","caption":"Potencia Radiof\u00f3nica Dominicana"},"url":"https:\/\/potenciaradiofonicadominicana.com\/portal\/author\/johannyalmanzar\/"}]}},"_links":{"self":[{"href":"https:\/\/potenciaradiofonicadominicana.com\/portal\/wp-json\/wp\/v2\/posts\/214415","targetHints":{"allow":["GET"]}}],"collection":[{"href":"https:\/\/potenciaradiofonicadominicana.com\/portal\/wp-json\/wp\/v2\/posts"}],"about":[{"href":"https:\/\/potenciaradiofonicadominicana.com\/portal\/wp-json\/wp\/v2\/types\/post"}],"author":[{"embeddable":true,"href":"https:\/\/potenciaradiofonicadominicana.com\/portal\/wp-json\/wp\/v2\/users\/2"}],"replies":[{"embeddable":true,"href":"https:\/\/potenciaradiofonicadominicana.com\/portal\/wp-json\/wp\/v2\/comments?post=214415"}],"version-history":[{"count":1,"href":"https:\/\/potenciaradiofonicadominicana.com\/portal\/wp-json\/wp\/v2\/posts\/214415\/revisions"}],"predecessor-version":[{"id":214417,"href":"https:\/\/potenciaradiofonicadominicana.com\/portal\/wp-json\/wp\/v2\/posts\/214415\/revisions\/214417"}],"wp:featuredmedia":[{"embeddable":true,"href":"https:\/\/potenciaradiofonicadominicana.com\/portal\/wp-json\/wp\/v2\/media\/214416"}],"wp:attachment":[{"href":"https:\/\/potenciaradiofonicadominicana.com\/portal\/wp-json\/wp\/v2\/media?parent=214415"}],"wp:term":[{"taxonomy":"category","embeddable":true,"href":"https:\/\/potenciaradiofonicadominicana.com\/portal\/wp-json\/wp\/v2\/categories?post=214415"},{"taxonomy":"post_tag","embeddable":true,"href":"https:\/\/potenciaradiofonicadominicana.com\/portal\/wp-json\/wp\/v2\/tags?post=214415"}],"curies":[{"name":"wp","href":"https:\/\/api.w.org\/{rel}","templated":true}]}}