{"id":214409,"date":"2026-04-06T21:43:13","date_gmt":"2026-04-07T01:43:13","guid":{"rendered":"https:\/\/potenciaradiofonicadominicana.com\/portal\/?p=214409"},"modified":"2026-04-06T21:43:13","modified_gmt":"2026-04-07T01:43:13","slug":"el-argentino-sebastian-baez-sera-el-primer-rival-de-carlos-alcaraz-en-montecarlo","status":"publish","type":"post","link":"https:\/\/potenciaradiofonicadominicana.com\/portal\/el-argentino-sebastian-baez-sera-el-primer-rival-de-carlos-alcaraz-en-montecarlo\/","title":{"rendered":"El argentino Sebasti\u00e1n B\u00e1ez ser\u00e1 el primer rival de Carlos Alcaraz en Montecarlo"},"content":{"rendered":"<p><a href=\"https:\/\/potenciaradiofonicadominicana.com\/portal\/wp-content\/uploads\/2026\/04\/r1639501_1296x729_16-9.jpg\"><img loading=\"lazy\" decoding=\"async\" class=\"alignnone size-full wp-image-214410\" src=\"https:\/\/potenciaradiofonicadominicana.com\/portal\/wp-content\/uploads\/2026\/04\/r1639501_1296x729_16-9.jpg\" alt=\"\" width=\"1296\" height=\"728\" srcset=\"https:\/\/potenciaradiofonicadominicana.com\/portal\/wp-content\/uploads\/2026\/04\/r1639501_1296x729_16-9.jpg 1296w, https:\/\/potenciaradiofonicadominicana.com\/portal\/wp-content\/uploads\/2026\/04\/r1639501_1296x729_16-9-300x169.jpg 300w, https:\/\/potenciaradiofonicadominicana.com\/portal\/wp-content\/uploads\/2026\/04\/r1639501_1296x729_16-9-1024x575.jpg 1024w, https:\/\/potenciaradiofonicadominicana.com\/portal\/wp-content\/uploads\/2026\/04\/r1639501_1296x729_16-9-768x431.jpg 768w\" sizes=\"auto, (max-width: 1296px) 100vw, 1296px\" \/><\/a><\/p>\n<p>El argentino Sebasti\u00e1n B\u00e1ez venci\u00f3 por doble 7-5 al suizo &#8216;Stan&#8217; Wawrinka, que se retirar\u00e1 esta temporada, en la primera ronda en el Masters 1000 de Montecarlo, evitando el \u00absue\u00f1o\u00bb del helv\u00e9tico de medirse al espa\u00f1ol Carlos Alcaraz en los dieciseisavos de final del torneo.<\/p>\n<p>Para Alcaraz, ser\u00e1 su debut en el torneo de Montecarlo 2026 y su primer partido oficial en arcilla desde la final de Roland Garros 2025, en la que se impuso a Jannik Sinner.<\/p>\n<p>En la rueda de prensa previa al inicio del mismo, Wawrinka elogi\u00f3 la trayectoria del joven tenista murciano y afirm\u00f3 que, en su \u00faltima temporada antes de colgar la raqueta, ser\u00eda todo un \u00absue\u00f1o\u00bb un hipot\u00e9tico duelo ante Alcaraz en M\u00f3naco, en la primera gran cita de la temporada de tierra batida.<\/p>\n<p>Sin embargo, el suizo se diluy\u00f3 despu\u00e9s de perder un primer set que ten\u00eda muy bien encarrilado con 1-4. En el segundo, sac\u00f3 fuerzas cuando todo parec\u00eda perdido y consigui\u00f3 empatar cuando iba 5-1 abajo, pero acab\u00f3 cayendo en un duelo que se fue a la hora y 48 minutos de duraci\u00f3n.<\/p>\n<p>Wawrinka se fue hasta los 41 errores no forzados y se despidi\u00f3 del n\u00famero 50 del mundo, que ahora ser\u00e1 el rival de Alcaraz en su debut en la segunda ronda. As\u00ed, el suizo gast\u00f3 una bala de medirse al actual l\u00edder del ranking ATP antes de certificar su retiro.<\/p>\n<p>Contra B\u00e1ez, el murciano ha jugado en tres ocasiones, y en todas ellas la victoria ha sido para el espa\u00f1ol.<br \/>\nAlcaraz llega a Montecarlo despu\u00e9s de ser eliminado en tercera ronda del Masters 1000 de Miami por el estadounidense Sebastian Korda, y est\u00e1 en el mismo lado del cuadro que Lorenzo Musetti, finalista en 2025, Alexander Bublik o Alex de Mi\u00f1aur.<\/p>\n","protected":false},"excerpt":{"rendered":"<p>El argentino Sebasti\u00e1n B\u00e1ez venci\u00f3 por doble 7-5 al suizo &#8216;Stan&#8217; Wawrinka, que se retirar\u00e1 esta temporada, en la primera &#8230;<\/p>\n","protected":false},"author":2,"featured_media":214410,"comment_status":"closed","ping_status":"closed","sticky":false,"template":"","format":"standard","meta":{"footnotes":""},"categories":[28],"tags":[],"class_list":["post-214409","post","type-post","status-publish","format-standard","has-post-thumbnail","hentry","category-deportes"],"yoast_head":"<!-- This site is optimized with the Yoast SEO plugin v24.8.1 - https:\/\/yoast.com\/wordpress\/plugins\/seo\/ -->\n<title>El argentino Sebasti\u00e1n B\u00e1ez ser\u00e1 el primer rival de Carlos Alcaraz en Montecarlo - PotenciaRadiofonicaDominicana.com<\/title>\n<meta name=\"robots\" content=\"index, follow, max-snippet:-1, max-image-preview:large, max-video-preview:-1\" \/>\n<link rel=\"canonical\" href=\"https:\/\/potenciaradiofonicadominicana.com\/portal\/el-argentino-sebastian-baez-sera-el-primer-rival-de-carlos-alcaraz-en-montecarlo\/\" \/>\n<meta property=\"og:locale\" content=\"es_ES\" \/>\n<meta property=\"og:type\" content=\"article\" \/>\n<meta property=\"og:title\" content=\"El argentino Sebasti\u00e1n B\u00e1ez ser\u00e1 el primer rival de Carlos Alcaraz en Montecarlo - PotenciaRadiofonicaDominicana.com\" \/>\n<meta property=\"og:description\" content=\"El argentino Sebasti\u00e1n B\u00e1ez venci\u00f3 por doble 7-5 al suizo &#8216;Stan&#8217; Wawrinka, que se retirar\u00e1 esta temporada, en la primera ...\" \/>\n<meta property=\"og:url\" content=\"https:\/\/potenciaradiofonicadominicana.com\/portal\/el-argentino-sebastian-baez-sera-el-primer-rival-de-carlos-alcaraz-en-montecarlo\/\" \/>\n<meta property=\"og:site_name\" content=\"PotenciaRadiofonicaDominicana.com\" \/>\n<meta property=\"article:publisher\" content=\"https:\/\/web.facebook.com\/PotenciaRadiofonicaD\" \/>\n<meta property=\"article:published_time\" content=\"2026-04-07T01:43:13+00:00\" \/>\n<meta property=\"og:image\" content=\"https:\/\/potenciaradiofonicadominicana.com\/portal\/wp-content\/uploads\/2026\/04\/r1639501_1296x729_16-9.jpg\" \/>\n\t<meta property=\"og:image:width\" content=\"1296\" \/>\n\t<meta property=\"og:image:height\" content=\"728\" \/>\n\t<meta property=\"og:image:type\" content=\"image\/jpeg\" \/>\n<meta name=\"author\" content=\"Potencia Radiof\u00f3nica Dominicana\" \/>\n<meta name=\"twitter:card\" content=\"summary_large_image\" \/>\n<meta name=\"twitter:label1\" content=\"Escrito por\" \/>\n\t<meta name=\"twitter:data1\" content=\"Potencia Radiof\u00f3nica Dominicana\" \/>\n\t<meta name=\"twitter:label2\" content=\"Tiempo de lectura\" \/>\n\t<meta name=\"twitter:data2\" content=\"2 minutos\" \/>\n<script type=\"application\/ld+json\" class=\"yoast-schema-graph\">{\"@context\":\"https:\/\/schema.org\",\"@graph\":[{\"@type\":\"Article\",\"@id\":\"https:\/\/potenciaradiofonicadominicana.com\/portal\/el-argentino-sebastian-baez-sera-el-primer-rival-de-carlos-alcaraz-en-montecarlo\/#article\",\"isPartOf\":{\"@id\":\"https:\/\/potenciaradiofonicadominicana.com\/portal\/el-argentino-sebastian-baez-sera-el-primer-rival-de-carlos-alcaraz-en-montecarlo\/\"},\"author\":{\"name\":\"Potencia Radiof\u00f3nica Dominicana\",\"@id\":\"https:\/\/potenciaradiofonicadominicana.com\/portal\/#\/schema\/person\/a5cf1fea13877803ee0573ac18b03490\"},\"headline\":\"El argentino Sebasti\u00e1n B\u00e1ez ser\u00e1 el primer rival de Carlos Alcaraz en Montecarlo\",\"datePublished\":\"2026-04-07T01:43:13+00:00\",\"mainEntityOfPage\":{\"@id\":\"https:\/\/potenciaradiofonicadominicana.com\/portal\/el-argentino-sebastian-baez-sera-el-primer-rival-de-carlos-alcaraz-en-montecarlo\/\"},\"wordCount\":319,\"publisher\":{\"@id\":\"https:\/\/potenciaradiofonicadominicana.com\/portal\/#organization\"},\"image\":{\"@id\":\"https:\/\/potenciaradiofonicadominicana.com\/portal\/el-argentino-sebastian-baez-sera-el-primer-rival-de-carlos-alcaraz-en-montecarlo\/#primaryimage\"},\"thumbnailUrl\":\"https:\/\/potenciaradiofonicadominicana.com\/portal\/wp-content\/uploads\/2026\/04\/r1639501_1296x729_16-9.jpg\",\"articleSection\":[\"Deportes\"],\"inLanguage\":\"es\"},{\"@type\":\"WebPage\",\"@id\":\"https:\/\/potenciaradiofonicadominicana.com\/portal\/el-argentino-sebastian-baez-sera-el-primer-rival-de-carlos-alcaraz-en-montecarlo\/\",\"url\":\"https:\/\/potenciaradiofonicadominicana.com\/portal\/el-argentino-sebastian-baez-sera-el-primer-rival-de-carlos-alcaraz-en-montecarlo\/\",\"name\":\"El argentino Sebasti\u00e1n B\u00e1ez ser\u00e1 el primer rival de Carlos Alcaraz en Montecarlo - PotenciaRadiofonicaDominicana.com\",\"isPartOf\":{\"@id\":\"https:\/\/potenciaradiofonicadominicana.com\/portal\/#website\"},\"primaryImageOfPage\":{\"@id\":\"https:\/\/potenciaradiofonicadominicana.com\/portal\/el-argentino-sebastian-baez-sera-el-primer-rival-de-carlos-alcaraz-en-montecarlo\/#primaryimage\"},\"image\":{\"@id\":\"https:\/\/potenciaradiofonicadominicana.com\/portal\/el-argentino-sebastian-baez-sera-el-primer-rival-de-carlos-alcaraz-en-montecarlo\/#primaryimage\"},\"thumbnailUrl\":\"https:\/\/potenciaradiofonicadominicana.com\/portal\/wp-content\/uploads\/2026\/04\/r1639501_1296x729_16-9.jpg\",\"datePublished\":\"2026-04-07T01:43:13+00:00\",\"breadcrumb\":{\"@id\":\"https:\/\/potenciaradiofonicadominicana.com\/portal\/el-argentino-sebastian-baez-sera-el-primer-rival-de-carlos-alcaraz-en-montecarlo\/#breadcrumb\"},\"inLanguage\":\"es\",\"potentialAction\":[{\"@type\":\"ReadAction\",\"target\":[\"https:\/\/potenciaradiofonicadominicana.com\/portal\/el-argentino-sebastian-baez-sera-el-primer-rival-de-carlos-alcaraz-en-montecarlo\/\"]}]},{\"@type\":\"ImageObject\",\"inLanguage\":\"es\",\"@id\":\"https:\/\/potenciaradiofonicadominicana.com\/portal\/el-argentino-sebastian-baez-sera-el-primer-rival-de-carlos-alcaraz-en-montecarlo\/#primaryimage\",\"url\":\"https:\/\/potenciaradiofonicadominicana.com\/portal\/wp-content\/uploads\/2026\/04\/r1639501_1296x729_16-9.jpg\",\"contentUrl\":\"https:\/\/potenciaradiofonicadominicana.com\/portal\/wp-content\/uploads\/2026\/04\/r1639501_1296x729_16-9.jpg\",\"width\":1296,\"height\":728},{\"@type\":\"BreadcrumbList\",\"@id\":\"https:\/\/potenciaradiofonicadominicana.com\/portal\/el-argentino-sebastian-baez-sera-el-primer-rival-de-carlos-alcaraz-en-montecarlo\/#breadcrumb\",\"itemListElement\":[{\"@type\":\"ListItem\",\"position\":1,\"name\":\"Portada\",\"item\":\"https:\/\/potenciaradiofonicadominicana.com\/portal\/\"},{\"@type\":\"ListItem\",\"position\":2,\"name\":\"El argentino Sebasti\u00e1n B\u00e1ez ser\u00e1 el primer rival de Carlos Alcaraz en Montecarlo\"}]},{\"@type\":\"WebSite\",\"@id\":\"https:\/\/potenciaradiofonicadominicana.com\/portal\/#website\",\"url\":\"https:\/\/potenciaradiofonicadominicana.com\/portal\/\",\"name\":\"PotenciaRadiofonicaDominicana.com\",\"description\":\"Peri\u00f3dico Digital\",\"publisher\":{\"@id\":\"https:\/\/potenciaradiofonicadominicana.com\/portal\/#organization\"},\"potentialAction\":[{\"@type\":\"SearchAction\",\"target\":{\"@type\":\"EntryPoint\",\"urlTemplate\":\"https:\/\/potenciaradiofonicadominicana.com\/portal\/?s={search_term_string}\"},\"query-input\":{\"@type\":\"PropertyValueSpecification\",\"valueRequired\":true,\"valueName\":\"search_term_string\"}}],\"inLanguage\":\"es\"},{\"@type\":\"Organization\",\"@id\":\"https:\/\/potenciaradiofonicadominicana.com\/portal\/#organization\",\"name\":\"PotenciaRadiofonicaDominicana.com\",\"url\":\"https:\/\/potenciaradiofonicadominicana.com\/portal\/\",\"logo\":{\"@type\":\"ImageObject\",\"inLanguage\":\"es\",\"@id\":\"https:\/\/potenciaradiofonicadominicana.com\/portal\/#\/schema\/logo\/image\/\",\"url\":\"https:\/\/potenciaradiofonicadominicana.com\/portal\/wp-content\/uploads\/2022\/01\/descarga.png\",\"contentUrl\":\"https:\/\/potenciaradiofonicadominicana.com\/portal\/wp-content\/uploads\/2022\/01\/descarga.png\",\"width\":300,\"height\":100,\"caption\":\"PotenciaRadiofonicaDominicana.com\"},\"image\":{\"@id\":\"https:\/\/potenciaradiofonicadominicana.com\/portal\/#\/schema\/logo\/image\/\"},\"sameAs\":[\"https:\/\/web.facebook.com\/PotenciaRadiofonicaD\"]},{\"@type\":\"Person\",\"@id\":\"https:\/\/potenciaradiofonicadominicana.com\/portal\/#\/schema\/person\/a5cf1fea13877803ee0573ac18b03490\",\"name\":\"Potencia Radiof\u00f3nica Dominicana\",\"image\":{\"@type\":\"ImageObject\",\"inLanguage\":\"es\",\"@id\":\"https:\/\/potenciaradiofonicadominicana.com\/portal\/#\/schema\/person\/image\/\",\"url\":\"https:\/\/secure.gravatar.com\/avatar\/42a55ab9e8ccc656ba34cd791990602a?s=96&d=mm&r=g\",\"contentUrl\":\"https:\/\/secure.gravatar.com\/avatar\/42a55ab9e8ccc656ba34cd791990602a?s=96&d=mm&r=g\",\"caption\":\"Potencia Radiof\u00f3nica Dominicana\"},\"url\":\"https:\/\/potenciaradiofonicadominicana.com\/portal\/author\/johannyalmanzar\/\"}]}<\/script>\n<!-- \/ Yoast SEO plugin. -->","yoast_head_json":{"title":"El argentino Sebasti\u00e1n B\u00e1ez ser\u00e1 el primer rival de Carlos Alcaraz en Montecarlo - PotenciaRadiofonicaDominicana.com","robots":{"index":"index","follow":"follow","max-snippet":"max-snippet:-1","max-image-preview":"max-image-preview:large","max-video-preview":"max-video-preview:-1"},"canonical":"https:\/\/potenciaradiofonicadominicana.com\/portal\/el-argentino-sebastian-baez-sera-el-primer-rival-de-carlos-alcaraz-en-montecarlo\/","og_locale":"es_ES","og_type":"article","og_title":"El argentino Sebasti\u00e1n B\u00e1ez ser\u00e1 el primer rival de Carlos Alcaraz en Montecarlo - PotenciaRadiofonicaDominicana.com","og_description":"El argentino Sebasti\u00e1n B\u00e1ez venci\u00f3 por doble 7-5 al suizo &#8216;Stan&#8217; Wawrinka, que se retirar\u00e1 esta temporada, en la primera ...","og_url":"https:\/\/potenciaradiofonicadominicana.com\/portal\/el-argentino-sebastian-baez-sera-el-primer-rival-de-carlos-alcaraz-en-montecarlo\/","og_site_name":"PotenciaRadiofonicaDominicana.com","article_publisher":"https:\/\/web.facebook.com\/PotenciaRadiofonicaD","article_published_time":"2026-04-07T01:43:13+00:00","og_image":[{"width":1296,"height":728,"url":"https:\/\/potenciaradiofonicadominicana.com\/portal\/wp-content\/uploads\/2026\/04\/r1639501_1296x729_16-9.jpg","type":"image\/jpeg"}],"author":"Potencia Radiof\u00f3nica Dominicana","twitter_card":"summary_large_image","twitter_misc":{"Escrito por":"Potencia Radiof\u00f3nica Dominicana","Tiempo de lectura":"2 minutos"},"schema":{"@context":"https:\/\/schema.org","@graph":[{"@type":"Article","@id":"https:\/\/potenciaradiofonicadominicana.com\/portal\/el-argentino-sebastian-baez-sera-el-primer-rival-de-carlos-alcaraz-en-montecarlo\/#article","isPartOf":{"@id":"https:\/\/potenciaradiofonicadominicana.com\/portal\/el-argentino-sebastian-baez-sera-el-primer-rival-de-carlos-alcaraz-en-montecarlo\/"},"author":{"name":"Potencia Radiof\u00f3nica Dominicana","@id":"https:\/\/potenciaradiofonicadominicana.com\/portal\/#\/schema\/person\/a5cf1fea13877803ee0573ac18b03490"},"headline":"El argentino Sebasti\u00e1n B\u00e1ez ser\u00e1 el primer rival de Carlos Alcaraz en Montecarlo","datePublished":"2026-04-07T01:43:13+00:00","mainEntityOfPage":{"@id":"https:\/\/potenciaradiofonicadominicana.com\/portal\/el-argentino-sebastian-baez-sera-el-primer-rival-de-carlos-alcaraz-en-montecarlo\/"},"wordCount":319,"publisher":{"@id":"https:\/\/potenciaradiofonicadominicana.com\/portal\/#organization"},"image":{"@id":"https:\/\/potenciaradiofonicadominicana.com\/portal\/el-argentino-sebastian-baez-sera-el-primer-rival-de-carlos-alcaraz-en-montecarlo\/#primaryimage"},"thumbnailUrl":"https:\/\/potenciaradiofonicadominicana.com\/portal\/wp-content\/uploads\/2026\/04\/r1639501_1296x729_16-9.jpg","articleSection":["Deportes"],"inLanguage":"es"},{"@type":"WebPage","@id":"https:\/\/potenciaradiofonicadominicana.com\/portal\/el-argentino-sebastian-baez-sera-el-primer-rival-de-carlos-alcaraz-en-montecarlo\/","url":"https:\/\/potenciaradiofonicadominicana.com\/portal\/el-argentino-sebastian-baez-sera-el-primer-rival-de-carlos-alcaraz-en-montecarlo\/","name":"El argentino Sebasti\u00e1n B\u00e1ez ser\u00e1 el primer rival de Carlos Alcaraz en Montecarlo - PotenciaRadiofonicaDominicana.com","isPartOf":{"@id":"https:\/\/potenciaradiofonicadominicana.com\/portal\/#website"},"primaryImageOfPage":{"@id":"https:\/\/potenciaradiofonicadominicana.com\/portal\/el-argentino-sebastian-baez-sera-el-primer-rival-de-carlos-alcaraz-en-montecarlo\/#primaryimage"},"image":{"@id":"https:\/\/potenciaradiofonicadominicana.com\/portal\/el-argentino-sebastian-baez-sera-el-primer-rival-de-carlos-alcaraz-en-montecarlo\/#primaryimage"},"thumbnailUrl":"https:\/\/potenciaradiofonicadominicana.com\/portal\/wp-content\/uploads\/2026\/04\/r1639501_1296x729_16-9.jpg","datePublished":"2026-04-07T01:43:13+00:00","breadcrumb":{"@id":"https:\/\/potenciaradiofonicadominicana.com\/portal\/el-argentino-sebastian-baez-sera-el-primer-rival-de-carlos-alcaraz-en-montecarlo\/#breadcrumb"},"inLanguage":"es","potentialAction":[{"@type":"ReadAction","target":["https:\/\/potenciaradiofonicadominicana.com\/portal\/el-argentino-sebastian-baez-sera-el-primer-rival-de-carlos-alcaraz-en-montecarlo\/"]}]},{"@type":"ImageObject","inLanguage":"es","@id":"https:\/\/potenciaradiofonicadominicana.com\/portal\/el-argentino-sebastian-baez-sera-el-primer-rival-de-carlos-alcaraz-en-montecarlo\/#primaryimage","url":"https:\/\/potenciaradiofonicadominicana.com\/portal\/wp-content\/uploads\/2026\/04\/r1639501_1296x729_16-9.jpg","contentUrl":"https:\/\/potenciaradiofonicadominicana.com\/portal\/wp-content\/uploads\/2026\/04\/r1639501_1296x729_16-9.jpg","width":1296,"height":728},{"@type":"BreadcrumbList","@id":"https:\/\/potenciaradiofonicadominicana.com\/portal\/el-argentino-sebastian-baez-sera-el-primer-rival-de-carlos-alcaraz-en-montecarlo\/#breadcrumb","itemListElement":[{"@type":"ListItem","position":1,"name":"Portada","item":"https:\/\/potenciaradiofonicadominicana.com\/portal\/"},{"@type":"ListItem","position":2,"name":"El argentino Sebasti\u00e1n B\u00e1ez ser\u00e1 el primer rival de Carlos Alcaraz en Montecarlo"}]},{"@type":"WebSite","@id":"https:\/\/potenciaradiofonicadominicana.com\/portal\/#website","url":"https:\/\/potenciaradiofonicadominicana.com\/portal\/","name":"PotenciaRadiofonicaDominicana.com","description":"Peri\u00f3dico Digital","publisher":{"@id":"https:\/\/potenciaradiofonicadominicana.com\/portal\/#organization"},"potentialAction":[{"@type":"SearchAction","target":{"@type":"EntryPoint","urlTemplate":"https:\/\/potenciaradiofonicadominicana.com\/portal\/?s={search_term_string}"},"query-input":{"@type":"PropertyValueSpecification","valueRequired":true,"valueName":"search_term_string"}}],"inLanguage":"es"},{"@type":"Organization","@id":"https:\/\/potenciaradiofonicadominicana.com\/portal\/#organization","name":"PotenciaRadiofonicaDominicana.com","url":"https:\/\/potenciaradiofonicadominicana.com\/portal\/","logo":{"@type":"ImageObject","inLanguage":"es","@id":"https:\/\/potenciaradiofonicadominicana.com\/portal\/#\/schema\/logo\/image\/","url":"https:\/\/potenciaradiofonicadominicana.com\/portal\/wp-content\/uploads\/2022\/01\/descarga.png","contentUrl":"https:\/\/potenciaradiofonicadominicana.com\/portal\/wp-content\/uploads\/2022\/01\/descarga.png","width":300,"height":100,"caption":"PotenciaRadiofonicaDominicana.com"},"image":{"@id":"https:\/\/potenciaradiofonicadominicana.com\/portal\/#\/schema\/logo\/image\/"},"sameAs":["https:\/\/web.facebook.com\/PotenciaRadiofonicaD"]},{"@type":"Person","@id":"https:\/\/potenciaradiofonicadominicana.com\/portal\/#\/schema\/person\/a5cf1fea13877803ee0573ac18b03490","name":"Potencia Radiof\u00f3nica Dominicana","image":{"@type":"ImageObject","inLanguage":"es","@id":"https:\/\/potenciaradiofonicadominicana.com\/portal\/#\/schema\/person\/image\/","url":"https:\/\/secure.gravatar.com\/avatar\/42a55ab9e8ccc656ba34cd791990602a?s=96&d=mm&r=g","contentUrl":"https:\/\/secure.gravatar.com\/avatar\/42a55ab9e8ccc656ba34cd791990602a?s=96&d=mm&r=g","caption":"Potencia Radiof\u00f3nica Dominicana"},"url":"https:\/\/potenciaradiofonicadominicana.com\/portal\/author\/johannyalmanzar\/"}]}},"_links":{"self":[{"href":"https:\/\/potenciaradiofonicadominicana.com\/portal\/wp-json\/wp\/v2\/posts\/214409","targetHints":{"allow":["GET"]}}],"collection":[{"href":"https:\/\/potenciaradiofonicadominicana.com\/portal\/wp-json\/wp\/v2\/posts"}],"about":[{"href":"https:\/\/potenciaradiofonicadominicana.com\/portal\/wp-json\/wp\/v2\/types\/post"}],"author":[{"embeddable":true,"href":"https:\/\/potenciaradiofonicadominicana.com\/portal\/wp-json\/wp\/v2\/users\/2"}],"replies":[{"embeddable":true,"href":"https:\/\/potenciaradiofonicadominicana.com\/portal\/wp-json\/wp\/v2\/comments?post=214409"}],"version-history":[{"count":1,"href":"https:\/\/potenciaradiofonicadominicana.com\/portal\/wp-json\/wp\/v2\/posts\/214409\/revisions"}],"predecessor-version":[{"id":214411,"href":"https:\/\/potenciaradiofonicadominicana.com\/portal\/wp-json\/wp\/v2\/posts\/214409\/revisions\/214411"}],"wp:featuredmedia":[{"embeddable":true,"href":"https:\/\/potenciaradiofonicadominicana.com\/portal\/wp-json\/wp\/v2\/media\/214410"}],"wp:attachment":[{"href":"https:\/\/potenciaradiofonicadominicana.com\/portal\/wp-json\/wp\/v2\/media?parent=214409"}],"wp:term":[{"taxonomy":"category","embeddable":true,"href":"https:\/\/potenciaradiofonicadominicana.com\/portal\/wp-json\/wp\/v2\/categories?post=214409"},{"taxonomy":"post_tag","embeddable":true,"href":"https:\/\/potenciaradiofonicadominicana.com\/portal\/wp-json\/wp\/v2\/tags?post=214409"}],"curies":[{"name":"wp","href":"https:\/\/api.w.org\/{rel}","templated":true}]}}