{"id":214403,"date":"2026-04-06T21:40:28","date_gmt":"2026-04-07T01:40:28","guid":{"rendered":"https:\/\/potenciaradiofonicadominicana.com\/portal\/?p=214403"},"modified":"2026-04-06T21:40:28","modified_gmt":"2026-04-07T01:40:28","slug":"los-mina-y-trenes-disputaran-t","status":"publish","type":"post","link":"https:\/\/potenciaradiofonicadominicana.com\/portal\/los-mina-y-trenes-disputaran-t\/","title":{"rendered":"Los Mina y Trenes disputar\u00e1n t"},"content":{"rendered":"<p><a href=\"https:\/\/potenciaradiofonicadominicana.com\/portal\/wp-content\/uploads\/2026\/04\/Yeickson-Montero-Miguel-Carmona-y-Kelvin-Furcal-jugadores-de-los-Trenes-de-SDN.jpg\"><img loading=\"lazy\" decoding=\"async\" class=\"alignnone size-full wp-image-214404\" src=\"https:\/\/potenciaradiofonicadominicana.com\/portal\/wp-content\/uploads\/2026\/04\/Yeickson-Montero-Miguel-Carmona-y-Kelvin-Furcal-jugadores-de-los-Trenes-de-SDN.jpg\" alt=\"\" width=\"1423\" height=\"1093\" srcset=\"https:\/\/potenciaradiofonicadominicana.com\/portal\/wp-content\/uploads\/2026\/04\/Yeickson-Montero-Miguel-Carmona-y-Kelvin-Furcal-jugadores-de-los-Trenes-de-SDN.jpg 1423w, https:\/\/potenciaradiofonicadominicana.com\/portal\/wp-content\/uploads\/2026\/04\/Yeickson-Montero-Miguel-Carmona-y-Kelvin-Furcal-jugadores-de-los-Trenes-de-SDN-300x230.jpg 300w, https:\/\/potenciaradiofonicadominicana.com\/portal\/wp-content\/uploads\/2026\/04\/Yeickson-Montero-Miguel-Carmona-y-Kelvin-Furcal-jugadores-de-los-Trenes-de-SDN-1024x787.jpg 1024w, https:\/\/potenciaradiofonicadominicana.com\/portal\/wp-content\/uploads\/2026\/04\/Yeickson-Montero-Miguel-Carmona-y-Kelvin-Furcal-jugadores-de-los-Trenes-de-SDN-768x590.jpg 768w\" sizes=\"auto, (max-width: 1423px) 100vw, 1423px\" \/><\/a><\/p>\n<p>Las escuadras del club Los Mina y Trenes de Santo Domingo Norte disputar\u00e1n el t\u00edtulo de campe\u00f3n en el X Torneo de Baloncesto Superior de la Provincia Santo Domingo.<\/p>\n<p>Los Mina obtuvo su clasificaci\u00f3n a la ronda final tras vencer el pasado mi\u00e9rcoles a los Caminantes de Los Alcarrizos, 109-99, en partido que disputaron en el polideportivo del club Mauricio B\u00e1ez, y dominaron 2-1 la serie semifinal A, que se jug\u00f3 a un 3-2.<\/p>\n<div class=\"banner-contenido\">\n<div class=\"panorama_ads\"><\/div>\n<\/div>\n<p>Por su lado, los Trenes de Santo Domingo Norte le ganaron dos partidos seguidos al club Calero de Villa Duarte para imponerse 2-1 en la ronda semifinal B, programada a un 3-2, tras la victoria 85-80.<\/p>\n<p>Est\u00e1 es la cuarta final consecutiva a la que acceden los Trenes, con un campeonato a su favor conquistado en el 2024.<\/p>\n<p>El campeonato est\u00e1 dedicado al presidente Luis Abinader, con el respaldo del Ministerio de Deportes y el ministro Kelvin Cruz, en el que se disputa la Copa Seaboard \u201cEnerg\u00eda Limpia\u201d.<\/p>\n<p>El certamen lo organiza la Asociaci\u00f3n de Baloncesto de la Provincia de Santo Domingo (Abasado), que preside William Cabral Lugo, y \u00c1ngel De la Cruz, en el Comit\u00e9 Organizador.<\/p>\n<p><strong>Inicio serie final<\/strong><br \/>\nLa semifinal del TBS Santo Domingo 2026 entre Los Mina y Trenes, pactada al mejor de un 5-3, dar\u00e1 inicio este martes 7 de abril, a las 8:00 de la noche, en el polideportivo del club Ozama.<\/p>\n","protected":false},"excerpt":{"rendered":"<p>Las escuadras del club Los Mina y Trenes de Santo Domingo Norte disputar\u00e1n el t\u00edtulo de campe\u00f3n en el X &#8230;<\/p>\n","protected":false},"author":2,"featured_media":214404,"comment_status":"closed","ping_status":"closed","sticky":false,"template":"","format":"standard","meta":{"footnotes":""},"categories":[28],"tags":[],"class_list":["post-214403","post","type-post","status-publish","format-standard","has-post-thumbnail","hentry","category-deportes"],"yoast_head":"<!-- This site is optimized with the Yoast SEO plugin v24.8.1 - https:\/\/yoast.com\/wordpress\/plugins\/seo\/ -->\n<title>Los Mina y Trenes disputar\u00e1n t - PotenciaRadiofonicaDominicana.com<\/title>\n<meta name=\"robots\" content=\"index, follow, max-snippet:-1, max-image-preview:large, max-video-preview:-1\" \/>\n<link rel=\"canonical\" href=\"https:\/\/potenciaradiofonicadominicana.com\/portal\/los-mina-y-trenes-disputaran-t\/\" \/>\n<meta property=\"og:locale\" content=\"es_ES\" \/>\n<meta property=\"og:type\" content=\"article\" \/>\n<meta property=\"og:title\" content=\"Los Mina y Trenes disputar\u00e1n t - PotenciaRadiofonicaDominicana.com\" \/>\n<meta property=\"og:description\" content=\"Las escuadras del club Los Mina y Trenes de Santo Domingo Norte disputar\u00e1n el t\u00edtulo de campe\u00f3n en el X ...\" \/>\n<meta property=\"og:url\" content=\"https:\/\/potenciaradiofonicadominicana.com\/portal\/los-mina-y-trenes-disputaran-t\/\" \/>\n<meta property=\"og:site_name\" content=\"PotenciaRadiofonicaDominicana.com\" \/>\n<meta property=\"article:publisher\" content=\"https:\/\/web.facebook.com\/PotenciaRadiofonicaD\" \/>\n<meta property=\"article:published_time\" content=\"2026-04-07T01:40:28+00:00\" \/>\n<meta property=\"og:image\" content=\"https:\/\/potenciaradiofonicadominicana.com\/portal\/wp-content\/uploads\/2026\/04\/Yeickson-Montero-Miguel-Carmona-y-Kelvin-Furcal-jugadores-de-los-Trenes-de-SDN.jpg\" \/>\n\t<meta property=\"og:image:width\" content=\"1423\" \/>\n\t<meta property=\"og:image:height\" content=\"1093\" \/>\n\t<meta property=\"og:image:type\" content=\"image\/jpeg\" \/>\n<meta name=\"author\" content=\"Potencia Radiof\u00f3nica Dominicana\" \/>\n<meta name=\"twitter:card\" content=\"summary_large_image\" \/>\n<meta name=\"twitter:label1\" content=\"Escrito por\" \/>\n\t<meta name=\"twitter:data1\" content=\"Potencia Radiof\u00f3nica Dominicana\" \/>\n\t<meta name=\"twitter:label2\" content=\"Tiempo de lectura\" \/>\n\t<meta name=\"twitter:data2\" content=\"2 minutos\" \/>\n<script type=\"application\/ld+json\" class=\"yoast-schema-graph\">{\"@context\":\"https:\/\/schema.org\",\"@graph\":[{\"@type\":\"Article\",\"@id\":\"https:\/\/potenciaradiofonicadominicana.com\/portal\/los-mina-y-trenes-disputaran-t\/#article\",\"isPartOf\":{\"@id\":\"https:\/\/potenciaradiofonicadominicana.com\/portal\/los-mina-y-trenes-disputaran-t\/\"},\"author\":{\"name\":\"Potencia Radiof\u00f3nica Dominicana\",\"@id\":\"https:\/\/potenciaradiofonicadominicana.com\/portal\/#\/schema\/person\/a5cf1fea13877803ee0573ac18b03490\"},\"headline\":\"Los Mina y Trenes disputar\u00e1n t\",\"datePublished\":\"2026-04-07T01:40:28+00:00\",\"mainEntityOfPage\":{\"@id\":\"https:\/\/potenciaradiofonicadominicana.com\/portal\/los-mina-y-trenes-disputaran-t\/\"},\"wordCount\":242,\"publisher\":{\"@id\":\"https:\/\/potenciaradiofonicadominicana.com\/portal\/#organization\"},\"image\":{\"@id\":\"https:\/\/potenciaradiofonicadominicana.com\/portal\/los-mina-y-trenes-disputaran-t\/#primaryimage\"},\"thumbnailUrl\":\"https:\/\/potenciaradiofonicadominicana.com\/portal\/wp-content\/uploads\/2026\/04\/Yeickson-Montero-Miguel-Carmona-y-Kelvin-Furcal-jugadores-de-los-Trenes-de-SDN.jpg\",\"articleSection\":[\"Deportes\"],\"inLanguage\":\"es\"},{\"@type\":\"WebPage\",\"@id\":\"https:\/\/potenciaradiofonicadominicana.com\/portal\/los-mina-y-trenes-disputaran-t\/\",\"url\":\"https:\/\/potenciaradiofonicadominicana.com\/portal\/los-mina-y-trenes-disputaran-t\/\",\"name\":\"Los Mina y Trenes disputar\u00e1n t - PotenciaRadiofonicaDominicana.com\",\"isPartOf\":{\"@id\":\"https:\/\/potenciaradiofonicadominicana.com\/portal\/#website\"},\"primaryImageOfPage\":{\"@id\":\"https:\/\/potenciaradiofonicadominicana.com\/portal\/los-mina-y-trenes-disputaran-t\/#primaryimage\"},\"image\":{\"@id\":\"https:\/\/potenciaradiofonicadominicana.com\/portal\/los-mina-y-trenes-disputaran-t\/#primaryimage\"},\"thumbnailUrl\":\"https:\/\/potenciaradiofonicadominicana.com\/portal\/wp-content\/uploads\/2026\/04\/Yeickson-Montero-Miguel-Carmona-y-Kelvin-Furcal-jugadores-de-los-Trenes-de-SDN.jpg\",\"datePublished\":\"2026-04-07T01:40:28+00:00\",\"breadcrumb\":{\"@id\":\"https:\/\/potenciaradiofonicadominicana.com\/portal\/los-mina-y-trenes-disputaran-t\/#breadcrumb\"},\"inLanguage\":\"es\",\"potentialAction\":[{\"@type\":\"ReadAction\",\"target\":[\"https:\/\/potenciaradiofonicadominicana.com\/portal\/los-mina-y-trenes-disputaran-t\/\"]}]},{\"@type\":\"ImageObject\",\"inLanguage\":\"es\",\"@id\":\"https:\/\/potenciaradiofonicadominicana.com\/portal\/los-mina-y-trenes-disputaran-t\/#primaryimage\",\"url\":\"https:\/\/potenciaradiofonicadominicana.com\/portal\/wp-content\/uploads\/2026\/04\/Yeickson-Montero-Miguel-Carmona-y-Kelvin-Furcal-jugadores-de-los-Trenes-de-SDN.jpg\",\"contentUrl\":\"https:\/\/potenciaradiofonicadominicana.com\/portal\/wp-content\/uploads\/2026\/04\/Yeickson-Montero-Miguel-Carmona-y-Kelvin-Furcal-jugadores-de-los-Trenes-de-SDN.jpg\",\"width\":1423,\"height\":1093},{\"@type\":\"BreadcrumbList\",\"@id\":\"https:\/\/potenciaradiofonicadominicana.com\/portal\/los-mina-y-trenes-disputaran-t\/#breadcrumb\",\"itemListElement\":[{\"@type\":\"ListItem\",\"position\":1,\"name\":\"Portada\",\"item\":\"https:\/\/potenciaradiofonicadominicana.com\/portal\/\"},{\"@type\":\"ListItem\",\"position\":2,\"name\":\"Los Mina y Trenes disputar\u00e1n t\"}]},{\"@type\":\"WebSite\",\"@id\":\"https:\/\/potenciaradiofonicadominicana.com\/portal\/#website\",\"url\":\"https:\/\/potenciaradiofonicadominicana.com\/portal\/\",\"name\":\"PotenciaRadiofonicaDominicana.com\",\"description\":\"Peri\u00f3dico Digital\",\"publisher\":{\"@id\":\"https:\/\/potenciaradiofonicadominicana.com\/portal\/#organization\"},\"potentialAction\":[{\"@type\":\"SearchAction\",\"target\":{\"@type\":\"EntryPoint\",\"urlTemplate\":\"https:\/\/potenciaradiofonicadominicana.com\/portal\/?s={search_term_string}\"},\"query-input\":{\"@type\":\"PropertyValueSpecification\",\"valueRequired\":true,\"valueName\":\"search_term_string\"}}],\"inLanguage\":\"es\"},{\"@type\":\"Organization\",\"@id\":\"https:\/\/potenciaradiofonicadominicana.com\/portal\/#organization\",\"name\":\"PotenciaRadiofonicaDominicana.com\",\"url\":\"https:\/\/potenciaradiofonicadominicana.com\/portal\/\",\"logo\":{\"@type\":\"ImageObject\",\"inLanguage\":\"es\",\"@id\":\"https:\/\/potenciaradiofonicadominicana.com\/portal\/#\/schema\/logo\/image\/\",\"url\":\"https:\/\/potenciaradiofonicadominicana.com\/portal\/wp-content\/uploads\/2022\/01\/descarga.png\",\"contentUrl\":\"https:\/\/potenciaradiofonicadominicana.com\/portal\/wp-content\/uploads\/2022\/01\/descarga.png\",\"width\":300,\"height\":100,\"caption\":\"PotenciaRadiofonicaDominicana.com\"},\"image\":{\"@id\":\"https:\/\/potenciaradiofonicadominicana.com\/portal\/#\/schema\/logo\/image\/\"},\"sameAs\":[\"https:\/\/web.facebook.com\/PotenciaRadiofonicaD\"]},{\"@type\":\"Person\",\"@id\":\"https:\/\/potenciaradiofonicadominicana.com\/portal\/#\/schema\/person\/a5cf1fea13877803ee0573ac18b03490\",\"name\":\"Potencia Radiof\u00f3nica Dominicana\",\"image\":{\"@type\":\"ImageObject\",\"inLanguage\":\"es\",\"@id\":\"https:\/\/potenciaradiofonicadominicana.com\/portal\/#\/schema\/person\/image\/\",\"url\":\"https:\/\/secure.gravatar.com\/avatar\/42a55ab9e8ccc656ba34cd791990602a?s=96&d=mm&r=g\",\"contentUrl\":\"https:\/\/secure.gravatar.com\/avatar\/42a55ab9e8ccc656ba34cd791990602a?s=96&d=mm&r=g\",\"caption\":\"Potencia Radiof\u00f3nica Dominicana\"},\"url\":\"https:\/\/potenciaradiofonicadominicana.com\/portal\/author\/johannyalmanzar\/\"}]}<\/script>\n<!-- \/ Yoast SEO plugin. -->","yoast_head_json":{"title":"Los Mina y Trenes disputar\u00e1n t - PotenciaRadiofonicaDominicana.com","robots":{"index":"index","follow":"follow","max-snippet":"max-snippet:-1","max-image-preview":"max-image-preview:large","max-video-preview":"max-video-preview:-1"},"canonical":"https:\/\/potenciaradiofonicadominicana.com\/portal\/los-mina-y-trenes-disputaran-t\/","og_locale":"es_ES","og_type":"article","og_title":"Los Mina y Trenes disputar\u00e1n t - PotenciaRadiofonicaDominicana.com","og_description":"Las escuadras del club Los Mina y Trenes de Santo Domingo Norte disputar\u00e1n el t\u00edtulo de campe\u00f3n en el X ...","og_url":"https:\/\/potenciaradiofonicadominicana.com\/portal\/los-mina-y-trenes-disputaran-t\/","og_site_name":"PotenciaRadiofonicaDominicana.com","article_publisher":"https:\/\/web.facebook.com\/PotenciaRadiofonicaD","article_published_time":"2026-04-07T01:40:28+00:00","og_image":[{"width":1423,"height":1093,"url":"https:\/\/potenciaradiofonicadominicana.com\/portal\/wp-content\/uploads\/2026\/04\/Yeickson-Montero-Miguel-Carmona-y-Kelvin-Furcal-jugadores-de-los-Trenes-de-SDN.jpg","type":"image\/jpeg"}],"author":"Potencia Radiof\u00f3nica Dominicana","twitter_card":"summary_large_image","twitter_misc":{"Escrito por":"Potencia Radiof\u00f3nica Dominicana","Tiempo de lectura":"2 minutos"},"schema":{"@context":"https:\/\/schema.org","@graph":[{"@type":"Article","@id":"https:\/\/potenciaradiofonicadominicana.com\/portal\/los-mina-y-trenes-disputaran-t\/#article","isPartOf":{"@id":"https:\/\/potenciaradiofonicadominicana.com\/portal\/los-mina-y-trenes-disputaran-t\/"},"author":{"name":"Potencia Radiof\u00f3nica Dominicana","@id":"https:\/\/potenciaradiofonicadominicana.com\/portal\/#\/schema\/person\/a5cf1fea13877803ee0573ac18b03490"},"headline":"Los Mina y Trenes disputar\u00e1n t","datePublished":"2026-04-07T01:40:28+00:00","mainEntityOfPage":{"@id":"https:\/\/potenciaradiofonicadominicana.com\/portal\/los-mina-y-trenes-disputaran-t\/"},"wordCount":242,"publisher":{"@id":"https:\/\/potenciaradiofonicadominicana.com\/portal\/#organization"},"image":{"@id":"https:\/\/potenciaradiofonicadominicana.com\/portal\/los-mina-y-trenes-disputaran-t\/#primaryimage"},"thumbnailUrl":"https:\/\/potenciaradiofonicadominicana.com\/portal\/wp-content\/uploads\/2026\/04\/Yeickson-Montero-Miguel-Carmona-y-Kelvin-Furcal-jugadores-de-los-Trenes-de-SDN.jpg","articleSection":["Deportes"],"inLanguage":"es"},{"@type":"WebPage","@id":"https:\/\/potenciaradiofonicadominicana.com\/portal\/los-mina-y-trenes-disputaran-t\/","url":"https:\/\/potenciaradiofonicadominicana.com\/portal\/los-mina-y-trenes-disputaran-t\/","name":"Los Mina y Trenes disputar\u00e1n t - PotenciaRadiofonicaDominicana.com","isPartOf":{"@id":"https:\/\/potenciaradiofonicadominicana.com\/portal\/#website"},"primaryImageOfPage":{"@id":"https:\/\/potenciaradiofonicadominicana.com\/portal\/los-mina-y-trenes-disputaran-t\/#primaryimage"},"image":{"@id":"https:\/\/potenciaradiofonicadominicana.com\/portal\/los-mina-y-trenes-disputaran-t\/#primaryimage"},"thumbnailUrl":"https:\/\/potenciaradiofonicadominicana.com\/portal\/wp-content\/uploads\/2026\/04\/Yeickson-Montero-Miguel-Carmona-y-Kelvin-Furcal-jugadores-de-los-Trenes-de-SDN.jpg","datePublished":"2026-04-07T01:40:28+00:00","breadcrumb":{"@id":"https:\/\/potenciaradiofonicadominicana.com\/portal\/los-mina-y-trenes-disputaran-t\/#breadcrumb"},"inLanguage":"es","potentialAction":[{"@type":"ReadAction","target":["https:\/\/potenciaradiofonicadominicana.com\/portal\/los-mina-y-trenes-disputaran-t\/"]}]},{"@type":"ImageObject","inLanguage":"es","@id":"https:\/\/potenciaradiofonicadominicana.com\/portal\/los-mina-y-trenes-disputaran-t\/#primaryimage","url":"https:\/\/potenciaradiofonicadominicana.com\/portal\/wp-content\/uploads\/2026\/04\/Yeickson-Montero-Miguel-Carmona-y-Kelvin-Furcal-jugadores-de-los-Trenes-de-SDN.jpg","contentUrl":"https:\/\/potenciaradiofonicadominicana.com\/portal\/wp-content\/uploads\/2026\/04\/Yeickson-Montero-Miguel-Carmona-y-Kelvin-Furcal-jugadores-de-los-Trenes-de-SDN.jpg","width":1423,"height":1093},{"@type":"BreadcrumbList","@id":"https:\/\/potenciaradiofonicadominicana.com\/portal\/los-mina-y-trenes-disputaran-t\/#breadcrumb","itemListElement":[{"@type":"ListItem","position":1,"name":"Portada","item":"https:\/\/potenciaradiofonicadominicana.com\/portal\/"},{"@type":"ListItem","position":2,"name":"Los Mina y Trenes disputar\u00e1n t"}]},{"@type":"WebSite","@id":"https:\/\/potenciaradiofonicadominicana.com\/portal\/#website","url":"https:\/\/potenciaradiofonicadominicana.com\/portal\/","name":"PotenciaRadiofonicaDominicana.com","description":"Peri\u00f3dico Digital","publisher":{"@id":"https:\/\/potenciaradiofonicadominicana.com\/portal\/#organization"},"potentialAction":[{"@type":"SearchAction","target":{"@type":"EntryPoint","urlTemplate":"https:\/\/potenciaradiofonicadominicana.com\/portal\/?s={search_term_string}"},"query-input":{"@type":"PropertyValueSpecification","valueRequired":true,"valueName":"search_term_string"}}],"inLanguage":"es"},{"@type":"Organization","@id":"https:\/\/potenciaradiofonicadominicana.com\/portal\/#organization","name":"PotenciaRadiofonicaDominicana.com","url":"https:\/\/potenciaradiofonicadominicana.com\/portal\/","logo":{"@type":"ImageObject","inLanguage":"es","@id":"https:\/\/potenciaradiofonicadominicana.com\/portal\/#\/schema\/logo\/image\/","url":"https:\/\/potenciaradiofonicadominicana.com\/portal\/wp-content\/uploads\/2022\/01\/descarga.png","contentUrl":"https:\/\/potenciaradiofonicadominicana.com\/portal\/wp-content\/uploads\/2022\/01\/descarga.png","width":300,"height":100,"caption":"PotenciaRadiofonicaDominicana.com"},"image":{"@id":"https:\/\/potenciaradiofonicadominicana.com\/portal\/#\/schema\/logo\/image\/"},"sameAs":["https:\/\/web.facebook.com\/PotenciaRadiofonicaD"]},{"@type":"Person","@id":"https:\/\/potenciaradiofonicadominicana.com\/portal\/#\/schema\/person\/a5cf1fea13877803ee0573ac18b03490","name":"Potencia Radiof\u00f3nica Dominicana","image":{"@type":"ImageObject","inLanguage":"es","@id":"https:\/\/potenciaradiofonicadominicana.com\/portal\/#\/schema\/person\/image\/","url":"https:\/\/secure.gravatar.com\/avatar\/42a55ab9e8ccc656ba34cd791990602a?s=96&d=mm&r=g","contentUrl":"https:\/\/secure.gravatar.com\/avatar\/42a55ab9e8ccc656ba34cd791990602a?s=96&d=mm&r=g","caption":"Potencia Radiof\u00f3nica Dominicana"},"url":"https:\/\/potenciaradiofonicadominicana.com\/portal\/author\/johannyalmanzar\/"}]}},"_links":{"self":[{"href":"https:\/\/potenciaradiofonicadominicana.com\/portal\/wp-json\/wp\/v2\/posts\/214403","targetHints":{"allow":["GET"]}}],"collection":[{"href":"https:\/\/potenciaradiofonicadominicana.com\/portal\/wp-json\/wp\/v2\/posts"}],"about":[{"href":"https:\/\/potenciaradiofonicadominicana.com\/portal\/wp-json\/wp\/v2\/types\/post"}],"author":[{"embeddable":true,"href":"https:\/\/potenciaradiofonicadominicana.com\/portal\/wp-json\/wp\/v2\/users\/2"}],"replies":[{"embeddable":true,"href":"https:\/\/potenciaradiofonicadominicana.com\/portal\/wp-json\/wp\/v2\/comments?post=214403"}],"version-history":[{"count":1,"href":"https:\/\/potenciaradiofonicadominicana.com\/portal\/wp-json\/wp\/v2\/posts\/214403\/revisions"}],"predecessor-version":[{"id":214405,"href":"https:\/\/potenciaradiofonicadominicana.com\/portal\/wp-json\/wp\/v2\/posts\/214403\/revisions\/214405"}],"wp:featuredmedia":[{"embeddable":true,"href":"https:\/\/potenciaradiofonicadominicana.com\/portal\/wp-json\/wp\/v2\/media\/214404"}],"wp:attachment":[{"href":"https:\/\/potenciaradiofonicadominicana.com\/portal\/wp-json\/wp\/v2\/media?parent=214403"}],"wp:term":[{"taxonomy":"category","embeddable":true,"href":"https:\/\/potenciaradiofonicadominicana.com\/portal\/wp-json\/wp\/v2\/categories?post=214403"},{"taxonomy":"post_tag","embeddable":true,"href":"https:\/\/potenciaradiofonicadominicana.com\/portal\/wp-json\/wp\/v2\/tags?post=214403"}],"curies":[{"name":"wp","href":"https:\/\/api.w.org\/{rel}","templated":true}]}}