{"id":214400,"date":"2026-04-06T21:39:27","date_gmt":"2026-04-07T01:39:27","guid":{"rendered":"https:\/\/potenciaradiofonicadominicana.com\/portal\/?p=214400"},"modified":"2026-04-06T21:39:27","modified_gmt":"2026-04-07T01:39:27","slug":"alcaraz-y-sinner-debutan-este-martes-en-montecarlo-ante-baez-y-humbert","status":"publish","type":"post","link":"https:\/\/potenciaradiofonicadominicana.com\/portal\/alcaraz-y-sinner-debutan-este-martes-en-montecarlo-ante-baez-y-humbert\/","title":{"rendered":"Alcaraz y Sinner debutan este martes en Montecarlo ante B\u00e1ez y Humbert"},"content":{"rendered":"<p><a href=\"https:\/\/potenciaradiofonicadominicana.com\/portal\/wp-content\/uploads\/2026\/04\/descarga.jpg\"><img loading=\"lazy\" decoding=\"async\" class=\"alignnone size-full wp-image-214401\" src=\"https:\/\/potenciaradiofonicadominicana.com\/portal\/wp-content\/uploads\/2026\/04\/descarga.jpg\" alt=\"\" width=\"1486\" height=\"991\" srcset=\"https:\/\/potenciaradiofonicadominicana.com\/portal\/wp-content\/uploads\/2026\/04\/descarga.jpg 1486w, https:\/\/potenciaradiofonicadominicana.com\/portal\/wp-content\/uploads\/2026\/04\/descarga-300x200.jpg 300w, https:\/\/potenciaradiofonicadominicana.com\/portal\/wp-content\/uploads\/2026\/04\/descarga-1024x683.jpg 1024w, https:\/\/potenciaradiofonicadominicana.com\/portal\/wp-content\/uploads\/2026\/04\/descarga-768x512.jpg 768w\" sizes=\"auto, (max-width: 1486px) 100vw, 1486px\" \/><\/a><\/p>\n<p>MIAMI.- El espa\u00f1ol Carlos Alcaraz, n\u00famero uno mundial y defensor del t\u00edtulo, y el italiano Jannik Sinner, segundo del \u2018ranking\u2019, debutar\u00e1n este martes en el Masters 1.000 de Montecarlo contra el argentino Sebasti\u00e1n B\u00e1ez y el franc\u00e9s Ugo Humbert, respectivamente.<\/p>\n<p>El murciano se enfrentar\u00e1 a Sebasti\u00e1n B\u00e1ez, que elimin\u00f3 este lunes al suizo \u2018Stan\u2019 Wawrinka por un doble 7-5, mientras que el italiano, que acaba de encadenar los t\u00edtulos de Indian Wells y Miami, se medir\u00e1 con Ugo Humbert, que venci\u00f3 a su compatriota Moise Kouame por 6-3 y 7-5.<\/p>\n<p>La millonaria m\u00e1s joven de Santo Domingo Oeste cuenta c\u00f3mo hacerse rica<br \/>\nM\u00e1s informaci\u00f3n<br \/>\nCarlos Alcaraz defiende el t\u00edtulo en Montecarlo, donde gan\u00f3 el pasado a\u00f1o en la final al italiano Lorenzo Musetti.<\/p>\n<p>Tras el \u00e9xito en el Abierto de Australia, donde gan\u00f3 su s\u00e9ptimo Grand Slam, y su victoria en Doha, Alcaraz fue eliminado en el torneo de Indian Wells, en semifinales, por el ruso Daniil Medvedev y en la segunda ronda en Miami por el estadounidense Sebastian Korda.<\/p>\n<p>Sinner, que llega en buena racha, gan\u00f3 los t\u00edtulos de Miami ante el checo Jiri Lehecka e Indian Wells ante el alem\u00e1n Alexander Zverev y busca ahora su primer \u00e9xito en Montecarlo.<\/p>\n<p>El torneo que se disputa en el Montecarlo Country Club del 5 al 12 de abril reparte un total de 6.309.095 euros en premios, con casi un mill\u00f3n para el campe\u00f3n y m\u00e1s de medio para el finalista.<\/p>\n","protected":false},"excerpt":{"rendered":"<p>MIAMI.- El espa\u00f1ol Carlos Alcaraz, n\u00famero uno mundial y defensor del t\u00edtulo, y el italiano Jannik Sinner, segundo del \u2018ranking\u2019, &#8230;<\/p>\n","protected":false},"author":2,"featured_media":214401,"comment_status":"closed","ping_status":"closed","sticky":false,"template":"","format":"standard","meta":{"footnotes":""},"categories":[28],"tags":[],"class_list":["post-214400","post","type-post","status-publish","format-standard","has-post-thumbnail","hentry","category-deportes"],"yoast_head":"<!-- This site is optimized with the Yoast SEO plugin v24.8.1 - https:\/\/yoast.com\/wordpress\/plugins\/seo\/ -->\n<title>Alcaraz y Sinner debutan este martes en Montecarlo ante B\u00e1ez y Humbert - PotenciaRadiofonicaDominicana.com<\/title>\n<meta name=\"robots\" content=\"index, follow, max-snippet:-1, max-image-preview:large, max-video-preview:-1\" \/>\n<link rel=\"canonical\" href=\"https:\/\/potenciaradiofonicadominicana.com\/portal\/alcaraz-y-sinner-debutan-este-martes-en-montecarlo-ante-baez-y-humbert\/\" \/>\n<meta property=\"og:locale\" content=\"es_ES\" \/>\n<meta property=\"og:type\" content=\"article\" \/>\n<meta property=\"og:title\" content=\"Alcaraz y Sinner debutan este martes en Montecarlo ante B\u00e1ez y Humbert - PotenciaRadiofonicaDominicana.com\" \/>\n<meta property=\"og:description\" content=\"MIAMI.- El espa\u00f1ol Carlos Alcaraz, n\u00famero uno mundial y defensor del t\u00edtulo, y el italiano Jannik Sinner, segundo del \u2018ranking\u2019, ...\" \/>\n<meta property=\"og:url\" content=\"https:\/\/potenciaradiofonicadominicana.com\/portal\/alcaraz-y-sinner-debutan-este-martes-en-montecarlo-ante-baez-y-humbert\/\" \/>\n<meta property=\"og:site_name\" content=\"PotenciaRadiofonicaDominicana.com\" \/>\n<meta property=\"article:publisher\" content=\"https:\/\/web.facebook.com\/PotenciaRadiofonicaD\" \/>\n<meta property=\"article:published_time\" content=\"2026-04-07T01:39:27+00:00\" \/>\n<meta property=\"og:image\" content=\"https:\/\/potenciaradiofonicadominicana.com\/portal\/wp-content\/uploads\/2026\/04\/descarga.jpg\" \/>\n\t<meta property=\"og:image:width\" content=\"1486\" \/>\n\t<meta property=\"og:image:height\" content=\"991\" \/>\n\t<meta property=\"og:image:type\" content=\"image\/jpeg\" \/>\n<meta name=\"author\" content=\"Potencia Radiof\u00f3nica Dominicana\" \/>\n<meta name=\"twitter:card\" content=\"summary_large_image\" \/>\n<meta name=\"twitter:label1\" content=\"Escrito por\" \/>\n\t<meta name=\"twitter:data1\" content=\"Potencia Radiof\u00f3nica Dominicana\" \/>\n\t<meta name=\"twitter:label2\" content=\"Tiempo de lectura\" \/>\n\t<meta name=\"twitter:data2\" content=\"2 minutos\" \/>\n<script type=\"application\/ld+json\" class=\"yoast-schema-graph\">{\"@context\":\"https:\/\/schema.org\",\"@graph\":[{\"@type\":\"Article\",\"@id\":\"https:\/\/potenciaradiofonicadominicana.com\/portal\/alcaraz-y-sinner-debutan-este-martes-en-montecarlo-ante-baez-y-humbert\/#article\",\"isPartOf\":{\"@id\":\"https:\/\/potenciaradiofonicadominicana.com\/portal\/alcaraz-y-sinner-debutan-este-martes-en-montecarlo-ante-baez-y-humbert\/\"},\"author\":{\"name\":\"Potencia Radiof\u00f3nica Dominicana\",\"@id\":\"https:\/\/potenciaradiofonicadominicana.com\/portal\/#\/schema\/person\/a5cf1fea13877803ee0573ac18b03490\"},\"headline\":\"Alcaraz y Sinner debutan este martes en Montecarlo ante B\u00e1ez y Humbert\",\"datePublished\":\"2026-04-07T01:39:27+00:00\",\"mainEntityOfPage\":{\"@id\":\"https:\/\/potenciaradiofonicadominicana.com\/portal\/alcaraz-y-sinner-debutan-este-martes-en-montecarlo-ante-baez-y-humbert\/\"},\"wordCount\":272,\"publisher\":{\"@id\":\"https:\/\/potenciaradiofonicadominicana.com\/portal\/#organization\"},\"image\":{\"@id\":\"https:\/\/potenciaradiofonicadominicana.com\/portal\/alcaraz-y-sinner-debutan-este-martes-en-montecarlo-ante-baez-y-humbert\/#primaryimage\"},\"thumbnailUrl\":\"https:\/\/potenciaradiofonicadominicana.com\/portal\/wp-content\/uploads\/2026\/04\/descarga.jpg\",\"articleSection\":[\"Deportes\"],\"inLanguage\":\"es\"},{\"@type\":\"WebPage\",\"@id\":\"https:\/\/potenciaradiofonicadominicana.com\/portal\/alcaraz-y-sinner-debutan-este-martes-en-montecarlo-ante-baez-y-humbert\/\",\"url\":\"https:\/\/potenciaradiofonicadominicana.com\/portal\/alcaraz-y-sinner-debutan-este-martes-en-montecarlo-ante-baez-y-humbert\/\",\"name\":\"Alcaraz y Sinner debutan este martes en Montecarlo ante B\u00e1ez y Humbert - PotenciaRadiofonicaDominicana.com\",\"isPartOf\":{\"@id\":\"https:\/\/potenciaradiofonicadominicana.com\/portal\/#website\"},\"primaryImageOfPage\":{\"@id\":\"https:\/\/potenciaradiofonicadominicana.com\/portal\/alcaraz-y-sinner-debutan-este-martes-en-montecarlo-ante-baez-y-humbert\/#primaryimage\"},\"image\":{\"@id\":\"https:\/\/potenciaradiofonicadominicana.com\/portal\/alcaraz-y-sinner-debutan-este-martes-en-montecarlo-ante-baez-y-humbert\/#primaryimage\"},\"thumbnailUrl\":\"https:\/\/potenciaradiofonicadominicana.com\/portal\/wp-content\/uploads\/2026\/04\/descarga.jpg\",\"datePublished\":\"2026-04-07T01:39:27+00:00\",\"breadcrumb\":{\"@id\":\"https:\/\/potenciaradiofonicadominicana.com\/portal\/alcaraz-y-sinner-debutan-este-martes-en-montecarlo-ante-baez-y-humbert\/#breadcrumb\"},\"inLanguage\":\"es\",\"potentialAction\":[{\"@type\":\"ReadAction\",\"target\":[\"https:\/\/potenciaradiofonicadominicana.com\/portal\/alcaraz-y-sinner-debutan-este-martes-en-montecarlo-ante-baez-y-humbert\/\"]}]},{\"@type\":\"ImageObject\",\"inLanguage\":\"es\",\"@id\":\"https:\/\/potenciaradiofonicadominicana.com\/portal\/alcaraz-y-sinner-debutan-este-martes-en-montecarlo-ante-baez-y-humbert\/#primaryimage\",\"url\":\"https:\/\/potenciaradiofonicadominicana.com\/portal\/wp-content\/uploads\/2026\/04\/descarga.jpg\",\"contentUrl\":\"https:\/\/potenciaradiofonicadominicana.com\/portal\/wp-content\/uploads\/2026\/04\/descarga.jpg\",\"width\":1486,\"height\":991},{\"@type\":\"BreadcrumbList\",\"@id\":\"https:\/\/potenciaradiofonicadominicana.com\/portal\/alcaraz-y-sinner-debutan-este-martes-en-montecarlo-ante-baez-y-humbert\/#breadcrumb\",\"itemListElement\":[{\"@type\":\"ListItem\",\"position\":1,\"name\":\"Portada\",\"item\":\"https:\/\/potenciaradiofonicadominicana.com\/portal\/\"},{\"@type\":\"ListItem\",\"position\":2,\"name\":\"Alcaraz y Sinner debutan este martes en Montecarlo ante B\u00e1ez y Humbert\"}]},{\"@type\":\"WebSite\",\"@id\":\"https:\/\/potenciaradiofonicadominicana.com\/portal\/#website\",\"url\":\"https:\/\/potenciaradiofonicadominicana.com\/portal\/\",\"name\":\"PotenciaRadiofonicaDominicana.com\",\"description\":\"Peri\u00f3dico Digital\",\"publisher\":{\"@id\":\"https:\/\/potenciaradiofonicadominicana.com\/portal\/#organization\"},\"potentialAction\":[{\"@type\":\"SearchAction\",\"target\":{\"@type\":\"EntryPoint\",\"urlTemplate\":\"https:\/\/potenciaradiofonicadominicana.com\/portal\/?s={search_term_string}\"},\"query-input\":{\"@type\":\"PropertyValueSpecification\",\"valueRequired\":true,\"valueName\":\"search_term_string\"}}],\"inLanguage\":\"es\"},{\"@type\":\"Organization\",\"@id\":\"https:\/\/potenciaradiofonicadominicana.com\/portal\/#organization\",\"name\":\"PotenciaRadiofonicaDominicana.com\",\"url\":\"https:\/\/potenciaradiofonicadominicana.com\/portal\/\",\"logo\":{\"@type\":\"ImageObject\",\"inLanguage\":\"es\",\"@id\":\"https:\/\/potenciaradiofonicadominicana.com\/portal\/#\/schema\/logo\/image\/\",\"url\":\"https:\/\/potenciaradiofonicadominicana.com\/portal\/wp-content\/uploads\/2022\/01\/descarga.png\",\"contentUrl\":\"https:\/\/potenciaradiofonicadominicana.com\/portal\/wp-content\/uploads\/2022\/01\/descarga.png\",\"width\":300,\"height\":100,\"caption\":\"PotenciaRadiofonicaDominicana.com\"},\"image\":{\"@id\":\"https:\/\/potenciaradiofonicadominicana.com\/portal\/#\/schema\/logo\/image\/\"},\"sameAs\":[\"https:\/\/web.facebook.com\/PotenciaRadiofonicaD\"]},{\"@type\":\"Person\",\"@id\":\"https:\/\/potenciaradiofonicadominicana.com\/portal\/#\/schema\/person\/a5cf1fea13877803ee0573ac18b03490\",\"name\":\"Potencia Radiof\u00f3nica Dominicana\",\"image\":{\"@type\":\"ImageObject\",\"inLanguage\":\"es\",\"@id\":\"https:\/\/potenciaradiofonicadominicana.com\/portal\/#\/schema\/person\/image\/\",\"url\":\"https:\/\/secure.gravatar.com\/avatar\/42a55ab9e8ccc656ba34cd791990602a?s=96&d=mm&r=g\",\"contentUrl\":\"https:\/\/secure.gravatar.com\/avatar\/42a55ab9e8ccc656ba34cd791990602a?s=96&d=mm&r=g\",\"caption\":\"Potencia Radiof\u00f3nica Dominicana\"},\"url\":\"https:\/\/potenciaradiofonicadominicana.com\/portal\/author\/johannyalmanzar\/\"}]}<\/script>\n<!-- \/ Yoast SEO plugin. -->","yoast_head_json":{"title":"Alcaraz y Sinner debutan este martes en Montecarlo ante B\u00e1ez y Humbert - PotenciaRadiofonicaDominicana.com","robots":{"index":"index","follow":"follow","max-snippet":"max-snippet:-1","max-image-preview":"max-image-preview:large","max-video-preview":"max-video-preview:-1"},"canonical":"https:\/\/potenciaradiofonicadominicana.com\/portal\/alcaraz-y-sinner-debutan-este-martes-en-montecarlo-ante-baez-y-humbert\/","og_locale":"es_ES","og_type":"article","og_title":"Alcaraz y Sinner debutan este martes en Montecarlo ante B\u00e1ez y Humbert - PotenciaRadiofonicaDominicana.com","og_description":"MIAMI.- El espa\u00f1ol Carlos Alcaraz, n\u00famero uno mundial y defensor del t\u00edtulo, y el italiano Jannik Sinner, segundo del \u2018ranking\u2019, ...","og_url":"https:\/\/potenciaradiofonicadominicana.com\/portal\/alcaraz-y-sinner-debutan-este-martes-en-montecarlo-ante-baez-y-humbert\/","og_site_name":"PotenciaRadiofonicaDominicana.com","article_publisher":"https:\/\/web.facebook.com\/PotenciaRadiofonicaD","article_published_time":"2026-04-07T01:39:27+00:00","og_image":[{"width":1486,"height":991,"url":"https:\/\/potenciaradiofonicadominicana.com\/portal\/wp-content\/uploads\/2026\/04\/descarga.jpg","type":"image\/jpeg"}],"author":"Potencia Radiof\u00f3nica Dominicana","twitter_card":"summary_large_image","twitter_misc":{"Escrito por":"Potencia Radiof\u00f3nica Dominicana","Tiempo de lectura":"2 minutos"},"schema":{"@context":"https:\/\/schema.org","@graph":[{"@type":"Article","@id":"https:\/\/potenciaradiofonicadominicana.com\/portal\/alcaraz-y-sinner-debutan-este-martes-en-montecarlo-ante-baez-y-humbert\/#article","isPartOf":{"@id":"https:\/\/potenciaradiofonicadominicana.com\/portal\/alcaraz-y-sinner-debutan-este-martes-en-montecarlo-ante-baez-y-humbert\/"},"author":{"name":"Potencia Radiof\u00f3nica Dominicana","@id":"https:\/\/potenciaradiofonicadominicana.com\/portal\/#\/schema\/person\/a5cf1fea13877803ee0573ac18b03490"},"headline":"Alcaraz y Sinner debutan este martes en Montecarlo ante B\u00e1ez y Humbert","datePublished":"2026-04-07T01:39:27+00:00","mainEntityOfPage":{"@id":"https:\/\/potenciaradiofonicadominicana.com\/portal\/alcaraz-y-sinner-debutan-este-martes-en-montecarlo-ante-baez-y-humbert\/"},"wordCount":272,"publisher":{"@id":"https:\/\/potenciaradiofonicadominicana.com\/portal\/#organization"},"image":{"@id":"https:\/\/potenciaradiofonicadominicana.com\/portal\/alcaraz-y-sinner-debutan-este-martes-en-montecarlo-ante-baez-y-humbert\/#primaryimage"},"thumbnailUrl":"https:\/\/potenciaradiofonicadominicana.com\/portal\/wp-content\/uploads\/2026\/04\/descarga.jpg","articleSection":["Deportes"],"inLanguage":"es"},{"@type":"WebPage","@id":"https:\/\/potenciaradiofonicadominicana.com\/portal\/alcaraz-y-sinner-debutan-este-martes-en-montecarlo-ante-baez-y-humbert\/","url":"https:\/\/potenciaradiofonicadominicana.com\/portal\/alcaraz-y-sinner-debutan-este-martes-en-montecarlo-ante-baez-y-humbert\/","name":"Alcaraz y Sinner debutan este martes en Montecarlo ante B\u00e1ez y Humbert - PotenciaRadiofonicaDominicana.com","isPartOf":{"@id":"https:\/\/potenciaradiofonicadominicana.com\/portal\/#website"},"primaryImageOfPage":{"@id":"https:\/\/potenciaradiofonicadominicana.com\/portal\/alcaraz-y-sinner-debutan-este-martes-en-montecarlo-ante-baez-y-humbert\/#primaryimage"},"image":{"@id":"https:\/\/potenciaradiofonicadominicana.com\/portal\/alcaraz-y-sinner-debutan-este-martes-en-montecarlo-ante-baez-y-humbert\/#primaryimage"},"thumbnailUrl":"https:\/\/potenciaradiofonicadominicana.com\/portal\/wp-content\/uploads\/2026\/04\/descarga.jpg","datePublished":"2026-04-07T01:39:27+00:00","breadcrumb":{"@id":"https:\/\/potenciaradiofonicadominicana.com\/portal\/alcaraz-y-sinner-debutan-este-martes-en-montecarlo-ante-baez-y-humbert\/#breadcrumb"},"inLanguage":"es","potentialAction":[{"@type":"ReadAction","target":["https:\/\/potenciaradiofonicadominicana.com\/portal\/alcaraz-y-sinner-debutan-este-martes-en-montecarlo-ante-baez-y-humbert\/"]}]},{"@type":"ImageObject","inLanguage":"es","@id":"https:\/\/potenciaradiofonicadominicana.com\/portal\/alcaraz-y-sinner-debutan-este-martes-en-montecarlo-ante-baez-y-humbert\/#primaryimage","url":"https:\/\/potenciaradiofonicadominicana.com\/portal\/wp-content\/uploads\/2026\/04\/descarga.jpg","contentUrl":"https:\/\/potenciaradiofonicadominicana.com\/portal\/wp-content\/uploads\/2026\/04\/descarga.jpg","width":1486,"height":991},{"@type":"BreadcrumbList","@id":"https:\/\/potenciaradiofonicadominicana.com\/portal\/alcaraz-y-sinner-debutan-este-martes-en-montecarlo-ante-baez-y-humbert\/#breadcrumb","itemListElement":[{"@type":"ListItem","position":1,"name":"Portada","item":"https:\/\/potenciaradiofonicadominicana.com\/portal\/"},{"@type":"ListItem","position":2,"name":"Alcaraz y Sinner debutan este martes en Montecarlo ante B\u00e1ez y Humbert"}]},{"@type":"WebSite","@id":"https:\/\/potenciaradiofonicadominicana.com\/portal\/#website","url":"https:\/\/potenciaradiofonicadominicana.com\/portal\/","name":"PotenciaRadiofonicaDominicana.com","description":"Peri\u00f3dico Digital","publisher":{"@id":"https:\/\/potenciaradiofonicadominicana.com\/portal\/#organization"},"potentialAction":[{"@type":"SearchAction","target":{"@type":"EntryPoint","urlTemplate":"https:\/\/potenciaradiofonicadominicana.com\/portal\/?s={search_term_string}"},"query-input":{"@type":"PropertyValueSpecification","valueRequired":true,"valueName":"search_term_string"}}],"inLanguage":"es"},{"@type":"Organization","@id":"https:\/\/potenciaradiofonicadominicana.com\/portal\/#organization","name":"PotenciaRadiofonicaDominicana.com","url":"https:\/\/potenciaradiofonicadominicana.com\/portal\/","logo":{"@type":"ImageObject","inLanguage":"es","@id":"https:\/\/potenciaradiofonicadominicana.com\/portal\/#\/schema\/logo\/image\/","url":"https:\/\/potenciaradiofonicadominicana.com\/portal\/wp-content\/uploads\/2022\/01\/descarga.png","contentUrl":"https:\/\/potenciaradiofonicadominicana.com\/portal\/wp-content\/uploads\/2022\/01\/descarga.png","width":300,"height":100,"caption":"PotenciaRadiofonicaDominicana.com"},"image":{"@id":"https:\/\/potenciaradiofonicadominicana.com\/portal\/#\/schema\/logo\/image\/"},"sameAs":["https:\/\/web.facebook.com\/PotenciaRadiofonicaD"]},{"@type":"Person","@id":"https:\/\/potenciaradiofonicadominicana.com\/portal\/#\/schema\/person\/a5cf1fea13877803ee0573ac18b03490","name":"Potencia Radiof\u00f3nica Dominicana","image":{"@type":"ImageObject","inLanguage":"es","@id":"https:\/\/potenciaradiofonicadominicana.com\/portal\/#\/schema\/person\/image\/","url":"https:\/\/secure.gravatar.com\/avatar\/42a55ab9e8ccc656ba34cd791990602a?s=96&d=mm&r=g","contentUrl":"https:\/\/secure.gravatar.com\/avatar\/42a55ab9e8ccc656ba34cd791990602a?s=96&d=mm&r=g","caption":"Potencia Radiof\u00f3nica Dominicana"},"url":"https:\/\/potenciaradiofonicadominicana.com\/portal\/author\/johannyalmanzar\/"}]}},"_links":{"self":[{"href":"https:\/\/potenciaradiofonicadominicana.com\/portal\/wp-json\/wp\/v2\/posts\/214400","targetHints":{"allow":["GET"]}}],"collection":[{"href":"https:\/\/potenciaradiofonicadominicana.com\/portal\/wp-json\/wp\/v2\/posts"}],"about":[{"href":"https:\/\/potenciaradiofonicadominicana.com\/portal\/wp-json\/wp\/v2\/types\/post"}],"author":[{"embeddable":true,"href":"https:\/\/potenciaradiofonicadominicana.com\/portal\/wp-json\/wp\/v2\/users\/2"}],"replies":[{"embeddable":true,"href":"https:\/\/potenciaradiofonicadominicana.com\/portal\/wp-json\/wp\/v2\/comments?post=214400"}],"version-history":[{"count":1,"href":"https:\/\/potenciaradiofonicadominicana.com\/portal\/wp-json\/wp\/v2\/posts\/214400\/revisions"}],"predecessor-version":[{"id":214402,"href":"https:\/\/potenciaradiofonicadominicana.com\/portal\/wp-json\/wp\/v2\/posts\/214400\/revisions\/214402"}],"wp:featuredmedia":[{"embeddable":true,"href":"https:\/\/potenciaradiofonicadominicana.com\/portal\/wp-json\/wp\/v2\/media\/214401"}],"wp:attachment":[{"href":"https:\/\/potenciaradiofonicadominicana.com\/portal\/wp-json\/wp\/v2\/media?parent=214400"}],"wp:term":[{"taxonomy":"category","embeddable":true,"href":"https:\/\/potenciaradiofonicadominicana.com\/portal\/wp-json\/wp\/v2\/categories?post=214400"},{"taxonomy":"post_tag","embeddable":true,"href":"https:\/\/potenciaradiofonicadominicana.com\/portal\/wp-json\/wp\/v2\/tags?post=214400"}],"curies":[{"name":"wp","href":"https:\/\/api.w.org\/{rel}","templated":true}]}}