{"id":214394,"date":"2026-04-06T21:33:39","date_gmt":"2026-04-07T01:33:39","guid":{"rendered":"https:\/\/potenciaradiofonicadominicana.com\/portal\/?p=214394"},"modified":"2026-04-06T21:33:39","modified_gmt":"2026-04-07T01:33:39","slug":"gran-reto-rd-acogera-clasificatorio-taekwondo-juegos-centroamericanos-y-del-caribe","status":"publish","type":"post","link":"https:\/\/potenciaradiofonicadominicana.com\/portal\/gran-reto-rd-acogera-clasificatorio-taekwondo-juegos-centroamericanos-y-del-caribe\/","title":{"rendered":"\u00a1Gran reto! RD acoger\u00e1 clasificatorio taekwondo Juegos Centroamericanos y del Caribe"},"content":{"rendered":"<p><a href=\"https:\/\/potenciaradiofonicadominicana.com\/portal\/wp-content\/uploads\/2026\/04\/69d3099adc20d.r_d.903-661-7202.jpeg\"><img loading=\"lazy\" decoding=\"async\" class=\"alignnone size-full wp-image-214395\" src=\"https:\/\/potenciaradiofonicadominicana.com\/portal\/wp-content\/uploads\/2026\/04\/69d3099adc20d.r_d.903-661-7202.jpeg\" alt=\"\" width=\"1200\" height=\"675\" srcset=\"https:\/\/potenciaradiofonicadominicana.com\/portal\/wp-content\/uploads\/2026\/04\/69d3099adc20d.r_d.903-661-7202.jpeg 1200w, https:\/\/potenciaradiofonicadominicana.com\/portal\/wp-content\/uploads\/2026\/04\/69d3099adc20d.r_d.903-661-7202-300x169.jpeg 300w, https:\/\/potenciaradiofonicadominicana.com\/portal\/wp-content\/uploads\/2026\/04\/69d3099adc20d.r_d.903-661-7202-1024x576.jpeg 1024w, https:\/\/potenciaradiofonicadominicana.com\/portal\/wp-content\/uploads\/2026\/04\/69d3099adc20d.r_d.903-661-7202-768x432.jpeg 768w\" sizes=\"auto, (max-width: 1200px) 100vw, 1200px\" \/><\/a><\/p>\n<p class=\"paragraph\">La Rep\u00fablica Dominicana se prepara para recibir a<b>\u00a0la \u00e9lite del taekwondo\u00a0<\/b>a prop\u00f3sito de su condici\u00f3n de sede del Clasificatorio para los\u00a0<b>Juegos Centroamericanos y del Caribe Santo Domingo 2026.<\/b><\/p>\n<p class=\"paragraph\">Este importante evento se celebrar\u00e1 los d\u00edas 9 y 10 de este mes en las instalaciones del Pabell\u00f3n de Esgrima del Centro Ol\u00edmpico Juan Pablo Duarte.<\/p>\n<p class=\"paragraph\">Bajo la organizaci\u00f3n de la Federaci\u00f3n Dominicana de Taekwondo y con el aval de la Uni\u00f3n Panamericana de la disciplina, cientos de atletas provenientes de m\u00e1s de 20 naciones se dar\u00e1n cita para competir en las modalidades de Kyorugui y Poomsae.<\/p>\n<p class=\"paragraph\">El objetivo principal de los participantes ser\u00e1 asegurar una de las plazas disponibles para la cita multideportiva regional, lo que garantiza un nivel de competencia sumamente elevado y una exhibici\u00f3n t\u00e9cnica de primer orden en cada combate.<\/p>\n<p class=\"paragraph\">Sobre la relevancia de este compromiso, el presidente de la Federaci\u00f3n Dominicana de Taekwondo (Fedotae), Miguel Camacho, destac\u00f3 la importancia de que el pa\u00eds vuelva a ser el centro de atenci\u00f3n del taekwondo continental.<\/p>\n<p class=\"paragraph\">Camacho resalt\u00f3 que la Rep\u00fablica Dominicana ha demostrado con creces su capacidad para organizar grandes eventos internacionales, contando con la infraestructura, el personal t\u00e9cnico y la hospitalidad necesaria para garantizar el \u00e9xito de cert\u00e1menes de esta magnitud.<\/p>\n<p class=\"paragraph\">Adem\u00e1s del clasificatorio, la agenda de abril incluye la celebraci\u00f3n del Abierto Dominicano de Taekwondo durante los d\u00edas 10, 11 y 12.<\/p>\n","protected":false},"excerpt":{"rendered":"<p>La Rep\u00fablica Dominicana se prepara para recibir a\u00a0la \u00e9lite del taekwondo\u00a0a prop\u00f3sito de su condici\u00f3n de sede del Clasificatorio para &#8230;<\/p>\n","protected":false},"author":2,"featured_media":214395,"comment_status":"closed","ping_status":"closed","sticky":false,"template":"","format":"standard","meta":{"footnotes":""},"categories":[28],"tags":[],"class_list":["post-214394","post","type-post","status-publish","format-standard","has-post-thumbnail","hentry","category-deportes"],"yoast_head":"<!-- This site is optimized with the Yoast SEO plugin v24.8.1 - https:\/\/yoast.com\/wordpress\/plugins\/seo\/ -->\n<title>\u00a1Gran reto! RD acoger\u00e1 clasificatorio taekwondo Juegos Centroamericanos y del Caribe - PotenciaRadiofonicaDominicana.com<\/title>\n<meta name=\"robots\" content=\"index, follow, max-snippet:-1, max-image-preview:large, max-video-preview:-1\" \/>\n<link rel=\"canonical\" href=\"https:\/\/potenciaradiofonicadominicana.com\/portal\/gran-reto-rd-acogera-clasificatorio-taekwondo-juegos-centroamericanos-y-del-caribe\/\" \/>\n<meta property=\"og:locale\" content=\"es_ES\" \/>\n<meta property=\"og:type\" content=\"article\" \/>\n<meta property=\"og:title\" content=\"\u00a1Gran reto! RD acoger\u00e1 clasificatorio taekwondo Juegos Centroamericanos y del Caribe - PotenciaRadiofonicaDominicana.com\" \/>\n<meta property=\"og:description\" content=\"La Rep\u00fablica Dominicana se prepara para recibir a\u00a0la \u00e9lite del taekwondo\u00a0a prop\u00f3sito de su condici\u00f3n de sede del Clasificatorio para ...\" \/>\n<meta property=\"og:url\" content=\"https:\/\/potenciaradiofonicadominicana.com\/portal\/gran-reto-rd-acogera-clasificatorio-taekwondo-juegos-centroamericanos-y-del-caribe\/\" \/>\n<meta property=\"og:site_name\" content=\"PotenciaRadiofonicaDominicana.com\" \/>\n<meta property=\"article:publisher\" content=\"https:\/\/web.facebook.com\/PotenciaRadiofonicaD\" \/>\n<meta property=\"article:published_time\" content=\"2026-04-07T01:33:39+00:00\" \/>\n<meta property=\"og:image\" content=\"https:\/\/potenciaradiofonicadominicana.com\/portal\/wp-content\/uploads\/2026\/04\/69d3099adc20d.r_d.903-661-7202.jpeg\" \/>\n\t<meta property=\"og:image:width\" content=\"1200\" \/>\n\t<meta property=\"og:image:height\" content=\"675\" \/>\n\t<meta property=\"og:image:type\" content=\"image\/jpeg\" \/>\n<meta name=\"author\" content=\"Potencia Radiof\u00f3nica Dominicana\" \/>\n<meta name=\"twitter:card\" content=\"summary_large_image\" \/>\n<meta name=\"twitter:label1\" content=\"Escrito por\" \/>\n\t<meta name=\"twitter:data1\" content=\"Potencia Radiof\u00f3nica Dominicana\" \/>\n\t<meta name=\"twitter:label2\" content=\"Tiempo de lectura\" \/>\n\t<meta name=\"twitter:data2\" content=\"2 minutos\" \/>\n<script type=\"application\/ld+json\" class=\"yoast-schema-graph\">{\"@context\":\"https:\/\/schema.org\",\"@graph\":[{\"@type\":\"Article\",\"@id\":\"https:\/\/potenciaradiofonicadominicana.com\/portal\/gran-reto-rd-acogera-clasificatorio-taekwondo-juegos-centroamericanos-y-del-caribe\/#article\",\"isPartOf\":{\"@id\":\"https:\/\/potenciaradiofonicadominicana.com\/portal\/gran-reto-rd-acogera-clasificatorio-taekwondo-juegos-centroamericanos-y-del-caribe\/\"},\"author\":{\"name\":\"Potencia Radiof\u00f3nica Dominicana\",\"@id\":\"https:\/\/potenciaradiofonicadominicana.com\/portal\/#\/schema\/person\/a5cf1fea13877803ee0573ac18b03490\"},\"headline\":\"\u00a1Gran reto! RD acoger\u00e1 clasificatorio taekwondo Juegos Centroamericanos y del Caribe\",\"datePublished\":\"2026-04-07T01:33:39+00:00\",\"mainEntityOfPage\":{\"@id\":\"https:\/\/potenciaradiofonicadominicana.com\/portal\/gran-reto-rd-acogera-clasificatorio-taekwondo-juegos-centroamericanos-y-del-caribe\/\"},\"wordCount\":254,\"publisher\":{\"@id\":\"https:\/\/potenciaradiofonicadominicana.com\/portal\/#organization\"},\"image\":{\"@id\":\"https:\/\/potenciaradiofonicadominicana.com\/portal\/gran-reto-rd-acogera-clasificatorio-taekwondo-juegos-centroamericanos-y-del-caribe\/#primaryimage\"},\"thumbnailUrl\":\"https:\/\/potenciaradiofonicadominicana.com\/portal\/wp-content\/uploads\/2026\/04\/69d3099adc20d.r_d.903-661-7202.jpeg\",\"articleSection\":[\"Deportes\"],\"inLanguage\":\"es\"},{\"@type\":\"WebPage\",\"@id\":\"https:\/\/potenciaradiofonicadominicana.com\/portal\/gran-reto-rd-acogera-clasificatorio-taekwondo-juegos-centroamericanos-y-del-caribe\/\",\"url\":\"https:\/\/potenciaradiofonicadominicana.com\/portal\/gran-reto-rd-acogera-clasificatorio-taekwondo-juegos-centroamericanos-y-del-caribe\/\",\"name\":\"\u00a1Gran reto! RD acoger\u00e1 clasificatorio taekwondo Juegos Centroamericanos y del Caribe - PotenciaRadiofonicaDominicana.com\",\"isPartOf\":{\"@id\":\"https:\/\/potenciaradiofonicadominicana.com\/portal\/#website\"},\"primaryImageOfPage\":{\"@id\":\"https:\/\/potenciaradiofonicadominicana.com\/portal\/gran-reto-rd-acogera-clasificatorio-taekwondo-juegos-centroamericanos-y-del-caribe\/#primaryimage\"},\"image\":{\"@id\":\"https:\/\/potenciaradiofonicadominicana.com\/portal\/gran-reto-rd-acogera-clasificatorio-taekwondo-juegos-centroamericanos-y-del-caribe\/#primaryimage\"},\"thumbnailUrl\":\"https:\/\/potenciaradiofonicadominicana.com\/portal\/wp-content\/uploads\/2026\/04\/69d3099adc20d.r_d.903-661-7202.jpeg\",\"datePublished\":\"2026-04-07T01:33:39+00:00\",\"breadcrumb\":{\"@id\":\"https:\/\/potenciaradiofonicadominicana.com\/portal\/gran-reto-rd-acogera-clasificatorio-taekwondo-juegos-centroamericanos-y-del-caribe\/#breadcrumb\"},\"inLanguage\":\"es\",\"potentialAction\":[{\"@type\":\"ReadAction\",\"target\":[\"https:\/\/potenciaradiofonicadominicana.com\/portal\/gran-reto-rd-acogera-clasificatorio-taekwondo-juegos-centroamericanos-y-del-caribe\/\"]}]},{\"@type\":\"ImageObject\",\"inLanguage\":\"es\",\"@id\":\"https:\/\/potenciaradiofonicadominicana.com\/portal\/gran-reto-rd-acogera-clasificatorio-taekwondo-juegos-centroamericanos-y-del-caribe\/#primaryimage\",\"url\":\"https:\/\/potenciaradiofonicadominicana.com\/portal\/wp-content\/uploads\/2026\/04\/69d3099adc20d.r_d.903-661-7202.jpeg\",\"contentUrl\":\"https:\/\/potenciaradiofonicadominicana.com\/portal\/wp-content\/uploads\/2026\/04\/69d3099adc20d.r_d.903-661-7202.jpeg\",\"width\":1200,\"height\":675},{\"@type\":\"BreadcrumbList\",\"@id\":\"https:\/\/potenciaradiofonicadominicana.com\/portal\/gran-reto-rd-acogera-clasificatorio-taekwondo-juegos-centroamericanos-y-del-caribe\/#breadcrumb\",\"itemListElement\":[{\"@type\":\"ListItem\",\"position\":1,\"name\":\"Portada\",\"item\":\"https:\/\/potenciaradiofonicadominicana.com\/portal\/\"},{\"@type\":\"ListItem\",\"position\":2,\"name\":\"\u00a1Gran reto! RD acoger\u00e1 clasificatorio taekwondo Juegos Centroamericanos y del Caribe\"}]},{\"@type\":\"WebSite\",\"@id\":\"https:\/\/potenciaradiofonicadominicana.com\/portal\/#website\",\"url\":\"https:\/\/potenciaradiofonicadominicana.com\/portal\/\",\"name\":\"PotenciaRadiofonicaDominicana.com\",\"description\":\"Peri\u00f3dico Digital\",\"publisher\":{\"@id\":\"https:\/\/potenciaradiofonicadominicana.com\/portal\/#organization\"},\"potentialAction\":[{\"@type\":\"SearchAction\",\"target\":{\"@type\":\"EntryPoint\",\"urlTemplate\":\"https:\/\/potenciaradiofonicadominicana.com\/portal\/?s={search_term_string}\"},\"query-input\":{\"@type\":\"PropertyValueSpecification\",\"valueRequired\":true,\"valueName\":\"search_term_string\"}}],\"inLanguage\":\"es\"},{\"@type\":\"Organization\",\"@id\":\"https:\/\/potenciaradiofonicadominicana.com\/portal\/#organization\",\"name\":\"PotenciaRadiofonicaDominicana.com\",\"url\":\"https:\/\/potenciaradiofonicadominicana.com\/portal\/\",\"logo\":{\"@type\":\"ImageObject\",\"inLanguage\":\"es\",\"@id\":\"https:\/\/potenciaradiofonicadominicana.com\/portal\/#\/schema\/logo\/image\/\",\"url\":\"https:\/\/potenciaradiofonicadominicana.com\/portal\/wp-content\/uploads\/2022\/01\/descarga.png\",\"contentUrl\":\"https:\/\/potenciaradiofonicadominicana.com\/portal\/wp-content\/uploads\/2022\/01\/descarga.png\",\"width\":300,\"height\":100,\"caption\":\"PotenciaRadiofonicaDominicana.com\"},\"image\":{\"@id\":\"https:\/\/potenciaradiofonicadominicana.com\/portal\/#\/schema\/logo\/image\/\"},\"sameAs\":[\"https:\/\/web.facebook.com\/PotenciaRadiofonicaD\"]},{\"@type\":\"Person\",\"@id\":\"https:\/\/potenciaradiofonicadominicana.com\/portal\/#\/schema\/person\/a5cf1fea13877803ee0573ac18b03490\",\"name\":\"Potencia Radiof\u00f3nica Dominicana\",\"image\":{\"@type\":\"ImageObject\",\"inLanguage\":\"es\",\"@id\":\"https:\/\/potenciaradiofonicadominicana.com\/portal\/#\/schema\/person\/image\/\",\"url\":\"https:\/\/secure.gravatar.com\/avatar\/42a55ab9e8ccc656ba34cd791990602a?s=96&d=mm&r=g\",\"contentUrl\":\"https:\/\/secure.gravatar.com\/avatar\/42a55ab9e8ccc656ba34cd791990602a?s=96&d=mm&r=g\",\"caption\":\"Potencia Radiof\u00f3nica Dominicana\"},\"url\":\"https:\/\/potenciaradiofonicadominicana.com\/portal\/author\/johannyalmanzar\/\"}]}<\/script>\n<!-- \/ Yoast SEO plugin. -->","yoast_head_json":{"title":"\u00a1Gran reto! RD acoger\u00e1 clasificatorio taekwondo Juegos Centroamericanos y del Caribe - PotenciaRadiofonicaDominicana.com","robots":{"index":"index","follow":"follow","max-snippet":"max-snippet:-1","max-image-preview":"max-image-preview:large","max-video-preview":"max-video-preview:-1"},"canonical":"https:\/\/potenciaradiofonicadominicana.com\/portal\/gran-reto-rd-acogera-clasificatorio-taekwondo-juegos-centroamericanos-y-del-caribe\/","og_locale":"es_ES","og_type":"article","og_title":"\u00a1Gran reto! RD acoger\u00e1 clasificatorio taekwondo Juegos Centroamericanos y del Caribe - PotenciaRadiofonicaDominicana.com","og_description":"La Rep\u00fablica Dominicana se prepara para recibir a\u00a0la \u00e9lite del taekwondo\u00a0a prop\u00f3sito de su condici\u00f3n de sede del Clasificatorio para ...","og_url":"https:\/\/potenciaradiofonicadominicana.com\/portal\/gran-reto-rd-acogera-clasificatorio-taekwondo-juegos-centroamericanos-y-del-caribe\/","og_site_name":"PotenciaRadiofonicaDominicana.com","article_publisher":"https:\/\/web.facebook.com\/PotenciaRadiofonicaD","article_published_time":"2026-04-07T01:33:39+00:00","og_image":[{"width":1200,"height":675,"url":"https:\/\/potenciaradiofonicadominicana.com\/portal\/wp-content\/uploads\/2026\/04\/69d3099adc20d.r_d.903-661-7202.jpeg","type":"image\/jpeg"}],"author":"Potencia Radiof\u00f3nica Dominicana","twitter_card":"summary_large_image","twitter_misc":{"Escrito por":"Potencia Radiof\u00f3nica Dominicana","Tiempo de lectura":"2 minutos"},"schema":{"@context":"https:\/\/schema.org","@graph":[{"@type":"Article","@id":"https:\/\/potenciaradiofonicadominicana.com\/portal\/gran-reto-rd-acogera-clasificatorio-taekwondo-juegos-centroamericanos-y-del-caribe\/#article","isPartOf":{"@id":"https:\/\/potenciaradiofonicadominicana.com\/portal\/gran-reto-rd-acogera-clasificatorio-taekwondo-juegos-centroamericanos-y-del-caribe\/"},"author":{"name":"Potencia Radiof\u00f3nica Dominicana","@id":"https:\/\/potenciaradiofonicadominicana.com\/portal\/#\/schema\/person\/a5cf1fea13877803ee0573ac18b03490"},"headline":"\u00a1Gran reto! RD acoger\u00e1 clasificatorio taekwondo Juegos Centroamericanos y del Caribe","datePublished":"2026-04-07T01:33:39+00:00","mainEntityOfPage":{"@id":"https:\/\/potenciaradiofonicadominicana.com\/portal\/gran-reto-rd-acogera-clasificatorio-taekwondo-juegos-centroamericanos-y-del-caribe\/"},"wordCount":254,"publisher":{"@id":"https:\/\/potenciaradiofonicadominicana.com\/portal\/#organization"},"image":{"@id":"https:\/\/potenciaradiofonicadominicana.com\/portal\/gran-reto-rd-acogera-clasificatorio-taekwondo-juegos-centroamericanos-y-del-caribe\/#primaryimage"},"thumbnailUrl":"https:\/\/potenciaradiofonicadominicana.com\/portal\/wp-content\/uploads\/2026\/04\/69d3099adc20d.r_d.903-661-7202.jpeg","articleSection":["Deportes"],"inLanguage":"es"},{"@type":"WebPage","@id":"https:\/\/potenciaradiofonicadominicana.com\/portal\/gran-reto-rd-acogera-clasificatorio-taekwondo-juegos-centroamericanos-y-del-caribe\/","url":"https:\/\/potenciaradiofonicadominicana.com\/portal\/gran-reto-rd-acogera-clasificatorio-taekwondo-juegos-centroamericanos-y-del-caribe\/","name":"\u00a1Gran reto! RD acoger\u00e1 clasificatorio taekwondo Juegos Centroamericanos y del Caribe - PotenciaRadiofonicaDominicana.com","isPartOf":{"@id":"https:\/\/potenciaradiofonicadominicana.com\/portal\/#website"},"primaryImageOfPage":{"@id":"https:\/\/potenciaradiofonicadominicana.com\/portal\/gran-reto-rd-acogera-clasificatorio-taekwondo-juegos-centroamericanos-y-del-caribe\/#primaryimage"},"image":{"@id":"https:\/\/potenciaradiofonicadominicana.com\/portal\/gran-reto-rd-acogera-clasificatorio-taekwondo-juegos-centroamericanos-y-del-caribe\/#primaryimage"},"thumbnailUrl":"https:\/\/potenciaradiofonicadominicana.com\/portal\/wp-content\/uploads\/2026\/04\/69d3099adc20d.r_d.903-661-7202.jpeg","datePublished":"2026-04-07T01:33:39+00:00","breadcrumb":{"@id":"https:\/\/potenciaradiofonicadominicana.com\/portal\/gran-reto-rd-acogera-clasificatorio-taekwondo-juegos-centroamericanos-y-del-caribe\/#breadcrumb"},"inLanguage":"es","potentialAction":[{"@type":"ReadAction","target":["https:\/\/potenciaradiofonicadominicana.com\/portal\/gran-reto-rd-acogera-clasificatorio-taekwondo-juegos-centroamericanos-y-del-caribe\/"]}]},{"@type":"ImageObject","inLanguage":"es","@id":"https:\/\/potenciaradiofonicadominicana.com\/portal\/gran-reto-rd-acogera-clasificatorio-taekwondo-juegos-centroamericanos-y-del-caribe\/#primaryimage","url":"https:\/\/potenciaradiofonicadominicana.com\/portal\/wp-content\/uploads\/2026\/04\/69d3099adc20d.r_d.903-661-7202.jpeg","contentUrl":"https:\/\/potenciaradiofonicadominicana.com\/portal\/wp-content\/uploads\/2026\/04\/69d3099adc20d.r_d.903-661-7202.jpeg","width":1200,"height":675},{"@type":"BreadcrumbList","@id":"https:\/\/potenciaradiofonicadominicana.com\/portal\/gran-reto-rd-acogera-clasificatorio-taekwondo-juegos-centroamericanos-y-del-caribe\/#breadcrumb","itemListElement":[{"@type":"ListItem","position":1,"name":"Portada","item":"https:\/\/potenciaradiofonicadominicana.com\/portal\/"},{"@type":"ListItem","position":2,"name":"\u00a1Gran reto! RD acoger\u00e1 clasificatorio taekwondo Juegos Centroamericanos y del Caribe"}]},{"@type":"WebSite","@id":"https:\/\/potenciaradiofonicadominicana.com\/portal\/#website","url":"https:\/\/potenciaradiofonicadominicana.com\/portal\/","name":"PotenciaRadiofonicaDominicana.com","description":"Peri\u00f3dico Digital","publisher":{"@id":"https:\/\/potenciaradiofonicadominicana.com\/portal\/#organization"},"potentialAction":[{"@type":"SearchAction","target":{"@type":"EntryPoint","urlTemplate":"https:\/\/potenciaradiofonicadominicana.com\/portal\/?s={search_term_string}"},"query-input":{"@type":"PropertyValueSpecification","valueRequired":true,"valueName":"search_term_string"}}],"inLanguage":"es"},{"@type":"Organization","@id":"https:\/\/potenciaradiofonicadominicana.com\/portal\/#organization","name":"PotenciaRadiofonicaDominicana.com","url":"https:\/\/potenciaradiofonicadominicana.com\/portal\/","logo":{"@type":"ImageObject","inLanguage":"es","@id":"https:\/\/potenciaradiofonicadominicana.com\/portal\/#\/schema\/logo\/image\/","url":"https:\/\/potenciaradiofonicadominicana.com\/portal\/wp-content\/uploads\/2022\/01\/descarga.png","contentUrl":"https:\/\/potenciaradiofonicadominicana.com\/portal\/wp-content\/uploads\/2022\/01\/descarga.png","width":300,"height":100,"caption":"PotenciaRadiofonicaDominicana.com"},"image":{"@id":"https:\/\/potenciaradiofonicadominicana.com\/portal\/#\/schema\/logo\/image\/"},"sameAs":["https:\/\/web.facebook.com\/PotenciaRadiofonicaD"]},{"@type":"Person","@id":"https:\/\/potenciaradiofonicadominicana.com\/portal\/#\/schema\/person\/a5cf1fea13877803ee0573ac18b03490","name":"Potencia Radiof\u00f3nica Dominicana","image":{"@type":"ImageObject","inLanguage":"es","@id":"https:\/\/potenciaradiofonicadominicana.com\/portal\/#\/schema\/person\/image\/","url":"https:\/\/secure.gravatar.com\/avatar\/42a55ab9e8ccc656ba34cd791990602a?s=96&d=mm&r=g","contentUrl":"https:\/\/secure.gravatar.com\/avatar\/42a55ab9e8ccc656ba34cd791990602a?s=96&d=mm&r=g","caption":"Potencia Radiof\u00f3nica Dominicana"},"url":"https:\/\/potenciaradiofonicadominicana.com\/portal\/author\/johannyalmanzar\/"}]}},"_links":{"self":[{"href":"https:\/\/potenciaradiofonicadominicana.com\/portal\/wp-json\/wp\/v2\/posts\/214394","targetHints":{"allow":["GET"]}}],"collection":[{"href":"https:\/\/potenciaradiofonicadominicana.com\/portal\/wp-json\/wp\/v2\/posts"}],"about":[{"href":"https:\/\/potenciaradiofonicadominicana.com\/portal\/wp-json\/wp\/v2\/types\/post"}],"author":[{"embeddable":true,"href":"https:\/\/potenciaradiofonicadominicana.com\/portal\/wp-json\/wp\/v2\/users\/2"}],"replies":[{"embeddable":true,"href":"https:\/\/potenciaradiofonicadominicana.com\/portal\/wp-json\/wp\/v2\/comments?post=214394"}],"version-history":[{"count":1,"href":"https:\/\/potenciaradiofonicadominicana.com\/portal\/wp-json\/wp\/v2\/posts\/214394\/revisions"}],"predecessor-version":[{"id":214396,"href":"https:\/\/potenciaradiofonicadominicana.com\/portal\/wp-json\/wp\/v2\/posts\/214394\/revisions\/214396"}],"wp:featuredmedia":[{"embeddable":true,"href":"https:\/\/potenciaradiofonicadominicana.com\/portal\/wp-json\/wp\/v2\/media\/214395"}],"wp:attachment":[{"href":"https:\/\/potenciaradiofonicadominicana.com\/portal\/wp-json\/wp\/v2\/media?parent=214394"}],"wp:term":[{"taxonomy":"category","embeddable":true,"href":"https:\/\/potenciaradiofonicadominicana.com\/portal\/wp-json\/wp\/v2\/categories?post=214394"},{"taxonomy":"post_tag","embeddable":true,"href":"https:\/\/potenciaradiofonicadominicana.com\/portal\/wp-json\/wp\/v2\/tags?post=214394"}],"curies":[{"name":"wp","href":"https:\/\/api.w.org\/{rel}","templated":true}]}}