{"id":214391,"date":"2026-04-06T21:32:23","date_gmt":"2026-04-07T01:32:23","guid":{"rendered":"https:\/\/potenciaradiofonicadominicana.com\/portal\/?p=214391"},"modified":"2026-04-06T21:32:23","modified_gmt":"2026-04-07T01:32:23","slug":"metros-de-santiago-apuestan-al-juego-interior-con-dos-refuerzos-importados","status":"publish","type":"post","link":"https:\/\/potenciaradiofonicadominicana.com\/portal\/metros-de-santiago-apuestan-al-juego-interior-con-dos-refuerzos-importados\/","title":{"rendered":"Metros de Santiago apuestan al juego interior con dos refuerzos importados"},"content":{"rendered":"<p><a href=\"https:\/\/potenciaradiofonicadominicana.com\/portal\/wp-content\/uploads\/2026\/04\/WhatsApp-Image-2026-04-06-at-8.27.09-PM-1.jpeg\"><img loading=\"lazy\" decoding=\"async\" class=\"alignnone size-full wp-image-214392\" src=\"https:\/\/potenciaradiofonicadominicana.com\/portal\/wp-content\/uploads\/2026\/04\/WhatsApp-Image-2026-04-06-at-8.27.09-PM-1.jpeg\" alt=\"\" width=\"1080\" height=\"561\" srcset=\"https:\/\/potenciaradiofonicadominicana.com\/portal\/wp-content\/uploads\/2026\/04\/WhatsApp-Image-2026-04-06-at-8.27.09-PM-1.jpeg 1080w, https:\/\/potenciaradiofonicadominicana.com\/portal\/wp-content\/uploads\/2026\/04\/WhatsApp-Image-2026-04-06-at-8.27.09-PM-1-300x156.jpeg 300w, https:\/\/potenciaradiofonicadominicana.com\/portal\/wp-content\/uploads\/2026\/04\/WhatsApp-Image-2026-04-06-at-8.27.09-PM-1-1024x532.jpeg 1024w, https:\/\/potenciaradiofonicadominicana.com\/portal\/wp-content\/uploads\/2026\/04\/WhatsApp-Image-2026-04-06-at-8.27.09-PM-1-768x399.jpeg 768w\" sizes=\"auto, (max-width: 1080px) 100vw, 1080px\" \/><\/a><\/p>\n<p>Los Metros de Santiago anunciaron la incorporaci\u00f3n de dos jugadores importados con perfil internacional, en una estrategia orientada a fortalecer su presencia en la pintura de cara a la pr\u00f3xima temporada de la Liga Nacional de Baloncesto.<\/p>\n<p>La gerencia del conjunto cibae\u00f1o confirm\u00f3 la llegada del p\u00edvot Florent Thamba, de 6\u201910 de estatura, quien cuenta con experiencia universitaria de alto nivel tras formar parte del equipo campe\u00f3n de Baylor Bears. El jugador viene de una destacada actuaci\u00f3n en el torneo superior de Santiago, donde promedi\u00f3 12.8 puntos y 8.6 rebotes en la serie final.<\/p>\n<p>Junto a Thamba se suma el ala-p\u00edvot Anthony Fairley, de 6\u20198, con recorrido en ligas internacionales, incluyendo su m\u00e1s reciente participaci\u00f3n en el baloncesto liban\u00e9s, donde registr\u00f3 promedios de 18.7 puntos y 8.1 rebotes por encuentro, adem\u00e1s de un 40.7 % en tiros de tres puntos.<\/p>\n<p>La apuesta del equipo responde a la necesidad de incrementar tama\u00f1o, fortaleza f\u00edsica y versatilidad en su plantilla, con jugadores capaces de impactar en ambos lados de la cancha.<br \/>\nAmbos refuerzos ya se encuentran en el pa\u00eds y se integraron a los entrenamientos que se realizan en la Gran Arena del Cibao Doctor \u00d3scar Gobaira, bajo la direcci\u00f3n del t\u00e9cnico Melvyn L\u00f3pez.<\/p>\n","protected":false},"excerpt":{"rendered":"<p>Los Metros de Santiago anunciaron la incorporaci\u00f3n de dos jugadores importados con perfil internacional, en una estrategia orientada a fortalecer &#8230;<\/p>\n","protected":false},"author":2,"featured_media":214392,"comment_status":"closed","ping_status":"closed","sticky":false,"template":"","format":"standard","meta":{"footnotes":""},"categories":[28],"tags":[],"class_list":["post-214391","post","type-post","status-publish","format-standard","has-post-thumbnail","hentry","category-deportes"],"yoast_head":"<!-- This site is optimized with the Yoast SEO plugin v24.8.1 - https:\/\/yoast.com\/wordpress\/plugins\/seo\/ -->\n<title>Metros de Santiago apuestan al juego interior con dos refuerzos importados - PotenciaRadiofonicaDominicana.com<\/title>\n<meta name=\"robots\" content=\"index, follow, max-snippet:-1, max-image-preview:large, max-video-preview:-1\" \/>\n<link rel=\"canonical\" href=\"https:\/\/potenciaradiofonicadominicana.com\/portal\/metros-de-santiago-apuestan-al-juego-interior-con-dos-refuerzos-importados\/\" \/>\n<meta property=\"og:locale\" content=\"es_ES\" \/>\n<meta property=\"og:type\" content=\"article\" \/>\n<meta property=\"og:title\" content=\"Metros de Santiago apuestan al juego interior con dos refuerzos importados - PotenciaRadiofonicaDominicana.com\" \/>\n<meta property=\"og:description\" content=\"Los Metros de Santiago anunciaron la incorporaci\u00f3n de dos jugadores importados con perfil internacional, en una estrategia orientada a fortalecer ...\" \/>\n<meta property=\"og:url\" content=\"https:\/\/potenciaradiofonicadominicana.com\/portal\/metros-de-santiago-apuestan-al-juego-interior-con-dos-refuerzos-importados\/\" \/>\n<meta property=\"og:site_name\" content=\"PotenciaRadiofonicaDominicana.com\" \/>\n<meta property=\"article:publisher\" content=\"https:\/\/web.facebook.com\/PotenciaRadiofonicaD\" \/>\n<meta property=\"article:published_time\" content=\"2026-04-07T01:32:23+00:00\" \/>\n<meta property=\"og:image\" content=\"https:\/\/potenciaradiofonicadominicana.com\/portal\/wp-content\/uploads\/2026\/04\/WhatsApp-Image-2026-04-06-at-8.27.09-PM-1.jpeg\" \/>\n\t<meta property=\"og:image:width\" content=\"1080\" \/>\n\t<meta property=\"og:image:height\" content=\"561\" \/>\n\t<meta property=\"og:image:type\" content=\"image\/jpeg\" \/>\n<meta name=\"author\" content=\"Potencia Radiof\u00f3nica Dominicana\" \/>\n<meta name=\"twitter:card\" content=\"summary_large_image\" \/>\n<meta name=\"twitter:label1\" content=\"Escrito por\" \/>\n\t<meta name=\"twitter:data1\" content=\"Potencia Radiof\u00f3nica Dominicana\" \/>\n\t<meta name=\"twitter:label2\" content=\"Tiempo de lectura\" \/>\n\t<meta name=\"twitter:data2\" content=\"2 minutos\" \/>\n<script type=\"application\/ld+json\" class=\"yoast-schema-graph\">{\"@context\":\"https:\/\/schema.org\",\"@graph\":[{\"@type\":\"Article\",\"@id\":\"https:\/\/potenciaradiofonicadominicana.com\/portal\/metros-de-santiago-apuestan-al-juego-interior-con-dos-refuerzos-importados\/#article\",\"isPartOf\":{\"@id\":\"https:\/\/potenciaradiofonicadominicana.com\/portal\/metros-de-santiago-apuestan-al-juego-interior-con-dos-refuerzos-importados\/\"},\"author\":{\"name\":\"Potencia Radiof\u00f3nica Dominicana\",\"@id\":\"https:\/\/potenciaradiofonicadominicana.com\/portal\/#\/schema\/person\/a5cf1fea13877803ee0573ac18b03490\"},\"headline\":\"Metros de Santiago apuestan al juego interior con dos refuerzos importados\",\"datePublished\":\"2026-04-07T01:32:23+00:00\",\"mainEntityOfPage\":{\"@id\":\"https:\/\/potenciaradiofonicadominicana.com\/portal\/metros-de-santiago-apuestan-al-juego-interior-con-dos-refuerzos-importados\/\"},\"wordCount\":222,\"publisher\":{\"@id\":\"https:\/\/potenciaradiofonicadominicana.com\/portal\/#organization\"},\"image\":{\"@id\":\"https:\/\/potenciaradiofonicadominicana.com\/portal\/metros-de-santiago-apuestan-al-juego-interior-con-dos-refuerzos-importados\/#primaryimage\"},\"thumbnailUrl\":\"https:\/\/potenciaradiofonicadominicana.com\/portal\/wp-content\/uploads\/2026\/04\/WhatsApp-Image-2026-04-06-at-8.27.09-PM-1.jpeg\",\"articleSection\":[\"Deportes\"],\"inLanguage\":\"es\"},{\"@type\":\"WebPage\",\"@id\":\"https:\/\/potenciaradiofonicadominicana.com\/portal\/metros-de-santiago-apuestan-al-juego-interior-con-dos-refuerzos-importados\/\",\"url\":\"https:\/\/potenciaradiofonicadominicana.com\/portal\/metros-de-santiago-apuestan-al-juego-interior-con-dos-refuerzos-importados\/\",\"name\":\"Metros de Santiago apuestan al juego interior con dos refuerzos importados - PotenciaRadiofonicaDominicana.com\",\"isPartOf\":{\"@id\":\"https:\/\/potenciaradiofonicadominicana.com\/portal\/#website\"},\"primaryImageOfPage\":{\"@id\":\"https:\/\/potenciaradiofonicadominicana.com\/portal\/metros-de-santiago-apuestan-al-juego-interior-con-dos-refuerzos-importados\/#primaryimage\"},\"image\":{\"@id\":\"https:\/\/potenciaradiofonicadominicana.com\/portal\/metros-de-santiago-apuestan-al-juego-interior-con-dos-refuerzos-importados\/#primaryimage\"},\"thumbnailUrl\":\"https:\/\/potenciaradiofonicadominicana.com\/portal\/wp-content\/uploads\/2026\/04\/WhatsApp-Image-2026-04-06-at-8.27.09-PM-1.jpeg\",\"datePublished\":\"2026-04-07T01:32:23+00:00\",\"breadcrumb\":{\"@id\":\"https:\/\/potenciaradiofonicadominicana.com\/portal\/metros-de-santiago-apuestan-al-juego-interior-con-dos-refuerzos-importados\/#breadcrumb\"},\"inLanguage\":\"es\",\"potentialAction\":[{\"@type\":\"ReadAction\",\"target\":[\"https:\/\/potenciaradiofonicadominicana.com\/portal\/metros-de-santiago-apuestan-al-juego-interior-con-dos-refuerzos-importados\/\"]}]},{\"@type\":\"ImageObject\",\"inLanguage\":\"es\",\"@id\":\"https:\/\/potenciaradiofonicadominicana.com\/portal\/metros-de-santiago-apuestan-al-juego-interior-con-dos-refuerzos-importados\/#primaryimage\",\"url\":\"https:\/\/potenciaradiofonicadominicana.com\/portal\/wp-content\/uploads\/2026\/04\/WhatsApp-Image-2026-04-06-at-8.27.09-PM-1.jpeg\",\"contentUrl\":\"https:\/\/potenciaradiofonicadominicana.com\/portal\/wp-content\/uploads\/2026\/04\/WhatsApp-Image-2026-04-06-at-8.27.09-PM-1.jpeg\",\"width\":1080,\"height\":561},{\"@type\":\"BreadcrumbList\",\"@id\":\"https:\/\/potenciaradiofonicadominicana.com\/portal\/metros-de-santiago-apuestan-al-juego-interior-con-dos-refuerzos-importados\/#breadcrumb\",\"itemListElement\":[{\"@type\":\"ListItem\",\"position\":1,\"name\":\"Portada\",\"item\":\"https:\/\/potenciaradiofonicadominicana.com\/portal\/\"},{\"@type\":\"ListItem\",\"position\":2,\"name\":\"Metros de Santiago apuestan al juego interior con dos refuerzos importados\"}]},{\"@type\":\"WebSite\",\"@id\":\"https:\/\/potenciaradiofonicadominicana.com\/portal\/#website\",\"url\":\"https:\/\/potenciaradiofonicadominicana.com\/portal\/\",\"name\":\"PotenciaRadiofonicaDominicana.com\",\"description\":\"Peri\u00f3dico Digital\",\"publisher\":{\"@id\":\"https:\/\/potenciaradiofonicadominicana.com\/portal\/#organization\"},\"potentialAction\":[{\"@type\":\"SearchAction\",\"target\":{\"@type\":\"EntryPoint\",\"urlTemplate\":\"https:\/\/potenciaradiofonicadominicana.com\/portal\/?s={search_term_string}\"},\"query-input\":{\"@type\":\"PropertyValueSpecification\",\"valueRequired\":true,\"valueName\":\"search_term_string\"}}],\"inLanguage\":\"es\"},{\"@type\":\"Organization\",\"@id\":\"https:\/\/potenciaradiofonicadominicana.com\/portal\/#organization\",\"name\":\"PotenciaRadiofonicaDominicana.com\",\"url\":\"https:\/\/potenciaradiofonicadominicana.com\/portal\/\",\"logo\":{\"@type\":\"ImageObject\",\"inLanguage\":\"es\",\"@id\":\"https:\/\/potenciaradiofonicadominicana.com\/portal\/#\/schema\/logo\/image\/\",\"url\":\"https:\/\/potenciaradiofonicadominicana.com\/portal\/wp-content\/uploads\/2022\/01\/descarga.png\",\"contentUrl\":\"https:\/\/potenciaradiofonicadominicana.com\/portal\/wp-content\/uploads\/2022\/01\/descarga.png\",\"width\":300,\"height\":100,\"caption\":\"PotenciaRadiofonicaDominicana.com\"},\"image\":{\"@id\":\"https:\/\/potenciaradiofonicadominicana.com\/portal\/#\/schema\/logo\/image\/\"},\"sameAs\":[\"https:\/\/web.facebook.com\/PotenciaRadiofonicaD\"]},{\"@type\":\"Person\",\"@id\":\"https:\/\/potenciaradiofonicadominicana.com\/portal\/#\/schema\/person\/a5cf1fea13877803ee0573ac18b03490\",\"name\":\"Potencia Radiof\u00f3nica Dominicana\",\"image\":{\"@type\":\"ImageObject\",\"inLanguage\":\"es\",\"@id\":\"https:\/\/potenciaradiofonicadominicana.com\/portal\/#\/schema\/person\/image\/\",\"url\":\"https:\/\/secure.gravatar.com\/avatar\/42a55ab9e8ccc656ba34cd791990602a?s=96&d=mm&r=g\",\"contentUrl\":\"https:\/\/secure.gravatar.com\/avatar\/42a55ab9e8ccc656ba34cd791990602a?s=96&d=mm&r=g\",\"caption\":\"Potencia Radiof\u00f3nica Dominicana\"},\"url\":\"https:\/\/potenciaradiofonicadominicana.com\/portal\/author\/johannyalmanzar\/\"}]}<\/script>\n<!-- \/ Yoast SEO plugin. -->","yoast_head_json":{"title":"Metros de Santiago apuestan al juego interior con dos refuerzos importados - PotenciaRadiofonicaDominicana.com","robots":{"index":"index","follow":"follow","max-snippet":"max-snippet:-1","max-image-preview":"max-image-preview:large","max-video-preview":"max-video-preview:-1"},"canonical":"https:\/\/potenciaradiofonicadominicana.com\/portal\/metros-de-santiago-apuestan-al-juego-interior-con-dos-refuerzos-importados\/","og_locale":"es_ES","og_type":"article","og_title":"Metros de Santiago apuestan al juego interior con dos refuerzos importados - PotenciaRadiofonicaDominicana.com","og_description":"Los Metros de Santiago anunciaron la incorporaci\u00f3n de dos jugadores importados con perfil internacional, en una estrategia orientada a fortalecer ...","og_url":"https:\/\/potenciaradiofonicadominicana.com\/portal\/metros-de-santiago-apuestan-al-juego-interior-con-dos-refuerzos-importados\/","og_site_name":"PotenciaRadiofonicaDominicana.com","article_publisher":"https:\/\/web.facebook.com\/PotenciaRadiofonicaD","article_published_time":"2026-04-07T01:32:23+00:00","og_image":[{"width":1080,"height":561,"url":"https:\/\/potenciaradiofonicadominicana.com\/portal\/wp-content\/uploads\/2026\/04\/WhatsApp-Image-2026-04-06-at-8.27.09-PM-1.jpeg","type":"image\/jpeg"}],"author":"Potencia Radiof\u00f3nica Dominicana","twitter_card":"summary_large_image","twitter_misc":{"Escrito por":"Potencia Radiof\u00f3nica Dominicana","Tiempo de lectura":"2 minutos"},"schema":{"@context":"https:\/\/schema.org","@graph":[{"@type":"Article","@id":"https:\/\/potenciaradiofonicadominicana.com\/portal\/metros-de-santiago-apuestan-al-juego-interior-con-dos-refuerzos-importados\/#article","isPartOf":{"@id":"https:\/\/potenciaradiofonicadominicana.com\/portal\/metros-de-santiago-apuestan-al-juego-interior-con-dos-refuerzos-importados\/"},"author":{"name":"Potencia Radiof\u00f3nica Dominicana","@id":"https:\/\/potenciaradiofonicadominicana.com\/portal\/#\/schema\/person\/a5cf1fea13877803ee0573ac18b03490"},"headline":"Metros de Santiago apuestan al juego interior con dos refuerzos importados","datePublished":"2026-04-07T01:32:23+00:00","mainEntityOfPage":{"@id":"https:\/\/potenciaradiofonicadominicana.com\/portal\/metros-de-santiago-apuestan-al-juego-interior-con-dos-refuerzos-importados\/"},"wordCount":222,"publisher":{"@id":"https:\/\/potenciaradiofonicadominicana.com\/portal\/#organization"},"image":{"@id":"https:\/\/potenciaradiofonicadominicana.com\/portal\/metros-de-santiago-apuestan-al-juego-interior-con-dos-refuerzos-importados\/#primaryimage"},"thumbnailUrl":"https:\/\/potenciaradiofonicadominicana.com\/portal\/wp-content\/uploads\/2026\/04\/WhatsApp-Image-2026-04-06-at-8.27.09-PM-1.jpeg","articleSection":["Deportes"],"inLanguage":"es"},{"@type":"WebPage","@id":"https:\/\/potenciaradiofonicadominicana.com\/portal\/metros-de-santiago-apuestan-al-juego-interior-con-dos-refuerzos-importados\/","url":"https:\/\/potenciaradiofonicadominicana.com\/portal\/metros-de-santiago-apuestan-al-juego-interior-con-dos-refuerzos-importados\/","name":"Metros de Santiago apuestan al juego interior con dos refuerzos importados - PotenciaRadiofonicaDominicana.com","isPartOf":{"@id":"https:\/\/potenciaradiofonicadominicana.com\/portal\/#website"},"primaryImageOfPage":{"@id":"https:\/\/potenciaradiofonicadominicana.com\/portal\/metros-de-santiago-apuestan-al-juego-interior-con-dos-refuerzos-importados\/#primaryimage"},"image":{"@id":"https:\/\/potenciaradiofonicadominicana.com\/portal\/metros-de-santiago-apuestan-al-juego-interior-con-dos-refuerzos-importados\/#primaryimage"},"thumbnailUrl":"https:\/\/potenciaradiofonicadominicana.com\/portal\/wp-content\/uploads\/2026\/04\/WhatsApp-Image-2026-04-06-at-8.27.09-PM-1.jpeg","datePublished":"2026-04-07T01:32:23+00:00","breadcrumb":{"@id":"https:\/\/potenciaradiofonicadominicana.com\/portal\/metros-de-santiago-apuestan-al-juego-interior-con-dos-refuerzos-importados\/#breadcrumb"},"inLanguage":"es","potentialAction":[{"@type":"ReadAction","target":["https:\/\/potenciaradiofonicadominicana.com\/portal\/metros-de-santiago-apuestan-al-juego-interior-con-dos-refuerzos-importados\/"]}]},{"@type":"ImageObject","inLanguage":"es","@id":"https:\/\/potenciaradiofonicadominicana.com\/portal\/metros-de-santiago-apuestan-al-juego-interior-con-dos-refuerzos-importados\/#primaryimage","url":"https:\/\/potenciaradiofonicadominicana.com\/portal\/wp-content\/uploads\/2026\/04\/WhatsApp-Image-2026-04-06-at-8.27.09-PM-1.jpeg","contentUrl":"https:\/\/potenciaradiofonicadominicana.com\/portal\/wp-content\/uploads\/2026\/04\/WhatsApp-Image-2026-04-06-at-8.27.09-PM-1.jpeg","width":1080,"height":561},{"@type":"BreadcrumbList","@id":"https:\/\/potenciaradiofonicadominicana.com\/portal\/metros-de-santiago-apuestan-al-juego-interior-con-dos-refuerzos-importados\/#breadcrumb","itemListElement":[{"@type":"ListItem","position":1,"name":"Portada","item":"https:\/\/potenciaradiofonicadominicana.com\/portal\/"},{"@type":"ListItem","position":2,"name":"Metros de Santiago apuestan al juego interior con dos refuerzos importados"}]},{"@type":"WebSite","@id":"https:\/\/potenciaradiofonicadominicana.com\/portal\/#website","url":"https:\/\/potenciaradiofonicadominicana.com\/portal\/","name":"PotenciaRadiofonicaDominicana.com","description":"Peri\u00f3dico Digital","publisher":{"@id":"https:\/\/potenciaradiofonicadominicana.com\/portal\/#organization"},"potentialAction":[{"@type":"SearchAction","target":{"@type":"EntryPoint","urlTemplate":"https:\/\/potenciaradiofonicadominicana.com\/portal\/?s={search_term_string}"},"query-input":{"@type":"PropertyValueSpecification","valueRequired":true,"valueName":"search_term_string"}}],"inLanguage":"es"},{"@type":"Organization","@id":"https:\/\/potenciaradiofonicadominicana.com\/portal\/#organization","name":"PotenciaRadiofonicaDominicana.com","url":"https:\/\/potenciaradiofonicadominicana.com\/portal\/","logo":{"@type":"ImageObject","inLanguage":"es","@id":"https:\/\/potenciaradiofonicadominicana.com\/portal\/#\/schema\/logo\/image\/","url":"https:\/\/potenciaradiofonicadominicana.com\/portal\/wp-content\/uploads\/2022\/01\/descarga.png","contentUrl":"https:\/\/potenciaradiofonicadominicana.com\/portal\/wp-content\/uploads\/2022\/01\/descarga.png","width":300,"height":100,"caption":"PotenciaRadiofonicaDominicana.com"},"image":{"@id":"https:\/\/potenciaradiofonicadominicana.com\/portal\/#\/schema\/logo\/image\/"},"sameAs":["https:\/\/web.facebook.com\/PotenciaRadiofonicaD"]},{"@type":"Person","@id":"https:\/\/potenciaradiofonicadominicana.com\/portal\/#\/schema\/person\/a5cf1fea13877803ee0573ac18b03490","name":"Potencia Radiof\u00f3nica Dominicana","image":{"@type":"ImageObject","inLanguage":"es","@id":"https:\/\/potenciaradiofonicadominicana.com\/portal\/#\/schema\/person\/image\/","url":"https:\/\/secure.gravatar.com\/avatar\/42a55ab9e8ccc656ba34cd791990602a?s=96&d=mm&r=g","contentUrl":"https:\/\/secure.gravatar.com\/avatar\/42a55ab9e8ccc656ba34cd791990602a?s=96&d=mm&r=g","caption":"Potencia Radiof\u00f3nica Dominicana"},"url":"https:\/\/potenciaradiofonicadominicana.com\/portal\/author\/johannyalmanzar\/"}]}},"_links":{"self":[{"href":"https:\/\/potenciaradiofonicadominicana.com\/portal\/wp-json\/wp\/v2\/posts\/214391","targetHints":{"allow":["GET"]}}],"collection":[{"href":"https:\/\/potenciaradiofonicadominicana.com\/portal\/wp-json\/wp\/v2\/posts"}],"about":[{"href":"https:\/\/potenciaradiofonicadominicana.com\/portal\/wp-json\/wp\/v2\/types\/post"}],"author":[{"embeddable":true,"href":"https:\/\/potenciaradiofonicadominicana.com\/portal\/wp-json\/wp\/v2\/users\/2"}],"replies":[{"embeddable":true,"href":"https:\/\/potenciaradiofonicadominicana.com\/portal\/wp-json\/wp\/v2\/comments?post=214391"}],"version-history":[{"count":1,"href":"https:\/\/potenciaradiofonicadominicana.com\/portal\/wp-json\/wp\/v2\/posts\/214391\/revisions"}],"predecessor-version":[{"id":214393,"href":"https:\/\/potenciaradiofonicadominicana.com\/portal\/wp-json\/wp\/v2\/posts\/214391\/revisions\/214393"}],"wp:featuredmedia":[{"embeddable":true,"href":"https:\/\/potenciaradiofonicadominicana.com\/portal\/wp-json\/wp\/v2\/media\/214392"}],"wp:attachment":[{"href":"https:\/\/potenciaradiofonicadominicana.com\/portal\/wp-json\/wp\/v2\/media?parent=214391"}],"wp:term":[{"taxonomy":"category","embeddable":true,"href":"https:\/\/potenciaradiofonicadominicana.com\/portal\/wp-json\/wp\/v2\/categories?post=214391"},{"taxonomy":"post_tag","embeddable":true,"href":"https:\/\/potenciaradiofonicadominicana.com\/portal\/wp-json\/wp\/v2\/tags?post=214391"}],"curies":[{"name":"wp","href":"https:\/\/api.w.org\/{rel}","templated":true}]}}