{"id":214251,"date":"2026-04-05T19:49:48","date_gmt":"2026-04-05T23:49:48","guid":{"rendered":"https:\/\/potenciaradiofonicadominicana.com\/portal\/?p=214251"},"modified":"2026-04-05T19:49:48","modified_gmt":"2026-04-05T23:49:48","slug":"ministra-de-la-mujer-destaca-impacto-del-acceso-al-credito-femenino-en-foro-mujeres-en-la-banca","status":"publish","type":"post","link":"https:\/\/potenciaradiofonicadominicana.com\/portal\/ministra-de-la-mujer-destaca-impacto-del-acceso-al-credito-femenino-en-foro-mujeres-en-la-banca\/","title":{"rendered":"Ministra de la Mujer destaca impacto del acceso al cr\u00e9dito femenino en foro Mujeres en la Banca"},"content":{"rendered":"<p><a href=\"https:\/\/potenciaradiofonicadominicana.com\/portal\/wp-content\/uploads\/2026\/04\/WhatsApp-Image-2026-04-01-at-9.05.20-AM-1296x700-1.jpeg\"><img loading=\"lazy\" decoding=\"async\" class=\"alignnone size-full wp-image-214252\" src=\"https:\/\/potenciaradiofonicadominicana.com\/portal\/wp-content\/uploads\/2026\/04\/WhatsApp-Image-2026-04-01-at-9.05.20-AM-1296x700-1.jpeg\" alt=\"\" width=\"1296\" height=\"700\" srcset=\"https:\/\/potenciaradiofonicadominicana.com\/portal\/wp-content\/uploads\/2026\/04\/WhatsApp-Image-2026-04-01-at-9.05.20-AM-1296x700-1.jpeg 1296w, https:\/\/potenciaradiofonicadominicana.com\/portal\/wp-content\/uploads\/2026\/04\/WhatsApp-Image-2026-04-01-at-9.05.20-AM-1296x700-1-300x162.jpeg 300w, https:\/\/potenciaradiofonicadominicana.com\/portal\/wp-content\/uploads\/2026\/04\/WhatsApp-Image-2026-04-01-at-9.05.20-AM-1296x700-1-1024x553.jpeg 1024w, https:\/\/potenciaradiofonicadominicana.com\/portal\/wp-content\/uploads\/2026\/04\/WhatsApp-Image-2026-04-01-at-9.05.20-AM-1296x700-1-768x415.jpeg 768w\" sizes=\"auto, (max-width: 1296px) 100vw, 1296px\" \/><\/a><\/p>\n<p>SANTIAGO.- El acceso al financiamiento femenino y su impacto en el crecimiento econ\u00f3mico dominicano fueron el tema central del segundo foro Mujeres en la Banca, celebrado en el Centro Cultural Eduardo Le\u00f3n Jimenes, en Santiago, donde la ministra de la Mujer, Gloria Reyes, resalt\u00f3 la importancia de empoderar econ\u00f3micamente a las mujeres.<\/p>\n<p>Seg\u00fan Reyes, un aumento del 1% en el cr\u00e9dito para mujeres puede generar un crecimiento del 0.24% en la actividad econ\u00f3mica.<\/p>\n<p>La actividad, organizada por Mujeres de Peso, en colaboraci\u00f3n con la agencia Sonr\u00edete y Grisbel Medina, reuni\u00f3 a m\u00e1s de 200 representantes del sector financiero, cooperativo y p\u00fablico.<\/p>\n<p>&nbsp;<\/p>\n<p>Agueda Solano, Patria Reyes, Gloria Reyes, Lilian Tejeda, Grisbel Medina. (Foto: Mujeres De Peso)<br \/>\nDe acuerdo a una nota de prensa, el foro busc\u00f3 visibilizar el impacto humano detr\u00e1s del crecimiento del sector financiero.<\/p>\n<p>En el foro, Reyes enfatiz\u00f3 que el desaf\u00edo actual es garantizar que las mujeres puedan escalar dentro del sistema financiero y acceder a puestos de toma de decisiones. \u00abHoy no hablamos de cifras, hablamos de historias, de esfuerzo y de mujeres que han contribuido a construir una banca m\u00e1s humana, innovadora y resiliente\u00bb, expres\u00f3 la ministra.<\/p>\n<p>Durante el evento, se desarrollaron dos paneles clave. El primero, \u00abEl rostro femenino en el crecimiento de la banca y la transformaci\u00f3n financiera\u00bb, cont\u00f3 con la participaci\u00f3n de Yara Hern\u00e1ndez (Asociaci\u00f3n Cibao), Yesenia Caba (Banco Ademi) y Oliana N\u00fa\u00f1ez (Banco Popular), quienes analizaron el impacto del liderazgo femenino en la toma de decisiones. El segundo panel, \u00abM\u00e1s all\u00e1 de la inclusi\u00f3n: el poder de las finanzas solidarias\u00bb, cont\u00f3 con Mercedes Canalda de Beras-Goico (Banco Adopem), Adriana Fondeur (Banfondesa), Yenni Beato (Cooperativa La Altagracia) y Tamara V\u00e1squez (Promipyme), quienes exploraron c\u00f3mo los modelos de finanzas solidarias ampl\u00edan el acceso al cr\u00e9dito para mujeres tradicionalmente excluidas.<\/p>\n<p>&nbsp;<\/p>\n<p>Se destac\u00f3 que las finanzas solidarias no solo facilitan el acceso a servicios financieros, sino que generan oportunidades de crecimiento econ\u00f3mico con impacto social.<\/p>\n<p>El foro Mujeres en la Banca fue patrocinado por el Banco Popular y cont\u00f3 con el apoyo de la Superintendencia de Bancos, la Asociaci\u00f3n Cibao, Banfondesa, Alaver, Promipyme, el Banco Santa Cruz, el Centro Le\u00f3n, Nazuka Bath and Body, Camacaro, Fin\u00edsima, Baldom, \u00c1ngulo Creativo, Caf\u00e9 Monte Real y Cut Point Makeup Sal\u00f3n.<\/p>\n<p>Mujeres de Peso es un espacio televisivo creado en 2019 por las periodistas Patria Reyes, Lilian Tejeda y \u00c1gueda Solano, dedicado a visibilizar el rol estrat\u00e9gico de la mujer en la econom\u00eda dominicana.<\/p>\n","protected":false},"excerpt":{"rendered":"<p>SANTIAGO.- El acceso al financiamiento femenino y su impacto en el crecimiento econ\u00f3mico dominicano fueron el tema central del segundo &#8230;<\/p>\n","protected":false},"author":2,"featured_media":214252,"comment_status":"closed","ping_status":"closed","sticky":false,"template":"","format":"standard","meta":{"footnotes":""},"categories":[26],"tags":[],"class_list":["post-214251","post","type-post","status-publish","format-standard","has-post-thumbnail","hentry","category-economia"],"yoast_head":"<!-- This site is optimized with the Yoast SEO plugin v24.8.1 - https:\/\/yoast.com\/wordpress\/plugins\/seo\/ -->\n<title>Ministra de la Mujer destaca impacto del acceso al cr\u00e9dito femenino en foro Mujeres en la Banca - PotenciaRadiofonicaDominicana.com<\/title>\n<meta name=\"robots\" content=\"index, follow, max-snippet:-1, max-image-preview:large, max-video-preview:-1\" \/>\n<link rel=\"canonical\" href=\"https:\/\/potenciaradiofonicadominicana.com\/portal\/ministra-de-la-mujer-destaca-impacto-del-acceso-al-credito-femenino-en-foro-mujeres-en-la-banca\/\" \/>\n<meta property=\"og:locale\" content=\"es_ES\" \/>\n<meta property=\"og:type\" content=\"article\" \/>\n<meta property=\"og:title\" content=\"Ministra de la Mujer destaca impacto del acceso al cr\u00e9dito femenino en foro Mujeres en la Banca - PotenciaRadiofonicaDominicana.com\" \/>\n<meta property=\"og:description\" content=\"SANTIAGO.- El acceso al financiamiento femenino y su impacto en el crecimiento econ\u00f3mico dominicano fueron el tema central del segundo ...\" \/>\n<meta property=\"og:url\" content=\"https:\/\/potenciaradiofonicadominicana.com\/portal\/ministra-de-la-mujer-destaca-impacto-del-acceso-al-credito-femenino-en-foro-mujeres-en-la-banca\/\" \/>\n<meta property=\"og:site_name\" content=\"PotenciaRadiofonicaDominicana.com\" \/>\n<meta property=\"article:publisher\" content=\"https:\/\/web.facebook.com\/PotenciaRadiofonicaD\" \/>\n<meta property=\"article:published_time\" content=\"2026-04-05T23:49:48+00:00\" \/>\n<meta property=\"og:image\" content=\"https:\/\/potenciaradiofonicadominicana.com\/portal\/wp-content\/uploads\/2026\/04\/WhatsApp-Image-2026-04-01-at-9.05.20-AM-1296x700-1.jpeg\" \/>\n\t<meta property=\"og:image:width\" content=\"1296\" \/>\n\t<meta property=\"og:image:height\" content=\"700\" \/>\n\t<meta property=\"og:image:type\" content=\"image\/jpeg\" \/>\n<meta name=\"author\" content=\"Potencia Radiof\u00f3nica Dominicana\" \/>\n<meta name=\"twitter:card\" content=\"summary_large_image\" \/>\n<meta name=\"twitter:label1\" content=\"Escrito por\" \/>\n\t<meta name=\"twitter:data1\" content=\"Potencia Radiof\u00f3nica Dominicana\" \/>\n\t<meta name=\"twitter:label2\" content=\"Tiempo de lectura\" \/>\n\t<meta name=\"twitter:data2\" content=\"3 minutos\" \/>\n<script type=\"application\/ld+json\" class=\"yoast-schema-graph\">{\"@context\":\"https:\/\/schema.org\",\"@graph\":[{\"@type\":\"Article\",\"@id\":\"https:\/\/potenciaradiofonicadominicana.com\/portal\/ministra-de-la-mujer-destaca-impacto-del-acceso-al-credito-femenino-en-foro-mujeres-en-la-banca\/#article\",\"isPartOf\":{\"@id\":\"https:\/\/potenciaradiofonicadominicana.com\/portal\/ministra-de-la-mujer-destaca-impacto-del-acceso-al-credito-femenino-en-foro-mujeres-en-la-banca\/\"},\"author\":{\"name\":\"Potencia Radiof\u00f3nica Dominicana\",\"@id\":\"https:\/\/potenciaradiofonicadominicana.com\/portal\/#\/schema\/person\/a5cf1fea13877803ee0573ac18b03490\"},\"headline\":\"Ministra de la Mujer destaca impacto del acceso al cr\u00e9dito femenino en foro Mujeres en la Banca\",\"datePublished\":\"2026-04-05T23:49:48+00:00\",\"mainEntityOfPage\":{\"@id\":\"https:\/\/potenciaradiofonicadominicana.com\/portal\/ministra-de-la-mujer-destaca-impacto-del-acceso-al-credito-femenino-en-foro-mujeres-en-la-banca\/\"},\"wordCount\":452,\"publisher\":{\"@id\":\"https:\/\/potenciaradiofonicadominicana.com\/portal\/#organization\"},\"image\":{\"@id\":\"https:\/\/potenciaradiofonicadominicana.com\/portal\/ministra-de-la-mujer-destaca-impacto-del-acceso-al-credito-femenino-en-foro-mujeres-en-la-banca\/#primaryimage\"},\"thumbnailUrl\":\"https:\/\/potenciaradiofonicadominicana.com\/portal\/wp-content\/uploads\/2026\/04\/WhatsApp-Image-2026-04-01-at-9.05.20-AM-1296x700-1.jpeg\",\"articleSection\":[\"Econom\u00eda\"],\"inLanguage\":\"es\"},{\"@type\":\"WebPage\",\"@id\":\"https:\/\/potenciaradiofonicadominicana.com\/portal\/ministra-de-la-mujer-destaca-impacto-del-acceso-al-credito-femenino-en-foro-mujeres-en-la-banca\/\",\"url\":\"https:\/\/potenciaradiofonicadominicana.com\/portal\/ministra-de-la-mujer-destaca-impacto-del-acceso-al-credito-femenino-en-foro-mujeres-en-la-banca\/\",\"name\":\"Ministra de la Mujer destaca impacto del acceso al cr\u00e9dito femenino en foro Mujeres en la Banca - PotenciaRadiofonicaDominicana.com\",\"isPartOf\":{\"@id\":\"https:\/\/potenciaradiofonicadominicana.com\/portal\/#website\"},\"primaryImageOfPage\":{\"@id\":\"https:\/\/potenciaradiofonicadominicana.com\/portal\/ministra-de-la-mujer-destaca-impacto-del-acceso-al-credito-femenino-en-foro-mujeres-en-la-banca\/#primaryimage\"},\"image\":{\"@id\":\"https:\/\/potenciaradiofonicadominicana.com\/portal\/ministra-de-la-mujer-destaca-impacto-del-acceso-al-credito-femenino-en-foro-mujeres-en-la-banca\/#primaryimage\"},\"thumbnailUrl\":\"https:\/\/potenciaradiofonicadominicana.com\/portal\/wp-content\/uploads\/2026\/04\/WhatsApp-Image-2026-04-01-at-9.05.20-AM-1296x700-1.jpeg\",\"datePublished\":\"2026-04-05T23:49:48+00:00\",\"breadcrumb\":{\"@id\":\"https:\/\/potenciaradiofonicadominicana.com\/portal\/ministra-de-la-mujer-destaca-impacto-del-acceso-al-credito-femenino-en-foro-mujeres-en-la-banca\/#breadcrumb\"},\"inLanguage\":\"es\",\"potentialAction\":[{\"@type\":\"ReadAction\",\"target\":[\"https:\/\/potenciaradiofonicadominicana.com\/portal\/ministra-de-la-mujer-destaca-impacto-del-acceso-al-credito-femenino-en-foro-mujeres-en-la-banca\/\"]}]},{\"@type\":\"ImageObject\",\"inLanguage\":\"es\",\"@id\":\"https:\/\/potenciaradiofonicadominicana.com\/portal\/ministra-de-la-mujer-destaca-impacto-del-acceso-al-credito-femenino-en-foro-mujeres-en-la-banca\/#primaryimage\",\"url\":\"https:\/\/potenciaradiofonicadominicana.com\/portal\/wp-content\/uploads\/2026\/04\/WhatsApp-Image-2026-04-01-at-9.05.20-AM-1296x700-1.jpeg\",\"contentUrl\":\"https:\/\/potenciaradiofonicadominicana.com\/portal\/wp-content\/uploads\/2026\/04\/WhatsApp-Image-2026-04-01-at-9.05.20-AM-1296x700-1.jpeg\",\"width\":1296,\"height\":700},{\"@type\":\"BreadcrumbList\",\"@id\":\"https:\/\/potenciaradiofonicadominicana.com\/portal\/ministra-de-la-mujer-destaca-impacto-del-acceso-al-credito-femenino-en-foro-mujeres-en-la-banca\/#breadcrumb\",\"itemListElement\":[{\"@type\":\"ListItem\",\"position\":1,\"name\":\"Portada\",\"item\":\"https:\/\/potenciaradiofonicadominicana.com\/portal\/\"},{\"@type\":\"ListItem\",\"position\":2,\"name\":\"Ministra de la Mujer destaca impacto del acceso al cr\u00e9dito femenino en foro Mujeres en la Banca\"}]},{\"@type\":\"WebSite\",\"@id\":\"https:\/\/potenciaradiofonicadominicana.com\/portal\/#website\",\"url\":\"https:\/\/potenciaradiofonicadominicana.com\/portal\/\",\"name\":\"PotenciaRadiofonicaDominicana.com\",\"description\":\"Peri\u00f3dico Digital\",\"publisher\":{\"@id\":\"https:\/\/potenciaradiofonicadominicana.com\/portal\/#organization\"},\"potentialAction\":[{\"@type\":\"SearchAction\",\"target\":{\"@type\":\"EntryPoint\",\"urlTemplate\":\"https:\/\/potenciaradiofonicadominicana.com\/portal\/?s={search_term_string}\"},\"query-input\":{\"@type\":\"PropertyValueSpecification\",\"valueRequired\":true,\"valueName\":\"search_term_string\"}}],\"inLanguage\":\"es\"},{\"@type\":\"Organization\",\"@id\":\"https:\/\/potenciaradiofonicadominicana.com\/portal\/#organization\",\"name\":\"PotenciaRadiofonicaDominicana.com\",\"url\":\"https:\/\/potenciaradiofonicadominicana.com\/portal\/\",\"logo\":{\"@type\":\"ImageObject\",\"inLanguage\":\"es\",\"@id\":\"https:\/\/potenciaradiofonicadominicana.com\/portal\/#\/schema\/logo\/image\/\",\"url\":\"https:\/\/potenciaradiofonicadominicana.com\/portal\/wp-content\/uploads\/2022\/01\/descarga.png\",\"contentUrl\":\"https:\/\/potenciaradiofonicadominicana.com\/portal\/wp-content\/uploads\/2022\/01\/descarga.png\",\"width\":300,\"height\":100,\"caption\":\"PotenciaRadiofonicaDominicana.com\"},\"image\":{\"@id\":\"https:\/\/potenciaradiofonicadominicana.com\/portal\/#\/schema\/logo\/image\/\"},\"sameAs\":[\"https:\/\/web.facebook.com\/PotenciaRadiofonicaD\"]},{\"@type\":\"Person\",\"@id\":\"https:\/\/potenciaradiofonicadominicana.com\/portal\/#\/schema\/person\/a5cf1fea13877803ee0573ac18b03490\",\"name\":\"Potencia Radiof\u00f3nica Dominicana\",\"image\":{\"@type\":\"ImageObject\",\"inLanguage\":\"es\",\"@id\":\"https:\/\/potenciaradiofonicadominicana.com\/portal\/#\/schema\/person\/image\/\",\"url\":\"https:\/\/secure.gravatar.com\/avatar\/42a55ab9e8ccc656ba34cd791990602a?s=96&d=mm&r=g\",\"contentUrl\":\"https:\/\/secure.gravatar.com\/avatar\/42a55ab9e8ccc656ba34cd791990602a?s=96&d=mm&r=g\",\"caption\":\"Potencia Radiof\u00f3nica Dominicana\"},\"url\":\"https:\/\/potenciaradiofonicadominicana.com\/portal\/author\/johannyalmanzar\/\"}]}<\/script>\n<!-- \/ Yoast SEO plugin. -->","yoast_head_json":{"title":"Ministra de la Mujer destaca impacto del acceso al cr\u00e9dito femenino en foro Mujeres en la Banca - PotenciaRadiofonicaDominicana.com","robots":{"index":"index","follow":"follow","max-snippet":"max-snippet:-1","max-image-preview":"max-image-preview:large","max-video-preview":"max-video-preview:-1"},"canonical":"https:\/\/potenciaradiofonicadominicana.com\/portal\/ministra-de-la-mujer-destaca-impacto-del-acceso-al-credito-femenino-en-foro-mujeres-en-la-banca\/","og_locale":"es_ES","og_type":"article","og_title":"Ministra de la Mujer destaca impacto del acceso al cr\u00e9dito femenino en foro Mujeres en la Banca - PotenciaRadiofonicaDominicana.com","og_description":"SANTIAGO.- El acceso al financiamiento femenino y su impacto en el crecimiento econ\u00f3mico dominicano fueron el tema central del segundo ...","og_url":"https:\/\/potenciaradiofonicadominicana.com\/portal\/ministra-de-la-mujer-destaca-impacto-del-acceso-al-credito-femenino-en-foro-mujeres-en-la-banca\/","og_site_name":"PotenciaRadiofonicaDominicana.com","article_publisher":"https:\/\/web.facebook.com\/PotenciaRadiofonicaD","article_published_time":"2026-04-05T23:49:48+00:00","og_image":[{"width":1296,"height":700,"url":"https:\/\/potenciaradiofonicadominicana.com\/portal\/wp-content\/uploads\/2026\/04\/WhatsApp-Image-2026-04-01-at-9.05.20-AM-1296x700-1.jpeg","type":"image\/jpeg"}],"author":"Potencia Radiof\u00f3nica Dominicana","twitter_card":"summary_large_image","twitter_misc":{"Escrito por":"Potencia Radiof\u00f3nica Dominicana","Tiempo de lectura":"3 minutos"},"schema":{"@context":"https:\/\/schema.org","@graph":[{"@type":"Article","@id":"https:\/\/potenciaradiofonicadominicana.com\/portal\/ministra-de-la-mujer-destaca-impacto-del-acceso-al-credito-femenino-en-foro-mujeres-en-la-banca\/#article","isPartOf":{"@id":"https:\/\/potenciaradiofonicadominicana.com\/portal\/ministra-de-la-mujer-destaca-impacto-del-acceso-al-credito-femenino-en-foro-mujeres-en-la-banca\/"},"author":{"name":"Potencia Radiof\u00f3nica Dominicana","@id":"https:\/\/potenciaradiofonicadominicana.com\/portal\/#\/schema\/person\/a5cf1fea13877803ee0573ac18b03490"},"headline":"Ministra de la Mujer destaca impacto del acceso al cr\u00e9dito femenino en foro Mujeres en la Banca","datePublished":"2026-04-05T23:49:48+00:00","mainEntityOfPage":{"@id":"https:\/\/potenciaradiofonicadominicana.com\/portal\/ministra-de-la-mujer-destaca-impacto-del-acceso-al-credito-femenino-en-foro-mujeres-en-la-banca\/"},"wordCount":452,"publisher":{"@id":"https:\/\/potenciaradiofonicadominicana.com\/portal\/#organization"},"image":{"@id":"https:\/\/potenciaradiofonicadominicana.com\/portal\/ministra-de-la-mujer-destaca-impacto-del-acceso-al-credito-femenino-en-foro-mujeres-en-la-banca\/#primaryimage"},"thumbnailUrl":"https:\/\/potenciaradiofonicadominicana.com\/portal\/wp-content\/uploads\/2026\/04\/WhatsApp-Image-2026-04-01-at-9.05.20-AM-1296x700-1.jpeg","articleSection":["Econom\u00eda"],"inLanguage":"es"},{"@type":"WebPage","@id":"https:\/\/potenciaradiofonicadominicana.com\/portal\/ministra-de-la-mujer-destaca-impacto-del-acceso-al-credito-femenino-en-foro-mujeres-en-la-banca\/","url":"https:\/\/potenciaradiofonicadominicana.com\/portal\/ministra-de-la-mujer-destaca-impacto-del-acceso-al-credito-femenino-en-foro-mujeres-en-la-banca\/","name":"Ministra de la Mujer destaca impacto del acceso al cr\u00e9dito femenino en foro Mujeres en la Banca - PotenciaRadiofonicaDominicana.com","isPartOf":{"@id":"https:\/\/potenciaradiofonicadominicana.com\/portal\/#website"},"primaryImageOfPage":{"@id":"https:\/\/potenciaradiofonicadominicana.com\/portal\/ministra-de-la-mujer-destaca-impacto-del-acceso-al-credito-femenino-en-foro-mujeres-en-la-banca\/#primaryimage"},"image":{"@id":"https:\/\/potenciaradiofonicadominicana.com\/portal\/ministra-de-la-mujer-destaca-impacto-del-acceso-al-credito-femenino-en-foro-mujeres-en-la-banca\/#primaryimage"},"thumbnailUrl":"https:\/\/potenciaradiofonicadominicana.com\/portal\/wp-content\/uploads\/2026\/04\/WhatsApp-Image-2026-04-01-at-9.05.20-AM-1296x700-1.jpeg","datePublished":"2026-04-05T23:49:48+00:00","breadcrumb":{"@id":"https:\/\/potenciaradiofonicadominicana.com\/portal\/ministra-de-la-mujer-destaca-impacto-del-acceso-al-credito-femenino-en-foro-mujeres-en-la-banca\/#breadcrumb"},"inLanguage":"es","potentialAction":[{"@type":"ReadAction","target":["https:\/\/potenciaradiofonicadominicana.com\/portal\/ministra-de-la-mujer-destaca-impacto-del-acceso-al-credito-femenino-en-foro-mujeres-en-la-banca\/"]}]},{"@type":"ImageObject","inLanguage":"es","@id":"https:\/\/potenciaradiofonicadominicana.com\/portal\/ministra-de-la-mujer-destaca-impacto-del-acceso-al-credito-femenino-en-foro-mujeres-en-la-banca\/#primaryimage","url":"https:\/\/potenciaradiofonicadominicana.com\/portal\/wp-content\/uploads\/2026\/04\/WhatsApp-Image-2026-04-01-at-9.05.20-AM-1296x700-1.jpeg","contentUrl":"https:\/\/potenciaradiofonicadominicana.com\/portal\/wp-content\/uploads\/2026\/04\/WhatsApp-Image-2026-04-01-at-9.05.20-AM-1296x700-1.jpeg","width":1296,"height":700},{"@type":"BreadcrumbList","@id":"https:\/\/potenciaradiofonicadominicana.com\/portal\/ministra-de-la-mujer-destaca-impacto-del-acceso-al-credito-femenino-en-foro-mujeres-en-la-banca\/#breadcrumb","itemListElement":[{"@type":"ListItem","position":1,"name":"Portada","item":"https:\/\/potenciaradiofonicadominicana.com\/portal\/"},{"@type":"ListItem","position":2,"name":"Ministra de la Mujer destaca impacto del acceso al cr\u00e9dito femenino en foro Mujeres en la Banca"}]},{"@type":"WebSite","@id":"https:\/\/potenciaradiofonicadominicana.com\/portal\/#website","url":"https:\/\/potenciaradiofonicadominicana.com\/portal\/","name":"PotenciaRadiofonicaDominicana.com","description":"Peri\u00f3dico Digital","publisher":{"@id":"https:\/\/potenciaradiofonicadominicana.com\/portal\/#organization"},"potentialAction":[{"@type":"SearchAction","target":{"@type":"EntryPoint","urlTemplate":"https:\/\/potenciaradiofonicadominicana.com\/portal\/?s={search_term_string}"},"query-input":{"@type":"PropertyValueSpecification","valueRequired":true,"valueName":"search_term_string"}}],"inLanguage":"es"},{"@type":"Organization","@id":"https:\/\/potenciaradiofonicadominicana.com\/portal\/#organization","name":"PotenciaRadiofonicaDominicana.com","url":"https:\/\/potenciaradiofonicadominicana.com\/portal\/","logo":{"@type":"ImageObject","inLanguage":"es","@id":"https:\/\/potenciaradiofonicadominicana.com\/portal\/#\/schema\/logo\/image\/","url":"https:\/\/potenciaradiofonicadominicana.com\/portal\/wp-content\/uploads\/2022\/01\/descarga.png","contentUrl":"https:\/\/potenciaradiofonicadominicana.com\/portal\/wp-content\/uploads\/2022\/01\/descarga.png","width":300,"height":100,"caption":"PotenciaRadiofonicaDominicana.com"},"image":{"@id":"https:\/\/potenciaradiofonicadominicana.com\/portal\/#\/schema\/logo\/image\/"},"sameAs":["https:\/\/web.facebook.com\/PotenciaRadiofonicaD"]},{"@type":"Person","@id":"https:\/\/potenciaradiofonicadominicana.com\/portal\/#\/schema\/person\/a5cf1fea13877803ee0573ac18b03490","name":"Potencia Radiof\u00f3nica Dominicana","image":{"@type":"ImageObject","inLanguage":"es","@id":"https:\/\/potenciaradiofonicadominicana.com\/portal\/#\/schema\/person\/image\/","url":"https:\/\/secure.gravatar.com\/avatar\/42a55ab9e8ccc656ba34cd791990602a?s=96&d=mm&r=g","contentUrl":"https:\/\/secure.gravatar.com\/avatar\/42a55ab9e8ccc656ba34cd791990602a?s=96&d=mm&r=g","caption":"Potencia Radiof\u00f3nica Dominicana"},"url":"https:\/\/potenciaradiofonicadominicana.com\/portal\/author\/johannyalmanzar\/"}]}},"_links":{"self":[{"href":"https:\/\/potenciaradiofonicadominicana.com\/portal\/wp-json\/wp\/v2\/posts\/214251","targetHints":{"allow":["GET"]}}],"collection":[{"href":"https:\/\/potenciaradiofonicadominicana.com\/portal\/wp-json\/wp\/v2\/posts"}],"about":[{"href":"https:\/\/potenciaradiofonicadominicana.com\/portal\/wp-json\/wp\/v2\/types\/post"}],"author":[{"embeddable":true,"href":"https:\/\/potenciaradiofonicadominicana.com\/portal\/wp-json\/wp\/v2\/users\/2"}],"replies":[{"embeddable":true,"href":"https:\/\/potenciaradiofonicadominicana.com\/portal\/wp-json\/wp\/v2\/comments?post=214251"}],"version-history":[{"count":1,"href":"https:\/\/potenciaradiofonicadominicana.com\/portal\/wp-json\/wp\/v2\/posts\/214251\/revisions"}],"predecessor-version":[{"id":214253,"href":"https:\/\/potenciaradiofonicadominicana.com\/portal\/wp-json\/wp\/v2\/posts\/214251\/revisions\/214253"}],"wp:featuredmedia":[{"embeddable":true,"href":"https:\/\/potenciaradiofonicadominicana.com\/portal\/wp-json\/wp\/v2\/media\/214252"}],"wp:attachment":[{"href":"https:\/\/potenciaradiofonicadominicana.com\/portal\/wp-json\/wp\/v2\/media?parent=214251"}],"wp:term":[{"taxonomy":"category","embeddable":true,"href":"https:\/\/potenciaradiofonicadominicana.com\/portal\/wp-json\/wp\/v2\/categories?post=214251"},{"taxonomy":"post_tag","embeddable":true,"href":"https:\/\/potenciaradiofonicadominicana.com\/portal\/wp-json\/wp\/v2\/tags?post=214251"}],"curies":[{"name":"wp","href":"https:\/\/api.w.org\/{rel}","templated":true}]}}