{"id":214248,"date":"2026-04-05T19:47:47","date_gmt":"2026-04-05T23:47:47","guid":{"rendered":"https:\/\/potenciaradiofonicadominicana.com\/portal\/?p=214248"},"modified":"2026-04-05T19:47:47","modified_gmt":"2026-04-05T23:47:47","slug":"el-gobierno-iniciara-programa-para-intervenir-mas-de-240-kilometros-de-caminos-vecinales","status":"publish","type":"post","link":"https:\/\/potenciaradiofonicadominicana.com\/portal\/el-gobierno-iniciara-programa-para-intervenir-mas-de-240-kilometros-de-caminos-vecinales\/","title":{"rendered":"El Gobierno iniciar\u00e1 programa para intervenir m\u00e1s de 240 kil\u00f3metros de caminos vecinales"},"content":{"rendered":"<p><a href=\"https:\/\/potenciaradiofonicadominicana.com\/portal\/wp-content\/uploads\/2026\/04\/WhatsApp-Image-2026-04-05-at-11.38.50-AM.jpg\"><img loading=\"lazy\" decoding=\"async\" class=\"alignnone size-full wp-image-214249\" src=\"https:\/\/potenciaradiofonicadominicana.com\/portal\/wp-content\/uploads\/2026\/04\/WhatsApp-Image-2026-04-05-at-11.38.50-AM.jpg\" alt=\"\" width=\"829\" height=\"592\" srcset=\"https:\/\/potenciaradiofonicadominicana.com\/portal\/wp-content\/uploads\/2026\/04\/WhatsApp-Image-2026-04-05-at-11.38.50-AM.jpg 829w, https:\/\/potenciaradiofonicadominicana.com\/portal\/wp-content\/uploads\/2026\/04\/WhatsApp-Image-2026-04-05-at-11.38.50-AM-300x214.jpg 300w, https:\/\/potenciaradiofonicadominicana.com\/portal\/wp-content\/uploads\/2026\/04\/WhatsApp-Image-2026-04-05-at-11.38.50-AM-768x548.jpg 768w\" sizes=\"auto, (max-width: 829px) 100vw, 829px\" \/><\/a><\/p>\n<p>El Gobierno iniciar\u00e1 esta semana un amplio programa de habilitaci\u00f3n de caminos interparcelarios que abarcar\u00e1 m\u00e1s de 240 kil\u00f3metros a nivel nacional, con el objetivo de facilitar la salida de los productos del campo, reducir costos log\u00edsticos y fortalecer la competitividad del sector agropecuario.<\/p>\n<p>El anuncio se produce una semana despu\u00e9s de que Agricultura desmintiera que su titular, Francisco Oliverio Espaillat Bencosme, intentara autorizar la contrataci\u00f3n de servicios para ejecutar caminos vecinales sin licitaci\u00f3n, como establece la Ley 47-25 de Contrataciones P\u00fablicas.<\/p>\n<p>Este incidente presuntamente motiv\u00f3 la renuncia del encargado de Construcci\u00f3n y Reconstrucci\u00f3n de Caminos Vecinales, Eduard Francisco Marte Estrella, seg\u00fan una carta que circul\u00f3 en redes sociales.<\/p>\n<p>La iniciativa forma parte del programa \u00abAbriendo caminos\u00bb, ejecutado por los Ministerios de Agricultura y Obras P\u00fablicas y Comunicaciones, junto al Instituto Nacional de Recursos Hidr\u00e1ulicos (Indhri).<\/p>\n<p>Seg\u00fan una nota de prensa, el ministro de Agricultura explic\u00f3 que esta intervenci\u00f3n contempla una primera fase de habilitaci\u00f3n de caminos mediante el uso de equipos propios en coordinaci\u00f3n con Obras P\u00fablicas, mientras se desarrollan los procesos de licitaci\u00f3n conforme a los plazos establecios por la ley 47-25.<\/p>\n<p>La primera habilitaci\u00f3n se har\u00e1 en el municipio de Villa Riva, en la provincia Duarte.<\/p>\n<p>Durante una reuni\u00f3n con su hom\u00f3logo de Obras P\u00fablicas, Espaillat Bencosme indic\u00f3 que se defini\u00f3 \u00abuna ruta cr\u00edtica\u00bb junto a los directores regionales y t\u00e9cnicos de Agricultura para priorizar las zonas con mayores necesidades dentro de las ocho regionales que conforman la instituci\u00f3n, para as\u00ed garantizar una ejecuci\u00f3n \u00abordenada y eficiente\u00bb.<\/p>\n<p>Asegur\u00f3 que el mal estado de los caminos vecinales representa \u00abun reclamo constante\u00bb de los productores agropecuarios.<\/p>\n<p>\u00abEstamos confiados en que tendremos resultados positivos porque estamos trabajando de manera articulada. Este acompa\u00f1amiento de Obras P\u00fablicas y el Indhri nos permitir\u00e1 avanzar en esta primera fase y continuar cumpliendo con el cronograma de trabajo establecido, basado en las necesidades levantadas por nuestros equipos t\u00e9cnicos\u00bb, expres\u00f3.<\/p>\n<p>El funcionario enfatiz\u00f3 el compromiso del Gobierno con la modernizaci\u00f3n del campo, la mejora de las condiciones de vida de los productores y el impulso de la agropecuaria nacional, con miras a consolidar la seguridad alimentaria y el desarrollo sostenible del sector.<\/p>\n<p>Desempe\u00f1o del sector agropecuario<br \/>\nEspaillat Bencosme destac\u00f3 que el sector agropecuario contin\u00faa siendo uno de los pilares de la econom\u00eda nacional, como lo evidencia el m\u00e1s reciente informe preliminar del Indicador Mensual de Actividad Econ\u00f3mica (IMAE), en el que la agropecuaria registr\u00f3 un crecimiento de 3.2 %, en los primeros dos meses del a\u00f1o, impulsado por el aumento en la producci\u00f3n de rubros como aguacate, pl\u00e1tano, guineo, huevos y leche, entre otros.<\/p>\n<p>Finalmente, se\u00f1al\u00f3 que estos resultados constituyen un est\u00edmulo para continuar fortaleciendo las pol\u00edticas p\u00fablicas orientadas a garantizar la seguridad alimentaria del pueblo dominicano.<\/p>\n","protected":false},"excerpt":{"rendered":"<p>El Gobierno iniciar\u00e1 esta semana un amplio programa de habilitaci\u00f3n de caminos interparcelarios que abarcar\u00e1 m\u00e1s de 240 kil\u00f3metros a &#8230;<\/p>\n","protected":false},"author":2,"featured_media":214249,"comment_status":"closed","ping_status":"closed","sticky":false,"template":"","format":"standard","meta":{"footnotes":""},"categories":[26],"tags":[],"class_list":["post-214248","post","type-post","status-publish","format-standard","has-post-thumbnail","hentry","category-economia"],"yoast_head":"<!-- This site is optimized with the Yoast SEO plugin v24.8.1 - https:\/\/yoast.com\/wordpress\/plugins\/seo\/ -->\n<title>El Gobierno iniciar\u00e1 programa para intervenir m\u00e1s de 240 kil\u00f3metros de caminos vecinales - PotenciaRadiofonicaDominicana.com<\/title>\n<meta name=\"robots\" content=\"index, follow, max-snippet:-1, max-image-preview:large, max-video-preview:-1\" \/>\n<link rel=\"canonical\" href=\"https:\/\/potenciaradiofonicadominicana.com\/portal\/el-gobierno-iniciara-programa-para-intervenir-mas-de-240-kilometros-de-caminos-vecinales\/\" \/>\n<meta property=\"og:locale\" content=\"es_ES\" \/>\n<meta property=\"og:type\" content=\"article\" \/>\n<meta property=\"og:title\" content=\"El Gobierno iniciar\u00e1 programa para intervenir m\u00e1s de 240 kil\u00f3metros de caminos vecinales - PotenciaRadiofonicaDominicana.com\" \/>\n<meta property=\"og:description\" content=\"El Gobierno iniciar\u00e1 esta semana un amplio programa de habilitaci\u00f3n de caminos interparcelarios que abarcar\u00e1 m\u00e1s de 240 kil\u00f3metros a ...\" \/>\n<meta property=\"og:url\" content=\"https:\/\/potenciaradiofonicadominicana.com\/portal\/el-gobierno-iniciara-programa-para-intervenir-mas-de-240-kilometros-de-caminos-vecinales\/\" \/>\n<meta property=\"og:site_name\" content=\"PotenciaRadiofonicaDominicana.com\" \/>\n<meta property=\"article:publisher\" content=\"https:\/\/web.facebook.com\/PotenciaRadiofonicaD\" \/>\n<meta property=\"article:published_time\" content=\"2026-04-05T23:47:47+00:00\" \/>\n<meta property=\"og:image\" content=\"https:\/\/potenciaradiofonicadominicana.com\/portal\/wp-content\/uploads\/2026\/04\/WhatsApp-Image-2026-04-05-at-11.38.50-AM.jpg\" \/>\n\t<meta property=\"og:image:width\" content=\"829\" \/>\n\t<meta property=\"og:image:height\" content=\"592\" \/>\n\t<meta property=\"og:image:type\" content=\"image\/jpeg\" \/>\n<meta name=\"author\" content=\"Potencia Radiof\u00f3nica Dominicana\" \/>\n<meta name=\"twitter:card\" content=\"summary_large_image\" \/>\n<meta name=\"twitter:label1\" content=\"Escrito por\" \/>\n\t<meta name=\"twitter:data1\" content=\"Potencia Radiof\u00f3nica Dominicana\" \/>\n\t<meta name=\"twitter:label2\" content=\"Tiempo de lectura\" \/>\n\t<meta name=\"twitter:data2\" content=\"3 minutos\" \/>\n<script type=\"application\/ld+json\" class=\"yoast-schema-graph\">{\"@context\":\"https:\/\/schema.org\",\"@graph\":[{\"@type\":\"Article\",\"@id\":\"https:\/\/potenciaradiofonicadominicana.com\/portal\/el-gobierno-iniciara-programa-para-intervenir-mas-de-240-kilometros-de-caminos-vecinales\/#article\",\"isPartOf\":{\"@id\":\"https:\/\/potenciaradiofonicadominicana.com\/portal\/el-gobierno-iniciara-programa-para-intervenir-mas-de-240-kilometros-de-caminos-vecinales\/\"},\"author\":{\"name\":\"Potencia Radiof\u00f3nica Dominicana\",\"@id\":\"https:\/\/potenciaradiofonicadominicana.com\/portal\/#\/schema\/person\/a5cf1fea13877803ee0573ac18b03490\"},\"headline\":\"El Gobierno iniciar\u00e1 programa para intervenir m\u00e1s de 240 kil\u00f3metros de caminos vecinales\",\"datePublished\":\"2026-04-05T23:47:47+00:00\",\"mainEntityOfPage\":{\"@id\":\"https:\/\/potenciaradiofonicadominicana.com\/portal\/el-gobierno-iniciara-programa-para-intervenir-mas-de-240-kilometros-de-caminos-vecinales\/\"},\"wordCount\":505,\"publisher\":{\"@id\":\"https:\/\/potenciaradiofonicadominicana.com\/portal\/#organization\"},\"image\":{\"@id\":\"https:\/\/potenciaradiofonicadominicana.com\/portal\/el-gobierno-iniciara-programa-para-intervenir-mas-de-240-kilometros-de-caminos-vecinales\/#primaryimage\"},\"thumbnailUrl\":\"https:\/\/potenciaradiofonicadominicana.com\/portal\/wp-content\/uploads\/2026\/04\/WhatsApp-Image-2026-04-05-at-11.38.50-AM.jpg\",\"articleSection\":[\"Econom\u00eda\"],\"inLanguage\":\"es\"},{\"@type\":\"WebPage\",\"@id\":\"https:\/\/potenciaradiofonicadominicana.com\/portal\/el-gobierno-iniciara-programa-para-intervenir-mas-de-240-kilometros-de-caminos-vecinales\/\",\"url\":\"https:\/\/potenciaradiofonicadominicana.com\/portal\/el-gobierno-iniciara-programa-para-intervenir-mas-de-240-kilometros-de-caminos-vecinales\/\",\"name\":\"El Gobierno iniciar\u00e1 programa para intervenir m\u00e1s de 240 kil\u00f3metros de caminos vecinales - PotenciaRadiofonicaDominicana.com\",\"isPartOf\":{\"@id\":\"https:\/\/potenciaradiofonicadominicana.com\/portal\/#website\"},\"primaryImageOfPage\":{\"@id\":\"https:\/\/potenciaradiofonicadominicana.com\/portal\/el-gobierno-iniciara-programa-para-intervenir-mas-de-240-kilometros-de-caminos-vecinales\/#primaryimage\"},\"image\":{\"@id\":\"https:\/\/potenciaradiofonicadominicana.com\/portal\/el-gobierno-iniciara-programa-para-intervenir-mas-de-240-kilometros-de-caminos-vecinales\/#primaryimage\"},\"thumbnailUrl\":\"https:\/\/potenciaradiofonicadominicana.com\/portal\/wp-content\/uploads\/2026\/04\/WhatsApp-Image-2026-04-05-at-11.38.50-AM.jpg\",\"datePublished\":\"2026-04-05T23:47:47+00:00\",\"breadcrumb\":{\"@id\":\"https:\/\/potenciaradiofonicadominicana.com\/portal\/el-gobierno-iniciara-programa-para-intervenir-mas-de-240-kilometros-de-caminos-vecinales\/#breadcrumb\"},\"inLanguage\":\"es\",\"potentialAction\":[{\"@type\":\"ReadAction\",\"target\":[\"https:\/\/potenciaradiofonicadominicana.com\/portal\/el-gobierno-iniciara-programa-para-intervenir-mas-de-240-kilometros-de-caminos-vecinales\/\"]}]},{\"@type\":\"ImageObject\",\"inLanguage\":\"es\",\"@id\":\"https:\/\/potenciaradiofonicadominicana.com\/portal\/el-gobierno-iniciara-programa-para-intervenir-mas-de-240-kilometros-de-caminos-vecinales\/#primaryimage\",\"url\":\"https:\/\/potenciaradiofonicadominicana.com\/portal\/wp-content\/uploads\/2026\/04\/WhatsApp-Image-2026-04-05-at-11.38.50-AM.jpg\",\"contentUrl\":\"https:\/\/potenciaradiofonicadominicana.com\/portal\/wp-content\/uploads\/2026\/04\/WhatsApp-Image-2026-04-05-at-11.38.50-AM.jpg\",\"width\":829,\"height\":592},{\"@type\":\"BreadcrumbList\",\"@id\":\"https:\/\/potenciaradiofonicadominicana.com\/portal\/el-gobierno-iniciara-programa-para-intervenir-mas-de-240-kilometros-de-caminos-vecinales\/#breadcrumb\",\"itemListElement\":[{\"@type\":\"ListItem\",\"position\":1,\"name\":\"Portada\",\"item\":\"https:\/\/potenciaradiofonicadominicana.com\/portal\/\"},{\"@type\":\"ListItem\",\"position\":2,\"name\":\"El Gobierno iniciar\u00e1 programa para intervenir m\u00e1s de 240 kil\u00f3metros de caminos vecinales\"}]},{\"@type\":\"WebSite\",\"@id\":\"https:\/\/potenciaradiofonicadominicana.com\/portal\/#website\",\"url\":\"https:\/\/potenciaradiofonicadominicana.com\/portal\/\",\"name\":\"PotenciaRadiofonicaDominicana.com\",\"description\":\"Peri\u00f3dico Digital\",\"publisher\":{\"@id\":\"https:\/\/potenciaradiofonicadominicana.com\/portal\/#organization\"},\"potentialAction\":[{\"@type\":\"SearchAction\",\"target\":{\"@type\":\"EntryPoint\",\"urlTemplate\":\"https:\/\/potenciaradiofonicadominicana.com\/portal\/?s={search_term_string}\"},\"query-input\":{\"@type\":\"PropertyValueSpecification\",\"valueRequired\":true,\"valueName\":\"search_term_string\"}}],\"inLanguage\":\"es\"},{\"@type\":\"Organization\",\"@id\":\"https:\/\/potenciaradiofonicadominicana.com\/portal\/#organization\",\"name\":\"PotenciaRadiofonicaDominicana.com\",\"url\":\"https:\/\/potenciaradiofonicadominicana.com\/portal\/\",\"logo\":{\"@type\":\"ImageObject\",\"inLanguage\":\"es\",\"@id\":\"https:\/\/potenciaradiofonicadominicana.com\/portal\/#\/schema\/logo\/image\/\",\"url\":\"https:\/\/potenciaradiofonicadominicana.com\/portal\/wp-content\/uploads\/2022\/01\/descarga.png\",\"contentUrl\":\"https:\/\/potenciaradiofonicadominicana.com\/portal\/wp-content\/uploads\/2022\/01\/descarga.png\",\"width\":300,\"height\":100,\"caption\":\"PotenciaRadiofonicaDominicana.com\"},\"image\":{\"@id\":\"https:\/\/potenciaradiofonicadominicana.com\/portal\/#\/schema\/logo\/image\/\"},\"sameAs\":[\"https:\/\/web.facebook.com\/PotenciaRadiofonicaD\"]},{\"@type\":\"Person\",\"@id\":\"https:\/\/potenciaradiofonicadominicana.com\/portal\/#\/schema\/person\/a5cf1fea13877803ee0573ac18b03490\",\"name\":\"Potencia Radiof\u00f3nica Dominicana\",\"image\":{\"@type\":\"ImageObject\",\"inLanguage\":\"es\",\"@id\":\"https:\/\/potenciaradiofonicadominicana.com\/portal\/#\/schema\/person\/image\/\",\"url\":\"https:\/\/secure.gravatar.com\/avatar\/42a55ab9e8ccc656ba34cd791990602a?s=96&d=mm&r=g\",\"contentUrl\":\"https:\/\/secure.gravatar.com\/avatar\/42a55ab9e8ccc656ba34cd791990602a?s=96&d=mm&r=g\",\"caption\":\"Potencia Radiof\u00f3nica Dominicana\"},\"url\":\"https:\/\/potenciaradiofonicadominicana.com\/portal\/author\/johannyalmanzar\/\"}]}<\/script>\n<!-- \/ Yoast SEO plugin. -->","yoast_head_json":{"title":"El Gobierno iniciar\u00e1 programa para intervenir m\u00e1s de 240 kil\u00f3metros de caminos vecinales - PotenciaRadiofonicaDominicana.com","robots":{"index":"index","follow":"follow","max-snippet":"max-snippet:-1","max-image-preview":"max-image-preview:large","max-video-preview":"max-video-preview:-1"},"canonical":"https:\/\/potenciaradiofonicadominicana.com\/portal\/el-gobierno-iniciara-programa-para-intervenir-mas-de-240-kilometros-de-caminos-vecinales\/","og_locale":"es_ES","og_type":"article","og_title":"El Gobierno iniciar\u00e1 programa para intervenir m\u00e1s de 240 kil\u00f3metros de caminos vecinales - PotenciaRadiofonicaDominicana.com","og_description":"El Gobierno iniciar\u00e1 esta semana un amplio programa de habilitaci\u00f3n de caminos interparcelarios que abarcar\u00e1 m\u00e1s de 240 kil\u00f3metros a ...","og_url":"https:\/\/potenciaradiofonicadominicana.com\/portal\/el-gobierno-iniciara-programa-para-intervenir-mas-de-240-kilometros-de-caminos-vecinales\/","og_site_name":"PotenciaRadiofonicaDominicana.com","article_publisher":"https:\/\/web.facebook.com\/PotenciaRadiofonicaD","article_published_time":"2026-04-05T23:47:47+00:00","og_image":[{"width":829,"height":592,"url":"https:\/\/potenciaradiofonicadominicana.com\/portal\/wp-content\/uploads\/2026\/04\/WhatsApp-Image-2026-04-05-at-11.38.50-AM.jpg","type":"image\/jpeg"}],"author":"Potencia Radiof\u00f3nica Dominicana","twitter_card":"summary_large_image","twitter_misc":{"Escrito por":"Potencia Radiof\u00f3nica Dominicana","Tiempo de lectura":"3 minutos"},"schema":{"@context":"https:\/\/schema.org","@graph":[{"@type":"Article","@id":"https:\/\/potenciaradiofonicadominicana.com\/portal\/el-gobierno-iniciara-programa-para-intervenir-mas-de-240-kilometros-de-caminos-vecinales\/#article","isPartOf":{"@id":"https:\/\/potenciaradiofonicadominicana.com\/portal\/el-gobierno-iniciara-programa-para-intervenir-mas-de-240-kilometros-de-caminos-vecinales\/"},"author":{"name":"Potencia Radiof\u00f3nica Dominicana","@id":"https:\/\/potenciaradiofonicadominicana.com\/portal\/#\/schema\/person\/a5cf1fea13877803ee0573ac18b03490"},"headline":"El Gobierno iniciar\u00e1 programa para intervenir m\u00e1s de 240 kil\u00f3metros de caminos vecinales","datePublished":"2026-04-05T23:47:47+00:00","mainEntityOfPage":{"@id":"https:\/\/potenciaradiofonicadominicana.com\/portal\/el-gobierno-iniciara-programa-para-intervenir-mas-de-240-kilometros-de-caminos-vecinales\/"},"wordCount":505,"publisher":{"@id":"https:\/\/potenciaradiofonicadominicana.com\/portal\/#organization"},"image":{"@id":"https:\/\/potenciaradiofonicadominicana.com\/portal\/el-gobierno-iniciara-programa-para-intervenir-mas-de-240-kilometros-de-caminos-vecinales\/#primaryimage"},"thumbnailUrl":"https:\/\/potenciaradiofonicadominicana.com\/portal\/wp-content\/uploads\/2026\/04\/WhatsApp-Image-2026-04-05-at-11.38.50-AM.jpg","articleSection":["Econom\u00eda"],"inLanguage":"es"},{"@type":"WebPage","@id":"https:\/\/potenciaradiofonicadominicana.com\/portal\/el-gobierno-iniciara-programa-para-intervenir-mas-de-240-kilometros-de-caminos-vecinales\/","url":"https:\/\/potenciaradiofonicadominicana.com\/portal\/el-gobierno-iniciara-programa-para-intervenir-mas-de-240-kilometros-de-caminos-vecinales\/","name":"El Gobierno iniciar\u00e1 programa para intervenir m\u00e1s de 240 kil\u00f3metros de caminos vecinales - PotenciaRadiofonicaDominicana.com","isPartOf":{"@id":"https:\/\/potenciaradiofonicadominicana.com\/portal\/#website"},"primaryImageOfPage":{"@id":"https:\/\/potenciaradiofonicadominicana.com\/portal\/el-gobierno-iniciara-programa-para-intervenir-mas-de-240-kilometros-de-caminos-vecinales\/#primaryimage"},"image":{"@id":"https:\/\/potenciaradiofonicadominicana.com\/portal\/el-gobierno-iniciara-programa-para-intervenir-mas-de-240-kilometros-de-caminos-vecinales\/#primaryimage"},"thumbnailUrl":"https:\/\/potenciaradiofonicadominicana.com\/portal\/wp-content\/uploads\/2026\/04\/WhatsApp-Image-2026-04-05-at-11.38.50-AM.jpg","datePublished":"2026-04-05T23:47:47+00:00","breadcrumb":{"@id":"https:\/\/potenciaradiofonicadominicana.com\/portal\/el-gobierno-iniciara-programa-para-intervenir-mas-de-240-kilometros-de-caminos-vecinales\/#breadcrumb"},"inLanguage":"es","potentialAction":[{"@type":"ReadAction","target":["https:\/\/potenciaradiofonicadominicana.com\/portal\/el-gobierno-iniciara-programa-para-intervenir-mas-de-240-kilometros-de-caminos-vecinales\/"]}]},{"@type":"ImageObject","inLanguage":"es","@id":"https:\/\/potenciaradiofonicadominicana.com\/portal\/el-gobierno-iniciara-programa-para-intervenir-mas-de-240-kilometros-de-caminos-vecinales\/#primaryimage","url":"https:\/\/potenciaradiofonicadominicana.com\/portal\/wp-content\/uploads\/2026\/04\/WhatsApp-Image-2026-04-05-at-11.38.50-AM.jpg","contentUrl":"https:\/\/potenciaradiofonicadominicana.com\/portal\/wp-content\/uploads\/2026\/04\/WhatsApp-Image-2026-04-05-at-11.38.50-AM.jpg","width":829,"height":592},{"@type":"BreadcrumbList","@id":"https:\/\/potenciaradiofonicadominicana.com\/portal\/el-gobierno-iniciara-programa-para-intervenir-mas-de-240-kilometros-de-caminos-vecinales\/#breadcrumb","itemListElement":[{"@type":"ListItem","position":1,"name":"Portada","item":"https:\/\/potenciaradiofonicadominicana.com\/portal\/"},{"@type":"ListItem","position":2,"name":"El Gobierno iniciar\u00e1 programa para intervenir m\u00e1s de 240 kil\u00f3metros de caminos vecinales"}]},{"@type":"WebSite","@id":"https:\/\/potenciaradiofonicadominicana.com\/portal\/#website","url":"https:\/\/potenciaradiofonicadominicana.com\/portal\/","name":"PotenciaRadiofonicaDominicana.com","description":"Peri\u00f3dico Digital","publisher":{"@id":"https:\/\/potenciaradiofonicadominicana.com\/portal\/#organization"},"potentialAction":[{"@type":"SearchAction","target":{"@type":"EntryPoint","urlTemplate":"https:\/\/potenciaradiofonicadominicana.com\/portal\/?s={search_term_string}"},"query-input":{"@type":"PropertyValueSpecification","valueRequired":true,"valueName":"search_term_string"}}],"inLanguage":"es"},{"@type":"Organization","@id":"https:\/\/potenciaradiofonicadominicana.com\/portal\/#organization","name":"PotenciaRadiofonicaDominicana.com","url":"https:\/\/potenciaradiofonicadominicana.com\/portal\/","logo":{"@type":"ImageObject","inLanguage":"es","@id":"https:\/\/potenciaradiofonicadominicana.com\/portal\/#\/schema\/logo\/image\/","url":"https:\/\/potenciaradiofonicadominicana.com\/portal\/wp-content\/uploads\/2022\/01\/descarga.png","contentUrl":"https:\/\/potenciaradiofonicadominicana.com\/portal\/wp-content\/uploads\/2022\/01\/descarga.png","width":300,"height":100,"caption":"PotenciaRadiofonicaDominicana.com"},"image":{"@id":"https:\/\/potenciaradiofonicadominicana.com\/portal\/#\/schema\/logo\/image\/"},"sameAs":["https:\/\/web.facebook.com\/PotenciaRadiofonicaD"]},{"@type":"Person","@id":"https:\/\/potenciaradiofonicadominicana.com\/portal\/#\/schema\/person\/a5cf1fea13877803ee0573ac18b03490","name":"Potencia Radiof\u00f3nica Dominicana","image":{"@type":"ImageObject","inLanguage":"es","@id":"https:\/\/potenciaradiofonicadominicana.com\/portal\/#\/schema\/person\/image\/","url":"https:\/\/secure.gravatar.com\/avatar\/42a55ab9e8ccc656ba34cd791990602a?s=96&d=mm&r=g","contentUrl":"https:\/\/secure.gravatar.com\/avatar\/42a55ab9e8ccc656ba34cd791990602a?s=96&d=mm&r=g","caption":"Potencia Radiof\u00f3nica Dominicana"},"url":"https:\/\/potenciaradiofonicadominicana.com\/portal\/author\/johannyalmanzar\/"}]}},"_links":{"self":[{"href":"https:\/\/potenciaradiofonicadominicana.com\/portal\/wp-json\/wp\/v2\/posts\/214248","targetHints":{"allow":["GET"]}}],"collection":[{"href":"https:\/\/potenciaradiofonicadominicana.com\/portal\/wp-json\/wp\/v2\/posts"}],"about":[{"href":"https:\/\/potenciaradiofonicadominicana.com\/portal\/wp-json\/wp\/v2\/types\/post"}],"author":[{"embeddable":true,"href":"https:\/\/potenciaradiofonicadominicana.com\/portal\/wp-json\/wp\/v2\/users\/2"}],"replies":[{"embeddable":true,"href":"https:\/\/potenciaradiofonicadominicana.com\/portal\/wp-json\/wp\/v2\/comments?post=214248"}],"version-history":[{"count":1,"href":"https:\/\/potenciaradiofonicadominicana.com\/portal\/wp-json\/wp\/v2\/posts\/214248\/revisions"}],"predecessor-version":[{"id":214250,"href":"https:\/\/potenciaradiofonicadominicana.com\/portal\/wp-json\/wp\/v2\/posts\/214248\/revisions\/214250"}],"wp:featuredmedia":[{"embeddable":true,"href":"https:\/\/potenciaradiofonicadominicana.com\/portal\/wp-json\/wp\/v2\/media\/214249"}],"wp:attachment":[{"href":"https:\/\/potenciaradiofonicadominicana.com\/portal\/wp-json\/wp\/v2\/media?parent=214248"}],"wp:term":[{"taxonomy":"category","embeddable":true,"href":"https:\/\/potenciaradiofonicadominicana.com\/portal\/wp-json\/wp\/v2\/categories?post=214248"},{"taxonomy":"post_tag","embeddable":true,"href":"https:\/\/potenciaradiofonicadominicana.com\/portal\/wp-json\/wp\/v2\/tags?post=214248"}],"curies":[{"name":"wp","href":"https:\/\/api.w.org\/{rel}","templated":true}]}}