{"id":214241,"date":"2026-04-05T19:43:48","date_gmt":"2026-04-05T23:43:48","guid":{"rendered":"https:\/\/potenciaradiofonicadominicana.com\/portal\/?p=214241"},"modified":"2026-04-05T19:43:48","modified_gmt":"2026-04-05T23:43:48","slug":"promegan-impulsa-revolucion-lechera-en-el-nordeste","status":"publish","type":"post","link":"https:\/\/potenciaradiofonicadominicana.com\/portal\/promegan-impulsa-revolucion-lechera-en-el-nordeste\/","title":{"rendered":"Promegan impulsa revoluci\u00f3n lechera en el Nordeste"},"content":{"rendered":"<p><a href=\"https:\/\/potenciaradiofonicadominicana.com\/portal\/wp-content\/uploads\/2026\/04\/a0052f91-e811-4943-8438-791e3e1f18b7.jpg\"><img loading=\"lazy\" decoding=\"async\" class=\"alignnone size-full wp-image-214242\" src=\"https:\/\/potenciaradiofonicadominicana.com\/portal\/wp-content\/uploads\/2026\/04\/a0052f91-e811-4943-8438-791e3e1f18b7.jpg\" alt=\"\" width=\"1280\" height=\"853\" srcset=\"https:\/\/potenciaradiofonicadominicana.com\/portal\/wp-content\/uploads\/2026\/04\/a0052f91-e811-4943-8438-791e3e1f18b7.jpg 1280w, https:\/\/potenciaradiofonicadominicana.com\/portal\/wp-content\/uploads\/2026\/04\/a0052f91-e811-4943-8438-791e3e1f18b7-300x200.jpg 300w, https:\/\/potenciaradiofonicadominicana.com\/portal\/wp-content\/uploads\/2026\/04\/a0052f91-e811-4943-8438-791e3e1f18b7-1024x682.jpg 1024w, https:\/\/potenciaradiofonicadominicana.com\/portal\/wp-content\/uploads\/2026\/04\/a0052f91-e811-4943-8438-791e3e1f18b7-768x512.jpg 768w\" sizes=\"auto, (max-width: 1280px) 100vw, 1280px\" \/><\/a><\/p>\n<p data-start=\"312\" data-end=\"775\"><strong data-start=\"312\" data-end=\"346\">SAN FRANCISCO DE MACOR\u00cdS<\/strong><strong>,<\/strong> \u2013 El Proyecto de Mejoramiento de la Ganader\u00eda en Rep\u00fablica Dominicana (PROMEGAN) marc\u00f3 un antes y un despu\u00e9s en el sector lechero con la entrega de 125 m\u00e1quinas de orde\u00f1o mecanizado a productores del Nordeste, en una jornada encabezada por el asesor agropecuario del Poder Ejecutivo, Eric Rivero, junto al director del Consejo Nacional para la Reglamentaci\u00f3n y Fomento de la Industria Lechera (CONALECHE), Luis S\u00e1nchez Falette, y la Federaci\u00f3n de Ganaderos del Cibao y el Nordeste (FEGACIBAO).<\/p>\n<p>La iniciativa, desarrollada en coordinaci\u00f3n con FEGACIBAO, fortalece el impacto de PROMEGAN como uno de los principales programas de apoyo al sector ganadero, facilitando el acceso a tecnolog\u00eda moderna mediante un esquema de financiamiento altamente subsidiado.<\/p>\n<p data-start=\"1092\" data-end=\"1331\">Cada equipo, con un valor aproximado de RD$180,000, puede ser adquirido por los productores por solo RD$60,000, lo que representa una reducci\u00f3n significativa en los costos y ampl\u00eda el acceso a herramientas que incrementan la productividad.<\/p>\n<h3 data-section-id=\"hx99kj\" data-start=\"1338\" data-end=\"1393\"><strong data-start=\"1342\" data-end=\"1393\">Gobierno apuesta por la modernizaci\u00f3n del campo<\/strong><\/h3>\n<p data-start=\"1394\" data-end=\"1641\">Durante la actividad, Eric Rivero destac\u00f3 que esta entrega reafirma el compromiso del Gobierno con la modernizaci\u00f3n del campo dominicano. Subray\u00f3 que PROMEGAN se ha convertido en un canal directo para llevar innovaci\u00f3n tecnol\u00f3gica a los ganaderos.<\/p>\n<p data-start=\"1643\" data-end=\"1808\">\u201cEstamos impulsando una ganader\u00eda m\u00e1s eficiente, productiva y competitiva, que fortalezca la industria l\u00e1ctea y mejore los ingresos de nuestros productores\u201d, afirm\u00f3.<\/p>\n<h3 data-section-id=\"p9wk15\" data-start=\"1815\" data-end=\"1867\"><strong data-start=\"1819\" data-end=\"1867\">Calidad e inocuidad en la producci\u00f3n lechera<\/strong><\/h3>\n<p data-start=\"1868\" data-end=\"2094\">Por su parte, Luis S\u00e1nchez Falette se\u00f1al\u00f3 que la entrega representa un avance clave en la tecnificaci\u00f3n del sector, destacando que estos equipos contribuyen directamente a mejorar la calidad e inocuidad de la leche dominicana.<\/p>\n<p data-start=\"2096\" data-end=\"2252\">\u201cDesde CONALECHE continuamos respaldando iniciativas que fortalezcan toda la cadena de valor l\u00e1ctea y eleven los est\u00e1ndares del producto nacional\u201d, expres\u00f3.<\/p>\n<h3><strong>Equipos que elevan la eficiencia productiva<\/strong><\/h3>\n<p data-start=\"2311\" data-end=\"2506\">Los equipos entregados incluyen motores el\u00e9ctricos y de gasolina, as\u00ed como bidones de acero inoxidable, garantizando mayor eficiencia, mejores condiciones higi\u00e9nicas y una leche de mayor calidad.<\/p>\n<p data-start=\"2508\" data-end=\"2706\">Estas m\u00e1quinas permiten orde\u00f1ar simult\u00e1neamente dos vacas en aproximadamente tres minutos, reduciendo el tiempo de trabajo, disminuyendo costos operativos y aumentando la rentabilidad del productor.<\/p>\n<h3><strong>Un paso firme hacia la sostenibilidad ganadera<\/strong><\/h3>\n<p data-start=\"2768\" data-end=\"2990\">Con esta jornada, PROMEGAN reafirma su papel como motor de transformaci\u00f3n del sector ganadero en Rep\u00fablica Dominicana, promoviendo una producci\u00f3n m\u00e1s eficiente, sostenible y alineada con las exigencias del mercado moderno.<\/p>\n","protected":false},"excerpt":{"rendered":"<p>SAN FRANCISCO DE MACOR\u00cdS, \u2013 El Proyecto de Mejoramiento de la Ganader\u00eda en Rep\u00fablica Dominicana (PROMEGAN) marc\u00f3 un antes y &#8230;<\/p>\n","protected":false},"author":2,"featured_media":214242,"comment_status":"closed","ping_status":"closed","sticky":false,"template":"","format":"standard","meta":{"footnotes":""},"categories":[26],"tags":[],"class_list":["post-214241","post","type-post","status-publish","format-standard","has-post-thumbnail","hentry","category-economia"],"yoast_head":"<!-- This site is optimized with the Yoast SEO plugin v24.8.1 - https:\/\/yoast.com\/wordpress\/plugins\/seo\/ -->\n<title>Promegan impulsa revoluci\u00f3n lechera en el Nordeste - PotenciaRadiofonicaDominicana.com<\/title>\n<meta name=\"robots\" content=\"index, follow, max-snippet:-1, max-image-preview:large, max-video-preview:-1\" \/>\n<link rel=\"canonical\" href=\"https:\/\/potenciaradiofonicadominicana.com\/portal\/promegan-impulsa-revolucion-lechera-en-el-nordeste\/\" \/>\n<meta property=\"og:locale\" content=\"es_ES\" \/>\n<meta property=\"og:type\" content=\"article\" \/>\n<meta property=\"og:title\" content=\"Promegan impulsa revoluci\u00f3n lechera en el Nordeste - PotenciaRadiofonicaDominicana.com\" \/>\n<meta property=\"og:description\" content=\"SAN FRANCISCO DE MACOR\u00cdS, \u2013 El Proyecto de Mejoramiento de la Ganader\u00eda en Rep\u00fablica Dominicana (PROMEGAN) marc\u00f3 un antes y ...\" \/>\n<meta property=\"og:url\" content=\"https:\/\/potenciaradiofonicadominicana.com\/portal\/promegan-impulsa-revolucion-lechera-en-el-nordeste\/\" \/>\n<meta property=\"og:site_name\" content=\"PotenciaRadiofonicaDominicana.com\" \/>\n<meta property=\"article:publisher\" content=\"https:\/\/web.facebook.com\/PotenciaRadiofonicaD\" \/>\n<meta property=\"article:published_time\" content=\"2026-04-05T23:43:48+00:00\" \/>\n<meta property=\"og:image\" content=\"https:\/\/potenciaradiofonicadominicana.com\/portal\/wp-content\/uploads\/2026\/04\/a0052f91-e811-4943-8438-791e3e1f18b7.jpg\" \/>\n\t<meta property=\"og:image:width\" content=\"1280\" \/>\n\t<meta property=\"og:image:height\" content=\"853\" \/>\n\t<meta property=\"og:image:type\" content=\"image\/jpeg\" \/>\n<meta name=\"author\" content=\"Potencia Radiof\u00f3nica Dominicana\" \/>\n<meta name=\"twitter:card\" content=\"summary_large_image\" \/>\n<meta name=\"twitter:label1\" content=\"Escrito por\" \/>\n\t<meta name=\"twitter:data1\" content=\"Potencia Radiof\u00f3nica Dominicana\" \/>\n\t<meta name=\"twitter:label2\" content=\"Tiempo de lectura\" \/>\n\t<meta name=\"twitter:data2\" content=\"3 minutos\" \/>\n<script type=\"application\/ld+json\" class=\"yoast-schema-graph\">{\"@context\":\"https:\/\/schema.org\",\"@graph\":[{\"@type\":\"Article\",\"@id\":\"https:\/\/potenciaradiofonicadominicana.com\/portal\/promegan-impulsa-revolucion-lechera-en-el-nordeste\/#article\",\"isPartOf\":{\"@id\":\"https:\/\/potenciaradiofonicadominicana.com\/portal\/promegan-impulsa-revolucion-lechera-en-el-nordeste\/\"},\"author\":{\"name\":\"Potencia Radiof\u00f3nica Dominicana\",\"@id\":\"https:\/\/potenciaradiofonicadominicana.com\/portal\/#\/schema\/person\/a5cf1fea13877803ee0573ac18b03490\"},\"headline\":\"Promegan impulsa revoluci\u00f3n lechera en el Nordeste\",\"datePublished\":\"2026-04-05T23:43:48+00:00\",\"mainEntityOfPage\":{\"@id\":\"https:\/\/potenciaradiofonicadominicana.com\/portal\/promegan-impulsa-revolucion-lechera-en-el-nordeste\/\"},\"wordCount\":420,\"publisher\":{\"@id\":\"https:\/\/potenciaradiofonicadominicana.com\/portal\/#organization\"},\"image\":{\"@id\":\"https:\/\/potenciaradiofonicadominicana.com\/portal\/promegan-impulsa-revolucion-lechera-en-el-nordeste\/#primaryimage\"},\"thumbnailUrl\":\"https:\/\/potenciaradiofonicadominicana.com\/portal\/wp-content\/uploads\/2026\/04\/a0052f91-e811-4943-8438-791e3e1f18b7.jpg\",\"articleSection\":[\"Econom\u00eda\"],\"inLanguage\":\"es\"},{\"@type\":\"WebPage\",\"@id\":\"https:\/\/potenciaradiofonicadominicana.com\/portal\/promegan-impulsa-revolucion-lechera-en-el-nordeste\/\",\"url\":\"https:\/\/potenciaradiofonicadominicana.com\/portal\/promegan-impulsa-revolucion-lechera-en-el-nordeste\/\",\"name\":\"Promegan impulsa revoluci\u00f3n lechera en el Nordeste - PotenciaRadiofonicaDominicana.com\",\"isPartOf\":{\"@id\":\"https:\/\/potenciaradiofonicadominicana.com\/portal\/#website\"},\"primaryImageOfPage\":{\"@id\":\"https:\/\/potenciaradiofonicadominicana.com\/portal\/promegan-impulsa-revolucion-lechera-en-el-nordeste\/#primaryimage\"},\"image\":{\"@id\":\"https:\/\/potenciaradiofonicadominicana.com\/portal\/promegan-impulsa-revolucion-lechera-en-el-nordeste\/#primaryimage\"},\"thumbnailUrl\":\"https:\/\/potenciaradiofonicadominicana.com\/portal\/wp-content\/uploads\/2026\/04\/a0052f91-e811-4943-8438-791e3e1f18b7.jpg\",\"datePublished\":\"2026-04-05T23:43:48+00:00\",\"breadcrumb\":{\"@id\":\"https:\/\/potenciaradiofonicadominicana.com\/portal\/promegan-impulsa-revolucion-lechera-en-el-nordeste\/#breadcrumb\"},\"inLanguage\":\"es\",\"potentialAction\":[{\"@type\":\"ReadAction\",\"target\":[\"https:\/\/potenciaradiofonicadominicana.com\/portal\/promegan-impulsa-revolucion-lechera-en-el-nordeste\/\"]}]},{\"@type\":\"ImageObject\",\"inLanguage\":\"es\",\"@id\":\"https:\/\/potenciaradiofonicadominicana.com\/portal\/promegan-impulsa-revolucion-lechera-en-el-nordeste\/#primaryimage\",\"url\":\"https:\/\/potenciaradiofonicadominicana.com\/portal\/wp-content\/uploads\/2026\/04\/a0052f91-e811-4943-8438-791e3e1f18b7.jpg\",\"contentUrl\":\"https:\/\/potenciaradiofonicadominicana.com\/portal\/wp-content\/uploads\/2026\/04\/a0052f91-e811-4943-8438-791e3e1f18b7.jpg\",\"width\":1280,\"height\":853},{\"@type\":\"BreadcrumbList\",\"@id\":\"https:\/\/potenciaradiofonicadominicana.com\/portal\/promegan-impulsa-revolucion-lechera-en-el-nordeste\/#breadcrumb\",\"itemListElement\":[{\"@type\":\"ListItem\",\"position\":1,\"name\":\"Portada\",\"item\":\"https:\/\/potenciaradiofonicadominicana.com\/portal\/\"},{\"@type\":\"ListItem\",\"position\":2,\"name\":\"Promegan impulsa revoluci\u00f3n lechera en el Nordeste\"}]},{\"@type\":\"WebSite\",\"@id\":\"https:\/\/potenciaradiofonicadominicana.com\/portal\/#website\",\"url\":\"https:\/\/potenciaradiofonicadominicana.com\/portal\/\",\"name\":\"PotenciaRadiofonicaDominicana.com\",\"description\":\"Peri\u00f3dico Digital\",\"publisher\":{\"@id\":\"https:\/\/potenciaradiofonicadominicana.com\/portal\/#organization\"},\"potentialAction\":[{\"@type\":\"SearchAction\",\"target\":{\"@type\":\"EntryPoint\",\"urlTemplate\":\"https:\/\/potenciaradiofonicadominicana.com\/portal\/?s={search_term_string}\"},\"query-input\":{\"@type\":\"PropertyValueSpecification\",\"valueRequired\":true,\"valueName\":\"search_term_string\"}}],\"inLanguage\":\"es\"},{\"@type\":\"Organization\",\"@id\":\"https:\/\/potenciaradiofonicadominicana.com\/portal\/#organization\",\"name\":\"PotenciaRadiofonicaDominicana.com\",\"url\":\"https:\/\/potenciaradiofonicadominicana.com\/portal\/\",\"logo\":{\"@type\":\"ImageObject\",\"inLanguage\":\"es\",\"@id\":\"https:\/\/potenciaradiofonicadominicana.com\/portal\/#\/schema\/logo\/image\/\",\"url\":\"https:\/\/potenciaradiofonicadominicana.com\/portal\/wp-content\/uploads\/2022\/01\/descarga.png\",\"contentUrl\":\"https:\/\/potenciaradiofonicadominicana.com\/portal\/wp-content\/uploads\/2022\/01\/descarga.png\",\"width\":300,\"height\":100,\"caption\":\"PotenciaRadiofonicaDominicana.com\"},\"image\":{\"@id\":\"https:\/\/potenciaradiofonicadominicana.com\/portal\/#\/schema\/logo\/image\/\"},\"sameAs\":[\"https:\/\/web.facebook.com\/PotenciaRadiofonicaD\"]},{\"@type\":\"Person\",\"@id\":\"https:\/\/potenciaradiofonicadominicana.com\/portal\/#\/schema\/person\/a5cf1fea13877803ee0573ac18b03490\",\"name\":\"Potencia Radiof\u00f3nica Dominicana\",\"image\":{\"@type\":\"ImageObject\",\"inLanguage\":\"es\",\"@id\":\"https:\/\/potenciaradiofonicadominicana.com\/portal\/#\/schema\/person\/image\/\",\"url\":\"https:\/\/secure.gravatar.com\/avatar\/42a55ab9e8ccc656ba34cd791990602a?s=96&d=mm&r=g\",\"contentUrl\":\"https:\/\/secure.gravatar.com\/avatar\/42a55ab9e8ccc656ba34cd791990602a?s=96&d=mm&r=g\",\"caption\":\"Potencia Radiof\u00f3nica Dominicana\"},\"url\":\"https:\/\/potenciaradiofonicadominicana.com\/portal\/author\/johannyalmanzar\/\"}]}<\/script>\n<!-- \/ Yoast SEO plugin. -->","yoast_head_json":{"title":"Promegan impulsa revoluci\u00f3n lechera en el Nordeste - PotenciaRadiofonicaDominicana.com","robots":{"index":"index","follow":"follow","max-snippet":"max-snippet:-1","max-image-preview":"max-image-preview:large","max-video-preview":"max-video-preview:-1"},"canonical":"https:\/\/potenciaradiofonicadominicana.com\/portal\/promegan-impulsa-revolucion-lechera-en-el-nordeste\/","og_locale":"es_ES","og_type":"article","og_title":"Promegan impulsa revoluci\u00f3n lechera en el Nordeste - PotenciaRadiofonicaDominicana.com","og_description":"SAN FRANCISCO DE MACOR\u00cdS, \u2013 El Proyecto de Mejoramiento de la Ganader\u00eda en Rep\u00fablica Dominicana (PROMEGAN) marc\u00f3 un antes y ...","og_url":"https:\/\/potenciaradiofonicadominicana.com\/portal\/promegan-impulsa-revolucion-lechera-en-el-nordeste\/","og_site_name":"PotenciaRadiofonicaDominicana.com","article_publisher":"https:\/\/web.facebook.com\/PotenciaRadiofonicaD","article_published_time":"2026-04-05T23:43:48+00:00","og_image":[{"width":1280,"height":853,"url":"https:\/\/potenciaradiofonicadominicana.com\/portal\/wp-content\/uploads\/2026\/04\/a0052f91-e811-4943-8438-791e3e1f18b7.jpg","type":"image\/jpeg"}],"author":"Potencia Radiof\u00f3nica Dominicana","twitter_card":"summary_large_image","twitter_misc":{"Escrito por":"Potencia Radiof\u00f3nica Dominicana","Tiempo de lectura":"3 minutos"},"schema":{"@context":"https:\/\/schema.org","@graph":[{"@type":"Article","@id":"https:\/\/potenciaradiofonicadominicana.com\/portal\/promegan-impulsa-revolucion-lechera-en-el-nordeste\/#article","isPartOf":{"@id":"https:\/\/potenciaradiofonicadominicana.com\/portal\/promegan-impulsa-revolucion-lechera-en-el-nordeste\/"},"author":{"name":"Potencia Radiof\u00f3nica Dominicana","@id":"https:\/\/potenciaradiofonicadominicana.com\/portal\/#\/schema\/person\/a5cf1fea13877803ee0573ac18b03490"},"headline":"Promegan impulsa revoluci\u00f3n lechera en el Nordeste","datePublished":"2026-04-05T23:43:48+00:00","mainEntityOfPage":{"@id":"https:\/\/potenciaradiofonicadominicana.com\/portal\/promegan-impulsa-revolucion-lechera-en-el-nordeste\/"},"wordCount":420,"publisher":{"@id":"https:\/\/potenciaradiofonicadominicana.com\/portal\/#organization"},"image":{"@id":"https:\/\/potenciaradiofonicadominicana.com\/portal\/promegan-impulsa-revolucion-lechera-en-el-nordeste\/#primaryimage"},"thumbnailUrl":"https:\/\/potenciaradiofonicadominicana.com\/portal\/wp-content\/uploads\/2026\/04\/a0052f91-e811-4943-8438-791e3e1f18b7.jpg","articleSection":["Econom\u00eda"],"inLanguage":"es"},{"@type":"WebPage","@id":"https:\/\/potenciaradiofonicadominicana.com\/portal\/promegan-impulsa-revolucion-lechera-en-el-nordeste\/","url":"https:\/\/potenciaradiofonicadominicana.com\/portal\/promegan-impulsa-revolucion-lechera-en-el-nordeste\/","name":"Promegan impulsa revoluci\u00f3n lechera en el Nordeste - PotenciaRadiofonicaDominicana.com","isPartOf":{"@id":"https:\/\/potenciaradiofonicadominicana.com\/portal\/#website"},"primaryImageOfPage":{"@id":"https:\/\/potenciaradiofonicadominicana.com\/portal\/promegan-impulsa-revolucion-lechera-en-el-nordeste\/#primaryimage"},"image":{"@id":"https:\/\/potenciaradiofonicadominicana.com\/portal\/promegan-impulsa-revolucion-lechera-en-el-nordeste\/#primaryimage"},"thumbnailUrl":"https:\/\/potenciaradiofonicadominicana.com\/portal\/wp-content\/uploads\/2026\/04\/a0052f91-e811-4943-8438-791e3e1f18b7.jpg","datePublished":"2026-04-05T23:43:48+00:00","breadcrumb":{"@id":"https:\/\/potenciaradiofonicadominicana.com\/portal\/promegan-impulsa-revolucion-lechera-en-el-nordeste\/#breadcrumb"},"inLanguage":"es","potentialAction":[{"@type":"ReadAction","target":["https:\/\/potenciaradiofonicadominicana.com\/portal\/promegan-impulsa-revolucion-lechera-en-el-nordeste\/"]}]},{"@type":"ImageObject","inLanguage":"es","@id":"https:\/\/potenciaradiofonicadominicana.com\/portal\/promegan-impulsa-revolucion-lechera-en-el-nordeste\/#primaryimage","url":"https:\/\/potenciaradiofonicadominicana.com\/portal\/wp-content\/uploads\/2026\/04\/a0052f91-e811-4943-8438-791e3e1f18b7.jpg","contentUrl":"https:\/\/potenciaradiofonicadominicana.com\/portal\/wp-content\/uploads\/2026\/04\/a0052f91-e811-4943-8438-791e3e1f18b7.jpg","width":1280,"height":853},{"@type":"BreadcrumbList","@id":"https:\/\/potenciaradiofonicadominicana.com\/portal\/promegan-impulsa-revolucion-lechera-en-el-nordeste\/#breadcrumb","itemListElement":[{"@type":"ListItem","position":1,"name":"Portada","item":"https:\/\/potenciaradiofonicadominicana.com\/portal\/"},{"@type":"ListItem","position":2,"name":"Promegan impulsa revoluci\u00f3n lechera en el Nordeste"}]},{"@type":"WebSite","@id":"https:\/\/potenciaradiofonicadominicana.com\/portal\/#website","url":"https:\/\/potenciaradiofonicadominicana.com\/portal\/","name":"PotenciaRadiofonicaDominicana.com","description":"Peri\u00f3dico Digital","publisher":{"@id":"https:\/\/potenciaradiofonicadominicana.com\/portal\/#organization"},"potentialAction":[{"@type":"SearchAction","target":{"@type":"EntryPoint","urlTemplate":"https:\/\/potenciaradiofonicadominicana.com\/portal\/?s={search_term_string}"},"query-input":{"@type":"PropertyValueSpecification","valueRequired":true,"valueName":"search_term_string"}}],"inLanguage":"es"},{"@type":"Organization","@id":"https:\/\/potenciaradiofonicadominicana.com\/portal\/#organization","name":"PotenciaRadiofonicaDominicana.com","url":"https:\/\/potenciaradiofonicadominicana.com\/portal\/","logo":{"@type":"ImageObject","inLanguage":"es","@id":"https:\/\/potenciaradiofonicadominicana.com\/portal\/#\/schema\/logo\/image\/","url":"https:\/\/potenciaradiofonicadominicana.com\/portal\/wp-content\/uploads\/2022\/01\/descarga.png","contentUrl":"https:\/\/potenciaradiofonicadominicana.com\/portal\/wp-content\/uploads\/2022\/01\/descarga.png","width":300,"height":100,"caption":"PotenciaRadiofonicaDominicana.com"},"image":{"@id":"https:\/\/potenciaradiofonicadominicana.com\/portal\/#\/schema\/logo\/image\/"},"sameAs":["https:\/\/web.facebook.com\/PotenciaRadiofonicaD"]},{"@type":"Person","@id":"https:\/\/potenciaradiofonicadominicana.com\/portal\/#\/schema\/person\/a5cf1fea13877803ee0573ac18b03490","name":"Potencia Radiof\u00f3nica Dominicana","image":{"@type":"ImageObject","inLanguage":"es","@id":"https:\/\/potenciaradiofonicadominicana.com\/portal\/#\/schema\/person\/image\/","url":"https:\/\/secure.gravatar.com\/avatar\/42a55ab9e8ccc656ba34cd791990602a?s=96&d=mm&r=g","contentUrl":"https:\/\/secure.gravatar.com\/avatar\/42a55ab9e8ccc656ba34cd791990602a?s=96&d=mm&r=g","caption":"Potencia Radiof\u00f3nica Dominicana"},"url":"https:\/\/potenciaradiofonicadominicana.com\/portal\/author\/johannyalmanzar\/"}]}},"_links":{"self":[{"href":"https:\/\/potenciaradiofonicadominicana.com\/portal\/wp-json\/wp\/v2\/posts\/214241","targetHints":{"allow":["GET"]}}],"collection":[{"href":"https:\/\/potenciaradiofonicadominicana.com\/portal\/wp-json\/wp\/v2\/posts"}],"about":[{"href":"https:\/\/potenciaradiofonicadominicana.com\/portal\/wp-json\/wp\/v2\/types\/post"}],"author":[{"embeddable":true,"href":"https:\/\/potenciaradiofonicadominicana.com\/portal\/wp-json\/wp\/v2\/users\/2"}],"replies":[{"embeddable":true,"href":"https:\/\/potenciaradiofonicadominicana.com\/portal\/wp-json\/wp\/v2\/comments?post=214241"}],"version-history":[{"count":1,"href":"https:\/\/potenciaradiofonicadominicana.com\/portal\/wp-json\/wp\/v2\/posts\/214241\/revisions"}],"predecessor-version":[{"id":214243,"href":"https:\/\/potenciaradiofonicadominicana.com\/portal\/wp-json\/wp\/v2\/posts\/214241\/revisions\/214243"}],"wp:featuredmedia":[{"embeddable":true,"href":"https:\/\/potenciaradiofonicadominicana.com\/portal\/wp-json\/wp\/v2\/media\/214242"}],"wp:attachment":[{"href":"https:\/\/potenciaradiofonicadominicana.com\/portal\/wp-json\/wp\/v2\/media?parent=214241"}],"wp:term":[{"taxonomy":"category","embeddable":true,"href":"https:\/\/potenciaradiofonicadominicana.com\/portal\/wp-json\/wp\/v2\/categories?post=214241"},{"taxonomy":"post_tag","embeddable":true,"href":"https:\/\/potenciaradiofonicadominicana.com\/portal\/wp-json\/wp\/v2\/tags?post=214241"}],"curies":[{"name":"wp","href":"https:\/\/api.w.org\/{rel}","templated":true}]}}