{"id":214233,"date":"2026-04-05T19:39:20","date_gmt":"2026-04-05T23:39:20","guid":{"rendered":"https:\/\/potenciaradiofonicadominicana.com\/portal\/?p=214233"},"modified":"2026-04-05T19:39:21","modified_gmt":"2026-04-05T23:39:21","slug":"como-la-inteligencia-artificial-puede-impulsar-nuevas-oportunidades-laborales-en-2026","status":"publish","type":"post","link":"https:\/\/potenciaradiofonicadominicana.com\/portal\/como-la-inteligencia-artificial-puede-impulsar-nuevas-oportunidades-laborales-en-2026\/","title":{"rendered":"C\u00f3mo la inteligencia artificial puede impulsar nuevas oportunidades laborales en 2026"},"content":{"rendered":"<p><a href=\"https:\/\/potenciaradiofonicadominicana.com\/portal\/wp-content\/uploads\/2026\/04\/920743046-scaled.webp\"><img loading=\"lazy\" decoding=\"async\" class=\"alignnone size-full wp-image-214236\" src=\"https:\/\/potenciaradiofonicadominicana.com\/portal\/wp-content\/uploads\/2026\/04\/920743046-scaled.webp\" alt=\"\" width=\"2560\" height=\"1707\" srcset=\"https:\/\/potenciaradiofonicadominicana.com\/portal\/wp-content\/uploads\/2026\/04\/920743046-scaled.webp 2560w, https:\/\/potenciaradiofonicadominicana.com\/portal\/wp-content\/uploads\/2026\/04\/920743046-300x200.webp 300w, https:\/\/potenciaradiofonicadominicana.com\/portal\/wp-content\/uploads\/2026\/04\/920743046-1024x683.webp 1024w, https:\/\/potenciaradiofonicadominicana.com\/portal\/wp-content\/uploads\/2026\/04\/920743046-768x512.webp 768w, https:\/\/potenciaradiofonicadominicana.com\/portal\/wp-content\/uploads\/2026\/04\/920743046-1536x1024.webp 1536w, https:\/\/potenciaradiofonicadominicana.com\/portal\/wp-content\/uploads\/2026\/04\/920743046-2048x1365.webp 2048w\" sizes=\"auto, (max-width: 2560px) 100vw, 2560px\" \/><\/a><\/p>\n<p>La irrupci\u00f3n de la inteligencia artificial est\u00e1 transformando el mercado laboral y exige que los profesionales desarrollen habilidades transferibles para adaptarse a los cambios. Estas competencias, que pueden aplicarse en diversos sectores, han pasado a ser un recurso relevante para quienes aspiran a los empleos mejor pagados de 2026, de acuerdo con un an\u00e1lisis de la revista de negocios Forbes Espa\u00f1a.<\/p>\n<p>La demanda ya no se dirige \u00fanicamente a conocimientos t\u00e9cnicos, sino que tambi\u00e9n requiere habilidad para aprender r\u00e1pido, resolver problemas complejos y aportar valor en entornos de cambio constante, en un mercado donde la automatizaci\u00f3n y la digitalizaci\u00f3n eliminan tareas repetitivas y crean nuevas oportunidades, seg\u00fan la revista de negocios Forbes Espa\u00f1a.<\/p>\n<p>Las habilidades emprendedoras re\u00fanen la capacidad de identificar oportunidades en escenarios dif\u00edciles, asumir riesgos calculados y transformar ideas en proyectos. Estas no se restringen a iniciar un negocio propio, sino que tambi\u00e9n se reflejan en una actitud orientada a impulsar mejoras o lanzar iniciativas dentro de organizaciones, logrando aportaciones de valor.<\/p>\n<p>Se consideran relevantes la resiliencia ante la adversidad, la creatividad para encontrar nuevas soluciones y la visi\u00f3n estrat\u00e9gica para anticipar tendencias del mercado. Ejemplos claros son la gesti\u00f3n de proyectos en entornos inciertos, donde el profesional toma decisiones r\u00e1pidas, ajusta el rumbo ante obst\u00e1culos y administra recursos limitados. Adem\u00e1s, resulta indispensable la capacidad de aprender de los fracasos, transformar errores en aprendizajes y perseverar hasta lograr los objetivos.<\/p>\n<p>Habilidades de liderazgo: enfoques y competencias<br \/>\nEn 2026, las empresas buscan un liderazgo que implique inspirar confianza y adaptarse a la diversidad de perfiles y formas de trabajo. La inteligencia emocional se incorpora como elemento que permite gestionar emociones propias y comprender las ajenas, facilitando la resoluci\u00f3n de conflictos y la creaci\u00f3n de ambientes colaborativos.<\/p>\n<p>Entre las competencias, resulta fundamental delegar tareas de manera efectiva, detectar y potenciar el talento en el equipo y definir metas claras que motiven a los colaboradores. El liderazgo en la actualidad tambi\u00e9n requiere flexibilidad para enfrentar cambios tecnol\u00f3gicos y organizativos, adem\u00e1s de habilidad para guiar procesos de innovaci\u00f3n sin perder de vista los objetivos comunes. Un l\u00edder estimado es aquel que fomenta la autonom\u00eda y promueve la participaci\u00f3n incluso frente a la incertidumbre.<\/p>\n<p>Hombre sonriente en traje sentado en un escritorio de oficina con vista panor\u00e1mica a la ciudad y rascacielos al atardecer. Tiene un port\u00e1til y documentos.<\/p>\n<p>Las habilidades emprendedoras, como la resiliencia y la visi\u00f3n estrat\u00e9gica, impulsan el desarrollo profesional en entornos de cambio continuo, habilidades de comunicaci\u00f3n en contextos h\u00edbridos.<\/p>\n<p>La comunicaci\u00f3n adquiere relevancia en empresas donde se combinan trabajo presencial y remoto. No basta \u00fanicamente con hablar en p\u00fablico; se necesita claridad en la redacci\u00f3n de correos electr\u00f3nicos o mensajes corporativos para evitar ambig\u00fcedades, gestionar reuniones virtuales que incentiven la participaci\u00f3n y dominar la comunicaci\u00f3n no verbal en videollamadas.<\/p>\n<p>Capacidades demandadas incluyen escuchar activamente, ajustar mensajes para distintas audiencias y negociar acuerdos a distancia. La retroalimentaci\u00f3n \u2014tanto al dar como al recibir comentarios\u2014 es otra competencia requerida, as\u00ed como la empat\u00eda para interpretar el contexto del interlocutor.<\/p>\n<div class=\"banner-contenido\">\n<div class=\"panorama_ads\"><\/div>\n<\/div>\n<p>C\u00f3mo destacar estas habilidades en el curr\u00edculum<br \/>\nPara que estas capacidades no pasen inadvertidas, deben incluirse en el curr\u00edculum de forma espec\u00edfica y medible. Se aconseja detallar situaciones concretas en las que se haya demostrado, por ejemplo, una habilidad emprendedora al liderar proyectos con resultados claros, o una competencia de liderazgo manifestada en la gesti\u00f3n exitosa de un equipo.<\/p>\n<p>El uso de palabras clave acordes a las tendencias del mercado laboral es \u00fatil para superar los filtros de los sistemas automatizados de selecci\u00f3n (como los sistemas de gesti\u00f3n de candidatos). Es recomendable se\u00f1alar logros medibles, como el aumento de productividad o la reducci\u00f3n de costes, as\u00ed como la expansi\u00f3n a nuevos mercados, para reforzar la credibilidad del candidato.<\/p>\n<p>La elecci\u00f3n de ejemplos relevantes y actuales permite evidenciar capacidad de adaptaci\u00f3n y aprendizaje continuo, factores tomados en cuenta para acceder a los puestos con mejores salarios..<\/p>\n","protected":false},"excerpt":{"rendered":"<p>La irrupci\u00f3n de la inteligencia artificial est\u00e1 transformando el mercado laboral y exige que los profesionales desarrollen habilidades transferibles para &#8230;<\/p>\n","protected":false},"author":2,"featured_media":214236,"comment_status":"closed","ping_status":"closed","sticky":false,"template":"","format":"standard","meta":{"footnotes":""},"categories":[26],"tags":[],"class_list":["post-214233","post","type-post","status-publish","format-standard","has-post-thumbnail","hentry","category-economia"],"yoast_head":"<!-- This site is optimized with the Yoast SEO plugin v24.8.1 - https:\/\/yoast.com\/wordpress\/plugins\/seo\/ -->\n<title>C\u00f3mo la inteligencia artificial puede impulsar nuevas oportunidades laborales en 2026 - PotenciaRadiofonicaDominicana.com<\/title>\n<meta name=\"robots\" content=\"index, follow, max-snippet:-1, max-image-preview:large, max-video-preview:-1\" \/>\n<link rel=\"canonical\" href=\"https:\/\/potenciaradiofonicadominicana.com\/portal\/como-la-inteligencia-artificial-puede-impulsar-nuevas-oportunidades-laborales-en-2026\/\" \/>\n<meta property=\"og:locale\" content=\"es_ES\" \/>\n<meta property=\"og:type\" content=\"article\" \/>\n<meta property=\"og:title\" content=\"C\u00f3mo la inteligencia artificial puede impulsar nuevas oportunidades laborales en 2026 - PotenciaRadiofonicaDominicana.com\" \/>\n<meta property=\"og:description\" content=\"La irrupci\u00f3n de la inteligencia artificial est\u00e1 transformando el mercado laboral y exige que los profesionales desarrollen habilidades transferibles para ...\" \/>\n<meta property=\"og:url\" content=\"https:\/\/potenciaradiofonicadominicana.com\/portal\/como-la-inteligencia-artificial-puede-impulsar-nuevas-oportunidades-laborales-en-2026\/\" \/>\n<meta property=\"og:site_name\" content=\"PotenciaRadiofonicaDominicana.com\" \/>\n<meta property=\"article:publisher\" content=\"https:\/\/web.facebook.com\/PotenciaRadiofonicaD\" \/>\n<meta property=\"article:published_time\" content=\"2026-04-05T23:39:20+00:00\" \/>\n<meta property=\"article:modified_time\" content=\"2026-04-05T23:39:21+00:00\" \/>\n<meta property=\"og:image\" content=\"https:\/\/potenciaradiofonicadominicana.com\/portal\/wp-content\/uploads\/2026\/04\/920743046-scaled.webp\" \/>\n\t<meta property=\"og:image:width\" content=\"2560\" \/>\n\t<meta property=\"og:image:height\" content=\"1707\" \/>\n\t<meta property=\"og:image:type\" content=\"image\/webp\" \/>\n<meta name=\"author\" content=\"Potencia Radiof\u00f3nica Dominicana\" \/>\n<meta name=\"twitter:card\" content=\"summary_large_image\" \/>\n<meta name=\"twitter:label1\" content=\"Escrito por\" \/>\n\t<meta name=\"twitter:data1\" content=\"Potencia Radiof\u00f3nica Dominicana\" \/>\n\t<meta name=\"twitter:label2\" content=\"Tiempo de lectura\" \/>\n\t<meta name=\"twitter:data2\" content=\"4 minutos\" \/>\n<script type=\"application\/ld+json\" class=\"yoast-schema-graph\">{\"@context\":\"https:\/\/schema.org\",\"@graph\":[{\"@type\":\"Article\",\"@id\":\"https:\/\/potenciaradiofonicadominicana.com\/portal\/como-la-inteligencia-artificial-puede-impulsar-nuevas-oportunidades-laborales-en-2026\/#article\",\"isPartOf\":{\"@id\":\"https:\/\/potenciaradiofonicadominicana.com\/portal\/como-la-inteligencia-artificial-puede-impulsar-nuevas-oportunidades-laborales-en-2026\/\"},\"author\":{\"name\":\"Potencia Radiof\u00f3nica Dominicana\",\"@id\":\"https:\/\/potenciaradiofonicadominicana.com\/portal\/#\/schema\/person\/a5cf1fea13877803ee0573ac18b03490\"},\"headline\":\"C\u00f3mo la inteligencia artificial puede impulsar nuevas oportunidades laborales en 2026\",\"datePublished\":\"2026-04-05T23:39:20+00:00\",\"dateModified\":\"2026-04-05T23:39:21+00:00\",\"mainEntityOfPage\":{\"@id\":\"https:\/\/potenciaradiofonicadominicana.com\/portal\/como-la-inteligencia-artificial-puede-impulsar-nuevas-oportunidades-laborales-en-2026\/\"},\"wordCount\":708,\"publisher\":{\"@id\":\"https:\/\/potenciaradiofonicadominicana.com\/portal\/#organization\"},\"image\":{\"@id\":\"https:\/\/potenciaradiofonicadominicana.com\/portal\/como-la-inteligencia-artificial-puede-impulsar-nuevas-oportunidades-laborales-en-2026\/#primaryimage\"},\"thumbnailUrl\":\"https:\/\/potenciaradiofonicadominicana.com\/portal\/wp-content\/uploads\/2026\/04\/920743046-scaled.webp\",\"articleSection\":[\"Econom\u00eda\"],\"inLanguage\":\"es\"},{\"@type\":\"WebPage\",\"@id\":\"https:\/\/potenciaradiofonicadominicana.com\/portal\/como-la-inteligencia-artificial-puede-impulsar-nuevas-oportunidades-laborales-en-2026\/\",\"url\":\"https:\/\/potenciaradiofonicadominicana.com\/portal\/como-la-inteligencia-artificial-puede-impulsar-nuevas-oportunidades-laborales-en-2026\/\",\"name\":\"C\u00f3mo la inteligencia artificial puede impulsar nuevas oportunidades laborales en 2026 - PotenciaRadiofonicaDominicana.com\",\"isPartOf\":{\"@id\":\"https:\/\/potenciaradiofonicadominicana.com\/portal\/#website\"},\"primaryImageOfPage\":{\"@id\":\"https:\/\/potenciaradiofonicadominicana.com\/portal\/como-la-inteligencia-artificial-puede-impulsar-nuevas-oportunidades-laborales-en-2026\/#primaryimage\"},\"image\":{\"@id\":\"https:\/\/potenciaradiofonicadominicana.com\/portal\/como-la-inteligencia-artificial-puede-impulsar-nuevas-oportunidades-laborales-en-2026\/#primaryimage\"},\"thumbnailUrl\":\"https:\/\/potenciaradiofonicadominicana.com\/portal\/wp-content\/uploads\/2026\/04\/920743046-scaled.webp\",\"datePublished\":\"2026-04-05T23:39:20+00:00\",\"dateModified\":\"2026-04-05T23:39:21+00:00\",\"breadcrumb\":{\"@id\":\"https:\/\/potenciaradiofonicadominicana.com\/portal\/como-la-inteligencia-artificial-puede-impulsar-nuevas-oportunidades-laborales-en-2026\/#breadcrumb\"},\"inLanguage\":\"es\",\"potentialAction\":[{\"@type\":\"ReadAction\",\"target\":[\"https:\/\/potenciaradiofonicadominicana.com\/portal\/como-la-inteligencia-artificial-puede-impulsar-nuevas-oportunidades-laborales-en-2026\/\"]}]},{\"@type\":\"ImageObject\",\"inLanguage\":\"es\",\"@id\":\"https:\/\/potenciaradiofonicadominicana.com\/portal\/como-la-inteligencia-artificial-puede-impulsar-nuevas-oportunidades-laborales-en-2026\/#primaryimage\",\"url\":\"https:\/\/potenciaradiofonicadominicana.com\/portal\/wp-content\/uploads\/2026\/04\/920743046-scaled.webp\",\"contentUrl\":\"https:\/\/potenciaradiofonicadominicana.com\/portal\/wp-content\/uploads\/2026\/04\/920743046-scaled.webp\",\"width\":2560,\"height\":1707},{\"@type\":\"BreadcrumbList\",\"@id\":\"https:\/\/potenciaradiofonicadominicana.com\/portal\/como-la-inteligencia-artificial-puede-impulsar-nuevas-oportunidades-laborales-en-2026\/#breadcrumb\",\"itemListElement\":[{\"@type\":\"ListItem\",\"position\":1,\"name\":\"Portada\",\"item\":\"https:\/\/potenciaradiofonicadominicana.com\/portal\/\"},{\"@type\":\"ListItem\",\"position\":2,\"name\":\"C\u00f3mo la inteligencia artificial puede impulsar nuevas oportunidades laborales en 2026\"}]},{\"@type\":\"WebSite\",\"@id\":\"https:\/\/potenciaradiofonicadominicana.com\/portal\/#website\",\"url\":\"https:\/\/potenciaradiofonicadominicana.com\/portal\/\",\"name\":\"PotenciaRadiofonicaDominicana.com\",\"description\":\"Peri\u00f3dico Digital\",\"publisher\":{\"@id\":\"https:\/\/potenciaradiofonicadominicana.com\/portal\/#organization\"},\"potentialAction\":[{\"@type\":\"SearchAction\",\"target\":{\"@type\":\"EntryPoint\",\"urlTemplate\":\"https:\/\/potenciaradiofonicadominicana.com\/portal\/?s={search_term_string}\"},\"query-input\":{\"@type\":\"PropertyValueSpecification\",\"valueRequired\":true,\"valueName\":\"search_term_string\"}}],\"inLanguage\":\"es\"},{\"@type\":\"Organization\",\"@id\":\"https:\/\/potenciaradiofonicadominicana.com\/portal\/#organization\",\"name\":\"PotenciaRadiofonicaDominicana.com\",\"url\":\"https:\/\/potenciaradiofonicadominicana.com\/portal\/\",\"logo\":{\"@type\":\"ImageObject\",\"inLanguage\":\"es\",\"@id\":\"https:\/\/potenciaradiofonicadominicana.com\/portal\/#\/schema\/logo\/image\/\",\"url\":\"https:\/\/potenciaradiofonicadominicana.com\/portal\/wp-content\/uploads\/2022\/01\/descarga.png\",\"contentUrl\":\"https:\/\/potenciaradiofonicadominicana.com\/portal\/wp-content\/uploads\/2022\/01\/descarga.png\",\"width\":300,\"height\":100,\"caption\":\"PotenciaRadiofonicaDominicana.com\"},\"image\":{\"@id\":\"https:\/\/potenciaradiofonicadominicana.com\/portal\/#\/schema\/logo\/image\/\"},\"sameAs\":[\"https:\/\/web.facebook.com\/PotenciaRadiofonicaD\"]},{\"@type\":\"Person\",\"@id\":\"https:\/\/potenciaradiofonicadominicana.com\/portal\/#\/schema\/person\/a5cf1fea13877803ee0573ac18b03490\",\"name\":\"Potencia Radiof\u00f3nica Dominicana\",\"image\":{\"@type\":\"ImageObject\",\"inLanguage\":\"es\",\"@id\":\"https:\/\/potenciaradiofonicadominicana.com\/portal\/#\/schema\/person\/image\/\",\"url\":\"https:\/\/secure.gravatar.com\/avatar\/42a55ab9e8ccc656ba34cd791990602a?s=96&d=mm&r=g\",\"contentUrl\":\"https:\/\/secure.gravatar.com\/avatar\/42a55ab9e8ccc656ba34cd791990602a?s=96&d=mm&r=g\",\"caption\":\"Potencia Radiof\u00f3nica Dominicana\"},\"url\":\"https:\/\/potenciaradiofonicadominicana.com\/portal\/author\/johannyalmanzar\/\"}]}<\/script>\n<!-- \/ Yoast SEO plugin. -->","yoast_head_json":{"title":"C\u00f3mo la inteligencia artificial puede impulsar nuevas oportunidades laborales en 2026 - PotenciaRadiofonicaDominicana.com","robots":{"index":"index","follow":"follow","max-snippet":"max-snippet:-1","max-image-preview":"max-image-preview:large","max-video-preview":"max-video-preview:-1"},"canonical":"https:\/\/potenciaradiofonicadominicana.com\/portal\/como-la-inteligencia-artificial-puede-impulsar-nuevas-oportunidades-laborales-en-2026\/","og_locale":"es_ES","og_type":"article","og_title":"C\u00f3mo la inteligencia artificial puede impulsar nuevas oportunidades laborales en 2026 - PotenciaRadiofonicaDominicana.com","og_description":"La irrupci\u00f3n de la inteligencia artificial est\u00e1 transformando el mercado laboral y exige que los profesionales desarrollen habilidades transferibles para ...","og_url":"https:\/\/potenciaradiofonicadominicana.com\/portal\/como-la-inteligencia-artificial-puede-impulsar-nuevas-oportunidades-laborales-en-2026\/","og_site_name":"PotenciaRadiofonicaDominicana.com","article_publisher":"https:\/\/web.facebook.com\/PotenciaRadiofonicaD","article_published_time":"2026-04-05T23:39:20+00:00","article_modified_time":"2026-04-05T23:39:21+00:00","og_image":[{"width":2560,"height":1707,"url":"https:\/\/potenciaradiofonicadominicana.com\/portal\/wp-content\/uploads\/2026\/04\/920743046-scaled.webp","type":"image\/webp"}],"author":"Potencia Radiof\u00f3nica Dominicana","twitter_card":"summary_large_image","twitter_misc":{"Escrito por":"Potencia Radiof\u00f3nica Dominicana","Tiempo de lectura":"4 minutos"},"schema":{"@context":"https:\/\/schema.org","@graph":[{"@type":"Article","@id":"https:\/\/potenciaradiofonicadominicana.com\/portal\/como-la-inteligencia-artificial-puede-impulsar-nuevas-oportunidades-laborales-en-2026\/#article","isPartOf":{"@id":"https:\/\/potenciaradiofonicadominicana.com\/portal\/como-la-inteligencia-artificial-puede-impulsar-nuevas-oportunidades-laborales-en-2026\/"},"author":{"name":"Potencia Radiof\u00f3nica Dominicana","@id":"https:\/\/potenciaradiofonicadominicana.com\/portal\/#\/schema\/person\/a5cf1fea13877803ee0573ac18b03490"},"headline":"C\u00f3mo la inteligencia artificial puede impulsar nuevas oportunidades laborales en 2026","datePublished":"2026-04-05T23:39:20+00:00","dateModified":"2026-04-05T23:39:21+00:00","mainEntityOfPage":{"@id":"https:\/\/potenciaradiofonicadominicana.com\/portal\/como-la-inteligencia-artificial-puede-impulsar-nuevas-oportunidades-laborales-en-2026\/"},"wordCount":708,"publisher":{"@id":"https:\/\/potenciaradiofonicadominicana.com\/portal\/#organization"},"image":{"@id":"https:\/\/potenciaradiofonicadominicana.com\/portal\/como-la-inteligencia-artificial-puede-impulsar-nuevas-oportunidades-laborales-en-2026\/#primaryimage"},"thumbnailUrl":"https:\/\/potenciaradiofonicadominicana.com\/portal\/wp-content\/uploads\/2026\/04\/920743046-scaled.webp","articleSection":["Econom\u00eda"],"inLanguage":"es"},{"@type":"WebPage","@id":"https:\/\/potenciaradiofonicadominicana.com\/portal\/como-la-inteligencia-artificial-puede-impulsar-nuevas-oportunidades-laborales-en-2026\/","url":"https:\/\/potenciaradiofonicadominicana.com\/portal\/como-la-inteligencia-artificial-puede-impulsar-nuevas-oportunidades-laborales-en-2026\/","name":"C\u00f3mo la inteligencia artificial puede impulsar nuevas oportunidades laborales en 2026 - PotenciaRadiofonicaDominicana.com","isPartOf":{"@id":"https:\/\/potenciaradiofonicadominicana.com\/portal\/#website"},"primaryImageOfPage":{"@id":"https:\/\/potenciaradiofonicadominicana.com\/portal\/como-la-inteligencia-artificial-puede-impulsar-nuevas-oportunidades-laborales-en-2026\/#primaryimage"},"image":{"@id":"https:\/\/potenciaradiofonicadominicana.com\/portal\/como-la-inteligencia-artificial-puede-impulsar-nuevas-oportunidades-laborales-en-2026\/#primaryimage"},"thumbnailUrl":"https:\/\/potenciaradiofonicadominicana.com\/portal\/wp-content\/uploads\/2026\/04\/920743046-scaled.webp","datePublished":"2026-04-05T23:39:20+00:00","dateModified":"2026-04-05T23:39:21+00:00","breadcrumb":{"@id":"https:\/\/potenciaradiofonicadominicana.com\/portal\/como-la-inteligencia-artificial-puede-impulsar-nuevas-oportunidades-laborales-en-2026\/#breadcrumb"},"inLanguage":"es","potentialAction":[{"@type":"ReadAction","target":["https:\/\/potenciaradiofonicadominicana.com\/portal\/como-la-inteligencia-artificial-puede-impulsar-nuevas-oportunidades-laborales-en-2026\/"]}]},{"@type":"ImageObject","inLanguage":"es","@id":"https:\/\/potenciaradiofonicadominicana.com\/portal\/como-la-inteligencia-artificial-puede-impulsar-nuevas-oportunidades-laborales-en-2026\/#primaryimage","url":"https:\/\/potenciaradiofonicadominicana.com\/portal\/wp-content\/uploads\/2026\/04\/920743046-scaled.webp","contentUrl":"https:\/\/potenciaradiofonicadominicana.com\/portal\/wp-content\/uploads\/2026\/04\/920743046-scaled.webp","width":2560,"height":1707},{"@type":"BreadcrumbList","@id":"https:\/\/potenciaradiofonicadominicana.com\/portal\/como-la-inteligencia-artificial-puede-impulsar-nuevas-oportunidades-laborales-en-2026\/#breadcrumb","itemListElement":[{"@type":"ListItem","position":1,"name":"Portada","item":"https:\/\/potenciaradiofonicadominicana.com\/portal\/"},{"@type":"ListItem","position":2,"name":"C\u00f3mo la inteligencia artificial puede impulsar nuevas oportunidades laborales en 2026"}]},{"@type":"WebSite","@id":"https:\/\/potenciaradiofonicadominicana.com\/portal\/#website","url":"https:\/\/potenciaradiofonicadominicana.com\/portal\/","name":"PotenciaRadiofonicaDominicana.com","description":"Peri\u00f3dico Digital","publisher":{"@id":"https:\/\/potenciaradiofonicadominicana.com\/portal\/#organization"},"potentialAction":[{"@type":"SearchAction","target":{"@type":"EntryPoint","urlTemplate":"https:\/\/potenciaradiofonicadominicana.com\/portal\/?s={search_term_string}"},"query-input":{"@type":"PropertyValueSpecification","valueRequired":true,"valueName":"search_term_string"}}],"inLanguage":"es"},{"@type":"Organization","@id":"https:\/\/potenciaradiofonicadominicana.com\/portal\/#organization","name":"PotenciaRadiofonicaDominicana.com","url":"https:\/\/potenciaradiofonicadominicana.com\/portal\/","logo":{"@type":"ImageObject","inLanguage":"es","@id":"https:\/\/potenciaradiofonicadominicana.com\/portal\/#\/schema\/logo\/image\/","url":"https:\/\/potenciaradiofonicadominicana.com\/portal\/wp-content\/uploads\/2022\/01\/descarga.png","contentUrl":"https:\/\/potenciaradiofonicadominicana.com\/portal\/wp-content\/uploads\/2022\/01\/descarga.png","width":300,"height":100,"caption":"PotenciaRadiofonicaDominicana.com"},"image":{"@id":"https:\/\/potenciaradiofonicadominicana.com\/portal\/#\/schema\/logo\/image\/"},"sameAs":["https:\/\/web.facebook.com\/PotenciaRadiofonicaD"]},{"@type":"Person","@id":"https:\/\/potenciaradiofonicadominicana.com\/portal\/#\/schema\/person\/a5cf1fea13877803ee0573ac18b03490","name":"Potencia Radiof\u00f3nica Dominicana","image":{"@type":"ImageObject","inLanguage":"es","@id":"https:\/\/potenciaradiofonicadominicana.com\/portal\/#\/schema\/person\/image\/","url":"https:\/\/secure.gravatar.com\/avatar\/42a55ab9e8ccc656ba34cd791990602a?s=96&d=mm&r=g","contentUrl":"https:\/\/secure.gravatar.com\/avatar\/42a55ab9e8ccc656ba34cd791990602a?s=96&d=mm&r=g","caption":"Potencia Radiof\u00f3nica Dominicana"},"url":"https:\/\/potenciaradiofonicadominicana.com\/portal\/author\/johannyalmanzar\/"}]}},"_links":{"self":[{"href":"https:\/\/potenciaradiofonicadominicana.com\/portal\/wp-json\/wp\/v2\/posts\/214233","targetHints":{"allow":["GET"]}}],"collection":[{"href":"https:\/\/potenciaradiofonicadominicana.com\/portal\/wp-json\/wp\/v2\/posts"}],"about":[{"href":"https:\/\/potenciaradiofonicadominicana.com\/portal\/wp-json\/wp\/v2\/types\/post"}],"author":[{"embeddable":true,"href":"https:\/\/potenciaradiofonicadominicana.com\/portal\/wp-json\/wp\/v2\/users\/2"}],"replies":[{"embeddable":true,"href":"https:\/\/potenciaradiofonicadominicana.com\/portal\/wp-json\/wp\/v2\/comments?post=214233"}],"version-history":[{"count":1,"href":"https:\/\/potenciaradiofonicadominicana.com\/portal\/wp-json\/wp\/v2\/posts\/214233\/revisions"}],"predecessor-version":[{"id":214237,"href":"https:\/\/potenciaradiofonicadominicana.com\/portal\/wp-json\/wp\/v2\/posts\/214233\/revisions\/214237"}],"wp:featuredmedia":[{"embeddable":true,"href":"https:\/\/potenciaradiofonicadominicana.com\/portal\/wp-json\/wp\/v2\/media\/214236"}],"wp:attachment":[{"href":"https:\/\/potenciaradiofonicadominicana.com\/portal\/wp-json\/wp\/v2\/media?parent=214233"}],"wp:term":[{"taxonomy":"category","embeddable":true,"href":"https:\/\/potenciaradiofonicadominicana.com\/portal\/wp-json\/wp\/v2\/categories?post=214233"},{"taxonomy":"post_tag","embeddable":true,"href":"https:\/\/potenciaradiofonicadominicana.com\/portal\/wp-json\/wp\/v2\/tags?post=214233"}],"curies":[{"name":"wp","href":"https:\/\/api.w.org\/{rel}","templated":true}]}}