{"id":214227,"date":"2026-04-05T19:35:06","date_gmt":"2026-04-05T23:35:06","guid":{"rendered":"https:\/\/potenciaradiofonicadominicana.com\/portal\/?p=214227"},"modified":"2026-04-05T19:35:06","modified_gmt":"2026-04-05T23:35:06","slug":"economia-dominicana-registra-crecimiento-de-3-9-en-febrero-2026-segun-el-banco-central","status":"publish","type":"post","link":"https:\/\/potenciaradiofonicadominicana.com\/portal\/economia-dominicana-registra-crecimiento-de-3-9-en-febrero-2026-segun-el-banco-central\/","title":{"rendered":"Econom\u00eda dominicana registra crecimiento de 3.9 % en febrero 2026, seg\u00fan el Banco Central"},"content":{"rendered":"<p><a href=\"https:\/\/potenciaradiofonicadominicana.com\/portal\/wp-content\/uploads\/2026\/04\/Banco_Central_de_la_Republica_Dominicana-scaled-1.jpeg\"><img loading=\"lazy\" decoding=\"async\" class=\"alignnone size-full wp-image-214228\" src=\"https:\/\/potenciaradiofonicadominicana.com\/portal\/wp-content\/uploads\/2026\/04\/Banco_Central_de_la_Republica_Dominicana-scaled-1.jpeg\" alt=\"\" width=\"2560\" height=\"1638\" srcset=\"https:\/\/potenciaradiofonicadominicana.com\/portal\/wp-content\/uploads\/2026\/04\/Banco_Central_de_la_Republica_Dominicana-scaled-1.jpeg 2560w, https:\/\/potenciaradiofonicadominicana.com\/portal\/wp-content\/uploads\/2026\/04\/Banco_Central_de_la_Republica_Dominicana-scaled-1-300x192.jpeg 300w, https:\/\/potenciaradiofonicadominicana.com\/portal\/wp-content\/uploads\/2026\/04\/Banco_Central_de_la_Republica_Dominicana-scaled-1-1024x655.jpeg 1024w, https:\/\/potenciaradiofonicadominicana.com\/portal\/wp-content\/uploads\/2026\/04\/Banco_Central_de_la_Republica_Dominicana-scaled-1-768x491.jpeg 768w, https:\/\/potenciaradiofonicadominicana.com\/portal\/wp-content\/uploads\/2026\/04\/Banco_Central_de_la_Republica_Dominicana-scaled-1-1536x983.jpeg 1536w, https:\/\/potenciaradiofonicadominicana.com\/portal\/wp-content\/uploads\/2026\/04\/Banco_Central_de_la_Republica_Dominicana-scaled-1-2048x1310.jpeg 2048w\" sizes=\"auto, (max-width: 2560px) 100vw, 2560px\" \/><\/a><\/p>\n<p>El Banco Central inform\u00f3 que las cifras preliminares del indicador mensual de actividad econ\u00f3mica (IMAE) correspondientes a febrero de 2026 reflejan un crecimiento interanual de 3.9 %, el ritmo de expansi\u00f3n m\u00e1s alto de los \u00faltimos once meses. Con este resultado, la econom\u00eda acumula un crecimiento promedio de 3.7 % en los primeros dos meses del a\u00f1o.<\/p>\n<p>Se\u00f1al\u00f3 que este resultado de enero-febrero de 2026 obedece principalmente al desempe\u00f1o interanual favorable del valor agregado real del sector miner\u00eda (9.4 %), construcci\u00f3n (5.8 %) y las actividades del sector servicios en su conjunto (3.5 %), destac\u00e1ndose entre estas \u00faltimas ense\u00f1anza (7.0 %), salud (6.0 %), hoteles, bares y restaurantes (5.3 %), intermediaci\u00f3n financiera, seguros y actividades conexas (5.2 %), servicios profesionales (4.1 %) y otras actividades de servicios (3.8 %). Adicionalmente, registraron un crecimiento positivo la agropecuaria (3.2 %), manufactura local (2.4 %) y la manufactura de zonas francas (1.2 %).<\/p>\n<p class=\"text-justify\">El sector construcci\u00f3n acumula una variaci\u00f3n interanual de 5.8 % en enero-febrero de 2026, explicada por una mayor ejecuci\u00f3n en el gasto de capital por parte del sector p\u00fablico y por la inversi\u00f3n privada en proyectos residenciales, comerciales y tur\u00edsticos. Cabe se\u00f1alar que las tasas de inter\u00e9s activas m\u00e1s favorables han contribuido al crecimiento interanual del sector.<\/p>\n<p class=\"text-justify\">En cuanto al resto de las industrias, la manufactura local creci\u00f3 2.4 % en t\u00e9rminos interanuales en enero-febrero de 2026, fundamentalmente por el comportamiento registrado en la elaboraci\u00f3n de bebidas alcoh\u00f3licas y la fabricaci\u00f3n de minerales no met\u00e1licos, mientras que la manufactura de zonas francas exhibi\u00f3 un crecimiento interanual de 1.2 % en igual per\u00edodo, desempe\u00f1o que se ve reflejado en las exportaciones bajo este r\u00e9gimen que totalizaron US$1,241.4 millones.<\/p>\n<p class=\"text-justify\">En el caso de la miner\u00eda, la actividad registr\u00f3 una variaci\u00f3n interanual acumulada a febrero de 9.4 %, asociada a mayores vol\u00famenes de extracci\u00f3n de oro, plata y arena, grava y gravilla en el transcurso de ese per\u00edodo.<\/p>\n<p class=\"text-justify\">En relaci\u00f3n al valor agregado de hoteles, bares y restaurantes, este exhibi\u00f3 una variaci\u00f3n acumulada interanual de 5.3 %, lo que responde principalmente al incremento en la llegada de pasajeros no residentes v\u00eda a\u00e9rea, la cual alcanz\u00f3 1,649,926 de turistas recibidos por los distintos aeropuertos del pa\u00eds en los dos primeros meses de 2026, significando un crecimiento de 10.0 % respecto al mismo per\u00edodo del a\u00f1o 2025.<\/p>\n<p class=\"text-justify\">Durante el per\u00edodo enero-febrero, la actividad de intermediaci\u00f3n financiera, seguros y actividades conexas experiment\u00f3 un crecimiento interanual de 5.2 %, reflejando en gran medida la expansi\u00f3n de 8.1 % del cr\u00e9dito dirigido al sector privado en moneda nacional y extranjera, equivalente a RD$188 mil millones adicionales con respecto a febrero del a\u00f1o 2025, as\u00ed como al desempe\u00f1o favorable de los ingresos por primas y comisiones del conglomerado de empresas representado en esta actividad.<\/p>\n<p class=\"text-justify\">Con respecto al sector agropecuario, el mismo evidenci\u00f3 un crecimiento interanual de 3.2 % en los primeros dos meses del a\u00f1o, impulsado por el aumento en la producci\u00f3n de aguacate, pl\u00e1tano, guineo, huevos, leche cruda, entre otros rubros. Este desempe\u00f1o positivo ha sido respaldado por el apoyo t\u00e9cnico y financiero brindado a los productores agropecuarios a nivel nacional por el Gobierno, a trav\u00e9s del Ministerio de Agricultura y sus dependencias. Dichas medidas han contribuido al desarrollo agroforestal y a la seguridad alimentaria y nutricional del pa\u00eds.<\/p>\n<p class=\"text-justify\">Finalmente, es importante destacar que el Banco Central de la Rep\u00fablica Dominicana inform\u00f3 que mantiene su compromiso con la estabilidad macroecon\u00f3mica, por lo que se encuentra monitoreando de cerca el comportamiento de la econom\u00eda dominicana dentro del actual contexto internacional complejo, convulso y cargado de incertidumbre por los conflictos geopol\u00edticos, los cuales han originado un nuevo choque de oferta adverso, v\u00eda el aumento del precio del petr\u00f3leo y sus derivados, con el objetivo de adoptar oportunamente las medidas necesarias que contribuyan al cumplimiento de la meta de inflaci\u00f3n.<\/p>\n","protected":false},"excerpt":{"rendered":"<p>El Banco Central inform\u00f3 que las cifras preliminares del indicador mensual de actividad econ\u00f3mica (IMAE) correspondientes a febrero de 2026 &#8230;<\/p>\n","protected":false},"author":2,"featured_media":214228,"comment_status":"closed","ping_status":"closed","sticky":false,"template":"","format":"standard","meta":{"footnotes":""},"categories":[26],"tags":[],"class_list":["post-214227","post","type-post","status-publish","format-standard","has-post-thumbnail","hentry","category-economia"],"yoast_head":"<!-- This site is optimized with the Yoast SEO plugin v24.8.1 - https:\/\/yoast.com\/wordpress\/plugins\/seo\/ -->\n<title>Econom\u00eda dominicana registra crecimiento de 3.9 % en febrero 2026, seg\u00fan el Banco Central - PotenciaRadiofonicaDominicana.com<\/title>\n<meta name=\"robots\" content=\"index, follow, max-snippet:-1, max-image-preview:large, max-video-preview:-1\" \/>\n<link rel=\"canonical\" href=\"https:\/\/potenciaradiofonicadominicana.com\/portal\/economia-dominicana-registra-crecimiento-de-3-9-en-febrero-2026-segun-el-banco-central\/\" \/>\n<meta property=\"og:locale\" content=\"es_ES\" \/>\n<meta property=\"og:type\" content=\"article\" \/>\n<meta property=\"og:title\" content=\"Econom\u00eda dominicana registra crecimiento de 3.9 % en febrero 2026, seg\u00fan el Banco Central - PotenciaRadiofonicaDominicana.com\" \/>\n<meta property=\"og:description\" content=\"El Banco Central inform\u00f3 que las cifras preliminares del indicador mensual de actividad econ\u00f3mica (IMAE) correspondientes a febrero de 2026 ...\" \/>\n<meta property=\"og:url\" content=\"https:\/\/potenciaradiofonicadominicana.com\/portal\/economia-dominicana-registra-crecimiento-de-3-9-en-febrero-2026-segun-el-banco-central\/\" \/>\n<meta property=\"og:site_name\" content=\"PotenciaRadiofonicaDominicana.com\" \/>\n<meta property=\"article:publisher\" content=\"https:\/\/web.facebook.com\/PotenciaRadiofonicaD\" \/>\n<meta property=\"article:published_time\" content=\"2026-04-05T23:35:06+00:00\" \/>\n<meta property=\"og:image\" content=\"https:\/\/potenciaradiofonicadominicana.com\/portal\/wp-content\/uploads\/2026\/04\/Banco_Central_de_la_Republica_Dominicana-scaled-1.jpeg\" \/>\n\t<meta property=\"og:image:width\" content=\"2560\" \/>\n\t<meta property=\"og:image:height\" content=\"1638\" \/>\n\t<meta property=\"og:image:type\" content=\"image\/jpeg\" \/>\n<meta name=\"author\" content=\"Potencia Radiof\u00f3nica Dominicana\" \/>\n<meta name=\"twitter:card\" content=\"summary_large_image\" \/>\n<meta name=\"twitter:label1\" content=\"Escrito por\" \/>\n\t<meta name=\"twitter:data1\" content=\"Potencia Radiof\u00f3nica Dominicana\" \/>\n\t<meta name=\"twitter:label2\" content=\"Tiempo de lectura\" \/>\n\t<meta name=\"twitter:data2\" content=\"4 minutos\" \/>\n<script type=\"application\/ld+json\" class=\"yoast-schema-graph\">{\"@context\":\"https:\/\/schema.org\",\"@graph\":[{\"@type\":\"Article\",\"@id\":\"https:\/\/potenciaradiofonicadominicana.com\/portal\/economia-dominicana-registra-crecimiento-de-3-9-en-febrero-2026-segun-el-banco-central\/#article\",\"isPartOf\":{\"@id\":\"https:\/\/potenciaradiofonicadominicana.com\/portal\/economia-dominicana-registra-crecimiento-de-3-9-en-febrero-2026-segun-el-banco-central\/\"},\"author\":{\"name\":\"Potencia Radiof\u00f3nica Dominicana\",\"@id\":\"https:\/\/potenciaradiofonicadominicana.com\/portal\/#\/schema\/person\/a5cf1fea13877803ee0573ac18b03490\"},\"headline\":\"Econom\u00eda dominicana registra crecimiento de 3.9 % en febrero 2026, seg\u00fan el Banco Central\",\"datePublished\":\"2026-04-05T23:35:06+00:00\",\"mainEntityOfPage\":{\"@id\":\"https:\/\/potenciaradiofonicadominicana.com\/portal\/economia-dominicana-registra-crecimiento-de-3-9-en-febrero-2026-segun-el-banco-central\/\"},\"wordCount\":649,\"publisher\":{\"@id\":\"https:\/\/potenciaradiofonicadominicana.com\/portal\/#organization\"},\"image\":{\"@id\":\"https:\/\/potenciaradiofonicadominicana.com\/portal\/economia-dominicana-registra-crecimiento-de-3-9-en-febrero-2026-segun-el-banco-central\/#primaryimage\"},\"thumbnailUrl\":\"https:\/\/potenciaradiofonicadominicana.com\/portal\/wp-content\/uploads\/2026\/04\/Banco_Central_de_la_Republica_Dominicana-scaled-1.jpeg\",\"articleSection\":[\"Econom\u00eda\"],\"inLanguage\":\"es\"},{\"@type\":\"WebPage\",\"@id\":\"https:\/\/potenciaradiofonicadominicana.com\/portal\/economia-dominicana-registra-crecimiento-de-3-9-en-febrero-2026-segun-el-banco-central\/\",\"url\":\"https:\/\/potenciaradiofonicadominicana.com\/portal\/economia-dominicana-registra-crecimiento-de-3-9-en-febrero-2026-segun-el-banco-central\/\",\"name\":\"Econom\u00eda dominicana registra crecimiento de 3.9 % en febrero 2026, seg\u00fan el Banco Central - PotenciaRadiofonicaDominicana.com\",\"isPartOf\":{\"@id\":\"https:\/\/potenciaradiofonicadominicana.com\/portal\/#website\"},\"primaryImageOfPage\":{\"@id\":\"https:\/\/potenciaradiofonicadominicana.com\/portal\/economia-dominicana-registra-crecimiento-de-3-9-en-febrero-2026-segun-el-banco-central\/#primaryimage\"},\"image\":{\"@id\":\"https:\/\/potenciaradiofonicadominicana.com\/portal\/economia-dominicana-registra-crecimiento-de-3-9-en-febrero-2026-segun-el-banco-central\/#primaryimage\"},\"thumbnailUrl\":\"https:\/\/potenciaradiofonicadominicana.com\/portal\/wp-content\/uploads\/2026\/04\/Banco_Central_de_la_Republica_Dominicana-scaled-1.jpeg\",\"datePublished\":\"2026-04-05T23:35:06+00:00\",\"breadcrumb\":{\"@id\":\"https:\/\/potenciaradiofonicadominicana.com\/portal\/economia-dominicana-registra-crecimiento-de-3-9-en-febrero-2026-segun-el-banco-central\/#breadcrumb\"},\"inLanguage\":\"es\",\"potentialAction\":[{\"@type\":\"ReadAction\",\"target\":[\"https:\/\/potenciaradiofonicadominicana.com\/portal\/economia-dominicana-registra-crecimiento-de-3-9-en-febrero-2026-segun-el-banco-central\/\"]}]},{\"@type\":\"ImageObject\",\"inLanguage\":\"es\",\"@id\":\"https:\/\/potenciaradiofonicadominicana.com\/portal\/economia-dominicana-registra-crecimiento-de-3-9-en-febrero-2026-segun-el-banco-central\/#primaryimage\",\"url\":\"https:\/\/potenciaradiofonicadominicana.com\/portal\/wp-content\/uploads\/2026\/04\/Banco_Central_de_la_Republica_Dominicana-scaled-1.jpeg\",\"contentUrl\":\"https:\/\/potenciaradiofonicadominicana.com\/portal\/wp-content\/uploads\/2026\/04\/Banco_Central_de_la_Republica_Dominicana-scaled-1.jpeg\",\"width\":2560,\"height\":1638},{\"@type\":\"BreadcrumbList\",\"@id\":\"https:\/\/potenciaradiofonicadominicana.com\/portal\/economia-dominicana-registra-crecimiento-de-3-9-en-febrero-2026-segun-el-banco-central\/#breadcrumb\",\"itemListElement\":[{\"@type\":\"ListItem\",\"position\":1,\"name\":\"Portada\",\"item\":\"https:\/\/potenciaradiofonicadominicana.com\/portal\/\"},{\"@type\":\"ListItem\",\"position\":2,\"name\":\"Econom\u00eda dominicana registra crecimiento de 3.9 % en febrero 2026, seg\u00fan el Banco Central\"}]},{\"@type\":\"WebSite\",\"@id\":\"https:\/\/potenciaradiofonicadominicana.com\/portal\/#website\",\"url\":\"https:\/\/potenciaradiofonicadominicana.com\/portal\/\",\"name\":\"PotenciaRadiofonicaDominicana.com\",\"description\":\"Peri\u00f3dico Digital\",\"publisher\":{\"@id\":\"https:\/\/potenciaradiofonicadominicana.com\/portal\/#organization\"},\"potentialAction\":[{\"@type\":\"SearchAction\",\"target\":{\"@type\":\"EntryPoint\",\"urlTemplate\":\"https:\/\/potenciaradiofonicadominicana.com\/portal\/?s={search_term_string}\"},\"query-input\":{\"@type\":\"PropertyValueSpecification\",\"valueRequired\":true,\"valueName\":\"search_term_string\"}}],\"inLanguage\":\"es\"},{\"@type\":\"Organization\",\"@id\":\"https:\/\/potenciaradiofonicadominicana.com\/portal\/#organization\",\"name\":\"PotenciaRadiofonicaDominicana.com\",\"url\":\"https:\/\/potenciaradiofonicadominicana.com\/portal\/\",\"logo\":{\"@type\":\"ImageObject\",\"inLanguage\":\"es\",\"@id\":\"https:\/\/potenciaradiofonicadominicana.com\/portal\/#\/schema\/logo\/image\/\",\"url\":\"https:\/\/potenciaradiofonicadominicana.com\/portal\/wp-content\/uploads\/2022\/01\/descarga.png\",\"contentUrl\":\"https:\/\/potenciaradiofonicadominicana.com\/portal\/wp-content\/uploads\/2022\/01\/descarga.png\",\"width\":300,\"height\":100,\"caption\":\"PotenciaRadiofonicaDominicana.com\"},\"image\":{\"@id\":\"https:\/\/potenciaradiofonicadominicana.com\/portal\/#\/schema\/logo\/image\/\"},\"sameAs\":[\"https:\/\/web.facebook.com\/PotenciaRadiofonicaD\"]},{\"@type\":\"Person\",\"@id\":\"https:\/\/potenciaradiofonicadominicana.com\/portal\/#\/schema\/person\/a5cf1fea13877803ee0573ac18b03490\",\"name\":\"Potencia Radiof\u00f3nica Dominicana\",\"image\":{\"@type\":\"ImageObject\",\"inLanguage\":\"es\",\"@id\":\"https:\/\/potenciaradiofonicadominicana.com\/portal\/#\/schema\/person\/image\/\",\"url\":\"https:\/\/secure.gravatar.com\/avatar\/42a55ab9e8ccc656ba34cd791990602a?s=96&d=mm&r=g\",\"contentUrl\":\"https:\/\/secure.gravatar.com\/avatar\/42a55ab9e8ccc656ba34cd791990602a?s=96&d=mm&r=g\",\"caption\":\"Potencia Radiof\u00f3nica Dominicana\"},\"url\":\"https:\/\/potenciaradiofonicadominicana.com\/portal\/author\/johannyalmanzar\/\"}]}<\/script>\n<!-- \/ Yoast SEO plugin. -->","yoast_head_json":{"title":"Econom\u00eda dominicana registra crecimiento de 3.9 % en febrero 2026, seg\u00fan el Banco Central - PotenciaRadiofonicaDominicana.com","robots":{"index":"index","follow":"follow","max-snippet":"max-snippet:-1","max-image-preview":"max-image-preview:large","max-video-preview":"max-video-preview:-1"},"canonical":"https:\/\/potenciaradiofonicadominicana.com\/portal\/economia-dominicana-registra-crecimiento-de-3-9-en-febrero-2026-segun-el-banco-central\/","og_locale":"es_ES","og_type":"article","og_title":"Econom\u00eda dominicana registra crecimiento de 3.9 % en febrero 2026, seg\u00fan el Banco Central - PotenciaRadiofonicaDominicana.com","og_description":"El Banco Central inform\u00f3 que las cifras preliminares del indicador mensual de actividad econ\u00f3mica (IMAE) correspondientes a febrero de 2026 ...","og_url":"https:\/\/potenciaradiofonicadominicana.com\/portal\/economia-dominicana-registra-crecimiento-de-3-9-en-febrero-2026-segun-el-banco-central\/","og_site_name":"PotenciaRadiofonicaDominicana.com","article_publisher":"https:\/\/web.facebook.com\/PotenciaRadiofonicaD","article_published_time":"2026-04-05T23:35:06+00:00","og_image":[{"width":2560,"height":1638,"url":"https:\/\/potenciaradiofonicadominicana.com\/portal\/wp-content\/uploads\/2026\/04\/Banco_Central_de_la_Republica_Dominicana-scaled-1.jpeg","type":"image\/jpeg"}],"author":"Potencia Radiof\u00f3nica Dominicana","twitter_card":"summary_large_image","twitter_misc":{"Escrito por":"Potencia Radiof\u00f3nica Dominicana","Tiempo de lectura":"4 minutos"},"schema":{"@context":"https:\/\/schema.org","@graph":[{"@type":"Article","@id":"https:\/\/potenciaradiofonicadominicana.com\/portal\/economia-dominicana-registra-crecimiento-de-3-9-en-febrero-2026-segun-el-banco-central\/#article","isPartOf":{"@id":"https:\/\/potenciaradiofonicadominicana.com\/portal\/economia-dominicana-registra-crecimiento-de-3-9-en-febrero-2026-segun-el-banco-central\/"},"author":{"name":"Potencia Radiof\u00f3nica Dominicana","@id":"https:\/\/potenciaradiofonicadominicana.com\/portal\/#\/schema\/person\/a5cf1fea13877803ee0573ac18b03490"},"headline":"Econom\u00eda dominicana registra crecimiento de 3.9 % en febrero 2026, seg\u00fan el Banco Central","datePublished":"2026-04-05T23:35:06+00:00","mainEntityOfPage":{"@id":"https:\/\/potenciaradiofonicadominicana.com\/portal\/economia-dominicana-registra-crecimiento-de-3-9-en-febrero-2026-segun-el-banco-central\/"},"wordCount":649,"publisher":{"@id":"https:\/\/potenciaradiofonicadominicana.com\/portal\/#organization"},"image":{"@id":"https:\/\/potenciaradiofonicadominicana.com\/portal\/economia-dominicana-registra-crecimiento-de-3-9-en-febrero-2026-segun-el-banco-central\/#primaryimage"},"thumbnailUrl":"https:\/\/potenciaradiofonicadominicana.com\/portal\/wp-content\/uploads\/2026\/04\/Banco_Central_de_la_Republica_Dominicana-scaled-1.jpeg","articleSection":["Econom\u00eda"],"inLanguage":"es"},{"@type":"WebPage","@id":"https:\/\/potenciaradiofonicadominicana.com\/portal\/economia-dominicana-registra-crecimiento-de-3-9-en-febrero-2026-segun-el-banco-central\/","url":"https:\/\/potenciaradiofonicadominicana.com\/portal\/economia-dominicana-registra-crecimiento-de-3-9-en-febrero-2026-segun-el-banco-central\/","name":"Econom\u00eda dominicana registra crecimiento de 3.9 % en febrero 2026, seg\u00fan el Banco Central - PotenciaRadiofonicaDominicana.com","isPartOf":{"@id":"https:\/\/potenciaradiofonicadominicana.com\/portal\/#website"},"primaryImageOfPage":{"@id":"https:\/\/potenciaradiofonicadominicana.com\/portal\/economia-dominicana-registra-crecimiento-de-3-9-en-febrero-2026-segun-el-banco-central\/#primaryimage"},"image":{"@id":"https:\/\/potenciaradiofonicadominicana.com\/portal\/economia-dominicana-registra-crecimiento-de-3-9-en-febrero-2026-segun-el-banco-central\/#primaryimage"},"thumbnailUrl":"https:\/\/potenciaradiofonicadominicana.com\/portal\/wp-content\/uploads\/2026\/04\/Banco_Central_de_la_Republica_Dominicana-scaled-1.jpeg","datePublished":"2026-04-05T23:35:06+00:00","breadcrumb":{"@id":"https:\/\/potenciaradiofonicadominicana.com\/portal\/economia-dominicana-registra-crecimiento-de-3-9-en-febrero-2026-segun-el-banco-central\/#breadcrumb"},"inLanguage":"es","potentialAction":[{"@type":"ReadAction","target":["https:\/\/potenciaradiofonicadominicana.com\/portal\/economia-dominicana-registra-crecimiento-de-3-9-en-febrero-2026-segun-el-banco-central\/"]}]},{"@type":"ImageObject","inLanguage":"es","@id":"https:\/\/potenciaradiofonicadominicana.com\/portal\/economia-dominicana-registra-crecimiento-de-3-9-en-febrero-2026-segun-el-banco-central\/#primaryimage","url":"https:\/\/potenciaradiofonicadominicana.com\/portal\/wp-content\/uploads\/2026\/04\/Banco_Central_de_la_Republica_Dominicana-scaled-1.jpeg","contentUrl":"https:\/\/potenciaradiofonicadominicana.com\/portal\/wp-content\/uploads\/2026\/04\/Banco_Central_de_la_Republica_Dominicana-scaled-1.jpeg","width":2560,"height":1638},{"@type":"BreadcrumbList","@id":"https:\/\/potenciaradiofonicadominicana.com\/portal\/economia-dominicana-registra-crecimiento-de-3-9-en-febrero-2026-segun-el-banco-central\/#breadcrumb","itemListElement":[{"@type":"ListItem","position":1,"name":"Portada","item":"https:\/\/potenciaradiofonicadominicana.com\/portal\/"},{"@type":"ListItem","position":2,"name":"Econom\u00eda dominicana registra crecimiento de 3.9 % en febrero 2026, seg\u00fan el Banco Central"}]},{"@type":"WebSite","@id":"https:\/\/potenciaradiofonicadominicana.com\/portal\/#website","url":"https:\/\/potenciaradiofonicadominicana.com\/portal\/","name":"PotenciaRadiofonicaDominicana.com","description":"Peri\u00f3dico Digital","publisher":{"@id":"https:\/\/potenciaradiofonicadominicana.com\/portal\/#organization"},"potentialAction":[{"@type":"SearchAction","target":{"@type":"EntryPoint","urlTemplate":"https:\/\/potenciaradiofonicadominicana.com\/portal\/?s={search_term_string}"},"query-input":{"@type":"PropertyValueSpecification","valueRequired":true,"valueName":"search_term_string"}}],"inLanguage":"es"},{"@type":"Organization","@id":"https:\/\/potenciaradiofonicadominicana.com\/portal\/#organization","name":"PotenciaRadiofonicaDominicana.com","url":"https:\/\/potenciaradiofonicadominicana.com\/portal\/","logo":{"@type":"ImageObject","inLanguage":"es","@id":"https:\/\/potenciaradiofonicadominicana.com\/portal\/#\/schema\/logo\/image\/","url":"https:\/\/potenciaradiofonicadominicana.com\/portal\/wp-content\/uploads\/2022\/01\/descarga.png","contentUrl":"https:\/\/potenciaradiofonicadominicana.com\/portal\/wp-content\/uploads\/2022\/01\/descarga.png","width":300,"height":100,"caption":"PotenciaRadiofonicaDominicana.com"},"image":{"@id":"https:\/\/potenciaradiofonicadominicana.com\/portal\/#\/schema\/logo\/image\/"},"sameAs":["https:\/\/web.facebook.com\/PotenciaRadiofonicaD"]},{"@type":"Person","@id":"https:\/\/potenciaradiofonicadominicana.com\/portal\/#\/schema\/person\/a5cf1fea13877803ee0573ac18b03490","name":"Potencia Radiof\u00f3nica Dominicana","image":{"@type":"ImageObject","inLanguage":"es","@id":"https:\/\/potenciaradiofonicadominicana.com\/portal\/#\/schema\/person\/image\/","url":"https:\/\/secure.gravatar.com\/avatar\/42a55ab9e8ccc656ba34cd791990602a?s=96&d=mm&r=g","contentUrl":"https:\/\/secure.gravatar.com\/avatar\/42a55ab9e8ccc656ba34cd791990602a?s=96&d=mm&r=g","caption":"Potencia Radiof\u00f3nica Dominicana"},"url":"https:\/\/potenciaradiofonicadominicana.com\/portal\/author\/johannyalmanzar\/"}]}},"_links":{"self":[{"href":"https:\/\/potenciaradiofonicadominicana.com\/portal\/wp-json\/wp\/v2\/posts\/214227","targetHints":{"allow":["GET"]}}],"collection":[{"href":"https:\/\/potenciaradiofonicadominicana.com\/portal\/wp-json\/wp\/v2\/posts"}],"about":[{"href":"https:\/\/potenciaradiofonicadominicana.com\/portal\/wp-json\/wp\/v2\/types\/post"}],"author":[{"embeddable":true,"href":"https:\/\/potenciaradiofonicadominicana.com\/portal\/wp-json\/wp\/v2\/users\/2"}],"replies":[{"embeddable":true,"href":"https:\/\/potenciaradiofonicadominicana.com\/portal\/wp-json\/wp\/v2\/comments?post=214227"}],"version-history":[{"count":1,"href":"https:\/\/potenciaradiofonicadominicana.com\/portal\/wp-json\/wp\/v2\/posts\/214227\/revisions"}],"predecessor-version":[{"id":214229,"href":"https:\/\/potenciaradiofonicadominicana.com\/portal\/wp-json\/wp\/v2\/posts\/214227\/revisions\/214229"}],"wp:featuredmedia":[{"embeddable":true,"href":"https:\/\/potenciaradiofonicadominicana.com\/portal\/wp-json\/wp\/v2\/media\/214228"}],"wp:attachment":[{"href":"https:\/\/potenciaradiofonicadominicana.com\/portal\/wp-json\/wp\/v2\/media?parent=214227"}],"wp:term":[{"taxonomy":"category","embeddable":true,"href":"https:\/\/potenciaradiofonicadominicana.com\/portal\/wp-json\/wp\/v2\/categories?post=214227"},{"taxonomy":"post_tag","embeddable":true,"href":"https:\/\/potenciaradiofonicadominicana.com\/portal\/wp-json\/wp\/v2\/tags?post=214227"}],"curies":[{"name":"wp","href":"https:\/\/api.w.org\/{rel}","templated":true}]}}