{"id":214224,"date":"2026-04-05T19:32:37","date_gmt":"2026-04-05T23:32:37","guid":{"rendered":"https:\/\/potenciaradiofonicadominicana.com\/portal\/?p=214224"},"modified":"2026-04-05T19:32:37","modified_gmt":"2026-04-05T23:32:37","slug":"los-triciclos-electricos-en-la-habana-la-alternativa-a-la-crisis-energetica-en-cuba","status":"publish","type":"post","link":"https:\/\/potenciaradiofonicadominicana.com\/portal\/los-triciclos-electricos-en-la-habana-la-alternativa-a-la-crisis-energetica-en-cuba\/","title":{"rendered":"Los triciclos el\u00e9ctricos en La Habana: la alternativa a la crisis energ\u00e9tica en Cuba"},"content":{"rendered":"<p><a href=\"https:\/\/potenciaradiofonicadominicana.com\/portal\/wp-content\/uploads\/2026\/04\/a2be425ffd81e264abb5bece48e7404a.webp\"><img loading=\"lazy\" decoding=\"async\" class=\"alignnone size-full wp-image-214225\" src=\"https:\/\/potenciaradiofonicadominicana.com\/portal\/wp-content\/uploads\/2026\/04\/a2be425ffd81e264abb5bece48e7404a.webp\" alt=\"\" width=\"2013\" height=\"1280\" srcset=\"https:\/\/potenciaradiofonicadominicana.com\/portal\/wp-content\/uploads\/2026\/04\/a2be425ffd81e264abb5bece48e7404a.webp 2013w, https:\/\/potenciaradiofonicadominicana.com\/portal\/wp-content\/uploads\/2026\/04\/a2be425ffd81e264abb5bece48e7404a-300x191.webp 300w, https:\/\/potenciaradiofonicadominicana.com\/portal\/wp-content\/uploads\/2026\/04\/a2be425ffd81e264abb5bece48e7404a-1024x651.webp 1024w, https:\/\/potenciaradiofonicadominicana.com\/portal\/wp-content\/uploads\/2026\/04\/a2be425ffd81e264abb5bece48e7404a-768x488.webp 768w, https:\/\/potenciaradiofonicadominicana.com\/portal\/wp-content\/uploads\/2026\/04\/a2be425ffd81e264abb5bece48e7404a-1536x977.webp 1536w\" sizes=\"auto, (max-width: 2013px) 100vw, 2013px\" \/><\/a><\/p>\n<p>La Habana aparece estos d\u00edas dominada por diferentes y creativos veh\u00edculos el\u00e9ctricos, como los triciclos de carga adaptados para pasajeros, que sirven como alternativa a los veh\u00edculos de gasolina en medio de la grave crisis energ\u00e9tica de la isla.La Ciudad Colonial ofrece su \u00abcircuito de fe\u00bb para celebrar la Resurrecci\u00f3n de Jes\u00fas. Aqu\u00ed su itinerario<br \/>\n\u00abEstos triciclos resuelven bastante la situaci\u00f3n (del transporte). Lo \u00fanico malo es que cuando llega una hora determinada empiezan a subir los precios y yo que me muevo lejos del centro de La Habana, pago casi 1.000 pesos diarios (dos d\u00f3lares)\u201d, cuenta a EFE, Liset de la Caridad mientras espera su triciclo el\u00e9ctrico.<\/p>\n<p>El salario m\u00ednimo mensual en Cuba hasta mediados de 2025, se ubic\u00f3 en 2.100 CUP (17,5 d\u00f3lares) y el medio en los 6.506 pesos (54,2 d\u00f3lares). En tanto, las pensiones m\u00ednimas son de 3.056 pesos (25,4 d\u00f3lares).<\/p>\n<p>Las avenidas principales de La Habana, a\u00f1os atr\u00e1s llenas de turistas paseando en los cl\u00e1sicos autom\u00f3viles descapotables, se est\u00e1n quedando sin veh\u00edculos a motor.<\/p>\n<p>Los restaurantes y hoteles est\u00e1n cerrados por la falta de clientes; y las gasolineras en su mayor\u00eda dejaron de vender combustible hace m\u00e1s de dos meses. M\u00e1s de la mitad de las aerol\u00edneas suspendieron desde febrero sus vuelos a la isla.<\/p>\n<p>Crisis de energ\u00eda<br \/>\nLa isla sufre una grave crisis energ\u00e9tica desde 2024 debido a las frecuentes aver\u00edas de sus obsoletas centrales termoel\u00e9ctricas y la falta de divisas del Estado para importar combustibles, algo que se ha agravado desde el pasado enero por el asedio petrolero de EE.UU.<\/p>\n<p>\u00abAntes trabajaba en la construcci\u00f3n, era alba\u00f1il y carpintero; pero c\u00f3mo est\u00e1 la situaci\u00f3n, trabajo ya no hay mucho; y al menos en este (ch\u00f3fer de triciclo el\u00e9ctrico) le brindamos un servicio a la poblaci\u00f3n, en medio del problema (energ\u00e9tico) que tenemos\u201d, explica Alberto Duani.<\/p>\n<p>Personas se transportan abordo de triciclos el\u00e9ctricos en La Habana (Cuba). EFE\/Ernesto Mastrascusa<br \/>\nEste oficio se ha convertido tambi\u00e9n en un trabajo realizado por mujeres j\u00f3venes en La Habana y Yamiselis Alfonso, chofer de otro de esos medios de transporte dice a EFE que \u00abdesde hace seis meses maneja en una ruta fija\u00bb.<\/p>\n<p>\u00abEn mi triciclo caben seis personas sentadas. Hago la ruta que va desde el Parque de la Fraternidad (en el municipio Centro Habana de la capital cubana) hasta Toyo, una zona del municipio 10 de octubre\u201d, casi diez kil\u00f3metros de trayecto ida y regreso, explica Alfonso, que cada d\u00eda labora por unas doce horas \u00aben dependencia de la cantidad de clientes\u00bb.<\/p>\n<p>Como Yamiselis y Alberto, decenas de ch\u00f3feres de estos triciclos se ven diariamente en cada avenida de la capital cubana, que se ha llenado de este tipo de veh\u00edculos tanto transportando personas o descargando mercanc\u00edas en mercados y tiendas.<\/p>\n<p>\u00abDesabastecimiento agudo\u00bb<br \/>\nA inicios de febrero pasado, el presidente de Cuba, Miguel D\u00edaz-Canel, aseguraba que su Gobierno preparaba un plan de \u00abdesabastecimiento agudo de combustible\u00bb ante las presiones de EE.UU.<\/p>\n<p>Como resultado, las salidas de \u00f3mnibus interprovinciales se vieron reducidas a solo una cuarta parte de su frecuencia habitual y el transporte local y otras prestaciones consideradas de \u00abmenor prioridad\u00bb por el Gobierno cubano fueron casi anuladas.<\/p>\n<p>El ministro de transporte de la naci\u00f3n caribe\u00f1a, Eduardo Rodr\u00edguez, anunci\u00f3 el pasado 18 de marzo que, incluso para los pacientes de hemodi\u00e1lisis, se han promovido opciones de traslado en taxis o triciclos el\u00e9ctricos.<\/p>\n<p>Una persona se transporta en un triciclo el\u00e9ctrico en La Habana (Cuba). EFE\/Ernesto Mastrascusa.<br \/>\nEl funcionario explic\u00f3 que el actual d\u00e9ficit energ\u00e9tico ha forzado tambi\u00e9n la suspensi\u00f3n temporal de la mayor parte de las inversiones en infraestructura vial, terminales y estaciones.<\/p>\n<p>D\u00edaz-Canel, asegur\u00f3 antes, en conferencia de prensa el 13 de marzo, que a Cuba no hab\u00eda llegado \u00abni una gota de combustible\u00bb desde enero.<\/p>\n<p>Unos 15 d\u00edas despu\u00e9s el pa\u00eds recibi\u00f3 el petrolero ruso Anatoli Kolodkin con unas 100.000 toneladas de crudo, que se convertir\u00e1n en las pr\u00f3ximas semanas en unos 250.000 barriles de di\u00e9sel, cantidad suficiente para cubrir la demanda del pa\u00eds poco m\u00e1s de 12 d\u00edas.<\/p>\n<p>Adem\u00e1s, en las \u00faltimas semanas, gracias a medidas en Cuba y EE.UU., ha empezado a fluir algo de combustible importado al incipiente sector privado en la isla, alrededor de 30.000 barriles en lo que va de a\u00f1o.<\/p>\n<p>Esto son \u00abmigajas\u00bb, coment\u00f3 a EFE el economista cubano Omar Everleny, porque las necesidades energ\u00e9ticas diarias del pa\u00eds se sit\u00faan entorno de los 100.000 barriles diarios (de ellos, solo el 40 % se satisfacen con el crudo de producci\u00f3n nacional y el resto deber\u00eda importarse).<\/p>\n","protected":false},"excerpt":{"rendered":"<p>La Habana aparece estos d\u00edas dominada por diferentes y creativos veh\u00edculos el\u00e9ctricos, como los triciclos de carga adaptados para pasajeros, &#8230;<\/p>\n","protected":false},"author":2,"featured_media":214225,"comment_status":"closed","ping_status":"closed","sticky":false,"template":"","format":"standard","meta":{"footnotes":""},"categories":[26],"tags":[],"class_list":["post-214224","post","type-post","status-publish","format-standard","has-post-thumbnail","hentry","category-economia"],"yoast_head":"<!-- This site is optimized with the Yoast SEO plugin v24.8.1 - https:\/\/yoast.com\/wordpress\/plugins\/seo\/ -->\n<title>Los triciclos el\u00e9ctricos en La Habana: la alternativa a la crisis energ\u00e9tica en Cuba - PotenciaRadiofonicaDominicana.com<\/title>\n<meta name=\"robots\" content=\"index, follow, max-snippet:-1, max-image-preview:large, max-video-preview:-1\" \/>\n<link rel=\"canonical\" href=\"https:\/\/potenciaradiofonicadominicana.com\/portal\/los-triciclos-electricos-en-la-habana-la-alternativa-a-la-crisis-energetica-en-cuba\/\" \/>\n<meta property=\"og:locale\" content=\"es_ES\" \/>\n<meta property=\"og:type\" content=\"article\" \/>\n<meta property=\"og:title\" content=\"Los triciclos el\u00e9ctricos en La Habana: la alternativa a la crisis energ\u00e9tica en Cuba - PotenciaRadiofonicaDominicana.com\" \/>\n<meta property=\"og:description\" content=\"La Habana aparece estos d\u00edas dominada por diferentes y creativos veh\u00edculos el\u00e9ctricos, como los triciclos de carga adaptados para pasajeros, ...\" \/>\n<meta property=\"og:url\" content=\"https:\/\/potenciaradiofonicadominicana.com\/portal\/los-triciclos-electricos-en-la-habana-la-alternativa-a-la-crisis-energetica-en-cuba\/\" \/>\n<meta property=\"og:site_name\" content=\"PotenciaRadiofonicaDominicana.com\" \/>\n<meta property=\"article:publisher\" content=\"https:\/\/web.facebook.com\/PotenciaRadiofonicaD\" \/>\n<meta property=\"article:published_time\" content=\"2026-04-05T23:32:37+00:00\" \/>\n<meta property=\"og:image\" content=\"https:\/\/potenciaradiofonicadominicana.com\/portal\/wp-content\/uploads\/2026\/04\/a2be425ffd81e264abb5bece48e7404a.webp\" \/>\n\t<meta property=\"og:image:width\" content=\"2013\" \/>\n\t<meta property=\"og:image:height\" content=\"1280\" \/>\n\t<meta property=\"og:image:type\" content=\"image\/webp\" \/>\n<meta name=\"author\" content=\"Potencia Radiof\u00f3nica Dominicana\" \/>\n<meta name=\"twitter:card\" content=\"summary_large_image\" \/>\n<meta name=\"twitter:label1\" content=\"Escrito por\" \/>\n\t<meta name=\"twitter:data1\" content=\"Potencia Radiof\u00f3nica Dominicana\" \/>\n\t<meta name=\"twitter:label2\" content=\"Tiempo de lectura\" \/>\n\t<meta name=\"twitter:data2\" content=\"4 minutos\" \/>\n<script type=\"application\/ld+json\" class=\"yoast-schema-graph\">{\"@context\":\"https:\/\/schema.org\",\"@graph\":[{\"@type\":\"Article\",\"@id\":\"https:\/\/potenciaradiofonicadominicana.com\/portal\/los-triciclos-electricos-en-la-habana-la-alternativa-a-la-crisis-energetica-en-cuba\/#article\",\"isPartOf\":{\"@id\":\"https:\/\/potenciaradiofonicadominicana.com\/portal\/los-triciclos-electricos-en-la-habana-la-alternativa-a-la-crisis-energetica-en-cuba\/\"},\"author\":{\"name\":\"Potencia Radiof\u00f3nica Dominicana\",\"@id\":\"https:\/\/potenciaradiofonicadominicana.com\/portal\/#\/schema\/person\/a5cf1fea13877803ee0573ac18b03490\"},\"headline\":\"Los triciclos el\u00e9ctricos en La Habana: la alternativa a la crisis energ\u00e9tica en Cuba\",\"datePublished\":\"2026-04-05T23:32:37+00:00\",\"mainEntityOfPage\":{\"@id\":\"https:\/\/potenciaradiofonicadominicana.com\/portal\/los-triciclos-electricos-en-la-habana-la-alternativa-a-la-crisis-energetica-en-cuba\/\"},\"wordCount\":824,\"publisher\":{\"@id\":\"https:\/\/potenciaradiofonicadominicana.com\/portal\/#organization\"},\"image\":{\"@id\":\"https:\/\/potenciaradiofonicadominicana.com\/portal\/los-triciclos-electricos-en-la-habana-la-alternativa-a-la-crisis-energetica-en-cuba\/#primaryimage\"},\"thumbnailUrl\":\"https:\/\/potenciaradiofonicadominicana.com\/portal\/wp-content\/uploads\/2026\/04\/a2be425ffd81e264abb5bece48e7404a.webp\",\"articleSection\":[\"Econom\u00eda\"],\"inLanguage\":\"es\"},{\"@type\":\"WebPage\",\"@id\":\"https:\/\/potenciaradiofonicadominicana.com\/portal\/los-triciclos-electricos-en-la-habana-la-alternativa-a-la-crisis-energetica-en-cuba\/\",\"url\":\"https:\/\/potenciaradiofonicadominicana.com\/portal\/los-triciclos-electricos-en-la-habana-la-alternativa-a-la-crisis-energetica-en-cuba\/\",\"name\":\"Los triciclos el\u00e9ctricos en La Habana: la alternativa a la crisis energ\u00e9tica en Cuba - PotenciaRadiofonicaDominicana.com\",\"isPartOf\":{\"@id\":\"https:\/\/potenciaradiofonicadominicana.com\/portal\/#website\"},\"primaryImageOfPage\":{\"@id\":\"https:\/\/potenciaradiofonicadominicana.com\/portal\/los-triciclos-electricos-en-la-habana-la-alternativa-a-la-crisis-energetica-en-cuba\/#primaryimage\"},\"image\":{\"@id\":\"https:\/\/potenciaradiofonicadominicana.com\/portal\/los-triciclos-electricos-en-la-habana-la-alternativa-a-la-crisis-energetica-en-cuba\/#primaryimage\"},\"thumbnailUrl\":\"https:\/\/potenciaradiofonicadominicana.com\/portal\/wp-content\/uploads\/2026\/04\/a2be425ffd81e264abb5bece48e7404a.webp\",\"datePublished\":\"2026-04-05T23:32:37+00:00\",\"breadcrumb\":{\"@id\":\"https:\/\/potenciaradiofonicadominicana.com\/portal\/los-triciclos-electricos-en-la-habana-la-alternativa-a-la-crisis-energetica-en-cuba\/#breadcrumb\"},\"inLanguage\":\"es\",\"potentialAction\":[{\"@type\":\"ReadAction\",\"target\":[\"https:\/\/potenciaradiofonicadominicana.com\/portal\/los-triciclos-electricos-en-la-habana-la-alternativa-a-la-crisis-energetica-en-cuba\/\"]}]},{\"@type\":\"ImageObject\",\"inLanguage\":\"es\",\"@id\":\"https:\/\/potenciaradiofonicadominicana.com\/portal\/los-triciclos-electricos-en-la-habana-la-alternativa-a-la-crisis-energetica-en-cuba\/#primaryimage\",\"url\":\"https:\/\/potenciaradiofonicadominicana.com\/portal\/wp-content\/uploads\/2026\/04\/a2be425ffd81e264abb5bece48e7404a.webp\",\"contentUrl\":\"https:\/\/potenciaradiofonicadominicana.com\/portal\/wp-content\/uploads\/2026\/04\/a2be425ffd81e264abb5bece48e7404a.webp\",\"width\":2013,\"height\":1280},{\"@type\":\"BreadcrumbList\",\"@id\":\"https:\/\/potenciaradiofonicadominicana.com\/portal\/los-triciclos-electricos-en-la-habana-la-alternativa-a-la-crisis-energetica-en-cuba\/#breadcrumb\",\"itemListElement\":[{\"@type\":\"ListItem\",\"position\":1,\"name\":\"Portada\",\"item\":\"https:\/\/potenciaradiofonicadominicana.com\/portal\/\"},{\"@type\":\"ListItem\",\"position\":2,\"name\":\"Los triciclos el\u00e9ctricos en La Habana: la alternativa a la crisis energ\u00e9tica en Cuba\"}]},{\"@type\":\"WebSite\",\"@id\":\"https:\/\/potenciaradiofonicadominicana.com\/portal\/#website\",\"url\":\"https:\/\/potenciaradiofonicadominicana.com\/portal\/\",\"name\":\"PotenciaRadiofonicaDominicana.com\",\"description\":\"Peri\u00f3dico Digital\",\"publisher\":{\"@id\":\"https:\/\/potenciaradiofonicadominicana.com\/portal\/#organization\"},\"potentialAction\":[{\"@type\":\"SearchAction\",\"target\":{\"@type\":\"EntryPoint\",\"urlTemplate\":\"https:\/\/potenciaradiofonicadominicana.com\/portal\/?s={search_term_string}\"},\"query-input\":{\"@type\":\"PropertyValueSpecification\",\"valueRequired\":true,\"valueName\":\"search_term_string\"}}],\"inLanguage\":\"es\"},{\"@type\":\"Organization\",\"@id\":\"https:\/\/potenciaradiofonicadominicana.com\/portal\/#organization\",\"name\":\"PotenciaRadiofonicaDominicana.com\",\"url\":\"https:\/\/potenciaradiofonicadominicana.com\/portal\/\",\"logo\":{\"@type\":\"ImageObject\",\"inLanguage\":\"es\",\"@id\":\"https:\/\/potenciaradiofonicadominicana.com\/portal\/#\/schema\/logo\/image\/\",\"url\":\"https:\/\/potenciaradiofonicadominicana.com\/portal\/wp-content\/uploads\/2022\/01\/descarga.png\",\"contentUrl\":\"https:\/\/potenciaradiofonicadominicana.com\/portal\/wp-content\/uploads\/2022\/01\/descarga.png\",\"width\":300,\"height\":100,\"caption\":\"PotenciaRadiofonicaDominicana.com\"},\"image\":{\"@id\":\"https:\/\/potenciaradiofonicadominicana.com\/portal\/#\/schema\/logo\/image\/\"},\"sameAs\":[\"https:\/\/web.facebook.com\/PotenciaRadiofonicaD\"]},{\"@type\":\"Person\",\"@id\":\"https:\/\/potenciaradiofonicadominicana.com\/portal\/#\/schema\/person\/a5cf1fea13877803ee0573ac18b03490\",\"name\":\"Potencia Radiof\u00f3nica Dominicana\",\"image\":{\"@type\":\"ImageObject\",\"inLanguage\":\"es\",\"@id\":\"https:\/\/potenciaradiofonicadominicana.com\/portal\/#\/schema\/person\/image\/\",\"url\":\"https:\/\/secure.gravatar.com\/avatar\/42a55ab9e8ccc656ba34cd791990602a?s=96&d=mm&r=g\",\"contentUrl\":\"https:\/\/secure.gravatar.com\/avatar\/42a55ab9e8ccc656ba34cd791990602a?s=96&d=mm&r=g\",\"caption\":\"Potencia Radiof\u00f3nica Dominicana\"},\"url\":\"https:\/\/potenciaradiofonicadominicana.com\/portal\/author\/johannyalmanzar\/\"}]}<\/script>\n<!-- \/ Yoast SEO plugin. -->","yoast_head_json":{"title":"Los triciclos el\u00e9ctricos en La Habana: la alternativa a la crisis energ\u00e9tica en Cuba - PotenciaRadiofonicaDominicana.com","robots":{"index":"index","follow":"follow","max-snippet":"max-snippet:-1","max-image-preview":"max-image-preview:large","max-video-preview":"max-video-preview:-1"},"canonical":"https:\/\/potenciaradiofonicadominicana.com\/portal\/los-triciclos-electricos-en-la-habana-la-alternativa-a-la-crisis-energetica-en-cuba\/","og_locale":"es_ES","og_type":"article","og_title":"Los triciclos el\u00e9ctricos en La Habana: la alternativa a la crisis energ\u00e9tica en Cuba - PotenciaRadiofonicaDominicana.com","og_description":"La Habana aparece estos d\u00edas dominada por diferentes y creativos veh\u00edculos el\u00e9ctricos, como los triciclos de carga adaptados para pasajeros, ...","og_url":"https:\/\/potenciaradiofonicadominicana.com\/portal\/los-triciclos-electricos-en-la-habana-la-alternativa-a-la-crisis-energetica-en-cuba\/","og_site_name":"PotenciaRadiofonicaDominicana.com","article_publisher":"https:\/\/web.facebook.com\/PotenciaRadiofonicaD","article_published_time":"2026-04-05T23:32:37+00:00","og_image":[{"width":2013,"height":1280,"url":"https:\/\/potenciaradiofonicadominicana.com\/portal\/wp-content\/uploads\/2026\/04\/a2be425ffd81e264abb5bece48e7404a.webp","type":"image\/webp"}],"author":"Potencia Radiof\u00f3nica Dominicana","twitter_card":"summary_large_image","twitter_misc":{"Escrito por":"Potencia Radiof\u00f3nica Dominicana","Tiempo de lectura":"4 minutos"},"schema":{"@context":"https:\/\/schema.org","@graph":[{"@type":"Article","@id":"https:\/\/potenciaradiofonicadominicana.com\/portal\/los-triciclos-electricos-en-la-habana-la-alternativa-a-la-crisis-energetica-en-cuba\/#article","isPartOf":{"@id":"https:\/\/potenciaradiofonicadominicana.com\/portal\/los-triciclos-electricos-en-la-habana-la-alternativa-a-la-crisis-energetica-en-cuba\/"},"author":{"name":"Potencia Radiof\u00f3nica Dominicana","@id":"https:\/\/potenciaradiofonicadominicana.com\/portal\/#\/schema\/person\/a5cf1fea13877803ee0573ac18b03490"},"headline":"Los triciclos el\u00e9ctricos en La Habana: la alternativa a la crisis energ\u00e9tica en Cuba","datePublished":"2026-04-05T23:32:37+00:00","mainEntityOfPage":{"@id":"https:\/\/potenciaradiofonicadominicana.com\/portal\/los-triciclos-electricos-en-la-habana-la-alternativa-a-la-crisis-energetica-en-cuba\/"},"wordCount":824,"publisher":{"@id":"https:\/\/potenciaradiofonicadominicana.com\/portal\/#organization"},"image":{"@id":"https:\/\/potenciaradiofonicadominicana.com\/portal\/los-triciclos-electricos-en-la-habana-la-alternativa-a-la-crisis-energetica-en-cuba\/#primaryimage"},"thumbnailUrl":"https:\/\/potenciaradiofonicadominicana.com\/portal\/wp-content\/uploads\/2026\/04\/a2be425ffd81e264abb5bece48e7404a.webp","articleSection":["Econom\u00eda"],"inLanguage":"es"},{"@type":"WebPage","@id":"https:\/\/potenciaradiofonicadominicana.com\/portal\/los-triciclos-electricos-en-la-habana-la-alternativa-a-la-crisis-energetica-en-cuba\/","url":"https:\/\/potenciaradiofonicadominicana.com\/portal\/los-triciclos-electricos-en-la-habana-la-alternativa-a-la-crisis-energetica-en-cuba\/","name":"Los triciclos el\u00e9ctricos en La Habana: la alternativa a la crisis energ\u00e9tica en Cuba - PotenciaRadiofonicaDominicana.com","isPartOf":{"@id":"https:\/\/potenciaradiofonicadominicana.com\/portal\/#website"},"primaryImageOfPage":{"@id":"https:\/\/potenciaradiofonicadominicana.com\/portal\/los-triciclos-electricos-en-la-habana-la-alternativa-a-la-crisis-energetica-en-cuba\/#primaryimage"},"image":{"@id":"https:\/\/potenciaradiofonicadominicana.com\/portal\/los-triciclos-electricos-en-la-habana-la-alternativa-a-la-crisis-energetica-en-cuba\/#primaryimage"},"thumbnailUrl":"https:\/\/potenciaradiofonicadominicana.com\/portal\/wp-content\/uploads\/2026\/04\/a2be425ffd81e264abb5bece48e7404a.webp","datePublished":"2026-04-05T23:32:37+00:00","breadcrumb":{"@id":"https:\/\/potenciaradiofonicadominicana.com\/portal\/los-triciclos-electricos-en-la-habana-la-alternativa-a-la-crisis-energetica-en-cuba\/#breadcrumb"},"inLanguage":"es","potentialAction":[{"@type":"ReadAction","target":["https:\/\/potenciaradiofonicadominicana.com\/portal\/los-triciclos-electricos-en-la-habana-la-alternativa-a-la-crisis-energetica-en-cuba\/"]}]},{"@type":"ImageObject","inLanguage":"es","@id":"https:\/\/potenciaradiofonicadominicana.com\/portal\/los-triciclos-electricos-en-la-habana-la-alternativa-a-la-crisis-energetica-en-cuba\/#primaryimage","url":"https:\/\/potenciaradiofonicadominicana.com\/portal\/wp-content\/uploads\/2026\/04\/a2be425ffd81e264abb5bece48e7404a.webp","contentUrl":"https:\/\/potenciaradiofonicadominicana.com\/portal\/wp-content\/uploads\/2026\/04\/a2be425ffd81e264abb5bece48e7404a.webp","width":2013,"height":1280},{"@type":"BreadcrumbList","@id":"https:\/\/potenciaradiofonicadominicana.com\/portal\/los-triciclos-electricos-en-la-habana-la-alternativa-a-la-crisis-energetica-en-cuba\/#breadcrumb","itemListElement":[{"@type":"ListItem","position":1,"name":"Portada","item":"https:\/\/potenciaradiofonicadominicana.com\/portal\/"},{"@type":"ListItem","position":2,"name":"Los triciclos el\u00e9ctricos en La Habana: la alternativa a la crisis energ\u00e9tica en Cuba"}]},{"@type":"WebSite","@id":"https:\/\/potenciaradiofonicadominicana.com\/portal\/#website","url":"https:\/\/potenciaradiofonicadominicana.com\/portal\/","name":"PotenciaRadiofonicaDominicana.com","description":"Peri\u00f3dico Digital","publisher":{"@id":"https:\/\/potenciaradiofonicadominicana.com\/portal\/#organization"},"potentialAction":[{"@type":"SearchAction","target":{"@type":"EntryPoint","urlTemplate":"https:\/\/potenciaradiofonicadominicana.com\/portal\/?s={search_term_string}"},"query-input":{"@type":"PropertyValueSpecification","valueRequired":true,"valueName":"search_term_string"}}],"inLanguage":"es"},{"@type":"Organization","@id":"https:\/\/potenciaradiofonicadominicana.com\/portal\/#organization","name":"PotenciaRadiofonicaDominicana.com","url":"https:\/\/potenciaradiofonicadominicana.com\/portal\/","logo":{"@type":"ImageObject","inLanguage":"es","@id":"https:\/\/potenciaradiofonicadominicana.com\/portal\/#\/schema\/logo\/image\/","url":"https:\/\/potenciaradiofonicadominicana.com\/portal\/wp-content\/uploads\/2022\/01\/descarga.png","contentUrl":"https:\/\/potenciaradiofonicadominicana.com\/portal\/wp-content\/uploads\/2022\/01\/descarga.png","width":300,"height":100,"caption":"PotenciaRadiofonicaDominicana.com"},"image":{"@id":"https:\/\/potenciaradiofonicadominicana.com\/portal\/#\/schema\/logo\/image\/"},"sameAs":["https:\/\/web.facebook.com\/PotenciaRadiofonicaD"]},{"@type":"Person","@id":"https:\/\/potenciaradiofonicadominicana.com\/portal\/#\/schema\/person\/a5cf1fea13877803ee0573ac18b03490","name":"Potencia Radiof\u00f3nica Dominicana","image":{"@type":"ImageObject","inLanguage":"es","@id":"https:\/\/potenciaradiofonicadominicana.com\/portal\/#\/schema\/person\/image\/","url":"https:\/\/secure.gravatar.com\/avatar\/42a55ab9e8ccc656ba34cd791990602a?s=96&d=mm&r=g","contentUrl":"https:\/\/secure.gravatar.com\/avatar\/42a55ab9e8ccc656ba34cd791990602a?s=96&d=mm&r=g","caption":"Potencia Radiof\u00f3nica Dominicana"},"url":"https:\/\/potenciaradiofonicadominicana.com\/portal\/author\/johannyalmanzar\/"}]}},"_links":{"self":[{"href":"https:\/\/potenciaradiofonicadominicana.com\/portal\/wp-json\/wp\/v2\/posts\/214224","targetHints":{"allow":["GET"]}}],"collection":[{"href":"https:\/\/potenciaradiofonicadominicana.com\/portal\/wp-json\/wp\/v2\/posts"}],"about":[{"href":"https:\/\/potenciaradiofonicadominicana.com\/portal\/wp-json\/wp\/v2\/types\/post"}],"author":[{"embeddable":true,"href":"https:\/\/potenciaradiofonicadominicana.com\/portal\/wp-json\/wp\/v2\/users\/2"}],"replies":[{"embeddable":true,"href":"https:\/\/potenciaradiofonicadominicana.com\/portal\/wp-json\/wp\/v2\/comments?post=214224"}],"version-history":[{"count":1,"href":"https:\/\/potenciaradiofonicadominicana.com\/portal\/wp-json\/wp\/v2\/posts\/214224\/revisions"}],"predecessor-version":[{"id":214226,"href":"https:\/\/potenciaradiofonicadominicana.com\/portal\/wp-json\/wp\/v2\/posts\/214224\/revisions\/214226"}],"wp:featuredmedia":[{"embeddable":true,"href":"https:\/\/potenciaradiofonicadominicana.com\/portal\/wp-json\/wp\/v2\/media\/214225"}],"wp:attachment":[{"href":"https:\/\/potenciaradiofonicadominicana.com\/portal\/wp-json\/wp\/v2\/media?parent=214224"}],"wp:term":[{"taxonomy":"category","embeddable":true,"href":"https:\/\/potenciaradiofonicadominicana.com\/portal\/wp-json\/wp\/v2\/categories?post=214224"},{"taxonomy":"post_tag","embeddable":true,"href":"https:\/\/potenciaradiofonicadominicana.com\/portal\/wp-json\/wp\/v2\/tags?post=214224"}],"curies":[{"name":"wp","href":"https:\/\/api.w.org\/{rel}","templated":true}]}}