{"id":214217,"date":"2026-04-05T19:29:04","date_gmt":"2026-04-05T23:29:04","guid":{"rendered":"https:\/\/potenciaradiofonicadominicana.com\/portal\/?p=214217"},"modified":"2026-04-05T19:29:04","modified_gmt":"2026-04-05T23:29:04","slug":"julianny-de-la-cruz-se-corona-en-copa-colibri-j60-punta-cana","status":"publish","type":"post","link":"https:\/\/potenciaradiofonicadominicana.com\/portal\/julianny-de-la-cruz-se-corona-en-copa-colibri-j60-punta-cana\/","title":{"rendered":"Julianny De La Cruz se corona en Copa Colibr\u00ed J60 Punta Cana"},"content":{"rendered":"<p><a href=\"https:\/\/potenciaradiofonicadominicana.com\/portal\/wp-content\/uploads\/2026\/04\/Julianny-De-La-Cruz-3-e1775404365744.webp\"><img loading=\"lazy\" decoding=\"async\" class=\"alignnone size-full wp-image-214218\" src=\"https:\/\/potenciaradiofonicadominicana.com\/portal\/wp-content\/uploads\/2026\/04\/Julianny-De-La-Cruz-3-e1775404365744.webp\" alt=\"\" width=\"1000\" height=\"600\" srcset=\"https:\/\/potenciaradiofonicadominicana.com\/portal\/wp-content\/uploads\/2026\/04\/Julianny-De-La-Cruz-3-e1775404365744.webp 1000w, https:\/\/potenciaradiofonicadominicana.com\/portal\/wp-content\/uploads\/2026\/04\/Julianny-De-La-Cruz-3-e1775404365744-300x180.webp 300w, https:\/\/potenciaradiofonicadominicana.com\/portal\/wp-content\/uploads\/2026\/04\/Julianny-De-La-Cruz-3-e1775404365744-768x461.webp 768w, https:\/\/potenciaradiofonicadominicana.com\/portal\/wp-content\/uploads\/2026\/04\/Julianny-De-La-Cruz-3-e1775404365744-165x100.webp 165w, https:\/\/potenciaradiofonicadominicana.com\/portal\/wp-content\/uploads\/2026\/04\/Julianny-De-La-Cruz-3-e1775404365744-400x240.webp 400w\" sizes=\"auto, (max-width: 1000px) 100vw, 1000px\" \/><\/a><\/p>\n<p>Los tenistas Julianny De La Cruz y Fabio Zavalaga Uculmana se coronaron campeones de la Copa Colibr\u00ed J60 Punta Cana U18, evento que se jug\u00f3 en las canchas de Villas Tennis Academy, en Uvero Alto, Punta Cana, con m\u00e1s de 70 tenistas de 20 pa\u00edses, del 30 de marzo al 4 de abril.<\/p>\n<p>La portento tenista dominicana De La Cruz (quinta mejor del torneo) otra vez hizo gala de su juego, terminando como campeona tras vencer en la final este s\u00e1bado a la estadounidense Audrey Dussault, por 4-6 6-0 7-6(1). Julianny es una promesa del tenis dominicano y entrena en Villas Tennis Academy.<\/p>\n<p>En la final de sencillos masculino, el peruano y cuarto del torneo Fabio Zavalaga Uculmana, derrot\u00f3 al brasile\u00f1o Rafael Gama, quinto del torneo, por 6-3 4-6 6-1.<\/p>\n<div class=\"banner-contenido text-center d-none d-md-block\">\n<div id=\"div-gpt-ad-1565023948978-0\" class=\"d-inline-block border mt-1 mb-4\" data-google-query-id=\"CNWcyJru15MDFZSFOgUdj1oNsA\">\n<div id=\"google_ads_iframe_\/173239197\/Banner_Noticia_5_Nuevo_728x90_0__container__\"><\/div>\n<\/div>\n<\/div>\n<figure id=\"attachment_3072571\" class=\"wp-caption alignnone\" aria-describedby=\"caption-attachment-3072571\"><img loading=\"lazy\" decoding=\"async\" class=\"size-full wp-image-3072571 not-transparent\" src=\"https:\/\/i0.wp.com\/nuevodiario-assets.s3.us-east-2.amazonaws.com\/wp-content\/uploads\/2026\/04\/Sergio-Sabadello-premia-a-Fabio-Zavalaga-Uculmana-campeon-de-sencillos-Copa-Colibri.-2-scaled.jpg?resize=640%2C463&amp;quality=100&amp;ssl=1\" sizes=\"auto, (max-width: 640px) 100vw, 640px\" srcset=\"https:\/\/nuevodiario-assets.s3.us-east-2.amazonaws.com\/wp-content\/uploads\/2026\/04\/Sergio-Sabadello-premia-a-Fabio-Zavalaga-Uculmana-campeon-de-sencillos-Copa-Colibri.-2-scaled.jpg 2560w, https:\/\/nuevodiario-assets.s3.us-east-2.amazonaws.com\/wp-content\/uploads\/2026\/04\/Sergio-Sabadello-premia-a-Fabio-Zavalaga-Uculmana-campeon-de-sencillos-Copa-Colibri.-2-scaled.jpg 400w, https:\/\/nuevodiario-assets.s3.us-east-2.amazonaws.com\/wp-content\/uploads\/2026\/04\/Sergio-Sabadello-premia-a-Fabio-Zavalaga-Uculmana-campeon-de-sencillos-Copa-Colibri.-2-scaled.jpg 800w, https:\/\/nuevodiario-assets.s3.us-east-2.amazonaws.com\/wp-content\/uploads\/2026\/04\/Sergio-Sabadello-premia-a-Fabio-Zavalaga-Uculmana-campeon-de-sencillos-Copa-Colibri.-2-scaled.jpg 768w, https:\/\/nuevodiario-assets.s3.us-east-2.amazonaws.com\/wp-content\/uploads\/2026\/04\/Sergio-Sabadello-premia-a-Fabio-Zavalaga-Uculmana-campeon-de-sencillos-Copa-Colibri.-2-scaled.jpg 1536w, https:\/\/nuevodiario-assets.s3.us-east-2.amazonaws.com\/wp-content\/uploads\/2026\/04\/Sergio-Sabadello-premia-a-Fabio-Zavalaga-Uculmana-campeon-de-sencillos-Copa-Colibri.-2-scaled.jpg 2048w, https:\/\/nuevodiario-assets.s3.us-east-2.amazonaws.com\/wp-content\/uploads\/2026\/04\/Sergio-Sabadello-premia-a-Fabio-Zavalaga-Uculmana-campeon-de-sencillos-Copa-Colibri.-2-scaled.jpg 600w, https:\/\/nuevodiario-assets.s3.us-east-2.amazonaws.com\/wp-content\/uploads\/2026\/04\/Sergio-Sabadello-premia-a-Fabio-Zavalaga-Uculmana-campeon-de-sencillos-Copa-Colibri.-2-scaled.jpg 1280w, https:\/\/nuevodiario-assets.s3.us-east-2.amazonaws.com\/wp-content\/uploads\/2026\/04\/Sergio-Sabadello-premia-a-Fabio-Zavalaga-Uculmana-campeon-de-sencillos-Copa-Colibri.-2-scaled.jpg 1920w\" alt=\"\" width=\"640\" height=\"463\" data-recalc-dims=\"1\" data-dominant-color=\"95908c\" data-has-transparency=\"false\" \/><figcaption id=\"caption-attachment-3072571\" class=\"wp-caption-text\">Sergio Sabadello premia a Fabio Zavalaga Uculmana, campe\u00f3n de sencillos Copa Colibr\u00ed.<\/figcaption><\/figure>\n<p>En dobles, la colombiana Valentina Garc\u00eda y la estadounidense Adriana Khomyakova, la pareja una del torneo, dio cuentas de la dos del evento, la dupla de Julianny De La Cruz, dominicana y Alexandra Sasha Miroshnichenko, de Estados Unidos, por 6-3 7-6(6).<\/p>\n<p>En dobles masculino, la pareja favorita del evento, Niccolo Magagnin, de Italia y V\u00edctor Pignaton, de Brasil, se coronaron en el evento tras derrotar en la final por doble 6-4, sobre la pareja dos del evento, el dominicano Isaac Guerrero y Fabio Zavalaga, de Per\u00fa.<\/p>\n<p>Terminada la\u00a0Copa Colibr\u00ed, inicia este lunes la\u00a0Copa\u00a0Ruise\u00f1or J60 Punta Cana, hasta el s\u00e1bado 11 de abril.<\/p>\n<p>La\u00a0Copa\u00a0Colibri y\u00a0Copa\u00a0Ruise\u00f1or Santo Domingo dan 60 puntos al campe\u00f3n y 36 a los finalistas.<\/p>\n<p>Los eventos tienen a Jacknael Cabrera\u00a0como r\u00e9feri, Sergio Sabadello el director general.<\/p>\n<p>Los eventos organizados por\u00a0Fedotenis\u00a0son gracias a Head, Ocean El Faro, H10, Villas Tennis Academy, ITF y El Nuevo Diario.<\/p>\n<p>&nbsp;<\/p>\n","protected":false},"excerpt":{"rendered":"<p>Los tenistas Julianny De La Cruz y Fabio Zavalaga Uculmana se coronaron campeones de la Copa Colibr\u00ed J60 Punta Cana &#8230;<\/p>\n","protected":false},"author":2,"featured_media":214218,"comment_status":"closed","ping_status":"closed","sticky":false,"template":"","format":"standard","meta":{"footnotes":""},"categories":[28],"tags":[],"class_list":["post-214217","post","type-post","status-publish","format-standard","has-post-thumbnail","hentry","category-deportes"],"yoast_head":"<!-- This site is optimized with the Yoast SEO plugin v24.8.1 - https:\/\/yoast.com\/wordpress\/plugins\/seo\/ -->\n<title>Julianny De La Cruz se corona en Copa Colibr\u00ed J60 Punta Cana - PotenciaRadiofonicaDominicana.com<\/title>\n<meta name=\"robots\" content=\"index, follow, max-snippet:-1, max-image-preview:large, max-video-preview:-1\" \/>\n<link rel=\"canonical\" href=\"https:\/\/potenciaradiofonicadominicana.com\/portal\/julianny-de-la-cruz-se-corona-en-copa-colibri-j60-punta-cana\/\" \/>\n<meta property=\"og:locale\" content=\"es_ES\" \/>\n<meta property=\"og:type\" content=\"article\" \/>\n<meta property=\"og:title\" content=\"Julianny De La Cruz se corona en Copa Colibr\u00ed J60 Punta Cana - PotenciaRadiofonicaDominicana.com\" \/>\n<meta property=\"og:description\" content=\"Los tenistas Julianny De La Cruz y Fabio Zavalaga Uculmana se coronaron campeones de la Copa Colibr\u00ed J60 Punta Cana ...\" \/>\n<meta property=\"og:url\" content=\"https:\/\/potenciaradiofonicadominicana.com\/portal\/julianny-de-la-cruz-se-corona-en-copa-colibri-j60-punta-cana\/\" \/>\n<meta property=\"og:site_name\" content=\"PotenciaRadiofonicaDominicana.com\" \/>\n<meta property=\"article:publisher\" content=\"https:\/\/web.facebook.com\/PotenciaRadiofonicaD\" \/>\n<meta property=\"article:published_time\" content=\"2026-04-05T23:29:04+00:00\" \/>\n<meta property=\"og:image\" content=\"https:\/\/potenciaradiofonicadominicana.com\/portal\/wp-content\/uploads\/2026\/04\/Julianny-De-La-Cruz-3-e1775404365744.webp\" \/>\n\t<meta property=\"og:image:width\" content=\"1000\" \/>\n\t<meta property=\"og:image:height\" content=\"600\" \/>\n\t<meta property=\"og:image:type\" content=\"image\/webp\" \/>\n<meta name=\"author\" content=\"Potencia Radiof\u00f3nica Dominicana\" \/>\n<meta name=\"twitter:card\" content=\"summary_large_image\" \/>\n<meta name=\"twitter:label1\" content=\"Escrito por\" \/>\n\t<meta name=\"twitter:data1\" content=\"Potencia Radiof\u00f3nica Dominicana\" \/>\n\t<meta name=\"twitter:label2\" content=\"Tiempo de lectura\" \/>\n\t<meta name=\"twitter:data2\" content=\"2 minutos\" \/>\n<script type=\"application\/ld+json\" class=\"yoast-schema-graph\">{\"@context\":\"https:\/\/schema.org\",\"@graph\":[{\"@type\":\"Article\",\"@id\":\"https:\/\/potenciaradiofonicadominicana.com\/portal\/julianny-de-la-cruz-se-corona-en-copa-colibri-j60-punta-cana\/#article\",\"isPartOf\":{\"@id\":\"https:\/\/potenciaradiofonicadominicana.com\/portal\/julianny-de-la-cruz-se-corona-en-copa-colibri-j60-punta-cana\/\"},\"author\":{\"name\":\"Potencia Radiof\u00f3nica Dominicana\",\"@id\":\"https:\/\/potenciaradiofonicadominicana.com\/portal\/#\/schema\/person\/a5cf1fea13877803ee0573ac18b03490\"},\"headline\":\"Julianny De La Cruz se corona en Copa Colibr\u00ed J60 Punta Cana\",\"datePublished\":\"2026-04-05T23:29:04+00:00\",\"mainEntityOfPage\":{\"@id\":\"https:\/\/potenciaradiofonicadominicana.com\/portal\/julianny-de-la-cruz-se-corona-en-copa-colibri-j60-punta-cana\/\"},\"wordCount\":317,\"publisher\":{\"@id\":\"https:\/\/potenciaradiofonicadominicana.com\/portal\/#organization\"},\"image\":{\"@id\":\"https:\/\/potenciaradiofonicadominicana.com\/portal\/julianny-de-la-cruz-se-corona-en-copa-colibri-j60-punta-cana\/#primaryimage\"},\"thumbnailUrl\":\"https:\/\/potenciaradiofonicadominicana.com\/portal\/wp-content\/uploads\/2026\/04\/Julianny-De-La-Cruz-3-e1775404365744.webp\",\"articleSection\":[\"Deportes\"],\"inLanguage\":\"es\"},{\"@type\":\"WebPage\",\"@id\":\"https:\/\/potenciaradiofonicadominicana.com\/portal\/julianny-de-la-cruz-se-corona-en-copa-colibri-j60-punta-cana\/\",\"url\":\"https:\/\/potenciaradiofonicadominicana.com\/portal\/julianny-de-la-cruz-se-corona-en-copa-colibri-j60-punta-cana\/\",\"name\":\"Julianny De La Cruz se corona en Copa Colibr\u00ed J60 Punta Cana - PotenciaRadiofonicaDominicana.com\",\"isPartOf\":{\"@id\":\"https:\/\/potenciaradiofonicadominicana.com\/portal\/#website\"},\"primaryImageOfPage\":{\"@id\":\"https:\/\/potenciaradiofonicadominicana.com\/portal\/julianny-de-la-cruz-se-corona-en-copa-colibri-j60-punta-cana\/#primaryimage\"},\"image\":{\"@id\":\"https:\/\/potenciaradiofonicadominicana.com\/portal\/julianny-de-la-cruz-se-corona-en-copa-colibri-j60-punta-cana\/#primaryimage\"},\"thumbnailUrl\":\"https:\/\/potenciaradiofonicadominicana.com\/portal\/wp-content\/uploads\/2026\/04\/Julianny-De-La-Cruz-3-e1775404365744.webp\",\"datePublished\":\"2026-04-05T23:29:04+00:00\",\"breadcrumb\":{\"@id\":\"https:\/\/potenciaradiofonicadominicana.com\/portal\/julianny-de-la-cruz-se-corona-en-copa-colibri-j60-punta-cana\/#breadcrumb\"},\"inLanguage\":\"es\",\"potentialAction\":[{\"@type\":\"ReadAction\",\"target\":[\"https:\/\/potenciaradiofonicadominicana.com\/portal\/julianny-de-la-cruz-se-corona-en-copa-colibri-j60-punta-cana\/\"]}]},{\"@type\":\"ImageObject\",\"inLanguage\":\"es\",\"@id\":\"https:\/\/potenciaradiofonicadominicana.com\/portal\/julianny-de-la-cruz-se-corona-en-copa-colibri-j60-punta-cana\/#primaryimage\",\"url\":\"https:\/\/potenciaradiofonicadominicana.com\/portal\/wp-content\/uploads\/2026\/04\/Julianny-De-La-Cruz-3-e1775404365744.webp\",\"contentUrl\":\"https:\/\/potenciaradiofonicadominicana.com\/portal\/wp-content\/uploads\/2026\/04\/Julianny-De-La-Cruz-3-e1775404365744.webp\",\"width\":1000,\"height\":600},{\"@type\":\"BreadcrumbList\",\"@id\":\"https:\/\/potenciaradiofonicadominicana.com\/portal\/julianny-de-la-cruz-se-corona-en-copa-colibri-j60-punta-cana\/#breadcrumb\",\"itemListElement\":[{\"@type\":\"ListItem\",\"position\":1,\"name\":\"Portada\",\"item\":\"https:\/\/potenciaradiofonicadominicana.com\/portal\/\"},{\"@type\":\"ListItem\",\"position\":2,\"name\":\"Julianny De La Cruz se corona en Copa Colibr\u00ed J60 Punta Cana\"}]},{\"@type\":\"WebSite\",\"@id\":\"https:\/\/potenciaradiofonicadominicana.com\/portal\/#website\",\"url\":\"https:\/\/potenciaradiofonicadominicana.com\/portal\/\",\"name\":\"PotenciaRadiofonicaDominicana.com\",\"description\":\"Peri\u00f3dico Digital\",\"publisher\":{\"@id\":\"https:\/\/potenciaradiofonicadominicana.com\/portal\/#organization\"},\"potentialAction\":[{\"@type\":\"SearchAction\",\"target\":{\"@type\":\"EntryPoint\",\"urlTemplate\":\"https:\/\/potenciaradiofonicadominicana.com\/portal\/?s={search_term_string}\"},\"query-input\":{\"@type\":\"PropertyValueSpecification\",\"valueRequired\":true,\"valueName\":\"search_term_string\"}}],\"inLanguage\":\"es\"},{\"@type\":\"Organization\",\"@id\":\"https:\/\/potenciaradiofonicadominicana.com\/portal\/#organization\",\"name\":\"PotenciaRadiofonicaDominicana.com\",\"url\":\"https:\/\/potenciaradiofonicadominicana.com\/portal\/\",\"logo\":{\"@type\":\"ImageObject\",\"inLanguage\":\"es\",\"@id\":\"https:\/\/potenciaradiofonicadominicana.com\/portal\/#\/schema\/logo\/image\/\",\"url\":\"https:\/\/potenciaradiofonicadominicana.com\/portal\/wp-content\/uploads\/2022\/01\/descarga.png\",\"contentUrl\":\"https:\/\/potenciaradiofonicadominicana.com\/portal\/wp-content\/uploads\/2022\/01\/descarga.png\",\"width\":300,\"height\":100,\"caption\":\"PotenciaRadiofonicaDominicana.com\"},\"image\":{\"@id\":\"https:\/\/potenciaradiofonicadominicana.com\/portal\/#\/schema\/logo\/image\/\"},\"sameAs\":[\"https:\/\/web.facebook.com\/PotenciaRadiofonicaD\"]},{\"@type\":\"Person\",\"@id\":\"https:\/\/potenciaradiofonicadominicana.com\/portal\/#\/schema\/person\/a5cf1fea13877803ee0573ac18b03490\",\"name\":\"Potencia Radiof\u00f3nica Dominicana\",\"image\":{\"@type\":\"ImageObject\",\"inLanguage\":\"es\",\"@id\":\"https:\/\/potenciaradiofonicadominicana.com\/portal\/#\/schema\/person\/image\/\",\"url\":\"https:\/\/secure.gravatar.com\/avatar\/42a55ab9e8ccc656ba34cd791990602a?s=96&d=mm&r=g\",\"contentUrl\":\"https:\/\/secure.gravatar.com\/avatar\/42a55ab9e8ccc656ba34cd791990602a?s=96&d=mm&r=g\",\"caption\":\"Potencia Radiof\u00f3nica Dominicana\"},\"url\":\"https:\/\/potenciaradiofonicadominicana.com\/portal\/author\/johannyalmanzar\/\"}]}<\/script>\n<!-- \/ Yoast SEO plugin. -->","yoast_head_json":{"title":"Julianny De La Cruz se corona en Copa Colibr\u00ed J60 Punta Cana - PotenciaRadiofonicaDominicana.com","robots":{"index":"index","follow":"follow","max-snippet":"max-snippet:-1","max-image-preview":"max-image-preview:large","max-video-preview":"max-video-preview:-1"},"canonical":"https:\/\/potenciaradiofonicadominicana.com\/portal\/julianny-de-la-cruz-se-corona-en-copa-colibri-j60-punta-cana\/","og_locale":"es_ES","og_type":"article","og_title":"Julianny De La Cruz se corona en Copa Colibr\u00ed J60 Punta Cana - PotenciaRadiofonicaDominicana.com","og_description":"Los tenistas Julianny De La Cruz y Fabio Zavalaga Uculmana se coronaron campeones de la Copa Colibr\u00ed J60 Punta Cana ...","og_url":"https:\/\/potenciaradiofonicadominicana.com\/portal\/julianny-de-la-cruz-se-corona-en-copa-colibri-j60-punta-cana\/","og_site_name":"PotenciaRadiofonicaDominicana.com","article_publisher":"https:\/\/web.facebook.com\/PotenciaRadiofonicaD","article_published_time":"2026-04-05T23:29:04+00:00","og_image":[{"width":1000,"height":600,"url":"https:\/\/potenciaradiofonicadominicana.com\/portal\/wp-content\/uploads\/2026\/04\/Julianny-De-La-Cruz-3-e1775404365744.webp","type":"image\/webp"}],"author":"Potencia Radiof\u00f3nica Dominicana","twitter_card":"summary_large_image","twitter_misc":{"Escrito por":"Potencia Radiof\u00f3nica Dominicana","Tiempo de lectura":"2 minutos"},"schema":{"@context":"https:\/\/schema.org","@graph":[{"@type":"Article","@id":"https:\/\/potenciaradiofonicadominicana.com\/portal\/julianny-de-la-cruz-se-corona-en-copa-colibri-j60-punta-cana\/#article","isPartOf":{"@id":"https:\/\/potenciaradiofonicadominicana.com\/portal\/julianny-de-la-cruz-se-corona-en-copa-colibri-j60-punta-cana\/"},"author":{"name":"Potencia Radiof\u00f3nica Dominicana","@id":"https:\/\/potenciaradiofonicadominicana.com\/portal\/#\/schema\/person\/a5cf1fea13877803ee0573ac18b03490"},"headline":"Julianny De La Cruz se corona en Copa Colibr\u00ed J60 Punta Cana","datePublished":"2026-04-05T23:29:04+00:00","mainEntityOfPage":{"@id":"https:\/\/potenciaradiofonicadominicana.com\/portal\/julianny-de-la-cruz-se-corona-en-copa-colibri-j60-punta-cana\/"},"wordCount":317,"publisher":{"@id":"https:\/\/potenciaradiofonicadominicana.com\/portal\/#organization"},"image":{"@id":"https:\/\/potenciaradiofonicadominicana.com\/portal\/julianny-de-la-cruz-se-corona-en-copa-colibri-j60-punta-cana\/#primaryimage"},"thumbnailUrl":"https:\/\/potenciaradiofonicadominicana.com\/portal\/wp-content\/uploads\/2026\/04\/Julianny-De-La-Cruz-3-e1775404365744.webp","articleSection":["Deportes"],"inLanguage":"es"},{"@type":"WebPage","@id":"https:\/\/potenciaradiofonicadominicana.com\/portal\/julianny-de-la-cruz-se-corona-en-copa-colibri-j60-punta-cana\/","url":"https:\/\/potenciaradiofonicadominicana.com\/portal\/julianny-de-la-cruz-se-corona-en-copa-colibri-j60-punta-cana\/","name":"Julianny De La Cruz se corona en Copa Colibr\u00ed J60 Punta Cana - PotenciaRadiofonicaDominicana.com","isPartOf":{"@id":"https:\/\/potenciaradiofonicadominicana.com\/portal\/#website"},"primaryImageOfPage":{"@id":"https:\/\/potenciaradiofonicadominicana.com\/portal\/julianny-de-la-cruz-se-corona-en-copa-colibri-j60-punta-cana\/#primaryimage"},"image":{"@id":"https:\/\/potenciaradiofonicadominicana.com\/portal\/julianny-de-la-cruz-se-corona-en-copa-colibri-j60-punta-cana\/#primaryimage"},"thumbnailUrl":"https:\/\/potenciaradiofonicadominicana.com\/portal\/wp-content\/uploads\/2026\/04\/Julianny-De-La-Cruz-3-e1775404365744.webp","datePublished":"2026-04-05T23:29:04+00:00","breadcrumb":{"@id":"https:\/\/potenciaradiofonicadominicana.com\/portal\/julianny-de-la-cruz-se-corona-en-copa-colibri-j60-punta-cana\/#breadcrumb"},"inLanguage":"es","potentialAction":[{"@type":"ReadAction","target":["https:\/\/potenciaradiofonicadominicana.com\/portal\/julianny-de-la-cruz-se-corona-en-copa-colibri-j60-punta-cana\/"]}]},{"@type":"ImageObject","inLanguage":"es","@id":"https:\/\/potenciaradiofonicadominicana.com\/portal\/julianny-de-la-cruz-se-corona-en-copa-colibri-j60-punta-cana\/#primaryimage","url":"https:\/\/potenciaradiofonicadominicana.com\/portal\/wp-content\/uploads\/2026\/04\/Julianny-De-La-Cruz-3-e1775404365744.webp","contentUrl":"https:\/\/potenciaradiofonicadominicana.com\/portal\/wp-content\/uploads\/2026\/04\/Julianny-De-La-Cruz-3-e1775404365744.webp","width":1000,"height":600},{"@type":"BreadcrumbList","@id":"https:\/\/potenciaradiofonicadominicana.com\/portal\/julianny-de-la-cruz-se-corona-en-copa-colibri-j60-punta-cana\/#breadcrumb","itemListElement":[{"@type":"ListItem","position":1,"name":"Portada","item":"https:\/\/potenciaradiofonicadominicana.com\/portal\/"},{"@type":"ListItem","position":2,"name":"Julianny De La Cruz se corona en Copa Colibr\u00ed J60 Punta Cana"}]},{"@type":"WebSite","@id":"https:\/\/potenciaradiofonicadominicana.com\/portal\/#website","url":"https:\/\/potenciaradiofonicadominicana.com\/portal\/","name":"PotenciaRadiofonicaDominicana.com","description":"Peri\u00f3dico Digital","publisher":{"@id":"https:\/\/potenciaradiofonicadominicana.com\/portal\/#organization"},"potentialAction":[{"@type":"SearchAction","target":{"@type":"EntryPoint","urlTemplate":"https:\/\/potenciaradiofonicadominicana.com\/portal\/?s={search_term_string}"},"query-input":{"@type":"PropertyValueSpecification","valueRequired":true,"valueName":"search_term_string"}}],"inLanguage":"es"},{"@type":"Organization","@id":"https:\/\/potenciaradiofonicadominicana.com\/portal\/#organization","name":"PotenciaRadiofonicaDominicana.com","url":"https:\/\/potenciaradiofonicadominicana.com\/portal\/","logo":{"@type":"ImageObject","inLanguage":"es","@id":"https:\/\/potenciaradiofonicadominicana.com\/portal\/#\/schema\/logo\/image\/","url":"https:\/\/potenciaradiofonicadominicana.com\/portal\/wp-content\/uploads\/2022\/01\/descarga.png","contentUrl":"https:\/\/potenciaradiofonicadominicana.com\/portal\/wp-content\/uploads\/2022\/01\/descarga.png","width":300,"height":100,"caption":"PotenciaRadiofonicaDominicana.com"},"image":{"@id":"https:\/\/potenciaradiofonicadominicana.com\/portal\/#\/schema\/logo\/image\/"},"sameAs":["https:\/\/web.facebook.com\/PotenciaRadiofonicaD"]},{"@type":"Person","@id":"https:\/\/potenciaradiofonicadominicana.com\/portal\/#\/schema\/person\/a5cf1fea13877803ee0573ac18b03490","name":"Potencia Radiof\u00f3nica Dominicana","image":{"@type":"ImageObject","inLanguage":"es","@id":"https:\/\/potenciaradiofonicadominicana.com\/portal\/#\/schema\/person\/image\/","url":"https:\/\/secure.gravatar.com\/avatar\/42a55ab9e8ccc656ba34cd791990602a?s=96&d=mm&r=g","contentUrl":"https:\/\/secure.gravatar.com\/avatar\/42a55ab9e8ccc656ba34cd791990602a?s=96&d=mm&r=g","caption":"Potencia Radiof\u00f3nica Dominicana"},"url":"https:\/\/potenciaradiofonicadominicana.com\/portal\/author\/johannyalmanzar\/"}]}},"_links":{"self":[{"href":"https:\/\/potenciaradiofonicadominicana.com\/portal\/wp-json\/wp\/v2\/posts\/214217","targetHints":{"allow":["GET"]}}],"collection":[{"href":"https:\/\/potenciaradiofonicadominicana.com\/portal\/wp-json\/wp\/v2\/posts"}],"about":[{"href":"https:\/\/potenciaradiofonicadominicana.com\/portal\/wp-json\/wp\/v2\/types\/post"}],"author":[{"embeddable":true,"href":"https:\/\/potenciaradiofonicadominicana.com\/portal\/wp-json\/wp\/v2\/users\/2"}],"replies":[{"embeddable":true,"href":"https:\/\/potenciaradiofonicadominicana.com\/portal\/wp-json\/wp\/v2\/comments?post=214217"}],"version-history":[{"count":1,"href":"https:\/\/potenciaradiofonicadominicana.com\/portal\/wp-json\/wp\/v2\/posts\/214217\/revisions"}],"predecessor-version":[{"id":214220,"href":"https:\/\/potenciaradiofonicadominicana.com\/portal\/wp-json\/wp\/v2\/posts\/214217\/revisions\/214220"}],"wp:featuredmedia":[{"embeddable":true,"href":"https:\/\/potenciaradiofonicadominicana.com\/portal\/wp-json\/wp\/v2\/media\/214218"}],"wp:attachment":[{"href":"https:\/\/potenciaradiofonicadominicana.com\/portal\/wp-json\/wp\/v2\/media?parent=214217"}],"wp:term":[{"taxonomy":"category","embeddable":true,"href":"https:\/\/potenciaradiofonicadominicana.com\/portal\/wp-json\/wp\/v2\/categories?post=214217"},{"taxonomy":"post_tag","embeddable":true,"href":"https:\/\/potenciaradiofonicadominicana.com\/portal\/wp-json\/wp\/v2\/tags?post=214217"}],"curies":[{"name":"wp","href":"https:\/\/api.w.org\/{rel}","templated":true}]}}