{"id":214214,"date":"2026-04-05T19:26:49","date_gmt":"2026-04-05T23:26:49","guid":{"rendered":"https:\/\/potenciaradiofonicadominicana.com\/portal\/?p=214214"},"modified":"2026-04-05T19:26:49","modified_gmt":"2026-04-05T23:26:49","slug":"tadej-pogacar-gana-en-solitario-su-tercer-tour-de-flandes","status":"publish","type":"post","link":"https:\/\/potenciaradiofonicadominicana.com\/portal\/tadej-pogacar-gana-en-solitario-su-tercer-tour-de-flandes\/","title":{"rendered":"Tadej Pogacar gana en solitario su tercer Tour de Flandes"},"content":{"rendered":"<p><a href=\"https:\/\/potenciaradiofonicadominicana.com\/portal\/wp-content\/uploads\/2026\/04\/01k6tjk744vd9w3b61y1.webp\"><img loading=\"lazy\" decoding=\"async\" class=\"alignnone size-full wp-image-214215\" src=\"https:\/\/potenciaradiofonicadominicana.com\/portal\/wp-content\/uploads\/2026\/04\/01k6tjk744vd9w3b61y1.webp\" alt=\"\" width=\"720\" height=\"405\" srcset=\"https:\/\/potenciaradiofonicadominicana.com\/portal\/wp-content\/uploads\/2026\/04\/01k6tjk744vd9w3b61y1.webp 720w, https:\/\/potenciaradiofonicadominicana.com\/portal\/wp-content\/uploads\/2026\/04\/01k6tjk744vd9w3b61y1-300x169.webp 300w\" sizes=\"auto, (max-width: 720px) 100vw, 720px\" \/><\/a><\/p>\n<p>Intocable,\u00a0<strong>Tadej Pogacar<\/strong>\u00a0<strong>conquist\u00f3<\/strong>\u00a0este domingo su tercer\u00a0<strong>Tour de Flandes<\/strong>\u00a0al imponerse en\u00a0<strong>solitario<\/strong>\u00a0por delante de\u00a0<strong>Mathieu van der Poel<\/strong>\u00a0y\u00a0<strong>Remco Evenepoel<\/strong>\u00a0tras un formidable combate en las subidas adoquinadas.<\/p>\n<p>Con esta\u00a0<strong>duod\u00e9cima victoria<\/strong>\u00a0en un\u00a0<strong>Monumento<\/strong>, el esloveno supera a Roger de Vlaeminck y se sit\u00faa en\u00a0<strong>solitario<\/strong>\u00a0en la segunda posici\u00f3n de la clasificaci\u00f3n de todos los tiempos, solo por detr\u00e1s del icono\u00a0<strong>Eddy Merckx<\/strong>\u00a0(19).<\/p>\n<p>Ya vencedor hace dos semanas en la\u00a0<strong>Mil\u00e1n-San Remo<\/strong>, el doble campe\u00f3n del mundo sigue adem\u00e1s en liza para lograr el\u00a0<strong>Grand Slam<\/strong>, que consiste en ganar los\u00a0<strong>cinco Monumentos<\/strong> en una misma temporada, una haza\u00f1a a\u00fan nunca conseguida, antes de la pr\u00f3xima cita el domingo que viene en la Par\u00eds-Roubaix.<\/p>\n<p><strong>Pogacar<\/strong>\u00a0se impuso por delante de los otros tres fant\u00e1sticos, con\u00a0<strong>34 segundos<\/strong>\u00a0de ventaja sobre\u00a0<strong>Van der Poel<\/strong>, que cay\u00f3 en sus brazos en la meta, mientras que\u00a0<strong>Evenepoel<\/strong>\u00a0termin\u00f3 a 1 min 11 s, por delante de Wout Van Aert (2:04).<\/p>\n<p>\u00abNo corro mucho, as\u00ed que cuando estoy en la salida la\u00a0<strong>presi\u00f3n<\/strong>\u00a0es fuerte para que gane. Hasta ahora todo va perfecto\u00bb, dijo\u00a0<strong>Pogacar<\/strong>\u00a0despu\u00e9s de haber recibido las felicitaciones de todos sus rivales, que acudieron a rendirse ante su\u00a0<strong>total supremac\u00eda<\/strong>.<\/p>\n<h2>Tres de tres<\/h2>\n<p>El balance de\u00a0<strong>2026<\/strong>\u00a0del esloveno es cristalino: tres carreras,\u00a0<strong>tres victorias<\/strong>, en las\u00a0<strong>Strade Bianche<\/strong>, en la\u00a0<strong>Mil\u00e1n-San Remo<\/strong>\u00a0y en el\u00a0<strong>Tour de Flandes<\/strong>.<\/p>\n<p>En la carrera belga logr\u00f3, adem\u00e1s, su cuarto\u00a0<strong>Monumento<\/strong>\u00a0consecutivo, una haza\u00f1a in\u00e9dita, tras conquistar la\u00a0<strong>Lieja-Basto\u00f1a-Lieja<\/strong>\u00a0y el\u00a0<strong>Giro de Lombard\u00eda<\/strong>\u00a0el a\u00f1o pasado y la Primavera en marzo.<\/p>\n<p>Acelerando en todos los muros,\u00a0<strong>Pogacar<\/strong>\u00a0fue exprimiendo a sus rivales uno por uno hasta marcharse en\u00a0<strong>solitario<\/strong>, como en sus victorias de 2023 y 2025, en la tercera y \u00faltima ascensi\u00f3n al\u00a0<strong>Viejo Kwaremont<\/strong>, a 18 km de la meta.<\/p>\n<p>\u00daltimo en ceder,\u00a0<strong>Van der Poel<\/strong>\u00a0logr\u00f3 limitar los da\u00f1os para coronar el\u00a0<strong>Paterberg<\/strong>, la \u00faltima dificultad del d\u00eda, a\u00a0<strong>quince segundos<\/strong>.<\/p>\n<p>Pero termin\u00f3 por soltarse definitivamente en los\u00a0<strong>\u00faltimos trece kil\u00f3metros<\/strong>\u00a0llanos hacia\u00a0<strong>Oudenaarde<\/strong>\u00a0y se qued\u00f3 a las puertas de su\u00a0<strong>cuarto triunfo<\/strong>\u00a0en la Ronde.<\/p>\n<p>Por detr\u00e1s,\u00a0<strong>Evenepoel<\/strong>, en su primera participaci\u00f3n, se hizo con un brillante\u00a0<strong>tercer puesto<\/strong>\u00a0tras ofrecer una\u00a0<strong>resistencia formidable<\/strong>\u00a0detr\u00e1s del d\u00fao de cabeza, pese a rodar completamente solo durante los \u00faltimos cincuenta kil\u00f3metros.<\/p>\n","protected":false},"excerpt":{"rendered":"<p>Intocable,\u00a0Tadej Pogacar\u00a0conquist\u00f3\u00a0este domingo su tercer\u00a0Tour de Flandes\u00a0al imponerse en\u00a0solitario\u00a0por delante de\u00a0Mathieu van der Poel\u00a0y\u00a0Remco Evenepoel\u00a0tras un formidable combate en las &#8230;<\/p>\n","protected":false},"author":2,"featured_media":214215,"comment_status":"closed","ping_status":"closed","sticky":false,"template":"","format":"standard","meta":{"footnotes":""},"categories":[28],"tags":[],"class_list":["post-214214","post","type-post","status-publish","format-standard","has-post-thumbnail","hentry","category-deportes"],"yoast_head":"<!-- This site is optimized with the Yoast SEO plugin v24.8.1 - https:\/\/yoast.com\/wordpress\/plugins\/seo\/ -->\n<title>Tadej Pogacar gana en solitario su tercer Tour de Flandes - PotenciaRadiofonicaDominicana.com<\/title>\n<meta name=\"robots\" content=\"index, follow, max-snippet:-1, max-image-preview:large, max-video-preview:-1\" \/>\n<link rel=\"canonical\" href=\"https:\/\/potenciaradiofonicadominicana.com\/portal\/tadej-pogacar-gana-en-solitario-su-tercer-tour-de-flandes\/\" \/>\n<meta property=\"og:locale\" content=\"es_ES\" \/>\n<meta property=\"og:type\" content=\"article\" \/>\n<meta property=\"og:title\" content=\"Tadej Pogacar gana en solitario su tercer Tour de Flandes - PotenciaRadiofonicaDominicana.com\" \/>\n<meta property=\"og:description\" content=\"Intocable,\u00a0Tadej Pogacar\u00a0conquist\u00f3\u00a0este domingo su tercer\u00a0Tour de Flandes\u00a0al imponerse en\u00a0solitario\u00a0por delante de\u00a0Mathieu van der Poel\u00a0y\u00a0Remco Evenepoel\u00a0tras un formidable combate en las ...\" \/>\n<meta property=\"og:url\" content=\"https:\/\/potenciaradiofonicadominicana.com\/portal\/tadej-pogacar-gana-en-solitario-su-tercer-tour-de-flandes\/\" \/>\n<meta property=\"og:site_name\" content=\"PotenciaRadiofonicaDominicana.com\" \/>\n<meta property=\"article:publisher\" content=\"https:\/\/web.facebook.com\/PotenciaRadiofonicaD\" \/>\n<meta property=\"article:published_time\" content=\"2026-04-05T23:26:49+00:00\" \/>\n<meta property=\"og:image\" content=\"https:\/\/potenciaradiofonicadominicana.com\/portal\/wp-content\/uploads\/2026\/04\/01k6tjk744vd9w3b61y1.webp\" \/>\n\t<meta property=\"og:image:width\" content=\"720\" \/>\n\t<meta property=\"og:image:height\" content=\"405\" \/>\n\t<meta property=\"og:image:type\" content=\"image\/webp\" \/>\n<meta name=\"author\" content=\"Potencia Radiof\u00f3nica Dominicana\" \/>\n<meta name=\"twitter:card\" content=\"summary_large_image\" \/>\n<meta name=\"twitter:label1\" content=\"Escrito por\" \/>\n\t<meta name=\"twitter:data1\" content=\"Potencia Radiof\u00f3nica Dominicana\" \/>\n\t<meta name=\"twitter:label2\" content=\"Tiempo de lectura\" \/>\n\t<meta name=\"twitter:data2\" content=\"3 minutos\" \/>\n<script type=\"application\/ld+json\" class=\"yoast-schema-graph\">{\"@context\":\"https:\/\/schema.org\",\"@graph\":[{\"@type\":\"Article\",\"@id\":\"https:\/\/potenciaradiofonicadominicana.com\/portal\/tadej-pogacar-gana-en-solitario-su-tercer-tour-de-flandes\/#article\",\"isPartOf\":{\"@id\":\"https:\/\/potenciaradiofonicadominicana.com\/portal\/tadej-pogacar-gana-en-solitario-su-tercer-tour-de-flandes\/\"},\"author\":{\"name\":\"Potencia Radiof\u00f3nica Dominicana\",\"@id\":\"https:\/\/potenciaradiofonicadominicana.com\/portal\/#\/schema\/person\/a5cf1fea13877803ee0573ac18b03490\"},\"headline\":\"Tadej Pogacar gana en solitario su tercer Tour de Flandes\",\"datePublished\":\"2026-04-05T23:26:49+00:00\",\"mainEntityOfPage\":{\"@id\":\"https:\/\/potenciaradiofonicadominicana.com\/portal\/tadej-pogacar-gana-en-solitario-su-tercer-tour-de-flandes\/\"},\"wordCount\":422,\"publisher\":{\"@id\":\"https:\/\/potenciaradiofonicadominicana.com\/portal\/#organization\"},\"image\":{\"@id\":\"https:\/\/potenciaradiofonicadominicana.com\/portal\/tadej-pogacar-gana-en-solitario-su-tercer-tour-de-flandes\/#primaryimage\"},\"thumbnailUrl\":\"https:\/\/potenciaradiofonicadominicana.com\/portal\/wp-content\/uploads\/2026\/04\/01k6tjk744vd9w3b61y1.webp\",\"articleSection\":[\"Deportes\"],\"inLanguage\":\"es\"},{\"@type\":\"WebPage\",\"@id\":\"https:\/\/potenciaradiofonicadominicana.com\/portal\/tadej-pogacar-gana-en-solitario-su-tercer-tour-de-flandes\/\",\"url\":\"https:\/\/potenciaradiofonicadominicana.com\/portal\/tadej-pogacar-gana-en-solitario-su-tercer-tour-de-flandes\/\",\"name\":\"Tadej Pogacar gana en solitario su tercer Tour de Flandes - PotenciaRadiofonicaDominicana.com\",\"isPartOf\":{\"@id\":\"https:\/\/potenciaradiofonicadominicana.com\/portal\/#website\"},\"primaryImageOfPage\":{\"@id\":\"https:\/\/potenciaradiofonicadominicana.com\/portal\/tadej-pogacar-gana-en-solitario-su-tercer-tour-de-flandes\/#primaryimage\"},\"image\":{\"@id\":\"https:\/\/potenciaradiofonicadominicana.com\/portal\/tadej-pogacar-gana-en-solitario-su-tercer-tour-de-flandes\/#primaryimage\"},\"thumbnailUrl\":\"https:\/\/potenciaradiofonicadominicana.com\/portal\/wp-content\/uploads\/2026\/04\/01k6tjk744vd9w3b61y1.webp\",\"datePublished\":\"2026-04-05T23:26:49+00:00\",\"breadcrumb\":{\"@id\":\"https:\/\/potenciaradiofonicadominicana.com\/portal\/tadej-pogacar-gana-en-solitario-su-tercer-tour-de-flandes\/#breadcrumb\"},\"inLanguage\":\"es\",\"potentialAction\":[{\"@type\":\"ReadAction\",\"target\":[\"https:\/\/potenciaradiofonicadominicana.com\/portal\/tadej-pogacar-gana-en-solitario-su-tercer-tour-de-flandes\/\"]}]},{\"@type\":\"ImageObject\",\"inLanguage\":\"es\",\"@id\":\"https:\/\/potenciaradiofonicadominicana.com\/portal\/tadej-pogacar-gana-en-solitario-su-tercer-tour-de-flandes\/#primaryimage\",\"url\":\"https:\/\/potenciaradiofonicadominicana.com\/portal\/wp-content\/uploads\/2026\/04\/01k6tjk744vd9w3b61y1.webp\",\"contentUrl\":\"https:\/\/potenciaradiofonicadominicana.com\/portal\/wp-content\/uploads\/2026\/04\/01k6tjk744vd9w3b61y1.webp\",\"width\":720,\"height\":405},{\"@type\":\"BreadcrumbList\",\"@id\":\"https:\/\/potenciaradiofonicadominicana.com\/portal\/tadej-pogacar-gana-en-solitario-su-tercer-tour-de-flandes\/#breadcrumb\",\"itemListElement\":[{\"@type\":\"ListItem\",\"position\":1,\"name\":\"Portada\",\"item\":\"https:\/\/potenciaradiofonicadominicana.com\/portal\/\"},{\"@type\":\"ListItem\",\"position\":2,\"name\":\"Tadej Pogacar gana en solitario su tercer Tour de Flandes\"}]},{\"@type\":\"WebSite\",\"@id\":\"https:\/\/potenciaradiofonicadominicana.com\/portal\/#website\",\"url\":\"https:\/\/potenciaradiofonicadominicana.com\/portal\/\",\"name\":\"PotenciaRadiofonicaDominicana.com\",\"description\":\"Peri\u00f3dico Digital\",\"publisher\":{\"@id\":\"https:\/\/potenciaradiofonicadominicana.com\/portal\/#organization\"},\"potentialAction\":[{\"@type\":\"SearchAction\",\"target\":{\"@type\":\"EntryPoint\",\"urlTemplate\":\"https:\/\/potenciaradiofonicadominicana.com\/portal\/?s={search_term_string}\"},\"query-input\":{\"@type\":\"PropertyValueSpecification\",\"valueRequired\":true,\"valueName\":\"search_term_string\"}}],\"inLanguage\":\"es\"},{\"@type\":\"Organization\",\"@id\":\"https:\/\/potenciaradiofonicadominicana.com\/portal\/#organization\",\"name\":\"PotenciaRadiofonicaDominicana.com\",\"url\":\"https:\/\/potenciaradiofonicadominicana.com\/portal\/\",\"logo\":{\"@type\":\"ImageObject\",\"inLanguage\":\"es\",\"@id\":\"https:\/\/potenciaradiofonicadominicana.com\/portal\/#\/schema\/logo\/image\/\",\"url\":\"https:\/\/potenciaradiofonicadominicana.com\/portal\/wp-content\/uploads\/2022\/01\/descarga.png\",\"contentUrl\":\"https:\/\/potenciaradiofonicadominicana.com\/portal\/wp-content\/uploads\/2022\/01\/descarga.png\",\"width\":300,\"height\":100,\"caption\":\"PotenciaRadiofonicaDominicana.com\"},\"image\":{\"@id\":\"https:\/\/potenciaradiofonicadominicana.com\/portal\/#\/schema\/logo\/image\/\"},\"sameAs\":[\"https:\/\/web.facebook.com\/PotenciaRadiofonicaD\"]},{\"@type\":\"Person\",\"@id\":\"https:\/\/potenciaradiofonicadominicana.com\/portal\/#\/schema\/person\/a5cf1fea13877803ee0573ac18b03490\",\"name\":\"Potencia Radiof\u00f3nica Dominicana\",\"image\":{\"@type\":\"ImageObject\",\"inLanguage\":\"es\",\"@id\":\"https:\/\/potenciaradiofonicadominicana.com\/portal\/#\/schema\/person\/image\/\",\"url\":\"https:\/\/secure.gravatar.com\/avatar\/42a55ab9e8ccc656ba34cd791990602a?s=96&d=mm&r=g\",\"contentUrl\":\"https:\/\/secure.gravatar.com\/avatar\/42a55ab9e8ccc656ba34cd791990602a?s=96&d=mm&r=g\",\"caption\":\"Potencia Radiof\u00f3nica Dominicana\"},\"url\":\"https:\/\/potenciaradiofonicadominicana.com\/portal\/author\/johannyalmanzar\/\"}]}<\/script>\n<!-- \/ Yoast SEO plugin. -->","yoast_head_json":{"title":"Tadej Pogacar gana en solitario su tercer Tour de Flandes - PotenciaRadiofonicaDominicana.com","robots":{"index":"index","follow":"follow","max-snippet":"max-snippet:-1","max-image-preview":"max-image-preview:large","max-video-preview":"max-video-preview:-1"},"canonical":"https:\/\/potenciaradiofonicadominicana.com\/portal\/tadej-pogacar-gana-en-solitario-su-tercer-tour-de-flandes\/","og_locale":"es_ES","og_type":"article","og_title":"Tadej Pogacar gana en solitario su tercer Tour de Flandes - PotenciaRadiofonicaDominicana.com","og_description":"Intocable,\u00a0Tadej Pogacar\u00a0conquist\u00f3\u00a0este domingo su tercer\u00a0Tour de Flandes\u00a0al imponerse en\u00a0solitario\u00a0por delante de\u00a0Mathieu van der Poel\u00a0y\u00a0Remco Evenepoel\u00a0tras un formidable combate en las ...","og_url":"https:\/\/potenciaradiofonicadominicana.com\/portal\/tadej-pogacar-gana-en-solitario-su-tercer-tour-de-flandes\/","og_site_name":"PotenciaRadiofonicaDominicana.com","article_publisher":"https:\/\/web.facebook.com\/PotenciaRadiofonicaD","article_published_time":"2026-04-05T23:26:49+00:00","og_image":[{"width":720,"height":405,"url":"https:\/\/potenciaradiofonicadominicana.com\/portal\/wp-content\/uploads\/2026\/04\/01k6tjk744vd9w3b61y1.webp","type":"image\/webp"}],"author":"Potencia Radiof\u00f3nica Dominicana","twitter_card":"summary_large_image","twitter_misc":{"Escrito por":"Potencia Radiof\u00f3nica Dominicana","Tiempo de lectura":"3 minutos"},"schema":{"@context":"https:\/\/schema.org","@graph":[{"@type":"Article","@id":"https:\/\/potenciaradiofonicadominicana.com\/portal\/tadej-pogacar-gana-en-solitario-su-tercer-tour-de-flandes\/#article","isPartOf":{"@id":"https:\/\/potenciaradiofonicadominicana.com\/portal\/tadej-pogacar-gana-en-solitario-su-tercer-tour-de-flandes\/"},"author":{"name":"Potencia Radiof\u00f3nica Dominicana","@id":"https:\/\/potenciaradiofonicadominicana.com\/portal\/#\/schema\/person\/a5cf1fea13877803ee0573ac18b03490"},"headline":"Tadej Pogacar gana en solitario su tercer Tour de Flandes","datePublished":"2026-04-05T23:26:49+00:00","mainEntityOfPage":{"@id":"https:\/\/potenciaradiofonicadominicana.com\/portal\/tadej-pogacar-gana-en-solitario-su-tercer-tour-de-flandes\/"},"wordCount":422,"publisher":{"@id":"https:\/\/potenciaradiofonicadominicana.com\/portal\/#organization"},"image":{"@id":"https:\/\/potenciaradiofonicadominicana.com\/portal\/tadej-pogacar-gana-en-solitario-su-tercer-tour-de-flandes\/#primaryimage"},"thumbnailUrl":"https:\/\/potenciaradiofonicadominicana.com\/portal\/wp-content\/uploads\/2026\/04\/01k6tjk744vd9w3b61y1.webp","articleSection":["Deportes"],"inLanguage":"es"},{"@type":"WebPage","@id":"https:\/\/potenciaradiofonicadominicana.com\/portal\/tadej-pogacar-gana-en-solitario-su-tercer-tour-de-flandes\/","url":"https:\/\/potenciaradiofonicadominicana.com\/portal\/tadej-pogacar-gana-en-solitario-su-tercer-tour-de-flandes\/","name":"Tadej Pogacar gana en solitario su tercer Tour de Flandes - PotenciaRadiofonicaDominicana.com","isPartOf":{"@id":"https:\/\/potenciaradiofonicadominicana.com\/portal\/#website"},"primaryImageOfPage":{"@id":"https:\/\/potenciaradiofonicadominicana.com\/portal\/tadej-pogacar-gana-en-solitario-su-tercer-tour-de-flandes\/#primaryimage"},"image":{"@id":"https:\/\/potenciaradiofonicadominicana.com\/portal\/tadej-pogacar-gana-en-solitario-su-tercer-tour-de-flandes\/#primaryimage"},"thumbnailUrl":"https:\/\/potenciaradiofonicadominicana.com\/portal\/wp-content\/uploads\/2026\/04\/01k6tjk744vd9w3b61y1.webp","datePublished":"2026-04-05T23:26:49+00:00","breadcrumb":{"@id":"https:\/\/potenciaradiofonicadominicana.com\/portal\/tadej-pogacar-gana-en-solitario-su-tercer-tour-de-flandes\/#breadcrumb"},"inLanguage":"es","potentialAction":[{"@type":"ReadAction","target":["https:\/\/potenciaradiofonicadominicana.com\/portal\/tadej-pogacar-gana-en-solitario-su-tercer-tour-de-flandes\/"]}]},{"@type":"ImageObject","inLanguage":"es","@id":"https:\/\/potenciaradiofonicadominicana.com\/portal\/tadej-pogacar-gana-en-solitario-su-tercer-tour-de-flandes\/#primaryimage","url":"https:\/\/potenciaradiofonicadominicana.com\/portal\/wp-content\/uploads\/2026\/04\/01k6tjk744vd9w3b61y1.webp","contentUrl":"https:\/\/potenciaradiofonicadominicana.com\/portal\/wp-content\/uploads\/2026\/04\/01k6tjk744vd9w3b61y1.webp","width":720,"height":405},{"@type":"BreadcrumbList","@id":"https:\/\/potenciaradiofonicadominicana.com\/portal\/tadej-pogacar-gana-en-solitario-su-tercer-tour-de-flandes\/#breadcrumb","itemListElement":[{"@type":"ListItem","position":1,"name":"Portada","item":"https:\/\/potenciaradiofonicadominicana.com\/portal\/"},{"@type":"ListItem","position":2,"name":"Tadej Pogacar gana en solitario su tercer Tour de Flandes"}]},{"@type":"WebSite","@id":"https:\/\/potenciaradiofonicadominicana.com\/portal\/#website","url":"https:\/\/potenciaradiofonicadominicana.com\/portal\/","name":"PotenciaRadiofonicaDominicana.com","description":"Peri\u00f3dico Digital","publisher":{"@id":"https:\/\/potenciaradiofonicadominicana.com\/portal\/#organization"},"potentialAction":[{"@type":"SearchAction","target":{"@type":"EntryPoint","urlTemplate":"https:\/\/potenciaradiofonicadominicana.com\/portal\/?s={search_term_string}"},"query-input":{"@type":"PropertyValueSpecification","valueRequired":true,"valueName":"search_term_string"}}],"inLanguage":"es"},{"@type":"Organization","@id":"https:\/\/potenciaradiofonicadominicana.com\/portal\/#organization","name":"PotenciaRadiofonicaDominicana.com","url":"https:\/\/potenciaradiofonicadominicana.com\/portal\/","logo":{"@type":"ImageObject","inLanguage":"es","@id":"https:\/\/potenciaradiofonicadominicana.com\/portal\/#\/schema\/logo\/image\/","url":"https:\/\/potenciaradiofonicadominicana.com\/portal\/wp-content\/uploads\/2022\/01\/descarga.png","contentUrl":"https:\/\/potenciaradiofonicadominicana.com\/portal\/wp-content\/uploads\/2022\/01\/descarga.png","width":300,"height":100,"caption":"PotenciaRadiofonicaDominicana.com"},"image":{"@id":"https:\/\/potenciaradiofonicadominicana.com\/portal\/#\/schema\/logo\/image\/"},"sameAs":["https:\/\/web.facebook.com\/PotenciaRadiofonicaD"]},{"@type":"Person","@id":"https:\/\/potenciaradiofonicadominicana.com\/portal\/#\/schema\/person\/a5cf1fea13877803ee0573ac18b03490","name":"Potencia Radiof\u00f3nica Dominicana","image":{"@type":"ImageObject","inLanguage":"es","@id":"https:\/\/potenciaradiofonicadominicana.com\/portal\/#\/schema\/person\/image\/","url":"https:\/\/secure.gravatar.com\/avatar\/42a55ab9e8ccc656ba34cd791990602a?s=96&d=mm&r=g","contentUrl":"https:\/\/secure.gravatar.com\/avatar\/42a55ab9e8ccc656ba34cd791990602a?s=96&d=mm&r=g","caption":"Potencia Radiof\u00f3nica Dominicana"},"url":"https:\/\/potenciaradiofonicadominicana.com\/portal\/author\/johannyalmanzar\/"}]}},"_links":{"self":[{"href":"https:\/\/potenciaradiofonicadominicana.com\/portal\/wp-json\/wp\/v2\/posts\/214214","targetHints":{"allow":["GET"]}}],"collection":[{"href":"https:\/\/potenciaradiofonicadominicana.com\/portal\/wp-json\/wp\/v2\/posts"}],"about":[{"href":"https:\/\/potenciaradiofonicadominicana.com\/portal\/wp-json\/wp\/v2\/types\/post"}],"author":[{"embeddable":true,"href":"https:\/\/potenciaradiofonicadominicana.com\/portal\/wp-json\/wp\/v2\/users\/2"}],"replies":[{"embeddable":true,"href":"https:\/\/potenciaradiofonicadominicana.com\/portal\/wp-json\/wp\/v2\/comments?post=214214"}],"version-history":[{"count":1,"href":"https:\/\/potenciaradiofonicadominicana.com\/portal\/wp-json\/wp\/v2\/posts\/214214\/revisions"}],"predecessor-version":[{"id":214216,"href":"https:\/\/potenciaradiofonicadominicana.com\/portal\/wp-json\/wp\/v2\/posts\/214214\/revisions\/214216"}],"wp:featuredmedia":[{"embeddable":true,"href":"https:\/\/potenciaradiofonicadominicana.com\/portal\/wp-json\/wp\/v2\/media\/214215"}],"wp:attachment":[{"href":"https:\/\/potenciaradiofonicadominicana.com\/portal\/wp-json\/wp\/v2\/media?parent=214214"}],"wp:term":[{"taxonomy":"category","embeddable":true,"href":"https:\/\/potenciaradiofonicadominicana.com\/portal\/wp-json\/wp\/v2\/categories?post=214214"},{"taxonomy":"post_tag","embeddable":true,"href":"https:\/\/potenciaradiofonicadominicana.com\/portal\/wp-json\/wp\/v2\/tags?post=214214"}],"curies":[{"name":"wp","href":"https:\/\/api.w.org\/{rel}","templated":true}]}}