{"id":214208,"date":"2026-04-05T19:23:46","date_gmt":"2026-04-05T23:23:46","guid":{"rendered":"https:\/\/potenciaradiofonicadominicana.com\/portal\/?p=214208"},"modified":"2026-04-05T19:23:46","modified_gmt":"2026-04-05T23:23:46","slug":"marcell-ozuna-es-abucheado-por-fanaticos-de-los-piratas-por-mal-inicio-de-temporada","status":"publish","type":"post","link":"https:\/\/potenciaradiofonicadominicana.com\/portal\/marcell-ozuna-es-abucheado-por-fanaticos-de-los-piratas-por-mal-inicio-de-temporada\/","title":{"rendered":"Marcell Ozuna es abucheado por fan\u00e1ticos de los Piratas por mal inicio de temporada"},"content":{"rendered":"<p><a href=\"https:\/\/potenciaradiofonicadominicana.com\/portal\/wp-content\/uploads\/2026\/04\/MLB-Heavy-Thumbnail_20260405_121832_0002.webp\"><img loading=\"lazy\" decoding=\"async\" class=\"alignnone size-full wp-image-214209\" src=\"https:\/\/potenciaradiofonicadominicana.com\/portal\/wp-content\/uploads\/2026\/04\/MLB-Heavy-Thumbnail_20260405_121832_0002.webp\" alt=\"\" width=\"1920\" height=\"1080\" srcset=\"https:\/\/potenciaradiofonicadominicana.com\/portal\/wp-content\/uploads\/2026\/04\/MLB-Heavy-Thumbnail_20260405_121832_0002.webp 1920w, https:\/\/potenciaradiofonicadominicana.com\/portal\/wp-content\/uploads\/2026\/04\/MLB-Heavy-Thumbnail_20260405_121832_0002-300x169.webp 300w, https:\/\/potenciaradiofonicadominicana.com\/portal\/wp-content\/uploads\/2026\/04\/MLB-Heavy-Thumbnail_20260405_121832_0002-1024x576.webp 1024w, https:\/\/potenciaradiofonicadominicana.com\/portal\/wp-content\/uploads\/2026\/04\/MLB-Heavy-Thumbnail_20260405_121832_0002-768x432.webp 768w, https:\/\/potenciaradiofonicadominicana.com\/portal\/wp-content\/uploads\/2026\/04\/MLB-Heavy-Thumbnail_20260405_121832_0002-1536x864.webp 1536w\" sizes=\"auto, (max-width: 1920px) 100vw, 1920px\" \/><\/a><\/p>\n<p>El dominicano Marcell Ozuna en su primera temporada con los Piratas atraviesa por una mala racha ofensiva, que lo ha llevado a ser repudiado por los fan\u00e1ticos de ese equipo.<\/p>\n<p>Durante los dos primeros partidos en casa, Ozuna ha recibido abucheos de la afici\u00f3n. En su decimocuarta temporada, comprende su frustraci\u00f3n.<\/p>\n<p>\u201cNo es la primera vez que me pa<\/p>\n<p>sa esto\u201d, dijo Ozuna. \u201cMerezco que me abucheen. No me importa. Voy a seguir esforz\u00e1ndome y dando lo mejor de m\u00ed. En cuanto consiga conectar hits, todo ir\u00e1 bien. Tengo confianza, mis compa\u00f1eros conf\u00edan en m\u00ed y la mayor\u00eda de la afici\u00f3n tambi\u00e9n. Me abuchearon porque necesitaban ver mi espect\u00e1culo. As\u00ed que tengo que darlo. Este es el momento, ahora mismo\u201d.<\/p>\n<p>Pittsburgh fich\u00f3 a Ozuna con un contrato de un a\u00f1o y 12 millones de d\u00f3lares justo antes del inicio de los entrenamientos de primavera, con la idea de que aportar\u00eda potencia a una ofensiva que el a\u00f1o pasado fue la peor de las Grandes Ligas en jonrones y carreras anotadas. En cambio, batea para .074 sin ning\u00fan extrabase.<\/p>\n<p>\u201cYa saben c\u00f3mo es el b\u00e9isbol\u201d, dijo Ozuna. \u201cEs dif\u00edcil, as\u00ed que solo hay que salir y disfrutar. Ha sido complicado \u00faltimamente. Intento no hacer m\u00e1s de lo que puedo, para no excederme. Despu\u00e9s de conectar ese hit en mi \u00faltimo turno al bate, creo que todo va bien ahora\u201d.<br \/>\n\u201cDespu\u00e9s de eso, fui otro hombre\u201d, dijo Ozuna.<\/p>\n<p>El s\u00e1bado, Ozuna buscaba cualquier se\u00f1al de esperanza para superar su mala racha de inicio de temporada. El bateador designado de los Piratas de Pittsburgh tal vez la encontr\u00f3: un sencillo rodado frente al plato.<\/p>\n<p>El batazo d\u00e9bil de Ozuna fue apenas su segundo hit en 27 turnos al bate, lo que ayud\u00f3 a los Piratas a remontar y lograr una victoria de 3-2 sobre los Orioles el s\u00e1bado en el PNC Park.<\/p>\n<p>El hit de Ozuna abri\u00f3 la octava entrada, lo que permiti\u00f3 al bateador emergente Jake Mangum empatar el marcador a 2 con un sencillo productor. Nick Yorke sentenci\u00f3 el partido con un doble en la novena entrada.<\/p>\n<p>El m\u00e1nager de los Pirates, Don Kelly, excompa\u00f1ero de Ozuna en los Marlins, se mostr\u00f3 impresionado de que Ozuna fuera a la jaula de bateo despu\u00e9s de la victoria del viernes, siendo esta la primera vez que Ozuna practica bateo despu\u00e9s de un partido.<\/p>\n<p>\u00abParece que est\u00e1 en un momento de transici\u00f3n\u00bb, dijo Kelly. \u00abNecesitamos que empiece a batear con fuerza. Es un jugador que se preocupa mucho y quiere recuperar su ritmo. Es un veterano. Sabe lo que tiene que hacer. Tengo plena confianza en que pronto empezar\u00e1 a batear con fuerza\u00bb.<\/p>\n","protected":false},"excerpt":{"rendered":"<p>El dominicano Marcell Ozuna en su primera temporada con los Piratas atraviesa por una mala racha ofensiva, que lo ha &#8230;<\/p>\n","protected":false},"author":2,"featured_media":214209,"comment_status":"closed","ping_status":"closed","sticky":false,"template":"","format":"standard","meta":{"footnotes":""},"categories":[28],"tags":[],"class_list":["post-214208","post","type-post","status-publish","format-standard","has-post-thumbnail","hentry","category-deportes"],"yoast_head":"<!-- This site is optimized with the Yoast SEO plugin v24.8.1 - https:\/\/yoast.com\/wordpress\/plugins\/seo\/ -->\n<title>Marcell Ozuna es abucheado por fan\u00e1ticos de los Piratas por mal inicio de temporada - PotenciaRadiofonicaDominicana.com<\/title>\n<meta name=\"robots\" content=\"index, follow, max-snippet:-1, max-image-preview:large, max-video-preview:-1\" \/>\n<link rel=\"canonical\" href=\"https:\/\/potenciaradiofonicadominicana.com\/portal\/marcell-ozuna-es-abucheado-por-fanaticos-de-los-piratas-por-mal-inicio-de-temporada\/\" \/>\n<meta property=\"og:locale\" content=\"es_ES\" \/>\n<meta property=\"og:type\" content=\"article\" \/>\n<meta property=\"og:title\" content=\"Marcell Ozuna es abucheado por fan\u00e1ticos de los Piratas por mal inicio de temporada - PotenciaRadiofonicaDominicana.com\" \/>\n<meta property=\"og:description\" content=\"El dominicano Marcell Ozuna en su primera temporada con los Piratas atraviesa por una mala racha ofensiva, que lo ha ...\" \/>\n<meta property=\"og:url\" content=\"https:\/\/potenciaradiofonicadominicana.com\/portal\/marcell-ozuna-es-abucheado-por-fanaticos-de-los-piratas-por-mal-inicio-de-temporada\/\" \/>\n<meta property=\"og:site_name\" content=\"PotenciaRadiofonicaDominicana.com\" \/>\n<meta property=\"article:publisher\" content=\"https:\/\/web.facebook.com\/PotenciaRadiofonicaD\" \/>\n<meta property=\"article:published_time\" content=\"2026-04-05T23:23:46+00:00\" \/>\n<meta property=\"og:image\" content=\"https:\/\/potenciaradiofonicadominicana.com\/portal\/wp-content\/uploads\/2026\/04\/MLB-Heavy-Thumbnail_20260405_121832_0002.webp\" \/>\n\t<meta property=\"og:image:width\" content=\"1920\" \/>\n\t<meta property=\"og:image:height\" content=\"1080\" \/>\n\t<meta property=\"og:image:type\" content=\"image\/webp\" \/>\n<meta name=\"author\" content=\"Potencia Radiof\u00f3nica Dominicana\" \/>\n<meta name=\"twitter:card\" content=\"summary_large_image\" \/>\n<meta name=\"twitter:label1\" content=\"Escrito por\" \/>\n\t<meta name=\"twitter:data1\" content=\"Potencia Radiof\u00f3nica Dominicana\" \/>\n\t<meta name=\"twitter:label2\" content=\"Tiempo de lectura\" \/>\n\t<meta name=\"twitter:data2\" content=\"3 minutos\" \/>\n<script type=\"application\/ld+json\" class=\"yoast-schema-graph\">{\"@context\":\"https:\/\/schema.org\",\"@graph\":[{\"@type\":\"Article\",\"@id\":\"https:\/\/potenciaradiofonicadominicana.com\/portal\/marcell-ozuna-es-abucheado-por-fanaticos-de-los-piratas-por-mal-inicio-de-temporada\/#article\",\"isPartOf\":{\"@id\":\"https:\/\/potenciaradiofonicadominicana.com\/portal\/marcell-ozuna-es-abucheado-por-fanaticos-de-los-piratas-por-mal-inicio-de-temporada\/\"},\"author\":{\"name\":\"Potencia Radiof\u00f3nica Dominicana\",\"@id\":\"https:\/\/potenciaradiofonicadominicana.com\/portal\/#\/schema\/person\/a5cf1fea13877803ee0573ac18b03490\"},\"headline\":\"Marcell Ozuna es abucheado por fan\u00e1ticos de los Piratas por mal inicio de temporada\",\"datePublished\":\"2026-04-05T23:23:46+00:00\",\"mainEntityOfPage\":{\"@id\":\"https:\/\/potenciaradiofonicadominicana.com\/portal\/marcell-ozuna-es-abucheado-por-fanaticos-de-los-piratas-por-mal-inicio-de-temporada\/\"},\"wordCount\":480,\"publisher\":{\"@id\":\"https:\/\/potenciaradiofonicadominicana.com\/portal\/#organization\"},\"image\":{\"@id\":\"https:\/\/potenciaradiofonicadominicana.com\/portal\/marcell-ozuna-es-abucheado-por-fanaticos-de-los-piratas-por-mal-inicio-de-temporada\/#primaryimage\"},\"thumbnailUrl\":\"https:\/\/potenciaradiofonicadominicana.com\/portal\/wp-content\/uploads\/2026\/04\/MLB-Heavy-Thumbnail_20260405_121832_0002.webp\",\"articleSection\":[\"Deportes\"],\"inLanguage\":\"es\"},{\"@type\":\"WebPage\",\"@id\":\"https:\/\/potenciaradiofonicadominicana.com\/portal\/marcell-ozuna-es-abucheado-por-fanaticos-de-los-piratas-por-mal-inicio-de-temporada\/\",\"url\":\"https:\/\/potenciaradiofonicadominicana.com\/portal\/marcell-ozuna-es-abucheado-por-fanaticos-de-los-piratas-por-mal-inicio-de-temporada\/\",\"name\":\"Marcell Ozuna es abucheado por fan\u00e1ticos de los Piratas por mal inicio de temporada - PotenciaRadiofonicaDominicana.com\",\"isPartOf\":{\"@id\":\"https:\/\/potenciaradiofonicadominicana.com\/portal\/#website\"},\"primaryImageOfPage\":{\"@id\":\"https:\/\/potenciaradiofonicadominicana.com\/portal\/marcell-ozuna-es-abucheado-por-fanaticos-de-los-piratas-por-mal-inicio-de-temporada\/#primaryimage\"},\"image\":{\"@id\":\"https:\/\/potenciaradiofonicadominicana.com\/portal\/marcell-ozuna-es-abucheado-por-fanaticos-de-los-piratas-por-mal-inicio-de-temporada\/#primaryimage\"},\"thumbnailUrl\":\"https:\/\/potenciaradiofonicadominicana.com\/portal\/wp-content\/uploads\/2026\/04\/MLB-Heavy-Thumbnail_20260405_121832_0002.webp\",\"datePublished\":\"2026-04-05T23:23:46+00:00\",\"breadcrumb\":{\"@id\":\"https:\/\/potenciaradiofonicadominicana.com\/portal\/marcell-ozuna-es-abucheado-por-fanaticos-de-los-piratas-por-mal-inicio-de-temporada\/#breadcrumb\"},\"inLanguage\":\"es\",\"potentialAction\":[{\"@type\":\"ReadAction\",\"target\":[\"https:\/\/potenciaradiofonicadominicana.com\/portal\/marcell-ozuna-es-abucheado-por-fanaticos-de-los-piratas-por-mal-inicio-de-temporada\/\"]}]},{\"@type\":\"ImageObject\",\"inLanguage\":\"es\",\"@id\":\"https:\/\/potenciaradiofonicadominicana.com\/portal\/marcell-ozuna-es-abucheado-por-fanaticos-de-los-piratas-por-mal-inicio-de-temporada\/#primaryimage\",\"url\":\"https:\/\/potenciaradiofonicadominicana.com\/portal\/wp-content\/uploads\/2026\/04\/MLB-Heavy-Thumbnail_20260405_121832_0002.webp\",\"contentUrl\":\"https:\/\/potenciaradiofonicadominicana.com\/portal\/wp-content\/uploads\/2026\/04\/MLB-Heavy-Thumbnail_20260405_121832_0002.webp\",\"width\":1920,\"height\":1080},{\"@type\":\"BreadcrumbList\",\"@id\":\"https:\/\/potenciaradiofonicadominicana.com\/portal\/marcell-ozuna-es-abucheado-por-fanaticos-de-los-piratas-por-mal-inicio-de-temporada\/#breadcrumb\",\"itemListElement\":[{\"@type\":\"ListItem\",\"position\":1,\"name\":\"Portada\",\"item\":\"https:\/\/potenciaradiofonicadominicana.com\/portal\/\"},{\"@type\":\"ListItem\",\"position\":2,\"name\":\"Marcell Ozuna es abucheado por fan\u00e1ticos de los Piratas por mal inicio de temporada\"}]},{\"@type\":\"WebSite\",\"@id\":\"https:\/\/potenciaradiofonicadominicana.com\/portal\/#website\",\"url\":\"https:\/\/potenciaradiofonicadominicana.com\/portal\/\",\"name\":\"PotenciaRadiofonicaDominicana.com\",\"description\":\"Peri\u00f3dico Digital\",\"publisher\":{\"@id\":\"https:\/\/potenciaradiofonicadominicana.com\/portal\/#organization\"},\"potentialAction\":[{\"@type\":\"SearchAction\",\"target\":{\"@type\":\"EntryPoint\",\"urlTemplate\":\"https:\/\/potenciaradiofonicadominicana.com\/portal\/?s={search_term_string}\"},\"query-input\":{\"@type\":\"PropertyValueSpecification\",\"valueRequired\":true,\"valueName\":\"search_term_string\"}}],\"inLanguage\":\"es\"},{\"@type\":\"Organization\",\"@id\":\"https:\/\/potenciaradiofonicadominicana.com\/portal\/#organization\",\"name\":\"PotenciaRadiofonicaDominicana.com\",\"url\":\"https:\/\/potenciaradiofonicadominicana.com\/portal\/\",\"logo\":{\"@type\":\"ImageObject\",\"inLanguage\":\"es\",\"@id\":\"https:\/\/potenciaradiofonicadominicana.com\/portal\/#\/schema\/logo\/image\/\",\"url\":\"https:\/\/potenciaradiofonicadominicana.com\/portal\/wp-content\/uploads\/2022\/01\/descarga.png\",\"contentUrl\":\"https:\/\/potenciaradiofonicadominicana.com\/portal\/wp-content\/uploads\/2022\/01\/descarga.png\",\"width\":300,\"height\":100,\"caption\":\"PotenciaRadiofonicaDominicana.com\"},\"image\":{\"@id\":\"https:\/\/potenciaradiofonicadominicana.com\/portal\/#\/schema\/logo\/image\/\"},\"sameAs\":[\"https:\/\/web.facebook.com\/PotenciaRadiofonicaD\"]},{\"@type\":\"Person\",\"@id\":\"https:\/\/potenciaradiofonicadominicana.com\/portal\/#\/schema\/person\/a5cf1fea13877803ee0573ac18b03490\",\"name\":\"Potencia Radiof\u00f3nica Dominicana\",\"image\":{\"@type\":\"ImageObject\",\"inLanguage\":\"es\",\"@id\":\"https:\/\/potenciaradiofonicadominicana.com\/portal\/#\/schema\/person\/image\/\",\"url\":\"https:\/\/secure.gravatar.com\/avatar\/42a55ab9e8ccc656ba34cd791990602a?s=96&d=mm&r=g\",\"contentUrl\":\"https:\/\/secure.gravatar.com\/avatar\/42a55ab9e8ccc656ba34cd791990602a?s=96&d=mm&r=g\",\"caption\":\"Potencia Radiof\u00f3nica Dominicana\"},\"url\":\"https:\/\/potenciaradiofonicadominicana.com\/portal\/author\/johannyalmanzar\/\"}]}<\/script>\n<!-- \/ Yoast SEO plugin. -->","yoast_head_json":{"title":"Marcell Ozuna es abucheado por fan\u00e1ticos de los Piratas por mal inicio de temporada - PotenciaRadiofonicaDominicana.com","robots":{"index":"index","follow":"follow","max-snippet":"max-snippet:-1","max-image-preview":"max-image-preview:large","max-video-preview":"max-video-preview:-1"},"canonical":"https:\/\/potenciaradiofonicadominicana.com\/portal\/marcell-ozuna-es-abucheado-por-fanaticos-de-los-piratas-por-mal-inicio-de-temporada\/","og_locale":"es_ES","og_type":"article","og_title":"Marcell Ozuna es abucheado por fan\u00e1ticos de los Piratas por mal inicio de temporada - PotenciaRadiofonicaDominicana.com","og_description":"El dominicano Marcell Ozuna en su primera temporada con los Piratas atraviesa por una mala racha ofensiva, que lo ha ...","og_url":"https:\/\/potenciaradiofonicadominicana.com\/portal\/marcell-ozuna-es-abucheado-por-fanaticos-de-los-piratas-por-mal-inicio-de-temporada\/","og_site_name":"PotenciaRadiofonicaDominicana.com","article_publisher":"https:\/\/web.facebook.com\/PotenciaRadiofonicaD","article_published_time":"2026-04-05T23:23:46+00:00","og_image":[{"width":1920,"height":1080,"url":"https:\/\/potenciaradiofonicadominicana.com\/portal\/wp-content\/uploads\/2026\/04\/MLB-Heavy-Thumbnail_20260405_121832_0002.webp","type":"image\/webp"}],"author":"Potencia Radiof\u00f3nica Dominicana","twitter_card":"summary_large_image","twitter_misc":{"Escrito por":"Potencia Radiof\u00f3nica Dominicana","Tiempo de lectura":"3 minutos"},"schema":{"@context":"https:\/\/schema.org","@graph":[{"@type":"Article","@id":"https:\/\/potenciaradiofonicadominicana.com\/portal\/marcell-ozuna-es-abucheado-por-fanaticos-de-los-piratas-por-mal-inicio-de-temporada\/#article","isPartOf":{"@id":"https:\/\/potenciaradiofonicadominicana.com\/portal\/marcell-ozuna-es-abucheado-por-fanaticos-de-los-piratas-por-mal-inicio-de-temporada\/"},"author":{"name":"Potencia Radiof\u00f3nica Dominicana","@id":"https:\/\/potenciaradiofonicadominicana.com\/portal\/#\/schema\/person\/a5cf1fea13877803ee0573ac18b03490"},"headline":"Marcell Ozuna es abucheado por fan\u00e1ticos de los Piratas por mal inicio de temporada","datePublished":"2026-04-05T23:23:46+00:00","mainEntityOfPage":{"@id":"https:\/\/potenciaradiofonicadominicana.com\/portal\/marcell-ozuna-es-abucheado-por-fanaticos-de-los-piratas-por-mal-inicio-de-temporada\/"},"wordCount":480,"publisher":{"@id":"https:\/\/potenciaradiofonicadominicana.com\/portal\/#organization"},"image":{"@id":"https:\/\/potenciaradiofonicadominicana.com\/portal\/marcell-ozuna-es-abucheado-por-fanaticos-de-los-piratas-por-mal-inicio-de-temporada\/#primaryimage"},"thumbnailUrl":"https:\/\/potenciaradiofonicadominicana.com\/portal\/wp-content\/uploads\/2026\/04\/MLB-Heavy-Thumbnail_20260405_121832_0002.webp","articleSection":["Deportes"],"inLanguage":"es"},{"@type":"WebPage","@id":"https:\/\/potenciaradiofonicadominicana.com\/portal\/marcell-ozuna-es-abucheado-por-fanaticos-de-los-piratas-por-mal-inicio-de-temporada\/","url":"https:\/\/potenciaradiofonicadominicana.com\/portal\/marcell-ozuna-es-abucheado-por-fanaticos-de-los-piratas-por-mal-inicio-de-temporada\/","name":"Marcell Ozuna es abucheado por fan\u00e1ticos de los Piratas por mal inicio de temporada - PotenciaRadiofonicaDominicana.com","isPartOf":{"@id":"https:\/\/potenciaradiofonicadominicana.com\/portal\/#website"},"primaryImageOfPage":{"@id":"https:\/\/potenciaradiofonicadominicana.com\/portal\/marcell-ozuna-es-abucheado-por-fanaticos-de-los-piratas-por-mal-inicio-de-temporada\/#primaryimage"},"image":{"@id":"https:\/\/potenciaradiofonicadominicana.com\/portal\/marcell-ozuna-es-abucheado-por-fanaticos-de-los-piratas-por-mal-inicio-de-temporada\/#primaryimage"},"thumbnailUrl":"https:\/\/potenciaradiofonicadominicana.com\/portal\/wp-content\/uploads\/2026\/04\/MLB-Heavy-Thumbnail_20260405_121832_0002.webp","datePublished":"2026-04-05T23:23:46+00:00","breadcrumb":{"@id":"https:\/\/potenciaradiofonicadominicana.com\/portal\/marcell-ozuna-es-abucheado-por-fanaticos-de-los-piratas-por-mal-inicio-de-temporada\/#breadcrumb"},"inLanguage":"es","potentialAction":[{"@type":"ReadAction","target":["https:\/\/potenciaradiofonicadominicana.com\/portal\/marcell-ozuna-es-abucheado-por-fanaticos-de-los-piratas-por-mal-inicio-de-temporada\/"]}]},{"@type":"ImageObject","inLanguage":"es","@id":"https:\/\/potenciaradiofonicadominicana.com\/portal\/marcell-ozuna-es-abucheado-por-fanaticos-de-los-piratas-por-mal-inicio-de-temporada\/#primaryimage","url":"https:\/\/potenciaradiofonicadominicana.com\/portal\/wp-content\/uploads\/2026\/04\/MLB-Heavy-Thumbnail_20260405_121832_0002.webp","contentUrl":"https:\/\/potenciaradiofonicadominicana.com\/portal\/wp-content\/uploads\/2026\/04\/MLB-Heavy-Thumbnail_20260405_121832_0002.webp","width":1920,"height":1080},{"@type":"BreadcrumbList","@id":"https:\/\/potenciaradiofonicadominicana.com\/portal\/marcell-ozuna-es-abucheado-por-fanaticos-de-los-piratas-por-mal-inicio-de-temporada\/#breadcrumb","itemListElement":[{"@type":"ListItem","position":1,"name":"Portada","item":"https:\/\/potenciaradiofonicadominicana.com\/portal\/"},{"@type":"ListItem","position":2,"name":"Marcell Ozuna es abucheado por fan\u00e1ticos de los Piratas por mal inicio de temporada"}]},{"@type":"WebSite","@id":"https:\/\/potenciaradiofonicadominicana.com\/portal\/#website","url":"https:\/\/potenciaradiofonicadominicana.com\/portal\/","name":"PotenciaRadiofonicaDominicana.com","description":"Peri\u00f3dico Digital","publisher":{"@id":"https:\/\/potenciaradiofonicadominicana.com\/portal\/#organization"},"potentialAction":[{"@type":"SearchAction","target":{"@type":"EntryPoint","urlTemplate":"https:\/\/potenciaradiofonicadominicana.com\/portal\/?s={search_term_string}"},"query-input":{"@type":"PropertyValueSpecification","valueRequired":true,"valueName":"search_term_string"}}],"inLanguage":"es"},{"@type":"Organization","@id":"https:\/\/potenciaradiofonicadominicana.com\/portal\/#organization","name":"PotenciaRadiofonicaDominicana.com","url":"https:\/\/potenciaradiofonicadominicana.com\/portal\/","logo":{"@type":"ImageObject","inLanguage":"es","@id":"https:\/\/potenciaradiofonicadominicana.com\/portal\/#\/schema\/logo\/image\/","url":"https:\/\/potenciaradiofonicadominicana.com\/portal\/wp-content\/uploads\/2022\/01\/descarga.png","contentUrl":"https:\/\/potenciaradiofonicadominicana.com\/portal\/wp-content\/uploads\/2022\/01\/descarga.png","width":300,"height":100,"caption":"PotenciaRadiofonicaDominicana.com"},"image":{"@id":"https:\/\/potenciaradiofonicadominicana.com\/portal\/#\/schema\/logo\/image\/"},"sameAs":["https:\/\/web.facebook.com\/PotenciaRadiofonicaD"]},{"@type":"Person","@id":"https:\/\/potenciaradiofonicadominicana.com\/portal\/#\/schema\/person\/a5cf1fea13877803ee0573ac18b03490","name":"Potencia Radiof\u00f3nica Dominicana","image":{"@type":"ImageObject","inLanguage":"es","@id":"https:\/\/potenciaradiofonicadominicana.com\/portal\/#\/schema\/person\/image\/","url":"https:\/\/secure.gravatar.com\/avatar\/42a55ab9e8ccc656ba34cd791990602a?s=96&d=mm&r=g","contentUrl":"https:\/\/secure.gravatar.com\/avatar\/42a55ab9e8ccc656ba34cd791990602a?s=96&d=mm&r=g","caption":"Potencia Radiof\u00f3nica Dominicana"},"url":"https:\/\/potenciaradiofonicadominicana.com\/portal\/author\/johannyalmanzar\/"}]}},"_links":{"self":[{"href":"https:\/\/potenciaradiofonicadominicana.com\/portal\/wp-json\/wp\/v2\/posts\/214208","targetHints":{"allow":["GET"]}}],"collection":[{"href":"https:\/\/potenciaradiofonicadominicana.com\/portal\/wp-json\/wp\/v2\/posts"}],"about":[{"href":"https:\/\/potenciaradiofonicadominicana.com\/portal\/wp-json\/wp\/v2\/types\/post"}],"author":[{"embeddable":true,"href":"https:\/\/potenciaradiofonicadominicana.com\/portal\/wp-json\/wp\/v2\/users\/2"}],"replies":[{"embeddable":true,"href":"https:\/\/potenciaradiofonicadominicana.com\/portal\/wp-json\/wp\/v2\/comments?post=214208"}],"version-history":[{"count":1,"href":"https:\/\/potenciaradiofonicadominicana.com\/portal\/wp-json\/wp\/v2\/posts\/214208\/revisions"}],"predecessor-version":[{"id":214210,"href":"https:\/\/potenciaradiofonicadominicana.com\/portal\/wp-json\/wp\/v2\/posts\/214208\/revisions\/214210"}],"wp:featuredmedia":[{"embeddable":true,"href":"https:\/\/potenciaradiofonicadominicana.com\/portal\/wp-json\/wp\/v2\/media\/214209"}],"wp:attachment":[{"href":"https:\/\/potenciaradiofonicadominicana.com\/portal\/wp-json\/wp\/v2\/media?parent=214208"}],"wp:term":[{"taxonomy":"category","embeddable":true,"href":"https:\/\/potenciaradiofonicadominicana.com\/portal\/wp-json\/wp\/v2\/categories?post=214208"},{"taxonomy":"post_tag","embeddable":true,"href":"https:\/\/potenciaradiofonicadominicana.com\/portal\/wp-json\/wp\/v2\/tags?post=214208"}],"curies":[{"name":"wp","href":"https:\/\/api.w.org\/{rel}","templated":true}]}}