{"id":214204,"date":"2026-04-05T19:22:33","date_gmt":"2026-04-05T23:22:33","guid":{"rendered":"https:\/\/potenciaradiofonicadominicana.com\/portal\/?p=214204"},"modified":"2026-04-05T19:22:33","modified_gmt":"2026-04-05T23:22:33","slug":"juan-soto-sera-evaluado-el-martes-para-confirmar-si-los-mets-lo-colocaran-en-la-lista-de-lesionados","status":"publish","type":"post","link":"https:\/\/potenciaradiofonicadominicana.com\/portal\/juan-soto-sera-evaluado-el-martes-para-confirmar-si-los-mets-lo-colocaran-en-la-lista-de-lesionados\/","title":{"rendered":"Juan Soto ser\u00e1 evaluado el martes para confirmar si los Mets lo colocar\u00e1n en la lista de lesionados"},"content":{"rendered":"<p><a href=\"https:\/\/potenciaradiofonicadominicana.com\/portal\/wp-content\/uploads\/2026\/04\/17540013760188.jpg\"><img loading=\"lazy\" decoding=\"async\" class=\"alignnone size-full wp-image-214206\" src=\"https:\/\/potenciaradiofonicadominicana.com\/portal\/wp-content\/uploads\/2026\/04\/17540013760188.jpg\" alt=\"\" width=\"1980\" height=\"1320\" srcset=\"https:\/\/potenciaradiofonicadominicana.com\/portal\/wp-content\/uploads\/2026\/04\/17540013760188.jpg 1980w, https:\/\/potenciaradiofonicadominicana.com\/portal\/wp-content\/uploads\/2026\/04\/17540013760188-300x200.jpg 300w, https:\/\/potenciaradiofonicadominicana.com\/portal\/wp-content\/uploads\/2026\/04\/17540013760188-1024x683.jpg 1024w, https:\/\/potenciaradiofonicadominicana.com\/portal\/wp-content\/uploads\/2026\/04\/17540013760188-768x512.jpg 768w, https:\/\/potenciaradiofonicadominicana.com\/portal\/wp-content\/uploads\/2026\/04\/17540013760188-1536x1024.jpg 1536w\" sizes=\"auto, (max-width: 1980px) 100vw, 1980px\" \/><\/a><\/p>\n<p>El jardinero dominicano\u00a0<strong>Juan Soto<\/strong>\u00a0ser\u00e1\u00a0<strong>evaluado el martes<\/strong>\u00a0para que a partir de los resultados de nuevos estudios, se determine si necesitar\u00e1 ser colocado en la\u00a0<strong>lista lesionados<\/strong>, de acuerdo con un reporte de Mike Puma del New York Post.<\/p>\n<p>El\u00a0<strong>equipo decidi\u00f3<\/strong>\u00a0<strong>no incluir<\/strong>\u00a0a Soto para el juego de este domingo que cierra la serie de tres partidos contra los Gigantes de San Francisco.<\/p>\n<p>Soto dijo el s\u00e1bado que una\u00a0<strong>resonancia magn\u00e9tica<\/strong>\u00a0revel\u00f3 una\u00a0<strong>distensi\u00f3n leve<\/strong>\u00a0en la\u00a0<strong>pantorrilla<\/strong>\u00a0y que est\u00e1 evaluando la\u00a0<strong>lesi\u00f3n<\/strong>\u00a0que sufri\u00f3 mientras corr\u00eda las bases durante la victoria del equipo el viernes, y que por el momento ser\u00e1 observada d\u00eda a d\u00eda.<\/p>\n<ul class=\"list-text\">\n<li>El patrullero criollo permaneci\u00f3 en la\u00a0<strong>lista de jugadores activos<\/strong>\u00a0el s\u00e1bado, lo que le daba tiempo a \u00e9l y a los directivos del equipo para\u00a0<strong>determinar<\/strong>\u00a0si ser\u00e1 necesario incluirlo en la\u00a0<strong>lista de lesionados<\/strong>.<\/li>\n<\/ul>\n<h2>Momento de la\u00a0<strong>lesi\u00f3n<\/strong><\/h2>\n<p>\u00abCuando\u00a0<strong>pis\u00e9 la segunda base<\/strong>\u00a0y estaba a mitad de camino hacia tercera, sent\u00ed una rigidez en la\u00a0<strong>pantorrilla<\/strong>. Trat\u00e9 de estirar, pero se fue poniendo cada vez m\u00e1s tensa\u00bb, relat\u00f3 Soto, quien previamente hab\u00eda conectado sencillo en su primer turno del juego y avanz\u00f3 hasta tercera.<\/p>\n<p>El\u00a0<strong>jugador de 27 a\u00f1os<\/strong>\u00a0se mostr\u00f3 optimista pese al diagn\u00f3stico y asegur\u00f3 que seguir\u00e1\u00a0<strong>tratamiento m\u00e9dico<\/strong>\u00a0mientras eval\u00faan su condici\u00f3n f\u00edsica. \u00abVamos a hacer pruebas con los entrenadores, ver cu\u00e1nta fuerza tengo. No creo que vaya a correr todav\u00eda, pero veremos hasta d\u00f3nde puedo exigirme\u00bb, agreg\u00f3 el s\u00e1bado cuando conoci\u00f3 los resultados de la resonancia.<\/p>\n","protected":false},"excerpt":{"rendered":"<p>El jardinero dominicano\u00a0Juan Soto\u00a0ser\u00e1\u00a0evaluado el martes\u00a0para que a partir de los resultados de nuevos estudios, se determine si necesitar\u00e1 ser &#8230;<\/p>\n","protected":false},"author":2,"featured_media":214206,"comment_status":"closed","ping_status":"closed","sticky":false,"template":"","format":"standard","meta":{"footnotes":""},"categories":[28],"tags":[],"class_list":["post-214204","post","type-post","status-publish","format-standard","has-post-thumbnail","hentry","category-deportes"],"yoast_head":"<!-- This site is optimized with the Yoast SEO plugin v24.8.1 - https:\/\/yoast.com\/wordpress\/plugins\/seo\/ -->\n<title>Juan Soto ser\u00e1 evaluado el martes para confirmar si los Mets lo colocar\u00e1n en la lista de lesionados - PotenciaRadiofonicaDominicana.com<\/title>\n<meta name=\"robots\" content=\"index, follow, max-snippet:-1, max-image-preview:large, max-video-preview:-1\" \/>\n<link rel=\"canonical\" href=\"https:\/\/potenciaradiofonicadominicana.com\/portal\/juan-soto-sera-evaluado-el-martes-para-confirmar-si-los-mets-lo-colocaran-en-la-lista-de-lesionados\/\" \/>\n<meta property=\"og:locale\" content=\"es_ES\" \/>\n<meta property=\"og:type\" content=\"article\" \/>\n<meta property=\"og:title\" content=\"Juan Soto ser\u00e1 evaluado el martes para confirmar si los Mets lo colocar\u00e1n en la lista de lesionados - PotenciaRadiofonicaDominicana.com\" \/>\n<meta property=\"og:description\" content=\"El jardinero dominicano\u00a0Juan Soto\u00a0ser\u00e1\u00a0evaluado el martes\u00a0para que a partir de los resultados de nuevos estudios, se determine si necesitar\u00e1 ser ...\" \/>\n<meta property=\"og:url\" content=\"https:\/\/potenciaradiofonicadominicana.com\/portal\/juan-soto-sera-evaluado-el-martes-para-confirmar-si-los-mets-lo-colocaran-en-la-lista-de-lesionados\/\" \/>\n<meta property=\"og:site_name\" content=\"PotenciaRadiofonicaDominicana.com\" \/>\n<meta property=\"article:publisher\" content=\"https:\/\/web.facebook.com\/PotenciaRadiofonicaD\" \/>\n<meta property=\"article:published_time\" content=\"2026-04-05T23:22:33+00:00\" \/>\n<meta property=\"og:image\" content=\"https:\/\/potenciaradiofonicadominicana.com\/portal\/wp-content\/uploads\/2026\/04\/17540013760188.jpg\" \/>\n\t<meta property=\"og:image:width\" content=\"1980\" \/>\n\t<meta property=\"og:image:height\" content=\"1320\" \/>\n\t<meta property=\"og:image:type\" content=\"image\/jpeg\" \/>\n<meta name=\"author\" content=\"Potencia Radiof\u00f3nica Dominicana\" \/>\n<meta name=\"twitter:card\" content=\"summary_large_image\" \/>\n<meta name=\"twitter:label1\" content=\"Escrito por\" \/>\n\t<meta name=\"twitter:data1\" content=\"Potencia Radiof\u00f3nica Dominicana\" \/>\n\t<meta name=\"twitter:label2\" content=\"Tiempo de lectura\" \/>\n\t<meta name=\"twitter:data2\" content=\"2 minutos\" \/>\n<script type=\"application\/ld+json\" class=\"yoast-schema-graph\">{\"@context\":\"https:\/\/schema.org\",\"@graph\":[{\"@type\":\"Article\",\"@id\":\"https:\/\/potenciaradiofonicadominicana.com\/portal\/juan-soto-sera-evaluado-el-martes-para-confirmar-si-los-mets-lo-colocaran-en-la-lista-de-lesionados\/#article\",\"isPartOf\":{\"@id\":\"https:\/\/potenciaradiofonicadominicana.com\/portal\/juan-soto-sera-evaluado-el-martes-para-confirmar-si-los-mets-lo-colocaran-en-la-lista-de-lesionados\/\"},\"author\":{\"name\":\"Potencia Radiof\u00f3nica Dominicana\",\"@id\":\"https:\/\/potenciaradiofonicadominicana.com\/portal\/#\/schema\/person\/a5cf1fea13877803ee0573ac18b03490\"},\"headline\":\"Juan Soto ser\u00e1 evaluado el martes para confirmar si los Mets lo colocar\u00e1n en la lista de lesionados\",\"datePublished\":\"2026-04-05T23:22:33+00:00\",\"mainEntityOfPage\":{\"@id\":\"https:\/\/potenciaradiofonicadominicana.com\/portal\/juan-soto-sera-evaluado-el-martes-para-confirmar-si-los-mets-lo-colocaran-en-la-lista-de-lesionados\/\"},\"wordCount\":293,\"publisher\":{\"@id\":\"https:\/\/potenciaradiofonicadominicana.com\/portal\/#organization\"},\"image\":{\"@id\":\"https:\/\/potenciaradiofonicadominicana.com\/portal\/juan-soto-sera-evaluado-el-martes-para-confirmar-si-los-mets-lo-colocaran-en-la-lista-de-lesionados\/#primaryimage\"},\"thumbnailUrl\":\"https:\/\/potenciaradiofonicadominicana.com\/portal\/wp-content\/uploads\/2026\/04\/17540013760188.jpg\",\"articleSection\":[\"Deportes\"],\"inLanguage\":\"es\"},{\"@type\":\"WebPage\",\"@id\":\"https:\/\/potenciaradiofonicadominicana.com\/portal\/juan-soto-sera-evaluado-el-martes-para-confirmar-si-los-mets-lo-colocaran-en-la-lista-de-lesionados\/\",\"url\":\"https:\/\/potenciaradiofonicadominicana.com\/portal\/juan-soto-sera-evaluado-el-martes-para-confirmar-si-los-mets-lo-colocaran-en-la-lista-de-lesionados\/\",\"name\":\"Juan Soto ser\u00e1 evaluado el martes para confirmar si los Mets lo colocar\u00e1n en la lista de lesionados - PotenciaRadiofonicaDominicana.com\",\"isPartOf\":{\"@id\":\"https:\/\/potenciaradiofonicadominicana.com\/portal\/#website\"},\"primaryImageOfPage\":{\"@id\":\"https:\/\/potenciaradiofonicadominicana.com\/portal\/juan-soto-sera-evaluado-el-martes-para-confirmar-si-los-mets-lo-colocaran-en-la-lista-de-lesionados\/#primaryimage\"},\"image\":{\"@id\":\"https:\/\/potenciaradiofonicadominicana.com\/portal\/juan-soto-sera-evaluado-el-martes-para-confirmar-si-los-mets-lo-colocaran-en-la-lista-de-lesionados\/#primaryimage\"},\"thumbnailUrl\":\"https:\/\/potenciaradiofonicadominicana.com\/portal\/wp-content\/uploads\/2026\/04\/17540013760188.jpg\",\"datePublished\":\"2026-04-05T23:22:33+00:00\",\"breadcrumb\":{\"@id\":\"https:\/\/potenciaradiofonicadominicana.com\/portal\/juan-soto-sera-evaluado-el-martes-para-confirmar-si-los-mets-lo-colocaran-en-la-lista-de-lesionados\/#breadcrumb\"},\"inLanguage\":\"es\",\"potentialAction\":[{\"@type\":\"ReadAction\",\"target\":[\"https:\/\/potenciaradiofonicadominicana.com\/portal\/juan-soto-sera-evaluado-el-martes-para-confirmar-si-los-mets-lo-colocaran-en-la-lista-de-lesionados\/\"]}]},{\"@type\":\"ImageObject\",\"inLanguage\":\"es\",\"@id\":\"https:\/\/potenciaradiofonicadominicana.com\/portal\/juan-soto-sera-evaluado-el-martes-para-confirmar-si-los-mets-lo-colocaran-en-la-lista-de-lesionados\/#primaryimage\",\"url\":\"https:\/\/potenciaradiofonicadominicana.com\/portal\/wp-content\/uploads\/2026\/04\/17540013760188.jpg\",\"contentUrl\":\"https:\/\/potenciaradiofonicadominicana.com\/portal\/wp-content\/uploads\/2026\/04\/17540013760188.jpg\",\"width\":1980,\"height\":1320},{\"@type\":\"BreadcrumbList\",\"@id\":\"https:\/\/potenciaradiofonicadominicana.com\/portal\/juan-soto-sera-evaluado-el-martes-para-confirmar-si-los-mets-lo-colocaran-en-la-lista-de-lesionados\/#breadcrumb\",\"itemListElement\":[{\"@type\":\"ListItem\",\"position\":1,\"name\":\"Portada\",\"item\":\"https:\/\/potenciaradiofonicadominicana.com\/portal\/\"},{\"@type\":\"ListItem\",\"position\":2,\"name\":\"Juan Soto ser\u00e1 evaluado el martes para confirmar si los Mets lo colocar\u00e1n en la lista de lesionados\"}]},{\"@type\":\"WebSite\",\"@id\":\"https:\/\/potenciaradiofonicadominicana.com\/portal\/#website\",\"url\":\"https:\/\/potenciaradiofonicadominicana.com\/portal\/\",\"name\":\"PotenciaRadiofonicaDominicana.com\",\"description\":\"Peri\u00f3dico Digital\",\"publisher\":{\"@id\":\"https:\/\/potenciaradiofonicadominicana.com\/portal\/#organization\"},\"potentialAction\":[{\"@type\":\"SearchAction\",\"target\":{\"@type\":\"EntryPoint\",\"urlTemplate\":\"https:\/\/potenciaradiofonicadominicana.com\/portal\/?s={search_term_string}\"},\"query-input\":{\"@type\":\"PropertyValueSpecification\",\"valueRequired\":true,\"valueName\":\"search_term_string\"}}],\"inLanguage\":\"es\"},{\"@type\":\"Organization\",\"@id\":\"https:\/\/potenciaradiofonicadominicana.com\/portal\/#organization\",\"name\":\"PotenciaRadiofonicaDominicana.com\",\"url\":\"https:\/\/potenciaradiofonicadominicana.com\/portal\/\",\"logo\":{\"@type\":\"ImageObject\",\"inLanguage\":\"es\",\"@id\":\"https:\/\/potenciaradiofonicadominicana.com\/portal\/#\/schema\/logo\/image\/\",\"url\":\"https:\/\/potenciaradiofonicadominicana.com\/portal\/wp-content\/uploads\/2022\/01\/descarga.png\",\"contentUrl\":\"https:\/\/potenciaradiofonicadominicana.com\/portal\/wp-content\/uploads\/2022\/01\/descarga.png\",\"width\":300,\"height\":100,\"caption\":\"PotenciaRadiofonicaDominicana.com\"},\"image\":{\"@id\":\"https:\/\/potenciaradiofonicadominicana.com\/portal\/#\/schema\/logo\/image\/\"},\"sameAs\":[\"https:\/\/web.facebook.com\/PotenciaRadiofonicaD\"]},{\"@type\":\"Person\",\"@id\":\"https:\/\/potenciaradiofonicadominicana.com\/portal\/#\/schema\/person\/a5cf1fea13877803ee0573ac18b03490\",\"name\":\"Potencia Radiof\u00f3nica Dominicana\",\"image\":{\"@type\":\"ImageObject\",\"inLanguage\":\"es\",\"@id\":\"https:\/\/potenciaradiofonicadominicana.com\/portal\/#\/schema\/person\/image\/\",\"url\":\"https:\/\/secure.gravatar.com\/avatar\/42a55ab9e8ccc656ba34cd791990602a?s=96&d=mm&r=g\",\"contentUrl\":\"https:\/\/secure.gravatar.com\/avatar\/42a55ab9e8ccc656ba34cd791990602a?s=96&d=mm&r=g\",\"caption\":\"Potencia Radiof\u00f3nica Dominicana\"},\"url\":\"https:\/\/potenciaradiofonicadominicana.com\/portal\/author\/johannyalmanzar\/\"}]}<\/script>\n<!-- \/ Yoast SEO plugin. -->","yoast_head_json":{"title":"Juan Soto ser\u00e1 evaluado el martes para confirmar si los Mets lo colocar\u00e1n en la lista de lesionados - PotenciaRadiofonicaDominicana.com","robots":{"index":"index","follow":"follow","max-snippet":"max-snippet:-1","max-image-preview":"max-image-preview:large","max-video-preview":"max-video-preview:-1"},"canonical":"https:\/\/potenciaradiofonicadominicana.com\/portal\/juan-soto-sera-evaluado-el-martes-para-confirmar-si-los-mets-lo-colocaran-en-la-lista-de-lesionados\/","og_locale":"es_ES","og_type":"article","og_title":"Juan Soto ser\u00e1 evaluado el martes para confirmar si los Mets lo colocar\u00e1n en la lista de lesionados - PotenciaRadiofonicaDominicana.com","og_description":"El jardinero dominicano\u00a0Juan Soto\u00a0ser\u00e1\u00a0evaluado el martes\u00a0para que a partir de los resultados de nuevos estudios, se determine si necesitar\u00e1 ser ...","og_url":"https:\/\/potenciaradiofonicadominicana.com\/portal\/juan-soto-sera-evaluado-el-martes-para-confirmar-si-los-mets-lo-colocaran-en-la-lista-de-lesionados\/","og_site_name":"PotenciaRadiofonicaDominicana.com","article_publisher":"https:\/\/web.facebook.com\/PotenciaRadiofonicaD","article_published_time":"2026-04-05T23:22:33+00:00","og_image":[{"width":1980,"height":1320,"url":"https:\/\/potenciaradiofonicadominicana.com\/portal\/wp-content\/uploads\/2026\/04\/17540013760188.jpg","type":"image\/jpeg"}],"author":"Potencia Radiof\u00f3nica Dominicana","twitter_card":"summary_large_image","twitter_misc":{"Escrito por":"Potencia Radiof\u00f3nica Dominicana","Tiempo de lectura":"2 minutos"},"schema":{"@context":"https:\/\/schema.org","@graph":[{"@type":"Article","@id":"https:\/\/potenciaradiofonicadominicana.com\/portal\/juan-soto-sera-evaluado-el-martes-para-confirmar-si-los-mets-lo-colocaran-en-la-lista-de-lesionados\/#article","isPartOf":{"@id":"https:\/\/potenciaradiofonicadominicana.com\/portal\/juan-soto-sera-evaluado-el-martes-para-confirmar-si-los-mets-lo-colocaran-en-la-lista-de-lesionados\/"},"author":{"name":"Potencia Radiof\u00f3nica Dominicana","@id":"https:\/\/potenciaradiofonicadominicana.com\/portal\/#\/schema\/person\/a5cf1fea13877803ee0573ac18b03490"},"headline":"Juan Soto ser\u00e1 evaluado el martes para confirmar si los Mets lo colocar\u00e1n en la lista de lesionados","datePublished":"2026-04-05T23:22:33+00:00","mainEntityOfPage":{"@id":"https:\/\/potenciaradiofonicadominicana.com\/portal\/juan-soto-sera-evaluado-el-martes-para-confirmar-si-los-mets-lo-colocaran-en-la-lista-de-lesionados\/"},"wordCount":293,"publisher":{"@id":"https:\/\/potenciaradiofonicadominicana.com\/portal\/#organization"},"image":{"@id":"https:\/\/potenciaradiofonicadominicana.com\/portal\/juan-soto-sera-evaluado-el-martes-para-confirmar-si-los-mets-lo-colocaran-en-la-lista-de-lesionados\/#primaryimage"},"thumbnailUrl":"https:\/\/potenciaradiofonicadominicana.com\/portal\/wp-content\/uploads\/2026\/04\/17540013760188.jpg","articleSection":["Deportes"],"inLanguage":"es"},{"@type":"WebPage","@id":"https:\/\/potenciaradiofonicadominicana.com\/portal\/juan-soto-sera-evaluado-el-martes-para-confirmar-si-los-mets-lo-colocaran-en-la-lista-de-lesionados\/","url":"https:\/\/potenciaradiofonicadominicana.com\/portal\/juan-soto-sera-evaluado-el-martes-para-confirmar-si-los-mets-lo-colocaran-en-la-lista-de-lesionados\/","name":"Juan Soto ser\u00e1 evaluado el martes para confirmar si los Mets lo colocar\u00e1n en la lista de lesionados - PotenciaRadiofonicaDominicana.com","isPartOf":{"@id":"https:\/\/potenciaradiofonicadominicana.com\/portal\/#website"},"primaryImageOfPage":{"@id":"https:\/\/potenciaradiofonicadominicana.com\/portal\/juan-soto-sera-evaluado-el-martes-para-confirmar-si-los-mets-lo-colocaran-en-la-lista-de-lesionados\/#primaryimage"},"image":{"@id":"https:\/\/potenciaradiofonicadominicana.com\/portal\/juan-soto-sera-evaluado-el-martes-para-confirmar-si-los-mets-lo-colocaran-en-la-lista-de-lesionados\/#primaryimage"},"thumbnailUrl":"https:\/\/potenciaradiofonicadominicana.com\/portal\/wp-content\/uploads\/2026\/04\/17540013760188.jpg","datePublished":"2026-04-05T23:22:33+00:00","breadcrumb":{"@id":"https:\/\/potenciaradiofonicadominicana.com\/portal\/juan-soto-sera-evaluado-el-martes-para-confirmar-si-los-mets-lo-colocaran-en-la-lista-de-lesionados\/#breadcrumb"},"inLanguage":"es","potentialAction":[{"@type":"ReadAction","target":["https:\/\/potenciaradiofonicadominicana.com\/portal\/juan-soto-sera-evaluado-el-martes-para-confirmar-si-los-mets-lo-colocaran-en-la-lista-de-lesionados\/"]}]},{"@type":"ImageObject","inLanguage":"es","@id":"https:\/\/potenciaradiofonicadominicana.com\/portal\/juan-soto-sera-evaluado-el-martes-para-confirmar-si-los-mets-lo-colocaran-en-la-lista-de-lesionados\/#primaryimage","url":"https:\/\/potenciaradiofonicadominicana.com\/portal\/wp-content\/uploads\/2026\/04\/17540013760188.jpg","contentUrl":"https:\/\/potenciaradiofonicadominicana.com\/portal\/wp-content\/uploads\/2026\/04\/17540013760188.jpg","width":1980,"height":1320},{"@type":"BreadcrumbList","@id":"https:\/\/potenciaradiofonicadominicana.com\/portal\/juan-soto-sera-evaluado-el-martes-para-confirmar-si-los-mets-lo-colocaran-en-la-lista-de-lesionados\/#breadcrumb","itemListElement":[{"@type":"ListItem","position":1,"name":"Portada","item":"https:\/\/potenciaradiofonicadominicana.com\/portal\/"},{"@type":"ListItem","position":2,"name":"Juan Soto ser\u00e1 evaluado el martes para confirmar si los Mets lo colocar\u00e1n en la lista de lesionados"}]},{"@type":"WebSite","@id":"https:\/\/potenciaradiofonicadominicana.com\/portal\/#website","url":"https:\/\/potenciaradiofonicadominicana.com\/portal\/","name":"PotenciaRadiofonicaDominicana.com","description":"Peri\u00f3dico Digital","publisher":{"@id":"https:\/\/potenciaradiofonicadominicana.com\/portal\/#organization"},"potentialAction":[{"@type":"SearchAction","target":{"@type":"EntryPoint","urlTemplate":"https:\/\/potenciaradiofonicadominicana.com\/portal\/?s={search_term_string}"},"query-input":{"@type":"PropertyValueSpecification","valueRequired":true,"valueName":"search_term_string"}}],"inLanguage":"es"},{"@type":"Organization","@id":"https:\/\/potenciaradiofonicadominicana.com\/portal\/#organization","name":"PotenciaRadiofonicaDominicana.com","url":"https:\/\/potenciaradiofonicadominicana.com\/portal\/","logo":{"@type":"ImageObject","inLanguage":"es","@id":"https:\/\/potenciaradiofonicadominicana.com\/portal\/#\/schema\/logo\/image\/","url":"https:\/\/potenciaradiofonicadominicana.com\/portal\/wp-content\/uploads\/2022\/01\/descarga.png","contentUrl":"https:\/\/potenciaradiofonicadominicana.com\/portal\/wp-content\/uploads\/2022\/01\/descarga.png","width":300,"height":100,"caption":"PotenciaRadiofonicaDominicana.com"},"image":{"@id":"https:\/\/potenciaradiofonicadominicana.com\/portal\/#\/schema\/logo\/image\/"},"sameAs":["https:\/\/web.facebook.com\/PotenciaRadiofonicaD"]},{"@type":"Person","@id":"https:\/\/potenciaradiofonicadominicana.com\/portal\/#\/schema\/person\/a5cf1fea13877803ee0573ac18b03490","name":"Potencia Radiof\u00f3nica Dominicana","image":{"@type":"ImageObject","inLanguage":"es","@id":"https:\/\/potenciaradiofonicadominicana.com\/portal\/#\/schema\/person\/image\/","url":"https:\/\/secure.gravatar.com\/avatar\/42a55ab9e8ccc656ba34cd791990602a?s=96&d=mm&r=g","contentUrl":"https:\/\/secure.gravatar.com\/avatar\/42a55ab9e8ccc656ba34cd791990602a?s=96&d=mm&r=g","caption":"Potencia Radiof\u00f3nica Dominicana"},"url":"https:\/\/potenciaradiofonicadominicana.com\/portal\/author\/johannyalmanzar\/"}]}},"_links":{"self":[{"href":"https:\/\/potenciaradiofonicadominicana.com\/portal\/wp-json\/wp\/v2\/posts\/214204","targetHints":{"allow":["GET"]}}],"collection":[{"href":"https:\/\/potenciaradiofonicadominicana.com\/portal\/wp-json\/wp\/v2\/posts"}],"about":[{"href":"https:\/\/potenciaradiofonicadominicana.com\/portal\/wp-json\/wp\/v2\/types\/post"}],"author":[{"embeddable":true,"href":"https:\/\/potenciaradiofonicadominicana.com\/portal\/wp-json\/wp\/v2\/users\/2"}],"replies":[{"embeddable":true,"href":"https:\/\/potenciaradiofonicadominicana.com\/portal\/wp-json\/wp\/v2\/comments?post=214204"}],"version-history":[{"count":1,"href":"https:\/\/potenciaradiofonicadominicana.com\/portal\/wp-json\/wp\/v2\/posts\/214204\/revisions"}],"predecessor-version":[{"id":214207,"href":"https:\/\/potenciaradiofonicadominicana.com\/portal\/wp-json\/wp\/v2\/posts\/214204\/revisions\/214207"}],"wp:featuredmedia":[{"embeddable":true,"href":"https:\/\/potenciaradiofonicadominicana.com\/portal\/wp-json\/wp\/v2\/media\/214206"}],"wp:attachment":[{"href":"https:\/\/potenciaradiofonicadominicana.com\/portal\/wp-json\/wp\/v2\/media?parent=214204"}],"wp:term":[{"taxonomy":"category","embeddable":true,"href":"https:\/\/potenciaradiofonicadominicana.com\/portal\/wp-json\/wp\/v2\/categories?post=214204"},{"taxonomy":"post_tag","embeddable":true,"href":"https:\/\/potenciaradiofonicadominicana.com\/portal\/wp-json\/wp\/v2\/tags?post=214204"}],"curies":[{"name":"wp","href":"https:\/\/api.w.org\/{rel}","templated":true}]}}