{"id":214198,"date":"2026-04-05T19:19:27","date_gmt":"2026-04-05T23:19:27","guid":{"rendered":"https:\/\/potenciaradiofonicadominicana.com\/portal\/?p=214198"},"modified":"2026-04-05T19:19:27","modified_gmt":"2026-04-05T23:19:27","slug":"cristian-javier-atraviesa-por-mal-inicio-luego-de-la-cirugia-no-luce-igual","status":"publish","type":"post","link":"https:\/\/potenciaradiofonicadominicana.com\/portal\/cristian-javier-atraviesa-por-mal-inicio-luego-de-la-cirugia-no-luce-igual\/","title":{"rendered":"Cristian Javier atraviesa por mal inicio; luego de la cirug\u00eda no luce igual"},"content":{"rendered":"<p><a href=\"https:\/\/potenciaradiofonicadominicana.com\/portal\/wp-content\/uploads\/2026\/04\/fb2ff5a1-67a6-498e-ae0f-378efaade727_1140x641.jpg\"><img loading=\"lazy\" decoding=\"async\" class=\"alignnone size-full wp-image-214199\" src=\"https:\/\/potenciaradiofonicadominicana.com\/portal\/wp-content\/uploads\/2026\/04\/fb2ff5a1-67a6-498e-ae0f-378efaade727_1140x641.jpg\" alt=\"\" width=\"1140\" height=\"641\" srcset=\"https:\/\/potenciaradiofonicadominicana.com\/portal\/wp-content\/uploads\/2026\/04\/fb2ff5a1-67a6-498e-ae0f-378efaade727_1140x641.jpg 1140w, https:\/\/potenciaradiofonicadominicana.com\/portal\/wp-content\/uploads\/2026\/04\/fb2ff5a1-67a6-498e-ae0f-378efaade727_1140x641-300x169.jpg 300w, https:\/\/potenciaradiofonicadominicana.com\/portal\/wp-content\/uploads\/2026\/04\/fb2ff5a1-67a6-498e-ae0f-378efaade727_1140x641-1024x576.jpg 1024w, https:\/\/potenciaradiofonicadominicana.com\/portal\/wp-content\/uploads\/2026\/04\/fb2ff5a1-67a6-498e-ae0f-378efaade727_1140x641-768x432.jpg 768w\" sizes=\"auto, (max-width: 1140px) 100vw, 1140px\" \/><\/a><\/p>\n<p>El abridor dominicano Cristian Javier, de los Astros, atraviesa por un inicio de temporada complicado, siendo atacado con 12 carreras limpias y 10 hits en ocho entradas y un tercio, otorgado nueve bases por bolas, registrando solo tres ponches, con una derrota, en sus primeras dos aperturas de la temporada.<\/p>\n<p>El viernes en su segunda apertura, Javier otorg\u00f3 cinco bases por bolas y permiti\u00f3 seis carreras en 3 2\/3 entradas frente a los Atl\u00e9ticos.<\/p>\n<p>Javier alcanz\u00f3 las 95.2 mph con su recta y gener\u00f3 10 ponches, por lo que la calidad de sus lanzamientos no era mala. El problema radicaba en el control. Javier coment\u00f3 que ten\u00eda dificultades para sujetar la pelota.<\/p>\n<p>\u201cHe estado trabajando en algunos aspectos t\u00e9cnicos, pero creo que lo que pas\u00f3 el viernes fue que sent\u00ed que la pelota estaba un poco resbaladiza, as\u00ed que no pude agarrarla bien para tirar bien el lanzamiento\u201d, dijo.<\/p>\n<p>Antes del desastre de la cuarta entrada, Javier permiti\u00f3 tres sencillos consecutivos en la parte baja del orden al bate en la segunda entrada, lo que result\u00f3 en una carrera, y otorg\u00f3 dos bases por bolas en la tercera, las cuales anotaron en una entrada de tres carreras que puso a los Atl\u00e9ticos arriba 4-1. Una base por bolas con dos outs en la cuarta entrada no le habr\u00eda perjudicado si D\u00edaz hubiera podido atrapar el elevado de Soderstrom. \u201cFue muy dif\u00edcil ver la pelota\u201d, dijo D\u00edaz. \u201cEstaba un poco m\u00e1s arriba de lo que cre\u00eda\u201d.<\/p>\n<p>Aun as\u00ed, los problemas de control de Javier en sus dos primeras aperturas son motivo de preocupaci\u00f3n. Encontrar la manera de que recupere su nivel ser\u00e1 uno de los objetivos principales de los entrenadores de pitcheo de los Astros de ahora en adelante. El viernes, lanz\u00f3 solo 11 strikes en el primer lanzamiento a los 21 bateadores que enfrent\u00f3.<\/p>\n<p>\u00abNecesitamos que se meta en la zona de strike m\u00e1s pronto para que pueda concentrarse y ejecutar los lanzamientos que quiere cuando tenga ventaja en la cuenta\u00bb, dijo Espada.<\/p>\n<p>\u00abLas bases por bolas y el hecho de tener desventaja en la cuenta hacen que la alineaci\u00f3n se beneficie de eso. Simplemente tenemos que hacer los ajustes necesarios. Tenemos que lograr que est\u00e9 bien\u00bb.<\/p>\n<p>Javier, pieza clave en la rotaci\u00f3n de los Astros entre 2022 y 2023, no ha sido el mismo lanzador desde que regres\u00f3 de la cirug\u00eda Tommy John el a\u00f1o pasado. Tras su regreso en agosto, realiz\u00f3 ocho aperturas y registr\u00f3 una efectividad de 4.62 en 37 entradas, con 15 bases por bolas y 34 ponches, pero a\u00fan no ha recuperado su nivel previo a la cirug\u00eda.<\/p>\n<p>\u201cEst\u00e1 haciendo todo lo posible\u201d, dijo D\u00edaz. \u201cSu control es deficiente; el problema es que se est\u00e1 quedando atr\u00e1s con los bateadores, quienes se quedan un poco atr\u00e1s y dejan pasar m\u00e1s lanzamientos. Es cuesti\u00f3n de ajustes\u201d.<\/p>\n","protected":false},"excerpt":{"rendered":"<p>El abridor dominicano Cristian Javier, de los Astros, atraviesa por un inicio de temporada complicado, siendo atacado con 12 carreras &#8230;<\/p>\n","protected":false},"author":2,"featured_media":214199,"comment_status":"closed","ping_status":"closed","sticky":false,"template":"","format":"standard","meta":{"footnotes":""},"categories":[28],"tags":[],"class_list":["post-214198","post","type-post","status-publish","format-standard","has-post-thumbnail","hentry","category-deportes"],"yoast_head":"<!-- This site is optimized with the Yoast SEO plugin v24.8.1 - https:\/\/yoast.com\/wordpress\/plugins\/seo\/ -->\n<title>Cristian Javier atraviesa por mal inicio; luego de la cirug\u00eda no luce igual - PotenciaRadiofonicaDominicana.com<\/title>\n<meta name=\"robots\" content=\"index, follow, max-snippet:-1, max-image-preview:large, max-video-preview:-1\" \/>\n<link rel=\"canonical\" href=\"https:\/\/potenciaradiofonicadominicana.com\/portal\/cristian-javier-atraviesa-por-mal-inicio-luego-de-la-cirugia-no-luce-igual\/\" \/>\n<meta property=\"og:locale\" content=\"es_ES\" \/>\n<meta property=\"og:type\" content=\"article\" \/>\n<meta property=\"og:title\" content=\"Cristian Javier atraviesa por mal inicio; luego de la cirug\u00eda no luce igual - PotenciaRadiofonicaDominicana.com\" \/>\n<meta property=\"og:description\" content=\"El abridor dominicano Cristian Javier, de los Astros, atraviesa por un inicio de temporada complicado, siendo atacado con 12 carreras ...\" \/>\n<meta property=\"og:url\" content=\"https:\/\/potenciaradiofonicadominicana.com\/portal\/cristian-javier-atraviesa-por-mal-inicio-luego-de-la-cirugia-no-luce-igual\/\" \/>\n<meta property=\"og:site_name\" content=\"PotenciaRadiofonicaDominicana.com\" \/>\n<meta property=\"article:publisher\" content=\"https:\/\/web.facebook.com\/PotenciaRadiofonicaD\" \/>\n<meta property=\"article:published_time\" content=\"2026-04-05T23:19:27+00:00\" \/>\n<meta property=\"og:image\" content=\"https:\/\/potenciaradiofonicadominicana.com\/portal\/wp-content\/uploads\/2026\/04\/fb2ff5a1-67a6-498e-ae0f-378efaade727_1140x641.jpg\" \/>\n\t<meta property=\"og:image:width\" content=\"1140\" \/>\n\t<meta property=\"og:image:height\" content=\"641\" \/>\n\t<meta property=\"og:image:type\" content=\"image\/jpeg\" \/>\n<meta name=\"author\" content=\"Potencia Radiof\u00f3nica Dominicana\" \/>\n<meta name=\"twitter:card\" content=\"summary_large_image\" \/>\n<meta name=\"twitter:label1\" content=\"Escrito por\" \/>\n\t<meta name=\"twitter:data1\" content=\"Potencia Radiof\u00f3nica Dominicana\" \/>\n\t<meta name=\"twitter:label2\" content=\"Tiempo de lectura\" \/>\n\t<meta name=\"twitter:data2\" content=\"3 minutos\" \/>\n<script type=\"application\/ld+json\" class=\"yoast-schema-graph\">{\"@context\":\"https:\/\/schema.org\",\"@graph\":[{\"@type\":\"Article\",\"@id\":\"https:\/\/potenciaradiofonicadominicana.com\/portal\/cristian-javier-atraviesa-por-mal-inicio-luego-de-la-cirugia-no-luce-igual\/#article\",\"isPartOf\":{\"@id\":\"https:\/\/potenciaradiofonicadominicana.com\/portal\/cristian-javier-atraviesa-por-mal-inicio-luego-de-la-cirugia-no-luce-igual\/\"},\"author\":{\"name\":\"Potencia Radiof\u00f3nica Dominicana\",\"@id\":\"https:\/\/potenciaradiofonicadominicana.com\/portal\/#\/schema\/person\/a5cf1fea13877803ee0573ac18b03490\"},\"headline\":\"Cristian Javier atraviesa por mal inicio; luego de la cirug\u00eda no luce igual\",\"datePublished\":\"2026-04-05T23:19:27+00:00\",\"mainEntityOfPage\":{\"@id\":\"https:\/\/potenciaradiofonicadominicana.com\/portal\/cristian-javier-atraviesa-por-mal-inicio-luego-de-la-cirugia-no-luce-igual\/\"},\"wordCount\":493,\"publisher\":{\"@id\":\"https:\/\/potenciaradiofonicadominicana.com\/portal\/#organization\"},\"image\":{\"@id\":\"https:\/\/potenciaradiofonicadominicana.com\/portal\/cristian-javier-atraviesa-por-mal-inicio-luego-de-la-cirugia-no-luce-igual\/#primaryimage\"},\"thumbnailUrl\":\"https:\/\/potenciaradiofonicadominicana.com\/portal\/wp-content\/uploads\/2026\/04\/fb2ff5a1-67a6-498e-ae0f-378efaade727_1140x641.jpg\",\"articleSection\":[\"Deportes\"],\"inLanguage\":\"es\"},{\"@type\":\"WebPage\",\"@id\":\"https:\/\/potenciaradiofonicadominicana.com\/portal\/cristian-javier-atraviesa-por-mal-inicio-luego-de-la-cirugia-no-luce-igual\/\",\"url\":\"https:\/\/potenciaradiofonicadominicana.com\/portal\/cristian-javier-atraviesa-por-mal-inicio-luego-de-la-cirugia-no-luce-igual\/\",\"name\":\"Cristian Javier atraviesa por mal inicio; luego de la cirug\u00eda no luce igual - PotenciaRadiofonicaDominicana.com\",\"isPartOf\":{\"@id\":\"https:\/\/potenciaradiofonicadominicana.com\/portal\/#website\"},\"primaryImageOfPage\":{\"@id\":\"https:\/\/potenciaradiofonicadominicana.com\/portal\/cristian-javier-atraviesa-por-mal-inicio-luego-de-la-cirugia-no-luce-igual\/#primaryimage\"},\"image\":{\"@id\":\"https:\/\/potenciaradiofonicadominicana.com\/portal\/cristian-javier-atraviesa-por-mal-inicio-luego-de-la-cirugia-no-luce-igual\/#primaryimage\"},\"thumbnailUrl\":\"https:\/\/potenciaradiofonicadominicana.com\/portal\/wp-content\/uploads\/2026\/04\/fb2ff5a1-67a6-498e-ae0f-378efaade727_1140x641.jpg\",\"datePublished\":\"2026-04-05T23:19:27+00:00\",\"breadcrumb\":{\"@id\":\"https:\/\/potenciaradiofonicadominicana.com\/portal\/cristian-javier-atraviesa-por-mal-inicio-luego-de-la-cirugia-no-luce-igual\/#breadcrumb\"},\"inLanguage\":\"es\",\"potentialAction\":[{\"@type\":\"ReadAction\",\"target\":[\"https:\/\/potenciaradiofonicadominicana.com\/portal\/cristian-javier-atraviesa-por-mal-inicio-luego-de-la-cirugia-no-luce-igual\/\"]}]},{\"@type\":\"ImageObject\",\"inLanguage\":\"es\",\"@id\":\"https:\/\/potenciaradiofonicadominicana.com\/portal\/cristian-javier-atraviesa-por-mal-inicio-luego-de-la-cirugia-no-luce-igual\/#primaryimage\",\"url\":\"https:\/\/potenciaradiofonicadominicana.com\/portal\/wp-content\/uploads\/2026\/04\/fb2ff5a1-67a6-498e-ae0f-378efaade727_1140x641.jpg\",\"contentUrl\":\"https:\/\/potenciaradiofonicadominicana.com\/portal\/wp-content\/uploads\/2026\/04\/fb2ff5a1-67a6-498e-ae0f-378efaade727_1140x641.jpg\",\"width\":1140,\"height\":641},{\"@type\":\"BreadcrumbList\",\"@id\":\"https:\/\/potenciaradiofonicadominicana.com\/portal\/cristian-javier-atraviesa-por-mal-inicio-luego-de-la-cirugia-no-luce-igual\/#breadcrumb\",\"itemListElement\":[{\"@type\":\"ListItem\",\"position\":1,\"name\":\"Portada\",\"item\":\"https:\/\/potenciaradiofonicadominicana.com\/portal\/\"},{\"@type\":\"ListItem\",\"position\":2,\"name\":\"Cristian Javier atraviesa por mal inicio; luego de la cirug\u00eda no luce igual\"}]},{\"@type\":\"WebSite\",\"@id\":\"https:\/\/potenciaradiofonicadominicana.com\/portal\/#website\",\"url\":\"https:\/\/potenciaradiofonicadominicana.com\/portal\/\",\"name\":\"PotenciaRadiofonicaDominicana.com\",\"description\":\"Peri\u00f3dico Digital\",\"publisher\":{\"@id\":\"https:\/\/potenciaradiofonicadominicana.com\/portal\/#organization\"},\"potentialAction\":[{\"@type\":\"SearchAction\",\"target\":{\"@type\":\"EntryPoint\",\"urlTemplate\":\"https:\/\/potenciaradiofonicadominicana.com\/portal\/?s={search_term_string}\"},\"query-input\":{\"@type\":\"PropertyValueSpecification\",\"valueRequired\":true,\"valueName\":\"search_term_string\"}}],\"inLanguage\":\"es\"},{\"@type\":\"Organization\",\"@id\":\"https:\/\/potenciaradiofonicadominicana.com\/portal\/#organization\",\"name\":\"PotenciaRadiofonicaDominicana.com\",\"url\":\"https:\/\/potenciaradiofonicadominicana.com\/portal\/\",\"logo\":{\"@type\":\"ImageObject\",\"inLanguage\":\"es\",\"@id\":\"https:\/\/potenciaradiofonicadominicana.com\/portal\/#\/schema\/logo\/image\/\",\"url\":\"https:\/\/potenciaradiofonicadominicana.com\/portal\/wp-content\/uploads\/2022\/01\/descarga.png\",\"contentUrl\":\"https:\/\/potenciaradiofonicadominicana.com\/portal\/wp-content\/uploads\/2022\/01\/descarga.png\",\"width\":300,\"height\":100,\"caption\":\"PotenciaRadiofonicaDominicana.com\"},\"image\":{\"@id\":\"https:\/\/potenciaradiofonicadominicana.com\/portal\/#\/schema\/logo\/image\/\"},\"sameAs\":[\"https:\/\/web.facebook.com\/PotenciaRadiofonicaD\"]},{\"@type\":\"Person\",\"@id\":\"https:\/\/potenciaradiofonicadominicana.com\/portal\/#\/schema\/person\/a5cf1fea13877803ee0573ac18b03490\",\"name\":\"Potencia Radiof\u00f3nica Dominicana\",\"image\":{\"@type\":\"ImageObject\",\"inLanguage\":\"es\",\"@id\":\"https:\/\/potenciaradiofonicadominicana.com\/portal\/#\/schema\/person\/image\/\",\"url\":\"https:\/\/secure.gravatar.com\/avatar\/42a55ab9e8ccc656ba34cd791990602a?s=96&d=mm&r=g\",\"contentUrl\":\"https:\/\/secure.gravatar.com\/avatar\/42a55ab9e8ccc656ba34cd791990602a?s=96&d=mm&r=g\",\"caption\":\"Potencia Radiof\u00f3nica Dominicana\"},\"url\":\"https:\/\/potenciaradiofonicadominicana.com\/portal\/author\/johannyalmanzar\/\"}]}<\/script>\n<!-- \/ Yoast SEO plugin. -->","yoast_head_json":{"title":"Cristian Javier atraviesa por mal inicio; luego de la cirug\u00eda no luce igual - PotenciaRadiofonicaDominicana.com","robots":{"index":"index","follow":"follow","max-snippet":"max-snippet:-1","max-image-preview":"max-image-preview:large","max-video-preview":"max-video-preview:-1"},"canonical":"https:\/\/potenciaradiofonicadominicana.com\/portal\/cristian-javier-atraviesa-por-mal-inicio-luego-de-la-cirugia-no-luce-igual\/","og_locale":"es_ES","og_type":"article","og_title":"Cristian Javier atraviesa por mal inicio; luego de la cirug\u00eda no luce igual - PotenciaRadiofonicaDominicana.com","og_description":"El abridor dominicano Cristian Javier, de los Astros, atraviesa por un inicio de temporada complicado, siendo atacado con 12 carreras ...","og_url":"https:\/\/potenciaradiofonicadominicana.com\/portal\/cristian-javier-atraviesa-por-mal-inicio-luego-de-la-cirugia-no-luce-igual\/","og_site_name":"PotenciaRadiofonicaDominicana.com","article_publisher":"https:\/\/web.facebook.com\/PotenciaRadiofonicaD","article_published_time":"2026-04-05T23:19:27+00:00","og_image":[{"width":1140,"height":641,"url":"https:\/\/potenciaradiofonicadominicana.com\/portal\/wp-content\/uploads\/2026\/04\/fb2ff5a1-67a6-498e-ae0f-378efaade727_1140x641.jpg","type":"image\/jpeg"}],"author":"Potencia Radiof\u00f3nica Dominicana","twitter_card":"summary_large_image","twitter_misc":{"Escrito por":"Potencia Radiof\u00f3nica Dominicana","Tiempo de lectura":"3 minutos"},"schema":{"@context":"https:\/\/schema.org","@graph":[{"@type":"Article","@id":"https:\/\/potenciaradiofonicadominicana.com\/portal\/cristian-javier-atraviesa-por-mal-inicio-luego-de-la-cirugia-no-luce-igual\/#article","isPartOf":{"@id":"https:\/\/potenciaradiofonicadominicana.com\/portal\/cristian-javier-atraviesa-por-mal-inicio-luego-de-la-cirugia-no-luce-igual\/"},"author":{"name":"Potencia Radiof\u00f3nica Dominicana","@id":"https:\/\/potenciaradiofonicadominicana.com\/portal\/#\/schema\/person\/a5cf1fea13877803ee0573ac18b03490"},"headline":"Cristian Javier atraviesa por mal inicio; luego de la cirug\u00eda no luce igual","datePublished":"2026-04-05T23:19:27+00:00","mainEntityOfPage":{"@id":"https:\/\/potenciaradiofonicadominicana.com\/portal\/cristian-javier-atraviesa-por-mal-inicio-luego-de-la-cirugia-no-luce-igual\/"},"wordCount":493,"publisher":{"@id":"https:\/\/potenciaradiofonicadominicana.com\/portal\/#organization"},"image":{"@id":"https:\/\/potenciaradiofonicadominicana.com\/portal\/cristian-javier-atraviesa-por-mal-inicio-luego-de-la-cirugia-no-luce-igual\/#primaryimage"},"thumbnailUrl":"https:\/\/potenciaradiofonicadominicana.com\/portal\/wp-content\/uploads\/2026\/04\/fb2ff5a1-67a6-498e-ae0f-378efaade727_1140x641.jpg","articleSection":["Deportes"],"inLanguage":"es"},{"@type":"WebPage","@id":"https:\/\/potenciaradiofonicadominicana.com\/portal\/cristian-javier-atraviesa-por-mal-inicio-luego-de-la-cirugia-no-luce-igual\/","url":"https:\/\/potenciaradiofonicadominicana.com\/portal\/cristian-javier-atraviesa-por-mal-inicio-luego-de-la-cirugia-no-luce-igual\/","name":"Cristian Javier atraviesa por mal inicio; luego de la cirug\u00eda no luce igual - PotenciaRadiofonicaDominicana.com","isPartOf":{"@id":"https:\/\/potenciaradiofonicadominicana.com\/portal\/#website"},"primaryImageOfPage":{"@id":"https:\/\/potenciaradiofonicadominicana.com\/portal\/cristian-javier-atraviesa-por-mal-inicio-luego-de-la-cirugia-no-luce-igual\/#primaryimage"},"image":{"@id":"https:\/\/potenciaradiofonicadominicana.com\/portal\/cristian-javier-atraviesa-por-mal-inicio-luego-de-la-cirugia-no-luce-igual\/#primaryimage"},"thumbnailUrl":"https:\/\/potenciaradiofonicadominicana.com\/portal\/wp-content\/uploads\/2026\/04\/fb2ff5a1-67a6-498e-ae0f-378efaade727_1140x641.jpg","datePublished":"2026-04-05T23:19:27+00:00","breadcrumb":{"@id":"https:\/\/potenciaradiofonicadominicana.com\/portal\/cristian-javier-atraviesa-por-mal-inicio-luego-de-la-cirugia-no-luce-igual\/#breadcrumb"},"inLanguage":"es","potentialAction":[{"@type":"ReadAction","target":["https:\/\/potenciaradiofonicadominicana.com\/portal\/cristian-javier-atraviesa-por-mal-inicio-luego-de-la-cirugia-no-luce-igual\/"]}]},{"@type":"ImageObject","inLanguage":"es","@id":"https:\/\/potenciaradiofonicadominicana.com\/portal\/cristian-javier-atraviesa-por-mal-inicio-luego-de-la-cirugia-no-luce-igual\/#primaryimage","url":"https:\/\/potenciaradiofonicadominicana.com\/portal\/wp-content\/uploads\/2026\/04\/fb2ff5a1-67a6-498e-ae0f-378efaade727_1140x641.jpg","contentUrl":"https:\/\/potenciaradiofonicadominicana.com\/portal\/wp-content\/uploads\/2026\/04\/fb2ff5a1-67a6-498e-ae0f-378efaade727_1140x641.jpg","width":1140,"height":641},{"@type":"BreadcrumbList","@id":"https:\/\/potenciaradiofonicadominicana.com\/portal\/cristian-javier-atraviesa-por-mal-inicio-luego-de-la-cirugia-no-luce-igual\/#breadcrumb","itemListElement":[{"@type":"ListItem","position":1,"name":"Portada","item":"https:\/\/potenciaradiofonicadominicana.com\/portal\/"},{"@type":"ListItem","position":2,"name":"Cristian Javier atraviesa por mal inicio; luego de la cirug\u00eda no luce igual"}]},{"@type":"WebSite","@id":"https:\/\/potenciaradiofonicadominicana.com\/portal\/#website","url":"https:\/\/potenciaradiofonicadominicana.com\/portal\/","name":"PotenciaRadiofonicaDominicana.com","description":"Peri\u00f3dico Digital","publisher":{"@id":"https:\/\/potenciaradiofonicadominicana.com\/portal\/#organization"},"potentialAction":[{"@type":"SearchAction","target":{"@type":"EntryPoint","urlTemplate":"https:\/\/potenciaradiofonicadominicana.com\/portal\/?s={search_term_string}"},"query-input":{"@type":"PropertyValueSpecification","valueRequired":true,"valueName":"search_term_string"}}],"inLanguage":"es"},{"@type":"Organization","@id":"https:\/\/potenciaradiofonicadominicana.com\/portal\/#organization","name":"PotenciaRadiofonicaDominicana.com","url":"https:\/\/potenciaradiofonicadominicana.com\/portal\/","logo":{"@type":"ImageObject","inLanguage":"es","@id":"https:\/\/potenciaradiofonicadominicana.com\/portal\/#\/schema\/logo\/image\/","url":"https:\/\/potenciaradiofonicadominicana.com\/portal\/wp-content\/uploads\/2022\/01\/descarga.png","contentUrl":"https:\/\/potenciaradiofonicadominicana.com\/portal\/wp-content\/uploads\/2022\/01\/descarga.png","width":300,"height":100,"caption":"PotenciaRadiofonicaDominicana.com"},"image":{"@id":"https:\/\/potenciaradiofonicadominicana.com\/portal\/#\/schema\/logo\/image\/"},"sameAs":["https:\/\/web.facebook.com\/PotenciaRadiofonicaD"]},{"@type":"Person","@id":"https:\/\/potenciaradiofonicadominicana.com\/portal\/#\/schema\/person\/a5cf1fea13877803ee0573ac18b03490","name":"Potencia Radiof\u00f3nica Dominicana","image":{"@type":"ImageObject","inLanguage":"es","@id":"https:\/\/potenciaradiofonicadominicana.com\/portal\/#\/schema\/person\/image\/","url":"https:\/\/secure.gravatar.com\/avatar\/42a55ab9e8ccc656ba34cd791990602a?s=96&d=mm&r=g","contentUrl":"https:\/\/secure.gravatar.com\/avatar\/42a55ab9e8ccc656ba34cd791990602a?s=96&d=mm&r=g","caption":"Potencia Radiof\u00f3nica Dominicana"},"url":"https:\/\/potenciaradiofonicadominicana.com\/portal\/author\/johannyalmanzar\/"}]}},"_links":{"self":[{"href":"https:\/\/potenciaradiofonicadominicana.com\/portal\/wp-json\/wp\/v2\/posts\/214198","targetHints":{"allow":["GET"]}}],"collection":[{"href":"https:\/\/potenciaradiofonicadominicana.com\/portal\/wp-json\/wp\/v2\/posts"}],"about":[{"href":"https:\/\/potenciaradiofonicadominicana.com\/portal\/wp-json\/wp\/v2\/types\/post"}],"author":[{"embeddable":true,"href":"https:\/\/potenciaradiofonicadominicana.com\/portal\/wp-json\/wp\/v2\/users\/2"}],"replies":[{"embeddable":true,"href":"https:\/\/potenciaradiofonicadominicana.com\/portal\/wp-json\/wp\/v2\/comments?post=214198"}],"version-history":[{"count":1,"href":"https:\/\/potenciaradiofonicadominicana.com\/portal\/wp-json\/wp\/v2\/posts\/214198\/revisions"}],"predecessor-version":[{"id":214200,"href":"https:\/\/potenciaradiofonicadominicana.com\/portal\/wp-json\/wp\/v2\/posts\/214198\/revisions\/214200"}],"wp:featuredmedia":[{"embeddable":true,"href":"https:\/\/potenciaradiofonicadominicana.com\/portal\/wp-json\/wp\/v2\/media\/214199"}],"wp:attachment":[{"href":"https:\/\/potenciaradiofonicadominicana.com\/portal\/wp-json\/wp\/v2\/media?parent=214198"}],"wp:term":[{"taxonomy":"category","embeddable":true,"href":"https:\/\/potenciaradiofonicadominicana.com\/portal\/wp-json\/wp\/v2\/categories?post=214198"},{"taxonomy":"post_tag","embeddable":true,"href":"https:\/\/potenciaradiofonicadominicana.com\/portal\/wp-json\/wp\/v2\/tags?post=214198"}],"curies":[{"name":"wp","href":"https:\/\/api.w.org\/{rel}","templated":true}]}}